{"id":11241,"date":"2025-11-24T09:00:00","date_gmt":"2025-11-24T08:00:00","guid":{"rendered":"https:\/\/www.bassin-arcachon.com\/?p=11241"},"modified":"2026-01-06T10:40:17","modified_gmt":"2026-01-06T09:40:17","slug":"weihnachtsunterhaltung-darcachon-becken","status":"publish","type":"post","link":"https:\/\/bassin-arcachon.com\/de\/animations-de-noel-bassin-darcachon\/","title":{"rendered":"Der Zauber von Weihnachten auf dem Bassin!"},"content":{"rendered":"<h2 class=\"wp-block-heading\"><span style=\"color: #000000;\">Profitieren Sie auch dieses Jahr von den Weihnachtsm\u00e4rkten und Veranstaltungen im Bassin in Arcachon!<\/span><\/h2>\n\n\n\n<div class=\"wp-block-uagb-container uagb-block-80615034 alignfull uagb-is-root-container\"><div class=\"uagb-container-inner-blocks-wrap\"><\/div><\/div>\n\n\n\n<h2 class=\"wp-block-heading\"><strong>Arcachon<\/strong><\/h2>\n\n\n\n<h3 class=\"wp-block-heading\">Vom 13. Dezember bis zum 4. Januar 2026<strong><br><\/strong><\/h3>\n\n\n\n<div class=\"wp-block-uagb-container uagb-block-0e7dd1fa alignfull uagb-is-root-container\"><div class=\"uagb-container-inner-blocks-wrap\"><\/div><\/div>\n\n\n\n<div class=\"wp-block-uagb-container uagb-block-5fb36a30 alignfull uagb-is-root-container\"><div class=\"uagb-container-inner-blocks-wrap\">\n<p>\u2013 <strong>Samstag, 14. Dezember<\/strong> Treffen Sie sich um 14:30 Uhr am Strand links vom Pier von Thiers zu verschiedenen Aktivit\u00e4ten: Weihnachtsb\u00e4der zugunsten des Spendenmarathons und die Ankunft des Weihnachtsmanns in einem Segelboot. Weihnachtsschwimmen zugunsten des Telethon: Anmeldungen am selben Tag ab 13:30 Uhr links vom Pier von Thiers \u2013 \u00e4rztliches Attest erforderlich.<\/p>\n\n\n\n<p>\u2013 Zauberhaftes Dorf am Place des Marquises: herzhafte und s\u00fc\u00dfe Leckereien, unverzichtbare Weihnachtsgetr\u00e4nke. Verkauf von Weihnachtsb\u00e4umen und Unterhaltung am Nachmittag.&nbsp;<\/p>\n\n\n\n<p>\u2013 Chalet Gourmand am Place Thiers!&nbsp;<\/p>\n\n\n\n<p>\u2013 Der Weihnachtsmann wird jeden Tag zu folgenden Zeiten f\u00fcr eine magische Begegnung anwesend sein: <br>\u2022 <strong>Samstag, 13. Dezember:<\/strong> 15:30 bis 20:00 Uhr<br>\u2022 <strong>Sonntag, 14. Dezember: <\/strong>10:30 bis 12:30 Uhr und 14:00 bis 19:30 Uhr<br>\u2022 <strong>Mittwoch, 17. Dezember:<\/strong> 14:00 bis 19:00 Uhr<br>\u2022 <strong>Vom 20. bis 23. Dezember: <\/strong>10:30 bis 12:30 Uhr und 14:00 bis 19:30 Uhr<br>\u2022 <strong>Dienstag, 24. Dezember:<\/strong> 10:30 bis 12:30 Uhr und 14:00 bis 18:30 Uhr<\/p>\n\n\n\n<p>\u2013 Eine Fackelabfahrt ist ebenfalls geplant am<strong> Samstag, 20. Dezember<\/strong> Abfahrt vom Kiosk im Parc Mauresque um 18:30 Uhr.<\/p>\n\n\n\n<p>\u2013 Shows f\u00fcr alle auf der Place des Marquises, im Olympia, in der Rue Gambetta und der Rue de Lattre de Tassigny, Kunstkurse, Kreativ-Workshops und Karaoke im Maison des Jeunes, Konzerte und Shows im MA.AT und Aiguillon feiert Weihnachten mit dem H\u00e4ndlerverband von Aiguillon!<\/p>\n\n\n\n<p><a href=\"https:\/\/bassin-arcachon.com\/wp-content\/uploads\/2020\/07\/Programme-Noel-2025.pdf\">Mehr Informationen<\/a><\/p>\n<\/div><\/div>\n\n\n\n<div class=\"wp-block-uagb-container uagb-block-0d5cf36a alignfull uagb-is-root-container\"><div class=\"uagb-container-inner-blocks-wrap\">\n<figure class=\"wp-block-image size-large\"><img loading=\"lazy\" decoding=\"async\" width=\"1024\" height=\"512\" src=\"https:\/\/bassin-arcachon.com\/wp-content\/uploads\/2024\/11\/Marche-de-Noel-Arcachon-1024x512.png\" alt=\"- - Bassin d&#039;Arcachon\" class=\"wp-image-190607\" title=\"- - Bassin d&#039;Arcachon\" srcset=\"https:\/\/bassin-arcachon.com\/wp-content\/uploads\/2024\/11\/Marche-de-Noel-Arcachon-1024x512.png 1024w, https:\/\/bassin-arcachon.com\/wp-content\/uploads\/2024\/11\/Marche-de-Noel-Arcachon-600x300.png 600w, https:\/\/bassin-arcachon.com\/wp-content\/uploads\/2024\/11\/Marche-de-Noel-Arcachon-768x384.png 768w, https:\/\/bassin-arcachon.com\/wp-content\/uploads\/2024\/11\/Marche-de-Noel-Arcachon-18x9.png 18w, https:\/\/bassin-arcachon.com\/wp-content\/uploads\/2024\/11\/Marche-de-Noel-Arcachon.png 1400w\" sizes=\"auto, (max-width: 1024px) 100vw, 1024px\" \/><figcaption class=\"wp-element-caption\">\u00a9 Melanny RODRIGUES<\/figcaption><\/figure>\n<\/div><\/div>\n\n\n\n<div class=\"wp-block-uagb-container uagb-block-a6de5d88 alignfull uagb-is-root-container\"><div class=\"uagb-container-inner-blocks-wrap\"><\/div><\/div>\n\n\n\n<hr class=\"wp-block-separator has-alpha-channel-opacity\"\/>\n\n\n\n<div class=\"wp-block-uagb-container uagb-block-2b6886ae alignfull uagb-is-root-container\"><div class=\"uagb-container-inner-blocks-wrap\"><\/div><\/div>\n\n\n\n<h2 class=\"wp-block-heading\"><strong>Buchs Test<\/strong><\/h2>\n\n\n\n<h3 class=\"wp-block-heading\">Vom 13. bis zum 3. Januar 2026<\/h3>\n\n\n\n<div class=\"wp-block-uagb-container uagb-block-f36a6da9 alignfull uagb-is-root-container\"><div class=\"uagb-container-inner-blocks-wrap\"><\/div><\/div>\n\n\n\n<div class=\"wp-block-uagb-container uagb-block-49a377bc alignfull uagb-is-root-container\"><div class=\"uagb-container-inner-blocks-wrap\">\n<p>\u2013 <strong>Weihnachtsdorf: <\/strong>\u00dcber 20 Chalets, in denen Sie originelle Geschenkideen von lokalen Handwerkern und Designern finden, saisonale Spezialit\u00e4ten probieren und gem\u00fctliche Momente bei kulinarischen Gen\u00fcssen erleben k\u00f6nnen.<\/p>\n\n\n\n<p>T\u00e4glich von 14 bis 21 Uhr ge\u00f6ffnet, Place Gambetta \u2013 mit zwei Feuerwerken am 13. Dezember und 3. Januar um 19 Uhr.<\/p>\n\n\n\n<p>\u2013 <strong>Ein neues Programm:<\/strong><br>Sonderveranstaltungen: Kommen Sie am Freitag, den 19. Dezember, zum Mitsingen mit dem Orchester des Konservatoriums.<br><em>Samstags<\/em>, Zeit f\u00fcr DJ-Sets: Le Balap \u00fcbernimmt das Ruder, Denver und Roller Disco mit DJH!<\/p>\n\n\n\n<p>\u2013 Rodelbahn und Rollschuhe.<\/p>\n<\/div><\/div>\n\n\n\n<div class=\"wp-block-uagb-container uagb-block-2ad26803 alignfull uagb-is-root-container\"><div class=\"uagb-container-inner-blocks-wrap\"><\/div><\/div>\n\n\n\n<h3 class=\"wp-block-heading\">Samstag, 13. Dezember 2025<\/h3>\n\n\n\n<div class=\"wp-block-uagb-container uagb-block-9deca75e alignfull uagb-is-root-container\"><div class=\"uagb-container-inner-blocks-wrap\"><\/div><\/div>\n\n\n\n<div class=\"wp-block-uagb-container uagb-block-e0ea06af alignfull uagb-is-root-container\"><div class=\"uagb-container-inner-blocks-wrap\">\n<p>\u2013 Treffpunkt um 14 Uhr im Austernhafen von La Teste: Der Weihnachtsmann kommt mit der Segelf\u00e4hre an und f\u00e4hrt dann in einer Kutsche zum Weihnachtsdorf, begleitet von einer Tanzvorf\u00fchrung der Danza Family!  DJ Set von Balap von 18 bis 22 Uhr zum Auftakt der Feierlichkeiten. Verpassen Sie um 19 Uhr nicht das Feuerwerk, das vom Platz aus zu sehen ist!<\/p>\n\n\n\n<p><a href=\"https:\/\/tourisme-latestedebuch.com\/village-de-noel-2025-la-teste\" target=\"_blank\" rel=\"noopener\">Mehr Informationen <br><\/a><\/p>\n<\/div><\/div>\n\n\n\n<div class=\"wp-block-uagb-container uagb-block-10c7e6ca alignfull uagb-is-root-container\"><div class=\"uagb-container-inner-blocks-wrap\"><\/div><\/div>\n\n\n\n<h2 class=\"wp-block-heading\"><strong>Cazaux<\/strong><\/h2>\n\n\n\n<h3 class=\"wp-block-heading\">29. und 30. November 2025<\/h3>\n\n\n\n<div class=\"wp-block-uagb-container uagb-block-24b89549 alignfull uagb-is-root-container\"><div class=\"uagb-container-inner-blocks-wrap\"><\/div><\/div>\n\n\n\n<div class=\"wp-block-uagb-container uagb-block-fcb5d802 alignfull uagb-is-root-container\"><div class=\"uagb-container-inner-blocks-wrap\">\n<p>Treffpunkt zur 2. Ausgabe des Weihnachtsmarkts von Les Musettes! <\/p>\n\n\n\n<p>Auf dem Programm steht ein (sehr) kulinarischer Markt: <br>\u2022 Feuerstelle, Tartiflette, Waffeln und Kastanien <br>\u2022 St\u00e4nde von Designern <br>\u2022 Kostenlose Konzerte<br>\u2022 Tombola<br>\u2022 Verkauf von Weihnachtsb\u00e4umen<br>\u2022 Flash-Tattoos<br>\u2022 Kostenlose Workshops &amp; Schminken f\u00fcr Kinder. <br><br><strong>Samstag, 29. November:<\/strong><br><br>\u2022 Wahl des h\u00e4sslichsten Weihnachtspullovers: vorherige Anmeldung erforderlich <br><br><strong>Sonntag, 30. November: <\/strong><br><strong><br><\/strong>\u2022 Mobile Karaoke ab 16 Uhr + Weihnachtsbaumwettbewerb: vorherige Anmeldung erforderlich!<strong><br><br><\/strong><br><br><\/p>\n\n\n\n<p><a href=\"https:\/\/www.instagram.com\/_musettes\/?hl=fr\" target=\"_blank\" rel=\"noopener\">Mehr Informationen <\/a><\/p>\n<\/div><\/div>\n\n\n\n<div class=\"wp-block-uagb-container uagb-block-83d4d5bd alignfull uagb-is-root-container\"><div class=\"uagb-container-inner-blocks-wrap\">\n<figure class=\"wp-block-image size-large\"><img loading=\"lazy\" decoding=\"async\" width=\"1024\" height=\"512\" src=\"https:\/\/bassin-arcachon.com\/wp-content\/uploads\/2024\/11\/Marche-de-Noel-de-La-Teste-de-Buch-1024x512.png\" alt=\"- - Bassin d&#039;Arcachon\" class=\"wp-image-190608\" title=\"- - Bassin d&#039;Arcachon\" srcset=\"https:\/\/bassin-arcachon.com\/wp-content\/uploads\/2024\/11\/Marche-de-Noel-de-La-Teste-de-Buch-1024x512.png 1024w, https:\/\/bassin-arcachon.com\/wp-content\/uploads\/2024\/11\/Marche-de-Noel-de-La-Teste-de-Buch-600x300.png 600w, https:\/\/bassin-arcachon.com\/wp-content\/uploads\/2024\/11\/Marche-de-Noel-de-La-Teste-de-Buch-768x384.png 768w, https:\/\/bassin-arcachon.com\/wp-content\/uploads\/2024\/11\/Marche-de-Noel-de-La-Teste-de-Buch-18x9.png 18w, https:\/\/bassin-arcachon.com\/wp-content\/uploads\/2024\/11\/Marche-de-Noel-de-La-Teste-de-Buch.png 1400w\" sizes=\"auto, (max-width: 1024px) 100vw, 1024px\" \/><figcaption class=\"wp-element-caption\">\u00a9 Melanny RODRIGUES<\/figcaption><\/figure>\n<\/div><\/div>\n\n\n\n<div class=\"wp-block-uagb-container uagb-block-1d28124b alignfull uagb-is-root-container\"><div class=\"uagb-container-inner-blocks-wrap\"><\/div><\/div>\n\n\n\n<hr class=\"wp-block-separator has-alpha-channel-opacity\"\/>\n\n\n\n<div class=\"wp-block-uagb-container uagb-block-d5c6989f alignfull uagb-is-root-container\"><div class=\"uagb-container-inner-blocks-wrap\"><\/div><\/div>\n\n\n\n<h2 class=\"wp-block-heading\"><strong>Gujan-Mestras<\/strong><\/h2>\n\n\n\n<h3 class=\"wp-block-heading\">6. und 7. Dezember 2025:&nbsp;<\/h3>\n\n\n\n<div class=\"wp-block-uagb-container uagb-block-de3901d6 alignfull uagb-is-root-container\"><div class=\"uagb-container-inner-blocks-wrap\"><\/div><\/div>\n\n\n\n<div class=\"wp-block-uagb-container uagb-block-77180784 alignfull uagb-is-root-container\"><div class=\"uagb-container-inner-blocks-wrap\">\n<p>Lassen Sie sich vom Zauber der Weihnacht im Herzen des malerischen und symboltr\u00e4chtigen Port de Larros mitrei\u00dfen.<br>\u00dcber 50 St\u00e4nde von Handwerkern, Designern und Vereinen, unterhaltsame und kreative Workshops, kulinarische K\u00f6stlichkeiten vor Ort und nat\u00fcrlich ein zauberhaftes Feuerwerk! <br>Informationen und Reservierungen: OCA 06 70 07 00 24 oder commerceartisanat@terraostra.com<\/p>\n\n\n\n<p><a href=\"https:\/\/bassin-arcachon.com\/wp-content\/uploads\/2020\/07\/Programme-Village-de-Noel-2025.pdf\" target=\"_blank\" rel=\"noreferrer noopener\">Mehr Informationen<\/a><\/p>\n<\/div><\/div>\n\n\n\n<div class=\"wp-block-uagb-container uagb-block-eb717ab1 alignfull uagb-is-root-container\"><div class=\"uagb-container-inner-blocks-wrap\">\n<figure class=\"wp-block-image size-large\"><img loading=\"lazy\" decoding=\"async\" width=\"1024\" height=\"512\" src=\"https:\/\/bassin-arcachon.com\/wp-content\/uploads\/2024\/11\/Marche-de-Noel-Gujan-1024x512.png\" alt=\"- - Bassin d&#039;Arcachon\" class=\"wp-image-190609\" title=\"- - Bassin d&#039;Arcachon\" srcset=\"https:\/\/bassin-arcachon.com\/wp-content\/uploads\/2024\/11\/Marche-de-Noel-Gujan-1024x512.png 1024w, https:\/\/bassin-arcachon.com\/wp-content\/uploads\/2024\/11\/Marche-de-Noel-Gujan-600x300.png 600w, https:\/\/bassin-arcachon.com\/wp-content\/uploads\/2024\/11\/Marche-de-Noel-Gujan-768x384.png 768w, https:\/\/bassin-arcachon.com\/wp-content\/uploads\/2024\/11\/Marche-de-Noel-Gujan-18x9.png 18w, https:\/\/bassin-arcachon.com\/wp-content\/uploads\/2024\/11\/Marche-de-Noel-Gujan.png 1400w\" sizes=\"auto, (max-width: 1024px) 100vw, 1024px\" \/><figcaption class=\"wp-element-caption\">\u00a9 Sandra HYGONNENC<\/figcaption><\/figure>\n<\/div><\/div>\n\n\n\n<div class=\"wp-block-uagb-container uagb-block-34dd2fbc alignfull uagb-is-root-container\"><div class=\"uagb-container-inner-blocks-wrap\"><\/div><\/div>\n\n\n\n<hr class=\"wp-block-separator has-alpha-channel-opacity\"\/>\n\n\n\n<div class=\"wp-block-uagb-container uagb-block-df184d38 alignfull uagb-is-root-container\"><div class=\"uagb-container-inner-blocks-wrap\"><\/div><\/div>\n\n\n\n<h2 class=\"wp-block-heading\"><strong>Der Teich<\/strong><\/h2>\n\n\n\n<h3 class=\"wp-block-heading\">13. und 14. Dezember 2025<\/h3>\n\n\n\n<div class=\"wp-block-uagb-container uagb-block-705c6f01 alignfull uagb-is-root-container\"><div class=\"uagb-container-inner-blocks-wrap\"><\/div><\/div>\n\n\n\n<div class=\"wp-block-uagb-container uagb-block-fad6720e alignfull uagb-is-root-container\"><div class=\"uagb-container-inner-blocks-wrap\">\n<p><strong>Samstag, 13. Dezember \u2013 von 10 bis 21 Uhr<\/strong><br><br><strong>10 Uhr<\/strong> \u2013 Er\u00f6ffnung des Dorfes durch den Chor und die fr\u00f6hlichen Stimmen der Kinder aus den Freizeit- und au\u00dferschulischen Einrichtungen der Stadt, die die Magie von Weihnachten zum Klingen bringen werden!<br><br><strong>10:30 bis 16:00 Uhr<\/strong> \u2013 Tauchen Sie ein in \u00abLa Fabrique des Lutins\u00bb, eine Fantasiewelt mit kreativen Animationen, die von den Freizeiteinrichtungen, den au\u00dferschulischen Betreuungsdiensten und dem Espace Jeunes du Teich gestaltet wurden \u2013 \u00d6ffentlicher Saal:<br><br>\u2022 Workshops zur Herstellung von Dekorationen und Holzbrandmalerei durch den Espace Jeunes (Jugendzentrum),<br>\u2022 Schnitzeljagd, m\u00e4rchenhaftes Schminken und Erinnerungsfotos in einer Kulisse, die von den Freizeiteinrichtungen der Stadt gestaltet wurde.,<br>\u2022 Weihnachtsdekorations-Workshop zum Mitnehmen, organisiert von den au\u00dferschulischen Betreuungsdiensten der Stadt,<br>\u2022 Gemeinschafts-Wandbild, gestaltet von den au\u00dferschulischen Betreuungsdiensten der Stadt,<br>\u2022 Bereich f\u00fcr Briefe an den Weihnachtsmann und Leseecke f\u00fcr eine gem\u00fctliche Auszeit, organisiert von den au\u00dferschulischen Betreuungsdiensten der Stadt.<br><br><strong>16 bis 19 Uhr<\/strong> \u2013 Der Weihnachtsmann wird erscheinen, um die Kinder zu treffen und diesen magischen Moment festzuhalten.<br><br><strong>15:30 Uhr<\/strong> \u2013 Wiegen des \u00dcberraschungsgeschenks, gefolgt von der Bekanntgabe des Gewinners um 16:15 Uhr und der \u00dcbergabe des Geschenks durch die B\u00fcrgermeisterin.<br><strong>16:30 Uhr \u2013<\/strong> Gemeinsames Schm\u00fccken des gro\u00dfen Weihnachtsbaums <br><strong>16:50 Uhr \u2013<\/strong> Offizielle Einweihung der Weihnachtsbeleuchtung, ein zauberhafter Moment gemeinsam mit der B\u00fcrgermeisterin. <br><strong>17 Uhr \u2013<\/strong> Musikalische Darbietung durch die Harmonie du Teich.<\/p>\n\n\n\n<p><strong>Sonntag, 14. Dezember \u2013 von 10 bis 19 Uhr<\/strong><br><strong><br>10 bis 19 Uhr \u2013<\/strong> Im \u00f6ffentlichen Saal bietet der Elternverein einen Tag voller unterhaltsamer Aktivit\u00e4ten an:<br><br>\u2022 Make-up-Workshops, Entenangeln, Gru\u00dfkarten basteln,<br>\u2022 Verkauf von Popcorn und Weihnachtsdekorationen, die von den Kindern des Kindergartens Val des Pins gebastelt wurden.<br><br><strong>14 bis 16 Uhr \u2013 <\/strong>Kutschfahrt f\u00fcr einen bezaubernden Ausflug durch das Herz der Stadt. <br><strong>15 bis 18 Uhr \u2013<\/strong> Der Weihnachtsmann wird wieder da sein, um die Kleinen zu erfreuen. <br><strong>19 Uhr \u2013<\/strong> Schlie\u00dfung des Dorfes<\/p>\n\n\n\n<p><strong>Das ganze Wochenende \u00fcber<br><\/strong>\u2022 Kostenloses Karussell f\u00fcr Kinder,<br>\u2022 Hei\u00dfe und kalte Getr\u00e4nke von La P\u2019tite Pinte,<br>\u2022 Verpflegung vor Ort durch das Festkomitee.<br>\u2022 Auf dem Place du Souvenir werden rund zehn begeisterte Aussteller, Handwerker und Designer ihr Know-how und ihre saisonalen Sch\u00e4tze pr\u00e4sentieren. Die ideale Gelegenheit, um einzigartige lokale Geschenke zu finden, die man unter den Weihnachtsbaum legen oder vor Ort genie\u00dfen kann.<\/p>\n\n\n\n<p><a href=\"https:\/\/leteich.fr\/actualite\/village-de-noel-2025-deux-jours-de-feerie-au-teich\/\" target=\"_blank\" rel=\"noopener\">Mehr Informationen<\/a><\/p>\n<\/div><\/div>\n\n\n\n<div class=\"wp-block-uagb-container uagb-block-3c531329 alignfull uagb-is-root-container\"><div class=\"uagb-container-inner-blocks-wrap\">\n<figure class=\"wp-block-image size-large\"><img loading=\"lazy\" decoding=\"async\" width=\"1024\" height=\"512\" src=\"https:\/\/bassin-arcachon.com\/wp-content\/uploads\/2024\/11\/Marche-de-Noel-Le-Teich-1024x512.png\" alt=\"- - Bassin d&#039;Arcachon\" class=\"wp-image-190611\" title=\"- - Bassin d&#039;Arcachon\" srcset=\"https:\/\/bassin-arcachon.com\/wp-content\/uploads\/2024\/11\/Marche-de-Noel-Le-Teich-1024x512.png 1024w, https:\/\/bassin-arcachon.com\/wp-content\/uploads\/2024\/11\/Marche-de-Noel-Le-Teich-600x300.png 600w, https:\/\/bassin-arcachon.com\/wp-content\/uploads\/2024\/11\/Marche-de-Noel-Le-Teich-768x384.png 768w, https:\/\/bassin-arcachon.com\/wp-content\/uploads\/2024\/11\/Marche-de-Noel-Le-Teich-18x9.png 18w, https:\/\/bassin-arcachon.com\/wp-content\/uploads\/2024\/11\/Marche-de-Noel-Le-Teich.png 1400w\" sizes=\"auto, (max-width: 1024px) 100vw, 1024px\" \/><figcaption class=\"wp-element-caption\">\u00a9 Stadt Le Teich<\/figcaption><\/figure>\n<\/div><\/div>\n\n\n\n<div class=\"wp-block-uagb-container uagb-block-232740db alignfull uagb-is-root-container\"><div class=\"uagb-container-inner-blocks-wrap\"><\/div><\/div>\n\n\n\n<hr class=\"wp-block-separator has-alpha-channel-opacity\"\/>\n\n\n\n<div class=\"wp-block-uagb-container uagb-block-8f814d79 alignfull uagb-is-root-container\"><div class=\"uagb-container-inner-blocks-wrap\"><\/div><\/div>\n\n\n\n<h2 class=\"wp-block-heading\"><strong>Biganos<\/strong><\/h2>\n\n\n\n<h3 class=\"wp-block-heading\">Von Freitag, 19. bis Sonntag, 21. Dezember 2025<\/h3>\n\n\n\n<div class=\"wp-block-uagb-container uagb-block-fd3b5696 alignfull uagb-is-root-container\"><div class=\"uagb-container-inner-blocks-wrap\"><\/div><\/div>\n\n\n\n<div class=\"wp-block-uagb-container uagb-block-ba03235b alignfull uagb-is-root-container\"><div class=\"uagb-container-inner-blocks-wrap\">\n<p><strong>Freitag von 16 bis 20 Uhr<br>Samstag von 14 bis 20 Uhr<br>Sonntag von 10 bis 18 Uhr<\/strong><\/p>\n\n\n\n<p>\u2022 Weihnachtsshows und Weihnachtsgeschichten<br>\u2022 Weihnachtschor<br>\u2022 Streifz\u00fcge der leuchtenden Engel und Kobolde<br>\u2022 Kreativ-Workshops f\u00fcr die ganze Familie: Schminken, Frisieren, Weihnachtsdekorationen ...<br>\u2022 Markt f\u00fcr Handwerker und Designer<br>\u2022 Kostenloses Foto mit dem Weihnachtsmann<br>\u2022 Verpflegung vor Ort<\/p>\n\n\n\n<p>Und vom 2. Dezember bis zum 7. Januar findet im Parc Lecoq der Jahrmarkt statt!<\/p>\n\n\n\n<p><a href=\"https:\/\/villedebiganos.fr\/\" target=\"_blank\" rel=\"noopener\">Mehr Informationen <\/a><\/p>\n<\/div><\/div>\n\n\n\n<div class=\"wp-block-uagb-container uagb-block-3aedf957 alignfull uagb-is-root-container\"><div class=\"uagb-container-inner-blocks-wrap\"><\/div><\/div>\n\n\n\n<div class=\"wp-block-uagb-container uagb-block-579a74bd alignfull uagb-is-root-container\"><div class=\"uagb-container-inner-blocks-wrap\">\n<figure class=\"wp-block-image size-large\"><img loading=\"lazy\" decoding=\"async\" width=\"1024\" height=\"512\" src=\"https:\/\/bassin-arcachon.com\/wp-content\/uploads\/2024\/11\/Marche-de-Noel-Biganos-1-1024x512.png\" alt=\"- - Bassin d&#039;Arcachon\" class=\"wp-image-190616\" title=\"- - Bassin d&#039;Arcachon\" srcset=\"https:\/\/bassin-arcachon.com\/wp-content\/uploads\/2024\/11\/Marche-de-Noel-Biganos-1-1024x512.png 1024w, https:\/\/bassin-arcachon.com\/wp-content\/uploads\/2024\/11\/Marche-de-Noel-Biganos-1-600x300.png 600w, https:\/\/bassin-arcachon.com\/wp-content\/uploads\/2024\/11\/Marche-de-Noel-Biganos-1-768x384.png 768w, https:\/\/bassin-arcachon.com\/wp-content\/uploads\/2024\/11\/Marche-de-Noel-Biganos-1-18x9.png 18w, https:\/\/bassin-arcachon.com\/wp-content\/uploads\/2024\/11\/Marche-de-Noel-Biganos-1.png 1400w\" sizes=\"auto, (max-width: 1024px) 100vw, 1024px\" \/><figcaption class=\"wp-element-caption\">\u00a9 Gregory CASSIAU<\/figcaption><\/figure>\n<\/div><\/div>\n\n\n\n<div class=\"wp-block-uagb-container uagb-block-8e1ec355 alignfull uagb-is-root-container\"><div class=\"uagb-container-inner-blocks-wrap\"><\/div><\/div>\n\n\n\n<hr class=\"wp-block-separator has-alpha-channel-opacity\"\/>\n\n\n\n<div class=\"wp-block-uagb-container uagb-block-c3628982 alignfull uagb-is-root-container\"><div class=\"uagb-container-inner-blocks-wrap\"><\/div><\/div>\n\n\n\n<h2 class=\"wp-block-heading\"><strong>Audenge<\/strong><\/h2>\n\n\n\n<h3 class=\"wp-block-heading\">Freitag, 5. Dezember 2025<\/h3>\n\n\n\n<div class=\"wp-block-uagb-container uagb-block-f331dcaf alignfull uagb-is-root-container\"><div class=\"uagb-container-inner-blocks-wrap\"><\/div><\/div>\n\n\n\n<div class=\"wp-block-uagb-container uagb-block-a7106f66 alignfull uagb-is-root-container\"><div class=\"uagb-container-inner-blocks-wrap\">\n<p>\u2013 <strong>Weihnachten in der Blauen H\u00fctte<\/strong>&nbsp;: von 17 bis 19 Uhr im Hafen.&nbsp;<br>\u2022 Magisches Treffen mit dem Weihnachtsmann!<br>\u2022 Ab 18<sup>H<\/sup>&nbsp;: Verpassen Sie nicht die Schlafenszeit des Weihnachtsmanns in der Blauen H\u00fctte, einen einzigartigen Moment, den Sie mit Ihrer Familie erleben k\u00f6nnen!<br>\u2022 20:30 Uhr: <strong>Kirche Saint-Paul <\/strong>vom Instrumentalensemble Bassin<br>\u2013 Vom 6. Dezember bis zum 6. Januar \u00f6ffnet die Werkstatt des Weihnachtsmanns ihre T\u00fcren in der Cabane Bleue.<\/p>\n<\/div><\/div>\n\n\n\n<div class=\"wp-block-uagb-container uagb-block-dce8eccc alignfull uagb-is-root-container\"><div class=\"uagb-container-inner-blocks-wrap\"><\/div><\/div>\n\n\n\n<h3 class=\"wp-block-heading\">Samstag, 6. Dezember 2025<\/h3>\n\n\n\n<div class=\"wp-block-uagb-container uagb-block-b9da4ae7 alignfull uagb-is-root-container\"><div class=\"uagb-container-inner-blocks-wrap\"><\/div><\/div>\n\n\n\n<div class=\"wp-block-uagb-container uagb-block-fcda2b4d alignfull uagb-is-root-container\"><div class=\"uagb-container-inner-blocks-wrap\">\n<p>\u2013 <strong>Weihnachtsmarkt: Von 15 bis 19 Uhr im \u00f6ffentlichen Park<\/strong><br>\u2022 St\u00e4nde und Aussteller: Kunsthandwerk, Designer, Feinschmecker...<br>\u2022 Kostenlos \u2013 Karussell f\u00fcr Kinder und Jugendliche! <br>\u2022 Kostenlos \u2013 Schminkworkshop f\u00fcr Kinder von 15 bis 18 Uhr<br>\u2022 Wanderauff\u00fchrungen zwischen 17 und 19 Uhr<\/p>\n<\/div><\/div>\n\n\n\n<div class=\"wp-block-uagb-container uagb-block-962ac142 alignfull uagb-is-root-container\"><div class=\"uagb-container-inner-blocks-wrap\"><\/div><\/div>\n\n\n\n<h3 class=\"wp-block-heading\">Sonntag, 7. Dezember 2025<\/h3>\n\n\n\n<div class=\"wp-block-uagb-container uagb-block-6927e2bc alignfull uagb-is-root-container\"><div class=\"uagb-container-inner-blocks-wrap\"><\/div><\/div>\n\n\n\n<div class=\"wp-block-uagb-container uagb-block-1afd60e4 alignfull uagb-is-root-container\"><div class=\"uagb-container-inner-blocks-wrap\">\n<p><strong>\u2013 Weihnachtsmarkt: Von 10 bis 18 Uhr im \u00f6ffentlichen Park<\/strong><br>\u2022 St\u00e4nde und Aussteller: Kunsthandwerk, Designer, Feinschmecker...<br>\u2022 Kostenlos \u2013 Karussells f\u00fcr Kinder und Jugendliche! <br>\u2022 Kunst- und Pflanzenworkshops mit Ang\u00e8le Largy von 10:30 bis 12:30 Uhr<br>\u2022 Chor von M\u00e9li-M\u00e9lodie um 12 Uhr<br>\u2022 Stand des Weihnachtsmanns von 14 bis 18 Uhr<br>\u2022 Kostenlos \u2013 Schminkworkshop f\u00fcr Kinder von 14:30 bis 17:30 Uhr <br>\u2022 Kunst- und Pflanzenworkshops mit Ang\u00e8le Largy ab 14:30 Uhr <br>\u2022 Wanderauff\u00fchrungen zwischen 16 und 18 Uhr<\/p>\n\n\n\n<p><a href=\"https:\/\/www.ville-audenge.fr\/agenda\/audenge-fete-noel\/\" target=\"_blank\" rel=\"noreferrer noopener\">Mehr Informationen<\/a><\/p>\n<\/div><\/div>\n\n\n\n<div class=\"wp-block-uagb-container uagb-block-e52a2056 alignfull uagb-is-root-container\"><div class=\"uagb-container-inner-blocks-wrap\">\n<figure class=\"wp-block-image size-large\"><img loading=\"lazy\" decoding=\"async\" width=\"1024\" height=\"512\" src=\"https:\/\/bassin-arcachon.com\/wp-content\/uploads\/2024\/11\/Marche-de-Noel-Audenge-1024x512.png\" alt=\"- - Bassin d&#039;Arcachon\" class=\"wp-image-190618\" title=\"- - Bassin d&#039;Arcachon\" srcset=\"https:\/\/bassin-arcachon.com\/wp-content\/uploads\/2024\/11\/Marche-de-Noel-Audenge-1024x512.png 1024w, https:\/\/bassin-arcachon.com\/wp-content\/uploads\/2024\/11\/Marche-de-Noel-Audenge-600x300.png 600w, https:\/\/bassin-arcachon.com\/wp-content\/uploads\/2024\/11\/Marche-de-Noel-Audenge-768x384.png 768w, https:\/\/bassin-arcachon.com\/wp-content\/uploads\/2024\/11\/Marche-de-Noel-Audenge-18x9.png 18w, https:\/\/bassin-arcachon.com\/wp-content\/uploads\/2024\/11\/Marche-de-Noel-Audenge.png 1400w\" sizes=\"auto, (max-width: 1024px) 100vw, 1024px\" \/><figcaption class=\"wp-element-caption\">\u00a9 Stadt Audenge<\/figcaption><\/figure>\n<\/div><\/div>\n\n\n\n<div class=\"wp-block-uagb-container uagb-block-f8456825 alignfull uagb-is-root-container\"><div class=\"uagb-container-inner-blocks-wrap\"><\/div><\/div>\n\n\n\n<hr class=\"wp-block-separator has-alpha-channel-opacity\"\/>\n\n\n\n<div class=\"wp-block-uagb-container uagb-block-63b49365 alignfull uagb-is-root-container\"><div class=\"uagb-container-inner-blocks-wrap\"><\/div><\/div>\n\n\n\n<h2 class=\"wp-block-heading\"><strong>Lanton<\/strong><\/h2>\n\n\n\n<h3 class=\"wp-block-heading\">19. Dezember und 20. Dezember 2025: <\/h3>\n\n\n\n<div class=\"wp-block-uagb-container uagb-block-e898bc47 alignfull uagb-is-root-container\"><div class=\"uagb-container-inner-blocks-wrap\"><\/div><\/div>\n\n\n\n<div class=\"wp-block-uagb-container uagb-block-3e3072b1 alignfull uagb-is-root-container\"><div class=\"uagb-container-inner-blocks-wrap\">\n<p>\u2013 Weihnachtsmarkt, von 16:30 bis 21:00 Uhr, im Sportkomplex von Cassy:<br><br>Markt mit lokalen Designern, Ausstellern und K\u00fcnstlern. <br><br>ANIMATIONEN:<br>\u2022 Konzert der Freizeitzentren<br>\u2022 Gastronomie \/ Feinschmecker<br>\u2022 Aufblasbare Karussell-Attraktion (kostenpflichtig)<br>\u2022 Pony \/ Schminken (kostenlos)<br>\u2022 Riesige Blase<br>\u2022 Zirkus-Spaziergang<br>\u2022 Maskottchen-Rundgang<br>\u2022 Kino<br>\u2022 Ankunft des Weihnachtsmanns<br>\u2022 Kochworkshop (Samstagnachmittag, Anmeldung erforderlich)<br>\u2022 Konzert der Freizeitzentren<\/p>\n<\/div><\/div>\n\n\n\n<div class=\"wp-block-uagb-container uagb-block-35a65faf alignfull uagb-is-root-container\"><div class=\"uagb-container-inner-blocks-wrap\"><\/div><\/div>\n\n\n\n<div class=\"wp-block-uagb-container uagb-block-642db93f alignfull uagb-is-root-container\"><div class=\"uagb-container-inner-blocks-wrap\">\n<figure class=\"wp-block-image size-large\"><img loading=\"lazy\" decoding=\"async\" width=\"1024\" height=\"512\" src=\"https:\/\/bassin-arcachon.com\/wp-content\/uploads\/2024\/11\/Marche-de-Noel-Lanton-1024x512.png\" alt=\"- - Bassin d&#039;Arcachon\" class=\"wp-image-190622\" title=\"- - Bassin d&#039;Arcachon\" srcset=\"https:\/\/bassin-arcachon.com\/wp-content\/uploads\/2024\/11\/Marche-de-Noel-Lanton-1024x512.png 1024w, https:\/\/bassin-arcachon.com\/wp-content\/uploads\/2024\/11\/Marche-de-Noel-Lanton-600x300.png 600w, https:\/\/bassin-arcachon.com\/wp-content\/uploads\/2024\/11\/Marche-de-Noel-Lanton-768x384.png 768w, https:\/\/bassin-arcachon.com\/wp-content\/uploads\/2024\/11\/Marche-de-Noel-Lanton-18x9.png 18w, https:\/\/bassin-arcachon.com\/wp-content\/uploads\/2024\/11\/Marche-de-Noel-Lanton.png 1400w\" sizes=\"auto, (max-width: 1024px) 100vw, 1024px\" \/><figcaption class=\"wp-element-caption\">\u00a9 AIME Photography<\/figcaption><\/figure>\n<\/div><\/div>\n\n\n\n<div class=\"wp-block-uagb-container uagb-block-e269ec0b alignfull uagb-is-root-container\"><div class=\"uagb-container-inner-blocks-wrap\"><\/div><\/div>\n\n\n\n<hr class=\"wp-block-separator has-alpha-channel-opacity\"\/>\n\n\n\n<div class=\"wp-block-uagb-container uagb-block-9ec5ffb4 alignfull uagb-is-root-container\"><div class=\"uagb-container-inner-blocks-wrap\"><\/div><\/div>\n\n\n\n<h2 class=\"wp-block-heading\" id=\"h-mios\"><strong>Millionen<\/strong><\/h2>\n\n\n\n<h3 class=\"wp-block-heading\">Vom 5. bis 7. Dezember 2025: <\/h3>\n\n\n\n<div class=\"wp-block-uagb-container uagb-block-f411cd3a alignfull uagb-is-root-container\"><div class=\"uagb-container-inner-blocks-wrap\"><\/div><\/div>\n\n\n\n<div class=\"wp-block-uagb-container uagb-block-83572a8e alignfull uagb-is-root-container\"><div class=\"uagb-container-inner-blocks-wrap\">\n<p>\u00d6ffnungszeiten: Freitag<strong> 17:00\u201320:30 Uhr<\/strong> \/ Samstag <strong>10:30\u201321:00 Uhr<\/strong> \/ Sonntag <strong>10:30\u201317:00 Uhr <\/strong><br>\u2013 Ungef\u00e4hr <strong>35 Aussteller<\/strong> : lokales Kunsthandwerk, Delikatessen, Dekorationen, Schmuck, Textilien \u2026 <br>\u2013 Fotos mit dem Weihnachtsmann (1 Foto pro Familie gratis) mit der Fotografin Elsa Ab\u00e9guill\u00e9 <br>\u2013 1 Karussell f\u00fcr die Kleinen: 2 \u20ac pro Fahrt \/ 5 \u20ac f\u00fcr 3 Fahrten <br>\u2013 Kreativworkshops mit dem Fremdenverkehrsamt Die Vereine bieten zahlreiche Veranstaltungen an, um diese drei Tage zu bereichern Ponyreiten (2 \u20ac pro Runde) <br><br><strong>Freitag um 18 Uhr: <\/strong>Ankunft des Weihnachtsmanns <br>\u2013 Spaziergang mit den Lutins Fanfarfadets. <br>Nach dem Lastenfahrrad, dem Motorrad und dem Twizi \u2013 womit wird der Weihnachtsmann dieses Jahr anreisen? <br><br><strong>Samstag:<\/strong> Musikalische Unterhaltung mit der Guinguette de No\u00ebl <br>\u2013 Feuerwerk am Samstag um 19 Uhr <br>\u2013 (Kostenlose) Vorstellungen: Samstag <strong>10 Uhr und 11 Uhr 1<\/strong>5 \u00abGraines de Vie\u00bb (Kollektiv Al\u00e9a) in der Mediathek (3 Monate bis 3 Jahre): Diese Show, die Musik, bildende Kunst und Tanz miteinander verbindet, ist eine Ode an die Natur und die Verbindungen, die uns vereinen. Ein immersives Erlebnis, das die Sinne der Kleinsten wecken soll. Anmeldungen unter 05 56 26 49 10 \/ mediatheque@villemios.fr<br><br><strong>Sonntag :<\/strong> Schminkstand (mit den Clowns St\u00e9thoscopes) <br>\u2013 Weihnachtspl\u00e4tzchen-Wettbewerb (Dekoration und Verkostung): Abgabe der Pl\u00e4tzchen am Sonntag um <strong>11h<\/strong>, Ergebnisse unter <strong>14:30 Uhr<\/strong> <br> \u2013<strong>15 Uhr und 17 Uhr<\/strong> (L\u00e9o, L\u00e9on und der R\u00eavomatik im Festsaal (4 bis 12 Jahre): Die Traum\u00fcberbringer m\u00fcssen mit Hilfe des R\u00eavomatik die F\u00e4den der Tr\u00e4ume an die Sterne h\u00e4ngen. Aber in manchen N\u00e4chten gibt es keine F\u00e4den mehr und somit auch keine Tr\u00e4ume ... Verfolgen Sie ihre Abenteuer, um die \u00fcberraschende, aber auch naheliegende L\u00f6sung zu finden ... Online-Reservierungen unter <a href=\"https:\/\/billetterie.festik.net\/villemios-monspectacle\/product\/leo-leon-et-le-revomatik\" target=\"_blank\" rel=\"noreferrer noopener\">https:\/\/billetterie.festik.net\/villemios-monspectacle\/product\/leo-leon-et-le-revomatik<\/a><\/p>\n\n\n\n<p><a href=\"https:\/\/www.villemios.fr\/village-de-noel-2025\/\" target=\"_blank\" rel=\"noreferrer noopener\">Mehr Informationen<\/a><\/p>\n<\/div><\/div>\n\n\n\n<div class=\"wp-block-uagb-container uagb-block-f47a0868 alignfull uagb-is-root-container\"><div class=\"uagb-container-inner-blocks-wrap\">\n<figure class=\"wp-block-image size-large\"><img loading=\"lazy\" decoding=\"async\" width=\"1024\" height=\"512\" src=\"https:\/\/bassin-arcachon.com\/wp-content\/uploads\/2024\/11\/Marche-de-Noel-Mios-1024x512.png\" alt=\"- - Bassin d&#039;Arcachon\" class=\"wp-image-190623\" title=\"- - Bassin d&#039;Arcachon\" srcset=\"https:\/\/bassin-arcachon.com\/wp-content\/uploads\/2024\/11\/Marche-de-Noel-Mios-1024x512.png 1024w, https:\/\/bassin-arcachon.com\/wp-content\/uploads\/2024\/11\/Marche-de-Noel-Mios-600x300.png 600w, https:\/\/bassin-arcachon.com\/wp-content\/uploads\/2024\/11\/Marche-de-Noel-Mios-768x384.png 768w, https:\/\/bassin-arcachon.com\/wp-content\/uploads\/2024\/11\/Marche-de-Noel-Mios-18x9.png 18w, https:\/\/bassin-arcachon.com\/wp-content\/uploads\/2024\/11\/Marche-de-Noel-Mios.png 1400w\" sizes=\"auto, (max-width: 1024px) 100vw, 1024px\" \/><figcaption class=\"wp-element-caption\">\u00a9 Fremdenverkehrsamt Coeur du Bassin<\/figcaption><\/figure>\n<\/div><\/div>\n\n\n\n<div class=\"wp-block-uagb-container uagb-block-77c0f7c6 alignfull uagb-is-root-container\"><div class=\"uagb-container-inner-blocks-wrap\"><\/div><\/div>\n\n\n\n<hr class=\"wp-block-separator has-alpha-channel-opacity\"\/>\n\n\n\n<div class=\"wp-block-uagb-container uagb-block-01b792d7 alignfull uagb-is-root-container\"><div class=\"uagb-container-inner-blocks-wrap\"><\/div><\/div>\n\n\n\n<h2 class=\"wp-block-heading\"><strong>Marktprime<\/strong><\/h2>\n\n\n\n<h3 class=\"wp-block-heading\">Samstag, 6. Dezember 2025:<\/h3>\n\n\n\n<div class=\"wp-block-uagb-container uagb-block-cf4b6696 alignfull uagb-is-root-container\"><div class=\"uagb-container-inner-blocks-wrap\"><\/div><\/div>\n\n\n\n<div class=\"wp-block-uagb-container uagb-block-7e3f838d alignfull uagb-is-root-container\"><div class=\"uagb-container-inner-blocks-wrap\">\n<p>\u2013 Aufblasbare Rodelbahn von <strong>10 bis 18 Uhr<\/strong> ab 4 Jahren <br>\u2013 Laternenumzug <strong>18 Uhr<\/strong> begleitet von der Banda les Galinettes <br>\u2013 Start der Weihnachtsbeleuchtung der Stadt <br>\u2013 Verkauf von Gegenst\u00e4nden, die von den Kindern der Grundschule von <strong>14 bis 18 Uhr <\/strong><br>\u2013 Den ganzen Tag \u00fcber Verpflegung, Cr\u00eapes, Gl\u00fchwein\u2026 <br>\u2013 Foto vom Weihnachtsmann ab<strong> 17 Uhr<\/strong> <br>\u2013 Schminkstand<\/p>\n<\/div><\/div>\n\n\n\n<div class=\"wp-block-uagb-container uagb-block-0102c34a alignfull uagb-is-root-container\"><div class=\"uagb-container-inner-blocks-wrap\"><\/div><\/div>\n\n\n\n<h3 class=\"wp-block-heading\">Sonntag, 7. Dezember 2025: <\/h3>\n\n\n\n<div class=\"wp-block-uagb-container uagb-block-5766d280 alignfull uagb-is-root-container\"><div class=\"uagb-container-inner-blocks-wrap\"><\/div><\/div>\n\n\n\n<div class=\"wp-block-uagb-container uagb-block-4fba487a alignfull uagb-is-root-container\"><div class=\"uagb-container-inner-blocks-wrap\">\n<p>\u2013 Kostenlose Weihnachtsshow von <strong>15 bis 16 Uhr<\/strong><br>\u2013 Make-up-Stand von <strong>14 bis 18 Uhr <\/strong><br>\u2013 Foto mit dem Weihnachtsmann ab <strong>17 Uhr<\/strong><br>\u2013 Den ganzen Tag \u00fcber Verpflegung, Erfrischungsbar, Cr\u00eapes, Gl\u00fchwein<\/p>\n<\/div><\/div>\n\n\n\n<div class=\"wp-block-uagb-container uagb-block-2124f448 alignfull uagb-is-root-container\"><div class=\"uagb-container-inner-blocks-wrap\"><\/div><\/div>\n\n\n\n<h3 class=\"wp-block-heading\">Sonntag, 14. Dezember 2025: <\/h3>\n\n\n\n<div class=\"wp-block-uagb-container uagb-block-1ab5ef86 alignfull uagb-is-root-container\"><div class=\"uagb-container-inner-blocks-wrap\"><\/div><\/div>\n\n\n\n<div class=\"wp-block-uagb-container uagb-block-820ec89f alignfull uagb-is-root-container\"><div class=\"uagb-container-inner-blocks-wrap\">\n<p>Aus <strong>10 Uhr<\/strong>, Rue Jacques Blieck: Der st\u00e4dtische Markt feiert Weihnachten, Verteilung von Schokolade, Foto mit dem Weihnachtsmann<\/p>\n\n\n\n<p><a href=\"https:\/\/ville-marcheprime.fr\/agenda\/marche-artisanal-de-noel\/\" target=\"_blank\" rel=\"noopener\">Mehr Informationen<\/a><\/p>\n<\/div><\/div>\n\n\n\n<div class=\"wp-block-uagb-container uagb-block-e8b8acd8 alignfull uagb-is-root-container\"><div class=\"uagb-container-inner-blocks-wrap\">\n<figure class=\"wp-block-image size-large\"><img loading=\"lazy\" decoding=\"async\" width=\"1024\" height=\"512\" src=\"https:\/\/bassin-arcachon.com\/wp-content\/uploads\/2024\/11\/Marche-de-Noel-Marcheprime-1024x512.png\" alt=\"- - Bassin d&#039;Arcachon\" class=\"wp-image-190624\" title=\"- - Bassin d&#039;Arcachon\" srcset=\"https:\/\/bassin-arcachon.com\/wp-content\/uploads\/2024\/11\/Marche-de-Noel-Marcheprime-1024x512.png 1024w, https:\/\/bassin-arcachon.com\/wp-content\/uploads\/2024\/11\/Marche-de-Noel-Marcheprime-600x300.png 600w, https:\/\/bassin-arcachon.com\/wp-content\/uploads\/2024\/11\/Marche-de-Noel-Marcheprime-768x384.png 768w, https:\/\/bassin-arcachon.com\/wp-content\/uploads\/2024\/11\/Marche-de-Noel-Marcheprime-18x9.png 18w, https:\/\/bassin-arcachon.com\/wp-content\/uploads\/2024\/11\/Marche-de-Noel-Marcheprime.png 1400w\" sizes=\"auto, (max-width: 1024px) 100vw, 1024px\" \/><figcaption class=\"wp-element-caption\">\u00a9 Fremdenverkehrsamt Coeur du Bassin<\/figcaption><\/figure>\n<\/div><\/div>\n\n\n\n<div class=\"wp-block-uagb-container uagb-block-d4ddd1a6 alignfull uagb-is-root-container\"><div class=\"uagb-container-inner-blocks-wrap\"><\/div><\/div>\n\n\n\n<hr class=\"wp-block-separator has-alpha-channel-opacity\"\/>\n\n\n\n<div class=\"wp-block-uagb-container uagb-block-98d4d53b alignfull uagb-is-root-container\"><div class=\"uagb-container-inner-blocks-wrap\"><\/div><\/div>\n\n\n\n<h2 class=\"wp-block-heading\"><strong>Andersen<\/strong><\/h2>\n\n\n\n<h3 class=\"wp-block-heading\">Vom 20. bis 24. Dezember 2025<\/h3>\n\n\n\n<div class=\"wp-block-uagb-container uagb-block-7bc40b0f alignfull uagb-is-root-container\"><div class=\"uagb-container-inner-blocks-wrap\"><\/div><\/div>\n\n\n\n<div class=\"wp-block-uagb-container uagb-block-c18e52e9 alignfull uagb-is-root-container\"><div class=\"uagb-container-inner-blocks-wrap\">\n<p><strong>Das Weihnachtsdorf im Jardin Louis David <\/strong><br>\u2013 Gourmet- und Handwerksh\u00fctten: von 11 bis 19 Uhr (bis 21 Uhr am 20. Dezember und bis 17 Uhr am 24. Dezember)<br>\u2013 Abenteuerparcours (ab 5 Jahren), Weihnachtskugeln fischen (2-6 Jahre), Zuckerwatteburg (1-6 Jahre): von 12 bis 18 Uhr frei zug\u00e4nglich (am 24. Dezember bis 17 Uhr)<br>\u2013 Die Welt des Weihnachtsmanns \u2013 Zauberhafte Weihnachtsausstellung: von 11 bis 19 Uhr (am 24. Dezember bis 17 Uhr)<br>\u2013 Treffen mit dem Weihnachtsmann: vom 20. bis 23. Dezember von 15:30 bis 17:30 Uhr und am 24. Dezember von 14:30 bis 16:30 Uhr.<\/p>\n<\/div><\/div>\n\n\n\n<div class=\"wp-block-uagb-container uagb-block-d37c1f1a alignfull uagb-is-root-container\"><div class=\"uagb-container-inner-blocks-wrap\"><\/div><\/div>\n\n\n\n<h3 class=\"wp-block-heading\">Samstag, 20. Dezember 2025<\/h3>\n\n\n\n<div class=\"wp-block-uagb-container uagb-block-b79cd5cc alignfull uagb-is-root-container\"><div class=\"uagb-container-inner-blocks-wrap\"><\/div><\/div>\n\n\n\n<div class=\"wp-block-uagb-container uagb-block-84e8748d alignfull uagb-is-root-container\"><div class=\"uagb-container-inner-blocks-wrap\">\n<p><strong>Im Jardin Louis David <\/strong><br>\u2013 Ein glanzvoller Nachmittag: geheimnisvolle Ankunft des Weihnachtsmanns, gefolgt von einem Imbiss und Erinnerungsfotos. Schminkworkshop in Anwesenheit des Maskottchens Olaf. Z\u00e4rtlichkeit pur mit den Tieren von La Ferme \u00e0 la Plage. Ab 14:30 Uhr.<\/p>\n<\/div><\/div>\n\n\n\n<div class=\"wp-block-uagb-container uagb-block-3bb3e677 alignfull uagb-is-root-container\"><div class=\"uagb-container-inner-blocks-wrap\"><\/div><\/div>\n\n\n\n<h3 class=\"wp-block-heading\">Vom 22. bis 24. und vom 29. bis 31. Dezember 2025<\/h3>\n\n\n\n<div class=\"wp-block-uagb-container uagb-block-fcf50852 alignfull uagb-is-root-container\"><div class=\"uagb-container-inner-blocks-wrap\"><\/div><\/div>\n\n\n\n<div class=\"wp-block-uagb-container uagb-block-cb134268 alignfull uagb-is-root-container\"><div class=\"uagb-container-inner-blocks-wrap\">\n<p>Cap33 und Cap33 Junior (10 bis 14 Jahre) bieten Sport- und Freizeitaktivit\u00e4ten f\u00fcr die ganze Familie oder f\u00fcr Einzelpersonen ab 15 Jahren! <br>Informationen und Anmeldung: 05.56.82.02.87 \/ 06.42.51.54.61<br><br><a href=\"https:\/\/bassin-arcachon.com\/wp-content\/uploads\/2020\/07\/image.png\" target=\"_blank\" rel=\"noreferrer noopener\">Mehr Informationen<\/a><\/p>\n<\/div><\/div>\n\n\n\n<div class=\"wp-block-uagb-container uagb-block-f8e7f1cc alignfull uagb-is-root-container\"><div class=\"uagb-container-inner-blocks-wrap\">\n<figure class=\"wp-block-image size-large\"><img loading=\"lazy\" decoding=\"async\" width=\"1024\" height=\"512\" src=\"https:\/\/bassin-arcachon.com\/wp-content\/uploads\/2024\/11\/Marche-de-Noel-Andernos-1024x512.png\" alt=\"- - Bassin d&#039;Arcachon\" class=\"wp-image-190625\" title=\"- - Bassin d&#039;Arcachon\" srcset=\"https:\/\/bassin-arcachon.com\/wp-content\/uploads\/2024\/11\/Marche-de-Noel-Andernos-1024x512.png 1024w, https:\/\/bassin-arcachon.com\/wp-content\/uploads\/2024\/11\/Marche-de-Noel-Andernos-600x300.png 600w, https:\/\/bassin-arcachon.com\/wp-content\/uploads\/2024\/11\/Marche-de-Noel-Andernos-768x384.png 768w, https:\/\/bassin-arcachon.com\/wp-content\/uploads\/2024\/11\/Marche-de-Noel-Andernos-18x9.png 18w, https:\/\/bassin-arcachon.com\/wp-content\/uploads\/2024\/11\/Marche-de-Noel-Andernos.png 1400w\" sizes=\"auto, (max-width: 1024px) 100vw, 1024px\" \/><figcaption class=\"wp-element-caption\">\u00a9 Stadt Andernos-les-Bains<\/figcaption><\/figure>\n<\/div><\/div>\n\n\n\n<div class=\"wp-block-uagb-container uagb-block-c3763081 alignfull uagb-is-root-container\"><div class=\"uagb-container-inner-blocks-wrap\"><\/div><\/div>\n\n\n\n<hr class=\"wp-block-separator has-alpha-channel-opacity\"\/>\n\n\n\n<div class=\"wp-block-uagb-container uagb-block-1f130bf9 alignfull uagb-is-root-container\"><div class=\"uagb-container-inner-blocks-wrap\"><\/div><\/div>\n\n\n\n<h2 class=\"wp-block-heading\"><strong>Ares<\/strong><\/h2>\n\n\n\n<h3 class=\"wp-block-heading\">Sonntag, 7. Dezember 2025<\/h3>\n\n\n\n<div class=\"wp-block-uagb-container uagb-block-e77b1615 alignfull uagb-is-root-container\"><div class=\"uagb-container-inner-blocks-wrap\"><\/div><\/div>\n\n\n\n<div class=\"wp-block-uagb-container uagb-block-2b5075f7 alignfull uagb-is-root-container\"><div class=\"uagb-container-inner-blocks-wrap\">\n<p>\u2013 Gro\u00dfer Weihnachtsmarkt mit Pr\u00e4sentation und Verkauf von Dekorationsgegenst\u00e4nden aller Art, Schmuck und regionalen Produkten. <br>\u2013 Karussell, Kutschfahrten, Chor, Gesang.<br>\u2013 Auch der Weihnachtsmann wird zur Begr\u00fc\u00dfung der Kinder da sein. Erfrischungsbar und Cr\u00eapes vor Ort. Alles \u00f6ffentlich \u2013 kostenlos<\/p>\n\n\n\n<p><a href=\"https:\/\/www.ares-tourisme.com\/agenda\/fiche-agenda?id=FMAAQU033V51CHIL\" target=\"_blank\" rel=\"noreferrer noopener\">Mehr Informationen<\/a><\/p>\n<\/div><\/div>\n\n\n\n<div class=\"wp-block-uagb-container uagb-block-b275a766 alignfull uagb-is-root-container\"><div class=\"uagb-container-inner-blocks-wrap\"><\/div><\/div>\n\n\n\n<h3 class=\"wp-block-heading\">Sonntag, 14. Dezember 2025<\/h3>\n\n\n\n<div class=\"wp-block-uagb-container uagb-block-86ac0113 alignfull uagb-is-root-container\"><div class=\"uagb-container-inner-blocks-wrap\"><\/div><\/div>\n\n\n\n<div class=\"wp-block-uagb-container uagb-block-055842bf alignfull uagb-is-root-container\"><div class=\"uagb-container-inner-blocks-wrap\">\n<p>\u2013 Weihnachtsmarkt der Handwerker und H\u00e4ndler: Schlendern Sie durch die Stra\u00dfen, probieren Sie K\u00f6stlichkeiten und genie\u00dfen Sie die festliche Atmosph\u00e4re mit dem Weihnachtsmann. Ort: Kirchplatz.<\/p>\n\n\n\n<p>\u2013 Getr\u00e4nke und Speisen vor Ort, Cr\u00eapes zugunsten des Telethons.<\/p>\n\n\n\n<p>\u2013 Weihnachtskonzert zum Thema der 80er Jahre, das den Geist und die unverzichtbaren Rhythmen dieses Jahrzehnts vereint. Ort: Espace Br\u00e9montier.<\/p>\n\n\n\n<p><a href=\"https:\/\/www.ares-tourisme.com\/agenda\/fiche-agenda?id=FMAAQU033V51CHJB\" target=\"_blank\" rel=\"noopener\">Mehr Informationen<\/a><\/p>\n<\/div><\/div>\n\n\n\n<div class=\"wp-block-uagb-container uagb-block-506b14f2 alignfull uagb-is-root-container\"><div class=\"uagb-container-inner-blocks-wrap\"><\/div><\/div>\n\n\n\n<h3 class=\"wp-block-heading\">Dienstag, 16. Dezember 2025<\/h3>\n\n\n\n<div class=\"wp-block-uagb-container uagb-block-367f4098 alignfull uagb-is-root-container\"><div class=\"uagb-container-inner-blocks-wrap\"><\/div><\/div>\n\n\n\n<div class=\"wp-block-uagb-container uagb-block-4fbe633b alignfull uagb-is-root-container\"><div class=\"uagb-container-inner-blocks-wrap\">\n<p>\u2013 Weihnachtsgeschichten: Lassen Sie sich von Wintergeschichten und dem Duft von Aromen von hier und anderswo verzaubern: Gl\u00fchwein und els\u00e4ssische Weihnachtspl\u00e4tzchen. F\u00fcr alle Altersgruppen \u2013 Mitglieder: kostenlos \u2013 Nichtmitglieder: 6 \u20ac Informationen unter 06 08 13 53 70 oder cultureloisirsares@free.fr. Ort: Domaine des Lug\u00e9es, Dorf der Vereine.<br><br><\/p>\n\n\n\n<p><a href=\"https:\/\/www.ares-tourisme.com\/agenda\/fiche-agenda?id=FMAAQU033V51CHJC\" target=\"_blank\" rel=\"noreferrer noopener\">Mehr Informationen<\/a><\/p>\n<\/div><\/div>\n\n\n\n<div class=\"wp-block-uagb-container uagb-block-d4157b99 alignfull uagb-is-root-container\"><div class=\"uagb-container-inner-blocks-wrap\">\n<figure class=\"wp-block-image size-large\"><img loading=\"lazy\" decoding=\"async\" width=\"1024\" height=\"512\" src=\"https:\/\/bassin-arcachon.com\/wp-content\/uploads\/2024\/11\/Design-sans-titre-28-1024x512.png\" alt=\"- - Bassin d&#039;Arcachon\" class=\"wp-image-197088\" title=\"- - Bassin d&#039;Arcachon\" srcset=\"https:\/\/bassin-arcachon.com\/wp-content\/uploads\/2024\/11\/Design-sans-titre-28-1024x512.png 1024w, https:\/\/bassin-arcachon.com\/wp-content\/uploads\/2024\/11\/Design-sans-titre-28-600x300.png 600w, https:\/\/bassin-arcachon.com\/wp-content\/uploads\/2024\/11\/Design-sans-titre-28-768x384.png 768w, https:\/\/bassin-arcachon.com\/wp-content\/uploads\/2024\/11\/Design-sans-titre-28-18x9.png 18w, https:\/\/bassin-arcachon.com\/wp-content\/uploads\/2024\/11\/Design-sans-titre-28.png 1400w\" sizes=\"auto, (max-width: 1024px) 100vw, 1024px\" \/><figcaption class=\"wp-element-caption\">\u00a9 Jacques Rouquette Fremdenverkehrsamt Ar\u00e8s<\/figcaption><\/figure>\n<\/div><\/div>\n\n\n\n<div class=\"wp-block-uagb-container uagb-block-7f8d55e5 alignfull uagb-is-root-container\"><div class=\"uagb-container-inner-blocks-wrap\"><\/div><\/div>\n\n\n\n<hr class=\"wp-block-separator has-alpha-channel-opacity\"\/>\n\n\n\n<div class=\"wp-block-uagb-container uagb-block-8e1f4b73 alignfull uagb-is-root-container\"><div class=\"uagb-container-inner-blocks-wrap\"><\/div><\/div>\n\n\n\n<h2 class=\"wp-block-heading\"><strong>Lege-Cap Frettchen<\/strong><\/h2>\n\n\n\n<h3 class=\"wp-block-heading\">Von Freitag, 12. bis Sonntag, 14. Dezember 2025:<\/h3>\n\n\n\n<div class=\"wp-block-uagb-container uagb-block-36f7ac97 alignfull uagb-is-root-container\"><div class=\"uagb-container-inner-blocks-wrap\"><\/div><\/div>\n\n\n\n<div class=\"wp-block-uagb-container uagb-block-64a737ff alignfull uagb-is-root-container\"><div class=\"uagb-container-inner-blocks-wrap\">\n<p><strong>Avenue des Halles \u2013 Claouey <\/strong><\/p>\n\n\n\n<p>Entdecken Sie das ganze Wochenende \u00fcber von 10 bis 19 Uhr verschiedene Designer, die aufgrund ihrer hochwertigen Produkte ausgew\u00e4hlt wurden. Ideal, um ein ausgefallenes Geschenk f\u00fcr die Weihnachtsfeiertage zu finden.<br>Verpflegung vor Ort mit dem Verein Cap Termer.<\/p>\n\n\n\n<p>Pastille: Einweihung am Freitag, 12. Dezember, um 18 Uhr<\/p>\n<\/div><\/div>\n\n\n\n<div class=\"wp-block-uagb-container uagb-block-38965a45 alignfull uagb-is-root-container\"><div class=\"uagb-container-inner-blocks-wrap\"><\/div><\/div>\n\n\n\n<h3 class=\"wp-block-heading\">Von Freitag, 19. Dezember bis Sonntag, 4. Januar 2026<\/h3>\n\n\n\n<div class=\"wp-block-uagb-container uagb-block-c5ac62e9 alignfull uagb-is-root-container\"><div class=\"uagb-container-inner-blocks-wrap\">\n<p><strong>Weihnachtsdorf<\/strong> vom 19. bis 24. Dezember, von 14:30 bis 18:30 Uhr, <strong>Weihnachtsmarkt<\/strong> vom 19. bis 24. Dezember<\/p>\n\n\n\n<ul class=\"wp-block-list\">\n<li><strong>Karussells&nbsp;<\/strong><\/li>\n<\/ul>\n\n\n\n<p>Vom 19. Dezember bis zum 4. Januar t\u00e4glich* ge\u00f6ffnet von <strong>14:30 bis 18:30 Uhr<\/strong>&nbsp; &nbsp; &nbsp; &nbsp; &nbsp; &nbsp; &nbsp; &nbsp; &nbsp; &nbsp; &nbsp; &nbsp; &nbsp; &nbsp; &nbsp; &nbsp; &nbsp; &nbsp; &nbsp; &nbsp; &nbsp; &nbsp; &nbsp; &nbsp; &nbsp; &nbsp; &nbsp; &nbsp; &nbsp;<br><em>*Am 25. Dezember und 1. Januar geschlossen.<br>Innerhalb der Gemeinde 0,50 Cent pro Runde \u2013 Au\u00dferhalb der Gemeinde 1 \u20ac pro Runde<\/em><\/p>\n\n\n\n<ul class=\"wp-block-list\">\n<li><strong>Imbissbuden und Eisbahn&nbsp;<\/strong><\/li>\n<\/ul>\n\n\n\n<p>Er\u00f6ffnung am Freitag, 19. Dezember, um <strong>17 Uhr<\/strong> ( bis zu<strong> 23 Uhr<\/strong>) \u2013 (Kostenlos am Freitag, den 19. <strong>17 bis 19 Uhr<\/strong>)<br>T\u00e4glich ge\u00f6ffnet von <strong>14:30 bis 18:30 Uhr<\/strong><br>Am 25. Dezember und am 1. Januar <strong>16:00 bis 18:30 Uhr<\/strong><br><strong><em>Thematische Abendveranstaltungen<\/em>&nbsp;<\/strong>: Samstag, 27. Dezember und Samstag, 3. Januar<\/p>\n\n\n\n<p><em>Preis f\u00fcr 30 Minuten Eislaufen: Einwohner: 2 Euro \/ Nicht-Einwohner: 4 Euro<\/em><\/p>\n\n\n\n<h4 class=\"wp-block-heading\"><strong>KOSTENLOSES VERANSTALTUNGSPROGRAMM<\/strong><\/h4>\n\n\n\n<ul class=\"wp-block-list\">\n<li><strong>Freitag, 19. Dezember \u2013 Rathausplatz in L\u00e8ge<br><\/strong><strong><em>Weihnachtsfeier&nbsp;<\/em><\/strong><\/li>\n<\/ul>\n\n\n\n<p><strong>18:30 \u2013 19:15 Uhr <\/strong>: Weihnachts-Tanzauff\u00fchrung des CEAM  (Saal \u201eLa Halle\u201d)<br><strong>19 Uhr<\/strong> : Er\u00f6ffnung des Restaurants<br><strong>20 Uhr<\/strong> : Festliches Konzert mit der Band Notorious<br><strong>21:30 Uhr <\/strong>:  Feuerwerk<\/p>\n\n\n\n<ul class=\"wp-block-list\">\n<li><strong>Samstag, 20. Dezember \u2013&nbsp;<\/strong><strong>Platz vor dem Rathaus in L\u00e8ge<br><\/strong><strong><em>Weihnachtsdorf<\/em><\/strong><\/li>\n<\/ul>\n\n\n\n<p>Aus <strong>14:30 Uhr<\/strong> :&nbsp;<br>Er\u00f6ffnung des Weihnachtsdorfes mit Musikbegleitung durch die Harmonie de L\u00e8ge \u2013 Cap Ferret<br>Make-up-Workshops<br>Kreativ-Workshops zum Thema Weihnachten: Anmeldung vor Ort<br>\u00dcberraschender Besuch des Weihnachtsmanns und Lichterumzug zum Stadion Louis Goubet<\/p>\n\n\n\n<ul class=\"wp-block-list\">\n<li><strong>Sonntag, 21. Dezember<\/strong><\/li>\n<\/ul>\n\n\n\n<p><strong>Cap-Frettchen<br><\/strong>Weihnachten in Cap Ferret<br>Weihnachtsveranstaltungen&nbsp;<br><br><strong>Feuerschiff<br><\/strong>Weihnachten in L\u00e8ge&nbsp;<\/p>\n\n\n\n<p><strong>Kreative Aktivit\u00e4ten, verschiedene Animationen und \u00dcberraschungen w\u00e4hrend der gesamten Weihnachtsferien.<\/strong><\/p>\n\n\n\n<p><a href=\"https:\/\/www.ville-lege-capferret.fr\/agenda\/noel-sur-la-presquile\/\" target=\"_blank\" rel=\"noopener\">Mehr Informationen<\/a><\/p>\n<\/div><\/div>\n\n\n\n<div class=\"wp-block-uagb-container uagb-block-5e3a4489 alignfull uagb-is-root-container\"><div class=\"uagb-container-inner-blocks-wrap\">\n<figure class=\"wp-block-image size-large\"><img loading=\"lazy\" decoding=\"async\" width=\"1024\" height=\"512\" src=\"https:\/\/bassin-arcachon.com\/wp-content\/uploads\/2024\/11\/Marche-de-Noel-Lege-Cap-Ferret-1024x512.png\" alt=\"- - Bassin d&#039;Arcachon\" class=\"wp-image-190629\" title=\"- - Bassin d&#039;Arcachon\" srcset=\"https:\/\/bassin-arcachon.com\/wp-content\/uploads\/2024\/11\/Marche-de-Noel-Lege-Cap-Ferret-1024x512.png 1024w, https:\/\/bassin-arcachon.com\/wp-content\/uploads\/2024\/11\/Marche-de-Noel-Lege-Cap-Ferret-600x300.png 600w, https:\/\/bassin-arcachon.com\/wp-content\/uploads\/2024\/11\/Marche-de-Noel-Lege-Cap-Ferret-768x384.png 768w, https:\/\/bassin-arcachon.com\/wp-content\/uploads\/2024\/11\/Marche-de-Noel-Lege-Cap-Ferret-18x9.png 18w, https:\/\/bassin-arcachon.com\/wp-content\/uploads\/2024\/11\/Marche-de-Noel-Lege-Cap-Ferret.png 1400w\" sizes=\"auto, (max-width: 1024px) 100vw, 1024px\" \/><figcaption class=\"wp-element-caption\">\u00a9 Fremdenverkehrsamt L\u00e8ge-Cap Ferret<\/figcaption><\/figure>\n<\/div><\/div>\n\n\n\n<div class=\"wp-block-uagb-container uagb-block-742a13cc alignfull uagb-is-root-container\"><div class=\"uagb-container-inner-blocks-wrap\"><\/div><\/div>\n\n\n\n<p><\/p>","protected":false},"excerpt":{"rendered":"<p>Cette ann\u00e9e encore, profitez des march\u00e9s et animations de no\u00ebl du Bassin d&rsquo;Arcachon ! Arcachon Du 13 d\u00e9cembre au 4 janvier 2026 &#8211; Samedi 14 d\u00e9cembre \u00e0 14h30 sur la [&hellip;]<\/p>\n","protected":false},"author":12,"featured_media":52692,"comment_status":"open","ping_status":"closed","sticky":false,"template":"","format":"standard","meta":{"_acf_changed":false,"_uag_custom_page_level_css":"","footnotes":""},"categories":[2133,2129],"tags":[463,76,242,267,232],"class_list":["post-11241","post","type-post","status-publish","format-standard","has-post-thumbnail","hentry","category-culture","category-nature-art-de-vivre","tag-animation-noel","tag-bassin-darcachon","tag-hiver","tag-marches-de-noel","tag-noel"],"acf":[],"uagb_featured_image_src":{"full":["https:\/\/bassin-arcachon.com\/wp-content\/uploads\/2022\/10\/marche-noel-arcachon.jpg",1080,1080,false],"thumbnail":["https:\/\/bassin-arcachon.com\/wp-content\/uploads\/2022\/10\/marche-noel-arcachon-150x150.jpg",150,150,true],"medium":["https:\/\/bassin-arcachon.com\/wp-content\/uploads\/2022\/10\/marche-noel-arcachon-600x600.jpg",600,600,true],"medium_large":["https:\/\/bassin-arcachon.com\/wp-content\/uploads\/2022\/10\/marche-noel-arcachon-768x768.jpg",768,768,true],"large":["https:\/\/bassin-arcachon.com\/wp-content\/uploads\/2022\/10\/marche-noel-arcachon-1024x1024.jpg",1024,1024,true],"1536x1536":["https:\/\/bassin-arcachon.com\/wp-content\/uploads\/2022\/10\/marche-noel-arcachon.jpg",1080,1080,false],"2048x2048":["https:\/\/bassin-arcachon.com\/wp-content\/uploads\/2022\/10\/marche-noel-arcachon.jpg",1080,1080,false],"trp-custom-language-flag":["https:\/\/bassin-arcachon.com\/wp-content\/uploads\/2022\/10\/marche-noel-arcachon-12x12.jpg",12,12,true]},"uagb_author_info":{"display_name":"Marine, habitante du Bassin d'Arcachon","author_link":"https:\/\/bassin-arcachon.com\/de\/author\/marinesiba\/"},"uagb_comment_info":0,"uagb_excerpt":"Cette ann\u00e9e encore, profitez des march\u00e9s et animations de no\u00ebl du Bassin d&rsquo;Arcachon ! Arcachon Du 13 d\u00e9cembre au 4 janvier 2026 &#8211; Samedi 14 d\u00e9cembre \u00e0 14h30 sur la [&hellip;]","_links":{"self":[{"href":"https:\/\/bassin-arcachon.com\/de\/wp-json\/wp\/v2\/posts\/11241","targetHints":{"allow":["GET"]}}],"collection":[{"href":"https:\/\/bassin-arcachon.com\/de\/wp-json\/wp\/v2\/posts"}],"about":[{"href":"https:\/\/bassin-arcachon.com\/de\/wp-json\/wp\/v2\/types\/post"}],"author":[{"embeddable":true,"href":"https:\/\/bassin-arcachon.com\/de\/wp-json\/wp\/v2\/users\/12"}],"replies":[{"embeddable":true,"href":"https:\/\/bassin-arcachon.com\/de\/wp-json\/wp\/v2\/comments?post=11241"}],"version-history":[{"count":135,"href":"https:\/\/bassin-arcachon.com\/de\/wp-json\/wp\/v2\/posts\/11241\/revisions"}],"predecessor-version":[{"id":197977,"href":"https:\/\/bassin-arcachon.com\/de\/wp-json\/wp\/v2\/posts\/11241\/revisions\/197977"}],"wp:featuredmedia":[{"embeddable":true,"href":"https:\/\/bassin-arcachon.com\/de\/wp-json\/wp\/v2\/media\/52692"}],"wp:attachment":[{"href":"https:\/\/bassin-arcachon.com\/de\/wp-json\/wp\/v2\/media?parent=11241"}],"wp:term":[{"taxonomy":"category","embeddable":true,"href":"https:\/\/bassin-arcachon.com\/de\/wp-json\/wp\/v2\/categories?post=11241"},{"taxonomy":"post_tag","embeddable":true,"href":"https:\/\/bassin-arcachon.com\/de\/wp-json\/wp\/v2\/tags?post=11241"}],"curies":[{"name":"wp","href":"https:\/\/api.w.org\/{rel}","templated":true}]}}