{"id":122010,"date":"2025-02-17T11:08:06","date_gmt":"2025-02-17T10:08:06","guid":{"rendered":"https:\/\/bassin-arcachon.com\/?p=122010"},"modified":"2026-03-02T13:56:28","modified_gmt":"2026-03-02T12:56:28","slug":"becken-von-arcachon-greift-ein","status":"publish","type":"post","link":"https:\/\/bassin-arcachon.com\/de\/bassin-arcachon-engage\/","title":{"rendered":"Mein Urlaub im Zeichen der Bassin von Arcachon"},"content":{"rendered":"<p><\/p>\n\n\n\n<div class=\"wp-block-uagb-container uagb-block-0385d45b alignfull uagb-is-root-container\"><div class=\"uagb-container-inner-blocks-wrap\">\n<p><strong>Reisen ist gut, aber Reisen, bei dem man sich f\u00fcr die Erhaltung des Reiseziels einsetzt, ist noch besser!<\/strong><\/p>\n\n\n\n<p>M\u00f6chten Sie Ihren Aufenthalt auf der Bassin von Arcachon machen <strong>n\u00fctzlich und bereichernd<\/strong> ? Nehmen Sie teil an<strong>lokale Initiativen, die zum Erhalt dieses einzigartigen Gebiets beitragen.<\/strong> Strandreinigung, Mitmachaktionen f\u00fcr die Umwelt, inspirierende Besuche\u2026 Engagieren Sie sich gemeinsam mit lokalen Fachleuten, <strong>f\u00fcr einen engagierteren Tourismus<\/strong> !<\/p>\n<\/div><\/div>\n\n\n\n<div class=\"wp-block-uagb-container uagb-block-d2d9a113 alignfull uagb-is-root-container\"><div class=\"uagb-container-inner-blocks-wrap\">\n<figure class=\"wp-block-image size-full\"><img loading=\"lazy\" decoding=\"async\" width=\"800\" height=\"400\" src=\"https:\/\/bassin-arcachon.com\/wp-content\/uploads\/2025\/01\/Image-collecte-graine-zosteres-1.png\" alt=\"- - Bassin d&#039;Arcachon\" class=\"wp-image-138740\" title=\"- - Bassin d&#039;Arcachon\" srcset=\"https:\/\/bassin-arcachon.com\/wp-content\/uploads\/2025\/01\/Image-collecte-graine-zosteres-1.png 800w, https:\/\/bassin-arcachon.com\/wp-content\/uploads\/2025\/01\/Image-collecte-graine-zosteres-1-600x300.png 600w, https:\/\/bassin-arcachon.com\/wp-content\/uploads\/2025\/01\/Image-collecte-graine-zosteres-1-768x384.png 768w, https:\/\/bassin-arcachon.com\/wp-content\/uploads\/2025\/01\/Image-collecte-graine-zosteres-1-18x9.png 18w\" sizes=\"auto, (max-width: 800px) 100vw, 800px\" \/><figcaption class=\"wp-element-caption\">\u00a9 Bassin Meeresnaturpark Arcachon<\/figcaption><\/figure>\n<\/div><\/div>\n\n\n\n<div class=\"wp-block-uagb-container uagb-block-2cc4b418 alignfull uagb-is-root-container\"><div class=\"uagb-container-inner-blocks-wrap\"><\/div><\/div>\n\n\n\n<hr class=\"wp-block-separator has-alpha-channel-opacity\"\/>\n\n\n\n<div class=\"wp-block-uagb-container uagb-block-70227672 alignfull uagb-is-root-container\"><div class=\"uagb-container-inner-blocks-wrap\"><\/div><\/div>\n\n\n\n<h2 class=\"wp-block-heading\">Konkrete Aktionen f\u00fcr die Natur<\/h2>\n\n\n\n<div class=\"wp-block-uagb-container uagb-block-2921b8b7 alignfull uagb-is-root-container\"><div class=\"uagb-container-inner-blocks-wrap\"><\/div><\/div>\n\n\n\n<div class=\"wp-block-uagb-container uagb-block-f72795d5 alignfull uagb-is-root-container\"><div class=\"uagb-container-inner-blocks-wrap\">\n<p>Das Bassin von Arcachon ist vor allem eine Welt f\u00fcr sich: <strong>durch die Sch\u00f6nheit seiner einzigartigen Landschaften und seiner \u00d6kosysteme, die gesch\u00fctzt werden m\u00fcssen<\/strong>. Mehrere \u00f6ffentliche und private Organisationen arbeiten f\u00fcr das Wohl der Natur des Bassin von Arcachon und <strong>ihre Aktivit\u00e4ten f\u00fcr die \u00d6ffentlichkeit zug\u00e4nglich machen<\/strong> !<\/p>\n\n\n\n<p><strong>Und dabei k\u00f6nnen Sie sich auf unsere Plattform bassinbenevolat.tvba.fr verlassen! <\/strong><\/p>\n<\/div><\/div>\n\n\n\n<div class=\"wp-block-uagb-container uagb-block-e136dbc3 alignfull uagb-is-root-container\"><div class=\"uagb-container-inner-blocks-wrap\"><\/div><\/div>\n\n\n\n<div class=\"wp-block-uagb-container uagb-block-951a0f21 alignfull uagb-is-root-container\"><div class=\"uagb-container-inner-blocks-wrap\">\n<h2 class=\"wp-block-heading\"><a href=\"https:\/\/bassinbenevolat.tvba.fr\/\" target=\"_blank\" rel=\"noopener\">Bassin Freiwilligenarbeit<\/a> was ist das? <\/h2>\n<\/div><\/div>\n\n\n\n<div class=\"wp-block-uagb-container uagb-block-2690512b alignfull uagb-is-root-container\"><div class=\"uagb-container-inner-blocks-wrap\">\n<p>Dies ist DIE Plattform, die es Ihnen erm\u00f6glicht, sich konkret am<strong> Bassin von Arcachon! <\/strong><\/p>\n\n\n\n<p><strong>F\u00fcr Besucher und Einwohner gleicherma\u00dfen<\/strong>, Diese Seite enth\u00e4lt aktuelle und zuk\u00fcnftige Umweltaktionen, f\u00fcr die Freiwillige ben\u00f6tigt werden. <\/p>\n\n\n\n<p>Hier ist <strong>einige Beispiele f\u00fcr Aufgaben <\/strong>zu finden auf der Plattform : <\/p>\n<\/div><\/div>\n\n\n\n<h3 class=\"wp-block-heading\"><strong>1. Str\u00e4nde s\u00e4ubern<\/strong> <\/h3>\n\n\n\n<div class=\"wp-block-uagb-container uagb-block-fb742fa5 alignfull uagb-is-root-container\"><div class=\"uagb-container-inner-blocks-wrap\">\n<p>Nach dem Durchzug der St\u00fcrme, die wir in den letzten Wochen erlebt haben, <strong>werden Strandreinigungen organisiert <\/strong>zu Beginn des Jahres (<em>aber nat\u00fcrlich auch das ganze Jahr \u00fcber<\/em>) !<\/p>\n\n\n\n<p>Viele <a href=\"https:\/\/tvba.fr\/?s=nettoyage+des+plages&amp;id=155144\" target=\"_blank\" rel=\"noopener\"><strong><mark style=\"background-color:rgba(0, 0, 0, 0)\" class=\"has-inline-color has-light-green-cyan-color\">An den Str\u00e4nden von Bassin werden Reinigungsaktionen organisiert<\/mark><\/strong><\/a>. Diese geselligen Momente sind auch eine Gelegenheit, Jung und Alt f\u00fcr die Auswirkungen von Abf\u00e4llen auf die Gew\u00e4sser zu sensibilisieren. <strong>Und als Bonus haben Sie die Aussicht!<\/strong> <\/p>\n<\/div><\/div>\n\n\n\n<div class=\"wp-block-uagb-container uagb-block-40b08157 alignfull uagb-is-root-container\"><div class=\"uagb-container-inner-blocks-wrap\">\n<figure class=\"wp-block-image size-full\"><img loading=\"lazy\" decoding=\"async\" width=\"800\" height=\"400\" src=\"https:\/\/bassin-arcachon.com\/wp-content\/uploads\/2025\/01\/Design-sans-titre-2025-01-17T085221.987.png\" alt=\"- - Bassin d&#039;Arcachon\" class=\"wp-image-138741\" title=\"- - Bassin d&#039;Arcachon\" srcset=\"https:\/\/bassin-arcachon.com\/wp-content\/uploads\/2025\/01\/Design-sans-titre-2025-01-17T085221.987.png 800w, https:\/\/bassin-arcachon.com\/wp-content\/uploads\/2025\/01\/Design-sans-titre-2025-01-17T085221.987-600x300.png 600w, https:\/\/bassin-arcachon.com\/wp-content\/uploads\/2025\/01\/Design-sans-titre-2025-01-17T085221.987-768x384.png 768w, https:\/\/bassin-arcachon.com\/wp-content\/uploads\/2025\/01\/Design-sans-titre-2025-01-17T085221.987-18x9.png 18w\" sizes=\"auto, (max-width: 800px) 100vw, 800px\" \/><figcaption class=\"wp-element-caption\">\u00a9 Pyla Parapente &amp; Agence Mar\u00e9e Montante, anl\u00e4sslich der Operation My Bassin, My Action<\/figcaption><\/figure>\n<\/div><\/div>\n\n\n\n<p><\/p>\n\n\n\n<h3 class=\"wp-block-heading\"><strong>2. Seegrassamen auf Bird Island sammeln<\/strong><\/h3>\n\n\n\n<div class=\"wp-block-uagb-container uagb-block-f6c7a865 alignfull uagb-is-root-container\"><div class=\"uagb-container-inner-blocks-wrap\">\n<p><strong>Was sind Seegr\u00e4ser? <\/strong><br>Dies sind Unterwasserpflanzen, die spielen&nbsp;<strong>eine wesentliche Rolle f\u00fcr das Bassin-\u00d6kosystem<\/strong>&nbsp;: sie erh\u00f6hen <strong>Biodiversit\u00e4t<\/strong>, <strong>das Wasser klarer machen<\/strong>, <strong>den Meeresboden stabilisieren<\/strong>, <strong>K\u00fcstenerosion abmildern, gro\u00dfe Mengen Kohlenstoff speichern<\/strong>. Dar\u00fcber hinaus beherbergt das Bassin von Arcachon <strong>die gr\u00f6\u00dfte Zwergseegraswiese Europas<\/strong> ! <\/p>\n\n\n\n<p>Jedes Jahr im Sommer <strong><a href=\"https:\/\/parc-marin-bassin-arcachon.fr\/editorial\/collecte-de-graines-de-zostere-naine\" target=\"_blank\" rel=\"noopener\"><mark style=\"background-color:rgba(0, 0, 0, 0)\" class=\"has-inline-color has-light-green-cyan-color\">Arcachon Bassin Meeresnaturpark<\/mark><\/a><\/strong> ruft Freiwillige auf f\u00fcr <strong>Sammeln von Zwerg-Seegrassamen aus einem gesunden Herbarium<\/strong>. Diese Samen werden <strong>im Fr\u00fchjahr wieder ins Sediment eingebracht<\/strong>, In <strong>Gebiete, die f\u00fcr die R\u00fcckkehr des Seegrases g\u00fcnstig sind.<\/strong> Das Ziel ist <strong>die Besiedlung von Gebieten, die nicht l\u00e4nger auf nat\u00fcrliche Weise mit Samen versorgt werden, wiederaufzunehmen.<\/strong><\/p>\n<\/div><\/div>\n\n\n\n<div class=\"wp-block-uagb-container uagb-block-b5f71515 alignfull uagb-is-root-container\"><div class=\"uagb-container-inner-blocks-wrap\">\n<figure class=\"wp-block-image size-large\"><img loading=\"lazy\" decoding=\"async\" width=\"1024\" height=\"575\" src=\"https:\/\/bassin-arcachon.com\/wp-content\/uploads\/2025\/01\/zosteres-1024x575.png\" alt=\"- - Bassin d&#039;Arcachon\" class=\"wp-image-137969\" title=\"- - Bassin d&#039;Arcachon\" srcset=\"https:\/\/bassin-arcachon.com\/wp-content\/uploads\/2025\/01\/zosteres-1024x575.png 1024w, https:\/\/bassin-arcachon.com\/wp-content\/uploads\/2025\/01\/zosteres-600x337.png 600w, https:\/\/bassin-arcachon.com\/wp-content\/uploads\/2025\/01\/zosteres-768x431.png 768w, https:\/\/bassin-arcachon.com\/wp-content\/uploads\/2025\/01\/zosteres-1536x863.png 1536w, https:\/\/bassin-arcachon.com\/wp-content\/uploads\/2025\/01\/zosteres-18x10.png 18w, https:\/\/bassin-arcachon.com\/wp-content\/uploads\/2025\/01\/zosteres.png 1901w\" sizes=\"auto, (max-width: 1024px) 100vw, 1024px\" \/><figcaption class=\"wp-element-caption\">\u00a9 Bassin Meeresnaturpark Arcachon<\/figcaption><\/figure>\n<\/div><\/div>\n\n\n\n<p><\/p>\n\n\n\n<h3 class=\"wp-block-heading\"><strong>3. Seepferdchen beobachten und sch\u00fctzen<\/strong>...<strong>und die Biodiversit\u00e4t im weiteren Sinne<\/strong><\/h3>\n\n\n\n<div class=\"wp-block-uagb-container uagb-block-09aceaab alignfull uagb-is-root-container\"><div class=\"uagb-container-inner-blocks-wrap\">\n<p>Der Bassin von Arcachon hat eine <strong>gro\u00dfe Vielfalt an Syngnathidae<\/strong>&nbsp;: neun Arten werden dort beobachtet, darunter die <strong>Langschn\u00e4uzige Seepferdchen (<em>Hippocampus guttulatus<\/em>), Kurzschn\u00e4uzige Seepferdchen (<em>Hippocampus Hippocampus<\/em>) und Hornhechte (<em>Seenadeln<\/em>)<\/strong>. Diese Arten verbringen ihr gesamtes Leben dort und gelten daher als Teil des Erbes des Territoriums.<\/p>\n\n\n\n<p>Es handelt sich um empfindliche Arten aufgrund ihrer <strong>geringe Reproduktion, ihre eingeschr\u00e4nkte Mobilit\u00e4t und ihre Habitatabh\u00e4ngigkeit.<\/strong><\/p>\n\n\n\n<p>das <a href=\"https:\/\/parc-marin-bassin-arcachon.fr\/actualites\/observation-participative-des-hippocampes-dans-le-bassin-darcachon\" target=\"_blank\" rel=\"noopener\"><strong><mark style=\"background-color:rgba(0, 0, 0, 0)\" class=\"has-inline-color has-light-green-cyan-color\">Arcachon Bassin Meeresnaturpark<\/mark><\/strong><\/a>in Partnerschaft mit der<strong>Partizipatives Observatorium der Biodiversit\u00e4t<\/strong>, organisieren gemeinsam Tauchg\u00e4nge, um die Lebensweise dieser Arten besser zu verstehen und anschlie\u00dfend geeignete Schutzma\u00dfnahmen umzusetzen. Zwischen 2019 und 2021 waren 81 Taucher und 21 Partnerstrukturen an der Operation beteiligt!<\/p>\n\n\n\n<p>Andere Operationen im Zusammenhang mit der Tierwelt werden ebenfalls von der <a href=\"https:\/\/www.lpo.fr\/\" target=\"_blank\" rel=\"noopener\">Liga zum Schutz von V\u00f6geln<\/a>, wie der <strong>Rettung von Wildtieren, Vogelz\u00e4hlung oder \u00d6ko-Freiwilligenarbeit <\/strong>im Gesundheitszentrum das ganze Jahr \u00fcber! <\/p>\n<\/div><\/div>\n\n\n\n<div class=\"wp-block-uagb-container uagb-block-91ebbc2e alignfull uagb-is-root-container\"><div class=\"uagb-container-inner-blocks-wrap\"><\/div><\/div>\n\n\n\n<h3 class=\"wp-block-heading\"><strong>4. Kampf gegen invasive Pflanzen<\/strong><\/h3>\n\n\n\n<div class=\"wp-block-uagb-container uagb-block-e98d17e4 alignfull uagb-is-root-container\"><div class=\"uagb-container-inner-blocks-wrap\">\n<p>Ein perfektes Beispiel <strong>Dass sch\u00f6n nicht immer gut bedeutet: invasive exotische Pflanzen! <\/strong><\/p>\n\n\n\n<p>Auf der Bassin von Arcachon<strong>, unterliegen einige exotische Pflanzen einer besonderen Behandlung durch die <a href=\"https:\/\/www.siba-bassin-arcachon.fr\/plantes-exotiques-envahissantes#:~:text=Fort%20de%20son%20exp%C3%A9rience%20sur,cours%20d&#039;eau%20et%20foss%C3%A9s.\" target=\"_blank\" rel=\"noopener\"><mark style=\"background-color:rgba(0, 0, 0, 0)\" class=\"has-inline-color has-light-green-cyan-color\">SIBA<\/mark><\/a> <\/strong>aufgrund ihrer invasiven Natur:<strong> Dort&nbsp;<em>Englisches Schlickgras<\/em>&nbsp;<\/strong>die dazu neigt, den oberen Teil des Watts massiv zu besiedeln, und bestimmte Wasserarten, die insbesondere in Wasserl\u00e4ufe eindringen<strong>&nbsp;<em>Jussies, Brasilianisches Tausendblatt und Falscher Hahnenfu\u00df Hydrocotyle \u2026<\/em><\/strong><\/p>\n\n\n\n<p>SIBA organisiert Entwurzelungssitzungen in klar definierten Gebieten, <strong>So k\u00f6nnen Sie die Natur entdecken und sich gleichzeitig f\u00fcr den Erhalt von Bassin einsetzen.<\/strong><\/p>\n<\/div><\/div>\n\n\n\n<div class=\"wp-block-uagb-container uagb-block-c8e59089 alignfull uagb-is-root-container\"><div class=\"uagb-container-inner-blocks-wrap\">\n<figure class=\"wp-block-image size-full\"><img loading=\"lazy\" decoding=\"async\" width=\"800\" height=\"400\" src=\"https:\/\/bassin-arcachon.com\/wp-content\/uploads\/2025\/01\/Design-sans-titre-2025-01-17T091123.290.png\" alt=\"- - Bassin d&#039;Arcachon\" class=\"wp-image-138746\" title=\"- - Bassin d&#039;Arcachon\" srcset=\"https:\/\/bassin-arcachon.com\/wp-content\/uploads\/2025\/01\/Design-sans-titre-2025-01-17T091123.290.png 800w, https:\/\/bassin-arcachon.com\/wp-content\/uploads\/2025\/01\/Design-sans-titre-2025-01-17T091123.290-600x300.png 600w, https:\/\/bassin-arcachon.com\/wp-content\/uploads\/2025\/01\/Design-sans-titre-2025-01-17T091123.290-768x384.png 768w, https:\/\/bassin-arcachon.com\/wp-content\/uploads\/2025\/01\/Design-sans-titre-2025-01-17T091123.290-18x9.png 18w\" sizes=\"auto, (max-width: 800px) 100vw, 800px\" \/><\/figure>\n<\/div><\/div>\n\n\n\n<div class=\"wp-block-uagb-container uagb-block-49fa6fc2 alignfull uagb-is-root-container\"><div class=\"uagb-container-inner-blocks-wrap\"><\/div><\/div>\n\n\n\n<h3 class=\"wp-block-heading\"><strong>5. Sammle M\u00fcll vom Flussufer auf<\/strong><\/h3>\n\n\n\n<div class=\"wp-block-uagb-container uagb-block-1cdcfad0 alignfull uagb-is-root-container\"><div class=\"uagb-container-inner-blocks-wrap\"><\/div><\/div>\n\n\n\n<div class=\"wp-block-uagb-container uagb-block-42656d29 alignfull uagb-is-root-container\"><div class=\"uagb-container-inner-blocks-wrap\">\n<p>Die Operation<strong> <a href=\"https:\/\/parc-marin-bassin-arcachon.fr\/editorial\/expedition-terre-meyre\" target=\"_blank\" rel=\"noopener\"><mark style=\"background-color:rgba(0, 0, 0, 0)\" class=\"has-inline-color has-light-green-cyan-color\">Erde m&#039;Eyre<\/mark><\/a><\/strong> ist ein <strong>S\u00e4uberungsexpedition am Eyre River<\/strong>. A<strong> Zwanzig Freiwillige in zwei Teams machten sich daran, M\u00fcll zu sammeln<\/strong> rund um den Wasserlauf und zum Markieren der Position sperriger Gegenst\u00e4nde, die zu gro\u00df f\u00fcr den Transport mit dem Kanu sind. <strong>N\u00e4chster Termin: September 2025! <\/strong><\/p>\n\n\n\n<p><strong>R\u00fcckblick auf die Operation 2024<\/strong><\/p>\n<\/div><\/div>\n\n\n\n<div class=\"wp-block-uagb-container uagb-block-94c3c668 alignfull uagb-is-root-container\"><div class=\"uagb-container-inner-blocks-wrap\">\n<figure class=\"wp-block-embed is-type-video is-provider-youtube wp-block-embed-youtube wp-embed-aspect-16-9 wp-has-aspect-ratio\"><div class=\"wp-block-embed__wrapper\">\n<iframe loading=\"lazy\" title=\"330 kg Abfall in der Leyre gesammelt!\" width=\"500\" height=\"281\" src=\"https:\/\/www.youtube.com\/embed\/Vs9h4g0QcfI?feature=oembed\" frameborder=\"0\" allow=\"accelerometer; autoplay; clipboard-write; encrypted-media; gyroscope; picture-in-picture; web-share\" referrerpolicy=\"strict-origin-when-cross-origin\" allowfullscreen><\/iframe>\n<\/div><\/figure>\n<\/div><\/div>\n\n\n\n<div class=\"wp-block-uagb-container uagb-block-a3635673 alignfull uagb-is-root-container\"><div class=\"uagb-container-inner-blocks-wrap\">\n<p>Weitere Eins\u00e4tze werden das ganze Jahr \u00fcber organisiert, <strong>wie die Aktionen der <a href=\"https:\/\/www.lpo.fr\/\" target=\"_blank\" rel=\"noopener\"><mark style=\"background-color:rgba(0, 0, 0, 0)\" class=\"has-inline-color has-light-green-cyan-color\">LPO<\/mark><\/a> zum Erhalt der heimischen Artenvielfalt! <\/strong><\/p>\n<\/div><\/div>\n\n\n\n<hr class=\"wp-block-separator has-alpha-channel-opacity\"\/>\n\n\n\n<div class=\"wp-block-uagb-container uagb-block-704215f3 alignfull uagb-is-root-container\"><div class=\"uagb-container-inner-blocks-wrap\"><\/div><\/div>\n\n\n\n<h2 class=\"wp-block-heading\">Meine To-Do-Liste f\u00fcr verantwortungsvollen Urlaub<\/h2>\n\n\n\n<div class=\"wp-block-uagb-container uagb-block-dce27368 alignfull uagb-is-root-container\"><div class=\"uagb-container-inner-blocks-wrap\"><\/div><\/div>\n\n\n\n<ul class=\"wp-block-list\">\n<li><strong>Ich benutze <a href=\"https:\/\/parc-marin-bassin-arcachon.fr\/actualites\/des-bacs-maree-pour-les-dechets-echoues\" target=\"_blank\" rel=\"noopener\"><mark style=\"background-color:rgba(0, 0, 0, 0)\" class=\"has-inline-color has-light-green-cyan-color\">Gezeitent\u00fcmpel<\/mark><\/a><\/strong> : Heben Sie bei Ihren Strandspazierg\u00e4ngen den M\u00fcll auf, der angeschwemmt wird.<\/li>\n\n\n\n<li><strong>Ich sch\u00fctze die Artenvielfalt<\/strong> : Wenn Sie ein Wildtier in Not finden, kontaktieren Sie <a href=\"https:\/\/www.lpo.fr\/lpo-locales\/la-lpo-en-nouvelle-aquitaine\/lpo-aquitaine\/pages-lpo-aquitaine\/secourir-un-animal-sauvage-en-detresse\" target=\"_blank\" rel=\"noopener\"><strong><mark style=\"background-color:rgba(0, 0, 0, 0)\" class=\"has-inline-color has-light-green-cyan-color\">das LPO-Pflegezentrum in Audenge.<\/mark><\/strong><\/a><\/li>\n\n\n\n<li><strong>Ich entdecke Naturr\u00e4ume mit denen, die f\u00fcr deren Erhalt sorgen: <\/strong>Entdecken Sie zu Fu\u00df die <strong><a href=\"https:\/\/leteich-ecotourisme.fr\/agenda\/visite-de-la-reserve-ornithologique-et-de-son-delta-a-pied-et-en-canoe\/\" target=\"_blank\" rel=\"noopener\"><mark style=\"background-color:rgba(0, 0, 0, 0)\" class=\"has-inline-color has-light-green-cyan-color\">Vogelschutzgebiet Teich<\/mark><\/a><\/strong>, und kommen Sie in einem gro\u00dfen Sammelkanu zur\u00fcck! <\/li>\n\n\n\n<li><strong>Ich konsumiere<\/strong> <strong>lokal<\/strong> : w\u00e4hrend Ihres Urlaubs und auch danach! Bringen Sie Souvenirs von unseren lokalen Handwerkern mit oder noch besser: stellen Sie Ihre eigenen Souvenirs her in einem unserer <a href=\"https:\/\/bassin-arcachon.com\/de\/es-regnet-kreativ-sein-kochen-und-spas-haben-im-warmen-darcachon-becken\/\"><strong><mark style=\"background-color:rgba(0, 0, 0, 0)\" class=\"has-inline-color has-light-green-cyan-color\">unsere Do It Yourself-Workshops!<\/mark><\/strong><\/a><\/li>\n\n\n\n<li><strong>Ich f\u00f6rdere sanfte und gemeinschaftliche Fortbewegungsmittel: <\/strong>indem Sie unseren Abschnitt konsultieren <a href=\"https:\/\/bassin-arcachon.com\/de\/fahrradpool\/\"><strong><mark style=\"background-color:rgba(0, 0, 0, 0)\" class=\"has-inline-color has-light-green-cyan-color\">\u201eBassin auf dem Fahrrad\u201c<\/mark><\/strong><\/a>, die \u00fcber 330 km Radwege werden keine Geheimnisse mehr f\u00fcr Sie bergen! Und f\u00fcr andere Transportmittel kontaktieren Sie uns bitte per <strong><a href=\"https:\/\/bassin-arcachon.com\/de\/bewegen-sie-sich-im-pool\/\"><mark style=\"background-color:rgba(0, 0, 0, 0)\" class=\"has-inline-color has-light-green-cyan-color\">hier<\/mark><\/a><\/strong> !<\/li>\n\n\n\n<li><strong>Ich sch\u00fctze mich selbst und sch\u00fctze gleichzeitig Bassin:<\/strong> wussten Sie? Tragen Sie Sonnenschutzmittel auf<strong> mindestens 20 Minuten vor dem Schwimmen<\/strong> tr\u00e4gt dazu bei, die Auswirkungen von Sonnenschutzmitteln auf unsere Meeres\u00f6kosysteme zu verringern, w\u00e4hrend Sie gesch\u00fctzt bleiben! Mehr Infos von<strong> <a href=\"https:\/\/www.siba-bassin-arcachon.fr\/qualite-de-l-eau\/rempar\/creme-solaire-sensibilisation\" target=\"_blank\" rel=\"noopener\"><mark style=\"background-color:rgba(0, 0, 0, 0)\" class=\"has-inline-color has-light-green-cyan-color\">hier<\/mark><\/a><\/strong>.<\/li>\n<\/ul>\n\n\n\n<div class=\"wp-block-uagb-container uagb-block-8fad6355 alignfull uagb-is-root-container\"><div class=\"uagb-container-inner-blocks-wrap\"><\/div><\/div>\n\n\n\n<hr class=\"wp-block-separator has-alpha-channel-opacity\"\/>\n\n\n\n<div class=\"wp-block-uagb-container uagb-block-fffc453a alignfull uagb-is-root-container\"><div class=\"uagb-container-inner-blocks-wrap\"><\/div><\/div>\n\n\n\n<h2 class=\"wp-block-heading\">Festliche und engagierte Treffen<\/h2>\n\n\n\n<div class=\"wp-block-uagb-container uagb-block-420bf580 alignfull uagb-is-root-container\"><div class=\"uagb-container-inner-blocks-wrap\"><\/div><\/div>\n\n\n\n<ul class=\"wp-block-list\">\n<li><strong><a href=\"https:\/\/bassin-arcachon.com\/de\/tagesordnung-und-ausfluge\/welttag-der-feuchtgebiete\/\"><mark style=\"background-color:rgba(0, 0, 0, 0)\" class=\"has-inline-color has-light-green-cyan-color\">Weltfeuchtgebietstag<\/mark><\/a><\/strong> im Februar: Ein unverzichtbares Ereignis f\u00fcr <strong>Sensibilisierung der \u00d6ffentlichkeit f\u00fcr den Reichtum und die Bedeutung von Feuchtgebieten<\/strong>, die eine entscheidende Rolle f\u00fcr die Artenvielfalt und die Wasserregulierung spielen. Originelle und einfallsreiche Animationen tragen dazu bei, die Aufmerksamkeit aller \u2013 von Jugendlichen bis zu Erwachsenen \u2013 zu erregen und wichtige Botschaften auf unterhaltsame Weise zu vermitteln.<\/li>\n\n\n\n<li><strong><a href=\"https:\/\/www.territoires-sauvages.fr\/\" target=\"_blank\" rel=\"noopener\"><mark style=\"background-color:rgba(0, 0, 0, 0)\" class=\"has-inline-color has-light-green-cyan-color\">Festival der wilden Territorien<\/mark><\/a><\/strong> 3. bis 6. April: Eine 8<sup>t<\/sup>&nbsp;Ausgabe im Zeichen der Luftwelten!<\/li>\n\n\n\n<li><strong><a href=\"https:\/\/parc-marin-bassin-arcachon.fr\/actualites\/fete-de-la-nature-2024-vous-donne-rendez-vous\" target=\"_blank\" rel=\"noopener\"><mark style=\"background-color:rgba(0, 0, 0, 0)\" class=\"has-inline-color has-light-green-cyan-color\">Naturfestival<\/mark><\/a><\/strong> im Mai: Das Naturfestival findet jedes Jahr statt, <strong>5 Tage lang, rund um den Internationalen Tag der Biodiversit\u00e4t am 22. Mai<\/strong>. Auf dem Programm: unterhaltsame und lehrreiche Aktivit\u00e4ten f\u00fcr die ganze Familie.<\/li>\n\n\n\n<li><strong><a href=\"https:\/\/tvba.fr\/nuits-des-etoiles-ou-et-quand-observer-les-perseides\/\" target=\"_blank\" rel=\"noopener\"><mark style=\"background-color:rgba(0, 0, 0, 0)\" class=\"has-inline-color has-light-green-cyan-color\">Nacht der Sterne<\/mark><\/a><\/strong> im August: Ein magischer Abend zur Bewunderung der Perseiden.<\/li>\n\n\n\n<li><strong><a href=\"https:\/\/www.lpo.fr\/lpo-locales\/la-lpo-en-nouvelle-aquitaine\/lpo-aquitaine\/actus-aquitaine\/actus-2024-aquitaine\/vos-rendez-vous-avec-la-bernache\" target=\"_blank\" rel=\"noopener\"><mark style=\"background-color:rgba(0, 0, 0, 0)\" class=\"has-inline-color has-light-green-cyan-color\">Ihre Termine mit der Gans<\/mark><\/a><\/strong> (Oktober bis Dezember): <strong>&nbsp;<\/strong>Die LPO und ihre Partner laden Sie ein, anl\u00e4sslich der Veranstaltung die Ringelg\u00e4nse und die au\u00dfergew\u00f6hnliche Artenvielfalt des Bassin von Arcachon zu entdecken<strong>&nbsp;\u201eIhre Verabredungen mit der Wei\u00dfwangengans\u201c.<\/strong>&nbsp;<\/li>\n<\/ul>\n\n\n\n<div class=\"wp-block-uagb-container uagb-block-171bb7b9 alignfull uagb-is-root-container\"><div class=\"uagb-container-inner-blocks-wrap\"><\/div><\/div>\n\n\n\n<div class=\"wp-block-uagb-container uagb-block-81dd5b66 alignfull uagb-is-root-container\"><div class=\"uagb-container-inner-blocks-wrap\">\n<figure class=\"wp-block-image size-full\"><img loading=\"lazy\" decoding=\"async\" width=\"800\" height=\"400\" src=\"https:\/\/bassin-arcachon.com\/wp-content\/uploads\/2025\/01\/Design-sans-titre-2025-01-17T102708.057.png\" alt=\"- - Bassin d&#039;Arcachon\" class=\"wp-image-138763\" title=\"- - Bassin d&#039;Arcachon\" srcset=\"https:\/\/bassin-arcachon.com\/wp-content\/uploads\/2025\/01\/Design-sans-titre-2025-01-17T102708.057.png 800w, https:\/\/bassin-arcachon.com\/wp-content\/uploads\/2025\/01\/Design-sans-titre-2025-01-17T102708.057-600x300.png 600w, https:\/\/bassin-arcachon.com\/wp-content\/uploads\/2025\/01\/Design-sans-titre-2025-01-17T102708.057-768x384.png 768w, https:\/\/bassin-arcachon.com\/wp-content\/uploads\/2025\/01\/Design-sans-titre-2025-01-17T102708.057-18x9.png 18w\" sizes=\"auto, (max-width: 800px) 100vw, 800px\" \/><figcaption class=\"wp-element-caption\">\u00a9 Charlotte BERTONNEAU<\/figcaption><\/figure>\n<\/div><\/div>\n\n\n\n<div class=\"wp-block-uagb-container uagb-block-7d552567 alignfull uagb-is-root-container\"><div class=\"uagb-container-inner-blocks-wrap\"><\/div><\/div>\n\n\n\n<hr class=\"wp-block-separator has-alpha-channel-opacity\"\/>\n\n\n\n<div class=\"wp-block-uagb-container uagb-block-21377c3c alignfull uagb-is-root-container\"><div class=\"uagb-container-inner-blocks-wrap\"><\/div><\/div>\n\n\n\n<h3 class=\"wp-block-heading\">Um weiter zu gehen<\/h3>\n\n\n\n<div class=\"wp-block-uagb-container uagb-block-fcf59ce9 alignfull uagb-is-root-container\"><div class=\"uagb-container-inner-blocks-wrap\"><\/div><\/div>\n\n\n\n<p>Besuchen Sie unsere Bildungsr\u00e4ume: <\/p>\n\n\n\n<ul class=\"wp-block-list\">\n<li><strong>D\u00fcne von Pilat \u2013 La Teste de Buch: <a href=\"https:\/\/ladunedupilat.com\/\" target=\"_blank\" rel=\"noreferrer noopener\">https:\/\/ladunedupilat.com\/<\/a><\/strong><\/li>\n\n\n\n<li><strong>Austernhaus \u2013 Gujan-Mestras: <a href=\"https:\/\/www.maison-huitre.fr\/\" target=\"_blank\" rel=\"noreferrer noopener\">https:\/\/www.maison-huitre.fr\/<\/a><\/strong><\/li>\n\n\n\n<li><strong>Weingut Certes-Graveyron \u2013 Audenge: <a href=\"https:\/\/www.gironde.fr\/environnement\/decouverte-des-espaces-naturels-de-gironde\/domaine-de-certes-et-graveyron\" target=\"_blank\" rel=\"noreferrer noopener\">https:\/\/www.gironde.fr\/domaine-de-certes-graveyron<\/a><\/strong><\/li>\n\n\n\n<li><strong>Salzwiesenreservat von Ar\u00e8s-L\u00e8ge: <a href=\"https:\/\/www.ofb.gouv.fr\/les-reserves\/la-reserve-naturelle-nationale-des-pres-sales-dares-et-de-lege-cap-ferret\" target=\"_blank\" rel=\"noreferrer noopener\">https:\/\/www.ofb.gouv.fr\/<\/a><\/strong><\/li>\n\n\n\n<li><strong>Vogelschutzgebiet Teich: <a href=\"https:\/\/www.reserve-ornithologique-du-teich.com\/\" target=\"_blank\" rel=\"noopener\">https:\/\/www.reserve-ornithologique-du-teich.com\/<\/a><\/strong><\/li>\n\n\n\n<li><strong>\u00d6komuseum Gardarem \u2013 Lanton: <a href=\"https:\/\/www.gardarem.fr\/\" target=\"_blank\" rel=\"noopener\">https:\/\/www.gardarem.fr\/<\/a><\/strong><\/li>\n\n\n\n<li><strong>Harzsammlerh\u00fctte \u2013 L\u00e8ge-Cap Ferret: <a href=\"https:\/\/captermer.com\/\" target=\"_blank\" rel=\"noopener\">https:\/\/captermer.com\/<\/a><\/strong><\/li>\n\n\n\n<li><strong>Eau&#039;ditorium \u2013 Biganos: <a href=\"https:\/\/www.siba-bassin-arcachon.fr\/eauditorium\" target=\"_blank\" rel=\"noreferrer noopener\">https:\/\/www.siba-bassin-arcachon.fr\/eauditorium<\/a><\/strong><\/li>\n<\/ul>\n\n\n\n<p>Diese Orte sind wie Tore zur Artenvielfalt und zu lokalen Traditionen.<\/p>\n\n\n\n<div class=\"wp-block-uagb-container uagb-block-40bc17ec alignfull uagb-is-root-container\"><div class=\"uagb-container-inner-blocks-wrap\"><\/div><\/div>\n\n\n\n<div class=\"wp-block-uagb-container uagb-block-bdfd0e4e alignfull uagb-is-root-container\"><div class=\"uagb-container-inner-blocks-wrap\">\n<figure class=\"wp-block-image size-full\"><img loading=\"lazy\" decoding=\"async\" width=\"800\" height=\"400\" src=\"https:\/\/bassin-arcachon.com\/wp-content\/uploads\/2025\/01\/Design-sans-titre-2025-01-17T104148.262.png\" alt=\"- - Bassin d&#039;Arcachon\" class=\"wp-image-138766\" title=\"- - Bassin d&#039;Arcachon\" srcset=\"https:\/\/bassin-arcachon.com\/wp-content\/uploads\/2025\/01\/Design-sans-titre-2025-01-17T104148.262.png 800w, https:\/\/bassin-arcachon.com\/wp-content\/uploads\/2025\/01\/Design-sans-titre-2025-01-17T104148.262-600x300.png 600w, https:\/\/bassin-arcachon.com\/wp-content\/uploads\/2025\/01\/Design-sans-titre-2025-01-17T104148.262-768x384.png 768w, https:\/\/bassin-arcachon.com\/wp-content\/uploads\/2025\/01\/Design-sans-titre-2025-01-17T104148.262-18x9.png 18w\" sizes=\"auto, (max-width: 800px) 100vw, 800px\" \/><figcaption class=\"wp-element-caption\">\u00a9 Karine MEDINA<\/figcaption><\/figure>\n<\/div><\/div>\n\n\n\n<hr class=\"wp-block-separator has-alpha-channel-opacity\"\/>\n\n\n\n<div class=\"wp-block-uagb-container uagb-block-9fbdf1ef alignfull uagb-is-root-container\"><div class=\"uagb-container-inner-blocks-wrap\"><\/div><\/div>\n\n\n\n<p>Engagierter Tourismus auf der Bassin von Arcachon ist eine Gelegenheit zu erleben <strong>authentische und unterst\u00fctzende Erfahrungen.<\/strong> Helfen Sie uns, dieses Naturjuwel zu bewahren. <strong>Neue Funktionen kommen bald, bleiben Sie dran!<\/strong><\/p>","protected":false},"excerpt":{"rendered":"<p>Voyager c&rsquo;est bien, mais voyager en s&rsquo;impliquant pour la pr\u00e9servation de la destination : c&rsquo;est encore mieux ! Envie de rendre votre s\u00e9jour sur le Bassin d&rsquo;Arcachon utile et enrichissant [&hellip;]<\/p>\n","protected":false},"author":25,"featured_media":138779,"comment_status":"closed","ping_status":"open","sticky":false,"template":"","format":"standard","meta":{"_acf_changed":false,"_uag_custom_page_level_css":"","footnotes":""},"categories":[2129],"tags":[],"class_list":["post-122010","post","type-post","status-publish","format-standard","has-post-thumbnail","hentry","category-nature-art-de-vivre"],"acf":[],"uagb_featured_image_src":{"full":["https:\/\/bassin-arcachon.com\/wp-content\/uploads\/2025\/01\/Design-sans-titre-2025-01-17T110643.513.png",800,400,false],"thumbnail":["https:\/\/bassin-arcachon.com\/wp-content\/uploads\/2025\/01\/Design-sans-titre-2025-01-17T110643.513-150x150.png",150,150,true],"medium":["https:\/\/bassin-arcachon.com\/wp-content\/uploads\/2025\/01\/Design-sans-titre-2025-01-17T110643.513-600x300.png",600,300,true],"medium_large":["https:\/\/bassin-arcachon.com\/wp-content\/uploads\/2025\/01\/Design-sans-titre-2025-01-17T110643.513-768x384.png",768,384,true],"large":["https:\/\/bassin-arcachon.com\/wp-content\/uploads\/2025\/01\/Design-sans-titre-2025-01-17T110643.513.png",800,400,false],"1536x1536":["https:\/\/bassin-arcachon.com\/wp-content\/uploads\/2025\/01\/Design-sans-titre-2025-01-17T110643.513.png",800,400,false],"2048x2048":["https:\/\/bassin-arcachon.com\/wp-content\/uploads\/2025\/01\/Design-sans-titre-2025-01-17T110643.513.png",800,400,false],"trp-custom-language-flag":["https:\/\/bassin-arcachon.com\/wp-content\/uploads\/2025\/01\/Design-sans-titre-2025-01-17T110643.513-18x9.png",18,9,true]},"uagb_author_info":{"display_name":"Marie Clauzel","author_link":"https:\/\/bassin-arcachon.com\/de\/author\/mariesiba\/"},"uagb_comment_info":0,"uagb_excerpt":"Voyager c&rsquo;est bien, mais voyager en s&rsquo;impliquant pour la pr\u00e9servation de la destination : c&rsquo;est encore mieux ! Envie de rendre votre s\u00e9jour sur le Bassin d&rsquo;Arcachon utile et enrichissant [&hellip;]","_links":{"self":[{"href":"https:\/\/bassin-arcachon.com\/de\/wp-json\/wp\/v2\/posts\/122010","targetHints":{"allow":["GET"]}}],"collection":[{"href":"https:\/\/bassin-arcachon.com\/de\/wp-json\/wp\/v2\/posts"}],"about":[{"href":"https:\/\/bassin-arcachon.com\/de\/wp-json\/wp\/v2\/types\/post"}],"author":[{"embeddable":true,"href":"https:\/\/bassin-arcachon.com\/de\/wp-json\/wp\/v2\/users\/25"}],"replies":[{"embeddable":true,"href":"https:\/\/bassin-arcachon.com\/de\/wp-json\/wp\/v2\/comments?post=122010"}],"version-history":[{"count":63,"href":"https:\/\/bassin-arcachon.com\/de\/wp-json\/wp\/v2\/posts\/122010\/revisions"}],"predecessor-version":[{"id":235498,"href":"https:\/\/bassin-arcachon.com\/de\/wp-json\/wp\/v2\/posts\/122010\/revisions\/235498"}],"wp:featuredmedia":[{"embeddable":true,"href":"https:\/\/bassin-arcachon.com\/de\/wp-json\/wp\/v2\/media\/138779"}],"wp:attachment":[{"href":"https:\/\/bassin-arcachon.com\/de\/wp-json\/wp\/v2\/media?parent=122010"}],"wp:term":[{"taxonomy":"category","embeddable":true,"href":"https:\/\/bassin-arcachon.com\/de\/wp-json\/wp\/v2\/categories?post=122010"},{"taxonomy":"post_tag","embeddable":true,"href":"https:\/\/bassin-arcachon.com\/de\/wp-json\/wp\/v2\/tags?post=122010"}],"curies":[{"name":"wp","href":"https:\/\/api.w.org\/{rel}","templated":true}]}}