{"id":204037,"date":"2026-03-22T13:43:31","date_gmt":"2026-03-22T12:43:31","guid":{"rendered":"https:\/\/bassin-arcachon.com\/?p=204037"},"modified":"2026-04-08T12:09:32","modified_gmt":"2026-04-08T10:09:32","slug":"ihre-herausforderung-fur-diesen-fruhling-ist-die-fahrradtour-um-das-becken","status":"publish","type":"post","link":"https:\/\/bassin-arcachon.com\/de\/votre-defi-pour-ce-pintemps-le-tour-du-bassin-a-velo\/","title":{"rendered":"Ihre Herausforderung in diesem Fr\u00fchling: Die Fahrradtour durch den Bassin"},"content":{"rendered":"<div class=\"wp-block-uagb-container uagb-block-2ea56cdd alignfull uagb-is-root-container\"><div class=\"uagb-container-inner-blocks-wrap\">\n<p>Neue Saison, neue Herausforderungen! Wie w\u00e4re es, wenn Sie sich in diesem Jahr <strong>in einer Tour durch den Bassin...mit dem Fahrrad <\/strong>? 62 km Umfang, aber mehr als 330 km Radwege. Ein ziemlicher Spielplatz f\u00fcr <strong>klein und gro\u00df, zu jeder Jahreszeit<\/strong> !<\/p>\n<\/div><\/div>\n\n\n\n<div class=\"wp-block-uagb-container uagb-block-00fc8886 alignfull uagb-is-root-container\"><div class=\"uagb-container-inner-blocks-wrap\">\n<figure class=\"wp-block-image size-large\"><img loading=\"lazy\" decoding=\"async\" width=\"1024\" height=\"512\" src=\"https:\/\/bassin-arcachon.com\/wp-content\/uploads\/2025\/12\/3-1024x512.png\" alt=\"Drei junge Frauen sitzen bei Ebbe auf einer Bank gegen\u00fcber dem Bassin. Ein wei\u00dfes Fahrrad lehnt an der Bank.\" class=\"wp-image-204041\" title=\"- - Bassin d&#039;Arcachon\" srcset=\"https:\/\/bassin-arcachon.com\/wp-content\/uploads\/2025\/12\/3-1024x512.png 1024w, https:\/\/bassin-arcachon.com\/wp-content\/uploads\/2025\/12\/3-600x300.png 600w, https:\/\/bassin-arcachon.com\/wp-content\/uploads\/2025\/12\/3-768x384.png 768w, https:\/\/bassin-arcachon.com\/wp-content\/uploads\/2025\/12\/3-18x9.png 18w, https:\/\/bassin-arcachon.com\/wp-content\/uploads\/2025\/12\/3.png 1400w\" sizes=\"auto, (max-width: 1024px) 100vw, 1024px\" \/><figcaption class=\"wp-element-caption\"><em>\u00a9<\/em> Agentur Les Conteurs<\/figcaption><\/figure>\n<\/div><\/div>\n\n\n\n<div class=\"wp-block-uagb-container uagb-block-cd85807e alignfull uagb-is-root-container\"><div class=\"uagb-container-inner-blocks-wrap\">\n<h2 class=\"wp-block-heading\">Die Reise gut vorbereiten \ud83d\udcdd.<\/h2>\n<\/div><\/div>\n\n\n\n<div class=\"wp-block-uagb-container uagb-block-04207d0c alignfull uagb-is-root-container\"><div class=\"uagb-container-inner-blocks-wrap\">\n<p>Die Bassin-Tour ist durchaus an einem Tag zu schaffen, sowohl mit dem Handbike f\u00fcr die Sportlicheren als auch mit dem E-Bike. Unser Ratschlag ist jedoch, es etwas lockerer anzugehen und <strong>sich mehrere Tage g\u00f6nnen, um unsere lokalen Sch\u00e4tze in vollen Z\u00fcgen zu genie\u00dfen. <\/strong><\/p>\n\n\n\n<p>Um Ihnen das Leben zu erleichtern, finden Sie hier unseren <strong>checkliste <\/strong>unverzichtbare Dinge zum Mitnehmen :<\/p>\n<\/div><\/div>\n\n\n\n<div class=\"wp-block-uagb-container uagb-block-7b35bdda alignfull uagb-is-root-container\"><div class=\"uagb-container-inner-blocks-wrap\">\n<ul class=\"wp-block-list\">\n<li>Trinkflasche<\/li>\n\n\n\n<li>Dem Wetter angepasste Kleidung (<em>und sie kann sich von einem Moment zum anderen \u00e4ndern, im Rhythmus der Gezeiten!<\/em>)<\/li>\n\n\n\n<li>M\u00fctze, Sonnencreme und Sonnenbrille (<em>immer abh\u00e4ngig vom Wetter<\/em>)<\/li>\n\n\n\n<li>Fahrradtaschen oder geeigneter Rucksack<\/li>\n\n\n\n<li>Ein kleiner Snack, um den Schock zu \u00fcberstehen (<em>oder mehr f\u00fcr diejenigen, die nat\u00fcrlich picknicken wollen<\/em>)<\/li>\n\n\n\n<li>Ihre <strong><a href=\"https:\/\/www.calameo.com\/bassin-arcachon\/read\/000024421306f9920b5fd\" target=\"_blank\" rel=\"noopener\">touristische Karte des Bassin von Arcachon<\/a><\/strong>, abzuholen bei den <strong><a href=\"https:\/\/bassin-arcachon.com\/de\/tourismusburos\/\">Fremdenverkehrs\u00e4mter des Bassin<\/a><\/strong> ! Sie enth\u00e4lt die gesamte <strong>praktische Informatik<\/strong> f\u00fcr Ihren Aufenthalt, insbesondere <strong>die Sehensw\u00fcrdigkeiten, die Sie nicht verpassen sollten<\/strong> ! <\/li>\n\n\n\n<li>(F\u00fcr die Abenteurer unter Ihnen: Vergessen Sie Ihr Reisetagebuch zum Abstempeln nicht! <strong><a href=\"https:\/\/bassin-arcachon.com\/de\/entdecken-sie-die-weltreise-in-80-km\/\">Alle Informationen sind hier zu finden!<\/a><\/strong>)<\/li>\n\n\n\n<li>Und nat\u00fcrlich ... ein Fahrrad! Haben Sie keines zur Verf\u00fcgung? <strong><a href=\"https:\/\/bassin-arcachon.com\/de\/bewegen-sie-sich-im-pool\/fahrradverleih\/\">Kontaktieren Sie einen unserer Vermieter<\/a><\/strong>, In Arcachon gibt es rund um den Bassin jede Menge davon! <\/li>\n<\/ul>\n<\/div><\/div>\n\n\n\n<div class=\"wp-block-uagb-container uagb-block-c64a11e9 alignfull uagb-is-root-container\"><div class=\"uagb-container-inner-blocks-wrap\">\n<figure class=\"wp-block-image size-large\"><img loading=\"lazy\" decoding=\"async\" width=\"1024\" height=\"512\" src=\"https:\/\/bassin-arcachon.com\/wp-content\/uploads\/2025\/12\/3-1-1024x512.png\" alt=\"Die Vorderseite eines Fahrrads im Vordergrund, eine Pinasse im Hintergrund und das Cap Ferret und sein Satz im Hintergrund, verwischt.\" class=\"wp-image-204138\" title=\"- - Bassin d&#039;Arcachon\" srcset=\"https:\/\/bassin-arcachon.com\/wp-content\/uploads\/2025\/12\/3-1-1024x512.png 1024w, https:\/\/bassin-arcachon.com\/wp-content\/uploads\/2025\/12\/3-1-600x300.png 600w, https:\/\/bassin-arcachon.com\/wp-content\/uploads\/2025\/12\/3-1-768x384.png 768w, https:\/\/bassin-arcachon.com\/wp-content\/uploads\/2025\/12\/3-1-18x9.png 18w, https:\/\/bassin-arcachon.com\/wp-content\/uploads\/2025\/12\/3-1.png 1400w\" sizes=\"auto, (max-width: 1024px) 100vw, 1024px\" \/><figcaption class=\"wp-element-caption\"><em>\u00a9<\/em> K\u00e9vin BIETTE<\/figcaption><\/figure>\n<\/div><\/div>\n\n\n\n<div class=\"wp-block-uagb-container uagb-block-8d664c6a alignfull uagb-is-root-container\"><div class=\"uagb-container-inner-blocks-wrap\">\n<h2 class=\"wp-block-heading\">Auf der praktischen Seite sind hier unsere cleveren Tipps:<\/h2>\n<\/div><\/div>\n\n\n\n<div class=\"wp-block-uagb-container uagb-block-c9be3ebc alignfull uagb-is-root-container\"><div class=\"uagb-container-inner-blocks-wrap\">\n<ul class=\"wp-block-list\">\n<li>Wir gehen fr\u00fch los, um zu versuchen, sie <strong>ein Maximum am Morgen<\/strong> ! Der Bassin Nord, insbesondere die Ankunft auf der Halbinsel L\u00e8ge-Cap Ferret oder der Weg zur Dune du Pilat auf dem Bassin S\u00fcd, kann sich als schwierig erweisen. <strong>etwas sportlicher<\/strong>s.<\/li>\n\n\n\n<li>Ich plane meine Fahrt voraus, mit den mir zur Verf\u00fcgung stehenden Hilfsmitteln! <strong>Von Arcachon nach Le Teich<\/strong> (was wir gemeinhin als S\u00fcd Bassin bezeichnen), <strong><a href=\"http:\/\/chrome-extension:\/\/efaidnbmnnnibpcajpcglclefindmkaj\/https:\/\/www.agglo-cobas.fr\/wp-content\/uploads\/2025\/06\/plan-pistes-cyclables-COBAS-2025.pdf\">21 nummerierte und farbige Routen<\/a> <\/strong>erm\u00f6glichen Ihnen eine sichere Fahrt. Von <strong>Biganos nach L\u00e8ge-Cap Ferret<\/strong> (Nord Bassin) wird die V\u00e9lodyss\u00e9e auf 35 km dank eines biolumineszierenden Bodens beleuchtet, wodurch eine<strong> sicheres Roaming 100%<\/strong> sogar in der Nacht!<\/li>\n\n\n\n<li>Man schreibt sich alle praktischen Informationen gut auf, damit man sich beruhigt fortbewegen kann! Alle Informationen im Zusammenhang mit <strong>Selbstbedienungs-Luftpumpen, gesicherte Parkpl\u00e4tze<\/strong> oder <strong>elektrische Ladestationen<\/strong> sind zu finden <strong><a href=\"https:\/\/bassin-arcachon.com\/de\/praktische-informationen-zur-fortbewegung-mit-dem-fahrrad\/\">hier entlang!<\/a><\/strong><\/li>\n\n\n\n<li>Im Sommer immer auf die Sicherheitshinweise achten <strong>bei Waldbrandgefahr<\/strong> ! Alle offiziellen Informationen <strong><a href=\"https:\/\/qr.dfci-aquitaine.fr\/p\/dc7aBiOioS?utm_source=qrcode&amp;utm_medium=link-list&amp;utm_campaign=40434135\" target=\"_blank\" rel=\"noopener\">sind hier zug\u00e4nglich<\/a><\/strong> !<\/li>\n\n\n\n<li>Sie suchen einen <strong>Gastgeber, Vermieter, Restaurantbesitzer, Fremdenverkehrsamt, Besuchsorte und Freizeitaktivit\u00e4ten<\/strong>, Wie sieht es mit der Lage entlang der Radwege aus? Einige unserer Fachleute sind mit einem G\u00fctesiegel ausgezeichnet <strong><a href=\"https:\/\/www.francevelotourisme.com\/accueil-velo\" target=\"_blank\" rel=\"noopener\">\u00ab Accueil V\u00e9lo \u00bb (Empfang des Fahrrads)\u00bb<\/a><\/strong> : sie haben sich f\u00fcr Sie entschieden - <strong>Sie, Ihr Fahrrad, Ihre Satteltaschen... - unter Einhaltung eines Qualit\u00e4tsstandards.<\/strong><\/li>\n\n\n\n<li>Haben Sie auf Ihrer Fahrt eine Panne oder ein technisches Problem? <strong>Unser Kollektiv von Fahrradverleihern steht Ihnen zur Verf\u00fcgung!<\/strong> Kostenlos werden sie alles Notwendige tun, damit Sie ohne \u00c4rger wieder abreisen k\u00f6nnen! <\/li>\n<\/ul>\n<\/div><\/div>\n\n\n\n<div class=\"wp-block-uagb-container uagb-block-003266ad alignfull uagb-is-root-container\"><div class=\"uagb-container-inner-blocks-wrap\">\n<figure class=\"wp-block-image size-large\"><img loading=\"lazy\" decoding=\"async\" width=\"1024\" height=\"512\" src=\"https:\/\/bassin-arcachon.com\/wp-content\/uploads\/2025\/12\/deco-2-3-1024x512.png\" alt=\"Familie f\u00e4hrt mit dem Fahrrad durch den Wald\" class=\"wp-image-204146\" title=\"- - Bassin d&#039;Arcachon\" srcset=\"https:\/\/bassin-arcachon.com\/wp-content\/uploads\/2025\/12\/deco-2-3-1024x512.png 1024w, https:\/\/bassin-arcachon.com\/wp-content\/uploads\/2025\/12\/deco-2-3-600x300.png 600w, https:\/\/bassin-arcachon.com\/wp-content\/uploads\/2025\/12\/deco-2-3-768x384.png 768w, https:\/\/bassin-arcachon.com\/wp-content\/uploads\/2025\/12\/deco-2-3-18x9.png 18w, https:\/\/bassin-arcachon.com\/wp-content\/uploads\/2025\/12\/deco-2-3.png 1400w\" sizes=\"auto, (max-width: 1024px) 100vw, 1024px\" \/><figcaption class=\"wp-element-caption\"><em>\u00a9<\/em> K\u00e9vin BIETTE<\/figcaption><\/figure>\n<\/div><\/div>\n\n\n\n<div class=\"wp-block-uagb-container uagb-block-592062ea alignfull uagb-is-root-container\"><div class=\"uagb-container-inner-blocks-wrap\">\n<h2 class=\"wp-block-heading\">Sind Sie bereit? Auf geht's zur Fahrradtour durch den Bassin!<\/h2>\n<\/div><\/div>\n\n\n\n<div class=\"wp-block-uagb-container uagb-block-ff06fcbf alignfull uagb-is-root-container\"><div class=\"uagb-container-inner-blocks-wrap\">\n<p>Zu diesem Anlass folgen wir <strong>Emmanuelle (genannt Manue) auf ihrer Reise<\/strong>, Sie wurde von ihrer Familie und ihren Freunden umgeben. <strong>Insgesamt: 4 Erwachsene und 5 Kinder <\/strong>(also ja ja, es ist machbar!). Die Zeit von\u2019<strong>ein langes Wochenende<\/strong>, In den <strong>erster Fr\u00fchlingsanfang<\/strong>, Sie sind weg <strong>f\u00fcr ein Abenteuer, ja sogar f\u00fcr ein Epos, werden manche sagen! <\/strong>Sie erz\u00e4hlt uns alles:<\/p>\n<\/div><\/div>\n\n\n\n<div class=\"wp-block-uagb-container uagb-block-1f0a59d4 alignfull uagb-is-root-container\"><div class=\"uagb-container-inner-blocks-wrap\">\n<div class=\"wp-block-uagb-container uagb-block-f4cf4274 alignfull uagb-is-root-container\"><div class=\"uagb-container-inner-blocks-wrap\">\n<h3 class=\"wp-block-heading\">Tag 1: von Andernos, durch das Herz des Bassin, Le Teich bis Gujan-Mestras<\/h3>\n<\/div><\/div>\n<\/div><\/div>\n\n\n\n<div class=\"wp-block-uagb-container uagb-block-ff37dc5b alignfull uagb-is-root-container\"><div class=\"uagb-container-inner-blocks-wrap\">\n<p>&quot;\u00a0<strong>Abfahrt 8h von\u2019<a href=\"https:\/\/www.andernos-tourisme.fr\/\" target=\"_blank\" rel=\"noopener\">Andersen<\/a><\/strong>, <strong>\u00fcberpr\u00fcfte Fahrr\u00e4der, beladene Taschen, \u00fcberdrehte Kinder<\/strong>... und das alles mit einem kleinen Tempo, um die Waden zu w\u00e4rmen, indem man sich <strong><a href=\"https:\/\/www.lavelodyssee.com\/pratique\/incontournables\/le-bassin-d-arcachon\" target=\"_blank\" rel=\"noopener\">die V\u00e9lodyss\u00e9e <\/a><\/strong>! Andere M\u00f6glichkeit: \u00fcber eine Partie <strong><a href=\"https:\/\/www.francevelotourisme.com\/itineraire\/le-tour-de-gironde-a-velo\" target=\"_blank\" rel=\"noopener\">der Tour de Gironde \u00e0 V\u00e9lo<\/a><\/strong>, die durch den Bassin von Ar\u00e8s bis Mios f\u00fchrt!  <\/p>\n\n\n\n<p>Die Strecke ist <strong>schattig<\/strong>, Die <strong>zartes Gr\u00fcn des Fr\u00fchlings<\/strong> bewegt mich immer noch, die Erneuerung ist da. <strong>Kinder treten schnell in die Pedale, die Gro\u00dfen halten Schritt<\/strong> ... bei diesem Tempo werden wir diese Tour des Bassin an einem Tag schaffen! <\/p>\n\n\n\n<p>Um vom Radweg abzuweichen, zweigt man in Audenge ab <strong>zur Kirche, um auf dem Jakobsweg nach Santiago de Compostela zu gehen und den <a href=\"https:\/\/tourisme-coeurdubassin.com\/le-coeur-du-bassin\/nos-communes-au-coeur-du-bassin\/biganos\/\" target=\"_blank\" rel=\"noopener\">Hafen von Biganos<\/a><\/strong>, ...zu den bunten H\u00fctten.<\/p>\n\n\n\n<p>Wir st\u00e4rken uns f\u00fcr die Zeit von\u2019<strong>einen kleinen Snack an den Tischen im Hafen<\/strong> und <strong>man schlie\u00dft die Fahrr\u00e4der an<\/strong> um den Parcours zu absolvieren <strong><a href=\"https:\/\/www.terra-aventura.fr\/\" target=\"_blank\" rel=\"noopener\">Terra-Abenteuer<\/a><\/strong> : Man entspannt die Muskeln und sorgt f\u00fcr Abwechslung! 1 Stunde sp\u00e4ter <strong>Poi'z <\/strong>(<em>kleine Anstecknadeln, die man am Ende seiner Quest finden muss<\/em> Terra Aventura) in der Tasche, packen wir unsere Fahrr\u00e4der wieder ein... Die kleinen Beine werden langsam m\u00fcde, au\u00dfer der J\u00fcngsten, die froh ist, dass sie wieder zur\u00fcck ist. <strong>in seinem Sitz hinter Mama <\/strong>\ud83d\ude42&nbsp;<\/p>\n<\/div><\/div>\n\n\n\n<div class=\"wp-block-uagb-container uagb-block-07000af6 alignfull uagb-is-root-container\"><div class=\"uagb-container-inner-blocks-wrap\">\n<figure class=\"wp-block-image size-large\"><img loading=\"lazy\" decoding=\"async\" width=\"1024\" height=\"512\" src=\"https:\/\/bassin-arcachon.com\/wp-content\/uploads\/2026\/01\/deco-2-4-1024x512.png\" alt=\"Montage aus3 Fotos. Auf dem linken vertikalen v-Foto sind die bunten H\u00fctten am Hafen von Biganos zu sehen. Auf der rechten Seite befindet sich eine Montage aus zwei Fotos. Das erste zeigt ein kleines religi\u00f6ses Denkmal in Le Teich auf dem Jakobsweg, das untere Po\u00ef&#039;z (Kiefern) auf dem Boden.\" class=\"wp-image-212835\" title=\"- - Bassin d&#039;Arcachon\" srcset=\"https:\/\/bassin-arcachon.com\/wp-content\/uploads\/2026\/01\/deco-2-4-1024x512.png 1024w, https:\/\/bassin-arcachon.com\/wp-content\/uploads\/2026\/01\/deco-2-4-600x300.png 600w, https:\/\/bassin-arcachon.com\/wp-content\/uploads\/2026\/01\/deco-2-4-768x384.png 768w, https:\/\/bassin-arcachon.com\/wp-content\/uploads\/2026\/01\/deco-2-4-18x9.png 18w, https:\/\/bassin-arcachon.com\/wp-content\/uploads\/2026\/01\/deco-2-4.png 1400w\" sizes=\"auto, (max-width: 1024px) 100vw, 1024px\" \/><figcaption class=\"wp-element-caption\"><em>\u00a9<\/em> Gr\u00e9gory CASSIAU \/ M\u00e9lanny RODRIGUES \/ David REMAZEILLES<\/figcaption><\/figure>\n<\/div><\/div>\n\n\n\n<div class=\"wp-block-uagb-container uagb-block-467773e3 alignfull uagb-is-root-container\"><div class=\"uagb-container-inner-blocks-wrap\">\n<p>Aber wir waren schlau, denn der n\u00e4chste <strong>Picknickstopp ist in der N\u00e4he<\/strong>... Wir setzen auf dem <strong>Jakobsweg<\/strong> <strong>von Compostela, <\/strong>dann nehmen wir den Weg zur\u00fcck, der neben der Departementsstra\u00dfe verl\u00e4uft, bevor wir uns auf einen Pfad schleichen, um den <strong>Hafen von Le Teich und sein Aussichtspunkt.<\/strong><\/p>\n\n\n\n<p>W\u00e4hrend die Kinder zwischen zwei Chips und einem Sandwich, <strong>vergn\u00fcgen sich in den Holzspielger\u00e4ten ganz in der N\u00e4he des <a href=\"https:\/\/leteich.fr\/votre-quotidien\/tourisme\/baignade-amenagee\/\" target=\"_blank\" rel=\"noopener\">Badeteich<\/a><\/strong> du Teich, holen die Kumpels einen kleinen Aperitif hervor, um sich zum <strong>timing eingehalten! <\/strong><\/p>\n\n\n\n<p>Nach einer sch\u00f6nen Pause unter dem<strong>ie sanften Sonnenstrahlen und die leichten Taschen<\/strong>, Wir gehen den Weg zur\u00fcck, der an der K\u00fcste entlang f\u00fchrt. <a href=\"https:\/\/www.reserve-ornithologique-du-teich.com\/\" target=\"_blank\" rel=\"noopener\"><strong>Vogelschutzgebiet Teich<\/strong><\/a> : Der Blick auf den Bassin ist dort magisch! Ein Teil der Strecke <strong>macht sich auf den Weg<\/strong>, Das bedeutet, dass wir <strong>einige Blumen<\/strong> um daraus einen <strong>sch\u00f6ner Strau\u00df f\u00fcr M\u00fctter.<\/strong><\/p>\n<\/div><\/div>\n\n\n\n<div class=\"wp-block-uagb-container uagb-block-d159cfad alignfull uagb-is-root-container\"><div class=\"uagb-container-inner-blocks-wrap\">\n<figure class=\"wp-block-image size-large\"><img loading=\"lazy\" decoding=\"async\" width=\"1024\" height=\"512\" src=\"https:\/\/bassin-arcachon.com\/wp-content\/uploads\/2026\/01\/deco-2-5-1024x512.png\" alt=\"Drohnenaufnahme des K\u00fcstenpfades in Le Teich, auf der im Vordergrund eine junge Frau auf einem Fahrrad zu sehen ist.\" class=\"wp-image-212838\" title=\"- - Bassin d&#039;Arcachon\" srcset=\"https:\/\/bassin-arcachon.com\/wp-content\/uploads\/2026\/01\/deco-2-5-1024x512.png 1024w, https:\/\/bassin-arcachon.com\/wp-content\/uploads\/2026\/01\/deco-2-5-600x300.png 600w, https:\/\/bassin-arcachon.com\/wp-content\/uploads\/2026\/01\/deco-2-5-768x384.png 768w, https:\/\/bassin-arcachon.com\/wp-content\/uploads\/2026\/01\/deco-2-5-18x9.png 18w, https:\/\/bassin-arcachon.com\/wp-content\/uploads\/2026\/01\/deco-2-5.png 1400w\" sizes=\"auto, (max-width: 1024px) 100vw, 1024px\" \/><figcaption class=\"wp-element-caption\"><em>\u00a9<\/em> Gr\u00e9gory CASSIAU<\/figcaption><\/figure>\n<\/div><\/div>\n\n\n\n<div class=\"wp-block-uagb-container uagb-block-b7d1089c alignfull uagb-is-root-container\"><div class=\"uagb-container-inner-blocks-wrap\">\n<p>Dann nehmen wir wieder <strong>der Weg entlang der Bahnlinie<\/strong> <strong>von Le Teich nach Gujan-Mestras<\/strong>. Und wir kommen ganz entspannt in unserer Unterkunft an, <strong><a href=\"https:\/\/bassin-arcachon.com\/de\/unterkunft\/stadtischer-campingplatz-verdalle\/\">der Campingplatz von Verdalle<\/a><\/strong> (<em>Gujan-Mestras<\/em>), wo wir uns um eine Reservierung gek\u00fcmmert hatten <strong>2 Zeltbungalows f\u00fcr 2 N\u00e4chte.<\/strong><\/p>\n\n\n\n<p>Jeder geht seinen Gesch\u00e4ften nach, <strong>die M\u00e4nner gehen ein paar Besorgungen machen<\/strong> f\u00fcr das Abendessen, <strong>die Kinder haben Spa\u00df<\/strong> und ich habe sogar Zeit f\u00fcr <strong>ein Kapitel lesen <\/strong>bevor Sie sich mit Freunden zu einem <strong>Pastaabend\/Gesellschaftsspiele<\/strong> und fr\u00fch schlafen, denn morgen <strong>ein weiterer Tag wartet auf uns...<\/strong><\/p>\n<\/div><\/div>\n\n\n\n<div class=\"wp-block-uagb-container uagb-block-d29e4ddd alignfull uagb-is-root-container\"><div class=\"uagb-container-inner-blocks-wrap\">\n<h3 class=\"wp-block-heading\">Tag 2: La Teste de Buch und seine Dune du Pilat, Arcachon und die Strandpromenade<\/h3>\n<\/div><\/div>\n\n\n\n<div class=\"wp-block-uagb-container uagb-block-53b028d8 alignfull uagb-is-root-container\"><div class=\"uagb-container-inner-blocks-wrap\">\n<p>Nach <strong>eine Nacht Schlaf<\/strong> (<em>nicht ganz reparabel auch nicht \u00fcbertreiben<\/em>), <strong>eine \u00dcberpr\u00fcfung der Fahrr\u00e4der und ein gutes Fr\u00fchst\u00fcck<\/strong>, Hier sind wir wieder, ein bisschen leichter! Und ja, das ist der Vorteil von <strong>zwei N\u00e4chte am selben Ort schlafen, <\/strong>wir haben nur <strong>das Picknick in unseren Taschen<\/strong>. \ud83d\ude09<\/p>\n\n\n\n<p>Wir nehmen Kurs auf <strong><a href=\"https:\/\/bassin-arcachon.com\/de\/unser-wesentliches\/die-pilat-dune\/\">die D\u00fcne von Pilat<\/a><\/strong> (<em>befindet sich in La Teste de Buch<\/em>), ist die Motivation auf dem H\u00f6hepunkt! Wir wohnen zwar im Bassin, <strong>wir klettern immer noch gerne auf die D\u00fcne<\/strong>... Um die Strecke netter zu gestalten und weil wir Zeit haben, beschlie\u00dfen wir, durch <strong>den Hafen von La Teste und die Salzwiesen, um zum Hafen von L'Aiguillon zu gelangen<\/strong> (<em>in Arcachon<\/em>).<\/p>\n\n\n\n<p>Der Spaziergang ist bukolisch...fast chaotisch, zumal meine Freundin Steph\u2019 <strong>ein Glied in seiner Kette gebrochen hat<\/strong>. Memo an uns selbst : <strong>zus\u00e4tzlich zu Reifenreparatursets, Pumpen und Verbandszeug Kettenglieder mitnehmen<\/strong> !<\/p>\n\n\n\n<p>In unserem Pech kamen wir fast auf <strong>Arcachon<\/strong> und <strong>einen Fahrradverleih<\/strong> er repariert seine Kette. Das alles erm\u00f6glicht uns eine wohlverdiente Pause: <strong>die Kinder spielen auf dem Sand und die Erwachsenen lassen sich f\u00fcr die Dauer der Reparatur in einer Bar nieder<\/strong>. Da wir uns etwas versp\u00e4tet haben und die M\u00e4gen nach Hunger schreien, beschlie\u00dfen wir <strong>am Strand zu bleiben, um ein Picknick zu machen.<\/strong><\/p>\n<\/div><\/div>\n\n\n\n<div class=\"wp-block-uagb-container uagb-block-337c8302 alignfull uagb-is-root-container\"><div class=\"uagb-container-inner-blocks-wrap\">\n<figure class=\"wp-block-image size-large\"><img loading=\"lazy\" decoding=\"async\" width=\"1024\" height=\"512\" src=\"https:\/\/bassin-arcachon.com\/wp-content\/uploads\/2026\/01\/deco-2-6-1024x512.png\" alt=\"Man erahnt einen kleinen Hafen mit einer Pinassotte (kleine Pinasse) im Vordergrund und das Viertel L&#039;Aiguillon in Arcachon im Hintergrund mit einer kleinen Holzh\u00fctte und seinem Strand.\" class=\"wp-image-212840\" title=\"- - Bassin d&#039;Arcachon\" srcset=\"https:\/\/bassin-arcachon.com\/wp-content\/uploads\/2026\/01\/deco-2-6-1024x512.png 1024w, https:\/\/bassin-arcachon.com\/wp-content\/uploads\/2026\/01\/deco-2-6-600x300.png 600w, https:\/\/bassin-arcachon.com\/wp-content\/uploads\/2026\/01\/deco-2-6-768x384.png 768w, https:\/\/bassin-arcachon.com\/wp-content\/uploads\/2026\/01\/deco-2-6-18x9.png 18w, https:\/\/bassin-arcachon.com\/wp-content\/uploads\/2026\/01\/deco-2-6.png 1400w\" sizes=\"auto, (max-width: 1024px) 100vw, 1024px\" \/><figcaption class=\"wp-element-caption\"><em>\u00a9<\/em> Gr\u00e9gory CASSIAU<\/figcaption><\/figure>\n<\/div><\/div>\n\n\n\n<div class=\"wp-block-uagb-container uagb-block-070b3a6d alignfull uagb-is-root-container\"><div class=\"uagb-container-inner-blocks-wrap\">\n<p>Wir verlieren keine Zeit mehr, wir haben gro\u00dfe Lust auf <strong>den Nachmittag auf der Spitze der D\u00fcne verbringen<\/strong> ! Wir steigen wieder auf unsere Fahrr\u00e4der und fahren den Weg entlang <strong>von Arcachon \u00fcber Pereire nach Le Moulleau<\/strong>. Die Fahrt dorthin ist h\u00fcgelig, aber den Umweg wert!<\/p>\n\n\n\n<p>Wir beenden nie <strong>\u00fcber den Bassin staunen<\/strong>, Die Sonne begleitet uns immer <strong>auch wenn es etwas k\u00fchler wird<\/strong>... Das trifft sich gut, wir werden uns aufw\u00e4rmen, wenn wir sehen <strong>die Steigung, die uns erwartet, um zur D\u00fcne zu gelangen! <\/strong>(<em>PS: Ich pers\u00f6nlich fahre hoch, indem ich das Fahrrad schiebe, ich habe eine gute Ausrede: <strong>ich muss ein 20 kg schweres M\u00e4dchen mitschleppen!<\/strong><\/em>)<\/p>\n\n\n\n<p>Und dann die D\u00fcne, die es zu erklimmen gilt...<strong>das Wochenende wird sportlich gewesen sein<\/strong> ! Wir setzen uns hin und bewundern...<strong>Die Kinder sind unerm\u00fcdlich.<\/strong> !<\/p>\n\n\n\n<p><strong>17h : <\/strong> es ist Zeit, nach Hause zu gehen <strong>zu unseren Zelten<\/strong>. Wir nehmen die Option schnelle R\u00fcckkehr <strong>auf der Spur ohne Umweg<\/strong>, Das ist gut, denn es geht die ganze Zeit bergab. <strong>Heute Abend auf dem Programm:<\/strong> Ruhe, Dusche, Aperitif, Pizza und vor allem: Niemand bittet um seinen Rest, um ins Bett zu gehen.<\/p>\n<\/div><\/div>\n\n\n\n<div class=\"wp-block-uagb-container uagb-block-9675d4fa alignfull uagb-is-root-container\"><div class=\"uagb-container-inner-blocks-wrap\">\n<figure class=\"wp-block-image size-large\"><img loading=\"lazy\" decoding=\"async\" width=\"1024\" height=\"512\" src=\"https:\/\/bassin-arcachon.com\/wp-content\/uploads\/2026\/01\/deco-2-7-1024x512.png\" alt=\"Montage aus drei Fotos. Das Foto oben links zeigt die Spitze der Dune du Pilat mit Meerblick, das darunter den Radweg am Strand Pereire und das Foto links ist im Hochformat und man kann die Kirche Notre Dame des Passes in Le Moulleau erahnen.\" class=\"wp-image-212848\" title=\"- - Bassin d&#039;Arcachon\" srcset=\"https:\/\/bassin-arcachon.com\/wp-content\/uploads\/2026\/01\/deco-2-7-1024x512.png 1024w, https:\/\/bassin-arcachon.com\/wp-content\/uploads\/2026\/01\/deco-2-7-600x300.png 600w, https:\/\/bassin-arcachon.com\/wp-content\/uploads\/2026\/01\/deco-2-7-768x384.png 768w, https:\/\/bassin-arcachon.com\/wp-content\/uploads\/2026\/01\/deco-2-7-18x9.png 18w, https:\/\/bassin-arcachon.com\/wp-content\/uploads\/2026\/01\/deco-2-7.png 1400w\" sizes=\"auto, (max-width: 1024px) 100vw, 1024px\" \/><figcaption class=\"wp-element-caption\"><em>\u00a9<\/em> Gr\u00e9gory CASSIAU \/ K\u00e9vin BIETTE<\/figcaption><\/figure>\n<\/div><\/div>\n\n\n\n<div class=\"wp-block-uagb-container uagb-block-a83c178b alignfull uagb-is-root-container\"><div class=\"uagb-container-inner-blocks-wrap\">\n<h3 class=\"wp-block-heading\">Tag 3: \u00dcberfahrt des Bassin mit dem See-Shuttle von Arcachon zur Halbinsel L\u00e8ge-Cap Ferret, Ar\u00e8s und zur\u00fcck nach Hause!<\/h3>\n<\/div><\/div>\n\n\n\n<div class=\"wp-block-uagb-container uagb-block-915ea4de alignfull uagb-is-root-container\"><div class=\"uagb-container-inner-blocks-wrap\">\n<p>Montag, Feiertag, letzter Tag unserer Reise! <strong>Die Begeisterung ist noch da, es ist besser als in der Schule zu sein!<\/strong><\/p>\n\n\n\n<p>Wir packen zusammen, verladen die Fahrr\u00e4der und fahren auf dem Weg zur\u00fcck nach <strong>die Thiers-Anlegestelle von\u2019<a href=\"https:\/\/www.arcachon.com\/\" target=\"_blank\" rel=\"noopener\">Arcachon<\/a><\/strong>. Um wieder auf die andere Seite des Bassin zu gelangen, gibt es kein Zur\u00fcck mehr: <strong>wir setzen mit dem Boot \u00fcber! <\/strong><\/p>\n\n\n\n<p><strong>Abfahrt 11 Uhr mit den <a href=\"https:\/\/bateliers-arcachon.com\/\" target=\"_blank\" rel=\"noopener\">UBA-Shuttles<\/a><\/strong> zu \u00fcberqueren. F\u00fcr diejenigen, die <strong>Elektrofahrr\u00e4der<\/strong>, In der Regel ist es wichtig, dass wir\u2019<strong>seinen Akku vor dem Reiten entfernen<\/strong> !<\/p>\n<\/div><\/div>\n\n\n\n<div class=\"wp-block-uagb-container uagb-block-124710e5 alignfull uagb-is-root-container\"><div class=\"uagb-container-inner-blocks-wrap\">\n<figure class=\"wp-block-image size-large\"><img loading=\"lazy\" decoding=\"async\" width=\"1024\" height=\"512\" src=\"https:\/\/bassin-arcachon.com\/wp-content\/uploads\/2026\/01\/deco-2-9-1024x512.png\" alt=\"- - Bassin d&#039;Arcachon\" class=\"wp-image-212853\" title=\"- - Bassin d&#039;Arcachon\" srcset=\"https:\/\/bassin-arcachon.com\/wp-content\/uploads\/2026\/01\/deco-2-9-1024x512.png 1024w, https:\/\/bassin-arcachon.com\/wp-content\/uploads\/2026\/01\/deco-2-9-600x300.png 600w, https:\/\/bassin-arcachon.com\/wp-content\/uploads\/2026\/01\/deco-2-9-768x384.png 768w, https:\/\/bassin-arcachon.com\/wp-content\/uploads\/2026\/01\/deco-2-9-18x9.png 18w, https:\/\/bassin-arcachon.com\/wp-content\/uploads\/2026\/01\/deco-2-9.png 1400w\" sizes=\"auto, (max-width: 1024px) 100vw, 1024px\" \/><figcaption class=\"wp-element-caption\"><em>\u00a9<\/em> Gr\u00e9gory CASSIAU \/ K\u00e9vin BIETTE<\/figcaption><\/figure>\n<\/div><\/div>\n\n\n\n<div class=\"wp-block-uagb-container uagb-block-1a8e75be alignfull uagb-is-root-container\"><div class=\"uagb-container-inner-blocks-wrap\">\n<p> EIN <strong>kleine drei\u00dfig Minuten sp\u00e4ter<\/strong>, Nun sind wir am Belisarius-Pier angekommen. <a href=\"https:\/\/www.lege-capferret.com\/\" target=\"_blank\" rel=\"noopener\"><strong>Cap-Frettchen<\/strong><\/a>. Nicht weit entfernt steht <strong><a href=\"https:\/\/bassin-arcachon.com\/de\/unser-wesentliches\/der-leuchtturm-und-die-spitze-von-cap-ferret\/\">seinen ber\u00fchmten Leuchtturm<\/a><\/strong>, Ich habe es nicht geschafft.<em>wir waren im Winter dort<\/em>). <\/p>\n\n\n\n<p>(Fast) nach der Anstrengung kommt der Trost: Wir g\u00f6nnen uns ein Restaurant am Rande des Bassin, die D\u00fcne im Hintergrund. Wir beenden unsere Reise auf dem Radweg <strong>zwischen Wald und Sandd\u00fcnen bis nach <a href=\"https:\/\/www.ares-tourisme.com\/\" target=\"_blank\" rel=\"noopener\">Ares<\/a><\/strong>, Nach der Ankunft in der Stadt k\u00f6nnen Sie einen letzten Abschnitt der V\u00e9lodyss\u00e9e (Fahrradstra\u00dfe) bew\u00e4ltigen. <strong>Die Beine sind m\u00fcde, aber unsere K\u00f6pfe sind voller Erinnerungen!<\/strong>&quot;\u00a0<\/p>\n<\/div><\/div>","protected":false},"excerpt":{"rendered":"<p>Nouvelle saison, nouveaux d\u00e9fis ! Et si, cette ann\u00e9e, vous vous lanciez dans un tour du Bassin&#8230;\u00e0 v\u00e9lo ? 62 km de pourtour, mais plus de 330 km de pistes [&hellip;]<\/p>\n","protected":false},"author":25,"featured_media":223651,"comment_status":"closed","ping_status":"closed","sticky":true,"template":"","format":"standard","meta":{"_acf_changed":false,"_uag_custom_page_level_css":"","footnotes":""},"categories":[2129,2131],"tags":[465,334],"class_list":["post-204037","post","type-post","status-publish","format-standard","has-post-thumbnail","hentry","category-nature-art-de-vivre","category-sport","tag-printemps","tag-velo"],"acf":[],"uagb_featured_image_src":{"full":["https:\/\/bassin-arcachon.com\/wp-content\/uploads\/2026\/01\/2015_HD_Viree-velo-Bassin_BIETTE-10-scaled-1.jpg",2560,1707,false],"thumbnail":["https:\/\/bassin-arcachon.com\/wp-content\/uploads\/2026\/01\/2015_HD_Viree-velo-Bassin_BIETTE-10-scaled-1-150x150.jpg",150,150,true],"medium":["https:\/\/bassin-arcachon.com\/wp-content\/uploads\/2026\/01\/2015_HD_Viree-velo-Bassin_BIETTE-10-scaled-1-600x400.jpg",600,400,true],"medium_large":["https:\/\/bassin-arcachon.com\/wp-content\/uploads\/2026\/01\/2015_HD_Viree-velo-Bassin_BIETTE-10-scaled-1-768x512.jpg",768,512,true],"large":["https:\/\/bassin-arcachon.com\/wp-content\/uploads\/2026\/01\/2015_HD_Viree-velo-Bassin_BIETTE-10-scaled-1-1024x683.jpg",1024,683,true],"1536x1536":["https:\/\/bassin-arcachon.com\/wp-content\/uploads\/2026\/01\/2015_HD_Viree-velo-Bassin_BIETTE-10-scaled-1-1536x1024.jpg",1536,1024,true],"2048x2048":["https:\/\/bassin-arcachon.com\/wp-content\/uploads\/2026\/01\/2015_HD_Viree-velo-Bassin_BIETTE-10-scaled-1-2048x1366.jpg",2048,1366,true],"trp-custom-language-flag":["https:\/\/bassin-arcachon.com\/wp-content\/uploads\/2026\/01\/2015_HD_Viree-velo-Bassin_BIETTE-10-scaled-1-18x12.jpg",18,12,true]},"uagb_author_info":{"display_name":"Marie Clauzel","author_link":"https:\/\/bassin-arcachon.com\/de\/author\/mariesiba\/"},"uagb_comment_info":0,"uagb_excerpt":"Nouvelle saison, nouveaux d\u00e9fis ! Et si, cette ann\u00e9e, vous vous lanciez dans un tour du Bassin&#8230;\u00e0 v\u00e9lo ? 62 km de pourtour, mais plus de 330 km de pistes [&hellip;]","_links":{"self":[{"href":"https:\/\/bassin-arcachon.com\/de\/wp-json\/wp\/v2\/posts\/204037","targetHints":{"allow":["GET"]}}],"collection":[{"href":"https:\/\/bassin-arcachon.com\/de\/wp-json\/wp\/v2\/posts"}],"about":[{"href":"https:\/\/bassin-arcachon.com\/de\/wp-json\/wp\/v2\/types\/post"}],"author":[{"embeddable":true,"href":"https:\/\/bassin-arcachon.com\/de\/wp-json\/wp\/v2\/users\/25"}],"replies":[{"embeddable":true,"href":"https:\/\/bassin-arcachon.com\/de\/wp-json\/wp\/v2\/comments?post=204037"}],"version-history":[{"count":60,"href":"https:\/\/bassin-arcachon.com\/de\/wp-json\/wp\/v2\/posts\/204037\/revisions"}],"predecessor-version":[{"id":244839,"href":"https:\/\/bassin-arcachon.com\/de\/wp-json\/wp\/v2\/posts\/204037\/revisions\/244839"}],"wp:featuredmedia":[{"embeddable":true,"href":"https:\/\/bassin-arcachon.com\/de\/wp-json\/wp\/v2\/media\/223651"}],"wp:attachment":[{"href":"https:\/\/bassin-arcachon.com\/de\/wp-json\/wp\/v2\/media?parent=204037"}],"wp:term":[{"taxonomy":"category","embeddable":true,"href":"https:\/\/bassin-arcachon.com\/de\/wp-json\/wp\/v2\/categories?post=204037"},{"taxonomy":"post_tag","embeddable":true,"href":"https:\/\/bassin-arcachon.com\/de\/wp-json\/wp\/v2\/tags?post=204037"}],"curies":[{"name":"wp","href":"https:\/\/api.w.org\/{rel}","templated":true}]}}