{"id":26590,"date":"2025-11-13T08:00:25","date_gmt":"2025-11-13T07:00:25","guid":{"rendered":"https:\/\/www.bassin-arcachon.com\/?p=26590"},"modified":"2025-12-08T09:22:35","modified_gmt":"2025-12-08T08:22:35","slug":"party-hutten-andernos-2","status":"publish","type":"post","link":"https:\/\/bassin-arcachon.com\/de\/cabanes-en-fete-andernos\/","title":{"rendered":"Festliche H\u00fctten"},"content":{"rendered":"<h2 class=\"wp-block-heading\"><span style=\"color: #000000;\">Cabanes en F\u00eates in Andernos feiert dieses Jahr sein 15-j\u00e4hriges Bestehen! \ud83c\udf89<\/span><\/h2>\n\n\n\n<div class=\"wp-block-uagb-container uagb-block-e7124ad4 alignfull uagb-is-root-container\"><div class=\"uagb-container-inner-blocks-wrap\"><\/div><\/div>\n\n\n\n<p>Merken Sie sich den Termin vor: Wie jedes Jahr findet im Austernhafen von Andernos-les-Bains das gro\u00dfe Fest mit Austern und Wein aus Entre-Deux-Mers statt <strong>das <span style=\"color: #ff0000;\"><mark style=\"background-color:rgba(0, 0, 0, 0)\" class=\"has-inline-color has-black-color\">Samstag, 6. Dezember 2025<\/mark><\/span> !<\/strong><\/p>\n\n\n\n<p>Cabanes en F\u00eate ist eine Demonstration<strong> einzigartig<\/strong> wo wir Wert legen <strong>die Authentizit\u00e4t und die Lebenskunst \u201ewell from home\u201c<\/strong>, die Zeit eines unumg\u00e4nglichen Tages im Dezember.<\/p>\n\n\n\n<p><strong>Der Zugang zu den Verkostungen in den H\u00fctten ist nur mit dem Pass 2025 zum Preis von 11 \u20ac m\u00f6glich. <\/strong>(bestehend aus 1 Tasche, 1 Probierglas, 1 Austerngabel, 1 Ticket f\u00fcr 3 Austern Nr. 3, 1 Glas Wein aus dem Entre-Deux-Mers und Zugang zu Chefs an Bord)<strong>. <mark style=\"background-color:rgba(0, 0, 0, 0)\" class=\"has-inline-color has-vivid-red-color\">Achtung: Der Pass ist f\u00fcr Minderj\u00e4hrige (-18 Jahre) nicht zugelassen. Besondere Aufmerksamkeit wird diesem Thema gewidmet.<\/mark><\/strong><br><strong>Zum Vorverkaufslink : <a href=\"https:\/\/animations.andernos-tourisme.fr\/cabanes-en-fete\/pass-cabanes-en-fete\" target=\"_blank\" rel=\"noopener\">https:\/\/animations.andernos-tourisme.fr\/cabanes-en-fete\/pass-cabanes-en-fete<\/a>. <\/strong><br>Lade es herunter <strong>komplettes Programm der Veranstaltung als PDF<\/strong> an : <strong><a href=\"https:\/\/www.andernoslesbains.fr\/cabanes-en-fete\/\" target=\"_blank\" rel=\"noreferrer noopener\">DAS PROGRAMM 2025<\/a><\/strong><\/p>\n\n\n\n<p>F\u00fcr diejenigen, die sich in den Farben der Party kleiden m\u00f6chten, <strong>terracotta steht in diesem Jahr im Mittelpunkt<\/strong> ! F\u00fcr diesen Anlass sind bei uns Sweatshirts, Jacken und sogar Cabanjacken erh\u00e4ltlich<strong> L&#039;<a href=\"https:\/\/andernos-tourisme.fr\/\" target=\"_blank\" rel=\"noopener\">Fremdenverkehrsb\u00fcro von Andernos<\/a>, <\/strong>und zu <a href=\"https:\/\/www.facebook.com\/latelier.effetmer.5\/\" target=\"_blank\" rel=\"noopener\"><strong>der Sea-Effect-Workshop<\/strong><\/a> in der Avenue du G\u00e9n\u00e9ral de Gaulle 33 (Fu\u00dfg\u00e4ngerzone).<\/p>\n\n\n\n<div class=\"wp-block-uagb-container uagb-block-fe9efd2c alignfull uagb-is-root-container\"><div class=\"uagb-container-inner-blocks-wrap\"><\/div><\/div>\n\n\n\n<figure class=\"wp-block-image size-full\"><img loading=\"lazy\" decoding=\"async\" width=\"2048\" height=\"1152\" src=\"https:\/\/bassin-arcachon.com\/wp-content\/uploads\/2024\/11\/\u00a9F.-NEVEUX-Andernos-Tourisme-24.jpg\" alt=\"- - Bassin d&#039;Arcachon\" class=\"wp-image-190753\" title=\"- - Bassin d&#039;Arcachon\" srcset=\"https:\/\/bassin-arcachon.com\/wp-content\/uploads\/2024\/11\/\u00a9F.-NEVEUX-Andernos-Tourisme-24.jpg 2048w, https:\/\/bassin-arcachon.com\/wp-content\/uploads\/2024\/11\/\u00a9F.-NEVEUX-Andernos-Tourisme-24-600x338.jpg 600w, https:\/\/bassin-arcachon.com\/wp-content\/uploads\/2024\/11\/\u00a9F.-NEVEUX-Andernos-Tourisme-24-1024x576.jpg 1024w, https:\/\/bassin-arcachon.com\/wp-content\/uploads\/2024\/11\/\u00a9F.-NEVEUX-Andernos-Tourisme-24-768x432.jpg 768w, https:\/\/bassin-arcachon.com\/wp-content\/uploads\/2024\/11\/\u00a9F.-NEVEUX-Andernos-Tourisme-24-1536x864.jpg 1536w, https:\/\/bassin-arcachon.com\/wp-content\/uploads\/2024\/11\/\u00a9F.-NEVEUX-Andernos-Tourisme-24-18x10.jpg 18w\" sizes=\"auto, (max-width: 2048px) 100vw, 2048px\" \/><\/figure>\n\n\n\n<div class=\"wp-block-uagb-container uagb-block-67a05cb2 alignfull uagb-is-root-container\"><div class=\"uagb-container-inner-blocks-wrap\">\n<figure class=\"wp-block-image size-large\"><img loading=\"lazy\" decoding=\"async\" width=\"1024\" height=\"576\" src=\"https:\/\/bassin-arcachon.com\/wp-content\/uploads\/2024\/11\/\u00a9F.-NEVEUX-Andernos-Tourisme-14-1-1024x576.jpg\" alt=\"- - Bassin d&#039;Arcachon\" class=\"wp-image-190759\" title=\"- - Bassin d&#039;Arcachon\" srcset=\"https:\/\/bassin-arcachon.com\/wp-content\/uploads\/2024\/11\/\u00a9F.-NEVEUX-Andernos-Tourisme-14-1-1024x576.jpg 1024w, https:\/\/bassin-arcachon.com\/wp-content\/uploads\/2024\/11\/\u00a9F.-NEVEUX-Andernos-Tourisme-14-1-600x338.jpg 600w, https:\/\/bassin-arcachon.com\/wp-content\/uploads\/2024\/11\/\u00a9F.-NEVEUX-Andernos-Tourisme-14-1-768x432.jpg 768w, https:\/\/bassin-arcachon.com\/wp-content\/uploads\/2024\/11\/\u00a9F.-NEVEUX-Andernos-Tourisme-14-1-1536x864.jpg 1536w, https:\/\/bassin-arcachon.com\/wp-content\/uploads\/2024\/11\/\u00a9F.-NEVEUX-Andernos-Tourisme-14-1-18x10.jpg 18w, https:\/\/bassin-arcachon.com\/wp-content\/uploads\/2024\/11\/\u00a9F.-NEVEUX-Andernos-Tourisme-14-1.jpg 2048w\" sizes=\"auto, (max-width: 1024px) 100vw, 1024px\" \/><\/figure>\n<\/div><\/div>\n\n\n\n<h5 class=\"wp-block-heading\">\u00a9 Fremdenverkehrsamt von Andernos<\/h5>\n\n\n\n<div class=\"wp-block-uagb-container uagb-block-fd6fde58 alignfull uagb-is-root-container\"><div class=\"uagb-container-inner-blocks-wrap\"><\/div><\/div>\n\n\n\n<h2 class=\"wp-block-heading\"><span style=\"color: #000000;\">Eine unumg\u00e4ngliche Party \ud83e\uddaa<\/span><\/h2>\n\n\n\n<p>Einmal im Jahr, die <b>45 H\u00fctten<\/b><strong> typisch und bunt<\/strong> des Austernhafens begr\u00fc\u00dfen mehr als 20.000 Besucher, die dorthin kommen<strong> Probieren Sie Austern direkt vom Erzeuger und Wei\u00dfwein von Entre-Deux-Mers-Winzern<\/strong> : Frischer und regionaler geht es nicht!<\/p>\n\n\n\n<p>Des <strong>Originalrezepte mit maritimen Einfl\u00fcssen<\/strong> werden von den K\u00f6chen der benachbarten Restaurants vorgeschlagen, w\u00e4hrend K\u00fcnstler, Maler, Fotografen und Bildhauer ihre Kunst ausstellen.<\/p>\n\n\n\n<p>Bei einem Spaziergang entlang der Kais sto\u00dfen wir auf <strong>Bands<\/strong> und <strong>fr\u00f6hliche Orchester<\/strong>, mit dem es leicht zu intonieren ist <strong>traditionelle Seemannslieder oder Lieder aus dem S\u00fcdwesten, die allen bekannt sind<\/strong>. Und wir bewundern auch die <strong>Pinace-Regatta<\/strong> (traditionelles Bassin-Boot).<\/p>\n\n\n\n<div class=\"wp-block-uagb-container uagb-block-71b64de3 alignfull uagb-is-root-container\"><div class=\"uagb-container-inner-blocks-wrap\"><\/div><\/div>\n\n\n\n<figure class=\"wp-block-image size-full\"><img loading=\"lazy\" decoding=\"async\" width=\"2000\" height=\"700\" src=\"https:\/\/bassin-arcachon.com\/wp-content\/uploads\/2022\/11\/Sans-titre-1600-\u00d7-700-px-2000-\u00d7-700-px.jpg\" alt=\"- - Bassin d&#039;Arcachon\" class=\"wp-image-52716\" title=\"- - Bassin d&#039;Arcachon\" srcset=\"https:\/\/bassin-arcachon.com\/wp-content\/uploads\/2022\/11\/Sans-titre-1600-\u00d7-700-px-2000-\u00d7-700-px.jpg 2000w, https:\/\/bassin-arcachon.com\/wp-content\/uploads\/2022\/11\/Sans-titre-1600-\u00d7-700-px-2000-\u00d7-700-px-600x210.jpg 600w, https:\/\/bassin-arcachon.com\/wp-content\/uploads\/2022\/11\/Sans-titre-1600-\u00d7-700-px-2000-\u00d7-700-px-1024x358.jpg 1024w, https:\/\/bassin-arcachon.com\/wp-content\/uploads\/2022\/11\/Sans-titre-1600-\u00d7-700-px-2000-\u00d7-700-px-768x269.jpg 768w, https:\/\/bassin-arcachon.com\/wp-content\/uploads\/2022\/11\/Sans-titre-1600-\u00d7-700-px-2000-\u00d7-700-px-1536x538.jpg 1536w, https:\/\/bassin-arcachon.com\/wp-content\/uploads\/2022\/11\/Sans-titre-1600-\u00d7-700-px-2000-\u00d7-700-px-18x6.jpg 18w\" sizes=\"auto, (max-width: 2000px) 100vw, 2000px\" \/><\/figure>\n\n\n\n<figure class=\"wp-block-image size-full\"><img loading=\"lazy\" decoding=\"async\" width=\"2000\" height=\"2000\" src=\"https:\/\/bassin-arcachon.com\/wp-content\/uploads\/2022\/11\/Sans-titre-23.jpg\" alt=\"- - Bassin d&#039;Arcachon\" class=\"wp-image-52719\" title=\"- - Bassin d&#039;Arcachon\" srcset=\"https:\/\/bassin-arcachon.com\/wp-content\/uploads\/2022\/11\/Sans-titre-23.jpg 2000w, https:\/\/bassin-arcachon.com\/wp-content\/uploads\/2022\/11\/Sans-titre-23-600x600.jpg 600w, https:\/\/bassin-arcachon.com\/wp-content\/uploads\/2022\/11\/Sans-titre-23-1024x1024.jpg 1024w, https:\/\/bassin-arcachon.com\/wp-content\/uploads\/2022\/11\/Sans-titre-23-150x150.jpg 150w, https:\/\/bassin-arcachon.com\/wp-content\/uploads\/2022\/11\/Sans-titre-23-768x768.jpg 768w, https:\/\/bassin-arcachon.com\/wp-content\/uploads\/2022\/11\/Sans-titre-23-1536x1536.jpg 1536w, https:\/\/bassin-arcachon.com\/wp-content\/uploads\/2022\/11\/Sans-titre-23-12x12.jpg 12w\" sizes=\"auto, (max-width: 2000px) 100vw, 2000px\" \/><\/figure>\n\n\n\n<h5 class=\"wp-block-heading\">\u00a9 Gironde Tourismus \u2013 David Remazeilles<\/h5>\n\n\n\n<div class=\"wp-block-uagb-container uagb-block-c397d59a alignfull uagb-is-root-container\"><div class=\"uagb-container-inner-blocks-wrap\"><\/div><\/div>\n\n\n\n<p>Am Nachmittag, unter dem gro\u00dfen bunten Festzelt, <strong>gro\u00dfe K\u00f6che enth\u00fcllen ihre Herstellungsgeheimnisse und probieren neue Rezepte<\/strong>. Wir z\u00e4hlen die nicht mehr <strong>L\u00e4cheln mit Fremden ausgetauscht, die w\u00e4hrend dieser Wanderungen begegnet sind<\/strong>, alle von der gleichen Emotion getragen.<\/p>\n\n\n\n<p>Und wenn die Nacht hereinbricht, schauen alle zu den Sternen auf<strong> Bewundern Sie um 20 Uhr das Feuerwerk, das diesen Tag voller Farben und Aromen beschlie\u00dft.<\/strong><\/p>\n\n\n\n<div class=\"wp-block-uagb-container uagb-block-b45fe880 alignfull uagb-is-root-container\"><div class=\"uagb-container-inner-blocks-wrap\"><\/div><\/div>\n\n\n\n<figure class=\"wp-block-image\"><img decoding=\"async\" src=\"https:\/\/www.bassin-arcachon.com\/wp-content\/uploads\/2018\/11\/En-attente-du-feu-dartifice-cabanes-en-fete-1024x683.jpg\" alt=\"- - Bassin d&#039;Arcachon\" title=\"- - Bassin d&#039;Arcachon\"><\/figure>\n\n\n\n<h5 class=\"wp-block-heading\">\u00a9 Fremdenverkehrsamt von Andernos<\/h5>\n\n\n\n<div class=\"wp-block-uagb-container uagb-block-3d9b3699 alignfull uagb-is-root-container\"><div class=\"uagb-container-inner-blocks-wrap\"><\/div><\/div>\n\n\n\n<p>Der Eintritt zu Cabanes en F\u00eate ist frei. Infos unter<strong><a href=\"https:\/\/andernos-tourisme.fr\/\" target=\"_blank\" rel=\"noopener\">Fremdenverkehrsb\u00fcro von Andernos<\/a><\/strong><\/p>\n\n\n\n<p><\/p>","protected":false},"excerpt":{"rendered":"<p>Merken Sie sich den Termin vor: Wie jedes Jahr findet am Samstag, den 2. Dezember 2023, im Austernhafen von Andernos-les-Bains das gro\u00dfe festliche Fest mit Austern und Wein aus Entre-Deux-Mers statt!<\/p>","protected":false},"author":14,"featured_media":97702,"comment_status":"open","ping_status":"closed","sticky":false,"template":"","format":"standard","meta":{"_acf_changed":false,"_uag_custom_page_level_css":"","footnotes":""},"categories":[2132],"tags":[63,76,244,242],"class_list":["post-26590","post","type-post","status-publish","format-standard","has-post-thumbnail","hentry","category-gastronomie","tag-bassin","tag-bassin-darcachon","tag-cabanes-en-fete","tag-hiver"],"acf":[],"uagb_featured_image_src":{"full":["https:\/\/bassin-arcachon.com\/wp-content\/uploads\/2024\/11\/38795007642_d83f63e160_o-1-scaled.jpg",2560,1707,false],"thumbnail":["https:\/\/bassin-arcachon.com\/wp-content\/uploads\/2024\/11\/38795007642_d83f63e160_o-1-scaled-150x150.jpg",150,150,true],"medium":["https:\/\/bassin-arcachon.com\/wp-content\/uploads\/2024\/11\/38795007642_d83f63e160_o-1-scaled-600x400.jpg",600,400,true],"medium_large":["https:\/\/bassin-arcachon.com\/wp-content\/uploads\/2024\/11\/38795007642_d83f63e160_o-1-scaled-768x512.jpg",768,512,true],"large":["https:\/\/bassin-arcachon.com\/wp-content\/uploads\/2024\/11\/38795007642_d83f63e160_o-1-scaled-1024x683.jpg",1024,683,true],"1536x1536":["https:\/\/bassin-arcachon.com\/wp-content\/uploads\/2024\/11\/38795007642_d83f63e160_o-1-scaled-1536x1024.jpg",1536,1024,true],"2048x2048":["https:\/\/bassin-arcachon.com\/wp-content\/uploads\/2024\/11\/38795007642_d83f63e160_o-1-scaled-2048x1366.jpg",2048,1366,true],"trp-custom-language-flag":["https:\/\/bassin-arcachon.com\/wp-content\/uploads\/2024\/11\/38795007642_d83f63e160_o-1-scaled-18x12.jpg",18,12,true]},"uagb_author_info":{"display_name":"Louise de l'Office de Tourisme d'Andernos","author_link":"https:\/\/bassin-arcachon.com\/de\/author\/louise-ot-andernos\/"},"uagb_comment_info":0,"uagb_excerpt":"Save the date : comme chaque ann\u00e9e, le port ostr\u00e9icole d\u2019Andernos-les-Bains accueillera la grande c\u00e9l\u00e9bration festive des hu\u00eetres et du vin de l\u2019Entre-Deux-Mers le samedi 2 d\u00e9cembre 2023 !","_links":{"self":[{"href":"https:\/\/bassin-arcachon.com\/de\/wp-json\/wp\/v2\/posts\/26590","targetHints":{"allow":["GET"]}}],"collection":[{"href":"https:\/\/bassin-arcachon.com\/de\/wp-json\/wp\/v2\/posts"}],"about":[{"href":"https:\/\/bassin-arcachon.com\/de\/wp-json\/wp\/v2\/types\/post"}],"author":[{"embeddable":true,"href":"https:\/\/bassin-arcachon.com\/de\/wp-json\/wp\/v2\/users\/14"}],"replies":[{"embeddable":true,"href":"https:\/\/bassin-arcachon.com\/de\/wp-json\/wp\/v2\/comments?post=26590"}],"version-history":[{"count":22,"href":"https:\/\/bassin-arcachon.com\/de\/wp-json\/wp\/v2\/posts\/26590\/revisions"}],"predecessor-version":[{"id":198402,"href":"https:\/\/bassin-arcachon.com\/de\/wp-json\/wp\/v2\/posts\/26590\/revisions\/198402"}],"wp:featuredmedia":[{"embeddable":true,"href":"https:\/\/bassin-arcachon.com\/de\/wp-json\/wp\/v2\/media\/97702"}],"wp:attachment":[{"href":"https:\/\/bassin-arcachon.com\/de\/wp-json\/wp\/v2\/media?parent=26590"}],"wp:term":[{"taxonomy":"category","embeddable":true,"href":"https:\/\/bassin-arcachon.com\/de\/wp-json\/wp\/v2\/categories?post=26590"},{"taxonomy":"post_tag","embeddable":true,"href":"https:\/\/bassin-arcachon.com\/de\/wp-json\/wp\/v2\/tags?post=26590"}],"curies":[{"name":"wp","href":"https:\/\/api.w.org\/{rel}","templated":true}]}}