{"id":56914,"date":"2025-10-07T13:47:34","date_gmt":"2025-10-07T11:47:34","guid":{"rendered":"https:\/\/bassin-arcachon.com\/?p=56914"},"modified":"2025-11-17T16:38:58","modified_gmt":"2025-11-17T15:38:58","slug":"heute-abend-im-theater-am-darcachon-becken","status":"publish","type":"post","link":"https:\/\/bassin-arcachon.com\/de\/au-theatre-ce-soir-sur-le-bassin-darcachon\/","title":{"rendered":"Heute Abend im Theater: Entdecken Sie unsere Spielhallen!"},"content":{"rendered":"<p><\/p>\n\n\n\n<h2 class=\"wp-block-heading\">Szene in Sicht!<\/h2>\n\n\n\n<p><strong>8 Zimmer <\/strong>decken das Gebiet des Bassin von Arcachon ab und bieten eine gro\u00dfe Vielfalt an Shows.<\/p>\n\n\n\n<div class=\"wp-block-uagb-container uagb-block-1d1447bb alignfull uagb-is-root-container\"><div class=\"uagb-container-inner-blocks-wrap\"><\/div><\/div>\n\n\n\n<div class=\"wp-block-buttons is-layout-flex wp-block-buttons-is-layout-flex\">\n<div class=\"wp-block-button\"><a class=\"wp-block-button__link wp-element-button\" href=\"https:\/\/lemiroir.gujanmestras.fr\/\" target=\"_blank\" rel=\"noopener\">Der Spiegel in Gujan Mestras<\/a><\/div>\n<\/div>\n\n\n\n<p><strong>Kapazit\u00e4t von 654 Pl\u00e4tzen<\/strong><\/p>\n\n\n\n<p>Diese neue 280 m\u00b2 gro\u00dfe B\u00fchne ist der neueste Veranstaltungssaal des Bassin in Arcachon. Le Miroir wurde im vergangenen Mai er\u00f6ffnet und bietet in seiner ersten Saison rund drei\u00dfig Vorstellungen, darunter 17 Theaterst\u00fccke.<br>Das Programm finden Sie unter: <strong><a href=\"https:\/\/lemiroir.gujanmestras.fr\" target=\"_blank\" rel=\"noopener\">https:\/\/lemiroir.gujanmestras.fr<\/a><\/strong><\/p>\n\n\n\n<figure class=\"wp-block-image size-full\"><img loading=\"lazy\" decoding=\"async\" width=\"700\" height=\"355\" src=\"https:\/\/bassin-arcachon.com\/wp-content\/uploads\/2023\/10\/Design-sans-titre-94.png\" alt=\"- - Bassin d&#039;Arcachon\" class=\"wp-image-56896\" title=\"- - Bassin d&#039;Arcachon\" srcset=\"https:\/\/bassin-arcachon.com\/wp-content\/uploads\/2023\/10\/Design-sans-titre-94.png 700w, https:\/\/bassin-arcachon.com\/wp-content\/uploads\/2023\/10\/Design-sans-titre-94-600x304.png 600w, https:\/\/bassin-arcachon.com\/wp-content\/uploads\/2023\/10\/Design-sans-titre-94-18x9.png 18w\" sizes=\"auto, (max-width: 700px) 100vw, 700px\" \/><figcaption class=\"wp-element-caption\">\u00a9 Stadt Gujan Mestras<\/figcaption><\/figure>\n\n\n\n<div class=\"wp-block-buttons is-layout-flex wp-block-buttons-is-layout-flex\">\n<div class=\"wp-block-button\"><a class=\"wp-block-button__link wp-element-button\" href=\"https:\/\/www.ville-arcachon.fr\/saison-culturelle-2025-2026\/\" target=\"_blank\" rel=\"noopener\">Olympia-Theater in Arcachon<\/a><\/div>\n<\/div>\n\n\n\n<p><strong>Kapazit\u00e4t von 943 Pl\u00e4tzen<\/strong><\/p>\n\n\n\n<div class=\"wp-block-uagb-container uagb-block-13405c36 alignfull uagb-is-root-container\"><div class=\"uagb-container-inner-blocks-wrap\">\n<p>Das Olympia Theater tr\u00e4gt die Bezeichnung \u201eVereinbarter Schauplatz von nationalem Interesse mit Erw\u00e4hnung der Kunst im Gebiet\u201c.<br>Seine technischen M\u00f6glichkeiten gepaart mit seiner Empfangskapazit\u00e4t erm\u00f6glichen die Durchf\u00fchrung gro\u00dfer Konzerte,<br>Ballette, Oper usw.<br>Das gesamte Programm finden Sie auf:<strong> <a href=\"http:\/\/www.arcachon.com\/culture\/\" data-type=\"link\" data-id=\"www.arcachon.com\/culture\/\" target=\"_blank\" rel=\"noopener\">www.arcachon.com\/culture\/<\/a><\/strong><\/p>\n\n\n\n<p><strong>H\u00f6hepunkte: Arcachon Jazz Festival<\/strong> (Dezember) \/ <strong>Kammermusikfestival<\/strong> (April) \/ <strong>Festliche Kadenzen<\/strong> (September)<\/p>\n<\/div><\/div>\n\n\n\n<div class=\"wp-block-uagb-container uagb-block-41fd7bc2 alignfull uagb-is-root-container\"><div class=\"uagb-container-inner-blocks-wrap\">\n<figure class=\"wp-block-image size-full\"><img loading=\"lazy\" decoding=\"async\" width=\"700\" height=\"355\" src=\"https:\/\/bassin-arcachon.com\/wp-content\/uploads\/2023\/10\/Design-sans-titre-92.png\" alt=\"- - Bassin d&#039;Arcachon\" class=\"wp-image-56884\" title=\"- - Bassin d&#039;Arcachon\" srcset=\"https:\/\/bassin-arcachon.com\/wp-content\/uploads\/2023\/10\/Design-sans-titre-92.png 700w, https:\/\/bassin-arcachon.com\/wp-content\/uploads\/2023\/10\/Design-sans-titre-92-600x304.png 600w, https:\/\/bassin-arcachon.com\/wp-content\/uploads\/2023\/10\/Design-sans-titre-92-18x9.png 18w\" sizes=\"auto, (max-width: 700px) 100vw, 700px\" \/><figcaption class=\"wp-element-caption\">\u00a9 Olympia Theatre \u2013 Tourismusb\u00fcro Arcachon<\/figcaption><\/figure>\n<\/div><\/div>\n\n\n\n<div class=\"wp-block-buttons is-layout-flex wp-block-buttons-is-layout-flex\">\n<div class=\"wp-block-button\"><a class=\"wp-block-button__link wp-element-button\" href=\"https:\/\/www.latestedebuch.fr\/actualites\/saison-culturelle-2025-2026\/\" target=\"_blank\" rel=\"noopener\">Cravey-Theater<\/a><\/div>\n<\/div>\n\n\n\n<div class=\"wp-block-uagb-container uagb-block-da647cc7 alignfull uagb-is-root-container\"><div class=\"uagb-container-inner-blocks-wrap\">\n<p><strong>Kapazit\u00e4t von 1000 Stehpl\u00e4tzen und rund 500 Sitzpl\u00e4tzen (PRM-Pl\u00e4tze)<\/strong><br><em>(zug\u00e4nglicher Sitzplan f\u00fcr nummerierte Reservierungen)<\/em><\/p>\n\n\n\n<p>Kartenverkauf: vor Ort im Theater von Dienstag bis Freitag oder online: <strong>billetterie@latestedebuch.fr<\/strong><br>Programmierinformationen: <a href=\"http:\/\/www.latestedebuch.fr\" target=\"_blank\" rel=\"noopener\"><strong>www.latestedebuch.fr<\/strong><\/a><br><\/p>\n<\/div><\/div>\n\n\n\n<div class=\"wp-block-uagb-container uagb-block-1f6b7147 alignfull uagb-is-root-container\"><div class=\"uagb-container-inner-blocks-wrap\">\n<figure class=\"wp-block-image size-full\"><img loading=\"lazy\" decoding=\"async\" width=\"700\" height=\"355\" src=\"https:\/\/bassin-arcachon.com\/wp-content\/uploads\/2023\/10\/Design-sans-titre-93.png\" alt=\"- - Bassin d&#039;Arcachon\" class=\"wp-image-56893\" title=\"- - Bassin d&#039;Arcachon\" srcset=\"https:\/\/bassin-arcachon.com\/wp-content\/uploads\/2023\/10\/Design-sans-titre-93.png 700w, https:\/\/bassin-arcachon.com\/wp-content\/uploads\/2023\/10\/Design-sans-titre-93-600x304.png 600w, https:\/\/bassin-arcachon.com\/wp-content\/uploads\/2023\/10\/Design-sans-titre-93-18x9.png 18w\" sizes=\"auto, (max-width: 700px) 100vw, 700px\" \/><figcaption class=\"wp-element-caption\">\u00a9 Cravey Theater \u2013 Stadt La Teste de Buch<\/figcaption><\/figure>\n<\/div><\/div>\n\n\n\n<div class=\"wp-block-uagb-container uagb-block-9228f6b4 alignfull uagb-is-root-container\"><div class=\"uagb-container-inner-blocks-wrap\">\n<div class=\"wp-block-buttons is-layout-flex wp-block-buttons-is-layout-flex\">\n<div class=\"wp-block-button\"><a class=\"wp-block-button__link wp-element-button\" href=\"https:\/\/leteich.fr\/culture-et-loisirs\/culture\/l-ekla\/\" target=\"_blank\" rel=\"noopener\">Die Ekla am Teich<\/a><\/div>\n<\/div>\n<\/div><\/div>\n\n\n\n<div class=\"wp-block-uagb-container uagb-block-f32d5302 alignfull uagb-is-root-container\"><div class=\"uagb-container-inner-blocks-wrap\">\n<p><strong>Kapazit\u00e4t von 222 Sitzpl\u00e4tzen und 500 Stehpl\u00e4tzen.<\/strong><\/p>\n\n\n\n<p>EKLA, das kulturelle Zentrum von Teich, vereint auf 1.400 m\u00b2 mit der Schule alle kulturellen Angebote der Stadt<br>Musik, die Mediathek und der Veranstaltungssaal. Es ist die Wahl zeitgen\u00f6ssischer Architektur<br>das geschaffen wurde, um das kulturelle Wirken seiner Zeit zu kennzeichnen.<br>Das gesamte Programm finden Sie auf: <a href=\"https:\/\/leteich.fr\/\" target=\"_blank\" rel=\"noopener\"><strong>https:\/\/leteich.fr\/<\/strong><\/a><\/p>\n\n\n\n<figure class=\"wp-block-image size-full\"><img loading=\"lazy\" decoding=\"async\" width=\"700\" height=\"355\" src=\"https:\/\/bassin-arcachon.com\/wp-content\/uploads\/2023\/10\/Design-sans-titre-100-1.png\" alt=\"- - Bassin d&#039;Arcachon\" class=\"wp-image-56916\" title=\"- - Bassin d&#039;Arcachon\" srcset=\"https:\/\/bassin-arcachon.com\/wp-content\/uploads\/2023\/10\/Design-sans-titre-100-1.png 700w, https:\/\/bassin-arcachon.com\/wp-content\/uploads\/2023\/10\/Design-sans-titre-100-1-600x304.png 600w, https:\/\/bassin-arcachon.com\/wp-content\/uploads\/2023\/10\/Design-sans-titre-100-1-18x9.png 18w\" sizes=\"auto, (max-width: 700px) 100vw, 700px\" \/><figcaption class=\"wp-element-caption\">\u00a9 Stadt Teich<\/figcaption><\/figure>\n\n\n\n<div class=\"wp-block-buttons is-layout-flex wp-block-buttons-is-layout-flex\">\n<div class=\"wp-block-button\"><a class=\"wp-block-button__link wp-element-button\" href=\"https:\/\/www.la-caravelle-marcheprime.fr\/\" target=\"_blank\" rel=\"noopener\">Die Caravelle in Marcheprime<\/a><\/div>\n<\/div>\n<\/div><\/div>\n\n\n\n<div class=\"wp-block-uagb-container uagb-block-8acf2ebf alignfull uagb-is-root-container\"><div class=\"uagb-container-inner-blocks-wrap\">\n<p><strong>Kapazit\u00e4t von 500 Sitzpl\u00e4tzen.<\/strong><\/p>\n\n\n\n<p>Ein abwechslungsreiches Programm, das Theater, Tanz, Musik, Zirkus, Humor oder Kino vereint und nat\u00fcrlich Shows, aber auch Treffen mit K\u00fcnstlern, Workshops und gesellige Momente bietet.<br>Finden Sie das gesamte Programm: <a href=\"https:\/\/www.la-caravelle-marcheprime.fr\/\" target=\"_blank\" rel=\"noopener\"><strong>https:\/\/www.la-caravelle-marcheprime.fr\/<\/strong><\/a><\/p>\n\n\n\n<p><strong>ZOOM AUF: <a href=\"https:\/\/lebazardesmomes.wordpress.com\/\" target=\"_blank\" rel=\"noopener\">Festival \u201eLe Bazar des M\u00f4me\u201c<\/a>.<\/strong> Seit 2018 veranstaltet die Stadt ein Festival f\u00fcr Kinder und Familien, bei dem Shows und Workshops f\u00fcr junges Publikum angeboten werden. Das Festival erstreckt sich nun rund um das Bassin in Arcachon in Partnerst\u00e4dten.<\/p>\n\n\n\n<figure class=\"wp-block-image size-full\"><img loading=\"lazy\" decoding=\"async\" width=\"700\" height=\"355\" src=\"https:\/\/bassin-arcachon.com\/wp-content\/uploads\/2023\/10\/Design-sans-titre-95.png\" alt=\"- - Bassin d&#039;Arcachon\" class=\"wp-image-56898\" title=\"- - Bassin d&#039;Arcachon\" srcset=\"https:\/\/bassin-arcachon.com\/wp-content\/uploads\/2023\/10\/Design-sans-titre-95.png 700w, https:\/\/bassin-arcachon.com\/wp-content\/uploads\/2023\/10\/Design-sans-titre-95-600x304.png 600w, https:\/\/bassin-arcachon.com\/wp-content\/uploads\/2023\/10\/Design-sans-titre-95-18x9.png 18w\" sizes=\"auto, (max-width: 700px) 100vw, 700px\" \/><figcaption class=\"wp-element-caption\">\u00a9 Festival Bazar des m\u00f4mes \u2013 La Caravelle<\/figcaption><\/figure>\n<\/div><\/div>\n\n\n\n<div class=\"wp-block-buttons is-layout-flex wp-block-buttons-is-layout-flex\">\n<div class=\"wp-block-button\"><a class=\"wp-block-button__link wp-element-button\" href=\"https:\/\/villedebiganos.fr\/loisirs\/la-culture\/lespace-culturel\/\" target=\"_blank\" rel=\"noopener\">Kulturzentrum Lucien Mounaix in Biganos<\/a><\/div>\n<\/div>\n\n\n\n<div class=\"wp-block-uagb-container uagb-block-cfec1655 alignfull uagb-is-root-container\"><div class=\"uagb-container-inner-blocks-wrap\">\n<p><strong>Kapazit\u00e4t von 300 Pl\u00e4tzen.<\/strong><\/p>\n\n\n\n<p>Die Stadt Biganos bietet das ganze Jahr \u00fcber Shows aus unterschiedlichen Horizonten, vielf\u00e4ltig in ihren Formen und Themen, die Begegnungen und Staunen versprechen. In dieser Saison 2024\/2025 stehen Begegnungen im Mittelpunkt <strong>junges Publikum, denn zum Tr\u00e4umen und Entdecken ist es nie zu fr\u00fch.<\/strong><br>Gro\u00dfe Highlights sind geplant, darunter \u201eLes Mardis de Lucien\u201c, offene B\u00fchnen, auf denen jeder eine Show abliefern kann! Anmeldungen bei der Kulturabteilung unter Mardidelucien@villedebiganos.fr<\/p>\n\n\n\n<p><br>Das gesamte Programm finden Sie auf: <a href=\"http:\/\/www.villedebiganos.fr\/Rubrique\" target=\"_blank\" rel=\"noopener\">www.villedebiganos.fr\/<\/a> Rubrik Kultur <\/p>\n\n\n\n<figure class=\"wp-block-image size-full\"><img loading=\"lazy\" decoding=\"async\" width=\"700\" height=\"355\" src=\"https:\/\/bassin-arcachon.com\/wp-content\/uploads\/2023\/10\/Design-sans-titre-2023-10-26T103736.933.png\" alt=\"- - Bassin d&#039;Arcachon\" class=\"wp-image-56918\" title=\"- - Bassin d&#039;Arcachon\" srcset=\"https:\/\/bassin-arcachon.com\/wp-content\/uploads\/2023\/10\/Design-sans-titre-2023-10-26T103736.933.png 700w, https:\/\/bassin-arcachon.com\/wp-content\/uploads\/2023\/10\/Design-sans-titre-2023-10-26T103736.933-600x304.png 600w, https:\/\/bassin-arcachon.com\/wp-content\/uploads\/2023\/10\/Design-sans-titre-2023-10-26T103736.933-18x9.png 18w\" sizes=\"auto, (max-width: 700px) 100vw, 700px\" \/><figcaption class=\"wp-element-caption\">\u00a9 Herz des Tourismusb\u00fcros Bassin<\/figcaption><\/figure>\n\n\n\n<div class=\"wp-block-buttons is-layout-flex wp-block-buttons-is-layout-flex\">\n<div class=\"wp-block-button\"><a class=\"wp-block-button__link wp-element-button\" href=\"https:\/\/www.theatreladolcevita.fr\/\" target=\"_blank\" rel=\"noopener\">Dolce Vita Theater in Andernos les Bains<\/a><\/div>\n<\/div>\n\n\n\n<div class=\"wp-block-uagb-container uagb-block-87be75d4\">\n<p><strong>Kapazit\u00e4t von 350 Pl\u00e4tzen.<\/strong><\/p>\n\n\n\n<p>Das 2019 er\u00f6ffnete Theater La Dolce Vita bietet ein Programm mit regional und national bekannten K\u00fcnstlern von gro\u00dfer Vielfalt, das sich an jedes Publikum richtet. Das Programm finden Sie unter: <strong>www.theatreladolcevita.fr<\/strong><\/p>\n<\/div>\n<\/div><\/div>\n\n\n\n<div class=\"wp-block-uagb-container uagb-block-5aa23f2d alignfull uagb-is-root-container\"><div class=\"uagb-container-inner-blocks-wrap\">\n<figure class=\"wp-block-image size-full\"><img loading=\"lazy\" decoding=\"async\" width=\"700\" height=\"355\" src=\"https:\/\/bassin-arcachon.com\/wp-content\/uploads\/2023\/10\/Design-sans-titre-96.png\" alt=\"- - Bassin d&#039;Arcachon\" class=\"wp-image-56900\" title=\"- - Bassin d&#039;Arcachon\" srcset=\"https:\/\/bassin-arcachon.com\/wp-content\/uploads\/2023\/10\/Design-sans-titre-96.png 700w, https:\/\/bassin-arcachon.com\/wp-content\/uploads\/2023\/10\/Design-sans-titre-96-600x304.png 600w, https:\/\/bassin-arcachon.com\/wp-content\/uploads\/2023\/10\/Design-sans-titre-96-18x9.png 18w\" sizes=\"auto, (max-width: 700px) 100vw, 700px\" \/><figcaption class=\"wp-element-caption\">\u00a9 La Dolce Vita \u2013 Jean Luc Emanuele<\/figcaption><\/figure>\n\n\n\n<div class=\"wp-block-buttons is-layout-flex wp-block-buttons-is-layout-flex\">\n<div class=\"wp-block-button\"><a class=\"wp-block-button__link wp-element-button\" href=\"https:\/\/www.espacebremontier-ares.fr\/\" target=\"_blank\" rel=\"noopener\">Espace Br\u00e9montier in Ar\u00e8s<\/a><\/div>\n<\/div>\n<\/div><\/div>\n\n\n\n<div class=\"wp-block-uagb-container uagb-block-02ad8071 alignfull uagb-is-root-container\"><div class=\"uagb-container-inner-blocks-wrap\">\n<p><strong>Kapazit\u00e4t von 300 Sitzpl\u00e4tzen und 1000 Stehpl\u00e4tzen.<\/strong><\/p>\n\n\n\n<p>Es wird ein multidisziplin\u00e4res Programm vorgeschlagen, ein Kunstfestival im \u00f6ffentlichen Raum Look!<br>sowie ein Street-Art-Festival.<br>Das gesamte Programm finden Sie auf: <a href=\"https:\/\/www.espacebremontier-ares.fr\" target=\"_blank\" rel=\"noopener\"><strong>https:\/\/www.espacebremontier-ares.fr<\/strong><\/a><\/p>\n<\/div><\/div>\n\n\n\n<figure class=\"wp-block-image size-full\"><img loading=\"lazy\" decoding=\"async\" width=\"700\" height=\"355\" src=\"https:\/\/bassin-arcachon.com\/wp-content\/uploads\/2023\/10\/Design-sans-titre-2023-10-26T111050.456.png\" alt=\"- - Bassin d&#039;Arcachon\" class=\"wp-image-56921\" title=\"- - Bassin d&#039;Arcachon\" srcset=\"https:\/\/bassin-arcachon.com\/wp-content\/uploads\/2023\/10\/Design-sans-titre-2023-10-26T111050.456.png 700w, https:\/\/bassin-arcachon.com\/wp-content\/uploads\/2023\/10\/Design-sans-titre-2023-10-26T111050.456-600x304.png 600w, https:\/\/bassin-arcachon.com\/wp-content\/uploads\/2023\/10\/Design-sans-titre-2023-10-26T111050.456-18x9.png 18w\" sizes=\"auto, (max-width: 700px) 100vw, 700px\" \/><figcaption class=\"wp-element-caption\">\u00a9 Espace Br\u00e9montier<\/figcaption><\/figure>\n\n\n\n<div style=\"height:100px\" aria-hidden=\"true\" class=\"wp-block-spacer\"><\/div>\n\n\n\n<div class=\"wp-block-uagb-separator uagb-block-6aafb9eb\"><div class=\"uagb-separator-spacing-wrapper\"><div class=\"wp-block-uagb-separator__inner\" style=\"--my-background-image:\"><\/div><\/div><\/div>\n\n\n\n<h2 class=\"wp-block-heading\">Unabh\u00e4ngige Orte der Kultur<\/h2>\n\n\n\n<ul class=\"wp-block-list\">\n<li><strong>In Arcachon das Caf\u00e9-Theater \u201eLe Z\u00e8bre\u201c. <\/strong>feiert das Boulevardtheater in freundlicher und gem\u00fctlicher Atmosph\u00e4re mit 75 Sitzpl\u00e4tzen. <a href=\"https:\/\/www.zebrearcachon.fr\/\" target=\"_blank\" rel=\"noopener\"><strong>https:\/\/www.zebrearcachon.fr\/<\/strong><\/a><\/li>\n<\/ul>\n\n\n\n<ul class=\"wp-block-list\">\n<li><strong>In Lanton das Bariton-Gemeinschaftscaf\u00e9<\/strong> bietet das ganze Jahr \u00fcber jedes Wochenende musikalische Abende in der Atmosph\u00e4re von Jazzclubs.<\/li>\n<\/ul>\n\n\n\n<figure class=\"wp-block-image size-full\"><img loading=\"lazy\" decoding=\"async\" width=\"700\" height=\"355\" src=\"https:\/\/bassin-arcachon.com\/wp-content\/uploads\/2023\/10\/Design-sans-titre-2023-10-26T115339.929.png\" alt=\"- - Bassin d&#039;Arcachon\" class=\"wp-image-56923\" title=\"- - Bassin d&#039;Arcachon\" srcset=\"https:\/\/bassin-arcachon.com\/wp-content\/uploads\/2023\/10\/Design-sans-titre-2023-10-26T115339.929.png 700w, https:\/\/bassin-arcachon.com\/wp-content\/uploads\/2023\/10\/Design-sans-titre-2023-10-26T115339.929-600x304.png 600w, https:\/\/bassin-arcachon.com\/wp-content\/uploads\/2023\/10\/Design-sans-titre-2023-10-26T115339.929-18x9.png 18w\" sizes=\"auto, (max-width: 700px) 100vw, 700px\" \/><figcaption class=\"wp-element-caption\">\u00a9 Stadt Arcachon<\/figcaption><\/figure>\n\n\n\n<div style=\"height:100px\" aria-hidden=\"true\" class=\"wp-block-spacer\"><\/div>\n\n\n\n<hr class=\"wp-block-separator has-alpha-channel-opacity\"\/>\n\n\n\n<h2 class=\"wp-block-heading\">Ausstellungsorte<\/h2>\n\n\n\n<div class=\"wp-block-uagb-container uagb-block-9c69edd9 alignfull uagb-is-root-container\"><div class=\"uagb-container-inner-blocks-wrap\">\n<p><strong>Maler, Bildhauer und Handwerker haben Zugang zu ganzj\u00e4hrig ge\u00f6ffneten Ausstellungsr\u00e4umen: <\/strong><\/p>\n<\/div><\/div>\n\n\n\n<div class=\"wp-block-uagb-container uagb-block-a8f59416 alignfull uagb-is-root-container\"><div class=\"uagb-container-inner-blocks-wrap\">\n<ul class=\"wp-block-list\">\n<li><strong>Das Olympia-Theater<\/strong> in Arcachon<\/li>\n\n\n\n<li><strong>Das Haus der K\u00fcnste <\/strong>von Gujan Mestras<\/li>\n\n\n\n<li><strong>Das Louis-David-Haus<\/strong> in Andernos-les-Bains<\/li>\n\n\n\n<li><strong>Die Ausstellungshalle <\/strong>von Ares<\/li>\n\n\n\n<li><strong>Die Quelle<\/strong> bei La Teste de Buch<\/li>\n\n\n\n<li><strong>Der alte Trausaal des Rathausanbaus <\/strong>in Pyla-sur-Mer<\/li>\n\n\n\n<li><strong>Das alte Postamt<\/strong> in Pyla-sur-Mer<\/li>\n<\/ul>\n\n\n\n<p><strong>H\u00fctten mit Aussicht: <\/strong><\/p>\n<\/div><\/div>\n\n\n\n<ul class=\"wp-block-list\">\n<li><strong>In Audenge, die Blaue H\u00fctte<\/strong> am Hafen ist ein Muss f\u00fcr K\u00fcnstler! Wie ein Wahrzeichen dominiert diese traditionelle blaue Kabine den Hafen. Jede Woche kommen und gehen Maler, Bildhauer und Handwerker dorthin und genie\u00dfen einen atemberaubenden Blick auf die Bassin von Arcachon.<\/li>\n\n\n\n<li><strong>In Lanton, La Cabane des Arts<\/strong> ist die neueste Erg\u00e4nzung der Bassin-Showrooms in Arcachon. Es befindet sich im intimen und historischen Ambiente des Hafens von Taussat. Wo Toulouse Lautrec selbst seine Gewohnheiten hatte!<\/li>\n<\/ul>\n\n\n\n<figure class=\"wp-block-image size-full\"><img loading=\"lazy\" decoding=\"async\" width=\"700\" height=\"355\" src=\"https:\/\/bassin-arcachon.com\/wp-content\/uploads\/2023\/10\/Design-sans-titre-97.png\" alt=\"- - Bassin d&#039;Arcachon\" class=\"wp-image-56906\" title=\"- - Bassin d&#039;Arcachon\" srcset=\"https:\/\/bassin-arcachon.com\/wp-content\/uploads\/2023\/10\/Design-sans-titre-97.png 700w, https:\/\/bassin-arcachon.com\/wp-content\/uploads\/2023\/10\/Design-sans-titre-97-600x304.png 600w, https:\/\/bassin-arcachon.com\/wp-content\/uploads\/2023\/10\/Design-sans-titre-97-18x9.png 18w\" sizes=\"auto, (max-width: 700px) 100vw, 700px\" \/><figcaption class=\"wp-element-caption\">\u00a9 M\u00e9lanny Rodrigues<\/figcaption><\/figure>\n\n\n\n<div style=\"height:100px\" aria-hidden=\"true\" class=\"wp-block-spacer\"><\/div>","protected":false},"excerpt":{"rendered":"<p>Sc\u00e8ne en vue ! 8 salles maillent le territoire du Bassin d\u2019Arcachon, offrant une grande diversit\u00e9 de spectacles. Capacit\u00e9 de 654 places Cette nouvelle sc\u00e8ne de 280m\u00b2 est la derni\u00e8re [&hellip;]<\/p>\n","protected":false},"author":25,"featured_media":56926,"comment_status":"closed","ping_status":"open","sticky":false,"template":"","format":"standard","meta":{"_acf_changed":false,"_uag_custom_page_level_css":"","footnotes":""},"categories":[2133],"tags":[],"class_list":["post-56914","post","type-post","status-publish","format-standard","has-post-thumbnail","hentry","category-culture"],"acf":[],"uagb_featured_image_src":{"full":["https:\/\/bassin-arcachon.com\/wp-content\/uploads\/2023\/10\/Design-sans-titre-2023-10-26T140509.466.png",700,355,false],"thumbnail":["https:\/\/bassin-arcachon.com\/wp-content\/uploads\/2023\/10\/Design-sans-titre-2023-10-26T140509.466-150x150.png",150,150,true],"medium":["https:\/\/bassin-arcachon.com\/wp-content\/uploads\/2023\/10\/Design-sans-titre-2023-10-26T140509.466-600x304.png",600,304,true],"medium_large":["https:\/\/bassin-arcachon.com\/wp-content\/uploads\/2023\/10\/Design-sans-titre-2023-10-26T140509.466.png",700,355,false],"large":["https:\/\/bassin-arcachon.com\/wp-content\/uploads\/2023\/10\/Design-sans-titre-2023-10-26T140509.466.png",700,355,false],"1536x1536":["https:\/\/bassin-arcachon.com\/wp-content\/uploads\/2023\/10\/Design-sans-titre-2023-10-26T140509.466.png",700,355,false],"2048x2048":["https:\/\/bassin-arcachon.com\/wp-content\/uploads\/2023\/10\/Design-sans-titre-2023-10-26T140509.466.png",700,355,false],"trp-custom-language-flag":["https:\/\/bassin-arcachon.com\/wp-content\/uploads\/2023\/10\/Design-sans-titre-2023-10-26T140509.466-18x9.png",18,9,true]},"uagb_author_info":{"display_name":"Marie Clauzel","author_link":"https:\/\/bassin-arcachon.com\/de\/author\/mariesiba\/"},"uagb_comment_info":0,"uagb_excerpt":"Sc\u00e8ne en vue ! 8 salles maillent le territoire du Bassin d\u2019Arcachon, offrant une grande diversit\u00e9 de spectacles. Capacit\u00e9 de 654 places Cette nouvelle sc\u00e8ne de 280m\u00b2 est la derni\u00e8re [&hellip;]","_links":{"self":[{"href":"https:\/\/bassin-arcachon.com\/de\/wp-json\/wp\/v2\/posts\/56914","targetHints":{"allow":["GET"]}}],"collection":[{"href":"https:\/\/bassin-arcachon.com\/de\/wp-json\/wp\/v2\/posts"}],"about":[{"href":"https:\/\/bassin-arcachon.com\/de\/wp-json\/wp\/v2\/types\/post"}],"author":[{"embeddable":true,"href":"https:\/\/bassin-arcachon.com\/de\/wp-json\/wp\/v2\/users\/25"}],"replies":[{"embeddable":true,"href":"https:\/\/bassin-arcachon.com\/de\/wp-json\/wp\/v2\/comments?post=56914"}],"version-history":[{"count":3,"href":"https:\/\/bassin-arcachon.com\/de\/wp-json\/wp\/v2\/posts\/56914\/revisions"}],"predecessor-version":[{"id":181012,"href":"https:\/\/bassin-arcachon.com\/de\/wp-json\/wp\/v2\/posts\/56914\/revisions\/181012"}],"wp:featuredmedia":[{"embeddable":true,"href":"https:\/\/bassin-arcachon.com\/de\/wp-json\/wp\/v2\/media\/56926"}],"wp:attachment":[{"href":"https:\/\/bassin-arcachon.com\/de\/wp-json\/wp\/v2\/media?parent=56914"}],"wp:term":[{"taxonomy":"category","embeddable":true,"href":"https:\/\/bassin-arcachon.com\/de\/wp-json\/wp\/v2\/categories?post=56914"},{"taxonomy":"post_tag","embeddable":true,"href":"https:\/\/bassin-arcachon.com\/de\/wp-json\/wp\/v2\/tags?post=56914"}],"curies":[{"name":"wp","href":"https:\/\/api.w.org\/{rel}","templated":true}]}}