{"id":57108,"date":"2026-01-20T14:08:23","date_gmt":"2026-01-20T13:08:23","guid":{"rendered":"https:\/\/bassin-arcachon.com\/?p=57108"},"modified":"2026-03-23T14:49:31","modified_gmt":"2026-03-23T13:49:31","slug":"becken-von-arcachon-wahrend-die-vogel-krahen","status":"publish","type":"post","link":"https:\/\/bassin-arcachon.com\/de\/bassin-darcachon-a-vol-doiseaux\/","title":{"rendered":"Bassin aus Arcachon: Luftlinie!"},"content":{"rendered":"<figure class=\"wp-block-embed is-type-video is-provider-vimeo wp-block-embed-vimeo wp-embed-aspect-16-9 wp-has-aspect-ratio\"><div class=\"wp-block-embed__wrapper\">\n<iframe loading=\"lazy\" title=\"Der Bassin d&#039;Arcachon in Luftlinie\" src=\"https:\/\/player.vimeo.com\/video\/889928641?dnt=1&amp;app_id=122963\" width=\"500\" height=\"281\" frameborder=\"0\" allow=\"autoplay; fullscreen; picture-in-picture; clipboard-write\"><\/iframe>\n<\/div><\/figure>\n\n\n\n<p><strong><a href=\"https:\/\/www.rtbf.be\/article\/regarder-les-oiseaux-serait-bon-pour-votre-sante-mentale-11109906\" target=\"_blank\" rel=\"noopener\">Das Heilmittel f\u00fcr Ihre geistige Gesundheit?<\/a> <\/strong>Machen Sie es sich bequem und <strong>Lassen Sie sich durch dieses kurze Video in der Luftlinie auf der Bassin von Arcachon transportieren!<\/strong><\/p>\n\n\n\n<p>Wussten Sie ? DER <strong>Bassin von Arcachon ist das kleinste Gebiet in Frankreich, das von so vielen Umweltschutzma\u00dfnahmen und klassifizierten Standorten profitiert<\/strong>  : <\/p>\n\n\n\n<ul class=\"wp-block-list\">\n<li><strong>6<\/strong> <a href=\"https:\/\/parc-marin-bassin-arcachon.fr\/\" target=\"_blank\" rel=\"noopener\"><strong>Meeresnaturpark Frankreichs<\/strong> <\/a> <\/li>\n\n\n\n<li><strong>2 nationale Naturschutzgebiete<\/strong> : <strong><a href=\"https:\/\/bassin-arcachon.com\/de\/unser-wesentliches\/die-darguin-bank\/\">Bank von Arguin<\/a><\/strong> und <strong>Pr\u00e9s-Sal\u00e9s d\u2019Ar\u00e8s und L\u00e8ge-Cap Ferret<\/strong>  <\/li>\n\n\n\n<li><strong>5 klassifizierte Websites<\/strong> <strong>unter Naturdenkm\u00e4lern<\/strong> : <a href=\"https:\/\/bassin-arcachon.com\/de\/unser-wesentliches\/die-pilat-dune\/\"><strong>die D\u00fcne von Pilat<\/strong><\/a>, <a href=\"https:\/\/bassin-arcachon.com\/de\/unser-wesentliches\/die-tchanquee-kabinen\/\"><strong>Vogelinsel<\/strong><\/a>, <a href=\"https:\/\/bassin-arcachon.com\/de\/unser-wesentliches\/die-gebiete-von-sicherlich-graveyron\/\"><strong>die Domaine de Graveyron <\/strong><\/a>, die K\u00fcstenzone des Abatilles-Parks und <a href=\"https:\/\/www.ville-lege-capferret.fr\/vivre-a-lege-cap-ferret\/environnement-et-cadre-de-vie\/patrimoine-naturel\/les-reservoirs-de-piraillan\/\" target=\"_blank\" rel=\"noopener\"><strong>die Piraillan-Stauseen<\/strong><\/a> <\/li>\n\n\n\n<li><strong>6 Gemeinden von Bassin<\/strong> sind Teil der <a href=\"https:\/\/www.parc-landes-de-gascogne.fr\/\" target=\"_blank\" rel=\"noopener\"><strong>Regionaler Naturpark Landes de Gascogne<\/strong><\/a> <\/li>\n\n\n\n<li>Und schlussendlich, <strong><a href=\"https:\/\/bassin-arcachon.com\/de\/unser-wesentliches\/das-ornithologische-reservat\/\">1 Ornithologisches Reservat<\/a> <\/strong>mit einer Fl\u00e4che von <strong>110 Hektar erhaltene Naturr\u00e4ume<\/strong> <\/li>\n<\/ul>\n\n\n\n<div class=\"wp-block-uagb-container uagb-block-fa92251c alignfull uagb-is-root-container\"><div class=\"uagb-container-inner-blocks-wrap\"><\/div><\/div>\n\n\n\n<h2 class=\"wp-block-heading\">Das <a href=\"https:\/\/www.reserve-ornithologique-du-teich.com\/\" target=\"_blank\" rel=\"noopener\">Teichreservat<\/a> : ein Paradies f\u00fcr Vogelbeobachter seit 50 Jahren!<\/h2>\n\n\n\n<p>Liegt am <strong>die Gemeinde Teich, <\/strong>Das Reservat ist in Frankreich ein bekannter Ort f\u00fcr die Beobachtung dieser Kuriosit\u00e4ten der Ornithologie! Es ist das ganze Jahr \u00fcber ge\u00f6ffnet und hei\u00dft alle herzlich willkommen <strong>328 Vogelarten<\/strong> zwischen W\u00e4ldern, Schilfgebieten, Wiesen, Meeress\u00fcmpfen und Lagunen!<\/p>\n\n\n\n<figure class=\"wp-block-image size-full\"><img loading=\"lazy\" decoding=\"async\" width=\"835\" height=\"600\" src=\"https:\/\/bassin-arcachon.com\/wp-content\/uploads\/2023\/11\/Design-sans-titre-2023-11-30T142610.474.png\" alt=\"- - Bassin d&#039;Arcachon\" class=\"wp-image-57193\" title=\"- - Bassin d&#039;Arcachon\" srcset=\"https:\/\/bassin-arcachon.com\/wp-content\/uploads\/2023\/11\/Design-sans-titre-2023-11-30T142610.474.png 835w, https:\/\/bassin-arcachon.com\/wp-content\/uploads\/2023\/11\/Design-sans-titre-2023-11-30T142610.474-600x431.png 600w, https:\/\/bassin-arcachon.com\/wp-content\/uploads\/2023\/11\/Design-sans-titre-2023-11-30T142610.474-768x552.png 768w, https:\/\/bassin-arcachon.com\/wp-content\/uploads\/2023\/11\/Design-sans-titre-2023-11-30T142610.474-18x12.png 18w\" sizes=\"auto, (max-width: 835px) 100vw, 835px\" \/><figcaption class=\"wp-element-caption\">Gro\u00dfer Gro\u00dfer Brachvogel \u2013 \u00a9 Erick LAUCHER<\/figcaption><\/figure>\n\n\n\n<p><strong>Sesshaft, \u00fcberwinternd, teilweise oder vollst\u00e4ndig wandernd<\/strong> \u2026der Stand wird ver\u00e4ndert <strong>durch die Jahreszeiten und Gezeiten<\/strong>. Das <strong>Das spektakul\u00e4re Ergebnis f\u00fcr einen so kleinen Standort zeugt vom Wert eines Ortes<\/strong> Dies bietet V\u00f6geln, die die Region durchqueren, zahlreiche Ressourcen. <\/p>\n\n\n\n<p>Aber seien Sie vorsichtig, diese Beobachtungen<strong> sind manchmal einzigartig<\/strong>Man sollte daher nicht damit rechnen, die Art zu finden <strong>Sehr selten (TR)<\/strong> bei jedem Besuch. Dort &quot;<a class=\"\" href=\"https:\/\/www.reserve-ornithologique-du-teich.com\/wp-content\/uploads\/2023\/04\/Liste-des-especes-observees-ROT-avril-2023.pdf\" target=\"_blank\" rel=\"noopener\"><strong>Liste der V\u00f6gel, die von 1972 bis 2023 im Teich Ornithological Reserve beobachtet wurden<\/strong><\/a>\u201eist st\u00e4ndig im Aufbau!<\/p>\n\n\n\n<p><em>Das Reservat setzt sich sehr aktiv f\u00fcr den Schutz der dort lebenden Wildv\u00f6gel ein, insbesondere seltener oder bedrohter Arten, die Gegenstand von Schutzma\u00dfnahmen auf nationaler oder europ\u00e4ischer Ebene sind. Es gilt daher als von internationaler Bedeutung f\u00fcr das \u00dcberleben mehrerer Watv\u00f6gel und beherbergt bedrohte S\u00e4ugetiere und Lebensr\u00e4ume von gemeinschaftlichem Interesse.<\/em><\/p>\n\n\n\n<div class=\"wp-block-uagb-container uagb-block-4073c514 alignfull uagb-is-root-container\"><div class=\"uagb-container-inner-blocks-wrap\"><\/div><\/div>\n\n\n\n<h2 class=\"wp-block-heading\">Auf der Route der Zugv\u00f6gel<\/h2>\n\n\n\n<figure class=\"wp-block-image size-full\"><img loading=\"lazy\" decoding=\"async\" width=\"835\" height=\"600\" src=\"https:\/\/bassin-arcachon.com\/wp-content\/uploads\/2023\/11\/Design-sans-titre-2023-11-30T121323.711.png\" alt=\"- - Bassin d&#039;Arcachon\" class=\"wp-image-57168\" title=\"- - Bassin d&#039;Arcachon\" srcset=\"https:\/\/bassin-arcachon.com\/wp-content\/uploads\/2023\/11\/Design-sans-titre-2023-11-30T121323.711.png 835w, https:\/\/bassin-arcachon.com\/wp-content\/uploads\/2023\/11\/Design-sans-titre-2023-11-30T121323.711-600x431.png 600w, https:\/\/bassin-arcachon.com\/wp-content\/uploads\/2023\/11\/Design-sans-titre-2023-11-30T121323.711-768x552.png 768w, https:\/\/bassin-arcachon.com\/wp-content\/uploads\/2023\/11\/Design-sans-titre-2023-11-30T121323.711-18x12.png 18w\" sizes=\"auto, (max-width: 835px) 100vw, 835px\" \/><figcaption class=\"wp-element-caption\">\u00a9 Teich Ornithologisches Reservat<\/figcaption><\/figure>\n\n\n\n<p>Der Bassin von Arcachon ist <strong>im Herzen eines der wichtigsten Migrationskorridore der Welt<\/strong>&nbsp;: der Migrationskorridor <strong>Ostatlantik<\/strong>, jedes Jahr von Dutzenden Millionen V\u00f6geln aus den nordischen L\u00e4ndern genutzt (<em>Nordeuropa, Russland, Sibirien, Island, Gr\u00f6nland, Kanada\u2026<\/em>). <strong>Ein gro\u00dfer Teil dieser V\u00f6gel durchquert jeden Herbst Frankreich, um das Mittelmeerbecken oder Afrika zu erreichen.<\/strong>.&nbsp;<\/p>\n\n\n\n<p>Vom Himmel aus gesehen entsteht der Bassin von Arcachon <strong>ein leicht erkennbarer Bruch an der K\u00fcste<\/strong>. Die Vielfalt seiner Umgebungen bietet wesentliche Ressourcen <strong>Enten, L\u00f6ffler, G\u00e4nse oder Watv\u00f6gel<\/strong> die \u00fcber Zwischenstopps migrieren und m\u00fcssen<strong> ruhen und ern\u00e4hren sich w\u00e4hrend ihrer langen und gef\u00e4hrlichen Reise.<\/strong><\/p>\n\n\n\n<p>Der Bassin beherbergt den gr\u00f6\u00dften <strong>Zwerg-Seegras-Herbarium und wichtige Seegras-Beete&nbsp;<\/strong>: ein Lebensraum, der als Zufluchtsort und Kinderstube dient <strong>Fisch, Tintenfisch, Seepferdchen, Garnelen \u2026 und f\u00fcr die G\u00e4nse<\/strong> Mutige, die jedes Jahr zu Zehntausenden auf dem Bassin \u00fcberwintern: <strong>mehr als 18.000 im Jahr 2023!<\/strong><\/p>\n\n\n\n<div class=\"wp-block-uagb-container uagb-block-6b655eaa alignfull uagb-is-root-container\"><div class=\"uagb-container-inner-blocks-wrap\"><\/div><\/div>\n\n\n\n<h3 class=\"wp-block-heading\"><strong>2 Migrationsperioden zu unterscheiden: <\/strong><\/h3>\n\n\n\n<ul class=\"wp-block-list\">\n<li><strong>Voreheliche Migration<\/strong>&nbsp;(\u201evor der Hochzeit\u201c) oder \u201eFr\u00fchlings-\u201c oder sogar \u201eAufstiegs\u201c-Wanderung, die von Ende Januar (Graugans, Spie\u00dfente usw.) bis Anfang Juni dauert.<\/li>\n\n\n\n<li><strong>Nacheheliche Migration<\/strong>&nbsp;(\u201enach der Hochzeit\u201c) oder \u201eHerbst\u201c- oder auch \u201eAbstiegs\u201c-Migration, die im Juni beginnt und im Dezember endet. Nat\u00fcrlich findet die Wanderung eines Maximums an Arten in der mittleren Periode jeder Wanderung (M\u00e4rz-Mai und September-November) statt.<\/li>\n<\/ul>\n\n\n\n<p>W\u00e4hrend dieser beiden Lebensabschnitte der Zugv\u00f6gel k\u00f6nnen sich Zehntausende V\u00f6gel f\u00fcr einige Stunden oder Tage im Reservat aufhalten. <strong>In diesen beiden Zeitr\u00e4umen ist die Vielfalt am Standort am gr\u00f6\u00dften und es ist \u00fcblich, bei einem Besuch mehr als 100 Arten zu treffen.<\/strong> Auch bei Migrationen haben wir die gr\u00f6\u00dften Chancen<strong> um seltene V\u00f6gel zu beobachten, die aus dem fernen Amerika oder Zentralasien kommen.<\/strong> Aber wie \u00fcberall in der Natur wird nichts im Voraus erfasst und viele Parameter \u00e4ndern sich<strong> die \u201eVorhersagen\u201c der besten Naturforscher hinsichtlich der \u201eProgrammierung\u201c der Durchreise oder des Zwischenstopps dieser V\u00f6gel. <\/strong><\/p>\n\n\n\n<div class=\"wp-block-uagb-container uagb-block-81c5e7b5 alignfull uagb-is-root-container\"><div class=\"uagb-container-inner-blocks-wrap\"><\/div><\/div>\n\n\n\n<h2 class=\"wp-block-heading\">Von der Ruhe des Herbstes und Winters\u2026<\/h2>\n\n\n\n<figure class=\"wp-block-image size-full\"><img loading=\"lazy\" decoding=\"async\" width=\"835\" height=\"600\" src=\"https:\/\/bassin-arcachon.com\/wp-content\/uploads\/2023\/11\/Design-sans-titre-2023-11-30T115532.492.png\" alt=\"- - Bassin d&#039;Arcachon\" class=\"wp-image-57166\" title=\"- - Bassin d&#039;Arcachon\" srcset=\"https:\/\/bassin-arcachon.com\/wp-content\/uploads\/2023\/11\/Design-sans-titre-2023-11-30T115532.492.png 835w, https:\/\/bassin-arcachon.com\/wp-content\/uploads\/2023\/11\/Design-sans-titre-2023-11-30T115532.492-600x431.png 600w, https:\/\/bassin-arcachon.com\/wp-content\/uploads\/2023\/11\/Design-sans-titre-2023-11-30T115532.492-768x552.png 768w, https:\/\/bassin-arcachon.com\/wp-content\/uploads\/2023\/11\/Design-sans-titre-2023-11-30T115532.492-18x12.png 18w\" sizes=\"auto, (max-width: 835px) 100vw, 835px\" \/><figcaption class=\"wp-element-caption\">Wei\u00dfe Stelze \/ Uferschnepfe \/ Sumpfschnepfe \u2013 \u00a9 Erick LAUCHER \/ Marion DAL BELLO<\/figcaption><\/figure>\n\n\n\n<p><strong>Der angesagte Ort: <\/strong>Es ist<strong> DORT<\/strong> Phase des Jahres, in der wir die treffen<strong>Die gr\u00f6\u00dfte Vogelkonzentration im Reservat<\/strong> ! Eine besonders interessante Saison f\u00fcr <strong>sogenannte \u201e\u00fcberwinternde\u201c Arten beobachten, <\/strong>die sich in spektakul\u00e4ren Fl\u00fcgen auf den Gew\u00e4ssern des Reservats versammeln!<\/p>\n\n\n\n<p>Wir beobachten <strong>ab Herbst <\/strong>Versammlungen von <strong>Alpenstrandl\u00e4ufer, Brachv\u00f6gel, S\u00e4belschn\u00e4bler oder Uferschnepfen. <\/strong>Diese V\u00f6gel riefen <strong>\u201eW\u00fcstenv\u00f6gel\u201c<\/strong> Bei Ebbe ern\u00e4hren sie sich vom K\u00fcstenvorland und bei Flut vom Reservat. Es ist auch die Zeit, das subtile Gefieder des Vogels zu beobachten <strong>Krickente: die kleinste unserer Platschenten. <\/strong><\/p>\n\n\n\n<p>Das <strong>Migranten aus Nord- und Osteuropa<\/strong> Stoppen Sie in der Anzahl an <strong>\u00dcberwintern Sie im Reservat<\/strong>. Dieser Zeitraum rief an <strong>&quot;\u00dcberwinterung&quot;<\/strong> beginnt f\u00fcr einige <strong>im Oktober und dauert bis M\u00e4rz<\/strong> f\u00fcr andere: V\u00f6gel bewegen sich nur \u00fcber kurze Distanzen,- <strong>haupts\u00e4chlich zum Essen.<\/strong><\/p>\n\n\n\n<div class=\"wp-block-uagb-container uagb-block-bdcd4531 alignfull uagb-is-root-container\"><div class=\"uagb-container-inner-blocks-wrap\"><\/div><\/div>\n\n\n\n<h2 class=\"wp-block-heading\"><strong>\u2026zur Vorfreude auf Fr\u00fchling und Sommer&nbsp;<\/strong><\/h2>\n\n\n\n<figure class=\"wp-block-image size-full\"><img loading=\"lazy\" decoding=\"async\" width=\"1449\" height=\"966\" src=\"https:\/\/bassin-arcachon.com\/wp-content\/uploads\/2023\/11\/Avocette-elegante-juvenile-par-Amandine-SOYEZ.jpg\" alt=\"- - Bassin d&#039;Arcachon\" class=\"wp-image-57160\" title=\"- - Bassin d&#039;Arcachon\" srcset=\"https:\/\/bassin-arcachon.com\/wp-content\/uploads\/2023\/11\/Avocette-elegante-juvenile-par-Amandine-SOYEZ.jpg 1449w, https:\/\/bassin-arcachon.com\/wp-content\/uploads\/2023\/11\/Avocette-elegante-juvenile-par-Amandine-SOYEZ-600x400.jpg 600w, https:\/\/bassin-arcachon.com\/wp-content\/uploads\/2023\/11\/Avocette-elegante-juvenile-par-Amandine-SOYEZ-1024x683.jpg 1024w, https:\/\/bassin-arcachon.com\/wp-content\/uploads\/2023\/11\/Avocette-elegante-juvenile-par-Amandine-SOYEZ-768x512.jpg 768w, https:\/\/bassin-arcachon.com\/wp-content\/uploads\/2023\/11\/Avocette-elegante-juvenile-par-Amandine-SOYEZ-18x12.jpg 18w\" sizes=\"auto, (max-width: 1449px) 100vw, 1449px\" \/><figcaption class=\"wp-element-caption\">Junger S\u00e4belschn\u00e4bler \u2013 \u00a9 Amandine SOYEZ<\/figcaption><\/figure>\n\n\n\n<p><strong>88 Arten nisten oder haben bereits auf den 110 Hektar des Reservats gebr\u00fctet: Im Fr\u00fchling k\u00f6nnen Sie in den 20 Observatorien entlang der Route junge V\u00f6gel von der Geburt bis zum Flug beobachten.<\/strong><\/p>\n\n\n\n<p>Wie das Sprichwort sagt: <strong>Der Fr\u00fchling ist die Jahreszeit der Liebe<\/strong> ! Und es sind nicht der Buntspecht, der Graureiher oder gar die Silberm\u00f6we, die Ihnen das Gegenteil sagen werden. Die Brutzeit erstreckt sich von Ende Januar, wenn der erste <strong>Wei\u00dfst\u00f6rche<\/strong> R\u00fcckkehr zu ihren Nestern und bis Ende August mit dem Flug der letzten K\u00fcken<strong> Wasserschiene <\/strong>im Reservat geboren.<\/p>\n\n\n\n<p>Besonders h\u00e4ufig kommen Sperlingsv\u00f6gel vor, am h\u00e4ufigsten wie die <strong>Robin<\/strong>, bis hin zu den seltensten wie dem <strong>Blaukehlchen mit wei\u00dfem Spiegel.<\/strong><\/p>\n\n\n\n<p>Bei den meisten Arten erreicht sie jedoch ihren H\u00f6hepunkt<strong> zwischen April und Juni.<\/strong> Die meisten Arten sind w\u00e4hrend dieser Brutzeit sehr diskret, einige gehen jedoch weg<strong> Bewundern Sie ihren Nachwuchs aus n\u00e4chster N\u00e4he, von Observatorien oder Wanderwegen aus: <\/strong>Lachm\u00f6wen, Stelzenl\u00e4ufer, Flussregenpfeifer, Schwarzmilane, Brandg\u00e4nse \u2026!<\/p>\n\n\n\n<div class=\"wp-block-uagb-container uagb-block-de6f1fd4 alignfull uagb-is-root-container\"><div class=\"uagb-container-inner-blocks-wrap\"><\/div><\/div>\n\n\n\n<h2 class=\"wp-block-heading\">Hauptarten:<\/h2>\n\n\n\n<figure class=\"wp-block-image size-full\"><img loading=\"lazy\" decoding=\"async\" width=\"835\" height=\"600\" src=\"https:\/\/bassin-arcachon.com\/wp-content\/uploads\/2023\/11\/Design-sans-titre-2023-11-30T114821.806.png\" alt=\"- - Bassin d&#039;Arcachon\" class=\"wp-image-57162\" title=\"- - Bassin d&#039;Arcachon\" srcset=\"https:\/\/bassin-arcachon.com\/wp-content\/uploads\/2023\/11\/Design-sans-titre-2023-11-30T114821.806.png 835w, https:\/\/bassin-arcachon.com\/wp-content\/uploads\/2023\/11\/Design-sans-titre-2023-11-30T114821.806-600x431.png 600w, https:\/\/bassin-arcachon.com\/wp-content\/uploads\/2023\/11\/Design-sans-titre-2023-11-30T114821.806-768x552.png 768w, https:\/\/bassin-arcachon.com\/wp-content\/uploads\/2023\/11\/Design-sans-titre-2023-11-30T114821.806-18x12.png 18w\" sizes=\"auto, (max-width: 835px) 100vw, 835px\" \/><figcaption class=\"wp-element-caption\">\u00a9 Joris GRENON<\/figcaption><\/figure>\n\n\n\n<p><strong>V\u00f6gel<\/strong> : Stelzenl\u00e4ufer, S\u00e4belschn\u00e4bler, L\u00f6ffler, Wei\u00dfstorch, Eisvogel, Nanteser Blaukehlchen, Gro\u00dfer Brachvogel, Rotschenkel, Grasm\u00fccke, Schwarzer Millan, Grashalm, Wendehals, Alpenstrandl\u00e4ufer, L\u00f6ffelente, Stockente, Kiebitz, Wiedehopf, Europ\u00e4er Pirol, Graureiher, Seidenreiher, Silberreiher, Fischadler, Rohrweihe, Wasserralle, Polyglotte Bekassine, Sumpfbekassine usw.<br><a href=\"https:\/\/www.reserve-ornithologique-du-teich.com\/wp-content\/uploads\/2023\/09\/Planche-dobservation-des-Oiseaux-50-ans-Reserve-Ornithologique-du-Teich.pdf\" target=\"_blank\" rel=\"noopener\"><strong>zu finden im Vogelbeobachtungsbuch des Reservats&nbsp;<\/strong><\/a>!<br><strong>S\u00e4ugetiere<\/strong> : Europ\u00e4ischer Fischotter, Ginsterkatze, Wildratte\u2026<br><strong>Fische<\/strong> : Meer\u00e4sche\u2026<br><strong>Reptilien<\/strong> : Europ\u00e4ische Sumpfschildkr\u00f6te, zweizeilige Eidechse\u2026<br><strong>Pflanzen<\/strong> : Binsen, Tamarisken, Phragmiten<\/p>\n\n\n\n<div class=\"wp-block-uagb-container uagb-block-f3a426ff alignfull uagb-is-root-container\"><div class=\"uagb-container-inner-blocks-wrap\"><\/div><\/div>\n\n\n\n<h2 class=\"wp-block-heading\"><strong>Eine zum Fotografieren geeignete Seite:<\/strong><\/h2>\n\n\n\n<figure class=\"wp-block-image size-full\"><img loading=\"lazy\" decoding=\"async\" width=\"835\" height=\"600\" src=\"https:\/\/bassin-arcachon.com\/wp-content\/uploads\/2023\/11\/Design-sans-titre-2023-11-30T113634.927.png\" alt=\"- - Bassin d&#039;Arcachon\" class=\"wp-image-57157\" title=\"- - Bassin d&#039;Arcachon\" srcset=\"https:\/\/bassin-arcachon.com\/wp-content\/uploads\/2023\/11\/Design-sans-titre-2023-11-30T113634.927.png 835w, https:\/\/bassin-arcachon.com\/wp-content\/uploads\/2023\/11\/Design-sans-titre-2023-11-30T113634.927-600x431.png 600w, https:\/\/bassin-arcachon.com\/wp-content\/uploads\/2023\/11\/Design-sans-titre-2023-11-30T113634.927-768x552.png 768w, https:\/\/bassin-arcachon.com\/wp-content\/uploads\/2023\/11\/Design-sans-titre-2023-11-30T113634.927-18x12.png 18w\" sizes=\"auto, (max-width: 835px) 100vw, 835px\" \/><figcaption class=\"wp-element-caption\">\u00a9 Marion Dal Bello<\/figcaption><\/figure>\n\n\n\n<p>Die Seite ist geworden <strong>ein privilegiertes Ziel f\u00fcr Profi- und Amateurfotografen.<\/strong> Seine Hauptvorteile sind:<strong> die Vielfalt der Landschaften und Arten, die Regelm\u00e4\u00dfigkeit eines m\u00f6glichen Spektakels das ganze Jahr \u00fcber, die manchmal beunruhigende N\u00e4he der V\u00f6gel, ihre zunehmende Anziehungskraft auf die \u00d6ffentlichkeit und die Gestaltung der Observatorien.<\/strong><\/p>\n\n\n\n<p>Der Teich-Standort wurde k\u00fcrzlich als anerkannt<strong> Siebtbester Ort f\u00fcr Vogelbeobachtung in Europa und erster in Frankreich<\/strong> von der Vogelbeobachter-Community!<\/p>\n\n\n\n<div class=\"wp-block-uagb-container uagb-block-c8377104 alignfull uagb-is-root-container\"><div class=\"uagb-container-inner-blocks-wrap\"><\/div><\/div>\n\n\n\n<h2 class=\"wp-block-heading\">Besuchen Sie das Reservat: <\/h2>\n\n\n\n<p>Der Besuch des Teich Ornithological Reserve erfolgt zu Fu\u00df <strong>eines 6 km langen Rundwegs.<\/strong> Die Strecke ist auch mit Stra\u00dfenschuhen gut begehbar. Ein Minimum <strong>Es werden 3 bis 4 Stunden erwartet <\/strong>um das Gel\u00e4nde zu besichtigen und dabei die V\u00f6gel zu beobachten. F\u00fcr Personen mit eingeschr\u00e4nkter Mobilit\u00e4t oder mit kleinen Kindern ist eine Abk\u00fcrzung m\u00f6glich <strong>(ca. 2,5 km)<\/strong>.<\/p>\n\n\n\n<p><strong>20 Beobachtungskabinen<\/strong> Unterbrechen Sie den Weg an den f\u00fcr die Vogelbeobachtung g\u00fcnstigsten Stellen. Verteilt ca<strong> alle 300m, <\/strong>Sie erm\u00f6glichen einen angenehmen Besuch bei jedem Wetter (Regen, K\u00e4lte, Hitze). <strong>4 erh\u00f6hte Aussichtspunkte <\/strong>bieten einen Blick auf die Landschaften des Teich Ornithological Reserve oder seiner Umgebung.<\/p>\n\n\n\n<figure class=\"wp-block-image size-full\"><img loading=\"lazy\" decoding=\"async\" width=\"835\" height=\"600\" src=\"https:\/\/bassin-arcachon.com\/wp-content\/uploads\/2023\/11\/Design-sans-titre-2023-11-30T121716.256.png\" alt=\"- - Bassin d&#039;Arcachon\" class=\"wp-image-57172\" title=\"- - Bassin d&#039;Arcachon\" srcset=\"https:\/\/bassin-arcachon.com\/wp-content\/uploads\/2023\/11\/Design-sans-titre-2023-11-30T121716.256.png 835w, https:\/\/bassin-arcachon.com\/wp-content\/uploads\/2023\/11\/Design-sans-titre-2023-11-30T121716.256-600x431.png 600w, https:\/\/bassin-arcachon.com\/wp-content\/uploads\/2023\/11\/Design-sans-titre-2023-11-30T121716.256-768x552.png 768w, https:\/\/bassin-arcachon.com\/wp-content\/uploads\/2023\/11\/Design-sans-titre-2023-11-30T121716.256-18x12.png 18w\" sizes=\"auto, (max-width: 835px) 100vw, 835px\" \/><figcaption class=\"wp-element-caption\">\u00a9 Teich Ornithologisches Reservat<\/figcaption><\/figure>\n\n\n\n<div class=\"wp-block-uagb-container uagb-block-20b5437c alignfull uagb-is-root-container\"><div class=\"uagb-container-inner-blocks-wrap\"><\/div><\/div>\n\n\n\n<h2 class=\"wp-block-heading\">Wann soll ich kommen?<\/h2>\n\n\n\n<p>Das Reservat ist ge\u00f6ffnet<strong> t\u00e4glich au\u00dfer 25. Dezember<\/strong>. Denken Sie vor Ihrer Ankunft daran, die Gezeitenzeiten zu \u00fcberpr\u00fcfen: <strong>Bei Flut sind die V\u00f6gel zahlreicher!<\/strong><\/p>","protected":false},"excerpt":{"rendered":"<p>Le rem\u00e8de pour soigner votre sant\u00e9 mentale ? Installez-vous confortablement et laissez vous transporter \u00e0 vol d&rsquo;oiseaux sur le Bassin d&rsquo;Arcachon, \u00e0 travers cette courte vid\u00e9o ! Le saviez-vous ? [&hellip;]<\/p>\n","protected":false},"author":25,"featured_media":57187,"comment_status":"closed","ping_status":"closed","sticky":false,"template":"","format":"standard","meta":{"_acf_changed":false,"_uag_custom_page_level_css":"","footnotes":""},"categories":[2129],"tags":[],"class_list":["post-57108","post","type-post","status-publish","format-standard","has-post-thumbnail","hentry","category-nature-art-de-vivre"],"acf":[],"uagb_featured_image_src":{"full":["https:\/\/bassin-arcachon.com\/wp-content\/uploads\/2023\/11\/Design-sans-titre-2023-11-30T141423.675.png",700,355,false],"thumbnail":["https:\/\/bassin-arcachon.com\/wp-content\/uploads\/2023\/11\/Design-sans-titre-2023-11-30T141423.675-150x150.png",150,150,true],"medium":["https:\/\/bassin-arcachon.com\/wp-content\/uploads\/2023\/11\/Design-sans-titre-2023-11-30T141423.675-600x304.png",600,304,true],"medium_large":["https:\/\/bassin-arcachon.com\/wp-content\/uploads\/2023\/11\/Design-sans-titre-2023-11-30T141423.675.png",700,355,false],"large":["https:\/\/bassin-arcachon.com\/wp-content\/uploads\/2023\/11\/Design-sans-titre-2023-11-30T141423.675.png",700,355,false],"1536x1536":["https:\/\/bassin-arcachon.com\/wp-content\/uploads\/2023\/11\/Design-sans-titre-2023-11-30T141423.675.png",700,355,false],"2048x2048":["https:\/\/bassin-arcachon.com\/wp-content\/uploads\/2023\/11\/Design-sans-titre-2023-11-30T141423.675.png",700,355,false],"trp-custom-language-flag":["https:\/\/bassin-arcachon.com\/wp-content\/uploads\/2023\/11\/Design-sans-titre-2023-11-30T141423.675-18x9.png",18,9,true]},"uagb_author_info":{"display_name":"Marie Clauzel","author_link":"https:\/\/bassin-arcachon.com\/de\/author\/mariesiba\/"},"uagb_comment_info":0,"uagb_excerpt":"Le rem\u00e8de pour soigner votre sant\u00e9 mentale ? Installez-vous confortablement et laissez vous transporter \u00e0 vol d&rsquo;oiseaux sur le Bassin d&rsquo;Arcachon, \u00e0 travers cette courte vid\u00e9o ! Le saviez-vous ? [&hellip;]","_links":{"self":[{"href":"https:\/\/bassin-arcachon.com\/de\/wp-json\/wp\/v2\/posts\/57108","targetHints":{"allow":["GET"]}}],"collection":[{"href":"https:\/\/bassin-arcachon.com\/de\/wp-json\/wp\/v2\/posts"}],"about":[{"href":"https:\/\/bassin-arcachon.com\/de\/wp-json\/wp\/v2\/types\/post"}],"author":[{"embeddable":true,"href":"https:\/\/bassin-arcachon.com\/de\/wp-json\/wp\/v2\/users\/25"}],"replies":[{"embeddable":true,"href":"https:\/\/bassin-arcachon.com\/de\/wp-json\/wp\/v2\/comments?post=57108"}],"version-history":[{"count":2,"href":"https:\/\/bassin-arcachon.com\/de\/wp-json\/wp\/v2\/posts\/57108\/revisions"}],"predecessor-version":[{"id":122179,"href":"https:\/\/bassin-arcachon.com\/de\/wp-json\/wp\/v2\/posts\/57108\/revisions\/122179"}],"wp:featuredmedia":[{"embeddable":true,"href":"https:\/\/bassin-arcachon.com\/de\/wp-json\/wp\/v2\/media\/57187"}],"wp:attachment":[{"href":"https:\/\/bassin-arcachon.com\/de\/wp-json\/wp\/v2\/media?parent=57108"}],"wp:term":[{"taxonomy":"category","embeddable":true,"href":"https:\/\/bassin-arcachon.com\/de\/wp-json\/wp\/v2\/categories?post=57108"},{"taxonomy":"post_tag","embeddable":true,"href":"https:\/\/bassin-arcachon.com\/de\/wp-json\/wp\/v2\/tags?post=57108"}],"curies":[{"name":"wp","href":"https:\/\/api.w.org\/{rel}","templated":true}]}}