{"id":59031,"date":"2024-09-16T16:08:27","date_gmt":"2024-09-16T14:08:27","guid":{"rendered":"https:\/\/bassin-arcachon.com\/?p=59031"},"modified":"2024-09-20T12:08:54","modified_gmt":"2024-09-20T10:08:54","slug":"darcachon-becken-auf-dem-weg-in-eine-grune-zukunft","status":"publish","type":"post","link":"https:\/\/bassin-arcachon.com\/de\/bassin-darcachon-cap-sur-un-avenir-vert\/","title":{"rendered":"Bassin in Arcachon: Auf dem Weg in eine gr\u00fcne Zukunft!"},"content":{"rendered":"<div class=\"wp-block-uagb-container uagb-block-b4ce7534 alignfull uagb-is-root-container\"><div class=\"uagb-container-inner-blocks-wrap\">\n<p>Seit mehreren Jahren, <strong>die lokalen Akteure des Bassin von Arcachon<\/strong>, ob aus dem Tourismus- oder Agrarsektor, mobilisieren sich mit Leidenschaft f\u00fcr die F\u00f6rderung <strong>nachhaltige und verantwortungsvolle Praktiken.<\/strong> Ihre gemeinsamen Anstrengungen machen es m\u00f6glich <strong>Entdecken Sie das Bassin anders, mit einem aufmerksameren und respektvolleren Blick auf diese gesch\u00fctzte Natur.\u00a0<\/strong><\/p>\n<\/div><\/div>\n\n\n\n<h2 class=\"wp-block-heading\"><strong> Kollektive Mobilisierung<\/strong><\/h2>\n\n\n\n<div class=\"wp-block-uagb-container uagb-block-1aab4f29 alignfull uagb-is-root-container\"><div class=\"uagb-container-inner-blocks-wrap\">\n<div class=\"wp-block-uagb-container uagb-block-9a7d9ca5\">\n<figure class=\"wp-block-image size-full\"><img loading=\"lazy\" decoding=\"async\" width=\"1024\" height=\"1024\" src=\"https:\/\/bassin-arcachon.com\/wp-content\/uploads\/2024\/09\/IMG_0071-1024x1024-1.jpg\" alt=\"Pflanzen in einem Gew\u00e4chshaus in der Gemeinde Biganos, das \u201eSerre \u00d4 D\u00e9lices\u201d hei\u00dft.\" class=\"wp-image-59033\" title=\"- - Bassin d&#039;Arcachon\" srcset=\"https:\/\/bassin-arcachon.com\/wp-content\/uploads\/2024\/09\/IMG_0071-1024x1024-1.jpg 1024w, https:\/\/bassin-arcachon.com\/wp-content\/uploads\/2024\/09\/IMG_0071-1024x1024-1-600x600.jpg 600w, https:\/\/bassin-arcachon.com\/wp-content\/uploads\/2024\/09\/IMG_0071-1024x1024-1-150x150.jpg 150w, https:\/\/bassin-arcachon.com\/wp-content\/uploads\/2024\/09\/IMG_0071-1024x1024-1-768x768.jpg 768w, https:\/\/bassin-arcachon.com\/wp-content\/uploads\/2024\/09\/IMG_0071-1024x1024-1-12x12.jpg 12w\" sizes=\"auto, (max-width: 1024px) 100vw, 1024px\" \/><figcaption class=\"wp-element-caption\">Serre \u00d4 D\u00e9lices<\/figcaption><\/figure>\n<\/div>\n\n\n\n<div class=\"wp-block-uagb-container uagb-block-d9eae3e2\">\n<p>Der Erfolg dieses \u00dcbergangs zum nachhaltigen Tourismus h\u00e4ngt von der Zusammenarbeit zwischen den verschiedenen Interessengruppen in der Region ab.&nbsp;<\/p>\n\n\n\n<p>Tourismusb\u00fcros, wie z\u00a0<a href=\"https:\/\/tourisme-coeurdubassin.com\/\" target=\"_blank\" rel=\"noreferrer noopener\"><strong>Herzst\u00fcck des Bassin<\/strong><\/a>\u00a0mit einem engagierten Ansatz f\u00fcr \u00d6kotourismus sowie\u00a0<strong><a href=\"https:\/\/www.arcachonecotours.com\/\" target=\"_blank\" rel=\"noopener\">Arcachon \u00d6kotouren<\/a><\/strong>\u00a0mit umweltbewusstem und engagiertem Gesch\u00e4ftstourismus in der Region; Umweltverb\u00e4nde und lokale Unternehmen wie die Agentur\u00a0<strong><a href=\"https:\/\/www.khapevent.fr\/\" target=\"_blank\" rel=\"noopener\">Khap-Ereignis<\/a><\/strong>\u00a0Arbeiten Sie mit einem echten CSR-Ansatz Hand in Hand, um umweltfreundliche Aktivit\u00e4ten anzubieten.\u00a0<\/p>\n<\/div>\n<\/div><\/div>\n\n\n\n<div class=\"wp-block-uagb-container uagb-block-5d925c03 alignfull uagb-is-root-container\"><div class=\"uagb-container-inner-blocks-wrap\">\n<h2 class=\"wp-block-heading\"><strong>Bewusstsein und Permakultur<\/strong><\/h2>\n<\/div><\/div>\n\n\n\n<div class=\"wp-block-uagb-container uagb-block-a94764c0 alignfull uagb-is-root-container\"><div class=\"uagb-container-inner-blocks-wrap\">\n<div class=\"wp-block-uagb-container uagb-block-c4ed16a9\">\n<p>Der Erfolg dieses \u00dcbergangs zu <strong>nachhaltiger Tourismus<\/strong> ruht auf der <strong>Zusammenarbeit zwischen den verschiedenen Akteuren im Gebiet.\u00a0<\/strong><\/p>\n\n\n\n<p>Um gute Praktiken zu f\u00f6rdern, <strong>Der Schwerpunkt des Bassin in Arcachon liegt auf der Sensibilisierung.\u00a0<\/strong><\/p>\n\n\n\n<p>Des<strong> Permakultur-Workshops<\/strong> werden regelm\u00e4\u00dfig organisiert <strong>Bewohner und Besucher<\/strong> damit jeder lernen kann<strong> umweltbewusstes Handeln <\/strong>und einfach im Alltag anzuwenden.<\/p>\n<\/div>\n\n\n\n<div class=\"wp-block-uagb-container uagb-block-0d290386\">\n<figure class=\"wp-block-image size-full\"><img loading=\"lazy\" decoding=\"async\" width=\"1024\" height=\"1024\" src=\"https:\/\/bassin-arcachon.com\/wp-content\/uploads\/2024\/09\/IMG_0088-1024x1024-1.jpg\" alt=\"Ein Schmetterling auf einer Pflanze im Biganos-Gew\u00e4chshaus \" class=\"wp-image-59036\" title=\"- - Bassin d&#039;Arcachon\" srcset=\"https:\/\/bassin-arcachon.com\/wp-content\/uploads\/2024\/09\/IMG_0088-1024x1024-1.jpg 1024w, https:\/\/bassin-arcachon.com\/wp-content\/uploads\/2024\/09\/IMG_0088-1024x1024-1-600x600.jpg 600w, https:\/\/bassin-arcachon.com\/wp-content\/uploads\/2024\/09\/IMG_0088-1024x1024-1-150x150.jpg 150w, https:\/\/bassin-arcachon.com\/wp-content\/uploads\/2024\/09\/IMG_0088-1024x1024-1-768x768.jpg 768w, https:\/\/bassin-arcachon.com\/wp-content\/uploads\/2024\/09\/IMG_0088-1024x1024-1-12x12.jpg 12w\" sizes=\"auto, (max-width: 1024px) 100vw, 1024px\" \/><figcaption class=\"wp-element-caption\">Serre \u00d4 D\u00e9lices<\/figcaption><\/figure>\n<\/div>\n<\/div><\/div>\n\n\n\n<figure class=\"wp-block-image size-full\"><img loading=\"lazy\" decoding=\"async\" width=\"1024\" height=\"768\" src=\"https:\/\/bassin-arcachon.com\/wp-content\/uploads\/2024\/09\/IMG_8964-1024x768-1.jpg\" alt=\"Ein Mann baut auf einem Feld Gem\u00fcse an\" class=\"wp-image-59037\" title=\"- - Bassin d&#039;Arcachon\" srcset=\"https:\/\/bassin-arcachon.com\/wp-content\/uploads\/2024\/09\/IMG_8964-1024x768-1.jpg 1024w, https:\/\/bassin-arcachon.com\/wp-content\/uploads\/2024\/09\/IMG_8964-1024x768-1-600x450.jpg 600w, https:\/\/bassin-arcachon.com\/wp-content\/uploads\/2024\/09\/IMG_8964-1024x768-1-768x576.jpg 768w, https:\/\/bassin-arcachon.com\/wp-content\/uploads\/2024\/09\/IMG_8964-1024x768-1-16x12.jpg 16w\" sizes=\"auto, (max-width: 1024px) 100vw, 1024px\" \/><figcaption class=\"wp-element-caption\">BardoBio<\/figcaption><\/figure>\n\n\n\n<h2 class=\"wp-block-heading\"><strong>Was ist Permakultur?<\/strong><\/h2>\n\n\n\n<div class=\"wp-block-uagb-container uagb-block-48c8c974 alignfull uagb-is-root-container\"><div class=\"uagb-container-inner-blocks-wrap\">\n<p>Es handelt sich um eine Anbaumethode, die nat\u00fcrliche \u00d6kosysteme nachahmt und dadurch die Artenvielfalt und die Bodengesundheit f\u00f6rdert.&nbsp;<\/p>\n<\/div><\/div>\n\n\n\n<div class=\"wp-block-uagb-container uagb-block-d9b0adc1 alignfull uagb-is-root-container\"><div class=\"uagb-container-inner-blocks-wrap\">\n<div class=\"wp-block-uagb-container uagb-block-8445589e\">\n<figure class=\"wp-block-image size-full\"><img loading=\"lazy\" decoding=\"async\" width=\"768\" height=\"576\" src=\"https:\/\/bassin-arcachon.com\/wp-content\/uploads\/2024\/09\/IMG_8838-edited-1-1-768x576-1.jpg\" alt=\"Ein Gew\u00e4chshaus voller Gem\u00fcse, darunter auch Tomaten\" class=\"wp-image-59039\" title=\"- - Bassin d&#039;Arcachon\" srcset=\"https:\/\/bassin-arcachon.com\/wp-content\/uploads\/2024\/09\/IMG_8838-edited-1-1-768x576-1.jpg 768w, https:\/\/bassin-arcachon.com\/wp-content\/uploads\/2024\/09\/IMG_8838-edited-1-1-768x576-1-600x450.jpg 600w, https:\/\/bassin-arcachon.com\/wp-content\/uploads\/2024\/09\/IMG_8838-edited-1-1-768x576-1-16x12.jpg 16w\" sizes=\"auto, (max-width: 768px) 100vw, 768px\" \/><figcaption class=\"wp-element-caption\">Lanton-Gem\u00fcsegarten<\/figcaption><\/figure>\n<\/div>\n\n\n\n<div class=\"wp-block-uagb-container uagb-block-8596149a\">\n<figure class=\"wp-block-image size-full\"><img loading=\"lazy\" decoding=\"async\" width=\"1024\" height=\"768\" src=\"https:\/\/bassin-arcachon.com\/wp-content\/uploads\/2024\/09\/IMG_9109-1024x768-1.jpg\" alt=\"Gem\u00fcsefelder\" class=\"wp-image-59040\" title=\"- - Bassin d&#039;Arcachon\" srcset=\"https:\/\/bassin-arcachon.com\/wp-content\/uploads\/2024\/09\/IMG_9109-1024x768-1.jpg 1024w, https:\/\/bassin-arcachon.com\/wp-content\/uploads\/2024\/09\/IMG_9109-1024x768-1-600x450.jpg 600w, https:\/\/bassin-arcachon.com\/wp-content\/uploads\/2024\/09\/IMG_9109-1024x768-1-768x576.jpg 768w, https:\/\/bassin-arcachon.com\/wp-content\/uploads\/2024\/09\/IMG_9109-1024x768-1-16x12.jpg 16w\" sizes=\"auto, (max-width: 1024px) 100vw, 1024px\" \/><figcaption class=\"wp-element-caption\">BardoBio<\/figcaption><\/figure>\n<\/div>\n<\/div><\/div>\n\n\n\n<div class=\"wp-block-uagb-container uagb-block-212b8e2c alignfull uagb-is-root-container\"><div class=\"uagb-container-inner-blocks-wrap\">\n<p>Daher werden zahlreiche Workshops organisiert<strong> &quot;\u00a0<a href=\"https:\/\/lepotagerdelanton.fr\/\" target=\"_blank\" rel=\"noopener\">Lanton-Gem\u00fcsegarten<\/a>\u00a0\u00bb <\/strong>sowie <a href=\"https:\/\/tvba.fr\/bardobio-la-ferme-100-permaculture\/\" target=\"_blank\" rel=\"noopener\"><strong>\u201eBardobio\u201c<\/strong><\/a> nachhaltige landwirtschaftliche Methoden zu entdecken und anzuwenden. Diese Orte werden dann <strong>Oase der Ruhe und des Lernens<\/strong>, wo jede Geste zur Erhaltung dieser Umgebung beitr\u00e4gt.\u00a0<\/p>\n<\/div><\/div>\n\n\n\n<h2 class=\"wp-block-heading\"><strong>Nachhaltiger und biologischer Landbau<\/strong><\/h2>\n\n\n\n<div class=\"wp-block-uagb-container uagb-block-648a3ce0 alignfull uagb-is-root-container\"><div class=\"uagb-container-inner-blocks-wrap\">\n<div class=\"wp-block-uagb-container uagb-block-1463a43c\">\n<p>In einem <strong>Ansatz zur Erhaltung der Umwelt,<\/strong> Seit 2010 und lange bevor gesetzliche Verpflichtungen eingegangen sind, engagieren sich die Gemeinden der Bassin von Arcachon sowie zahlreiche Akteure in der Region <strong><a href=\"https:\/\/www.siba-bassin-arcachon.fr\/qualite-de-l-eau\/zero-pesticide\" target=\"_blank\" rel=\"noopener\">der Null-Pestizid-Ansatz.<\/a><\/strong><\/p>\n\n\n\n<p>Tats\u00e4chlich verpflichten sich die Gemeinden von Bassin dazu <strong>Gr\u00fcnfl\u00e4chen pflegen<\/strong> sowie die <strong>Stra\u00dfen verantwortungsvoll, schonend und ohne Pestizide befahren<\/strong>. Dieser Ansatz erm\u00f6glicht die <strong>Schutz der Wasserqualit\u00e4t und Erhaltung der Gesundheit<\/strong> Bewohner und \u00d6kosysteme.\u00a0<\/p>\n<\/div>\n\n\n\n<div class=\"wp-block-uagb-container uagb-block-713e84b8\">\n<figure class=\"wp-block-image size-full\"><img loading=\"lazy\" decoding=\"async\" width=\"1024\" height=\"1024\" src=\"https:\/\/bassin-arcachon.com\/wp-content\/uploads\/2024\/09\/IMG_8825-1024x1024-1.jpg\" alt=\"Wachsende Auberginenpflanzen\" class=\"wp-image-59043\" title=\"- - Bassin d&#039;Arcachon\" srcset=\"https:\/\/bassin-arcachon.com\/wp-content\/uploads\/2024\/09\/IMG_8825-1024x1024-1.jpg 1024w, https:\/\/bassin-arcachon.com\/wp-content\/uploads\/2024\/09\/IMG_8825-1024x1024-1-600x600.jpg 600w, https:\/\/bassin-arcachon.com\/wp-content\/uploads\/2024\/09\/IMG_8825-1024x1024-1-150x150.jpg 150w, https:\/\/bassin-arcachon.com\/wp-content\/uploads\/2024\/09\/IMG_8825-1024x1024-1-768x768.jpg 768w, https:\/\/bassin-arcachon.com\/wp-content\/uploads\/2024\/09\/IMG_8825-1024x1024-1-12x12.jpg 12w\" sizes=\"auto, (max-width: 1024px) 100vw, 1024px\" \/><figcaption class=\"wp-element-caption\">Lanton-Gem\u00fcsegarten<br><\/figcaption><\/figure>\n<\/div>\n<\/div><\/div>\n\n\n\n<div class=\"wp-block-uagb-container uagb-block-d95cde47 alignfull uagb-is-root-container\"><div class=\"uagb-container-inner-blocks-wrap\">\n<figure class=\"wp-block-image size-full\"><img loading=\"lazy\" decoding=\"async\" width=\"768\" height=\"576\" src=\"https:\/\/bassin-arcachon.com\/wp-content\/uploads\/2024\/09\/IMG_0137-edited-1-768x576-1.jpg\" alt=\"Cyril, der Chef des Serre \u00d4 D\u00e9lices, der T\u00f6pfe aufstellt\" class=\"wp-image-59045\" title=\"- - Bassin d&#039;Arcachon\" srcset=\"https:\/\/bassin-arcachon.com\/wp-content\/uploads\/2024\/09\/IMG_0137-edited-1-768x576-1.jpg 768w, https:\/\/bassin-arcachon.com\/wp-content\/uploads\/2024\/09\/IMG_0137-edited-1-768x576-1-600x450.jpg 600w, https:\/\/bassin-arcachon.com\/wp-content\/uploads\/2024\/09\/IMG_0137-edited-1-768x576-1-16x12.jpg 16w\" sizes=\"auto, (max-width: 768px) 100vw, 768px\" \/><figcaption class=\"wp-element-caption\">Serre \u00d4 D\u00e9lices<\/figcaption><\/figure>\n<\/div><\/div>\n\n\n\n<p>Lokale Organisationen wie die <a href=\"https:\/\/www.siba-bassin-arcachon.fr\/\" target=\"_blank\" rel=\"noopener\"><strong>SIBA<\/strong><\/a>, setzen sich auch daf\u00fcr ein, die Bewohner bei diesen verantwortungsvolleren Ans\u00e4tzen zu ermutigen und zu unterst\u00fctzen. Zum Beispiel &quot;\u00a0<a href=\"https:\/\/www.siba-bassin-arcachon.fr\/qualite-de-leau\/rempar\/diminuer-notre-empreinte\/guide-accueillir-la-biodiversite-dans-les-jardins\" target=\"_blank\" rel=\"noopener\"><strong>Ein Leitfaden zur Artenvielfalt<\/strong><\/a>\u00a0\u00bb wurde erstellt f\u00fcr <strong>Sensibilisierung und Information der Bewohner \u00fcber bew\u00e4hrte Vorgehensweisen.\u00a0<\/strong><\/p>\n\n\n\n<p>Um mehr zu erfahren und herauszufinden, wie Sie sich engagieren k\u00f6nnen, besuchen Sie\u00a0<strong><a href=\"https:\/\/www.siba-bassin-arcachon.fr\/qualite-de-leau\/rempar\/diminuer-notre-empreinte\/guide-accueillir-la-biodiversite-dans-les-jardins\" target=\"_blank\" rel=\"noreferrer noopener\">Das Buch der Biodiversit\u00e4t<\/a>\u00a0<\/strong>von SIBA.<\/p>\n\n\n\n<p><\/p>\n\n\n\n<h2 class=\"wp-block-heading\"><strong>Verantwortungsvoller Tourismus<\/strong><\/h2>\n\n\n\n<div class=\"wp-block-uagb-container uagb-block-e3c85e86 alignfull uagb-is-root-container\"><div class=\"uagb-container-inner-blocks-wrap\">\n<div class=\"wp-block-uagb-container uagb-block-40db4ea6\">\n<figure class=\"wp-block-image size-full\"><img loading=\"lazy\" decoding=\"async\" width=\"1024\" height=\"1024\" src=\"https:\/\/bassin-arcachon.com\/wp-content\/uploads\/2024\/09\/IMG_8768-1-1024x1024-1.jpg\" alt=\"Pferde auf einem Feld\" class=\"wp-image-59047\" title=\"- - Bassin d&#039;Arcachon\" srcset=\"https:\/\/bassin-arcachon.com\/wp-content\/uploads\/2024\/09\/IMG_8768-1-1024x1024-1.jpg 1024w, https:\/\/bassin-arcachon.com\/wp-content\/uploads\/2024\/09\/IMG_8768-1-1024x1024-1-600x600.jpg 600w, https:\/\/bassin-arcachon.com\/wp-content\/uploads\/2024\/09\/IMG_8768-1-1024x1024-1-150x150.jpg 150w, https:\/\/bassin-arcachon.com\/wp-content\/uploads\/2024\/09\/IMG_8768-1-1024x1024-1-768x768.jpg 768w, https:\/\/bassin-arcachon.com\/wp-content\/uploads\/2024\/09\/IMG_8768-1-1024x1024-1-12x12.jpg 12w\" sizes=\"auto, (max-width: 1024px) 100vw, 1024px\" \/><figcaption class=\"wp-element-caption\">Lanton-Gem\u00fcsegarten<\/figcaption><\/figure>\n<\/div>\n\n\n\n<div class=\"wp-block-uagb-container uagb-block-1243828f\">\n<p>Das <strong>Tourismusakteure im Bassin von Arcachon<\/strong> werden immer zahlreicher <strong>F\u00fchren Sie nachhaltige Praktiken ein, um die Auswirkungen Ihrer Aktivit\u00e4ten auf die Umwelt zu minimieren.\u00a0<\/strong><\/p>\n\n\n\n<p>Auf dem Bassin stehen viele Aktivit\u00e4ten zur F\u00f6rderung zur Verf\u00fcgung <strong>seine Entdeckung mit sanfter Mobilit\u00e4t:\u00a0<\/strong><\/p>\n<\/div>\n<\/div><\/div>\n\n\n\n<div class=\"wp-block-uagb-container uagb-block-e8e8a20e alignfull uagb-is-root-container\"><div class=\"uagb-container-inner-blocks-wrap\">\n<ul class=\"wp-block-list\">\n<li><strong>Abstieg der Leyre mit dem Kanu-Kajak<\/strong>\u00a0sanft \u00fcber das Wasser gleiten, eingetaucht in die Ruhe der Landschaften und den Gesang der V\u00f6gel.<br><\/li>\n\n\n\n<li><strong>320 Kilometer Radwege<\/strong>\u00a0die Bassin von Arcachon kreuz und quer zu durchqueren und auf schattigen Wegen zu radeln, mit dem Meereswind als einzigem Begleiter.<br><\/li>\n\n\n\n<li><strong>Gef\u00fchrte und kommentierte Touren<\/strong>\u00a0Von Tourismusb\u00fcros organisiert, um Naturschaupl\u00e4tze wie die Dune du Pilat, die Banc d&#039;Arguin, die Vogelinsel usw. zu entdecken und zu genie\u00dfen.<br><\/li>\n\n\n\n<li><strong>Aufnahmeagenturen\u00a0<\/strong>als\u00a0<a href=\"https:\/\/www.arcachonecotours.com\/\" target=\"_blank\" rel=\"noreferrer noopener\">Arcachon \u00d6kotour<\/a>s oder\u00a0<a href=\"https:\/\/www.khapevent.fr\/\" target=\"_blank\" rel=\"noreferrer noopener\">KhapEvent<\/a>\u00a0um das Bassin von Arcachon auf umweltbewusste Weise zu entdecken\u00a0<\/li>\n<\/ul>\n\n\n\n<p>Alle diese Praktiken erm\u00f6glichen somit die F\u00f6rderung von a<strong> generativer Tourismus und \u00d6kosystemregeneration.<\/strong> Alle diese Aktivit\u00e4ten finden Sie in unserem <strong><a href=\"https:\/\/www.calameo.com\/read\/000024421aa7e5a3e7faf\" target=\"_blank\" rel=\"noopener\">Freizeit- und Aktivit\u00e4tsf\u00fchrer<\/a><\/strong>, oder auf unserer mobilen Anwendung <strong>Bassin von Arcachon<\/strong> verf\u00fcgbar auf <a href=\"https:\/\/bassin-arcachon.com\/de\/laden-sie-unsere-anwendung-herunter\/\"><strong>Apfel<\/strong><\/a> &amp; <strong><a href=\"https:\/\/play.google.com\/store\/apps\/details?id=com.youteam.sibav2&amp;hl=fr\" target=\"_blank\" rel=\"noopener\">Google Play<\/a>.<\/strong> <\/p>\n\n\n\n<p><\/p>\n<\/div><\/div>\n\n\n\n<h2 class=\"wp-block-heading\"><strong>Lokale Initiativen<\/strong><\/h2>\n\n\n\n<div class=\"wp-block-uagb-container uagb-block-f5af7b8e alignfull uagb-is-root-container\"><div class=\"uagb-container-inner-blocks-wrap\">\n<p>Hier ist eine nicht ersch\u00f6pfende Liste von <strong>wichtigsten lokalen Initiativen und Akteure <\/strong>Teilhabe an dieser Dynamik. Z\u00f6gern Sie nicht, uns von Ihren eigenen Initiativen zu erz\u00e4hlen, wir f\u00fcgen sie gerne hinzu \ud83d\ude42\u00a0<\/p>\n\n\n\n<p><strong>Arcachon<\/strong><\/p>\n\n\n\n<ul class=\"wp-block-list\">\n<li><strong>Dulas-Garten:<\/strong> Gemeinsamer Permakulturgarten, Besichtigungen und Workshops.\u00a0<a href=\"https:\/\/www.facebook.com\/jardindulasarcachon\/?locale=fr_FR\" target=\"_blank\" rel=\"noreferrer noopener\"><strong>Facebook Seite<\/strong><\/a><\/li>\n\n\n\n<li><strong>Arcacrok: <\/strong>Primeur mit organischem Anteil.\u00a0<a href=\"https:\/\/primeurarcacrok.fr\/\" target=\"_blank\" rel=\"noreferrer noopener\"><strong>Webseite<\/strong><\/a><\/li>\n\n\n\n<li><strong>Gemeinschaftsgarten der 4 Jahreszeiten:<\/strong> Pflanzen- und Gartenwerkst\u00e4tten, Partner der Marke Bassin in Arcachon.\u00a0<a href=\"https:\/\/www.ville-arcachon.fr\/centre-social\/\" target=\"_blank\" rel=\"noreferrer noopener\"><strong>Webseite<\/strong><\/a><\/li>\n<\/ul>\n\n\n\n<p><strong>Buchs Test<\/strong><\/p>\n\n\n\n<ul class=\"wp-block-list\">\n<li><strong>So organisch:<\/strong> Kurzschl\u00fcsse, Bio-Produkte.<strong>\u00a0<a href=\"https:\/\/www.sobio.fr\/magasin\/so-bio-la-teste-de-buch\" target=\"_blank\" rel=\"noreferrer noopener\">Webseite<\/a><\/strong><\/li>\n\n\n\n<li><strong>BioCoop:<\/strong> Bio-Produkte, fairer Handel.<strong>\u00a0<a href=\"https:\/\/www.biocoop-latestedebuch.fr\/\" target=\"_blank\" rel=\"noreferrer noopener\">Webseite<\/a><\/strong><\/li>\n\n\n\n<li><strong>Lebendiges Wasser: <\/strong>Biologischer Landbau, lokale und saisonale Produkte.\u00a0<a href=\"https:\/\/www.eau-vive.com\/\" target=\"_blank\" rel=\"noreferrer noopener\"><strong>Webseite<\/strong><\/a><\/li>\n\n\n\n<li><strong>La Vie Claire: <\/strong>\u00d6kologischer Landbau.<strong>\u00a0<a href=\"https:\/\/www.epiceriebiolateste.fr\/\" target=\"_blank\" rel=\"noreferrer noopener\">Webseite<\/a><\/strong><\/li>\n<\/ul>\n\n\n\n<p><strong>Gujan-Mestras<\/strong><\/p>\n\n\n\n<ul class=\"wp-block-list\">\n<li><strong>Gourmet-Garten: <\/strong>Biologischer, aromatischer Kindergarten, gemeinsamer Gem\u00fcsegarten, Saisongem\u00fcse.\u00a0<a href=\"https:\/\/jardin-bio-gujan.fr\/\" target=\"_blank\" rel=\"noreferrer noopener\"><strong>Webseite<\/strong><\/a><\/li>\n\n\n\n<li><strong>Das BIOS von Bassin: <\/strong>Bioladen, Gem\u00fcseh\u00e4ndler, Partner der Marke Bassin in Arcachon.\u00a0<a href=\"https:\/\/lesbiodubassin.com\/3420\/epicerie-bio-gujan-mestras-primeur-viande-panier-en-ligne.html\" target=\"_blank\" rel=\"noreferrer noopener\"><strong>Webseite<\/strong><\/a><\/li>\n\n\n\n<li>Gemeinschaftsg\u00e4rten (Chante Cigale): Permakultur.\u00a0<a href=\"https:\/\/ville-gujanmestras.fr\/mon-quotidien-2\/environnement-developpement-durable\/biodiversite\/jardins-partages\/\" target=\"_blank\" rel=\"noreferrer noopener\"><strong>Webseite<\/strong><\/a><\/li>\n\n\n\n<li><strong>Leopolds Markt: <\/strong>Organisch, Kurzschluss.\u00a0<a href=\"https:\/\/www.leopold.fr\/?utm_source=gmb\" target=\"_blank\" rel=\"noreferrer noopener\"><strong>Webseite<\/strong><\/a><\/li>\n\n\n\n<li><strong>Ferme St. Henri: <\/strong>Familienbauernhof, Kurzschluss, Pfl\u00fcckwerkstatt.\u00a0<a href=\"https:\/\/www.fermesainthenri.fr\/\" target=\"_blank\" rel=\"noreferrer noopener\"><strong>Webseite<\/strong><\/a><\/li>\n\n\n\n<li><strong>Bardobio: <\/strong>Bauernhof, Permakultur-Workshop, Korb mit Gem\u00fcse.\u00a0<strong><a href=\"tel:06%2081%2050%2034%2014\" target=\"_blank\" rel=\"noreferrer noopener\">06 81 50 34 14<\/a>\u00a0<\/strong><\/li>\n<\/ul>\n\n\n\n<p><strong>Der Teich<\/strong><\/p>\n\n\n\n<ul class=\"wp-block-list\">\n<li><strong>Teich &amp; Du:<\/strong> Organisiert Le P&#039;tit Mercat, Biobauern und nachhaltige Landwirtschaft.\u00a0<a href=\"https:\/\/www.facebook.com\/leptitmercat\/?locale=fr_FR\" target=\"_blank\" rel=\"noreferrer noopener\"><strong>Facebook Seite<\/strong><\/a><\/li>\n<\/ul>\n\n\n\n<p><strong>Biganos<\/strong><\/p>\n\n\n\n<ul class=\"wp-block-list\">\n<li><strong>La Serre \u00d4 D\u00e9lices:<\/strong> Bio-Aromapflanzen, Baumschulen, Gem\u00fcseaustern, Partner der Marke Bassin in Arcachon.\u00a0<a href=\"https:\/\/mag.serreodelices.com\/\" target=\"_blank\" rel=\"noreferrer noopener\"><strong>Webseite<\/strong><\/a><\/li>\n\n\n\n<li><strong>So organisch: <\/strong>Kurzschl\u00fcsse, Bio-Produkte.\u00a0<a href=\"https:\/\/www.sobio.fr\/magasin\/so-bio-biganos\" target=\"_blank\" rel=\"noreferrer noopener\"><strong>Webseite<\/strong><\/a><\/li>\n\n\n\n<li><strong>Gemeinschaftsgarten der Grundschule Lac Vert:<\/strong> Gemeinsamer Garten.\u00a0<a href=\"https:\/\/tvba.fr\/biganos-lance-jardins-partages-2019\/\" target=\"_blank\" rel=\"noreferrer noopener\"><strong>Webseite<\/strong><\/a><\/li>\n\n\n\n<li><strong>Die R\u00e4ume von Gaia:<\/strong> Biodiversit\u00e4tsr\u00e4ume, inspiriert von den Prinzipien der Permakultur und nachhaltiger Landwirtschaft, Workshops.\u00a0<a href=\"https:\/\/www.facebook.com\/lesespacesdegaia\/?locale=fr_FR\" target=\"_blank\" rel=\"noreferrer noopener\"><strong>Facebook Seite<\/strong><\/a><\/li>\n\n\n\n<li><strong>Gemeinschaftsgarten im Parc du Pin:<\/strong> Gemeinsamer Garten.\u00a0<a href=\"https:\/\/tvba.fr\/plantation-darbres-dans-le-parc-du-pin-par-les-enfants-de-biganos\/?print=print\" target=\"_blank\" rel=\"noreferrer noopener\"><strong>Webseite<\/strong><\/a><\/li>\n\n\n\n<li><strong>Mol\u00e8ne-Garten: <\/strong>Verein, Werkst\u00e4tten.\u00a0<a href=\"https:\/\/www.plantezcheznous.com\/evenements-jardin\/fete-des-jardins-de-la-molene\/\" target=\"_blank\" rel=\"noreferrer noopener\"><strong>Webseite<\/strong><\/a><\/li>\n\n\n\n<li><strong>AMAP-Kern von Bassin: <\/strong>Bio, \u201eDer kleine Bio-Korb\u201c.<strong>\u00a0<a href=\"https:\/\/amapcoeurbassin.wixsite.com\/amap\" target=\"_blank\" rel=\"noreferrer noopener\">Webseite<\/a><\/strong><\/li>\n<\/ul>\n\n\n\n<p><strong>Marktprime<\/strong><\/p>\n\n\n\n<ul class=\"wp-block-list\">\n<li><strong>Gemeinschaftsg\u00e4rten im Stadtteil Olivine: <\/strong>Gemeinsame G\u00e4rten.\u00a0<a href=\"https:\/\/www.sudouest.fr\/gironde\/marcheprime\/marcheprime-des-jardins-partages-dans-le-quartier-de-l-olivine-10881936.php\" target=\"_blank\" rel=\"noreferrer noopener\"><strong>Artikel<\/strong><\/a><\/li>\n\n\n\n<li><strong>Biard-Gemeinschaftsgarten:<\/strong> Gemeinsamer Garten.\u00a0<a href=\"https:\/\/www.facebook.com\/jardinsalimentaires\/\" target=\"_blank\" rel=\"noreferrer noopener\"><strong>Facebook Seite<\/strong><\/a><\/li>\n\n\n\n<li><strong>AMAP <\/strong>(Verein zur Erhaltung der b\u00e4uerlichen Landwirtschaft):\u00a0<a href=\"https:\/\/www.amap-marcheprime.fr\/\" target=\"_blank\" rel=\"noreferrer noopener\"><strong>Webseite<\/strong><\/a><\/li>\n\n\n\n<li><strong>Donnerstag AMAP:\u00a0<a href=\"https:\/\/amap-lesoliviers-marcheprime.jimdofree.com\/\" target=\"_blank\" rel=\"noreferrer noopener\">Webseite<\/a><\/strong><\/li>\n\n\n\n<li><strong>AMAP Bassin T\u00fcrk\u00f6rbe:\u00a0<a href=\"https:\/\/www.amap-marcheprime.fr\/\" target=\"_blank\" rel=\"noreferrer noopener\">Webseite<\/a><\/strong><\/li>\n<\/ul>\n\n\n\n<p><strong>Audenge<\/strong><\/p>\n\n\n\n<ul class=\"wp-block-list\">\n<li><strong>Zertifikate: <\/strong>Nachhaltige Landwirtschaft.\u00a0<a href=\"https:\/\/sophie-panonacle.fr\/visite-de-deux-fermes-basees-a-audenge-lanton\/\" target=\"_blank\" rel=\"noreferrer noopener\"><strong>Artikel<\/strong><\/a><\/li>\n\n\n\n<li><strong>Gemeinschaftsgarten\/Familieng\u00e4rten:<\/strong> Partner der Marke Bassin aus Arcachon.\u00a0<a href=\"https:\/\/coban-atlantique.fr\/remise-de-composteurs-aux-jardins-familiaux-daudenge\/\" target=\"_blank\" rel=\"noreferrer noopener\"><strong>Webseite<\/strong><\/a><\/li>\n\n\n\n<li><strong>AMAP (Verein zur Erhaltung der b\u00e4uerlichen Landwirtschaft)<\/strong><\/li>\n<\/ul>\n\n\n\n<p><strong>Andersen<\/strong><\/p>\n\n\n\n<ul class=\"wp-block-list\">\n<li><strong>Garten der Geschichten:<\/strong> Gemeinsamer Garten, Permakultur-Workshops.<strong>\u00a0<a href=\"https:\/\/tvba.fr\/un-atelier-de-permaculture-au-jardin-des-contes\/\" target=\"_blank\" rel=\"noreferrer noopener\">Artikel<\/a><\/strong><\/li>\n\n\n\n<li><strong>BioCoop: <\/strong>Bio-Produkte, fairer Handel.\u00a0<strong><a href=\"https:\/\/www.biocoop-andernos.fr\/\" target=\"_blank\" rel=\"noreferrer noopener\">Webseite<\/a>\u00a0<a href=\"https:\/\/www.facebook.com\/Andernos.les.Bains\/posts\/-le-jardin-des-contes-jardin-partag%C3%A9-cr%C3%A9%C3%A9-%C3%A0-linitiative-de-la-ville-dandernos-po\/1107967985932419\/\" target=\"_blank\" rel=\"noreferrer noopener\">Facebook Seite<\/a><\/strong><\/li>\n<\/ul>\n\n\n\n<p><strong>Lanton<\/strong><\/p>\n\n\n\n<ul class=\"wp-block-list\">\n<li><strong>Lantons Gem\u00fcsegarten: P<\/strong>Geisel, Permakultur, \u00f6kologischer Landbau, Gem\u00fcseanbau, Pfl\u00fcckwerkst\u00e4tten, Partner der Marke Bassin in Arcachon.\u00a0<a href=\"https:\/\/lepotagerdelanton.fr\/\" target=\"_blank\" rel=\"noreferrer noopener\"><strong>Webseite<\/strong><\/a><\/li>\n\n\n\n<li><strong>Die G\u00e4rten von VYMM:<\/strong> Gem\u00fcseg\u00e4rtner, nachhaltiger und biologischer Landbau, Pfl\u00fcckwerkstatt.\u00a0<a href=\"https:\/\/www.facebook.com\/Lesjardinsdevymm\/?locale=fr_FR\" target=\"_blank\" rel=\"noreferrer noopener\"><strong>Facebook Seite<\/strong><\/a><\/li>\n\n\n\n<li><strong>Das Gartencaf\u00e9: <\/strong>Gemeinsamer Garten, gemeinsamer Gem\u00fcsegarten.\u00a0<a href=\"https:\/\/www.mairie-lanton.fr\/le-cafe-jardin-de-lanton-rejoignez-laventure\/\" target=\"_blank\" rel=\"noreferrer noopener\"><strong>Webseite<\/strong><\/a><\/li>\n\n\n\n<li><strong> AMAP Les Agues (Verein zur Erhaltung der b\u00e4uerlichen Landwirtschaft)<\/strong><\/li>\n<\/ul>\n\n\n\n<p><strong>Ares<\/strong><\/p>\n\n\n\n<ul class=\"wp-block-list\">\n<li><strong>S\u00e8me: Bioladen (auch in Andernos bestellbar).\u00a0<a href=\"https:\/\/onseme.bio\/\" target=\"_blank\" rel=\"noreferrer noopener\">Webseite<\/a><\/strong><\/li>\n\n\n\n<li><strong>Gemeinsamer Garten Chemin des Lapins: <\/strong>Permakultur, Workshops.<strong>\u00a0<a href=\"https:\/\/asso-semoperma.fr\/ville\/\" target=\"_blank\" rel=\"noreferrer noopener\">Webseite<\/a><\/strong><\/li>\n\n\n\n<li><strong>La P&#039;tite Halle: Bio.\u00a0<a href=\"https:\/\/www.laptitehalle.fr\/\" target=\"_blank\" rel=\"noreferrer noopener\">Webseite<\/a><\/strong><\/li>\n\n\n\n<li><strong>Standort: <\/strong>Bauernfahrt, lokale Landwirtschaft, Kurzschluss:<strong>\u00a0<a href=\"https:\/\/locavor.fr\/200-locavor-ares\" target=\"_blank\" rel=\"noreferrer noopener\">Webseite<\/a><\/strong><\/li>\n<\/ul>\n\n\n\n<p><strong>Feuerschiff Cap Ferret<\/strong><\/p>\n\n\n\n<ul class=\"wp-block-list\">\n<li><strong>La P&#039;tite Halle<\/strong> : Bio.\u00a0<a href=\"https:\/\/www.laptitehalle.fr\/\" target=\"_blank\" rel=\"noreferrer noopener\"><strong>Webseite<\/strong><\/a><\/li>\n\n\n\n<li><strong>Die Werkst\u00e4tten von La Cabane du Canon:<\/strong> Workshops.\u00a0<a href=\"https:\/\/moncapferret.fr\/ateliers-de-la-cabane-a-lege-cap-ferret-programme-ecologique-et-convivial-pour-les-habitants\/\" target=\"_blank\" rel=\"noreferrer noopener\"><strong>Webseite<\/strong><\/a><\/li>\n\n\n\n<li><strong>Der Bienenstock, der Ja sagt:\u00a0<a href=\"https:\/\/laruchequiditoui.fr\/fr-FR\/assemblies\/13198\" target=\"_blank\" rel=\"noreferrer noopener\">Webseite<\/a><\/strong><\/li>\n<\/ul>\n<\/div><\/div>","protected":false},"excerpt":{"rendered":"<p>Depuis plusieurs ann\u00e9es, les acteurs locaux du Bassin d\u2019Arcachon, qu\u2019ils soient du secteur touristique ou agricole, se mobilisent avec passion pour promouvoir des pratiques durables et responsables. Leurs efforts combin\u00e9s [&hellip;]<\/p>\n","protected":false},"author":25,"featured_media":59052,"comment_status":"closed","ping_status":"open","sticky":false,"template":"","format":"standard","meta":{"_acf_changed":false,"_uag_custom_page_level_css":"","footnotes":""},"categories":[2129],"tags":[2138,2139,2141,2140],"class_list":["post-59031","post","type-post","status-publish","format-standard","has-post-thumbnail","hentry","category-nature-art-de-vivre","tag-durable","tag-ecotourisme","tag-regeneratif","tag-slowtourism"],"acf":[],"uagb_featured_image_src":{"full":["https:\/\/bassin-arcachon.com\/wp-content\/uploads\/2024\/09\/20160531_HD_Domaine-de-Certes_CASSIAU-10-scaled.jpg",2560,1707,false],"thumbnail":["https:\/\/bassin-arcachon.com\/wp-content\/uploads\/2024\/09\/20160531_HD_Domaine-de-Certes_CASSIAU-10-scaled-150x150.jpg",150,150,true],"medium":["https:\/\/bassin-arcachon.com\/wp-content\/uploads\/2024\/09\/20160531_HD_Domaine-de-Certes_CASSIAU-10-scaled-600x400.jpg",600,400,true],"medium_large":["https:\/\/bassin-arcachon.com\/wp-content\/uploads\/2024\/09\/20160531_HD_Domaine-de-Certes_CASSIAU-10-scaled-768x512.jpg",768,512,true],"large":["https:\/\/bassin-arcachon.com\/wp-content\/uploads\/2024\/09\/20160531_HD_Domaine-de-Certes_CASSIAU-10-scaled-1024x683.jpg",1024,683,true],"1536x1536":["https:\/\/bassin-arcachon.com\/wp-content\/uploads\/2024\/09\/20160531_HD_Domaine-de-Certes_CASSIAU-10-scaled-1536x1024.jpg",1536,1024,true],"2048x2048":["https:\/\/bassin-arcachon.com\/wp-content\/uploads\/2024\/09\/20160531_HD_Domaine-de-Certes_CASSIAU-10-scaled-2048x1366.jpg",2048,1366,true],"trp-custom-language-flag":["https:\/\/bassin-arcachon.com\/wp-content\/uploads\/2024\/09\/20160531_HD_Domaine-de-Certes_CASSIAU-10-scaled-18x12.jpg",18,12,true]},"uagb_author_info":{"display_name":"Marie Clauzel","author_link":"https:\/\/bassin-arcachon.com\/de\/author\/mariesiba\/"},"uagb_comment_info":0,"uagb_excerpt":"Depuis plusieurs ann\u00e9es, les acteurs locaux du Bassin d\u2019Arcachon, qu\u2019ils soient du secteur touristique ou agricole, se mobilisent avec passion pour promouvoir des pratiques durables et responsables. Leurs efforts combin\u00e9s [&hellip;]","_links":{"self":[{"href":"https:\/\/bassin-arcachon.com\/de\/wp-json\/wp\/v2\/posts\/59031","targetHints":{"allow":["GET"]}}],"collection":[{"href":"https:\/\/bassin-arcachon.com\/de\/wp-json\/wp\/v2\/posts"}],"about":[{"href":"https:\/\/bassin-arcachon.com\/de\/wp-json\/wp\/v2\/types\/post"}],"author":[{"embeddable":true,"href":"https:\/\/bassin-arcachon.com\/de\/wp-json\/wp\/v2\/users\/25"}],"replies":[{"embeddable":true,"href":"https:\/\/bassin-arcachon.com\/de\/wp-json\/wp\/v2\/comments?post=59031"}],"version-history":[{"count":0,"href":"https:\/\/bassin-arcachon.com\/de\/wp-json\/wp\/v2\/posts\/59031\/revisions"}],"wp:featuredmedia":[{"embeddable":true,"href":"https:\/\/bassin-arcachon.com\/de\/wp-json\/wp\/v2\/media\/59052"}],"wp:attachment":[{"href":"https:\/\/bassin-arcachon.com\/de\/wp-json\/wp\/v2\/media?parent=59031"}],"wp:term":[{"taxonomy":"category","embeddable":true,"href":"https:\/\/bassin-arcachon.com\/de\/wp-json\/wp\/v2\/categories?post=59031"},{"taxonomy":"post_tag","embeddable":true,"href":"https:\/\/bassin-arcachon.com\/de\/wp-json\/wp\/v2\/tags?post=59031"}],"curies":[{"name":"wp","href":"https:\/\/api.w.org\/{rel}","templated":true}]}}