{"id":11241,"date":"2025-11-24T09:00:00","date_gmt":"2025-11-24T08:00:00","guid":{"rendered":"https:\/\/www.bassin-arcachon.com\/?p=11241"},"modified":"2026-01-06T10:40:17","modified_gmt":"2026-01-06T09:40:17","slug":"christmas-entertainment-in-the-arcachon-basin","status":"publish","type":"post","link":"https:\/\/bassin-arcachon.com\/en\/animations-de-noel-bassin-darcachon\/","title":{"rendered":"The magic of Christmas on the Bassin!"},"content":{"rendered":"<h2 class=\"wp-block-heading\"><span style=\"color: #000000;\">This year again, take advantage of the Christmas markets and events at the Bassin in Arcachon!<\/span><\/h2>\n\n\n\n<div class=\"wp-block-uagb-container uagb-block-80615034 alignfull uagb-is-root-container\"><div class=\"uagb-container-inner-blocks-wrap\"><\/div><\/div>\n\n\n\n<h2 class=\"wp-block-heading\"><strong>Arcachon<\/strong><\/h2>\n\n\n\n<h3 class=\"wp-block-heading\">From 13 December to 4 January 2026<strong><br><\/strong><\/h3>\n\n\n\n<div class=\"wp-block-uagb-container uagb-block-0e7dd1fa alignfull uagb-is-root-container\"><div class=\"uagb-container-inner-blocks-wrap\"><\/div><\/div>\n\n\n\n<div class=\"wp-block-uagb-container uagb-block-5fb36a30 alignfull uagb-is-root-container\"><div class=\"uagb-container-inner-blocks-wrap\">\n<p>\u2013 <strong>Saturday December 14<\/strong> at 2:30 p.m. on the beach to the left of the Thiers jetty, meet for several activities: Christmas swims for the benefit of the telethon and arrival of Santa Claus in a sailing boat. Christmas swim for the benefit of the Telethon: registrations on the same day from 1:30 p.m. to the left of the Thiers jetty \u2013 medical certificate required.<\/p>\n\n\n\n<p>\u2013 Fairytale village on the Place des Marquises: sweet and savory treats, must-try Christmas drinks. Sale of Christmas trees and entertainment in the afternoon.&nbsp;<\/p>\n\n\n\n<p>\u2013 Chalet Gourmand at Place Thiers!&nbsp;<\/p>\n\n\n\n<p>\u2013 Santa Claus will be present for a magical encounter every day according to the following times: <br>\u2022 <strong>Saturday 13 December :<\/strong> 3.30pm to 8pm<br>\u2022 <strong>Sunday 14 December : <\/strong>10.30 a.m. to 12.30 p.m. and 2 p.m. to 7.30 p.m.<br>\u2022 <strong>Wednesday 17 December :<\/strong> 2pm to 7pm<br>\u2022 <strong>From 20 to 23 December : <\/strong>10.30 a.m. to 12.30 p.m. and 2 p.m. to 7.30 p.m.<br>\u2022 <strong>Tuesday 24 December :<\/strong> 10.30 a.m. to 12.30 p.m. and 2 p.m. to 6.30 p.m.<\/p>\n\n\n\n<p>- A torchlight descent is also planned on<strong> Saturday 20 December<\/strong> departing from the Parc Mauresque bandstand at 6.30pm.<\/p>\n\n\n\n<p>- Shows for all in Place des Marquises, Olympia, rue Gambetta and rue de Lattre de Tassigny, arts courses, creative arts workshops and karaoke at the Maison des Jeunes, concerts and shows at the MA.AT and Aiguillon celebrates Christmas with the Aiguillon Traders Association!<\/p>\n\n\n\n<p><a href=\"https:\/\/bassin-arcachon.com\/wp-content\/uploads\/2020\/07\/Programme-Noel-2025.pdf\">More informations<\/a><\/p>\n<\/div><\/div>\n\n\n\n<div class=\"wp-block-uagb-container uagb-block-0d5cf36a alignfull uagb-is-root-container\"><div class=\"uagb-container-inner-blocks-wrap\">\n<figure class=\"wp-block-image size-large\"><img loading=\"lazy\" decoding=\"async\" width=\"1024\" height=\"512\" src=\"https:\/\/bassin-arcachon.com\/wp-content\/uploads\/2024\/11\/Marche-de-Noel-Arcachon-1024x512.png\" alt=\"- - Bassin d&#039;Arcachon\" class=\"wp-image-190607\" title=\"- - Bassin d&#039;Arcachon\" srcset=\"https:\/\/bassin-arcachon.com\/wp-content\/uploads\/2024\/11\/Marche-de-Noel-Arcachon-1024x512.png 1024w, https:\/\/bassin-arcachon.com\/wp-content\/uploads\/2024\/11\/Marche-de-Noel-Arcachon-600x300.png 600w, https:\/\/bassin-arcachon.com\/wp-content\/uploads\/2024\/11\/Marche-de-Noel-Arcachon-768x384.png 768w, https:\/\/bassin-arcachon.com\/wp-content\/uploads\/2024\/11\/Marche-de-Noel-Arcachon-18x9.png 18w, https:\/\/bassin-arcachon.com\/wp-content\/uploads\/2024\/11\/Marche-de-Noel-Arcachon.png 1400w\" sizes=\"auto, (max-width: 1024px) 100vw, 1024px\" \/><figcaption class=\"wp-element-caption\">\u00a9 Melanny RODRIGUES<\/figcaption><\/figure>\n<\/div><\/div>\n\n\n\n<div class=\"wp-block-uagb-container uagb-block-a6de5d88 alignfull uagb-is-root-container\"><div class=\"uagb-container-inner-blocks-wrap\"><\/div><\/div>\n\n\n\n<hr class=\"wp-block-separator has-alpha-channel-opacity\"\/>\n\n\n\n<div class=\"wp-block-uagb-container uagb-block-2b6886ae alignfull uagb-is-root-container\"><div class=\"uagb-container-inner-blocks-wrap\"><\/div><\/div>\n\n\n\n<h2 class=\"wp-block-heading\"><strong>La Teste de Buch<\/strong><\/h2>\n\n\n\n<h3 class=\"wp-block-heading\">From 13 to 3 January 2026<\/h3>\n\n\n\n<div class=\"wp-block-uagb-container uagb-block-f36a6da9 alignfull uagb-is-root-container\"><div class=\"uagb-container-inner-blocks-wrap\"><\/div><\/div>\n\n\n\n<div class=\"wp-block-uagb-container uagb-block-49a377bc alignfull uagb-is-root-container\"><div class=\"uagb-container-inner-blocks-wrap\">\n<p>\u2013 <strong>Christmas Village: <\/strong>More than 20 chalets to find original gift ideas from local craftsmen and designers, sample seasonal specialities and share warm, gourmet moments.<\/p>\n\n\n\n<p>Open every day from 2pm to 9pm, Place Gambetta - with two fireworks displays on 13 December and 3 January at 7pm.<\/p>\n\n\n\n<p>\u2013 <strong>A unique program:<\/strong><br>Special evenings: come and sing with the Conservatoire de musique orchestra on Friday 19 December<br><em>Saturdays<\/em>, It's time for the DJ Sets: Le Balap takes the reins, Denver, and Roller Disco with DJH!<\/p>\n\n\n\n<p>- Toboggan run and roller skates.<\/p>\n<\/div><\/div>\n\n\n\n<div class=\"wp-block-uagb-container uagb-block-2ad26803 alignfull uagb-is-root-container\"><div class=\"uagb-container-inner-blocks-wrap\"><\/div><\/div>\n\n\n\n<h3 class=\"wp-block-heading\">Saturday 13 December 2025<\/h3>\n\n\n\n<div class=\"wp-block-uagb-container uagb-block-9deca75e alignfull uagb-is-root-container\"><div class=\"uagb-container-inner-blocks-wrap\"><\/div><\/div>\n\n\n\n<div class=\"wp-block-uagb-container uagb-block-e0ea06af alignfull uagb-is-root-container\"><div class=\"uagb-container-inner-blocks-wrap\">\n<p>- Rendezvous at the Port ostreicole de La Teste at 2pm: Father Christmas disembarks in a sailing ferry, before taking a horse-drawn carriage to the Christmas Village, accompanied by dancing entertainment from Danza Family!  DJ set by Balap from 6pm to 10pm to kick off the festivities. Don't miss the fireworks display from the square at 7pm!<\/p>\n\n\n\n<p><a href=\"https:\/\/tourisme-latestedebuch.com\/village-de-noel-2025-la-teste\" target=\"_blank\" rel=\"noopener\">More informations <br><\/a><\/p>\n<\/div><\/div>\n\n\n\n<div class=\"wp-block-uagb-container uagb-block-10c7e6ca alignfull uagb-is-root-container\"><div class=\"uagb-container-inner-blocks-wrap\"><\/div><\/div>\n\n\n\n<h2 class=\"wp-block-heading\"><strong>Cazaux<\/strong><\/h2>\n\n\n\n<h3 class=\"wp-block-heading\">29 and 30 November 2025<\/h3>\n\n\n\n<div class=\"wp-block-uagb-container uagb-block-24b89549 alignfull uagb-is-root-container\"><div class=\"uagb-container-inner-blocks-wrap\"><\/div><\/div>\n\n\n\n<div class=\"wp-block-uagb-container uagb-block-fcb5d802 alignfull uagb-is-root-container\"><div class=\"uagb-container-inner-blocks-wrap\">\n<p>See you at the 2nd Musettes Christmas Market! <\/p>\n\n\n\n<p>The programme includes a (very) gourmet market: <br>- Brazier, tartiflette, waffles and chestnuts <br>- Designer stalls <br>- Free concerts<br>- Raffle<br>- Christmas tree sales<br>- Flash Tattoos<br>- Free workshops and face painting for children. <br><br><strong>Saturday 29 November :<\/strong><br><br>- Election for the ugliest Christmas jumper: advance registration <br><br><strong>Sunday 30 November: <\/strong><br><strong><br><\/strong>- Mobile karaoke from 4pm + Log contest: pre-registration required!<strong><br><br><\/strong><br><br><\/p>\n\n\n\n<p><a href=\"https:\/\/www.instagram.com\/_musettes\/?hl=fr\" target=\"_blank\" rel=\"noopener\">More informations <\/a><\/p>\n<\/div><\/div>\n\n\n\n<div class=\"wp-block-uagb-container uagb-block-83d4d5bd alignfull uagb-is-root-container\"><div class=\"uagb-container-inner-blocks-wrap\">\n<figure class=\"wp-block-image size-large\"><img loading=\"lazy\" decoding=\"async\" width=\"1024\" height=\"512\" src=\"https:\/\/bassin-arcachon.com\/wp-content\/uploads\/2024\/11\/Marche-de-Noel-de-La-Teste-de-Buch-1024x512.png\" alt=\"- - Bassin d&#039;Arcachon\" class=\"wp-image-190608\" title=\"- - Bassin d&#039;Arcachon\" srcset=\"https:\/\/bassin-arcachon.com\/wp-content\/uploads\/2024\/11\/Marche-de-Noel-de-La-Teste-de-Buch-1024x512.png 1024w, https:\/\/bassin-arcachon.com\/wp-content\/uploads\/2024\/11\/Marche-de-Noel-de-La-Teste-de-Buch-600x300.png 600w, https:\/\/bassin-arcachon.com\/wp-content\/uploads\/2024\/11\/Marche-de-Noel-de-La-Teste-de-Buch-768x384.png 768w, https:\/\/bassin-arcachon.com\/wp-content\/uploads\/2024\/11\/Marche-de-Noel-de-La-Teste-de-Buch-18x9.png 18w, https:\/\/bassin-arcachon.com\/wp-content\/uploads\/2024\/11\/Marche-de-Noel-de-La-Teste-de-Buch.png 1400w\" sizes=\"auto, (max-width: 1024px) 100vw, 1024px\" \/><figcaption class=\"wp-element-caption\">\u00a9 Melanny RODRIGUES<\/figcaption><\/figure>\n<\/div><\/div>\n\n\n\n<div class=\"wp-block-uagb-container uagb-block-1d28124b alignfull uagb-is-root-container\"><div class=\"uagb-container-inner-blocks-wrap\"><\/div><\/div>\n\n\n\n<hr class=\"wp-block-separator has-alpha-channel-opacity\"\/>\n\n\n\n<div class=\"wp-block-uagb-container uagb-block-d5c6989f alignfull uagb-is-root-container\"><div class=\"uagb-container-inner-blocks-wrap\"><\/div><\/div>\n\n\n\n<h2 class=\"wp-block-heading\"><strong>Gujan-Mestras<\/strong><\/h2>\n\n\n\n<h3 class=\"wp-block-heading\">6 and 7 December 2025:&nbsp;<\/h3>\n\n\n\n<div class=\"wp-block-uagb-container uagb-block-de3901d6 alignfull uagb-is-root-container\"><div class=\"uagb-container-inner-blocks-wrap\"><\/div><\/div>\n\n\n\n<div class=\"wp-block-uagb-container uagb-block-77180784 alignfull uagb-is-root-container\"><div class=\"uagb-container-inner-blocks-wrap\">\n<p>Let yourself be carried away by the magic of Christmas in the heart of the picturesque and emblematic Port de Larros.<br>Over 50 stalls featuring craftspeople, designers and associations, fun and creative workshops, gourmet food on site and, of course, a magical fireworks display! <br>Information and market reservation: OCA 06 70 07 00 24 or commerceartisanat@terraostra.com<\/p>\n\n\n\n<p><a href=\"https:\/\/bassin-arcachon.com\/wp-content\/uploads\/2020\/07\/Programme-Village-de-Noel-2025.pdf\" target=\"_blank\" rel=\"noreferrer noopener\">More informations<\/a><\/p>\n<\/div><\/div>\n\n\n\n<div class=\"wp-block-uagb-container uagb-block-eb717ab1 alignfull uagb-is-root-container\"><div class=\"uagb-container-inner-blocks-wrap\">\n<figure class=\"wp-block-image size-large\"><img loading=\"lazy\" decoding=\"async\" width=\"1024\" height=\"512\" src=\"https:\/\/bassin-arcachon.com\/wp-content\/uploads\/2024\/11\/Marche-de-Noel-Gujan-1024x512.png\" alt=\"- - Bassin d&#039;Arcachon\" class=\"wp-image-190609\" title=\"- - Bassin d&#039;Arcachon\" srcset=\"https:\/\/bassin-arcachon.com\/wp-content\/uploads\/2024\/11\/Marche-de-Noel-Gujan-1024x512.png 1024w, https:\/\/bassin-arcachon.com\/wp-content\/uploads\/2024\/11\/Marche-de-Noel-Gujan-600x300.png 600w, https:\/\/bassin-arcachon.com\/wp-content\/uploads\/2024\/11\/Marche-de-Noel-Gujan-768x384.png 768w, https:\/\/bassin-arcachon.com\/wp-content\/uploads\/2024\/11\/Marche-de-Noel-Gujan-18x9.png 18w, https:\/\/bassin-arcachon.com\/wp-content\/uploads\/2024\/11\/Marche-de-Noel-Gujan.png 1400w\" sizes=\"auto, (max-width: 1024px) 100vw, 1024px\" \/><figcaption class=\"wp-element-caption\">Sandra HYGONNENC<\/figcaption><\/figure>\n<\/div><\/div>\n\n\n\n<div class=\"wp-block-uagb-container uagb-block-34dd2fbc alignfull uagb-is-root-container\"><div class=\"uagb-container-inner-blocks-wrap\"><\/div><\/div>\n\n\n\n<hr class=\"wp-block-separator has-alpha-channel-opacity\"\/>\n\n\n\n<div class=\"wp-block-uagb-container uagb-block-df184d38 alignfull uagb-is-root-container\"><div class=\"uagb-container-inner-blocks-wrap\"><\/div><\/div>\n\n\n\n<h2 class=\"wp-block-heading\"><strong>Le Teich<\/strong><\/h2>\n\n\n\n<h3 class=\"wp-block-heading\">13 and 14 December 2025<\/h3>\n\n\n\n<div class=\"wp-block-uagb-container uagb-block-705c6f01 alignfull uagb-is-root-container\"><div class=\"uagb-container-inner-blocks-wrap\"><\/div><\/div>\n\n\n\n<div class=\"wp-block-uagb-container uagb-block-fad6720e alignfull uagb-is-root-container\"><div class=\"uagb-container-inner-blocks-wrap\">\n<p><strong>Saturday 13 December - 10am to 9pm<\/strong><br><br><strong>10h<\/strong> - The Village opens with a choir and the joyful voices of children from the town's leisure and after-school care centres, who will be ringing in the magic of Christmas!<br><br><strong>10.30 a.m. to 4 p.m.<\/strong> - Immerse yourself in \u00abLa Fabrique des Lutins\u00bb, a world of imagination with creative activities put on by the leisure centres, after-school services and the Espace Jeunes du Teich - Salle Publique:<br><br>- Workshops to make decorations and wood pyrography by the Espace Jeunes,<br>- A treasure hunt, enchanting face painting and souvenir photos in a setting created by the town's Accueils de Loisirs,<br>- Take-home Christmas decorating workshop run by the town's extracurricular services,<br>- Participatory fresco by the town's extracurricular services,<br>- An area dedicated to writing letters to Father Christmas and a reading corner for a gentle interlude by the town's extracurricular services.<br><br><strong>4pm to 7pm<\/strong> - Father Christmas will make an appearance to meet the children and capture this magical moment.<br><br><strong>15h30<\/strong> - Weighing of the Mystery Gift, followed at 4.15pm by the announcement of the winner and presentation of the gift by the Mayor.<br><strong>16h30 -<\/strong> Participatory decoration of the big fir tree <br><strong>16h50 -<\/strong> The official launch of the Christmas lights, a magical moment shared with the Mayor. <br><strong>17h -<\/strong> Musical performance by the Harmonie du Teich.<\/p>\n\n\n\n<p><strong>Sunday 14 December - 10am to 7pm<\/strong><br><strong><br>10 a.m. to 7 p.m.<\/strong> In the Salle Publique, the parents' association will be offering a day of fun and entertainment:<br><br>- Face painting, duck fishing and greetings card making,<br>- Sale of popcorn and Christmas decorations created by the children of Val des Pins nursery school.<br><br><strong>2pm to 4pm <\/strong>Horse-drawn carriage rides for an enchanted stroll through the heart of the town. <br><strong>3pm to 6pm<\/strong> Father Christmas will once again be on hand to delight the little ones. <br><strong>19h -<\/strong> Village closure<\/p>\n\n\n\n<p><strong>All weekend<br><\/strong>- Free merry-go-round for children,<br>- Hot and cold drinks from La P'tite Pinte,<br>- Catering provided by the Comit\u00e9 des f\u00eates.<br>- The Place du Souvenir will play host to a dozen or so passionate exhibitors, craftspeople and designers, who will be on hand to share their expertise and seasonal treasures. It's the perfect opportunity to find unique, local gifts to slip under the Christmas tree or enjoy on the spot.<\/p>\n\n\n\n<p><a href=\"https:\/\/leteich.fr\/actualite\/village-de-noel-2025-deux-jours-de-feerie-au-teich\/\" target=\"_blank\" rel=\"noopener\">More informations<\/a><\/p>\n<\/div><\/div>\n\n\n\n<div class=\"wp-block-uagb-container uagb-block-3c531329 alignfull uagb-is-root-container\"><div class=\"uagb-container-inner-blocks-wrap\">\n<figure class=\"wp-block-image size-large\"><img loading=\"lazy\" decoding=\"async\" width=\"1024\" height=\"512\" src=\"https:\/\/bassin-arcachon.com\/wp-content\/uploads\/2024\/11\/Marche-de-Noel-Le-Teich-1024x512.png\" alt=\"- - Bassin d&#039;Arcachon\" class=\"wp-image-190611\" title=\"- - Bassin d&#039;Arcachon\" srcset=\"https:\/\/bassin-arcachon.com\/wp-content\/uploads\/2024\/11\/Marche-de-Noel-Le-Teich-1024x512.png 1024w, https:\/\/bassin-arcachon.com\/wp-content\/uploads\/2024\/11\/Marche-de-Noel-Le-Teich-600x300.png 600w, https:\/\/bassin-arcachon.com\/wp-content\/uploads\/2024\/11\/Marche-de-Noel-Le-Teich-768x384.png 768w, https:\/\/bassin-arcachon.com\/wp-content\/uploads\/2024\/11\/Marche-de-Noel-Le-Teich-18x9.png 18w, https:\/\/bassin-arcachon.com\/wp-content\/uploads\/2024\/11\/Marche-de-Noel-Le-Teich.png 1400w\" sizes=\"auto, (max-width: 1024px) 100vw, 1024px\" \/><figcaption class=\"wp-element-caption\">City Le Teich<\/figcaption><\/figure>\n<\/div><\/div>\n\n\n\n<div class=\"wp-block-uagb-container uagb-block-232740db alignfull uagb-is-root-container\"><div class=\"uagb-container-inner-blocks-wrap\"><\/div><\/div>\n\n\n\n<hr class=\"wp-block-separator has-alpha-channel-opacity\"\/>\n\n\n\n<div class=\"wp-block-uagb-container uagb-block-8f814d79 alignfull uagb-is-root-container\"><div class=\"uagb-container-inner-blocks-wrap\"><\/div><\/div>\n\n\n\n<h2 class=\"wp-block-heading\"><strong>Biganos<\/strong><\/h2>\n\n\n\n<h3 class=\"wp-block-heading\">From Friday 19 to Sunday 21 December 2025<\/h3>\n\n\n\n<div class=\"wp-block-uagb-container uagb-block-fd3b5696 alignfull uagb-is-root-container\"><div class=\"uagb-container-inner-blocks-wrap\"><\/div><\/div>\n\n\n\n<div class=\"wp-block-uagb-container uagb-block-ba03235b alignfull uagb-is-root-container\"><div class=\"uagb-container-inner-blocks-wrap\">\n<p><strong>Friday from 4pm to 8pm<br>Saturday from 2pm to 8pm<br>Sunday from 10am to 6pm<\/strong><\/p>\n\n\n\n<p>- Christmas shows and stories<br>- Christmas choir<br>- Luminous angels and elves on the move<br>- Creative family workshops: make-up, hairdressing, Christmas decorations...<br>- Artisan and designer market<br>- Free photo with Father Christmas<br>- Catering on site<\/p>\n\n\n\n<p>And from 2 December to 7 January, head to Parc Lecoq for the funfair!<\/p>\n\n\n\n<p><a href=\"https:\/\/villedebiganos.fr\/\" target=\"_blank\" rel=\"noopener\">More informations <\/a><\/p>\n<\/div><\/div>\n\n\n\n<div class=\"wp-block-uagb-container uagb-block-3aedf957 alignfull uagb-is-root-container\"><div class=\"uagb-container-inner-blocks-wrap\"><\/div><\/div>\n\n\n\n<div class=\"wp-block-uagb-container uagb-block-579a74bd alignfull uagb-is-root-container\"><div class=\"uagb-container-inner-blocks-wrap\">\n<figure class=\"wp-block-image size-large\"><img loading=\"lazy\" decoding=\"async\" width=\"1024\" height=\"512\" src=\"https:\/\/bassin-arcachon.com\/wp-content\/uploads\/2024\/11\/Marche-de-Noel-Biganos-1-1024x512.png\" alt=\"- - Bassin d&#039;Arcachon\" class=\"wp-image-190616\" title=\"- - Bassin d&#039;Arcachon\" srcset=\"https:\/\/bassin-arcachon.com\/wp-content\/uploads\/2024\/11\/Marche-de-Noel-Biganos-1-1024x512.png 1024w, https:\/\/bassin-arcachon.com\/wp-content\/uploads\/2024\/11\/Marche-de-Noel-Biganos-1-600x300.png 600w, https:\/\/bassin-arcachon.com\/wp-content\/uploads\/2024\/11\/Marche-de-Noel-Biganos-1-768x384.png 768w, https:\/\/bassin-arcachon.com\/wp-content\/uploads\/2024\/11\/Marche-de-Noel-Biganos-1-18x9.png 18w, https:\/\/bassin-arcachon.com\/wp-content\/uploads\/2024\/11\/Marche-de-Noel-Biganos-1.png 1400w\" sizes=\"auto, (max-width: 1024px) 100vw, 1024px\" \/><figcaption class=\"wp-element-caption\">\u00a9 Gregory CASSIAU<\/figcaption><\/figure>\n<\/div><\/div>\n\n\n\n<div class=\"wp-block-uagb-container uagb-block-8e1ec355 alignfull uagb-is-root-container\"><div class=\"uagb-container-inner-blocks-wrap\"><\/div><\/div>\n\n\n\n<hr class=\"wp-block-separator has-alpha-channel-opacity\"\/>\n\n\n\n<div class=\"wp-block-uagb-container uagb-block-c3628982 alignfull uagb-is-root-container\"><div class=\"uagb-container-inner-blocks-wrap\"><\/div><\/div>\n\n\n\n<h2 class=\"wp-block-heading\"><strong>Audenge<\/strong><\/h2>\n\n\n\n<h3 class=\"wp-block-heading\">Friday 5th December 2025<\/h3>\n\n\n\n<div class=\"wp-block-uagb-container uagb-block-f331dcaf alignfull uagb-is-root-container\"><div class=\"uagb-container-inner-blocks-wrap\"><\/div><\/div>\n\n\n\n<div class=\"wp-block-uagb-container uagb-block-a7106f66 alignfull uagb-is-root-container\"><div class=\"uagb-container-inner-blocks-wrap\">\n<p>\u2013 <strong>Christmas at the Blue Cabin<\/strong>&nbsp;from 5pm to 7pm at the Port.&nbsp;<br>- A magical encounter with Father Christmas!<br>- From 18<sup>H<\/sup>&nbsp;: Don\u2019t miss Santa\u2019s bedtime at the Blue Cabin, a unique moment to experience with the family!<br>- 20h30 : <strong>Saint Paul's Church <\/strong>by the Bassin Instrumental Ensemble<br>- From 6 December to 6 January, Santa's Workshop opens its doors to you at the Cabane Bleue.<\/p>\n<\/div><\/div>\n\n\n\n<div class=\"wp-block-uagb-container uagb-block-dce8eccc alignfull uagb-is-root-container\"><div class=\"uagb-container-inner-blocks-wrap\"><\/div><\/div>\n\n\n\n<h3 class=\"wp-block-heading\">Saturday 6 December 2025<\/h3>\n\n\n\n<div class=\"wp-block-uagb-container uagb-block-b9da4ae7 alignfull uagb-is-root-container\"><div class=\"uagb-container-inner-blocks-wrap\"><\/div><\/div>\n\n\n\n<div class=\"wp-block-uagb-container uagb-block-fcda2b4d alignfull uagb-is-root-container\"><div class=\"uagb-container-inner-blocks-wrap\">\n<p>\u2013 <strong>Christmas Market: 3pm to 7pm in the Public Park<\/strong><br>- Stalls and exhibitors: crafts, designers, gourmets...<br>- Free - Carousel for kids and teens! <br>- Free - Face painting workshop for children from 3pm to 6pm<br>- Walking shows between 5 and 7 pm<\/p>\n<\/div><\/div>\n\n\n\n<div class=\"wp-block-uagb-container uagb-block-962ac142 alignfull uagb-is-root-container\"><div class=\"uagb-container-inner-blocks-wrap\"><\/div><\/div>\n\n\n\n<h3 class=\"wp-block-heading\">Sunday 7 December 2025<\/h3>\n\n\n\n<div class=\"wp-block-uagb-container uagb-block-6927e2bc alignfull uagb-is-root-container\"><div class=\"uagb-container-inner-blocks-wrap\"><\/div><\/div>\n\n\n\n<div class=\"wp-block-uagb-container uagb-block-1afd60e4 alignfull uagb-is-root-container\"><div class=\"uagb-container-inner-blocks-wrap\">\n<p><strong>- Christmas Market: 10am to 6pm in the Public Park<\/strong><br>- Stalls and exhibitors: crafts, designers, gourmets...<br>- Free - Rides for kids and teens! <br>- Art and plants workshops by Ang\u00e8le Largy from 10.30 a.m. to 12.30 p.m.<br>- Choir by M\u00e9li-M\u00e9lodie at 12 noon<br>- Father Christmas stand from 2pm to 6pm<br>- Free - Face painting workshop for children from 2.30pm to 5.30pm <br>- Art and plants workshops by Ang\u00e8le Largy from 2.30 p.m. <br>- Walking shows between 4pm and 6pm<\/p>\n\n\n\n<p><a href=\"https:\/\/www.ville-audenge.fr\/agenda\/audenge-fete-noel\/\" target=\"_blank\" rel=\"noreferrer noopener\">More informations<\/a><\/p>\n<\/div><\/div>\n\n\n\n<div class=\"wp-block-uagb-container uagb-block-e52a2056 alignfull uagb-is-root-container\"><div class=\"uagb-container-inner-blocks-wrap\">\n<figure class=\"wp-block-image size-large\"><img loading=\"lazy\" decoding=\"async\" width=\"1024\" height=\"512\" src=\"https:\/\/bassin-arcachon.com\/wp-content\/uploads\/2024\/11\/Marche-de-Noel-Audenge-1024x512.png\" alt=\"- - Bassin d&#039;Arcachon\" class=\"wp-image-190618\" title=\"- - Bassin d&#039;Arcachon\" srcset=\"https:\/\/bassin-arcachon.com\/wp-content\/uploads\/2024\/11\/Marche-de-Noel-Audenge-1024x512.png 1024w, https:\/\/bassin-arcachon.com\/wp-content\/uploads\/2024\/11\/Marche-de-Noel-Audenge-600x300.png 600w, https:\/\/bassin-arcachon.com\/wp-content\/uploads\/2024\/11\/Marche-de-Noel-Audenge-768x384.png 768w, https:\/\/bassin-arcachon.com\/wp-content\/uploads\/2024\/11\/Marche-de-Noel-Audenge-18x9.png 18w, https:\/\/bassin-arcachon.com\/wp-content\/uploads\/2024\/11\/Marche-de-Noel-Audenge.png 1400w\" sizes=\"auto, (max-width: 1024px) 100vw, 1024px\" \/><figcaption class=\"wp-element-caption\">\u00a9 City of Audenge<\/figcaption><\/figure>\n<\/div><\/div>\n\n\n\n<div class=\"wp-block-uagb-container uagb-block-f8456825 alignfull uagb-is-root-container\"><div class=\"uagb-container-inner-blocks-wrap\"><\/div><\/div>\n\n\n\n<hr class=\"wp-block-separator has-alpha-channel-opacity\"\/>\n\n\n\n<div class=\"wp-block-uagb-container uagb-block-63b49365 alignfull uagb-is-root-container\"><div class=\"uagb-container-inner-blocks-wrap\"><\/div><\/div>\n\n\n\n<h2 class=\"wp-block-heading\"><strong>lanton<\/strong><\/h2>\n\n\n\n<h3 class=\"wp-block-heading\">19 December and 20 December 2025: <\/h3>\n\n\n\n<div class=\"wp-block-uagb-container uagb-block-e898bc47 alignfull uagb-is-root-container\"><div class=\"uagb-container-inner-blocks-wrap\"><\/div><\/div>\n\n\n\n<div class=\"wp-block-uagb-container uagb-block-3e3072b1 alignfull uagb-is-root-container\"><div class=\"uagb-container-inner-blocks-wrap\">\n<p>- Christmas market, 4.30-9pm, at the Cassy sports complex:<br><br>Market featuring local designers, exhibitors and artists. <br><br>ANIMATIONS :<br>- Concert by the leisure centres<br>- Food and drink<br>- Inflatable structure and merry-go-round (fee payable)<br>- Pony \/ Face painting (free)<br>- Giant bubble<br>- Circus walk<br>- Mascot parade<br>- Cinema<br>- Father Christmas arrives<br>- Culinary workshop (Saturday afternoons by prior arrangement)<br>- Concert by the leisure centres<\/p>\n<\/div><\/div>\n\n\n\n<div class=\"wp-block-uagb-container uagb-block-35a65faf alignfull uagb-is-root-container\"><div class=\"uagb-container-inner-blocks-wrap\"><\/div><\/div>\n\n\n\n<div class=\"wp-block-uagb-container uagb-block-642db93f alignfull uagb-is-root-container\"><div class=\"uagb-container-inner-blocks-wrap\">\n<figure class=\"wp-block-image size-large\"><img loading=\"lazy\" decoding=\"async\" width=\"1024\" height=\"512\" src=\"https:\/\/bassin-arcachon.com\/wp-content\/uploads\/2024\/11\/Marche-de-Noel-Lanton-1024x512.png\" alt=\"- - Bassin d&#039;Arcachon\" class=\"wp-image-190622\" title=\"- - Bassin d&#039;Arcachon\" srcset=\"https:\/\/bassin-arcachon.com\/wp-content\/uploads\/2024\/11\/Marche-de-Noel-Lanton-1024x512.png 1024w, https:\/\/bassin-arcachon.com\/wp-content\/uploads\/2024\/11\/Marche-de-Noel-Lanton-600x300.png 600w, https:\/\/bassin-arcachon.com\/wp-content\/uploads\/2024\/11\/Marche-de-Noel-Lanton-768x384.png 768w, https:\/\/bassin-arcachon.com\/wp-content\/uploads\/2024\/11\/Marche-de-Noel-Lanton-18x9.png 18w, https:\/\/bassin-arcachon.com\/wp-content\/uploads\/2024\/11\/Marche-de-Noel-Lanton.png 1400w\" sizes=\"auto, (max-width: 1024px) 100vw, 1024px\" \/><figcaption class=\"wp-element-caption\">AIME Photography<\/figcaption><\/figure>\n<\/div><\/div>\n\n\n\n<div class=\"wp-block-uagb-container uagb-block-e269ec0b alignfull uagb-is-root-container\"><div class=\"uagb-container-inner-blocks-wrap\"><\/div><\/div>\n\n\n\n<hr class=\"wp-block-separator has-alpha-channel-opacity\"\/>\n\n\n\n<div class=\"wp-block-uagb-container uagb-block-9ec5ffb4 alignfull uagb-is-root-container\"><div class=\"uagb-container-inner-blocks-wrap\"><\/div><\/div>\n\n\n\n<h2 class=\"wp-block-heading\" id=\"h-mios\"><strong>Mios<\/strong><\/h2>\n\n\n\n<h3 class=\"wp-block-heading\">From 5 to 7 December 2025: <\/h3>\n\n\n\n<div class=\"wp-block-uagb-container uagb-block-f411cd3a alignfull uagb-is-root-container\"><div class=\"uagb-container-inner-blocks-wrap\"><\/div><\/div>\n\n\n\n<div class=\"wp-block-uagb-container uagb-block-83572a8e alignfull uagb-is-root-container\"><div class=\"uagb-container-inner-blocks-wrap\">\n<p>Timetable: Friday<strong> 5pm-8.30pm<\/strong> \/ Saturday <strong>10.30 a.m. to 9 p.m.<\/strong> \/ Sunday <strong>10.30 a.m. to 5 p.m. <\/strong><br>- About <strong>35 exhibitors<\/strong> local crafts, delicacies, decorations, jewellery, textiles, etc. <br>- Photos with Father Christmas (1 free photo per family) with photographer Elsa Ab\u00e9guill\u00e9 <br>- 1 merry-go-round for the little ones: \u20ac2 per ride \/ \u20ac5 for 3 rides <br>- Creative workshops with the Tourist Office Numerous events will be organised by associations over the 3 days Pony rides (\u20ac2 per ride) <br><br><strong>Friday at 6pm : <\/strong>Father Christmas arrives <br>- strolling with the Lutins Fanfarfadets. <br>After the scooter, the motorbike and the Twizi, what will Santa be wearing this year? <br><br><strong>Saturday:<\/strong> musical entertainment with the Guinguette de No\u00ebl <br>- Fireworks on Saturday at 7pm <br>- Shows (free) : Saturday <strong>10 a.m. and 11 a.m.1<\/strong>5 \u00abGraines de Vie\u00bb (Al\u00e9a collective) at the M\u00e9diath\u00e8que (3 months to 3 years): this show, combining music, visual art and dance, is an ode to nature and the ties that bind us together. An immersive experience designed to awaken the senses in young children. To book, call 05 56 26 49 10 \/ mediatheque@villemios.fr<br><br><strong>Sunday :<\/strong> make-up stand (with the Clowns St\u00e9thoscopes) <br>- Christmas biscuit competition (decoration and tasting): biscuits to be submitted on Sunday at <strong>11h<\/strong>, results at <strong>14h30<\/strong> <br> \u2013<strong>3pm and 5pm<\/strong> (L\u00e9o, L\u00e9on et le R\u00eavomatik) at the Salle des F\u00eates (ages 4 to 12): The dreammasters have to attach the dream threads to the stars using the R\u00eavomatik. But some nights, there are no more threads, and therefore no more dreams... Follow their adventures to find the solution, surprising but also obvious... Book online at <a href=\"https:\/\/billetterie.festik.net\/villemios-monspectacle\/product\/leo-leon-et-le-revomatik\" target=\"_blank\" rel=\"noreferrer noopener\">https:\/\/billetterie.festik.net\/villemios-monspectacle\/product\/leo-leon-et-le-revomatik<\/a><\/p>\n\n\n\n<p><a href=\"https:\/\/www.villemios.fr\/village-de-noel-2025\/\" target=\"_blank\" rel=\"noreferrer noopener\">More informations<\/a><\/p>\n<\/div><\/div>\n\n\n\n<div class=\"wp-block-uagb-container uagb-block-f47a0868 alignfull uagb-is-root-container\"><div class=\"uagb-container-inner-blocks-wrap\">\n<figure class=\"wp-block-image size-large\"><img loading=\"lazy\" decoding=\"async\" width=\"1024\" height=\"512\" src=\"https:\/\/bassin-arcachon.com\/wp-content\/uploads\/2024\/11\/Marche-de-Noel-Mios-1024x512.png\" alt=\"- - Bassin d&#039;Arcachon\" class=\"wp-image-190623\" title=\"- - Bassin d&#039;Arcachon\" srcset=\"https:\/\/bassin-arcachon.com\/wp-content\/uploads\/2024\/11\/Marche-de-Noel-Mios-1024x512.png 1024w, https:\/\/bassin-arcachon.com\/wp-content\/uploads\/2024\/11\/Marche-de-Noel-Mios-600x300.png 600w, https:\/\/bassin-arcachon.com\/wp-content\/uploads\/2024\/11\/Marche-de-Noel-Mios-768x384.png 768w, https:\/\/bassin-arcachon.com\/wp-content\/uploads\/2024\/11\/Marche-de-Noel-Mios-18x9.png 18w, https:\/\/bassin-arcachon.com\/wp-content\/uploads\/2024\/11\/Marche-de-Noel-Mios.png 1400w\" sizes=\"auto, (max-width: 1024px) 100vw, 1024px\" \/><figcaption class=\"wp-element-caption\">Coeur du Bassin Tourist Office<\/figcaption><\/figure>\n<\/div><\/div>\n\n\n\n<div class=\"wp-block-uagb-container uagb-block-77c0f7c6 alignfull uagb-is-root-container\"><div class=\"uagb-container-inner-blocks-wrap\"><\/div><\/div>\n\n\n\n<hr class=\"wp-block-separator has-alpha-channel-opacity\"\/>\n\n\n\n<div class=\"wp-block-uagb-container uagb-block-01b792d7 alignfull uagb-is-root-container\"><div class=\"uagb-container-inner-blocks-wrap\"><\/div><\/div>\n\n\n\n<h2 class=\"wp-block-heading\"><strong>Marketprime<\/strong><\/h2>\n\n\n\n<h3 class=\"wp-block-heading\">Saturday 6 December 2025:<\/h3>\n\n\n\n<div class=\"wp-block-uagb-container uagb-block-cf4b6696 alignfull uagb-is-root-container\"><div class=\"uagb-container-inner-blocks-wrap\"><\/div><\/div>\n\n\n\n<div class=\"wp-block-uagb-container uagb-block-7e3f838d alignfull uagb-is-root-container\"><div class=\"uagb-container-inner-blocks-wrap\">\n<p>- Inflatable toboggan run <strong>10 a.m. to 6 p.m.<\/strong> from 4 years <br>- Lantern walk <strong>6 p.m.<\/strong> entertained by the Banda les Galinettes <br>- Launch of the city's illuminations <br>- Sale of objects made by the children of the primary schools of <strong>2pm to 6pm <\/strong><br>- All day catering, refreshments, pancakes, mulled wine... <br>- Father Christmas photo from<strong> 17h<\/strong> <br>- Make-up stand<\/p>\n<\/div><\/div>\n\n\n\n<div class=\"wp-block-uagb-container uagb-block-0102c34a alignfull uagb-is-root-container\"><div class=\"uagb-container-inner-blocks-wrap\"><\/div><\/div>\n\n\n\n<h3 class=\"wp-block-heading\">Sunday 7 December 2025: <\/h3>\n\n\n\n<div class=\"wp-block-uagb-container uagb-block-5766d280 alignfull uagb-is-root-container\"><div class=\"uagb-container-inner-blocks-wrap\"><\/div><\/div>\n\n\n\n<div class=\"wp-block-uagb-container uagb-block-4fba487a alignfull uagb-is-root-container\"><div class=\"uagb-container-inner-blocks-wrap\">\n<p>- Free Christmas show by <strong>3pm to 4pm<\/strong><br>- Make-up stand for <strong>2pm to 6pm <\/strong><br>- Photo with Father Christmas from <strong>17h<\/strong><br>- All day catering, refreshments, pancakes, mulled wine<\/p>\n<\/div><\/div>\n\n\n\n<div class=\"wp-block-uagb-container uagb-block-2124f448 alignfull uagb-is-root-container\"><div class=\"uagb-container-inner-blocks-wrap\"><\/div><\/div>\n\n\n\n<h3 class=\"wp-block-heading\">Sunday 14 December 2025: <\/h3>\n\n\n\n<div class=\"wp-block-uagb-container uagb-block-1ab5ef86 alignfull uagb-is-root-container\"><div class=\"uagb-container-inner-blocks-wrap\"><\/div><\/div>\n\n\n\n<div class=\"wp-block-uagb-container uagb-block-820ec89f alignfull uagb-is-root-container\"><div class=\"uagb-container-inner-blocks-wrap\">\n<p>From <strong>10h<\/strong>, Rue Jacques Blieck: the March\u00e9 Municipal celebrates Christmas, with chocolates and a photo with Santa Claus.<\/p>\n\n\n\n<p><a href=\"https:\/\/ville-marcheprime.fr\/agenda\/marche-artisanal-de-noel\/\" target=\"_blank\" rel=\"noopener\">More informations<\/a><\/p>\n<\/div><\/div>\n\n\n\n<div class=\"wp-block-uagb-container uagb-block-e8b8acd8 alignfull uagb-is-root-container\"><div class=\"uagb-container-inner-blocks-wrap\">\n<figure class=\"wp-block-image size-large\"><img loading=\"lazy\" decoding=\"async\" width=\"1024\" height=\"512\" src=\"https:\/\/bassin-arcachon.com\/wp-content\/uploads\/2024\/11\/Marche-de-Noel-Marcheprime-1024x512.png\" alt=\"- - Bassin d&#039;Arcachon\" class=\"wp-image-190624\" title=\"- - Bassin d&#039;Arcachon\" srcset=\"https:\/\/bassin-arcachon.com\/wp-content\/uploads\/2024\/11\/Marche-de-Noel-Marcheprime-1024x512.png 1024w, https:\/\/bassin-arcachon.com\/wp-content\/uploads\/2024\/11\/Marche-de-Noel-Marcheprime-600x300.png 600w, https:\/\/bassin-arcachon.com\/wp-content\/uploads\/2024\/11\/Marche-de-Noel-Marcheprime-768x384.png 768w, https:\/\/bassin-arcachon.com\/wp-content\/uploads\/2024\/11\/Marche-de-Noel-Marcheprime-18x9.png 18w, https:\/\/bassin-arcachon.com\/wp-content\/uploads\/2024\/11\/Marche-de-Noel-Marcheprime.png 1400w\" sizes=\"auto, (max-width: 1024px) 100vw, 1024px\" \/><figcaption class=\"wp-element-caption\">Coeur du Bassin Tourist Office<\/figcaption><\/figure>\n<\/div><\/div>\n\n\n\n<div class=\"wp-block-uagb-container uagb-block-d4ddd1a6 alignfull uagb-is-root-container\"><div class=\"uagb-container-inner-blocks-wrap\"><\/div><\/div>\n\n\n\n<hr class=\"wp-block-separator has-alpha-channel-opacity\"\/>\n\n\n\n<div class=\"wp-block-uagb-container uagb-block-98d4d53b alignfull uagb-is-root-container\"><div class=\"uagb-container-inner-blocks-wrap\"><\/div><\/div>\n\n\n\n<h2 class=\"wp-block-heading\"><strong>Andernos<\/strong><\/h2>\n\n\n\n<h3 class=\"wp-block-heading\">From 20 to 24 December 2025<\/h3>\n\n\n\n<div class=\"wp-block-uagb-container uagb-block-7bc40b0f alignfull uagb-is-root-container\"><div class=\"uagb-container-inner-blocks-wrap\"><\/div><\/div>\n\n\n\n<div class=\"wp-block-uagb-container uagb-block-c18e52e9 alignfull uagb-is-root-container\"><div class=\"uagb-container-inner-blocks-wrap\">\n<p><strong>The Christmas Village in the Jardin Louis David <\/strong><br>- Food and craft stalls: 11am to 7pm (until 9pm on 20 December and 5pm on 24 December)<br>- Adventure trail (5 years and over), Christmas bauble fishing (2-6 years), Candy cane castle (1-6 years): free admission from 12pm to 6pm (until 5pm on 24 December).<br>- Santa's world - Enchanted Christmas exhibition: 11am to 7pm (until 5pm on 24 December)<br>- Meet Father Christmas: from 3.30pm to 5.30pm from 20 to 23 December and from 2.30pm to 4.30pm on 24 December.<\/p>\n<\/div><\/div>\n\n\n\n<div class=\"wp-block-uagb-container uagb-block-d37c1f1a alignfull uagb-is-root-container\"><div class=\"uagb-container-inner-blocks-wrap\"><\/div><\/div>\n\n\n\n<h3 class=\"wp-block-heading\">Saturday 20 December 2025<\/h3>\n\n\n\n<div class=\"wp-block-uagb-container uagb-block-b79cd5cc alignfull uagb-is-root-container\"><div class=\"uagb-container-inner-blocks-wrap\"><\/div><\/div>\n\n\n\n<div class=\"wp-block-uagb-container uagb-block-84e8748d alignfull uagb-is-root-container\"><div class=\"uagb-container-inner-blocks-wrap\">\n<p><strong>Jardin Louis David <\/strong><br>- A sparkling afternoon: Santa's mystery arrival followed by a snack and photo opportunities. Make-up workshop with mascot Olaf. The animals of La Ferme \u00e0 la Plage will be on hand to show you all their tenderness. From 2.30pm.<\/p>\n<\/div><\/div>\n\n\n\n<div class=\"wp-block-uagb-container uagb-block-3bb3e677 alignfull uagb-is-root-container\"><div class=\"uagb-container-inner-blocks-wrap\"><\/div><\/div>\n\n\n\n<h3 class=\"wp-block-heading\">From 22 to 24 and from 29 to 31 December 2025<\/h3>\n\n\n\n<div class=\"wp-block-uagb-container uagb-block-fcf50852 alignfull uagb-is-root-container\"><div class=\"uagb-container-inner-blocks-wrap\"><\/div><\/div>\n\n\n\n<div class=\"wp-block-uagb-container uagb-block-cb134268 alignfull uagb-is-root-container\"><div class=\"uagb-container-inner-blocks-wrap\">\n<p>Cap33 and Cap33 Junior (10 to 14 year-olds) offer a range of sporting and leisure activities to enjoy as a family, or to discover on your own from the age of 15! <br>Information and registration: 05.56.82.02.87 \/ 06.42.51.54.61<br><br><a href=\"https:\/\/bassin-arcachon.com\/wp-content\/uploads\/2020\/07\/image.png\" target=\"_blank\" rel=\"noreferrer noopener\">More informations<\/a><\/p>\n<\/div><\/div>\n\n\n\n<div class=\"wp-block-uagb-container uagb-block-f8e7f1cc alignfull uagb-is-root-container\"><div class=\"uagb-container-inner-blocks-wrap\">\n<figure class=\"wp-block-image size-large\"><img loading=\"lazy\" decoding=\"async\" width=\"1024\" height=\"512\" src=\"https:\/\/bassin-arcachon.com\/wp-content\/uploads\/2024\/11\/Marche-de-Noel-Andernos-1024x512.png\" alt=\"- - Bassin d&#039;Arcachon\" class=\"wp-image-190625\" title=\"- - Bassin d&#039;Arcachon\" srcset=\"https:\/\/bassin-arcachon.com\/wp-content\/uploads\/2024\/11\/Marche-de-Noel-Andernos-1024x512.png 1024w, https:\/\/bassin-arcachon.com\/wp-content\/uploads\/2024\/11\/Marche-de-Noel-Andernos-600x300.png 600w, https:\/\/bassin-arcachon.com\/wp-content\/uploads\/2024\/11\/Marche-de-Noel-Andernos-768x384.png 768w, https:\/\/bassin-arcachon.com\/wp-content\/uploads\/2024\/11\/Marche-de-Noel-Andernos-18x9.png 18w, https:\/\/bassin-arcachon.com\/wp-content\/uploads\/2024\/11\/Marche-de-Noel-Andernos.png 1400w\" sizes=\"auto, (max-width: 1024px) 100vw, 1024px\" \/><figcaption class=\"wp-element-caption\">City of Andernos les Bains<\/figcaption><\/figure>\n<\/div><\/div>\n\n\n\n<div class=\"wp-block-uagb-container uagb-block-c3763081 alignfull uagb-is-root-container\"><div class=\"uagb-container-inner-blocks-wrap\"><\/div><\/div>\n\n\n\n<hr class=\"wp-block-separator has-alpha-channel-opacity\"\/>\n\n\n\n<div class=\"wp-block-uagb-container uagb-block-1f130bf9 alignfull uagb-is-root-container\"><div class=\"uagb-container-inner-blocks-wrap\"><\/div><\/div>\n\n\n\n<h2 class=\"wp-block-heading\"><strong>Ares<\/strong><\/h2>\n\n\n\n<h3 class=\"wp-block-heading\">Sunday 7 December 2025<\/h3>\n\n\n\n<div class=\"wp-block-uagb-container uagb-block-e77b1615 alignfull uagb-is-root-container\"><div class=\"uagb-container-inner-blocks-wrap\"><\/div><\/div>\n\n\n\n<div class=\"wp-block-uagb-container uagb-block-2b5075f7 alignfull uagb-is-root-container\"><div class=\"uagb-container-inner-blocks-wrap\">\n<p>\u2013 Large Christmas Market with presentation and sale of all kinds of decorative objects, jewelry and regional products. <br>- Carousel entertainment, horse-drawn carriage rides, choir and singing.<br>\u2013 Santa Claus will also be there to welcome the children. Refreshments and pancakes on site. All public \u2013 free<\/p>\n\n\n\n<p><a href=\"https:\/\/www.ares-tourisme.com\/agenda\/fiche-agenda?id=FMAAQU033V51CHIL\" target=\"_blank\" rel=\"noreferrer noopener\">More informations<\/a><\/p>\n<\/div><\/div>\n\n\n\n<div class=\"wp-block-uagb-container uagb-block-b275a766 alignfull uagb-is-root-container\"><div class=\"uagb-container-inner-blocks-wrap\"><\/div><\/div>\n\n\n\n<h3 class=\"wp-block-heading\">Sunday 14 December 2025<\/h3>\n\n\n\n<div class=\"wp-block-uagb-container uagb-block-86ac0113 alignfull uagb-is-root-container\"><div class=\"uagb-container-inner-blocks-wrap\"><\/div><\/div>\n\n\n\n<div class=\"wp-block-uagb-container uagb-block-055842bf alignfull uagb-is-root-container\"><div class=\"uagb-container-inner-blocks-wrap\">\n<p>- Christmas market for craftspeople and shopkeepers: come and enjoy a stroll, a tasting and a festive atmosphere, with Father Christmas in attendance. Location: Place de l'\u00e9glise.<\/p>\n\n\n\n<p>- Refreshments and food available on site, with pancakes on offer in aid of the Telethon.<\/p>\n\n\n\n<p>- Christmas concert on the theme of the 80s, combining the spirit and essential rhythms of the decade. Venue: Espace Br\u00e9montier.<\/p>\n\n\n\n<p><a href=\"https:\/\/www.ares-tourisme.com\/agenda\/fiche-agenda?id=FMAAQU033V51CHJB\" target=\"_blank\" rel=\"noopener\">More informations<\/a><\/p>\n<\/div><\/div>\n\n\n\n<div class=\"wp-block-uagb-container uagb-block-506b14f2 alignfull uagb-is-root-container\"><div class=\"uagb-container-inner-blocks-wrap\"><\/div><\/div>\n\n\n\n<h3 class=\"wp-block-heading\">Tuesday 16 December 2025<\/h3>\n\n\n\n<div class=\"wp-block-uagb-container uagb-block-367f4098 alignfull uagb-is-root-container\"><div class=\"uagb-container-inner-blocks-wrap\"><\/div><\/div>\n\n\n\n<div class=\"wp-block-uagb-container uagb-block-4fbe633b alignfull uagb-is-root-container\"><div class=\"uagb-container-inner-blocks-wrap\">\n<p>- Christmas tales: let yourself be enchanted by winter stories and the flavours of home and abroad: mulled wine and Alsatian Christmas cakes. open to the public - Members: free - Non-members: \u20ac6 Information on 06 08 13 53 70 or at cultureloisirsares@free.fr. Venue: domaine des Lug\u00e9es, village des associations.<br><br><\/p>\n\n\n\n<p><a href=\"https:\/\/www.ares-tourisme.com\/agenda\/fiche-agenda?id=FMAAQU033V51CHJC\" target=\"_blank\" rel=\"noreferrer noopener\">More informations<\/a><\/p>\n<\/div><\/div>\n\n\n\n<div class=\"wp-block-uagb-container uagb-block-d4157b99 alignfull uagb-is-root-container\"><div class=\"uagb-container-inner-blocks-wrap\">\n<figure class=\"wp-block-image size-large\"><img loading=\"lazy\" decoding=\"async\" width=\"1024\" height=\"512\" src=\"https:\/\/bassin-arcachon.com\/wp-content\/uploads\/2024\/11\/Design-sans-titre-28-1024x512.png\" alt=\"- - Bassin d&#039;Arcachon\" class=\"wp-image-197088\" title=\"- - Bassin d&#039;Arcachon\" srcset=\"https:\/\/bassin-arcachon.com\/wp-content\/uploads\/2024\/11\/Design-sans-titre-28-1024x512.png 1024w, https:\/\/bassin-arcachon.com\/wp-content\/uploads\/2024\/11\/Design-sans-titre-28-600x300.png 600w, https:\/\/bassin-arcachon.com\/wp-content\/uploads\/2024\/11\/Design-sans-titre-28-768x384.png 768w, https:\/\/bassin-arcachon.com\/wp-content\/uploads\/2024\/11\/Design-sans-titre-28-18x9.png 18w, https:\/\/bassin-arcachon.com\/wp-content\/uploads\/2024\/11\/Design-sans-titre-28.png 1400w\" sizes=\"auto, (max-width: 1024px) 100vw, 1024px\" \/><figcaption class=\"wp-element-caption\">Jacques Rouquette Tourist Office Ar\u00e8s<\/figcaption><\/figure>\n<\/div><\/div>\n\n\n\n<div class=\"wp-block-uagb-container uagb-block-7f8d55e5 alignfull uagb-is-root-container\"><div class=\"uagb-container-inner-blocks-wrap\"><\/div><\/div>\n\n\n\n<hr class=\"wp-block-separator has-alpha-channel-opacity\"\/>\n\n\n\n<div class=\"wp-block-uagb-container uagb-block-8e1f4b73 alignfull uagb-is-root-container\"><div class=\"uagb-container-inner-blocks-wrap\"><\/div><\/div>\n\n\n\n<h2 class=\"wp-block-heading\"><strong>Lege-Cap Ferret<\/strong><\/h2>\n\n\n\n<h3 class=\"wp-block-heading\">From Friday 12 to Sunday 14 December 2025:<\/h3>\n\n\n\n<div class=\"wp-block-uagb-container uagb-block-36f7ac97 alignfull uagb-is-root-container\"><div class=\"uagb-container-inner-blocks-wrap\"><\/div><\/div>\n\n\n\n<div class=\"wp-block-uagb-container uagb-block-64a737ff alignfull uagb-is-root-container\"><div class=\"uagb-container-inner-blocks-wrap\">\n<p><strong>Avenue des Halles - Claouey <\/strong><\/p>\n\n\n\n<p>Come and discover all weekend long from 10am to 7pm, various designers selected for their quality products. Ideal for finding an unusual gift for Christmas.<br>Catering on site with the Cap Termer association.<\/p>\n\n\n\n<p>Pastille: Opening on Friday 12 December at 6pm<\/p>\n<\/div><\/div>\n\n\n\n<div class=\"wp-block-uagb-container uagb-block-38965a45 alignfull uagb-is-root-container\"><div class=\"uagb-container-inner-blocks-wrap\"><\/div><\/div>\n\n\n\n<h3 class=\"wp-block-heading\">From Friday 19 December to Sunday 4 January 2026<\/h3>\n\n\n\n<div class=\"wp-block-uagb-container uagb-block-c5ac62e9 alignfull uagb-is-root-container\"><div class=\"uagb-container-inner-blocks-wrap\">\n<p><strong>Christmas Village<\/strong> 19 to 24 December, 2.30pm to 6.30pm, <strong>Christmas market<\/strong> 19 to 24 December<\/p>\n\n\n\n<ul class=\"wp-block-list\">\n<li><strong>Rides&nbsp;<\/strong><\/li>\n<\/ul>\n\n\n\n<p>Open every day* from 19 December to 4 January from <strong>2.30 p.m. to 6.30 p.m.<\/strong>&nbsp; &nbsp; &nbsp; &nbsp; &nbsp; &nbsp; &nbsp; &nbsp; &nbsp; &nbsp; &nbsp; &nbsp; &nbsp; &nbsp; &nbsp; &nbsp; &nbsp; &nbsp; &nbsp; &nbsp; &nbsp; &nbsp; &nbsp; &nbsp; &nbsp; &nbsp; &nbsp; &nbsp; &nbsp;<br><em>*Closed on 25 December and 1 January<br>Commune 0.50 cts per lap - Outside commune 1\u20ac per lap<\/em><\/p>\n\n\n\n<ul class=\"wp-block-list\">\n<li><strong>Food huts and ice rink&nbsp;<\/strong><\/li>\n<\/ul>\n\n\n\n<p>Opening on Friday 19 December at <strong>17h<\/strong> ( up to<strong> 23h<\/strong>) - (Free on Friday 19 from <strong>5pm to 7pm<\/strong>)<br>Open every day from <strong>2.30 p.m. to 6.30 p.m.<\/strong><br>On 25 December and 1 January <strong>4pm to 6.30pm<\/strong><br><strong><em>Theme nights<\/em>&nbsp;<\/strong>Saturday 27 December and Saturday 3 January<\/p>\n\n\n\n<p><em>Ice rink fee for 30 minutes : Commune: 2 euros \/ Outside commune: 4 euros<\/em><\/p>\n\n\n\n<h4 class=\"wp-block-heading\"><strong>PROGRAMME OF FREE EVENTS<\/strong><\/h4>\n\n\n\n<ul class=\"wp-block-list\">\n<li><strong>Friday 19 December - Place de l'h\u00f4tel de Ville, L\u00e8ge<br><\/strong><strong><em>Christmas evening&nbsp;<\/em><\/strong><\/li>\n<\/ul>\n\n\n\n<p><strong>6.30 pm - 7.15 pm <\/strong>Christmas dance performance by CEAM (salle la Halle)<br><strong>19h<\/strong> Opening of the restaurant<br><strong>20h<\/strong> Festive concert with the band Notorious<br><strong>21h30 <\/strong>Fireworks<\/p>\n\n\n\n<ul class=\"wp-block-list\">\n<li><strong>Saturday 20 December -&nbsp;<\/strong><strong>Place de l'h\u00f4tel de Ville, L\u00e8ge<br><\/strong><strong><em>Christmas Village<\/em><\/strong><\/li>\n<\/ul>\n\n\n\n<p>From <strong>14h30<\/strong> :&nbsp;<br>Opening of the Christmas village with music by the Harmonie de L\u00e8ge - Cap Ferret<br>Make-up workshops<br>Creative workshops on the theme of Christmas: on-site registration<br>Santa's surprise arrival and light parade to the Louis Goubet stadium<\/p>\n\n\n\n<ul class=\"wp-block-list\">\n<li><strong>Sunday 21 December<\/strong><\/li>\n<\/ul>\n\n\n\n<p><strong>in Cap Ferret<br><\/strong>Christmas in Cap Ferret<br>Christmas entertainment&nbsp;<br><br><strong>lightship<br><\/strong>Christmas in L\u00e8ge&nbsp;<\/p>\n\n\n\n<p><strong>Creative activities, entertainment and surprises throughout the Christmas holidays.<\/strong><\/p>\n\n\n\n<p><a href=\"https:\/\/www.ville-lege-capferret.fr\/agenda\/noel-sur-la-presquile\/\" target=\"_blank\" rel=\"noopener\">More informations<\/a><\/p>\n<\/div><\/div>\n\n\n\n<div class=\"wp-block-uagb-container uagb-block-5e3a4489 alignfull uagb-is-root-container\"><div class=\"uagb-container-inner-blocks-wrap\">\n<figure class=\"wp-block-image size-large\"><img loading=\"lazy\" decoding=\"async\" width=\"1024\" height=\"512\" src=\"https:\/\/bassin-arcachon.com\/wp-content\/uploads\/2024\/11\/Marche-de-Noel-Lege-Cap-Ferret-1024x512.png\" alt=\"- - Bassin d&#039;Arcachon\" class=\"wp-image-190629\" title=\"- - Bassin d&#039;Arcachon\" srcset=\"https:\/\/bassin-arcachon.com\/wp-content\/uploads\/2024\/11\/Marche-de-Noel-Lege-Cap-Ferret-1024x512.png 1024w, https:\/\/bassin-arcachon.com\/wp-content\/uploads\/2024\/11\/Marche-de-Noel-Lege-Cap-Ferret-600x300.png 600w, https:\/\/bassin-arcachon.com\/wp-content\/uploads\/2024\/11\/Marche-de-Noel-Lege-Cap-Ferret-768x384.png 768w, https:\/\/bassin-arcachon.com\/wp-content\/uploads\/2024\/11\/Marche-de-Noel-Lege-Cap-Ferret-18x9.png 18w, https:\/\/bassin-arcachon.com\/wp-content\/uploads\/2024\/11\/Marche-de-Noel-Lege-Cap-Ferret.png 1400w\" sizes=\"auto, (max-width: 1024px) 100vw, 1024px\" \/><figcaption class=\"wp-element-caption\">L\u00e8ge-Cap Ferret Tourist Office<\/figcaption><\/figure>\n<\/div><\/div>\n\n\n\n<div class=\"wp-block-uagb-container uagb-block-742a13cc alignfull uagb-is-root-container\"><div class=\"uagb-container-inner-blocks-wrap\"><\/div><\/div>\n\n\n\n<p><\/p>","protected":false},"excerpt":{"rendered":"<p>Cette ann\u00e9e encore, profitez des march\u00e9s et animations de no\u00ebl du Bassin d&rsquo;Arcachon ! Arcachon Du 13 d\u00e9cembre au 4 janvier 2026 &#8211; Samedi 14 d\u00e9cembre \u00e0 14h30 sur la [&hellip;]<\/p>\n","protected":false},"author":12,"featured_media":52692,"comment_status":"open","ping_status":"closed","sticky":false,"template":"","format":"standard","meta":{"_acf_changed":false,"_uag_custom_page_level_css":"","footnotes":""},"categories":[2133,2129],"tags":[463,76,242,267,232],"class_list":["post-11241","post","type-post","status-publish","format-standard","has-post-thumbnail","hentry","category-culture","category-nature-art-de-vivre","tag-animation-noel","tag-bassin-darcachon","tag-hiver","tag-marches-de-noel","tag-noel"],"acf":[],"uagb_featured_image_src":{"full":["https:\/\/bassin-arcachon.com\/wp-content\/uploads\/2022\/10\/marche-noel-arcachon.jpg",1080,1080,false],"thumbnail":["https:\/\/bassin-arcachon.com\/wp-content\/uploads\/2022\/10\/marche-noel-arcachon-150x150.jpg",150,150,true],"medium":["https:\/\/bassin-arcachon.com\/wp-content\/uploads\/2022\/10\/marche-noel-arcachon-600x600.jpg",600,600,true],"medium_large":["https:\/\/bassin-arcachon.com\/wp-content\/uploads\/2022\/10\/marche-noel-arcachon-768x768.jpg",768,768,true],"large":["https:\/\/bassin-arcachon.com\/wp-content\/uploads\/2022\/10\/marche-noel-arcachon-1024x1024.jpg",1024,1024,true],"1536x1536":["https:\/\/bassin-arcachon.com\/wp-content\/uploads\/2022\/10\/marche-noel-arcachon.jpg",1080,1080,false],"2048x2048":["https:\/\/bassin-arcachon.com\/wp-content\/uploads\/2022\/10\/marche-noel-arcachon.jpg",1080,1080,false],"trp-custom-language-flag":["https:\/\/bassin-arcachon.com\/wp-content\/uploads\/2022\/10\/marche-noel-arcachon-12x12.jpg",12,12,true]},"uagb_author_info":{"display_name":"Marine, habitante du Bassin d'Arcachon","author_link":"https:\/\/bassin-arcachon.com\/en\/author\/marinesiba\/"},"uagb_comment_info":0,"uagb_excerpt":"Cette ann\u00e9e encore, profitez des march\u00e9s et animations de no\u00ebl du Bassin d&rsquo;Arcachon ! Arcachon Du 13 d\u00e9cembre au 4 janvier 2026 &#8211; Samedi 14 d\u00e9cembre \u00e0 14h30 sur la [&hellip;]","_links":{"self":[{"href":"https:\/\/bassin-arcachon.com\/en\/wp-json\/wp\/v2\/posts\/11241","targetHints":{"allow":["GET"]}}],"collection":[{"href":"https:\/\/bassin-arcachon.com\/en\/wp-json\/wp\/v2\/posts"}],"about":[{"href":"https:\/\/bassin-arcachon.com\/en\/wp-json\/wp\/v2\/types\/post"}],"author":[{"embeddable":true,"href":"https:\/\/bassin-arcachon.com\/en\/wp-json\/wp\/v2\/users\/12"}],"replies":[{"embeddable":true,"href":"https:\/\/bassin-arcachon.com\/en\/wp-json\/wp\/v2\/comments?post=11241"}],"version-history":[{"count":135,"href":"https:\/\/bassin-arcachon.com\/en\/wp-json\/wp\/v2\/posts\/11241\/revisions"}],"predecessor-version":[{"id":197977,"href":"https:\/\/bassin-arcachon.com\/en\/wp-json\/wp\/v2\/posts\/11241\/revisions\/197977"}],"wp:featuredmedia":[{"embeddable":true,"href":"https:\/\/bassin-arcachon.com\/en\/wp-json\/wp\/v2\/media\/52692"}],"wp:attachment":[{"href":"https:\/\/bassin-arcachon.com\/en\/wp-json\/wp\/v2\/media?parent=11241"}],"wp:term":[{"taxonomy":"category","embeddable":true,"href":"https:\/\/bassin-arcachon.com\/en\/wp-json\/wp\/v2\/categories?post=11241"},{"taxonomy":"post_tag","embeddable":true,"href":"https:\/\/bassin-arcachon.com\/en\/wp-json\/wp\/v2\/tags?post=11241"}],"curies":[{"name":"wp","href":"https:\/\/api.w.org\/{rel}","templated":true}]}}