{"id":56914,"date":"2025-10-07T13:47:34","date_gmt":"2025-10-07T11:47:34","guid":{"rendered":"https:\/\/bassin-arcachon.com\/?p=56914"},"modified":"2025-11-17T16:38:58","modified_gmt":"2025-11-17T15:38:58","slug":"at-the-theater-this-evening-on-the-darcachon-basin","status":"publish","type":"post","link":"https:\/\/bassin-arcachon.com\/en\/au-theatre-ce-soir-sur-le-bassin-darcachon\/","title":{"rendered":"At the theater tonight: discover our performance halls!"},"content":{"rendered":"<p><\/p>\n\n\n\n<h2 class=\"wp-block-heading\">Scene in sight!<\/h2>\n\n\n\n<p><strong>8 rooms <\/strong>cover the territory of the Bassin of Arcachon, offering a wide diversity of shows.<\/p>\n\n\n\n<div class=\"wp-block-uagb-container uagb-block-1d1447bb alignfull uagb-is-root-container\"><div class=\"uagb-container-inner-blocks-wrap\"><\/div><\/div>\n\n\n\n<div class=\"wp-block-buttons is-layout-flex wp-block-buttons-is-layout-flex\">\n<div class=\"wp-block-button\"><a class=\"wp-block-button__link wp-element-button\" href=\"https:\/\/lemiroir.gujanmestras.fr\/\" target=\"_blank\" rel=\"noopener\">The Mirror at Gujan Mestras<\/a><\/div>\n<\/div>\n\n\n\n<p><strong>Capacity of 654 places<\/strong><\/p>\n\n\n\n<p>This new 280m\u00b2 stage is the latest performance hall on the Bassin in Arcachon. Inaugurated last May, Le Miroir will offer around thirty shows for its first season, including 17 plays.<br>Find the program on: <strong><a href=\"https:\/\/lemiroir.gujanmestras.fr\" target=\"_blank\" rel=\"noopener\">https:\/\/lemiroir.gujanmestras.fr<\/a><\/strong><\/p>\n\n\n\n<figure class=\"wp-block-image size-full\"><img loading=\"lazy\" decoding=\"async\" width=\"700\" height=\"355\" src=\"https:\/\/bassin-arcachon.com\/wp-content\/uploads\/2023\/10\/Design-sans-titre-94.png\" alt=\"- - Bassin d&#039;Arcachon\" class=\"wp-image-56896\" title=\"- - Bassin d&#039;Arcachon\" srcset=\"https:\/\/bassin-arcachon.com\/wp-content\/uploads\/2023\/10\/Design-sans-titre-94.png 700w, https:\/\/bassin-arcachon.com\/wp-content\/uploads\/2023\/10\/Design-sans-titre-94-600x304.png 600w, https:\/\/bassin-arcachon.com\/wp-content\/uploads\/2023\/10\/Design-sans-titre-94-18x9.png 18w\" sizes=\"auto, (max-width: 700px) 100vw, 700px\" \/><figcaption class=\"wp-element-caption\">\u00a9 City of Gujan Mestras<\/figcaption><\/figure>\n\n\n\n<div class=\"wp-block-buttons is-layout-flex wp-block-buttons-is-layout-flex\">\n<div class=\"wp-block-button\"><a class=\"wp-block-button__link wp-element-button\" href=\"https:\/\/www.ville-arcachon.fr\/saison-culturelle-2025-2026\/\" target=\"_blank\" rel=\"noopener\">Olympia Theater in Arcachon<\/a><\/div>\n<\/div>\n\n\n\n<p><strong>Capacity of 943 places<\/strong><\/p>\n\n\n\n<div class=\"wp-block-uagb-container uagb-block-13405c36 alignfull uagb-is-root-container\"><div class=\"uagb-container-inner-blocks-wrap\">\n<p>The Olympia Theater is labeled \u201cAgreed scene of national interest with mention of Art in the territory\u201d.<br>Its technical capabilities combined with its reception capacity allow the holding of large concerts,<br>ballets, opera etc\u2026<br>Find the entire program on:<strong> <a href=\"http:\/\/www.arcachon.com\/culture\/\" data-type=\"link\" data-id=\"www.arcachon.com\/culture\/\" target=\"_blank\" rel=\"noopener\">www.arcachon.com\/culture\/<\/a><\/strong><\/p>\n\n\n\n<p><strong>Highlights: Arcachon Jazz Festival<\/strong> (December) \/ <strong>Chamber music festival<\/strong> (april) \/ <strong>Festival Cadences<\/strong> (september)<\/p>\n<\/div><\/div>\n\n\n\n<div class=\"wp-block-uagb-container uagb-block-41fd7bc2 alignfull uagb-is-root-container\"><div class=\"uagb-container-inner-blocks-wrap\">\n<figure class=\"wp-block-image size-full\"><img loading=\"lazy\" decoding=\"async\" width=\"700\" height=\"355\" src=\"https:\/\/bassin-arcachon.com\/wp-content\/uploads\/2023\/10\/Design-sans-titre-92.png\" alt=\"- - Bassin d&#039;Arcachon\" class=\"wp-image-56884\" title=\"- - Bassin d&#039;Arcachon\" srcset=\"https:\/\/bassin-arcachon.com\/wp-content\/uploads\/2023\/10\/Design-sans-titre-92.png 700w, https:\/\/bassin-arcachon.com\/wp-content\/uploads\/2023\/10\/Design-sans-titre-92-600x304.png 600w, https:\/\/bassin-arcachon.com\/wp-content\/uploads\/2023\/10\/Design-sans-titre-92-18x9.png 18w\" sizes=\"auto, (max-width: 700px) 100vw, 700px\" \/><figcaption class=\"wp-element-caption\">\u00a9 Olympia Theater \u2013 Arcachon Tourist Office<\/figcaption><\/figure>\n<\/div><\/div>\n\n\n\n<div class=\"wp-block-buttons is-layout-flex wp-block-buttons-is-layout-flex\">\n<div class=\"wp-block-button\"><a class=\"wp-block-button__link wp-element-button\" href=\"https:\/\/www.latestedebuch.fr\/actualites\/saison-culturelle-2025-2026\/\" target=\"_blank\" rel=\"noopener\">Cravey Theater<\/a><\/div>\n<\/div>\n\n\n\n<div class=\"wp-block-uagb-container uagb-block-da647cc7 alignfull uagb-is-root-container\"><div class=\"uagb-container-inner-blocks-wrap\">\n<p><strong>Capacity of 1000 standing places and around 500 seated places (PRM places)<\/strong><br><em>(accessible seating chart for numbered reservations)<\/em><\/p>\n\n\n\n<p>Ticket office: on site at the theater from Tuesday to Friday or online: <strong>billetterie@latestedebuch.fr<\/strong><br>Programming information: <a href=\"http:\/\/www.latestedebuch.fr\" target=\"_blank\" rel=\"noopener\"><strong>www.latestedebuch.fr<\/strong><\/a><br><\/p>\n<\/div><\/div>\n\n\n\n<div class=\"wp-block-uagb-container uagb-block-1f6b7147 alignfull uagb-is-root-container\"><div class=\"uagb-container-inner-blocks-wrap\">\n<figure class=\"wp-block-image size-full\"><img loading=\"lazy\" decoding=\"async\" width=\"700\" height=\"355\" src=\"https:\/\/bassin-arcachon.com\/wp-content\/uploads\/2023\/10\/Design-sans-titre-93.png\" alt=\"- - Bassin d&#039;Arcachon\" class=\"wp-image-56893\" title=\"- - Bassin d&#039;Arcachon\" srcset=\"https:\/\/bassin-arcachon.com\/wp-content\/uploads\/2023\/10\/Design-sans-titre-93.png 700w, https:\/\/bassin-arcachon.com\/wp-content\/uploads\/2023\/10\/Design-sans-titre-93-600x304.png 600w, https:\/\/bassin-arcachon.com\/wp-content\/uploads\/2023\/10\/Design-sans-titre-93-18x9.png 18w\" sizes=\"auto, (max-width: 700px) 100vw, 700px\" \/><figcaption class=\"wp-element-caption\">\u00a9 Cravey Theater \u2013 City of La Teste de Buch<\/figcaption><\/figure>\n<\/div><\/div>\n\n\n\n<div class=\"wp-block-uagb-container uagb-block-9228f6b4 alignfull uagb-is-root-container\"><div class=\"uagb-container-inner-blocks-wrap\">\n<div class=\"wp-block-buttons is-layout-flex wp-block-buttons-is-layout-flex\">\n<div class=\"wp-block-button\"><a class=\"wp-block-button__link wp-element-button\" href=\"https:\/\/leteich.fr\/culture-et-loisirs\/culture\/l-ekla\/\" target=\"_blank\" rel=\"noopener\">The Ekla at Teich<\/a><\/div>\n<\/div>\n<\/div><\/div>\n\n\n\n<div class=\"wp-block-uagb-container uagb-block-f32d5302 alignfull uagb-is-root-container\"><div class=\"uagb-container-inner-blocks-wrap\">\n<p><strong>Capacity of 222 seated places and 500 standing people.<\/strong><\/p>\n\n\n\n<p>EKLA, the cultural hub of Teich, brings together all the city&#039;s cultural services over 1,400 m\u00b2, with the school<br>music, the media library and the performance hall. It is the choice of contemporary architecture<br>which was made to mark the cultural action of its time.<br>Find all the programming on: <a href=\"https:\/\/leteich.fr\/\" target=\"_blank\" rel=\"noopener\"><strong>https:\/\/leteich.fr\/<\/strong><\/a><\/p>\n\n\n\n<figure class=\"wp-block-image size-full\"><img loading=\"lazy\" decoding=\"async\" width=\"700\" height=\"355\" src=\"https:\/\/bassin-arcachon.com\/wp-content\/uploads\/2023\/10\/Design-sans-titre-100-1.png\" alt=\"- - Bassin d&#039;Arcachon\" class=\"wp-image-56916\" title=\"- - Bassin d&#039;Arcachon\" srcset=\"https:\/\/bassin-arcachon.com\/wp-content\/uploads\/2023\/10\/Design-sans-titre-100-1.png 700w, https:\/\/bassin-arcachon.com\/wp-content\/uploads\/2023\/10\/Design-sans-titre-100-1-600x304.png 600w, https:\/\/bassin-arcachon.com\/wp-content\/uploads\/2023\/10\/Design-sans-titre-100-1-18x9.png 18w\" sizes=\"auto, (max-width: 700px) 100vw, 700px\" \/><figcaption class=\"wp-element-caption\">\u00a9 City of Teich<\/figcaption><\/figure>\n\n\n\n<div class=\"wp-block-buttons is-layout-flex wp-block-buttons-is-layout-flex\">\n<div class=\"wp-block-button\"><a class=\"wp-block-button__link wp-element-button\" href=\"https:\/\/www.la-caravelle-marcheprime.fr\/\" target=\"_blank\" rel=\"noopener\">The Caravelle in Marcheprime<\/a><\/div>\n<\/div>\n<\/div><\/div>\n\n\n\n<div class=\"wp-block-uagb-container uagb-block-8acf2ebf alignfull uagb-is-root-container\"><div class=\"uagb-container-inner-blocks-wrap\">\n<p><strong>Capacity of 500 seats.<\/strong><\/p>\n\n\n\n<p>A varied program that combines theater, dance, music, circus, humor or cinema and offers shows of course, but also meetings with artists, workshops and friendly moments.<br>Find the entire program: <a href=\"https:\/\/www.la-caravelle-marcheprime.fr\/\" target=\"_blank\" rel=\"noopener\"><strong>https:\/\/www.la-caravelle-marcheprime.fr\/<\/strong><\/a><\/p>\n\n\n\n<p><strong>ZOOM ON : <a href=\"https:\/\/lebazardesmomes.wordpress.com\/\" target=\"_blank\" rel=\"noopener\">Festival \u201cLe Bazar des M\u00f4me\u201d<\/a>.<\/strong> Since 2018, the city has organized a festival for children and families where shows and workshops for young audiences are offered. The festival now extends all around the Bassin in Arcachon in partner cities.<\/p>\n\n\n\n<figure class=\"wp-block-image size-full\"><img loading=\"lazy\" decoding=\"async\" width=\"700\" height=\"355\" src=\"https:\/\/bassin-arcachon.com\/wp-content\/uploads\/2023\/10\/Design-sans-titre-95.png\" alt=\"- - Bassin d&#039;Arcachon\" class=\"wp-image-56898\" title=\"- - Bassin d&#039;Arcachon\" srcset=\"https:\/\/bassin-arcachon.com\/wp-content\/uploads\/2023\/10\/Design-sans-titre-95.png 700w, https:\/\/bassin-arcachon.com\/wp-content\/uploads\/2023\/10\/Design-sans-titre-95-600x304.png 600w, https:\/\/bassin-arcachon.com\/wp-content\/uploads\/2023\/10\/Design-sans-titre-95-18x9.png 18w\" sizes=\"auto, (max-width: 700px) 100vw, 700px\" \/><figcaption class=\"wp-element-caption\">\u00a9 Festival Bazar des m\u00f4mes \u2013 La Caravelle<\/figcaption><\/figure>\n<\/div><\/div>\n\n\n\n<div class=\"wp-block-buttons is-layout-flex wp-block-buttons-is-layout-flex\">\n<div class=\"wp-block-button\"><a class=\"wp-block-button__link wp-element-button\" href=\"https:\/\/villedebiganos.fr\/loisirs\/la-culture\/lespace-culturel\/\" target=\"_blank\" rel=\"noopener\">Lucien Mounaix Cultural Center in Biganos<\/a><\/div>\n<\/div>\n\n\n\n<div class=\"wp-block-uagb-container uagb-block-cfec1655 alignfull uagb-is-root-container\"><div class=\"uagb-container-inner-blocks-wrap\">\n<p><strong>Capacity of 300 places.<\/strong><\/p>\n\n\n\n<p>The city of Biganos offers shows from different horizons all year round, diverse in their forms and in their purpose, which promise encounters and wonder. This 2024\/2025 season gives pride of place to encounters <strong>young audience, because it is never too early to dream and discover.<\/strong><br>Some great highlights are planned, including \u201cLes Mardis de Lucien\u201d, open stages where everyone can put on a show! Register with the Culture Department at mardidelucien@villedebiganos.fr<\/p>\n\n\n\n<p><br>Find all the programming on: <a href=\"http:\/\/www.villedebiganos.fr\/Rubrique\" target=\"_blank\" rel=\"noopener\">www.villedebiganos.fr\/<\/a> Culture section <\/p>\n\n\n\n<figure class=\"wp-block-image size-full\"><img loading=\"lazy\" decoding=\"async\" width=\"700\" height=\"355\" src=\"https:\/\/bassin-arcachon.com\/wp-content\/uploads\/2023\/10\/Design-sans-titre-2023-10-26T103736.933.png\" alt=\"- - Bassin d&#039;Arcachon\" class=\"wp-image-56918\" title=\"- - Bassin d&#039;Arcachon\" srcset=\"https:\/\/bassin-arcachon.com\/wp-content\/uploads\/2023\/10\/Design-sans-titre-2023-10-26T103736.933.png 700w, https:\/\/bassin-arcachon.com\/wp-content\/uploads\/2023\/10\/Design-sans-titre-2023-10-26T103736.933-600x304.png 600w, https:\/\/bassin-arcachon.com\/wp-content\/uploads\/2023\/10\/Design-sans-titre-2023-10-26T103736.933-18x9.png 18w\" sizes=\"auto, (max-width: 700px) 100vw, 700px\" \/><figcaption class=\"wp-element-caption\">\u00a9 Heart of Bassin Tourist Office<\/figcaption><\/figure>\n\n\n\n<div class=\"wp-block-buttons is-layout-flex wp-block-buttons-is-layout-flex\">\n<div class=\"wp-block-button\"><a class=\"wp-block-button__link wp-element-button\" href=\"https:\/\/www.theatreladolcevita.fr\/\" target=\"_blank\" rel=\"noopener\">Dolce Vita Theater in Andernos les Bains<\/a><\/div>\n<\/div>\n\n\n\n<div class=\"wp-block-uagb-container uagb-block-87be75d4\">\n<p><strong>Capacity of 350 places.<\/strong><\/p>\n\n\n\n<p>Inaugurated in 2019, the La Dolce Vita Theater offers a program composed of artists of regional and national notoriety, of great diversity and intended for all audiences. Find the program on: <strong>www.theatreladolcevita.fr<\/strong><\/p>\n<\/div>\n<\/div><\/div>\n\n\n\n<div class=\"wp-block-uagb-container uagb-block-5aa23f2d alignfull uagb-is-root-container\"><div class=\"uagb-container-inner-blocks-wrap\">\n<figure class=\"wp-block-image size-full\"><img loading=\"lazy\" decoding=\"async\" width=\"700\" height=\"355\" src=\"https:\/\/bassin-arcachon.com\/wp-content\/uploads\/2023\/10\/Design-sans-titre-96.png\" alt=\"- - Bassin d&#039;Arcachon\" class=\"wp-image-56900\" title=\"- - Bassin d&#039;Arcachon\" srcset=\"https:\/\/bassin-arcachon.com\/wp-content\/uploads\/2023\/10\/Design-sans-titre-96.png 700w, https:\/\/bassin-arcachon.com\/wp-content\/uploads\/2023\/10\/Design-sans-titre-96-600x304.png 600w, https:\/\/bassin-arcachon.com\/wp-content\/uploads\/2023\/10\/Design-sans-titre-96-18x9.png 18w\" sizes=\"auto, (max-width: 700px) 100vw, 700px\" \/><figcaption class=\"wp-element-caption\">\u00a9 La Dolce Vita \u2013 Jean Luc Emanuele<\/figcaption><\/figure>\n\n\n\n<div class=\"wp-block-buttons is-layout-flex wp-block-buttons-is-layout-flex\">\n<div class=\"wp-block-button\"><a class=\"wp-block-button__link wp-element-button\" href=\"https:\/\/www.espacebremontier-ares.fr\/\" target=\"_blank\" rel=\"noopener\">Espace Br\u00e9montier in Ar\u00e8s<\/a><\/div>\n<\/div>\n<\/div><\/div>\n\n\n\n<div class=\"wp-block-uagb-container uagb-block-02ad8071 alignfull uagb-is-root-container\"><div class=\"uagb-container-inner-blocks-wrap\">\n<p><strong>Capacity of 300 seated places and 1000 standing places.<\/strong><\/p>\n\n\n\n<p>A multidisciplinary program is proposed, a public space arts festival Look!<br>as well as a street art festival.<br>Find all the programming on: <a href=\"https:\/\/www.espacebremontier-ares.fr\" target=\"_blank\" rel=\"noopener\"><strong>https:\/\/www.espacebremontier-ares.fr<\/strong><\/a><\/p>\n<\/div><\/div>\n\n\n\n<figure class=\"wp-block-image size-full\"><img loading=\"lazy\" decoding=\"async\" width=\"700\" height=\"355\" src=\"https:\/\/bassin-arcachon.com\/wp-content\/uploads\/2023\/10\/Design-sans-titre-2023-10-26T111050.456.png\" alt=\"- - Bassin d&#039;Arcachon\" class=\"wp-image-56921\" title=\"- - Bassin d&#039;Arcachon\" srcset=\"https:\/\/bassin-arcachon.com\/wp-content\/uploads\/2023\/10\/Design-sans-titre-2023-10-26T111050.456.png 700w, https:\/\/bassin-arcachon.com\/wp-content\/uploads\/2023\/10\/Design-sans-titre-2023-10-26T111050.456-600x304.png 600w, https:\/\/bassin-arcachon.com\/wp-content\/uploads\/2023\/10\/Design-sans-titre-2023-10-26T111050.456-18x9.png 18w\" sizes=\"auto, (max-width: 700px) 100vw, 700px\" \/><figcaption class=\"wp-element-caption\">\u00a9 Espace Br\u00e9montier<\/figcaption><\/figure>\n\n\n\n<div style=\"height:100px\" aria-hidden=\"true\" class=\"wp-block-spacer\"><\/div>\n\n\n\n<div class=\"wp-block-uagb-separator uagb-block-6aafb9eb\"><div class=\"uagb-separator-spacing-wrapper\"><div class=\"wp-block-uagb-separator__inner\" style=\"--my-background-image:\"><\/div><\/div><\/div>\n\n\n\n<h2 class=\"wp-block-heading\">Independent places of culture<\/h2>\n\n\n\n<ul class=\"wp-block-list\">\n<li><strong>In Arcachon, the \u201cLe Z\u00e8bre\u201d caf\u00e9-theatre <\/strong>celebrates the boulevard theater in a friendly and cozy atmosphere with 75 seats. <a href=\"https:\/\/www.zebrearcachon.fr\/\" target=\"_blank\" rel=\"noopener\"><strong>https:\/\/www.zebrearcachon.fr\/<\/strong><\/a><\/li>\n<\/ul>\n\n\n\n<ul class=\"wp-block-list\">\n<li><strong>In Lanton, the Bariton community caf\u00e9<\/strong> offers musical evenings in the atmosphere of jazz clubs every weekend, all year round.<\/li>\n<\/ul>\n\n\n\n<figure class=\"wp-block-image size-full\"><img loading=\"lazy\" decoding=\"async\" width=\"700\" height=\"355\" src=\"https:\/\/bassin-arcachon.com\/wp-content\/uploads\/2023\/10\/Design-sans-titre-2023-10-26T115339.929.png\" alt=\"- - Bassin d&#039;Arcachon\" class=\"wp-image-56923\" title=\"- - Bassin d&#039;Arcachon\" srcset=\"https:\/\/bassin-arcachon.com\/wp-content\/uploads\/2023\/10\/Design-sans-titre-2023-10-26T115339.929.png 700w, https:\/\/bassin-arcachon.com\/wp-content\/uploads\/2023\/10\/Design-sans-titre-2023-10-26T115339.929-600x304.png 600w, https:\/\/bassin-arcachon.com\/wp-content\/uploads\/2023\/10\/Design-sans-titre-2023-10-26T115339.929-18x9.png 18w\" sizes=\"auto, (max-width: 700px) 100vw, 700px\" \/><figcaption class=\"wp-element-caption\">\u00a9 City of Arcachon<\/figcaption><\/figure>\n\n\n\n<div style=\"height:100px\" aria-hidden=\"true\" class=\"wp-block-spacer\"><\/div>\n\n\n\n<hr class=\"wp-block-separator has-alpha-channel-opacity\"\/>\n\n\n\n<h2 class=\"wp-block-heading\">Exhibition places<\/h2>\n\n\n\n<div class=\"wp-block-uagb-container uagb-block-9c69edd9 alignfull uagb-is-root-container\"><div class=\"uagb-container-inner-blocks-wrap\">\n<p><strong>Painters, sculptors and craftsmen have access to exhibition spaces open all year round: <\/strong><\/p>\n<\/div><\/div>\n\n\n\n<div class=\"wp-block-uagb-container uagb-block-a8f59416 alignfull uagb-is-root-container\"><div class=\"uagb-container-inner-blocks-wrap\">\n<ul class=\"wp-block-list\">\n<li><strong>The Olympia Theater<\/strong> in Arcachon<\/li>\n\n\n\n<li><strong>The House of Arts <\/strong>by Gujan Mestras<\/li>\n\n\n\n<li><strong>The Louis David House<\/strong> in Andernos les Bains<\/li>\n\n\n\n<li><strong>The Exhibition Hall <\/strong>of Ares<\/li>\n\n\n\n<li><strong>The source<\/strong> at La Teste de Buch<\/li>\n\n\n\n<li><strong>The old wedding hall of the town hall annex <\/strong>in Pyla-sur-Mer<\/li>\n\n\n\n<li><strong>The old post office<\/strong> in Pyla-sur-mer<\/li>\n<\/ul>\n\n\n\n<p><strong>Cabins with a view: <\/strong><\/p>\n<\/div><\/div>\n\n\n\n<ul class=\"wp-block-list\">\n<li><strong>In Audenge, the Blue Cabin<\/strong> on the port is a must-see place for artists! Like an emblem, this traditional blue-colored cabin dominates the port. Every week, painters, sculptors and craftsmen come and go there with a breathtaking view of the Bassin of Arcachon.<\/li>\n\n\n\n<li><strong>In Lanton, La Cabane des arts<\/strong> is the latest addition to the Bassin showrooms in Arcachon. It is located in the intimate and heritage setting of the port of Taussat. Where Toulouse Lautrec himself had his habits!<\/li>\n<\/ul>\n\n\n\n<figure class=\"wp-block-image size-full\"><img loading=\"lazy\" decoding=\"async\" width=\"700\" height=\"355\" src=\"https:\/\/bassin-arcachon.com\/wp-content\/uploads\/2023\/10\/Design-sans-titre-97.png\" alt=\"- - Bassin d&#039;Arcachon\" class=\"wp-image-56906\" title=\"- - Bassin d&#039;Arcachon\" srcset=\"https:\/\/bassin-arcachon.com\/wp-content\/uploads\/2023\/10\/Design-sans-titre-97.png 700w, https:\/\/bassin-arcachon.com\/wp-content\/uploads\/2023\/10\/Design-sans-titre-97-600x304.png 600w, https:\/\/bassin-arcachon.com\/wp-content\/uploads\/2023\/10\/Design-sans-titre-97-18x9.png 18w\" sizes=\"auto, (max-width: 700px) 100vw, 700px\" \/><figcaption class=\"wp-element-caption\">\u00a9 M\u00e9lanny Rodrigues<\/figcaption><\/figure>\n\n\n\n<div style=\"height:100px\" aria-hidden=\"true\" class=\"wp-block-spacer\"><\/div>","protected":false},"excerpt":{"rendered":"<p>Sc\u00e8ne en vue ! 8 salles maillent le territoire du Bassin d\u2019Arcachon, offrant une grande diversit\u00e9 de spectacles. Capacit\u00e9 de 654 places Cette nouvelle sc\u00e8ne de 280m\u00b2 est la derni\u00e8re [&hellip;]<\/p>\n","protected":false},"author":25,"featured_media":56926,"comment_status":"closed","ping_status":"open","sticky":false,"template":"","format":"standard","meta":{"_acf_changed":false,"_uag_custom_page_level_css":"","footnotes":""},"categories":[2133],"tags":[],"class_list":["post-56914","post","type-post","status-publish","format-standard","has-post-thumbnail","hentry","category-culture"],"acf":[],"uagb_featured_image_src":{"full":["https:\/\/bassin-arcachon.com\/wp-content\/uploads\/2023\/10\/Design-sans-titre-2023-10-26T140509.466.png",700,355,false],"thumbnail":["https:\/\/bassin-arcachon.com\/wp-content\/uploads\/2023\/10\/Design-sans-titre-2023-10-26T140509.466-150x150.png",150,150,true],"medium":["https:\/\/bassin-arcachon.com\/wp-content\/uploads\/2023\/10\/Design-sans-titre-2023-10-26T140509.466-600x304.png",600,304,true],"medium_large":["https:\/\/bassin-arcachon.com\/wp-content\/uploads\/2023\/10\/Design-sans-titre-2023-10-26T140509.466.png",700,355,false],"large":["https:\/\/bassin-arcachon.com\/wp-content\/uploads\/2023\/10\/Design-sans-titre-2023-10-26T140509.466.png",700,355,false],"1536x1536":["https:\/\/bassin-arcachon.com\/wp-content\/uploads\/2023\/10\/Design-sans-titre-2023-10-26T140509.466.png",700,355,false],"2048x2048":["https:\/\/bassin-arcachon.com\/wp-content\/uploads\/2023\/10\/Design-sans-titre-2023-10-26T140509.466.png",700,355,false],"trp-custom-language-flag":["https:\/\/bassin-arcachon.com\/wp-content\/uploads\/2023\/10\/Design-sans-titre-2023-10-26T140509.466-18x9.png",18,9,true]},"uagb_author_info":{"display_name":"Marie Clauzel","author_link":"https:\/\/bassin-arcachon.com\/en\/author\/mariesiba\/"},"uagb_comment_info":0,"uagb_excerpt":"Sc\u00e8ne en vue ! 8 salles maillent le territoire du Bassin d\u2019Arcachon, offrant une grande diversit\u00e9 de spectacles. Capacit\u00e9 de 654 places Cette nouvelle sc\u00e8ne de 280m\u00b2 est la derni\u00e8re [&hellip;]","_links":{"self":[{"href":"https:\/\/bassin-arcachon.com\/en\/wp-json\/wp\/v2\/posts\/56914","targetHints":{"allow":["GET"]}}],"collection":[{"href":"https:\/\/bassin-arcachon.com\/en\/wp-json\/wp\/v2\/posts"}],"about":[{"href":"https:\/\/bassin-arcachon.com\/en\/wp-json\/wp\/v2\/types\/post"}],"author":[{"embeddable":true,"href":"https:\/\/bassin-arcachon.com\/en\/wp-json\/wp\/v2\/users\/25"}],"replies":[{"embeddable":true,"href":"https:\/\/bassin-arcachon.com\/en\/wp-json\/wp\/v2\/comments?post=56914"}],"version-history":[{"count":3,"href":"https:\/\/bassin-arcachon.com\/en\/wp-json\/wp\/v2\/posts\/56914\/revisions"}],"predecessor-version":[{"id":181012,"href":"https:\/\/bassin-arcachon.com\/en\/wp-json\/wp\/v2\/posts\/56914\/revisions\/181012"}],"wp:featuredmedia":[{"embeddable":true,"href":"https:\/\/bassin-arcachon.com\/en\/wp-json\/wp\/v2\/media\/56926"}],"wp:attachment":[{"href":"https:\/\/bassin-arcachon.com\/en\/wp-json\/wp\/v2\/media?parent=56914"}],"wp:term":[{"taxonomy":"category","embeddable":true,"href":"https:\/\/bassin-arcachon.com\/en\/wp-json\/wp\/v2\/categories?post=56914"},{"taxonomy":"post_tag","embeddable":true,"href":"https:\/\/bassin-arcachon.com\/en\/wp-json\/wp\/v2\/tags?post=56914"}],"curies":[{"name":"wp","href":"https:\/\/api.w.org\/{rel}","templated":true}]}}