{"id":11241,"date":"2025-11-24T09:00:00","date_gmt":"2025-11-24T08:00:00","guid":{"rendered":"https:\/\/www.bassin-arcachon.com\/?p=11241"},"modified":"2026-01-06T10:40:17","modified_gmt":"2026-01-06T09:40:17","slug":"animacion-navidena-en-la-cuenca-de-arcachon","status":"publish","type":"post","link":"https:\/\/bassin-arcachon.com\/es\/animations-de-noel-bassin-darcachon\/","title":{"rendered":"\u00a1La magia de la Navidad en el Bassin!"},"content":{"rendered":"<h2 class=\"wp-block-heading\"><span style=\"color: #000000;\">\u00a1Este a\u00f1o nuevamente, aproveche los mercados y eventos navide\u00f1os en el Bassin en Arcachon!<\/span><\/h2>\n\n\n\n<div class=\"wp-block-uagb-container uagb-block-80615034 alignfull uagb-is-root-container\"><div class=\"uagb-container-inner-blocks-wrap\"><\/div><\/div>\n\n\n\n<h2 class=\"wp-block-heading\"><strong>Arcachon<\/strong><\/h2>\n\n\n\n<h3 class=\"wp-block-heading\">Del 13 de diciembre al 4 de enero de 2026<strong><br><\/strong><\/h3>\n\n\n\n<div class=\"wp-block-uagb-container uagb-block-0e7dd1fa alignfull uagb-is-root-container\"><div class=\"uagb-container-inner-blocks-wrap\"><\/div><\/div>\n\n\n\n<div class=\"wp-block-uagb-container uagb-block-5fb36a30 alignfull uagb-is-root-container\"><div class=\"uagb-container-inner-blocks-wrap\">\n<p>\u2013 <strong>S\u00e1bado 14 de diciembre<\/strong> a las 14:30 en la playa a la izquierda del muelle de Thiers, encuentro para varias actividades: ba\u00f1os navide\u00f1os a beneficio del telet\u00f3n y la llegada de Pap\u00e1 Noel en un velero. Ba\u00f1o navide\u00f1o a favor del Telet\u00f3n: inscripciones el mismo d\u00eda a partir de las 13:30 a la izquierda del muelle de Thiers \u2013 se requiere certificado m\u00e9dico.<\/p>\n\n\n\n<p>\u2013 Pueblo m\u00e1gico en la Place des Marquises: delicias saladas y dulces, bebidas navide\u00f1as imprescindibles. Venta de \u00e1rboles de Navidad y animaci\u00f3n por la tarde.&nbsp;<\/p>\n\n\n\n<p>\u2013 \u00a1Chalet Gourmand en la plaza Thiers!&nbsp;<\/p>\n\n\n\n<p>\u2013 Pap\u00e1 Noel estar\u00e1 presente para un encuentro m\u00e1gico todos los d\u00edas seg\u00fan los siguientes horarios: <br>\u2022 <strong>S\u00e1bado, 13 de diciembre:<\/strong> De 15:30 a 20:00<br>\u2022 <strong>Domingo, 14 de diciembre: <\/strong>De 10:30 a 12:30 y de 14:00 a 19:30.<br>\u2022 <strong>Mi\u00e9rcoles, 17 de diciembre:<\/strong> De 14:00 a 19:00<br>\u2022 <strong>Del 20 al 23 de diciembre: <\/strong>De 10:30 a 12:30 y de 14:00 a 19:30.<br>\u2022 <strong>Martes, 24 de diciembre:<\/strong> De 10:30 a 12:30 y de 14:00 a 18:30<\/p>\n\n\n\n<p>\u2013 Tambi\u00e9n est\u00e1 prevista una bajada con antorchas el<strong> S\u00e1bado, 20 de diciembre<\/strong> Salida desde el quiosco del Parque Mauresque a partir de las 18:30 h.<\/p>\n\n\n\n<p>\u2013 Espect\u00e1culos para todos en la Place des Marquises, en el Olympia, en la rue Gambetta y en la rue de Lattre de Tassigny, cursos art\u00edsticos, talleres de artes creativas y karaoke en la Maison des Jeunes, conciertos y espect\u00e1culos en el MA.AT, y L'Aiguillon celebra la Navidad con la asociaci\u00f3n de comerciantes de L'Aiguillon.<\/p>\n\n\n\n<p><a href=\"https:\/\/bassin-arcachon.com\/wp-content\/uploads\/2020\/07\/Programme-Noel-2025.pdf\">Mas informaci\u00f3n<\/a><\/p>\n<\/div><\/div>\n\n\n\n<div class=\"wp-block-uagb-container uagb-block-0d5cf36a alignfull uagb-is-root-container\"><div class=\"uagb-container-inner-blocks-wrap\">\n<figure class=\"wp-block-image size-large\"><img loading=\"lazy\" decoding=\"async\" width=\"1024\" height=\"512\" src=\"https:\/\/bassin-arcachon.com\/wp-content\/uploads\/2024\/11\/Marche-de-Noel-Arcachon-1024x512.png\" alt=\"- - Bassin d&#039;Arcachon\" class=\"wp-image-190607\" title=\"- - Bassin d&#039;Arcachon\" srcset=\"https:\/\/bassin-arcachon.com\/wp-content\/uploads\/2024\/11\/Marche-de-Noel-Arcachon-1024x512.png 1024w, https:\/\/bassin-arcachon.com\/wp-content\/uploads\/2024\/11\/Marche-de-Noel-Arcachon-600x300.png 600w, https:\/\/bassin-arcachon.com\/wp-content\/uploads\/2024\/11\/Marche-de-Noel-Arcachon-768x384.png 768w, https:\/\/bassin-arcachon.com\/wp-content\/uploads\/2024\/11\/Marche-de-Noel-Arcachon-18x9.png 18w, https:\/\/bassin-arcachon.com\/wp-content\/uploads\/2024\/11\/Marche-de-Noel-Arcachon.png 1400w\" sizes=\"auto, (max-width: 1024px) 100vw, 1024px\" \/><figcaption class=\"wp-element-caption\">\u00a9 Melanny RODRIGUES<\/figcaption><\/figure>\n<\/div><\/div>\n\n\n\n<div class=\"wp-block-uagb-container uagb-block-a6de5d88 alignfull uagb-is-root-container\"><div class=\"uagb-container-inner-blocks-wrap\"><\/div><\/div>\n\n\n\n<hr class=\"wp-block-separator has-alpha-channel-opacity\"\/>\n\n\n\n<div class=\"wp-block-uagb-container uagb-block-2b6886ae alignfull uagb-is-root-container\"><div class=\"uagb-container-inner-blocks-wrap\"><\/div><\/div>\n\n\n\n<h2 class=\"wp-block-heading\"><strong>La Teste de Buch<\/strong><\/h2>\n\n\n\n<h3 class=\"wp-block-heading\">Del 13 al 3 de enero de 2026<\/h3>\n\n\n\n<div class=\"wp-block-uagb-container uagb-block-f36a6da9 alignfull uagb-is-root-container\"><div class=\"uagb-container-inner-blocks-wrap\"><\/div><\/div>\n\n\n\n<div class=\"wp-block-uagb-container uagb-block-49a377bc alignfull uagb-is-root-container\"><div class=\"uagb-container-inner-blocks-wrap\">\n<p>\u2013 <strong>Pueblo navide\u00f1o: <\/strong>M\u00e1s de 20 casetas para encontrar ideas originales para regalos de artesanos y creadores locales, degustar especialidades de temporada y compartir momentos c\u00e1lidos y gastron\u00f3micos.<\/p>\n\n\n\n<p>Abierto todos los d\u00edas de 14:00 a 21:00, Place Gambetta, con dos espect\u00e1culos pirot\u00e9cnicos el 13 de diciembre y el 3 de enero a las 19:00.<\/p>\n\n\n\n<p>\u2013 <strong>Un nuevo programa:<\/strong><br>Veladas especiales: venga a cantar con la orquesta del Conservatorio de M\u00fasica el viernes 19 de diciembre.<br><em>Los s\u00e1bados<\/em>, \u00a1es el momento de los DJ Sets: Le Balap toma las riendas, Denver y Roller Disco con DJH!<\/p>\n\n\n\n<p>\u2013 Pista de trineo y patines en l\u00ednea.<\/p>\n<\/div><\/div>\n\n\n\n<div class=\"wp-block-uagb-container uagb-block-2ad26803 alignfull uagb-is-root-container\"><div class=\"uagb-container-inner-blocks-wrap\"><\/div><\/div>\n\n\n\n<h3 class=\"wp-block-heading\">S\u00e1bado, 13 de diciembre de 2025<\/h3>\n\n\n\n<div class=\"wp-block-uagb-container uagb-block-9deca75e alignfull uagb-is-root-container\"><div class=\"uagb-container-inner-blocks-wrap\"><\/div><\/div>\n\n\n\n<div class=\"wp-block-uagb-container uagb-block-e0ea06af alignfull uagb-is-root-container\"><div class=\"uagb-container-inner-blocks-wrap\">\n<p>\u2013 Cita en el puerto ostr\u00edcola de La Teste a las 14:00 h: Pap\u00e1 Noel llega en velero y luego desfila en carruaje hasta el Pueblo de Navidad, acompa\u00f1ado de un espect\u00e1culo de danza a cargo de Danza Family.  DJ Set del Balap de 18:00 a 22:00 h para dar inicio a las festividades. A las 19:00 h, \u00a1no te pierdas los fuegos artificiales que se pueden ver desde la plaza!<\/p>\n\n\n\n<p><a href=\"https:\/\/tourisme-latestedebuch.com\/village-de-noel-2025-la-teste\" target=\"_blank\" rel=\"noopener\">Mas informaci\u00f3n <br><\/a><\/p>\n<\/div><\/div>\n\n\n\n<div class=\"wp-block-uagb-container uagb-block-10c7e6ca alignfull uagb-is-root-container\"><div class=\"uagb-container-inner-blocks-wrap\"><\/div><\/div>\n\n\n\n<h2 class=\"wp-block-heading\"><strong>Cazaux<\/strong><\/h2>\n\n\n\n<h3 class=\"wp-block-heading\">29 y 30 de noviembre de 2025<\/h3>\n\n\n\n<div class=\"wp-block-uagb-container uagb-block-24b89549 alignfull uagb-is-root-container\"><div class=\"uagb-container-inner-blocks-wrap\"><\/div><\/div>\n\n\n\n<div class=\"wp-block-uagb-container uagb-block-fcb5d802 alignfull uagb-is-root-container\"><div class=\"uagb-container-inner-blocks-wrap\">\n<p>\u00a1Nos vemos en la segunda edici\u00f3n del Mercado Navide\u00f1o de Musettes! <\/p>\n\n\n\n<p>En el programa, un mercado (muy) gourmet: <br>\u2022 Brasero, tartiflette, gofres y casta\u00f1as. <br>\u2022 Stands de dise\u00f1adores <br>\u2022 Conciertos gratuitos<br>\u2022 Sorteo<br>\u2022 Venta de \u00e1rboles de Navidad<br>\u2022 Tatuajes temporales<br>\u2022 Talleres y maquillaje gratuitos para los ni\u00f1os. <br><br><strong>S\u00e1bado, 29 de noviembre:<\/strong><br><br>\u2022 Elecci\u00f3n del jersey navide\u00f1o m\u00e1s feo: inscripci\u00f3n previa. <br><br><strong>Domingo, 30 de noviembre: <\/strong><br><strong><br><\/strong>\u2022 Karaoke m\u00f3vil a partir de las 16:00 h + Concurso de troncos: \u00a1inscripci\u00f3n previa obligatoria!<strong><br><br><\/strong><br><br><\/p>\n\n\n\n<p><a href=\"https:\/\/www.instagram.com\/_musettes\/?hl=fr\" target=\"_blank\" rel=\"noopener\">Mas informaci\u00f3n <\/a><\/p>\n<\/div><\/div>\n\n\n\n<div class=\"wp-block-uagb-container uagb-block-83d4d5bd alignfull uagb-is-root-container\"><div class=\"uagb-container-inner-blocks-wrap\">\n<figure class=\"wp-block-image size-large\"><img loading=\"lazy\" decoding=\"async\" width=\"1024\" height=\"512\" src=\"https:\/\/bassin-arcachon.com\/wp-content\/uploads\/2024\/11\/Marche-de-Noel-de-La-Teste-de-Buch-1024x512.png\" alt=\"- - Bassin d&#039;Arcachon\" class=\"wp-image-190608\" title=\"- - Bassin d&#039;Arcachon\" srcset=\"https:\/\/bassin-arcachon.com\/wp-content\/uploads\/2024\/11\/Marche-de-Noel-de-La-Teste-de-Buch-1024x512.png 1024w, https:\/\/bassin-arcachon.com\/wp-content\/uploads\/2024\/11\/Marche-de-Noel-de-La-Teste-de-Buch-600x300.png 600w, https:\/\/bassin-arcachon.com\/wp-content\/uploads\/2024\/11\/Marche-de-Noel-de-La-Teste-de-Buch-768x384.png 768w, https:\/\/bassin-arcachon.com\/wp-content\/uploads\/2024\/11\/Marche-de-Noel-de-La-Teste-de-Buch-18x9.png 18w, https:\/\/bassin-arcachon.com\/wp-content\/uploads\/2024\/11\/Marche-de-Noel-de-La-Teste-de-Buch.png 1400w\" sizes=\"auto, (max-width: 1024px) 100vw, 1024px\" \/><figcaption class=\"wp-element-caption\">\u00a9 Melanny RODRIGUES<\/figcaption><\/figure>\n<\/div><\/div>\n\n\n\n<div class=\"wp-block-uagb-container uagb-block-1d28124b alignfull uagb-is-root-container\"><div class=\"uagb-container-inner-blocks-wrap\"><\/div><\/div>\n\n\n\n<hr class=\"wp-block-separator has-alpha-channel-opacity\"\/>\n\n\n\n<div class=\"wp-block-uagb-container uagb-block-d5c6989f alignfull uagb-is-root-container\"><div class=\"uagb-container-inner-blocks-wrap\"><\/div><\/div>\n\n\n\n<h2 class=\"wp-block-heading\"><strong>Gujan-Mestras<\/strong><\/h2>\n\n\n\n<h3 class=\"wp-block-heading\">6 y 7 de diciembre de 2025:&nbsp;<\/h3>\n\n\n\n<div class=\"wp-block-uagb-container uagb-block-de3901d6 alignfull uagb-is-root-container\"><div class=\"uagb-container-inner-blocks-wrap\"><\/div><\/div>\n\n\n\n<div class=\"wp-block-uagb-container uagb-block-77180784 alignfull uagb-is-root-container\"><div class=\"uagb-container-inner-blocks-wrap\">\n<p>D\u00e9jese llevar por la magia de la Navidad en el coraz\u00f3n del pintoresco y emblem\u00e1tico Port de Larros.<br>M\u00e1s de 50 puestos de artesanos, dise\u00f1adores y asociaciones, talleres l\u00fadicos y creativos, comida gourmet in situ y, por supuesto, \u00a1un m\u00e1gico espect\u00e1culo de fuegos artificiales! <br>Informaci\u00f3n y reserva de mercado: OCA 06 70 07 00 24 o commerceartisanat@terraostra.com<\/p>\n\n\n\n<p><a href=\"https:\/\/bassin-arcachon.com\/wp-content\/uploads\/2020\/07\/Programme-Village-de-Noel-2025.pdf\" target=\"_blank\" rel=\"noreferrer noopener\">Mas informaci\u00f3n<\/a><\/p>\n<\/div><\/div>\n\n\n\n<div class=\"wp-block-uagb-container uagb-block-eb717ab1 alignfull uagb-is-root-container\"><div class=\"uagb-container-inner-blocks-wrap\">\n<figure class=\"wp-block-image size-large\"><img loading=\"lazy\" decoding=\"async\" width=\"1024\" height=\"512\" src=\"https:\/\/bassin-arcachon.com\/wp-content\/uploads\/2024\/11\/Marche-de-Noel-Gujan-1024x512.png\" alt=\"- - Bassin d&#039;Arcachon\" class=\"wp-image-190609\" title=\"- - Bassin d&#039;Arcachon\" srcset=\"https:\/\/bassin-arcachon.com\/wp-content\/uploads\/2024\/11\/Marche-de-Noel-Gujan-1024x512.png 1024w, https:\/\/bassin-arcachon.com\/wp-content\/uploads\/2024\/11\/Marche-de-Noel-Gujan-600x300.png 600w, https:\/\/bassin-arcachon.com\/wp-content\/uploads\/2024\/11\/Marche-de-Noel-Gujan-768x384.png 768w, https:\/\/bassin-arcachon.com\/wp-content\/uploads\/2024\/11\/Marche-de-Noel-Gujan-18x9.png 18w, https:\/\/bassin-arcachon.com\/wp-content\/uploads\/2024\/11\/Marche-de-Noel-Gujan.png 1400w\" sizes=\"auto, (max-width: 1024px) 100vw, 1024px\" \/><figcaption class=\"wp-element-caption\">Sandra HYGONNENC<\/figcaption><\/figure>\n<\/div><\/div>\n\n\n\n<div class=\"wp-block-uagb-container uagb-block-34dd2fbc alignfull uagb-is-root-container\"><div class=\"uagb-container-inner-blocks-wrap\"><\/div><\/div>\n\n\n\n<hr class=\"wp-block-separator has-alpha-channel-opacity\"\/>\n\n\n\n<div class=\"wp-block-uagb-container uagb-block-df184d38 alignfull uagb-is-root-container\"><div class=\"uagb-container-inner-blocks-wrap\"><\/div><\/div>\n\n\n\n<h2 class=\"wp-block-heading\"><strong>Le Teich<\/strong><\/h2>\n\n\n\n<h3 class=\"wp-block-heading\">13 y 14 de diciembre de 2025<\/h3>\n\n\n\n<div class=\"wp-block-uagb-container uagb-block-705c6f01 alignfull uagb-is-root-container\"><div class=\"uagb-container-inner-blocks-wrap\"><\/div><\/div>\n\n\n\n<div class=\"wp-block-uagb-container uagb-block-fad6720e alignfull uagb-is-root-container\"><div class=\"uagb-container-inner-blocks-wrap\">\n<p><strong>S\u00e1bado 13 de diciembre - de 10.00 a 21.00 horas<\/strong><br><br><strong>10h<\/strong> - El Village se inaugura con un coro y las alegres voces de los ni\u00f1os de los centros de ocio y atenci\u00f3n extraescolar de la ciudad, que har\u00e1n sonar la magia de la Navidad.<br><br><strong>De 10.30 a 16.00 h.<\/strong> - Sum\u00e9rjase en \u00abLa Fabrique des Lutins\u00bb, un mundo de imaginaci\u00f3n con actividades creativas organizadas por los centros de ocio, los servicios extraescolares y el Espace Jeunes du Teich - Salle Publique:<br><br>- Talleres de decoraci\u00f3n y pirograbado en madera a cargo del Espace Jeunes,<br>- B\u00fasqueda del tesoro, encantadores pintacaras y fotos de recuerdo en un marco creado por los Accueils de Loisirs de la ciudad,<br>- Taller de decoraci\u00f3n navide\u00f1a para llevar a casa a cargo de los servicios extraescolares de la ciudad,<br>- Fresco participativo de los servicios extraescolares de la ciudad,<br>- Un espacio dedicado a escribir cartas a Pap\u00e1 Noel y un rinc\u00f3n de lectura para disfrutar de los servicios extraescolares de la ciudad.<br><br><strong>De 16.00 a 19.00 horas<\/strong> - Pap\u00e1 Noel har\u00e1 su aparici\u00f3n para conocer a los ni\u00f1os y capturar este momento m\u00e1gico.<br><br><strong>15h30<\/strong> - Pesaje del Regalo Misterioso, seguido, a las 16.15 horas, del anuncio del ganador y de la entrega del regalo por el Alcalde.<br><strong>16h30 -<\/strong> Decoraci\u00f3n participativa del gran abeto <br><strong>16h50 -<\/strong> El lanzamiento oficial de las luces de Navidad, un momento m\u00e1gico compartido con el Alcalde. <br><strong>17h -<\/strong> Actuaci\u00f3n musical de la Harmonie du Teich.<\/p>\n\n\n\n<p><strong>Domingo 14 de diciembre - de 10.00 a 19.00 horas<\/strong><br><strong><br>De 10.00 a 19.00 h.<\/strong> En la Salle Publique, la asociaci\u00f3n de padres ofrecer\u00e1 una jornada de diversi\u00f3n y entretenimiento:<br><br>- Pintura de caras, pesca de patos y elaboraci\u00f3n de tarjetas de felicitaci\u00f3n,<br>- Venta de palomitas y adornos navide\u00f1os creados por los ni\u00f1os de la guarder\u00eda Val des Pins.<br><br><strong>De 14:00 a 16:00 <\/strong>Paseos en coche de caballos para disfrutar de un paseo encantado por el coraz\u00f3n de la ciudad. <br><strong>De 15.00 a 18.00 horas<\/strong> Una vez m\u00e1s, Pap\u00e1 Noel har\u00e1 las delicias de los m\u00e1s peque\u00f1os. <br><strong>19h -<\/strong> Cierre del pueblo<\/p>\n\n\n\n<p><strong>Todo el fin de semana<br><\/strong>- Tiovivo gratuito para los ni\u00f1os,<br>- Bebidas calientes y fr\u00edas de La P'tite Pinte,<br>- Catering a cargo del Comit\u00e9 des f\u00eates.<br>- La Place du Souvenir acoger\u00e1 a una docena de apasionados expositores, artesanos y dise\u00f1adores que compartir\u00e1n sus conocimientos y sus tesoros de temporada. Es la ocasi\u00f3n perfecta para encontrar regalos \u00fanicos y locales para poner bajo el \u00e1rbol de Navidad o disfrutar in situ.<\/p>\n\n\n\n<p><a href=\"https:\/\/leteich.fr\/actualite\/village-de-noel-2025-deux-jours-de-feerie-au-teich\/\" target=\"_blank\" rel=\"noopener\">Mas informaci\u00f3n<\/a><\/p>\n<\/div><\/div>\n\n\n\n<div class=\"wp-block-uagb-container uagb-block-3c531329 alignfull uagb-is-root-container\"><div class=\"uagb-container-inner-blocks-wrap\">\n<figure class=\"wp-block-image size-large\"><img loading=\"lazy\" decoding=\"async\" width=\"1024\" height=\"512\" src=\"https:\/\/bassin-arcachon.com\/wp-content\/uploads\/2024\/11\/Marche-de-Noel-Le-Teich-1024x512.png\" alt=\"- - Bassin d&#039;Arcachon\" class=\"wp-image-190611\" title=\"- - Bassin d&#039;Arcachon\" srcset=\"https:\/\/bassin-arcachon.com\/wp-content\/uploads\/2024\/11\/Marche-de-Noel-Le-Teich-1024x512.png 1024w, https:\/\/bassin-arcachon.com\/wp-content\/uploads\/2024\/11\/Marche-de-Noel-Le-Teich-600x300.png 600w, https:\/\/bassin-arcachon.com\/wp-content\/uploads\/2024\/11\/Marche-de-Noel-Le-Teich-768x384.png 768w, https:\/\/bassin-arcachon.com\/wp-content\/uploads\/2024\/11\/Marche-de-Noel-Le-Teich-18x9.png 18w, https:\/\/bassin-arcachon.com\/wp-content\/uploads\/2024\/11\/Marche-de-Noel-Le-Teich.png 1400w\" sizes=\"auto, (max-width: 1024px) 100vw, 1024px\" \/><figcaption class=\"wp-element-caption\">Ciudad Le Teich<\/figcaption><\/figure>\n<\/div><\/div>\n\n\n\n<div class=\"wp-block-uagb-container uagb-block-232740db alignfull uagb-is-root-container\"><div class=\"uagb-container-inner-blocks-wrap\"><\/div><\/div>\n\n\n\n<hr class=\"wp-block-separator has-alpha-channel-opacity\"\/>\n\n\n\n<div class=\"wp-block-uagb-container uagb-block-8f814d79 alignfull uagb-is-root-container\"><div class=\"uagb-container-inner-blocks-wrap\"><\/div><\/div>\n\n\n\n<h2 class=\"wp-block-heading\"><strong>De las fincas de Certes y Graveyron al delta del Leyre<\/strong><\/h2>\n\n\n\n<h3 class=\"wp-block-heading\">Del viernes 19 al domingo 21 de diciembre de 2025<\/h3>\n\n\n\n<div class=\"wp-block-uagb-container uagb-block-fd3b5696 alignfull uagb-is-root-container\"><div class=\"uagb-container-inner-blocks-wrap\"><\/div><\/div>\n\n\n\n<div class=\"wp-block-uagb-container uagb-block-ba03235b alignfull uagb-is-root-container\"><div class=\"uagb-container-inner-blocks-wrap\">\n<p><strong>Viernes de 16:00 a 20:00<br>S\u00e1bados de 14:00 a 20:00<br>Domingo de 10:00 a 18:00<\/strong><\/p>\n\n\n\n<p>\u2022 Espect\u00e1culos y cuentos de Navidad<br>\u2022 Coro navide\u00f1o<br>\u2022 Paseos de \u00e1ngeles luminosos y duendes<br>\u2022 Talleres creativos para toda la familia: maquillaje, peluquer\u00eda, decoraciones navide\u00f1as...<br>\u2022 Mercado de artesanos y creadores<br>\u2022 Foto gratuita con Pap\u00e1 Noel<br>\u2022 Servicio de restauraci\u00f3n en el lugar<\/p>\n\n\n\n<p>Y del 2 de diciembre al 7 de enero, \u00a1ac\u00e9rquese al parque Lecoq para disfrutar de la feria!<\/p>\n\n\n\n<p><a href=\"https:\/\/villedebiganos.fr\/\" target=\"_blank\" rel=\"noopener\">Mas informaci\u00f3n <\/a><\/p>\n<\/div><\/div>\n\n\n\n<div class=\"wp-block-uagb-container uagb-block-3aedf957 alignfull uagb-is-root-container\"><div class=\"uagb-container-inner-blocks-wrap\"><\/div><\/div>\n\n\n\n<div class=\"wp-block-uagb-container uagb-block-579a74bd alignfull uagb-is-root-container\"><div class=\"uagb-container-inner-blocks-wrap\">\n<figure class=\"wp-block-image size-large\"><img loading=\"lazy\" decoding=\"async\" width=\"1024\" height=\"512\" src=\"https:\/\/bassin-arcachon.com\/wp-content\/uploads\/2024\/11\/Marche-de-Noel-Biganos-1-1024x512.png\" alt=\"- - Bassin d&#039;Arcachon\" class=\"wp-image-190616\" title=\"- - Bassin d&#039;Arcachon\" srcset=\"https:\/\/bassin-arcachon.com\/wp-content\/uploads\/2024\/11\/Marche-de-Noel-Biganos-1-1024x512.png 1024w, https:\/\/bassin-arcachon.com\/wp-content\/uploads\/2024\/11\/Marche-de-Noel-Biganos-1-600x300.png 600w, https:\/\/bassin-arcachon.com\/wp-content\/uploads\/2024\/11\/Marche-de-Noel-Biganos-1-768x384.png 768w, https:\/\/bassin-arcachon.com\/wp-content\/uploads\/2024\/11\/Marche-de-Noel-Biganos-1-18x9.png 18w, https:\/\/bassin-arcachon.com\/wp-content\/uploads\/2024\/11\/Marche-de-Noel-Biganos-1.png 1400w\" sizes=\"auto, (max-width: 1024px) 100vw, 1024px\" \/><figcaption class=\"wp-element-caption\">\u00a9 Gregorio CASSIAU<\/figcaption><\/figure>\n<\/div><\/div>\n\n\n\n<div class=\"wp-block-uagb-container uagb-block-8e1ec355 alignfull uagb-is-root-container\"><div class=\"uagb-container-inner-blocks-wrap\"><\/div><\/div>\n\n\n\n<hr class=\"wp-block-separator has-alpha-channel-opacity\"\/>\n\n\n\n<div class=\"wp-block-uagb-container uagb-block-c3628982 alignfull uagb-is-root-container\"><div class=\"uagb-container-inner-blocks-wrap\"><\/div><\/div>\n\n\n\n<h2 class=\"wp-block-heading\"><strong>el Coraz\u00f3n de la bah\u00eda<\/strong><\/h2>\n\n\n\n<h3 class=\"wp-block-heading\">Viernes, 5 de diciembre de 2025<\/h3>\n\n\n\n<div class=\"wp-block-uagb-container uagb-block-f331dcaf alignfull uagb-is-root-container\"><div class=\"uagb-container-inner-blocks-wrap\"><\/div><\/div>\n\n\n\n<div class=\"wp-block-uagb-container uagb-block-a7106f66 alignfull uagb-is-root-container\"><div class=\"uagb-container-inner-blocks-wrap\">\n<p>\u2013 <strong>Navidad en la Caba\u00f1a Azul<\/strong>&nbsp;: de 17:00 a 19:00 en el puerto.&nbsp;<br>\u2022 \u00a1Un encuentro m\u00e1gico con Pap\u00e1 Noel!<br>\u2022 A partir de los 18 a\u00f1os<sup>h<\/sup>&nbsp;: \u00a1No te pierdas la hora de dormir de Pap\u00e1 Noel en la Caba\u00f1a Azul, un momento \u00fanico para vivir en familia!<br>\u2022 20:30 h: <strong>Iglesia de San Pablo <\/strong>por el conjunto instrumental Bassin<br>\u2013 Del 6 de diciembre al 6 de enero, el Taller de Pap\u00e1 Noel abre sus puertas en la Cabane Bleue.<\/p>\n<\/div><\/div>\n\n\n\n<div class=\"wp-block-uagb-container uagb-block-dce8eccc alignfull uagb-is-root-container\"><div class=\"uagb-container-inner-blocks-wrap\"><\/div><\/div>\n\n\n\n<h3 class=\"wp-block-heading\">S\u00e1bado, 6 de diciembre de 2025<\/h3>\n\n\n\n<div class=\"wp-block-uagb-container uagb-block-b9da4ae7 alignfull uagb-is-root-container\"><div class=\"uagb-container-inner-blocks-wrap\"><\/div><\/div>\n\n\n\n<div class=\"wp-block-uagb-container uagb-block-fcda2b4d alignfull uagb-is-root-container\"><div class=\"uagb-container-inner-blocks-wrap\">\n<p>\u2013 <strong>Mercado navide\u00f1o: De 15:00 a 19:00 en el parque p\u00fablico.<\/strong><br>\u2022 Stands y expositores: artesan\u00eda, dise\u00f1adores, gastronom\u00eda...<br>\u2022 Gratis: \u00a1tiovivo para ni\u00f1os y adolescentes! <br>\u2022 Gratis: taller de maquillaje para ni\u00f1os de 15:00 a 18:00.<br>\u2022 Espect\u00e1culos itinerantes entre las 17:00 y las 19:00.<\/p>\n<\/div><\/div>\n\n\n\n<div class=\"wp-block-uagb-container uagb-block-962ac142 alignfull uagb-is-root-container\"><div class=\"uagb-container-inner-blocks-wrap\"><\/div><\/div>\n\n\n\n<h3 class=\"wp-block-heading\">Domingo 7 de diciembre de 2025<\/h3>\n\n\n\n<div class=\"wp-block-uagb-container uagb-block-6927e2bc alignfull uagb-is-root-container\"><div class=\"uagb-container-inner-blocks-wrap\"><\/div><\/div>\n\n\n\n<div class=\"wp-block-uagb-container uagb-block-1afd60e4 alignfull uagb-is-root-container\"><div class=\"uagb-container-inner-blocks-wrap\">\n<p><strong>\u2013 Mercado navide\u00f1o: De 10:00 a 18:00 en el parque p\u00fablico.<\/strong><br>\u2022 Stands y expositores: artesan\u00eda, dise\u00f1adores, gastronom\u00eda...<br>\u2022 Gratis: \u00a1tiovivos para ni\u00f1os y adolescentes! <br>\u2022 Talleres de arte y plantas por Ang\u00e8le Largy, de 10:30 a 12:30.<br>\u2022 Coro de M\u00e9li-M\u00e9lodie a las 12:00 h.<br>\u2022 Stand de Pap\u00e1 Noel de 14:00 a 18:00<br>\u2022 Gratis: taller de maquillaje para ni\u00f1os, de 14:30 a 17:30. <br>\u2022 Talleres de arte y plantas por Ang\u00e8le Largy a partir de las 14:30 h. <br>\u2022 Espect\u00e1culos itinerantes entre las 16:00 y las 18:00.<\/p>\n\n\n\n<p><a href=\"https:\/\/www.ville-audenge.fr\/agenda\/audenge-fete-noel\/\" target=\"_blank\" rel=\"noreferrer noopener\">Mas informaci\u00f3n<\/a><\/p>\n<\/div><\/div>\n\n\n\n<div class=\"wp-block-uagb-container uagb-block-e52a2056 alignfull uagb-is-root-container\"><div class=\"uagb-container-inner-blocks-wrap\">\n<figure class=\"wp-block-image size-large\"><img loading=\"lazy\" decoding=\"async\" width=\"1024\" height=\"512\" src=\"https:\/\/bassin-arcachon.com\/wp-content\/uploads\/2024\/11\/Marche-de-Noel-Audenge-1024x512.png\" alt=\"- - Bassin d&#039;Arcachon\" class=\"wp-image-190618\" title=\"- - Bassin d&#039;Arcachon\" srcset=\"https:\/\/bassin-arcachon.com\/wp-content\/uploads\/2024\/11\/Marche-de-Noel-Audenge-1024x512.png 1024w, https:\/\/bassin-arcachon.com\/wp-content\/uploads\/2024\/11\/Marche-de-Noel-Audenge-600x300.png 600w, https:\/\/bassin-arcachon.com\/wp-content\/uploads\/2024\/11\/Marche-de-Noel-Audenge-768x384.png 768w, https:\/\/bassin-arcachon.com\/wp-content\/uploads\/2024\/11\/Marche-de-Noel-Audenge-18x9.png 18w, https:\/\/bassin-arcachon.com\/wp-content\/uploads\/2024\/11\/Marche-de-Noel-Audenge.png 1400w\" sizes=\"auto, (max-width: 1024px) 100vw, 1024px\" \/><figcaption class=\"wp-element-caption\">\u00a9 Ciudad de Audenge<\/figcaption><\/figure>\n<\/div><\/div>\n\n\n\n<div class=\"wp-block-uagb-container uagb-block-f8456825 alignfull uagb-is-root-container\"><div class=\"uagb-container-inner-blocks-wrap\"><\/div><\/div>\n\n\n\n<hr class=\"wp-block-separator has-alpha-channel-opacity\"\/>\n\n\n\n<div class=\"wp-block-uagb-container uagb-block-63b49365 alignfull uagb-is-root-container\"><div class=\"uagb-container-inner-blocks-wrap\"><\/div><\/div>\n\n\n\n<h2 class=\"wp-block-heading\"><strong>a supprimer<\/strong><\/h2>\n\n\n\n<h3 class=\"wp-block-heading\">19 y 20 de diciembre de 2025: <\/h3>\n\n\n\n<div class=\"wp-block-uagb-container uagb-block-e898bc47 alignfull uagb-is-root-container\"><div class=\"uagb-container-inner-blocks-wrap\"><\/div><\/div>\n\n\n\n<div class=\"wp-block-uagb-container uagb-block-3e3072b1 alignfull uagb-is-root-container\"><div class=\"uagb-container-inner-blocks-wrap\">\n<p>\u2013 Mercado navide\u00f1o, de 16:30 a 21:00, en el Complejo Deportivo de Cassy:<br><br>Mercado de creadores locales, expositores, artistas locales. <br><br>ANIMACIONES:<br>\u2022 Concierto a cargo de los centros de ocio<br>\u2022 Restauraci\u00f3n \/ gastronom\u00eda<br>\u2022 Animaci\u00f3n con estructura hinchable (de pago)<br>\u2022 Pony \/ Maquillaje (gratis)<br>\u2022 Burbuja gigante<br>\u2022 Paseo circense<br>\u2022 Paseo con mascota<br>\u2022 Cine<br>\u2022 Llegada de Pap\u00e1 Noel<br>\u2022 Taller culinario (s\u00e1bado por la tarde, previa inscripci\u00f3n)<br>\u2022 Concierto a cargo de los centros de ocio<\/p>\n<\/div><\/div>\n\n\n\n<div class=\"wp-block-uagb-container uagb-block-35a65faf alignfull uagb-is-root-container\"><div class=\"uagb-container-inner-blocks-wrap\"><\/div><\/div>\n\n\n\n<div class=\"wp-block-uagb-container uagb-block-642db93f alignfull uagb-is-root-container\"><div class=\"uagb-container-inner-blocks-wrap\">\n<figure class=\"wp-block-image size-large\"><img loading=\"lazy\" decoding=\"async\" width=\"1024\" height=\"512\" src=\"https:\/\/bassin-arcachon.com\/wp-content\/uploads\/2024\/11\/Marche-de-Noel-Lanton-1024x512.png\" alt=\"- - Bassin d&#039;Arcachon\" class=\"wp-image-190622\" title=\"- - Bassin d&#039;Arcachon\" srcset=\"https:\/\/bassin-arcachon.com\/wp-content\/uploads\/2024\/11\/Marche-de-Noel-Lanton-1024x512.png 1024w, https:\/\/bassin-arcachon.com\/wp-content\/uploads\/2024\/11\/Marche-de-Noel-Lanton-600x300.png 600w, https:\/\/bassin-arcachon.com\/wp-content\/uploads\/2024\/11\/Marche-de-Noel-Lanton-768x384.png 768w, https:\/\/bassin-arcachon.com\/wp-content\/uploads\/2024\/11\/Marche-de-Noel-Lanton-18x9.png 18w, https:\/\/bassin-arcachon.com\/wp-content\/uploads\/2024\/11\/Marche-de-Noel-Lanton.png 1400w\" sizes=\"auto, (max-width: 1024px) 100vw, 1024px\" \/><figcaption class=\"wp-element-caption\">AIME Fotograf\u00eda<\/figcaption><\/figure>\n<\/div><\/div>\n\n\n\n<div class=\"wp-block-uagb-container uagb-block-e269ec0b alignfull uagb-is-root-container\"><div class=\"uagb-container-inner-blocks-wrap\"><\/div><\/div>\n\n\n\n<hr class=\"wp-block-separator has-alpha-channel-opacity\"\/>\n\n\n\n<div class=\"wp-block-uagb-container uagb-block-9ec5ffb4 alignfull uagb-is-root-container\"><div class=\"uagb-container-inner-blocks-wrap\"><\/div><\/div>\n\n\n\n<h2 class=\"wp-block-heading\" id=\"h-mios\"><strong>mio<\/strong><\/h2>\n\n\n\n<h3 class=\"wp-block-heading\">Del 5 al 7 de diciembre de 2025: <\/h3>\n\n\n\n<div class=\"wp-block-uagb-container uagb-block-f411cd3a alignfull uagb-is-root-container\"><div class=\"uagb-container-inner-blocks-wrap\"><\/div><\/div>\n\n\n\n<div class=\"wp-block-uagb-container uagb-block-83572a8e alignfull uagb-is-root-container\"><div class=\"uagb-container-inner-blocks-wrap\">\n<p>Horario: viernes<strong> 17.00-20.30 h<\/strong> \/ S\u00e1bado <strong>De 10.30 a 21.00 h.<\/strong> \/ Domingo <strong>De 10.30 a 17.00 h. <\/strong><br>- Acerca de <strong>35 expositores<\/strong> artesan\u00eda local, manjares, adornos, joyas, textiles, etc. <br>- Fotos con Pap\u00e1 Noel (1 foto gratuita por familia) con la fot\u00f3grafa Elsa Ab\u00e9guill\u00e9 <br>- 1 carrusel para que los m\u00e1s peque\u00f1os est\u00e9n contentos: 2 euros por atracci\u00f3n \/ 5 euros por 3 atracciones <br>- Talleres creativos con la Oficina de Turismo Las asociaciones organizar\u00e1n numerosos actos durante los 3 d\u00edas Paseos en poni (2 euros por paseo) <br><br><strong>Viernes a las 18.00 horas : <\/strong>Llega Pap\u00e1 Noel <br>- paseando con los Lutins Fanfarfadets. <br>Despu\u00e9s del scooter, la moto y el Twizi, \u00bfqu\u00e9 llevar\u00e1 Pap\u00e1 Noel este a\u00f1o? <br><br><strong>El s\u00e1bado:<\/strong> animaci\u00f3n musical con la Guinguette de No\u00ebl <br>- Fuegos artificiales el s\u00e1bado a las 19.00 horas <br>- Espect\u00e1culos (gratuitos) : S\u00e1bado <strong>10.00 y 11.00 horas.1<\/strong>5 \u00abGraines de Vie\u00bb (colectivo Al\u00e9a) en la M\u00e9diath\u00e8que (de 3 meses a 3 a\u00f1os): este espect\u00e1culo, que combina m\u00fasica, artes visuales y danza, es una oda a la naturaleza y a los lazos que nos unen. Una experiencia inmersiva dise\u00f1ada para despertar los sentidos de los m\u00e1s peque\u00f1os. Para reservar, llame al 05 56 26 49 10 \/ mediatheque@villemios.fr<br><br><strong>El domingo:<\/strong> soporte de maquillaje (con los St\u00e9thoscopes Clowns) <br>- Concurso de galletas navide\u00f1as (decoraci\u00f3n y degustaci\u00f3n): las galletas pueden entregarse el domingo en <strong>11h<\/strong>, resultados en <strong>14h30<\/strong> <br> \u2013<strong>15.00 y 17.00 horas<\/strong> (L\u00e9o, L\u00e9on et le R\u00eavomatik) en la Salle des F\u00eates (de 4 a 12 a\u00f1os): Los portadores de sue\u00f1os tienen que colgar los hilos de los sue\u00f1os de las estrellas utilizando el R\u00eavomatik. Pero algunas noches, no hay m\u00e1s hilos, as\u00ed que no hay m\u00e1s sue\u00f1os... Sigue sus aventuras para encontrar la soluci\u00f3n, sorprendente pero tambi\u00e9n obvia... Reserva en l\u00ednea en <a href=\"https:\/\/billetterie.festik.net\/villemios-monspectacle\/product\/leo-leon-et-le-revomatik\" target=\"_blank\" rel=\"noreferrer noopener\">https:\/\/billetterie.festik.net\/villemios-monspectacle\/product\/leo-leon-et-le-revomatik<\/a><\/p>\n\n\n\n<p><a href=\"https:\/\/www.villemios.fr\/village-de-noel-2025\/\" target=\"_blank\" rel=\"noreferrer noopener\">Mas informaci\u00f3n<\/a><\/p>\n<\/div><\/div>\n\n\n\n<div class=\"wp-block-uagb-container uagb-block-f47a0868 alignfull uagb-is-root-container\"><div class=\"uagb-container-inner-blocks-wrap\">\n<figure class=\"wp-block-image size-large\"><img loading=\"lazy\" decoding=\"async\" width=\"1024\" height=\"512\" src=\"https:\/\/bassin-arcachon.com\/wp-content\/uploads\/2024\/11\/Marche-de-Noel-Mios-1024x512.png\" alt=\"- - Bassin d&#039;Arcachon\" class=\"wp-image-190623\" title=\"- - Bassin d&#039;Arcachon\" srcset=\"https:\/\/bassin-arcachon.com\/wp-content\/uploads\/2024\/11\/Marche-de-Noel-Mios-1024x512.png 1024w, https:\/\/bassin-arcachon.com\/wp-content\/uploads\/2024\/11\/Marche-de-Noel-Mios-600x300.png 600w, https:\/\/bassin-arcachon.com\/wp-content\/uploads\/2024\/11\/Marche-de-Noel-Mios-768x384.png 768w, https:\/\/bassin-arcachon.com\/wp-content\/uploads\/2024\/11\/Marche-de-Noel-Mios-18x9.png 18w, https:\/\/bassin-arcachon.com\/wp-content\/uploads\/2024\/11\/Marche-de-Noel-Mios.png 1400w\" sizes=\"auto, (max-width: 1024px) 100vw, 1024px\" \/><figcaption class=\"wp-element-caption\">Oficina de Turismo de Coeur du Bassin<\/figcaption><\/figure>\n<\/div><\/div>\n\n\n\n<div class=\"wp-block-uagb-container uagb-block-77c0f7c6 alignfull uagb-is-root-container\"><div class=\"uagb-container-inner-blocks-wrap\"><\/div><\/div>\n\n\n\n<hr class=\"wp-block-separator has-alpha-channel-opacity\"\/>\n\n\n\n<div class=\"wp-block-uagb-container uagb-block-01b792d7 alignfull uagb-is-root-container\"><div class=\"uagb-container-inner-blocks-wrap\"><\/div><\/div>\n\n\n\n<h2 class=\"wp-block-heading\"><strong>a supprimer<\/strong><\/h2>\n\n\n\n<h3 class=\"wp-block-heading\">S\u00e1bado 6 de diciembre de 2025:<\/h3>\n\n\n\n<div class=\"wp-block-uagb-container uagb-block-cf4b6696 alignfull uagb-is-root-container\"><div class=\"uagb-container-inner-blocks-wrap\"><\/div><\/div>\n\n\n\n<div class=\"wp-block-uagb-container uagb-block-7e3f838d alignfull uagb-is-root-container\"><div class=\"uagb-container-inner-blocks-wrap\">\n<p>- Tobog\u00e1n hinchable <strong>De 10.00 h. a 18.00 h.<\/strong> a partir de 4 a\u00f1os <br>- Paseo de las linternas <strong>6 p.m.<\/strong> amenizado por la Banda les Galinettes <br>- Lanzamiento de las iluminaciones de la ciudad <br>- Venta de objetos realizados por los ni\u00f1os de las escuelas primarias de <strong>De 14.00 a 18.00 horas <\/strong><br>- Catering y refrescos durante todo el d\u00eda, tortitas y vino caliente... <br>- Foto de Pap\u00e1 Noel de<strong> 17h<\/strong> <br>- Soporte de maquillaje<\/p>\n<\/div><\/div>\n\n\n\n<div class=\"wp-block-uagb-container uagb-block-0102c34a alignfull uagb-is-root-container\"><div class=\"uagb-container-inner-blocks-wrap\"><\/div><\/div>\n\n\n\n<h3 class=\"wp-block-heading\">Domingo 7 de diciembre de 2025: <\/h3>\n\n\n\n<div class=\"wp-block-uagb-container uagb-block-5766d280 alignfull uagb-is-root-container\"><div class=\"uagb-container-inner-blocks-wrap\"><\/div><\/div>\n\n\n\n<div class=\"wp-block-uagb-container uagb-block-4fba487a alignfull uagb-is-root-container\"><div class=\"uagb-container-inner-blocks-wrap\">\n<p>- Espect\u00e1culo navide\u00f1o gratuito a cargo de <strong>De 15:00 a 16:00<\/strong><br>- Soporte de maquillaje para <strong>De 14.00 a 18.00 horas <\/strong><br>- Foto con Pap\u00e1 Noel de <strong>17h<\/strong><br>- Catering todo el d\u00eda, refrescos, tortitas, vino caliente<\/p>\n<\/div><\/div>\n\n\n\n<div class=\"wp-block-uagb-container uagb-block-2124f448 alignfull uagb-is-root-container\"><div class=\"uagb-container-inner-blocks-wrap\"><\/div><\/div>\n\n\n\n<h3 class=\"wp-block-heading\">Domingo 14 de diciembre de 2025: <\/h3>\n\n\n\n<div class=\"wp-block-uagb-container uagb-block-1ab5ef86 alignfull uagb-is-root-container\"><div class=\"uagb-container-inner-blocks-wrap\"><\/div><\/div>\n\n\n\n<div class=\"wp-block-uagb-container uagb-block-820ec89f alignfull uagb-is-root-container\"><div class=\"uagb-container-inner-blocks-wrap\">\n<p>A partir de <strong>10h<\/strong>, Rue Jacques Blieck: el March\u00e9 Municipal celebra la Navidad, con bombones y una foto con Pap\u00e1 Noel.<\/p>\n\n\n\n<p><a href=\"https:\/\/ville-marcheprime.fr\/agenda\/marche-artisanal-de-noel\/\" target=\"_blank\" rel=\"noopener\">Mas informaci\u00f3n<\/a><\/p>\n<\/div><\/div>\n\n\n\n<div class=\"wp-block-uagb-container uagb-block-e8b8acd8 alignfull uagb-is-root-container\"><div class=\"uagb-container-inner-blocks-wrap\">\n<figure class=\"wp-block-image size-large\"><img loading=\"lazy\" decoding=\"async\" width=\"1024\" height=\"512\" src=\"https:\/\/bassin-arcachon.com\/wp-content\/uploads\/2024\/11\/Marche-de-Noel-Marcheprime-1024x512.png\" alt=\"- - Bassin d&#039;Arcachon\" class=\"wp-image-190624\" title=\"- - Bassin d&#039;Arcachon\" srcset=\"https:\/\/bassin-arcachon.com\/wp-content\/uploads\/2024\/11\/Marche-de-Noel-Marcheprime-1024x512.png 1024w, https:\/\/bassin-arcachon.com\/wp-content\/uploads\/2024\/11\/Marche-de-Noel-Marcheprime-600x300.png 600w, https:\/\/bassin-arcachon.com\/wp-content\/uploads\/2024\/11\/Marche-de-Noel-Marcheprime-768x384.png 768w, https:\/\/bassin-arcachon.com\/wp-content\/uploads\/2024\/11\/Marche-de-Noel-Marcheprime-18x9.png 18w, https:\/\/bassin-arcachon.com\/wp-content\/uploads\/2024\/11\/Marche-de-Noel-Marcheprime.png 1400w\" sizes=\"auto, (max-width: 1024px) 100vw, 1024px\" \/><figcaption class=\"wp-element-caption\">Oficina de Turismo de Coeur du Bassin<\/figcaption><\/figure>\n<\/div><\/div>\n\n\n\n<div class=\"wp-block-uagb-container uagb-block-d4ddd1a6 alignfull uagb-is-root-container\"><div class=\"uagb-container-inner-blocks-wrap\"><\/div><\/div>\n\n\n\n<hr class=\"wp-block-separator has-alpha-channel-opacity\"\/>\n\n\n\n<div class=\"wp-block-uagb-container uagb-block-98d4d53b alignfull uagb-is-root-container\"><div class=\"uagb-container-inner-blocks-wrap\"><\/div><\/div>\n\n\n\n<h2 class=\"wp-block-heading\"><strong>Andernos<\/strong><\/h2>\n\n\n\n<h3 class=\"wp-block-heading\">Del 20 al 24 de diciembre de 2025<\/h3>\n\n\n\n<div class=\"wp-block-uagb-container uagb-block-7bc40b0f alignfull uagb-is-root-container\"><div class=\"uagb-container-inner-blocks-wrap\"><\/div><\/div>\n\n\n\n<div class=\"wp-block-uagb-container uagb-block-c18e52e9 alignfull uagb-is-root-container\"><div class=\"uagb-container-inner-blocks-wrap\">\n<p><strong>El Pueblo de Navidad, en el Jard\u00edn Louis David <\/strong><br>\u2013 Chalets gastron\u00f3micos y artesanales: de 11:00 a 19:00 (hasta las 21:00 el 20 de diciembre y hasta las 17:00 el 24 de diciembre).<br>\u2013 Recorrido de aventura (a partir de 5 a\u00f1os), Pesca de bolas de Navidad (2-6 a\u00f1os), Castillo de caramelo (1-6 a\u00f1os): de 12:00 a 18:00 h, acceso libre (hasta las 17:00 h el 24 de diciembre).<br>\u2013 El universo de Pap\u00e1 Noel \u2013 Exposici\u00f3n m\u00e1gica de Navidad: de 11:00 a 19:00 (hasta las 17:00 el 24 de diciembre)<br>\u2013 Encuentro con Pap\u00e1 Noel: de 15:30 a 17:30 del 20 al 23 de diciembre y de 14:30 a 16:30 el 24 de diciembre.<\/p>\n<\/div><\/div>\n\n\n\n<div class=\"wp-block-uagb-container uagb-block-d37c1f1a alignfull uagb-is-root-container\"><div class=\"uagb-container-inner-blocks-wrap\"><\/div><\/div>\n\n\n\n<h3 class=\"wp-block-heading\">S\u00e1bado, 20 de diciembre de 2025<\/h3>\n\n\n\n<div class=\"wp-block-uagb-container uagb-block-b79cd5cc alignfull uagb-is-root-container\"><div class=\"uagb-container-inner-blocks-wrap\"><\/div><\/div>\n\n\n\n<div class=\"wp-block-uagb-container uagb-block-84e8748d alignfull uagb-is-root-container\"><div class=\"uagb-container-inner-blocks-wrap\">\n<p><strong>En el Jard\u00edn Louis David <\/strong><br>\u2013 Una tarde brillante: llegada sorpresa de Pap\u00e1 Noel seguida de una merienda y fotos de recuerdo. Taller de maquillaje con la mascota Olaf. Mimos con los animales de La Ferme \u00e0 la Plage. A partir de las 14:30.<\/p>\n<\/div><\/div>\n\n\n\n<div class=\"wp-block-uagb-container uagb-block-3bb3e677 alignfull uagb-is-root-container\"><div class=\"uagb-container-inner-blocks-wrap\"><\/div><\/div>\n\n\n\n<h3 class=\"wp-block-heading\">Del 22 al 24 y del 29 al 31 de diciembre de 2025<\/h3>\n\n\n\n<div class=\"wp-block-uagb-container uagb-block-fcf50852 alignfull uagb-is-root-container\"><div class=\"uagb-container-inner-blocks-wrap\"><\/div><\/div>\n\n\n\n<div class=\"wp-block-uagb-container uagb-block-cb134268 alignfull uagb-is-root-container\"><div class=\"uagb-container-inner-blocks-wrap\">\n<p>Cap33 y Cap33 Junior (de 10 a 14 a\u00f1os) ofrecen actividades deportivas y de ocio para disfrutar en familia o descubrir individualmente a partir de los 15 a\u00f1os. <br>Informaci\u00f3n e inscripciones: 05.56.82.02.87 \/ 06.42.51.54.61<br><br><a href=\"https:\/\/bassin-arcachon.com\/wp-content\/uploads\/2020\/07\/image.png\" target=\"_blank\" rel=\"noreferrer noopener\">Mas informaci\u00f3n<\/a><\/p>\n<\/div><\/div>\n\n\n\n<div class=\"wp-block-uagb-container uagb-block-f8e7f1cc alignfull uagb-is-root-container\"><div class=\"uagb-container-inner-blocks-wrap\">\n<figure class=\"wp-block-image size-large\"><img loading=\"lazy\" decoding=\"async\" width=\"1024\" height=\"512\" src=\"https:\/\/bassin-arcachon.com\/wp-content\/uploads\/2024\/11\/Marche-de-Noel-Andernos-1024x512.png\" alt=\"- - Bassin d&#039;Arcachon\" class=\"wp-image-190625\" title=\"- - Bassin d&#039;Arcachon\" srcset=\"https:\/\/bassin-arcachon.com\/wp-content\/uploads\/2024\/11\/Marche-de-Noel-Andernos-1024x512.png 1024w, https:\/\/bassin-arcachon.com\/wp-content\/uploads\/2024\/11\/Marche-de-Noel-Andernos-600x300.png 600w, https:\/\/bassin-arcachon.com\/wp-content\/uploads\/2024\/11\/Marche-de-Noel-Andernos-768x384.png 768w, https:\/\/bassin-arcachon.com\/wp-content\/uploads\/2024\/11\/Marche-de-Noel-Andernos-18x9.png 18w, https:\/\/bassin-arcachon.com\/wp-content\/uploads\/2024\/11\/Marche-de-Noel-Andernos.png 1400w\" sizes=\"auto, (max-width: 1024px) 100vw, 1024px\" \/><figcaption class=\"wp-element-caption\">Ciudad de Andernos les Bains<\/figcaption><\/figure>\n<\/div><\/div>\n\n\n\n<div class=\"wp-block-uagb-container uagb-block-c3763081 alignfull uagb-is-root-container\"><div class=\"uagb-container-inner-blocks-wrap\"><\/div><\/div>\n\n\n\n<hr class=\"wp-block-separator has-alpha-channel-opacity\"\/>\n\n\n\n<div class=\"wp-block-uagb-container uagb-block-1f130bf9 alignfull uagb-is-root-container\"><div class=\"uagb-container-inner-blocks-wrap\"><\/div><\/div>\n\n\n\n<h2 class=\"wp-block-heading\"><strong>Ares<\/strong><\/h2>\n\n\n\n<h3 class=\"wp-block-heading\">Domingo 7 de diciembre de 2025<\/h3>\n\n\n\n<div class=\"wp-block-uagb-container uagb-block-e77b1615 alignfull uagb-is-root-container\"><div class=\"uagb-container-inner-blocks-wrap\"><\/div><\/div>\n\n\n\n<div class=\"wp-block-uagb-container uagb-block-2b5075f7 alignfull uagb-is-root-container\"><div class=\"uagb-container-inner-blocks-wrap\">\n<p>\u2013 Gran Mercado Navide\u00f1o con presentaci\u00f3n y venta de objetos de decoraci\u00f3n de todo tipo, joyer\u00eda y productos regionales. <br>- Animaci\u00f3n en carrusel, paseos en coche de caballos, coro y canto.<br>\u2013 Pap\u00e1 Noel tambi\u00e9n estar\u00e1 all\u00ed para recibir a los ni\u00f1os. Barra de refrescos y crepes en el establecimiento. Todo p\u00fablico \u2013 gratis<\/p>\n\n\n\n<p><a href=\"https:\/\/www.ares-tourisme.com\/agenda\/fiche-agenda?id=FMAAQU033V51CHIL\" target=\"_blank\" rel=\"noreferrer noopener\">Mas informaci\u00f3n<\/a><\/p>\n<\/div><\/div>\n\n\n\n<div class=\"wp-block-uagb-container uagb-block-b275a766 alignfull uagb-is-root-container\"><div class=\"uagb-container-inner-blocks-wrap\"><\/div><\/div>\n\n\n\n<h3 class=\"wp-block-heading\">Domingo, 14 de diciembre de 2025<\/h3>\n\n\n\n<div class=\"wp-block-uagb-container uagb-block-86ac0113 alignfull uagb-is-root-container\"><div class=\"uagb-container-inner-blocks-wrap\"><\/div><\/div>\n\n\n\n<div class=\"wp-block-uagb-container uagb-block-055842bf alignfull uagb-is-root-container\"><div class=\"uagb-container-inner-blocks-wrap\">\n<p>- Mercado de Navidad para artesanos y comerciantes: venga a pasear, degustar productos locales y disfrutar del ambiente festivo, con la presencia de Pap\u00e1 Noel. Ubicaci\u00f3n: Place de l'\u00e9glise.<\/p>\n\n\n\n<p>- Refrescos y comida in situ, con tortitas a beneficio del Telemarat\u00f3n.<\/p>\n\n\n\n<p>- Concierto de Navidad sobre el tema de los a\u00f1os 80, combinando el esp\u00edritu y los ritmos esenciales de la d\u00e9cada. Lugar: Espace Br\u00e9montier.<\/p>\n\n\n\n<p><a href=\"https:\/\/www.ares-tourisme.com\/agenda\/fiche-agenda?id=FMAAQU033V51CHJB\" target=\"_blank\" rel=\"noopener\">Mas informaci\u00f3n<\/a><\/p>\n<\/div><\/div>\n\n\n\n<div class=\"wp-block-uagb-container uagb-block-506b14f2 alignfull uagb-is-root-container\"><div class=\"uagb-container-inner-blocks-wrap\"><\/div><\/div>\n\n\n\n<h3 class=\"wp-block-heading\">Martes 16 de diciembre de 2025<\/h3>\n\n\n\n<div class=\"wp-block-uagb-container uagb-block-367f4098 alignfull uagb-is-root-container\"><div class=\"uagb-container-inner-blocks-wrap\"><\/div><\/div>\n\n\n\n<div class=\"wp-block-uagb-container uagb-block-4fbe633b alignfull uagb-is-root-container\"><div class=\"uagb-container-inner-blocks-wrap\">\n<p>- Cuentos de Navidad: d\u00e9jese encantar por las historias de invierno y los sabores de casa y del extranjero: vino caliente y pasteles de Navidad alsacianos. abierto al p\u00fablico - Socios: gratis - No socios: 6 \u20ac Informaci\u00f3n en el 06 08 13 53 70 o en cultureloisirsares@free.fr. Lugar: domaine des Lug\u00e9es, village des associations.<br><br><\/p>\n\n\n\n<p><a href=\"https:\/\/www.ares-tourisme.com\/agenda\/fiche-agenda?id=FMAAQU033V51CHJC\" target=\"_blank\" rel=\"noreferrer noopener\">Mas informaci\u00f3n<\/a><\/p>\n<\/div><\/div>\n\n\n\n<div class=\"wp-block-uagb-container uagb-block-d4157b99 alignfull uagb-is-root-container\"><div class=\"uagb-container-inner-blocks-wrap\">\n<figure class=\"wp-block-image size-large\"><img loading=\"lazy\" decoding=\"async\" width=\"1024\" height=\"512\" src=\"https:\/\/bassin-arcachon.com\/wp-content\/uploads\/2024\/11\/Design-sans-titre-28-1024x512.png\" alt=\"- - Bassin d&#039;Arcachon\" class=\"wp-image-197088\" title=\"- - Bassin d&#039;Arcachon\" srcset=\"https:\/\/bassin-arcachon.com\/wp-content\/uploads\/2024\/11\/Design-sans-titre-28-1024x512.png 1024w, https:\/\/bassin-arcachon.com\/wp-content\/uploads\/2024\/11\/Design-sans-titre-28-600x300.png 600w, https:\/\/bassin-arcachon.com\/wp-content\/uploads\/2024\/11\/Design-sans-titre-28-768x384.png 768w, https:\/\/bassin-arcachon.com\/wp-content\/uploads\/2024\/11\/Design-sans-titre-28-18x9.png 18w, https:\/\/bassin-arcachon.com\/wp-content\/uploads\/2024\/11\/Design-sans-titre-28.png 1400w\" sizes=\"auto, (max-width: 1024px) 100vw, 1024px\" \/><figcaption class=\"wp-element-caption\">\u00a9 Jacques Rouquette Oficina de Turismo de Ar\u00e8s<\/figcaption><\/figure>\n<\/div><\/div>\n\n\n\n<div class=\"wp-block-uagb-container uagb-block-7f8d55e5 alignfull uagb-is-root-container\"><div class=\"uagb-container-inner-blocks-wrap\"><\/div><\/div>\n\n\n\n<hr class=\"wp-block-separator has-alpha-channel-opacity\"\/>\n\n\n\n<div class=\"wp-block-uagb-container uagb-block-8e1f4b73 alignfull uagb-is-root-container\"><div class=\"uagb-container-inner-blocks-wrap\"><\/div><\/div>\n\n\n\n<h2 class=\"wp-block-heading\"><strong>L\u00e8ge-Cap Ferret<\/strong><\/h2>\n\n\n\n<h3 class=\"wp-block-heading\">Del viernes 12 al domingo 14 de diciembre de 2025:<\/h3>\n\n\n\n<div class=\"wp-block-uagb-container uagb-block-36f7ac97 alignfull uagb-is-root-container\"><div class=\"uagb-container-inner-blocks-wrap\"><\/div><\/div>\n\n\n\n<div class=\"wp-block-uagb-container uagb-block-64a737ff alignfull uagb-is-root-container\"><div class=\"uagb-container-inner-blocks-wrap\">\n<p><strong>Avenue des Halles - Claouey <\/strong><\/p>\n\n\n\n<p>Venga a descubrir durante todo el fin de semana, de 10.00 a 19.00 horas, a varios dise\u00f1adores seleccionados por la calidad de sus productos. Ideal para encontrar un regalo original para Navidad.<br>Catering in situ con la asociaci\u00f3n Cap Termer.<\/p>\n\n\n\n<p>Pastille: Inauguraci\u00f3n el viernes 12 de diciembre a las 18.00 horas<\/p>\n<\/div><\/div>\n\n\n\n<div class=\"wp-block-uagb-container uagb-block-38965a45 alignfull uagb-is-root-container\"><div class=\"uagb-container-inner-blocks-wrap\"><\/div><\/div>\n\n\n\n<h3 class=\"wp-block-heading\">Del viernes 19 de diciembre al domingo 4 de enero de 2026<\/h3>\n\n\n\n<div class=\"wp-block-uagb-container uagb-block-c5ac62e9 alignfull uagb-is-root-container\"><div class=\"uagb-container-inner-blocks-wrap\">\n<p><strong>Pueblo navide\u00f1o<\/strong> Del 19 al 24 de diciembre, de 14.30 a 18.30 h, <strong>Mercado de Navidad<\/strong> Del 19 al 24 de diciembre<\/p>\n\n\n\n<ul class=\"wp-block-list\">\n<li><strong>Paseos&nbsp;<\/strong><\/li>\n<\/ul>\n\n\n\n<p>Abierto todos los d\u00edas* del 19 de diciembre al 4 de enero de <strong>De 14.30 h. a 18.30 h.<\/strong>&nbsp; &nbsp; &nbsp; &nbsp; &nbsp; &nbsp; &nbsp; &nbsp; &nbsp; &nbsp; &nbsp; &nbsp; &nbsp; &nbsp; &nbsp; &nbsp; &nbsp; &nbsp; &nbsp; &nbsp; &nbsp; &nbsp; &nbsp; &nbsp; &nbsp; &nbsp; &nbsp; &nbsp; &nbsp;<br><em>*Cerrado el 25 de diciembre y el 1 de enero.<br>Comuna 0,50 cts por vuelta - Fuera de la comuna 1\u20ac por vuelta<\/em><\/p>\n\n\n\n<ul class=\"wp-block-list\">\n<li><strong>Barracas de comida y pista de hielo&nbsp;<\/strong><\/li>\n<\/ul>\n\n\n\n<p>Inauguraci\u00f3n el viernes 19 de diciembre a las <strong>17h<\/strong> ( hasta<strong> 23h<\/strong>) - (Gratis el viernes 19 de <strong>De 17.00 a 19.00 horas<\/strong>)<br>Abierto todos los d\u00edas de <strong>De 14.30 h. a 18.30 h.<\/strong><br>El 25 de diciembre y el 1 de enero <strong>De 16:00 a 18:30<\/strong><br><strong><em>Noches tem\u00e1ticas<\/em>&nbsp;<\/strong>S\u00e1bado 27 de diciembre y s\u00e1bado 3 de enero<\/p>\n\n\n\n<p><em>Tasa de pista de hielo durante 30 minutos : Municipio: 2 euros \/ Fuera del municipio: 4 euros<\/em><\/p>\n\n\n\n<h4 class=\"wp-block-heading\"><strong>PROGRAMA DE ACTOS GRATUITOS<\/strong><\/h4>\n\n\n\n<ul class=\"wp-block-list\">\n<li><strong>Viernes 19 de diciembre - Place de l'h\u00f4tel de Ville, L\u00e8ge<br><\/strong><strong><em>Noche de Navidad&nbsp;<\/em><\/strong><\/li>\n<\/ul>\n\n\n\n<p><strong>18.30 - 19.15 h <\/strong>Espect\u00e1culo de danza navide\u00f1a del CEAM (salle la Halle)<br><strong>19h<\/strong> Apertura del restaurante<br><strong>20 horas.<\/strong> Concierto festivo con el grupo Notorious<br><strong>21h30 <\/strong>Fuegos artificiales<\/p>\n\n\n\n<ul class=\"wp-block-list\">\n<li><strong>S\u00e1bado 20 de diciembre -&nbsp;<\/strong><strong>Place de l'h\u00f4tel de Ville, L\u00e8ge<br><\/strong><strong><em>Pueblo navide\u00f1o<\/em><\/strong><\/li>\n<\/ul>\n\n\n\n<p>A partir de <strong>14h30<\/strong> :&nbsp;<br>Inauguraci\u00f3n del pueblo de Navidad con m\u00fasica de la Harmonie de L\u00e8ge - Cap Ferret<br>Talleres de maquillaje<br>Talleres creativos sobre el tema de la Navidad: inscripci\u00f3n in situ<br>Llegada sorpresa de Pap\u00e1 Noel y desfile de luces al estadio Louis Goubet<\/p>\n\n\n\n<ul class=\"wp-block-list\">\n<li><strong>Domingo 21 de diciembre<\/strong><\/li>\n<\/ul>\n\n\n\n<p><strong>Cap Ferret<br><\/strong>Navidad en Cap Ferret<br>Entretenimiento navide\u00f1o&nbsp;<br><br><strong>buque faro<br><\/strong>Navidad en Lieja&nbsp;<\/p>\n\n\n\n<p><strong>Actividades creativas, entretenimiento y sorpresas durante todas las fiestas navide\u00f1as.<\/strong><\/p>\n\n\n\n<p><a href=\"https:\/\/www.ville-lege-capferret.fr\/agenda\/noel-sur-la-presquile\/\" target=\"_blank\" rel=\"noopener\">Mas informaci\u00f3n<\/a><\/p>\n<\/div><\/div>\n\n\n\n<div class=\"wp-block-uagb-container uagb-block-5e3a4489 alignfull uagb-is-root-container\"><div class=\"uagb-container-inner-blocks-wrap\">\n<figure class=\"wp-block-image size-large\"><img loading=\"lazy\" decoding=\"async\" width=\"1024\" height=\"512\" src=\"https:\/\/bassin-arcachon.com\/wp-content\/uploads\/2024\/11\/Marche-de-Noel-Lege-Cap-Ferret-1024x512.png\" alt=\"- - Bassin d&#039;Arcachon\" class=\"wp-image-190629\" title=\"- - Bassin d&#039;Arcachon\" srcset=\"https:\/\/bassin-arcachon.com\/wp-content\/uploads\/2024\/11\/Marche-de-Noel-Lege-Cap-Ferret-1024x512.png 1024w, https:\/\/bassin-arcachon.com\/wp-content\/uploads\/2024\/11\/Marche-de-Noel-Lege-Cap-Ferret-600x300.png 600w, https:\/\/bassin-arcachon.com\/wp-content\/uploads\/2024\/11\/Marche-de-Noel-Lege-Cap-Ferret-768x384.png 768w, https:\/\/bassin-arcachon.com\/wp-content\/uploads\/2024\/11\/Marche-de-Noel-Lege-Cap-Ferret-18x9.png 18w, https:\/\/bassin-arcachon.com\/wp-content\/uploads\/2024\/11\/Marche-de-Noel-Lege-Cap-Ferret.png 1400w\" sizes=\"auto, (max-width: 1024px) 100vw, 1024px\" \/><figcaption class=\"wp-element-caption\">Oficina de Turismo de L\u00e8ge-Cap Ferret<\/figcaption><\/figure>\n<\/div><\/div>\n\n\n\n<div class=\"wp-block-uagb-container uagb-block-742a13cc alignfull uagb-is-root-container\"><div class=\"uagb-container-inner-blocks-wrap\"><\/div><\/div>\n\n\n\n<p><\/p>","protected":false},"excerpt":{"rendered":"<p>Cette ann\u00e9e encore, profitez des march\u00e9s et animations de no\u00ebl du Bassin d&rsquo;Arcachon ! Arcachon Du 13 d\u00e9cembre au 4 janvier 2026 &#8211; Samedi 14 d\u00e9cembre \u00e0 14h30 sur la [&hellip;]<\/p>\n","protected":false},"author":12,"featured_media":52692,"comment_status":"open","ping_status":"closed","sticky":false,"template":"","format":"standard","meta":{"_acf_changed":false,"_uag_custom_page_level_css":"","footnotes":""},"categories":[2133,2129],"tags":[463,76,242,267,232],"class_list":["post-11241","post","type-post","status-publish","format-standard","has-post-thumbnail","hentry","category-culture","category-nature-art-de-vivre","tag-animation-noel","tag-bassin-darcachon","tag-hiver","tag-marches-de-noel","tag-noel"],"acf":[],"uagb_featured_image_src":{"full":["https:\/\/bassin-arcachon.com\/wp-content\/uploads\/2022\/10\/marche-noel-arcachon.jpg",1080,1080,false],"thumbnail":["https:\/\/bassin-arcachon.com\/wp-content\/uploads\/2022\/10\/marche-noel-arcachon-150x150.jpg",150,150,true],"medium":["https:\/\/bassin-arcachon.com\/wp-content\/uploads\/2022\/10\/marche-noel-arcachon-600x600.jpg",600,600,true],"medium_large":["https:\/\/bassin-arcachon.com\/wp-content\/uploads\/2022\/10\/marche-noel-arcachon-768x768.jpg",768,768,true],"large":["https:\/\/bassin-arcachon.com\/wp-content\/uploads\/2022\/10\/marche-noel-arcachon-1024x1024.jpg",1024,1024,true],"1536x1536":["https:\/\/bassin-arcachon.com\/wp-content\/uploads\/2022\/10\/marche-noel-arcachon.jpg",1080,1080,false],"2048x2048":["https:\/\/bassin-arcachon.com\/wp-content\/uploads\/2022\/10\/marche-noel-arcachon.jpg",1080,1080,false],"trp-custom-language-flag":["https:\/\/bassin-arcachon.com\/wp-content\/uploads\/2022\/10\/marche-noel-arcachon-12x12.jpg",12,12,true]},"uagb_author_info":{"display_name":"Marine, habitante du Bassin d'Arcachon","author_link":"https:\/\/bassin-arcachon.com\/es\/author\/marinesiba\/"},"uagb_comment_info":0,"uagb_excerpt":"Cette ann\u00e9e encore, profitez des march\u00e9s et animations de no\u00ebl du Bassin d&rsquo;Arcachon ! Arcachon Du 13 d\u00e9cembre au 4 janvier 2026 &#8211; Samedi 14 d\u00e9cembre \u00e0 14h30 sur la [&hellip;]","_links":{"self":[{"href":"https:\/\/bassin-arcachon.com\/es\/wp-json\/wp\/v2\/posts\/11241","targetHints":{"allow":["GET"]}}],"collection":[{"href":"https:\/\/bassin-arcachon.com\/es\/wp-json\/wp\/v2\/posts"}],"about":[{"href":"https:\/\/bassin-arcachon.com\/es\/wp-json\/wp\/v2\/types\/post"}],"author":[{"embeddable":true,"href":"https:\/\/bassin-arcachon.com\/es\/wp-json\/wp\/v2\/users\/12"}],"replies":[{"embeddable":true,"href":"https:\/\/bassin-arcachon.com\/es\/wp-json\/wp\/v2\/comments?post=11241"}],"version-history":[{"count":135,"href":"https:\/\/bassin-arcachon.com\/es\/wp-json\/wp\/v2\/posts\/11241\/revisions"}],"predecessor-version":[{"id":197977,"href":"https:\/\/bassin-arcachon.com\/es\/wp-json\/wp\/v2\/posts\/11241\/revisions\/197977"}],"wp:featuredmedia":[{"embeddable":true,"href":"https:\/\/bassin-arcachon.com\/es\/wp-json\/wp\/v2\/media\/52692"}],"wp:attachment":[{"href":"https:\/\/bassin-arcachon.com\/es\/wp-json\/wp\/v2\/media?parent=11241"}],"wp:term":[{"taxonomy":"category","embeddable":true,"href":"https:\/\/bassin-arcachon.com\/es\/wp-json\/wp\/v2\/categories?post=11241"},{"taxonomy":"post_tag","embeddable":true,"href":"https:\/\/bassin-arcachon.com\/es\/wp-json\/wp\/v2\/tags?post=11241"}],"curies":[{"name":"wp","href":"https:\/\/api.w.org\/{rel}","templated":true}]}}