{"id":11470,"date":"2017-12-05T11:47:54","date_gmt":"2017-12-05T10:47:54","guid":{"rendered":"https:\/\/www.bassin-arcachon.com\/?p=11470"},"modified":"2026-01-17T15:37:09","modified_gmt":"2026-01-17T14:37:09","slug":"adviento-calendario-darcachon-cuenca","status":"publish","type":"post","link":"https:\/\/bassin-arcachon.com\/es\/calendrier-de-lavent-bassin-darcachon\/","title":{"rendered":"El calendario de adviento de Arcachon Bassin"},"content":{"rendered":"<h1 class=\"wp-block-heading\">1 d\u00eda 1 noticia en el blog Bassin!<\/h1>\n\n\n\n<h2 class=\"wp-block-heading\">D\u00eda tras d\u00eda, descubra y redescubra una foto, una noticia o un buen plan sobre el Bassin de Arcachon...<\/h2>\n\n\n\n<h3 class=\"wp-block-heading\">1 de diciembre<\/h3>\n\n\n\n<h4 class=\"wp-block-heading\">#1: \u00a1Vuelve a tu Facebook favorito este a\u00f1o!<\/h4>\n\n\n\n<figure class=\"wp-block-image size-full is-resized\"><img loading=\"lazy\" decoding=\"async\" width=\"1000\" height=\"667\" src=\"https:\/\/bassin-arcachon.com\/wp-content\/uploads\/2017\/10\/PHOTO-PORT-CASSY-HEADER-COMPRESS\u00c9-e1548079614665.jpg\" alt=\"Puerto de Cassy en Bassin d&#039;Arcachon\" class=\"wp-image-9862\" style=\"aspect-ratio:16\/9;object-fit:cover;width:1200px\" title=\"- - Bassin d&#039;Arcachon\" srcset=\"https:\/\/bassin-arcachon.com\/wp-content\/uploads\/2017\/10\/PHOTO-PORT-CASSY-HEADER-COMPRESS\u00c9-e1548079614665.jpg 1000w, https:\/\/bassin-arcachon.com\/wp-content\/uploads\/2017\/10\/PHOTO-PORT-CASSY-HEADER-COMPRESS\u00c9-e1548079614665-600x400.jpg 600w, https:\/\/bassin-arcachon.com\/wp-content\/uploads\/2017\/10\/PHOTO-PORT-CASSY-HEADER-COMPRESS\u00c9-e1548079614665-768x512.jpg 768w, https:\/\/bassin-arcachon.com\/wp-content\/uploads\/2017\/10\/PHOTO-PORT-CASSY-HEADER-COMPRESS\u00c9-e1548079614665-18x12.jpg 18w\" sizes=\"auto, (max-width: 1000px) 100vw, 1000px\" \/><\/figure>\n\n\n\n<p><em>\u00a9 Patrice Hausser \u2013 Fin del d\u00eda en el <a href=\"https:\/\/bassin-arcachon.com\/es\/nuestros-pueblos-y-aldeas\/corazon-de-la-cuenca\/\">Puerto de Cassy en Lanton.<\/a><\/em><\/p>\n\n\n\n<h3 class=\"wp-block-heading\">2 de diciembre<\/h3>\n\n\n\n<h4 class=\"wp-block-heading\">#2: Cabanes en F\u00eate 9\u00aa edici\u00f3n<\/h4>\n\n\n\n<figure class=\"wp-block-image is-resized\"><img decoding=\"async\" src=\"https:\/\/www.bassin-arcachon.com\/wp-content\/uploads\/2017\/11\/1-Cabanes-en-f\u00eate-cr\u00e9dit-OT-1024x683.jpg\" alt=\"- - Bassin d&#039;Arcachon\" style=\"aspect-ratio:16\/9;object-fit:cover;width:1200px\" title=\"- - Bassin d&#039;Arcachon\"><\/figure>\n\n\n\n<h3 class=\"wp-block-heading\">3 de diciembre<\/h3>\n\n\n\n<h4 class=\"wp-block-heading\">#3: Lanton, 3 puertos, 3 caras!<\/h4>\n\n\n\n<p><a href=\"https:\/\/bassin-arcachon.com\/es\/lanton-3-puertos-3-caras\/\">Descubra o redescubra los peque\u00f1os y bonitos puertos de Lanton.<\/a><\/p>\n\n\n\n<figure class=\"wp-block-image is-resized\"><img decoding=\"async\" src=\"https:\/\/www.bassin-arcachon.com\/wp-content\/uploads\/2017\/12\/B2B5970dxo2-1024x682.jpg\" alt=\"- - Bassin d&#039;Arcachon\" style=\"aspect-ratio:16\/9;object-fit:cover;width:1200px\" title=\"- - Bassin d&#039;Arcachon\"><\/figure>\n\n\n\n<h3 class=\"wp-block-heading\">4 de diciembre<\/h3>\n\n\n\n<h4 class=\"wp-block-heading\">#4: Encuentra el <a href=\"https:\/\/bassin-arcachon.com\/es\/animacion-navidena-en-la-cuenca-de-arcachon\/\">entretenimiento navide\u00f1o<\/a> en el Bassin de Arcachon!<\/h4>\n\n\n\n<figure class=\"wp-block-image size-full\"><img loading=\"lazy\" decoding=\"async\" width=\"1200\" height=\"801\" src=\"https:\/\/bassin-arcachon.com\/wp-content\/uploads\/2017\/11\/DSC_0177.jpg\" alt=\"- - Bassin d&#039;Arcachon\" class=\"wp-image-11341\" style=\"aspect-ratio:16\/9;object-fit:cover\" title=\"- - Bassin d&#039;Arcachon\" srcset=\"https:\/\/bassin-arcachon.com\/wp-content\/uploads\/2017\/11\/DSC_0177.jpg 1200w, https:\/\/bassin-arcachon.com\/wp-content\/uploads\/2017\/11\/DSC_0177-600x401.jpg 600w, https:\/\/bassin-arcachon.com\/wp-content\/uploads\/2017\/11\/DSC_0177-1024x684.jpg 1024w, https:\/\/bassin-arcachon.com\/wp-content\/uploads\/2017\/11\/DSC_0177-768x513.jpg 768w, https:\/\/bassin-arcachon.com\/wp-content\/uploads\/2017\/11\/DSC_0177-18x12.jpg 18w\" sizes=\"auto, (max-width: 1200px) 100vw, 1200px\" \/><\/figure>\n\n\n\n<h3 class=\"wp-block-heading\">5 de diciembre<\/h3>\n\n\n\n<h4 class=\"wp-block-heading\">#5: La ostra navide\u00f1a \u00ae<\/h4>\n\n\n\n<p>Cuando hablamos de Navidad, necesariamente pensamos en <a href=\"http:\/\/www.huitres-arcachon-capferret.fr\/\" target=\"_blank\" rel=\"noopener\">Ostras de Arcach\u00f3n-Cap Ferret<\/a>..<\/p>\n\n\n\n<p>Descubre los secretos de <a href=\"https:\/\/bassin-arcachon.com\/es\/huitres-de-noel\/\">Ostra de Navidad \u00ae<\/a><\/p>\n\n\n\n<figure class=\"wp-block-image size-full\"><img loading=\"lazy\" decoding=\"async\" width=\"1200\" height=\"800\" src=\"https:\/\/bassin-arcachon.com\/wp-content\/uploads\/2017\/12\/20229554_1256062677837417_2934134375100938918_o.jpg\" alt=\"- - Bassin d&#039;Arcachon\" class=\"wp-image-11484\" style=\"aspect-ratio:16\/9;object-fit:cover\" title=\"- - Bassin d&#039;Arcachon\" srcset=\"https:\/\/bassin-arcachon.com\/wp-content\/uploads\/2017\/12\/20229554_1256062677837417_2934134375100938918_o.jpg 1200w, https:\/\/bassin-arcachon.com\/wp-content\/uploads\/2017\/12\/20229554_1256062677837417_2934134375100938918_o-600x400.jpg 600w, https:\/\/bassin-arcachon.com\/wp-content\/uploads\/2017\/12\/20229554_1256062677837417_2934134375100938918_o-1024x683.jpg 1024w, https:\/\/bassin-arcachon.com\/wp-content\/uploads\/2017\/12\/20229554_1256062677837417_2934134375100938918_o-768x512.jpg 768w, https:\/\/bassin-arcachon.com\/wp-content\/uploads\/2017\/12\/20229554_1256062677837417_2934134375100938918_o-18x12.jpg 18w\" sizes=\"auto, (max-width: 1200px) 100vw, 1200px\" \/><\/figure>\n\n\n\n<h3 class=\"wp-block-heading\">6 de diciembre<\/h3>\n\n\n\n<h4 class=\"wp-block-heading\">#6: El Banc d&#039;Arguin, tu favorito <a href=\"https:\/\/www.instagram.com\/bassindarcachon\/?hl=fr\" target=\"_blank\" rel=\"noopener\">Instagram<\/a> del a\u00f1o !<\/h4>\n\n\n\n<figure class=\"wp-block-image\"><img decoding=\"async\" src=\"https:\/\/www.bassin-arcachon.com\/wp-content\/uploads\/2017\/12\/Capture-2.png\" alt=\"- - Bassin d&#039;Arcachon\" title=\"- - Bassin d&#039;Arcachon\"><\/figure>\n\n\n\n<h3 class=\"wp-block-heading\">7 de diciembre<\/h3>\n\n\n\n<h4 class=\"wp-block-heading\">#7 : <a href=\"https:\/\/www.gujanmestras.com\/\" target=\"_blank\" rel=\"noopener\">Gujan-Mestras<\/a>, el pueblo de los 7 puertos!<\/h4>\n\n\n\n<figure class=\"wp-block-image is-resized\"><img decoding=\"async\" src=\"https:\/\/www.bassin-arcachon.com\/wp-content\/uploads\/2017\/12\/7-1024x683.jpg\" alt=\"- - Bassin d&#039;Arcachon\" style=\"aspect-ratio:16\/9;object-fit:cover;width:1200px\" title=\"- - Bassin d&#039;Arcachon\"><\/figure>\n\n\n\n<h3 class=\"wp-block-heading\">8 de diciembre<\/h3>\n\n\n\n<h4 class=\"wp-block-heading\">#8: \u00a1Ares y sus maravillas!<\/h4>\n\n\n\n<figure class=\"wp-block-image is-resized\"><img decoding=\"async\" src=\"https:\/\/www.bassin-arcachon.com\/wp-content\/uploads\/2017\/12\/champignons-siba-agence-les-conteurs-61-1024x683.jpg\" alt=\"- - Bassin d&#039;Arcachon\" style=\"aspect-ratio:16\/9;object-fit:cover;width:1200px\" title=\"- - Bassin d&#039;Arcachon\"><\/figure>\n\n\n\n<p><em>Los robles centenarios del Parque MGEN en <a href=\"http:\/\/www.ares-tourisme.com\/\" target=\"_blank\" rel=\"noopener\">Ares<\/a>.<\/em><\/p>\n\n\n\n<h3 class=\"wp-block-heading\">9 de diciembre<\/h3>\n\n\n\n<h4 class=\"wp-block-heading\">#9: 1935, Albert Marquet pinta \u201cLe Pyla\u201d<\/h4>\n\n\n\n<figure class=\"wp-block-image is-resized\"><img decoding=\"async\" src=\"https:\/\/www.bassin-arcachon.com\/wp-content\/uploads\/2017\/11\/Le-Pylat-Albert-Marquet-1935-1.png\" alt=\"- - Bassin d&#039;Arcachon\" style=\"aspect-ratio:16\/9;object-fit:cover;width:1200px\" title=\"- - Bassin d&#039;Arcachon\"><\/figure>\n\n\n\n<h3 class=\"wp-block-heading\">10 de diciembre<\/h3>\n\n\n\n<h4 class=\"wp-block-heading\">#10: 10 pueblos, 10 caras: \u00a1solo 1 Bassin!<\/h4>\n\n\n\n<figure class=\"wp-block-image is-resized\"><img decoding=\"async\" src=\"https:\/\/www.bassin-arcachon.com\/wp-content\/uploads\/2017\/12\/Capture-3-1024x670.png\" alt=\"- - Bassin d&#039;Arcachon\" style=\"aspect-ratio:16\/9;object-fit:cover;width:1200px\" title=\"- - Bassin d&#039;Arcachon\"><\/figure>\n\n\n\n<h3 class=\"wp-block-heading\">11 de diciembre<\/h3>\n\n\n\n<h4 class=\"wp-block-heading\">#11: marea muerta<\/h4>\n\n\n\n<figure class=\"wp-block-image size-large is-resized\"><img loading=\"lazy\" decoding=\"async\" width=\"1024\" height=\"683\" src=\"https:\/\/bassin-arcachon.com\/wp-content\/uploads\/2017\/12\/Cabane-tchanqu\u00e9e-N3429b-1024x683.jpg\" alt=\"- - Bassin d&#039;Arcachon\" class=\"wp-image-11557\" style=\"aspect-ratio:16\/9;object-fit:cover;width:1200px\" title=\"- - Bassin d&#039;Arcachon\" srcset=\"https:\/\/bassin-arcachon.com\/wp-content\/uploads\/2017\/12\/Cabane-tchanqu\u00e9e-N3429b-1024x683.jpg 1024w, https:\/\/bassin-arcachon.com\/wp-content\/uploads\/2017\/12\/Cabane-tchanqu\u00e9e-N3429b-600x400.jpg 600w, https:\/\/bassin-arcachon.com\/wp-content\/uploads\/2017\/12\/Cabane-tchanqu\u00e9e-N3429b-768x512.jpg 768w, https:\/\/bassin-arcachon.com\/wp-content\/uploads\/2017\/12\/Cabane-tchanqu\u00e9e-N3429b-18x12.jpg 18w, https:\/\/bassin-arcachon.com\/wp-content\/uploads\/2017\/12\/Cabane-tchanqu\u00e9e-N3429b.jpg 1200w\" sizes=\"auto, (max-width: 1024px) 100vw, 1024px\" \/><\/figure>\n\n\n\n<p>Hablamos de una marea de \u201cagua muerta\u201d en un momento espec\u00edfico del ciclo de la marea, cuando la marea alta es muy baja y poco profunda.<\/p>\n\n\n\n<figure class=\"wp-block-image is-resized\"><img decoding=\"async\" src=\"https:\/\/www.bassin-arcachon.com\/wp-content\/uploads\/2017\/12\/peche-a-pieds-SIBA-agence-les-conteurs-65-1024x683.jpg\" alt=\"- - Bassin d&#039;Arcachon\" style=\"aspect-ratio:16\/9;object-fit:cover;width:1200px\" title=\"- - Bassin d&#039;Arcachon\"><\/figure>\n\n\n\n<h3 class=\"wp-block-heading\">12 de diciembre<\/h3>\n\n\n\n<p>#12: \u00a1Una docena N\u00b03 por favor!<\/p>\n\n\n\n<figure class=\"wp-block-image is-resized\"><img decoding=\"async\" src=\"https:\/\/www.bassin-arcachon.com\/wp-content\/uploads\/2017\/12\/IMG_4867-1024x683.jpg\" alt=\"- - Bassin d&#039;Arcachon\" style=\"aspect-ratio:16\/9;object-fit:cover;width:1200px\" title=\"- - Bassin d&#039;Arcachon\"><\/figure>\n\n\n\n<h3 class=\"wp-block-heading\">diciembre 13<\/h3>\n\n\n\n<h4 class=\"wp-block-heading\">#13: \u00a1Consejos de compras para un d\u00eda lluvioso!<\/h4>\n\n\n\n<figure class=\"wp-block-image is-resized\"><img decoding=\"async\" src=\"https:\/\/www.bassin-arcachon.com\/wp-content\/uploads\/2017\/12\/124f59a0-fa77-48e7-8bfe-4bf5e0521bac-1024x683.jpg\" alt=\"- - Bassin d&#039;Arcachon\" style=\"aspect-ratio:16\/9;object-fit:cover;width:1200px\" title=\"- - Bassin d&#039;Arcachon\"><\/figure>\n\n\n\n<p><a href=\"http:\/\/www.sardinedubassin.com\/\" target=\"_blank\" rel=\"noopener\"><em>\u00a9SardineduBassin<\/em><\/a><\/p>\n\n\n\n<figure class=\"wp-block-image is-resized\"><img decoding=\"async\" src=\"https:\/\/www.bassin-arcachon.com\/wp-content\/uploads\/2017\/12\/0df570ed-82d0-4665-83fb-2012db7c5723-1024x683.jpg\" alt=\"- - Bassin d&#039;Arcachon\" style=\"aspect-ratio:16\/9;object-fit:cover;width:1200px\" title=\"- - Bassin d&#039;Arcachon\"><\/figure>\n\n\n\n<p><a href=\"https:\/\/www.facebook.com\/boutiquePLANB\/?fref=ts\" target=\"_blank\" rel=\"noopener\"><em>\u00a9PlanB<\/em><\/a><\/p>\n\n\n\n<figure class=\"wp-block-image is-resized\"><img decoding=\"async\" src=\"https:\/\/www.bassin-arcachon.com\/wp-content\/uploads\/2017\/12\/12a0f478-c97f-4de7-a6a2-f6af36cc2c7a-1024x683.jpg\" alt=\"- - Bassin d&#039;Arcachon\" style=\"aspect-ratio:16\/9;object-fit:cover;width:1200px\" title=\"- - Bassin d&#039;Arcachon\"><\/figure>\n\n\n\n<p><a href=\"http:\/\/www.cabanesetcompagnie.com\/1.aspx\" target=\"_blank\" rel=\"noopener\"><em>\u00a9Cabanes&amp;Compagnie&nbsp;<\/em><\/a><\/p>\n\n\n\n<figure class=\"wp-block-image is-resized\"><img decoding=\"async\" src=\"https:\/\/www.bassin-arcachon.com\/wp-content\/uploads\/2017\/12\/Bonjour-mon-amour-1024x514.jpg\" alt=\"- - Bassin d&#039;Arcachon\" style=\"width:1200px\" title=\"- - Bassin d&#039;Arcachon\"><\/figure>\n\n\n\n<p><a href=\"https:\/\/www.facebook.com\/bonjourmonamourshop\/?hc_ref=ARTQnFkf8EV1QZdHzfaU1667Mj-jvzU6k5o4D5f_ZpF-W176pFsRpXauk5Ire2nGr2I\" target=\"_blank\" rel=\"noopener\"><em>\u00a9Bonjourmonamour<\/em><\/a><\/p>\n\n\n\n<figure class=\"wp-block-image is-resized\"><img decoding=\"async\" src=\"https:\/\/www.bassin-arcachon.com\/wp-content\/uploads\/2017\/12\/12279034_1208913379122670_7451194048782900302_n.jpg\" alt=\"- - Bassin d&#039;Arcachon\" style=\"aspect-ratio:16\/9;object-fit:cover;width:1200px\" title=\"- - Bassin d&#039;Arcachon\"><\/figure>\n\n\n\n<p><a href=\"http:\/\/www.femer.fr\/\" target=\"_blank\" rel=\"noopener\"><em>\u00a9Cerrar<\/em><\/a><\/p>\n\n\n\n<h3 class=\"wp-block-heading\">14 de diciembre<\/h3>\n\n\n\n<h4 class=\"wp-block-heading\"><strong>#14: \u00bfPilat o Pyla?<\/strong><\/h4>\n\n\n\n<figure class=\"wp-block-image is-resized\"><img decoding=\"async\" src=\"https:\/\/www.bassin-arcachon.com\/wp-content\/uploads\/2017\/12\/3864-chemins-1-seul-Bassin-01-1024x683.jpg\" alt=\"- - Bassin d&#039;Arcachon\" style=\"aspect-ratio:16\/9;object-fit:cover;width:1200px\" title=\"- - Bassin d&#039;Arcachon\"><\/figure>\n\n\n\n<p>Pilat toma su nombre del gasc\u00f3n \u201cpiloto\u201d que significa \u201cmont\u00f3n\u201d o \u201cmont\u00edculo\u201d. Entonces, cuando se trata de la duna, debemos escribir&nbsp;<strong>PILAT<\/strong>. Pyla-sur-Mer es el balneario cerca de la duna. Su fundador Daniel Meller le asign\u00f3 esta graf\u00eda en 1920 con el fin de darle un sonido m\u00e1s elegante y ex\u00f3tico.<\/p>\n\n\n\n<p><a href=\"https:\/\/www.ladunedupilat.com\/Faut-il-ecrire-Pilat-ou-Pyla_a75.html\" target=\"_blank\" rel=\"noopener\">\u00a1Sigue las noticias de la gran Duna de Pilat!<\/a><\/p>\n\n\n\n<figure class=\"wp-block-image is-resized\"><img decoding=\"async\" src=\"https:\/\/www.bassin-arcachon.com\/wp-content\/uploads\/2017\/12\/IMG_2508-1024x683.jpg\" alt=\"- - Bassin d&#039;Arcachon\" style=\"aspect-ratio:16\/9;object-fit:cover;width:1200px\" title=\"- - Bassin d&#039;Arcachon\"><\/figure>\n\n\n\n<h3 class=\"wp-block-heading\">15 de diciembre<\/h3>\n\n\n\n<h4 class=\"wp-block-heading\">#15: D-9 antes de Nochevieja, para sus comidas festivas, \u00a1piense en el saber hacer de B&#039;A!<\/h4>\n\n\n\n<figure class=\"wp-block-image is-resized\"><img decoding=\"async\" src=\"https:\/\/www.bassin-arcachon.com\/wp-content\/uploads\/2017\/12\/Foie-gras-du-Bassin.jpg\" alt=\"- - Bassin d&#039;Arcachon\" style=\"aspect-ratio:16\/9;object-fit:cover;width:1200px\" title=\"- - Bassin d&#039;Arcachon\"><\/figure>\n\n\n\n<p><a href=\"https:\/\/www.marque-bassin-arcachon.fr\/devenir-partenaire-de-la-marque\/ils-sont-partenaires\/foie-gras-bassin\/\" target=\"_blank\" rel=\"noopener\">h\u00edgado graso Bassin<\/a><\/p>\n\n\n\n<figure class=\"wp-block-image is-resized\"><img decoding=\"async\" src=\"https:\/\/www.bassin-arcachon.com\/wp-content\/uploads\/2017\/12\/Maison-Mar\u00e9lia.png\" alt=\"- - Bassin d&#039;Arcachon\" style=\"aspect-ratio:16\/9;object-fit:cover;width:1200px\" title=\"- - Bassin d&#039;Arcachon\"><\/figure>\n\n\n\n<p><a href=\"https:\/\/www.marque-bassin-arcachon.fr\/devenir-partenaire-de-la-marque\/ils-sont-partenaires\/marelia\/\" target=\"_blank\" rel=\"noopener\">Casa Marelia<\/a><\/p>\n\n\n\n<figure class=\"wp-block-image is-resized\"><img decoding=\"async\" src=\"https:\/\/www.bassin-arcachon.com\/wp-content\/uploads\/2017\/12\/Caviar-Perlita.png\" alt=\"Caviar Perlita\" style=\"aspect-ratio:16\/9;object-fit:cover;width:1200px\" title=\"Caviar Perlita\"\/><\/figure>\n\n\n\n<p><a href=\"https:\/\/www.marque-bassin-arcachon.fr\/devenir-partenaire-de-la-marque\/ils-sont-partenaires\/caviarperlita\/\" target=\"_blank\" rel=\"noopener\">Caviar Perlita<\/a><\/p>\n\n\n\n<figure class=\"wp-block-image size-full is-resized\"><img loading=\"lazy\" decoding=\"async\" width=\"713\" height=\"564\" src=\"https:\/\/bassin-arcachon.com\/wp-content\/uploads\/2017\/12\/Escargots.png\" alt=\"- - Bassin d&#039;Arcachon\" class=\"wp-image-11695\" style=\"aspect-ratio:16\/9;object-fit:cover;width:1200px\" title=\"Caracoles\" srcset=\"https:\/\/bassin-arcachon.com\/wp-content\/uploads\/2017\/12\/Escargots.png 713w, https:\/\/bassin-arcachon.com\/wp-content\/uploads\/2017\/12\/Escargots-600x475.png 600w, https:\/\/bassin-arcachon.com\/wp-content\/uploads\/2017\/12\/Escargots-15x12.png 15w\" sizes=\"auto, (max-width: 713px) 100vw, 713px\" \/><\/figure>\n\n\n\n<p><a href=\"https:\/\/www.marque-bassin-arcachon.fr\/devenir-partenaire-de-la-marque\/ils-sont-partenaires\/escargotsandieroche\/\" target=\"_blank\" rel=\"noopener\">Caracoles de la Costa de Plata&nbsp;<\/a><\/p>\n\n\n\n<figure class=\"wp-block-image size-full is-resized\"><img loading=\"lazy\" decoding=\"async\" width=\"960\" height=\"720\" src=\"https:\/\/bassin-arcachon.com\/wp-content\/uploads\/2017\/12\/Dunes-blanches.jpg\" alt=\"- - Bassin d&#039;Arcachon\" class=\"wp-image-11697\" style=\"aspect-ratio:16\/9;object-fit:cover;width:1200px\" title=\"dunas blancas\" srcset=\"https:\/\/bassin-arcachon.com\/wp-content\/uploads\/2017\/12\/Dunes-blanches.jpg 960w, https:\/\/bassin-arcachon.com\/wp-content\/uploads\/2017\/12\/Dunes-blanches-600x450.jpg 600w, https:\/\/bassin-arcachon.com\/wp-content\/uploads\/2017\/12\/Dunes-blanches-768x576.jpg 768w, https:\/\/bassin-arcachon.com\/wp-content\/uploads\/2017\/12\/Dunes-blanches-16x12.jpg 16w\" sizes=\"auto, (max-width: 960px) 100vw, 960px\" \/><\/figure>\n\n\n\n<p><a href=\"https:\/\/www.marque-bassin-arcachon.fr\/devenir-partenaire-de-la-marque\/ils-sont-partenaires\/dunes-blanches\/\" target=\"_blank\" rel=\"noopener\">las dunas blancas<\/a><\/p>\n\n\n\n<h3 class=\"wp-block-heading\">16 de diciembre<\/h3>\n\n\n\n<h4 class=\"wp-block-heading\">#16: Las pinas del Bassin..<\/h4>\n\n\n\n<figure class=\"wp-block-image is-resized\"><img decoding=\"async\" src=\"https:\/\/www.bassin-arcachon.com\/wp-content\/uploads\/2017\/12\/Pinasse-N3292-1024x683.jpg\" alt=\"- - Bassin d&#039;Arcachon\" style=\"aspect-ratio:16\/9;object-fit:cover;width:1200px\" title=\"- - Bassin d&#039;Arcachon\"><\/figure>\n\n\n\n<p>La Pinasse, barco hist\u00f3rico del Bassin, herramienta de trabajo para la pesca tradicional y la ostricultura, a vela oa motor: se pueden admirar durante todo el a\u00f1o en el Bassin en Arcachon.<\/p>\n\n\n\n<h3 class=\"wp-block-heading\">17 de diciembre<\/h3>\n\n\n\n<h4 class=\"wp-block-heading\">#17: Primavera, verano, oto\u00f1o e invierno, el Bassin de Arcachon no ha dejado de sorprendernos.<\/h4>\n\n\n\n<div class=\"wp-block-uagb-image uagb-block-871d4c8c wp-block-uagb-image--layout-default wp-block-uagb-image--effect-static wp-block-uagb-image--align-none\"><figure class=\"wp-block-uagb-image__figure\"><img decoding=\"async\" srcset=\"https:\/\/bassin-arcachon.com\/wp-content\/uploads\/2017\/12\/IMG_2985-06-1024x683.jpg ,https:\/\/bassin-arcachon.com\/wp-content\/uploads\/2017\/12\/IMG_2985-06.jpg 780w, https:\/\/bassin-arcachon.com\/wp-content\/uploads\/2017\/12\/IMG_2985-06.jpg 360w\" sizes=\"auto, (max-width: 480px) 150px\" src=\"https:\/\/bassin-arcachon.com\/wp-content\/uploads\/2017\/12\/IMG_2985-06-1024x683.jpg\" alt=\"- - Bassin d&#039;Arcachon\" class=\"uag-image-11761\" width=\"1024\" height=\"683\" title=\"- - Bassin d&#039;Arcachon\" loading=\"lazy\" role=\"img\"><\/figure><\/div>\n\n\n\n<h3 class=\"wp-block-heading\">18 de diciembre<\/h3>\n\n\n\n<h4 class=\"wp-block-heading\">#18: Pesca costera de ocio: \u00a1buenas pr\u00e1cticas!<\/h4>\n\n\n\n<figure class=\"wp-block-image is-resized\"><img decoding=\"async\" src=\"https:\/\/www.bassin-arcachon.com\/wp-content\/uploads\/2017\/12\/peche-a-pieds-SIBA-agence-les-conteurs-22-1024x683.jpg\" alt=\"- - Bassin d&#039;Arcachon\" style=\"aspect-ratio:16\/9;object-fit:cover;width:1200px\" title=\"- - Bassin d&#039;Arcachon\"><\/figure>\n\n\n\n<p>La pesca a pie de recreo est\u00e1 autorizada en la Bassin de Arcachon, excepto en los criaderos de ostras y esto dentro de un per\u00edmetro de 15 metros a la redonda.<\/p>\n\n\n\n<blockquote class=\"wp-block-quote is-layout-flow wp-block-quote-is-layout-flow\">\n<p>Disfrute del placer de un viaje de pesca en tierra, s\u00ed, \u00a1pero no de todos modos!<\/p>\n<\/blockquote>\n\n\n\n<p>Los imprescindibles de la pesca a pie, para el ocio:<\/p>\n\n\n\n<ul class=\"wp-block-list\">\n<li>Conoce y respeta la <a href=\"http:\/\/www.pecheapied-loisir.fr\/je-suis-pecheur\/reglementation\/bassin-darcachon\/reglementation-detaillee-de-la-peche-a-pied-pour-le-bassin-darcachon\/\" target=\"_blank\" rel=\"noopener\">tallas m\u00ednimas de pesca, o &quot;mallas&quot;.<\/a><\/li>\n\n\n\n<li>Recuerde clasificar sus capturas a medida que vaya a pescar: vuelva a enterrar las conchas que son demasiado peque\u00f1as.<\/li>\n\n\n\n<li>Solo pesca lo que planeas comer en el entorno familiar.<\/li>\n\n\n\n<li><a href=\"https:\/\/www.naviguerenaquitaine.com\/administrations-services?pid=82&amp;sid=175:Service-Des-Affaires-Maritimes-De-Arcachon\" target=\"_blank\" rel=\"noopener\">Informarse<\/a> peri\u00f3dicamente sobre las normas, tama\u00f1os y cantidades permitidas.<\/li>\n<\/ul>\n\n\n\n<p><a href=\"https:\/\/bassin-arcachon.com\/es\/descubre-lestran-betey\/\">Descubre la Playa de Betey<\/a><\/p>\n\n\n\n<figure class=\"wp-block-image size-large\"><img loading=\"lazy\" decoding=\"async\" width=\"1024\" height=\"683\" src=\"https:\/\/bassin-arcachon.com\/wp-content\/uploads\/2017\/12\/peche-a-pieds-SIBA-agence-les-conteurs-30-1024x683.jpg\" alt=\"- - Bassin d&#039;Arcachon\" class=\"wp-image-11784\" style=\"aspect-ratio:16\/9;object-fit:cover\" title=\"- - Bassin d&#039;Arcachon\" srcset=\"https:\/\/bassin-arcachon.com\/wp-content\/uploads\/2017\/12\/peche-a-pieds-SIBA-agence-les-conteurs-30-1024x683.jpg 1024w, https:\/\/bassin-arcachon.com\/wp-content\/uploads\/2017\/12\/peche-a-pieds-SIBA-agence-les-conteurs-30-600x400.jpg 600w, https:\/\/bassin-arcachon.com\/wp-content\/uploads\/2017\/12\/peche-a-pieds-SIBA-agence-les-conteurs-30-768x512.jpg 768w, https:\/\/bassin-arcachon.com\/wp-content\/uploads\/2017\/12\/peche-a-pieds-SIBA-agence-les-conteurs-30-18x12.jpg 18w, https:\/\/bassin-arcachon.com\/wp-content\/uploads\/2017\/12\/peche-a-pieds-SIBA-agence-les-conteurs-30.jpg 1200w\" sizes=\"auto, (max-width: 1024px) 100vw, 1024px\" \/><\/figure>\n\n\n\n<h3 class=\"wp-block-heading\">19 de diciembre<\/h3>\n\n\n\n<h4 class=\"wp-block-heading\">#19: El siglo XIX, nacimiento de <a href=\"http:\/\/huitres-arcachon-capferret.fr\/lhuitre-dans-lhistoire-apparition-et-renaissances\/le-19ieme-siecle-et-la-naissance-de-lostreiculture-dans-le-bassin-darcachon\/\" target=\"_blank\" rel=\"noopener\">cultivo de ostras<\/a> en el Bassin de Arcachon.<\/h4>\n\n\n\n<figure class=\"wp-block-image\"><img decoding=\"async\" src=\"https:\/\/www.bassin-arcachon.com\/wp-content\/uploads\/2017\/12\/Ostr\u00e9iculture-N0476-1024x683.jpg\" alt=\"- - Bassin d&#039;Arcachon\" style=\"aspect-ratio:16\/9;object-fit:cover\" title=\"- - Bassin d&#039;Arcachon\"><\/figure>\n\n\n\n<h3 class=\"wp-block-heading\">20 de diciembre<\/h3>\n\n\n\n<h4 class=\"wp-block-heading\">#20: Escapada de Burdeos a medida que se acercan las vacaciones.<\/h4>\n\n\n\n<figure class=\"wp-block-image size-large\"><img loading=\"lazy\" decoding=\"async\" width=\"1024\" height=\"418\" src=\"https:\/\/bassin-arcachon.com\/wp-content\/uploads\/2017\/12\/Capture-4-1024x418.png\" alt=\"- - Bassin d&#039;Arcachon\" class=\"wp-image-11819\" style=\"object-fit:cover\" title=\"- - Bassin d&#039;Arcachon\" srcset=\"https:\/\/bassin-arcachon.com\/wp-content\/uploads\/2017\/12\/Capture-4-1024x418.png 1024w, https:\/\/bassin-arcachon.com\/wp-content\/uploads\/2017\/12\/Capture-4-600x245.png 600w, https:\/\/bassin-arcachon.com\/wp-content\/uploads\/2017\/12\/Capture-4-768x314.png 768w, https:\/\/bassin-arcachon.com\/wp-content\/uploads\/2017\/12\/Capture-4-18x7.png 18w, https:\/\/bassin-arcachon.com\/wp-content\/uploads\/2017\/12\/Capture-4.png 1200w\" sizes=\"auto, (max-width: 1024px) 100vw, 1024px\" \/><\/figure>\n\n\n\n<p>A medida que se acercan las celebraciones de fin de a\u00f1o, aproveche una <a href=\"https:\/\/www.bordeaux-tourisme.com\/\" target=\"_blank\" rel=\"noopener\">Escapada a Burdeos<\/a> !<\/p>\n\n\n\n<p>Pasea por las peque\u00f1as calles empedradas del viejo Burdeos, admira las luces navide\u00f1as, pasea por los pasillos del mercado navide\u00f1o, haz tus \u00faltimas compras navide\u00f1as: \u00a1sigue tus deseos!<\/p>\n\n\n\n<h3 class=\"wp-block-heading\">21 de diciembre<\/h3>\n\n\n\n<h4 class=\"wp-block-heading\">\u00a1Puertos #21, solo 1 Bassin!<\/h4>\n\n\n\n<figure class=\"wp-block-image size-large is-resized\"><img loading=\"lazy\" decoding=\"async\" width=\"1024\" height=\"683\" src=\"https:\/\/bassin-arcachon.com\/wp-content\/uploads\/2017\/12\/2016-10-17-08.18.24-1024x683.jpg\" alt=\"- - Bassin d&#039;Arcachon\" class=\"wp-image-11835\" style=\"aspect-ratio:16\/9;object-fit:cover;width:1200px\" title=\"2016-10-17 08.18.24\" srcset=\"https:\/\/bassin-arcachon.com\/wp-content\/uploads\/2017\/12\/2016-10-17-08.18.24-1024x683.jpg 1024w, https:\/\/bassin-arcachon.com\/wp-content\/uploads\/2017\/12\/2016-10-17-08.18.24-600x400.jpg 600w, https:\/\/bassin-arcachon.com\/wp-content\/uploads\/2017\/12\/2016-10-17-08.18.24-768x512.jpg 768w, https:\/\/bassin-arcachon.com\/wp-content\/uploads\/2017\/12\/2016-10-17-08.18.24-1536x1024.jpg 1536w, https:\/\/bassin-arcachon.com\/wp-content\/uploads\/2017\/12\/2016-10-17-08.18.24-18x12.jpg 18w, https:\/\/bassin-arcachon.com\/wp-content\/uploads\/2017\/12\/2016-10-17-08.18.24.jpg 2048w\" sizes=\"auto, (max-width: 1024px) 100vw, 1024px\" \/><\/figure>\n\n\n\n<h3 class=\"wp-block-heading\">22 de diciembre<\/h3>\n\n\n\n<figure class=\"wp-block-image size-large is-resized\"><img loading=\"lazy\" decoding=\"async\" width=\"1024\" height=\"683\" src=\"https:\/\/bassin-arcachon.com\/wp-content\/uploads\/2017\/12\/IMG_5590-1024x683.jpg\" alt=\"- - Bassin d&#039;Arcachon\" class=\"wp-image-11852\" style=\"aspect-ratio:16\/9;object-fit:cover;width:1200px\" title=\"- - Bassin d&#039;Arcachon\" srcset=\"https:\/\/bassin-arcachon.com\/wp-content\/uploads\/2017\/12\/IMG_5590-1024x683.jpg 1024w, https:\/\/bassin-arcachon.com\/wp-content\/uploads\/2017\/12\/IMG_5590-600x400.jpg 600w, https:\/\/bassin-arcachon.com\/wp-content\/uploads\/2017\/12\/IMG_5590-768x512.jpg 768w, https:\/\/bassin-arcachon.com\/wp-content\/uploads\/2017\/12\/IMG_5590-1536x1024.jpg 1536w, https:\/\/bassin-arcachon.com\/wp-content\/uploads\/2017\/12\/IMG_5590-18x12.jpg 18w, https:\/\/bassin-arcachon.com\/wp-content\/uploads\/2017\/12\/IMG_5590.jpg 2048w\" sizes=\"auto, (max-width: 1024px) 100vw, 1024px\" \/><\/figure>\n\n\n\n<h4 class=\"wp-block-heading\">#22 : \u00a1La Aldea Navide\u00f1a del Hur\u00f3n de L\u00e8ge-Cap le abre sus puertas!<\/h4>\n\n\n\n<h3 class=\"wp-block-heading\">23 de diciembre<\/h3>\n\n\n\n<h4 class=\"wp-block-heading\">#23: \u00a1Son las vacaciones! encontrar <a href=\"https:\/\/bassin-arcachon.com\/es\/que-hacer\/\">todas las actividades<\/a> \u00a1te espero en el Bassin de Arcachon!<\/h4>\n\n\n\n<figure class=\"wp-block-image is-resized\"><img decoding=\"async\" src=\"https:\/\/www.bassin-arcachon.com\/wp-content\/uploads\/2017\/12\/balade-bassin-noel-22-1024x683.jpg\" alt=\"- - Bassin d&#039;Arcachon\" style=\"aspect-ratio:16\/9;object-fit:cover;width:1200px\" title=\"- - Bassin d&#039;Arcachon\"><\/figure>\n\n\n\n<h3 class=\"wp-block-heading\">24 de diciembre<\/h3>\n\n\n\n<h4 class=\"wp-block-heading\">#24: \u00a1Feliz Nochebuena!<\/h4>\n\n\n\n<figure class=\"wp-block-image is-resized\"><img decoding=\"async\" src=\"https:\/\/www.bassin-arcachon.com\/wp-content\/uploads\/2017\/12\/24-1024x566.png\" alt=\"- - Bassin d&#039;Arcachon\" style=\"aspect-ratio:16\/9;object-fit:cover;width:1200px\" title=\"- - Bassin d&#039;Arcachon\"><\/figure>\n\n\n\n<h3 class=\"wp-block-heading\">25 de Diciembre<\/h3>\n\n\n\n<h4 class=\"wp-block-heading\">#25: Todos los colores del invierno, solo 1 Bassin: \u00a1Feliz Navidad!<\/h4>\n\n\n\n<p><iframe loading=\"lazy\" src=\"https:\/\/player.vimeo.com\/video\/248948078?title=0&amp;byline=0&amp;portrait=0\" width=\"640\" height=\"360\" frameborder=\"0\" allowfullscreen=\"allowfullscreen\"><\/iframe><\/p>","protected":false},"excerpt":{"rendered":"<p>1 jour 1 actu sur le blog du Bassin ! Jour apr\u00e8s jour, d\u00e9couvrez et red\u00e9couvrez une photo, une actu ou un bon plan sur le Bassin d&rsquo;Arcachon&#8230; 1er d\u00e9cembre [&hellip;]<\/p>\n","protected":false},"author":12,"featured_media":11234,"comment_status":"open","ping_status":"closed","sticky":false,"template":"","format":"standard","meta":{"_acf_changed":false,"_uag_custom_page_level_css":"","footnotes":""},"categories":[2130,2133],"tags":[],"class_list":["post-11470","post","type-post","status-publish","format-standard","has-post-thumbnail","hentry","category-bien-etre","category-culture"],"acf":[],"uagb_featured_image_src":{"full":["https:\/\/bassin-arcachon.com\/wp-content\/uploads\/2017\/11\/premiere-ligne-6-1.jpg",1200,800,false],"thumbnail":["https:\/\/bassin-arcachon.com\/wp-content\/uploads\/2017\/11\/premiere-ligne-6-1-150x150.jpg",150,150,true],"medium":["https:\/\/bassin-arcachon.com\/wp-content\/uploads\/2017\/11\/premiere-ligne-6-1-600x400.jpg",600,400,true],"medium_large":["https:\/\/bassin-arcachon.com\/wp-content\/uploads\/2017\/11\/premiere-ligne-6-1-768x512.jpg",768,512,true],"large":["https:\/\/bassin-arcachon.com\/wp-content\/uploads\/2017\/11\/premiere-ligne-6-1-1024x683.jpg",1024,683,true],"1536x1536":["https:\/\/bassin-arcachon.com\/wp-content\/uploads\/2017\/11\/premiere-ligne-6-1.jpg",1200,800,false],"2048x2048":["https:\/\/bassin-arcachon.com\/wp-content\/uploads\/2017\/11\/premiere-ligne-6-1.jpg",1200,800,false],"trp-custom-language-flag":["https:\/\/bassin-arcachon.com\/wp-content\/uploads\/2017\/11\/premiere-ligne-6-1-18x12.jpg",18,12,true]},"uagb_author_info":{"display_name":"Marine, habitante du Bassin d'Arcachon","author_link":"https:\/\/bassin-arcachon.com\/es\/author\/marinesiba\/"},"uagb_comment_info":0,"uagb_excerpt":"1 jour 1 actu sur le blog du Bassin ! Jour apr\u00e8s jour, d\u00e9couvrez et red\u00e9couvrez une photo, une actu ou un bon plan sur le Bassin d&rsquo;Arcachon&#8230; 1er d\u00e9cembre [&hellip;]","_links":{"self":[{"href":"https:\/\/bassin-arcachon.com\/es\/wp-json\/wp\/v2\/posts\/11470","targetHints":{"allow":["GET"]}}],"collection":[{"href":"https:\/\/bassin-arcachon.com\/es\/wp-json\/wp\/v2\/posts"}],"about":[{"href":"https:\/\/bassin-arcachon.com\/es\/wp-json\/wp\/v2\/types\/post"}],"author":[{"embeddable":true,"href":"https:\/\/bassin-arcachon.com\/es\/wp-json\/wp\/v2\/users\/12"}],"replies":[{"embeddable":true,"href":"https:\/\/bassin-arcachon.com\/es\/wp-json\/wp\/v2\/comments?post=11470"}],"version-history":[{"count":1,"href":"https:\/\/bassin-arcachon.com\/es\/wp-json\/wp\/v2\/posts\/11470\/revisions"}],"predecessor-version":[{"id":217796,"href":"https:\/\/bassin-arcachon.com\/es\/wp-json\/wp\/v2\/posts\/11470\/revisions\/217796"}],"wp:featuredmedia":[{"embeddable":true,"href":"https:\/\/bassin-arcachon.com\/es\/wp-json\/wp\/v2\/media\/11234"}],"wp:attachment":[{"href":"https:\/\/bassin-arcachon.com\/es\/wp-json\/wp\/v2\/media?parent=11470"}],"wp:term":[{"taxonomy":"category","embeddable":true,"href":"https:\/\/bassin-arcachon.com\/es\/wp-json\/wp\/v2\/categories?post=11470"},{"taxonomy":"post_tag","embeddable":true,"href":"https:\/\/bassin-arcachon.com\/es\/wp-json\/wp\/v2\/tags?post=11470"}],"curies":[{"name":"wp","href":"https:\/\/api.w.org\/{rel}","templated":true}]}}