{"id":122010,"date":"2025-02-17T11:08:06","date_gmt":"2025-02-17T10:08:06","guid":{"rendered":"https:\/\/bassin-arcachon.com\/?p=122010"},"modified":"2026-03-02T13:56:28","modified_gmt":"2026-03-02T12:56:28","slug":"la-cuenca-de-arcachon-se-compromete","status":"publish","type":"post","link":"https:\/\/bassin-arcachon.com\/es\/bassin-arcachon-engage\/","title":{"rendered":"Mis vacaciones en el Bassin de Arcachon"},"content":{"rendered":"<p><\/p>\n\n\n\n<div class=\"wp-block-uagb-container uagb-block-0385d45b alignfull uagb-is-root-container\"><div class=\"uagb-container-inner-blocks-wrap\">\n<p><strong>Viajar es estupendo, pero viajar con el compromiso de preservar el destino es a\u00fan mejor.<\/strong><\/p>\n\n\n\n<p>\u00bfQuieres hacer tu estancia en la Bassin de Arcachon? <strong>\u00fatil y enriquecedor<\/strong> ? participar en yo<strong>Iniciativas locales que contribuyen a la preservaci\u00f3n de este territorio \u00fanico.<\/strong> Limpieza de playas, acciones participativas por el medio ambiente, visitas inspiradoras... Invol\u00facrate junto a los profesionales locales, <strong>Por un turismo m\u00e1s comprometido<\/strong> !<\/p>\n<\/div><\/div>\n\n\n\n<div class=\"wp-block-uagb-container uagb-block-d2d9a113 alignfull uagb-is-root-container\"><div class=\"uagb-container-inner-blocks-wrap\">\n<figure class=\"wp-block-image size-full\"><img loading=\"lazy\" decoding=\"async\" width=\"800\" height=\"400\" src=\"https:\/\/bassin-arcachon.com\/wp-content\/uploads\/2025\/01\/Image-collecte-graine-zosteres-1.png\" alt=\"- - Bassin d&#039;Arcachon\" class=\"wp-image-138740\" title=\"- - Bassin d&#039;Arcachon\" srcset=\"https:\/\/bassin-arcachon.com\/wp-content\/uploads\/2025\/01\/Image-collecte-graine-zosteres-1.png 800w, https:\/\/bassin-arcachon.com\/wp-content\/uploads\/2025\/01\/Image-collecte-graine-zosteres-1-600x300.png 600w, https:\/\/bassin-arcachon.com\/wp-content\/uploads\/2025\/01\/Image-collecte-graine-zosteres-1-768x384.png 768w, https:\/\/bassin-arcachon.com\/wp-content\/uploads\/2025\/01\/Image-collecte-graine-zosteres-1-18x9.png 18w\" sizes=\"auto, (max-width: 800px) 100vw, 800px\" \/><figcaption class=\"wp-element-caption\">\u00a9 Arcachon Bassin Parque Natural Marino<\/figcaption><\/figure>\n<\/div><\/div>\n\n\n\n<div class=\"wp-block-uagb-container uagb-block-2cc4b418 alignfull uagb-is-root-container\"><div class=\"uagb-container-inner-blocks-wrap\"><\/div><\/div>\n\n\n\n<hr class=\"wp-block-separator has-alpha-channel-opacity\"\/>\n\n\n\n<div class=\"wp-block-uagb-container uagb-block-70227672 alignfull uagb-is-root-container\"><div class=\"uagb-container-inner-blocks-wrap\"><\/div><\/div>\n\n\n\n<h2 class=\"wp-block-heading\">Acciones concretas por la naturaleza<\/h2>\n\n\n\n<div class=\"wp-block-uagb-container uagb-block-2921b8b7 alignfull uagb-is-root-container\"><div class=\"uagb-container-inner-blocks-wrap\"><\/div><\/div>\n\n\n\n<div class=\"wp-block-uagb-container uagb-block-f72795d5 alignfull uagb-is-root-container\"><div class=\"uagb-container-inner-blocks-wrap\">\n<p>La Bassin de Arcachon es, ante todo, un mundo aparte: <strong>por la belleza de sus paisajes \u00fanicos y sus ecosistemas que hay que cuidar<\/strong>. Varias organizaciones, p\u00fablicas y privadas, trabajan por el bienestar de la naturaleza del Bassin de Arcachon, y <strong>abrir sus operaciones al p\u00fablico en general<\/strong> !<\/p>\n\n\n\n<p><strong>Y para ello, \u00a1puede contar con nuestra plataforma bassinbenevolat.tvba.fr! <\/strong><\/p>\n<\/div><\/div>\n\n\n\n<div class=\"wp-block-uagb-container uagb-block-e136dbc3 alignfull uagb-is-root-container\"><div class=\"uagb-container-inner-blocks-wrap\"><\/div><\/div>\n\n\n\n<div class=\"wp-block-uagb-container uagb-block-951a0f21 alignfull uagb-is-root-container\"><div class=\"uagb-container-inner-blocks-wrap\">\n<h2 class=\"wp-block-heading\"><a href=\"https:\/\/bassinbenevolat.tvba.fr\/\" target=\"_blank\" rel=\"noopener\">Voluntariado Bassin<\/a> \u00bfDe qu\u00e9 se trata? <\/h2>\n<\/div><\/div>\n\n\n\n<div class=\"wp-block-uagb-container uagb-block-2690512b alignfull uagb-is-root-container\"><div class=\"uagb-container-inner-blocks-wrap\">\n<p>Es LA plataforma que le permite implicarse a nivel pr\u00e1ctico en la<strong> \u00a1Bassin en Arcachon! <\/strong><\/p>\n\n\n\n<p><strong>Para visitantes y residentes<\/strong>, Enumera las iniciativas medioambientales actuales y futuras que requieren voluntarios. <\/p>\n\n\n\n<p>Visite <strong>algunos ejemplos de misiones <\/strong>que se encuentra en el : <\/p>\n<\/div><\/div>\n\n\n\n<h3 class=\"wp-block-heading\"><strong>1. Playas limpias<\/strong> <\/h3>\n\n\n\n<div class=\"wp-block-uagb-container uagb-block-fb742fa5 alignfull uagb-is-root-container\"><div class=\"uagb-container-inner-blocks-wrap\">\n<p>Despu\u00e9s de las tormentas de las \u00faltimas semanas, <strong>se organizan limpiezas de playas <\/strong>a principios de a\u00f1o (<em>pero tambi\u00e9n, por supuesto, durante todo el a\u00f1o<\/em>) !<\/p>\n\n\n\n<p>Muchos <a href=\"https:\/\/tvba.fr\/?s=nettoyage+des+plages&amp;id=155144\" target=\"_blank\" rel=\"noopener\"><strong><mark style=\"background-color:rgba(0, 0, 0, 0)\" class=\"has-inline-color has-light-green-cyan-color\">Se organizan operativos de limpieza en las playas de Bassin<\/mark><\/strong><\/a>. Estos momentos amistosos son tambi\u00e9n una oportunidad para concienciar a j\u00f3venes y mayores sobre el impacto de los residuos en las masas de agua. <strong>Y como beneficio adicional, \u00a1tienes una vista!<\/strong> <\/p>\n<\/div><\/div>\n\n\n\n<div class=\"wp-block-uagb-container uagb-block-40b08157 alignfull uagb-is-root-container\"><div class=\"uagb-container-inner-blocks-wrap\">\n<figure class=\"wp-block-image size-full\"><img loading=\"lazy\" decoding=\"async\" width=\"800\" height=\"400\" src=\"https:\/\/bassin-arcachon.com\/wp-content\/uploads\/2025\/01\/Design-sans-titre-2025-01-17T085221.987.png\" alt=\"- - Bassin d&#039;Arcachon\" class=\"wp-image-138741\" title=\"- - Bassin d&#039;Arcachon\" srcset=\"https:\/\/bassin-arcachon.com\/wp-content\/uploads\/2025\/01\/Design-sans-titre-2025-01-17T085221.987.png 800w, https:\/\/bassin-arcachon.com\/wp-content\/uploads\/2025\/01\/Design-sans-titre-2025-01-17T085221.987-600x300.png 600w, https:\/\/bassin-arcachon.com\/wp-content\/uploads\/2025\/01\/Design-sans-titre-2025-01-17T085221.987-768x384.png 768w, https:\/\/bassin-arcachon.com\/wp-content\/uploads\/2025\/01\/Design-sans-titre-2025-01-17T085221.987-18x9.png 18w\" sizes=\"auto, (max-width: 800px) 100vw, 800px\" \/><figcaption class=\"wp-element-caption\">\u00a9 Pyla Parapente &amp; Agence Mar\u00e9e Montante, con motivo de la operaci\u00f3n Mon Bassin, Mon Action<\/figcaption><\/figure>\n<\/div><\/div>\n\n\n\n<p><\/p>\n\n\n\n<h3 class=\"wp-block-heading\"><strong>2. Recoge semillas de pasto marino en Bird Island<\/strong><\/h3>\n\n\n\n<div class=\"wp-block-uagb-container uagb-block-f6c7a865 alignfull uagb-is-root-container\"><div class=\"uagb-container-inner-blocks-wrap\">\n<p><strong>\u00bfQu\u00e9 son los pastos marinos? <\/strong><br>Estas son plantas submarinas que juegan&nbsp;<strong>un papel esencial para el ecosistema Bassin<\/strong>&nbsp;: aumentan <strong>biodiversidad<\/strong>, <strong>hacer las aguas m\u00e1s claras<\/strong>, <strong>estabilizar el fondo marino<\/strong>, <strong>mitigar la erosi\u00f3n costera, almacenar grandes cantidades de carbono<\/strong>. Adem\u00e1s, el Bassin de Arcachon alberga <strong>El herbario de pasto marino enano m\u00e1s grande de Europa.<\/strong> ! <\/p>\n\n\n\n<p>Cada a\u00f1o, durante el verano, el <strong><a href=\"https:\/\/parc-marin-bassin-arcachon.fr\/editorial\/collecte-de-graines-de-zostere-naine\" target=\"_blank\" rel=\"noopener\"><mark style=\"background-color:rgba(0, 0, 0, 0)\" class=\"has-inline-color has-light-green-cyan-color\">Parque natural marino de Arcachon Bassin<\/mark><\/a><\/strong> pide voluntarios para <strong>recolecte semillas de Dwarf Eelgrass de un herbario saludable<\/strong>. Estas semillas ser\u00e1n <strong>reintroducido en el sedimento en primavera<\/strong>, en <strong>zonas favorables al retorno del herbario.<\/strong> El objetivo es <strong>reiniciar su colonizaci\u00f3n en \u00e1reas que ya no cuentan con suministro natural de semillas.<\/strong><\/p>\n<\/div><\/div>\n\n\n\n<div class=\"wp-block-uagb-container uagb-block-b5f71515 alignfull uagb-is-root-container\"><div class=\"uagb-container-inner-blocks-wrap\">\n<figure class=\"wp-block-image size-large\"><img loading=\"lazy\" decoding=\"async\" width=\"1024\" height=\"575\" src=\"https:\/\/bassin-arcachon.com\/wp-content\/uploads\/2025\/01\/zosteres-1024x575.png\" alt=\"- - Bassin d&#039;Arcachon\" class=\"wp-image-137969\" title=\"- - Bassin d&#039;Arcachon\" srcset=\"https:\/\/bassin-arcachon.com\/wp-content\/uploads\/2025\/01\/zosteres-1024x575.png 1024w, https:\/\/bassin-arcachon.com\/wp-content\/uploads\/2025\/01\/zosteres-600x337.png 600w, https:\/\/bassin-arcachon.com\/wp-content\/uploads\/2025\/01\/zosteres-768x431.png 768w, https:\/\/bassin-arcachon.com\/wp-content\/uploads\/2025\/01\/zosteres-1536x863.png 1536w, https:\/\/bassin-arcachon.com\/wp-content\/uploads\/2025\/01\/zosteres-18x10.png 18w, https:\/\/bassin-arcachon.com\/wp-content\/uploads\/2025\/01\/zosteres.png 1901w\" sizes=\"auto, (max-width: 1024px) 100vw, 1024px\" \/><figcaption class=\"wp-element-caption\">\u00a9 Arcachon Bassin Parque Natural Marino<\/figcaption><\/figure>\n<\/div><\/div>\n\n\n\n<p><\/p>\n\n\n\n<h3 class=\"wp-block-heading\"><strong>3. Observar y proteger a los caballitos de mar<\/strong>...<strong>y biodiversidad en sentido amplio<\/strong><\/h3>\n\n\n\n<div class=\"wp-block-uagb-container uagb-block-09aceaab alignfull uagb-is-root-container\"><div class=\"uagb-container-inner-blocks-wrap\">\n<p>El Bassin de Arcachon tiene un <strong>gran diversidad de Syngnathidae<\/strong>&nbsp;: all\u00ed se observan nueve especies, entre ellas la <strong>caballitos de mar de hocico largo (<em>hipocampo guttulatus<\/em>), caballitos de mar de hocico corto (<em>hipocampo hipocampo<\/em>) y pez aguja (<em>Aguja<\/em>)<\/strong>. Estas especies pasan all\u00ed toda su vida y por tanto son consideradas patrimonio del territorio.<\/p>\n\n\n\n<p>Son especies fr\u00e1giles debido a su <strong>baja reproducci\u00f3n, su movilidad limitada y su especificidad de h\u00e1bitat.<\/strong><\/p>\n\n\n\n<p>la <a href=\"https:\/\/parc-marin-bassin-arcachon.fr\/actualites\/observation-participative-des-hippocampes-dans-le-bassin-darcachon\" target=\"_blank\" rel=\"noopener\"><strong><mark style=\"background-color:rgba(0, 0, 0, 0)\" class=\"has-inline-color has-light-green-cyan-color\">Parque natural marino de Arcachon Bassin<\/mark><\/strong><\/a>, en asociaci\u00f3n con el<strong>&#039;Observatorio participativo de la biodiversidad<\/strong>, coorganizar sesiones de buceo para comprender mejor el estilo de vida de estas especies y luego implementar acciones de conservaci\u00f3n adecuadas. \u00a1Entre 2019 y 2021, participaron en la operaci\u00f3n 81 buceadores y 21 estructuras asociadas!<\/p>\n\n\n\n<p>Tambi\u00e9n se organizan otras operaciones relacionadas con la vida salvaje. <a href=\"https:\/\/www.lpo.fr\/\" target=\"_blank\" rel=\"noopener\">Liga para la Protecci\u00f3n de las Aves<\/a>, como <strong>rescate de animales salvajes, recuento de aves y voluntariado ecol\u00f3gico. <\/strong>en el Centro de Asistencia durante todo el a\u00f1o. <\/p>\n<\/div><\/div>\n\n\n\n<div class=\"wp-block-uagb-container uagb-block-91ebbc2e alignfull uagb-is-root-container\"><div class=\"uagb-container-inner-blocks-wrap\"><\/div><\/div>\n\n\n\n<h3 class=\"wp-block-heading\"><strong>4. Lucha contra las plantas invasoras<\/strong><\/h3>\n\n\n\n<div class=\"wp-block-uagb-container uagb-block-e98d17e4 alignfull uagb-is-root-container\"><div class=\"uagb-container-inner-blocks-wrap\">\n<p>Un ejemplo perfecto <strong>Que bello no siempre significa bueno: \u00a1plantas ex\u00f3ticas invasoras! <\/strong><\/p>\n\n\n\n<p>En la Bassin de Arcachon<strong>, varias plantas ex\u00f3ticas est\u00e1n sujetas a un tratamiento especial por parte de la <a href=\"https:\/\/www.siba-bassin-arcachon.fr\/plantes-exotiques-envahissantes#:~:text=Fort%20de%20son%20exp%C3%A9rience%20sur,cours%20d&#039;eau%20et%20foss%C3%A9s.\" target=\"_blank\" rel=\"noopener\"><mark style=\"background-color:rgba(0, 0, 0, 0)\" class=\"has-inline-color has-light-green-cyan-color\">SIBA<\/mark><\/a> <\/strong>por su car\u00e1cter invasivo:<strong> all\u00e1&nbsp;<em>Espartina inglesa<\/em>&nbsp;<\/strong>que tiende a colonizar masivamente la parte superior de las marismas, y determinadas especies acu\u00e1ticas que invaden especialmente los cursos de agua<strong>&nbsp;<em>Jussies, milenrama brasile\u00f1a y hidrocotilo de ran\u00fanculo\u2026<\/em><\/strong><\/p>\n\n\n\n<p>SIBA organiza sesiones de arranque en zonas bien delimitadas, <strong>permiti\u00e9ndole descubrir entornos naturales mientras act\u00faa por la preservaci\u00f3n de Bassin.<\/strong><\/p>\n<\/div><\/div>\n\n\n\n<div class=\"wp-block-uagb-container uagb-block-c8e59089 alignfull uagb-is-root-container\"><div class=\"uagb-container-inner-blocks-wrap\">\n<figure class=\"wp-block-image size-full\"><img loading=\"lazy\" decoding=\"async\" width=\"800\" height=\"400\" src=\"https:\/\/bassin-arcachon.com\/wp-content\/uploads\/2025\/01\/Design-sans-titre-2025-01-17T091123.290.png\" alt=\"- - Bassin d&#039;Arcachon\" class=\"wp-image-138746\" title=\"- - Bassin d&#039;Arcachon\" srcset=\"https:\/\/bassin-arcachon.com\/wp-content\/uploads\/2025\/01\/Design-sans-titre-2025-01-17T091123.290.png 800w, https:\/\/bassin-arcachon.com\/wp-content\/uploads\/2025\/01\/Design-sans-titre-2025-01-17T091123.290-600x300.png 600w, https:\/\/bassin-arcachon.com\/wp-content\/uploads\/2025\/01\/Design-sans-titre-2025-01-17T091123.290-768x384.png 768w, https:\/\/bassin-arcachon.com\/wp-content\/uploads\/2025\/01\/Design-sans-titre-2025-01-17T091123.290-18x9.png 18w\" sizes=\"auto, (max-width: 800px) 100vw, 800px\" \/><\/figure>\n<\/div><\/div>\n\n\n\n<div class=\"wp-block-uagb-container uagb-block-49fa6fc2 alignfull uagb-is-root-container\"><div class=\"uagb-container-inner-blocks-wrap\"><\/div><\/div>\n\n\n\n<h3 class=\"wp-block-heading\"><strong>5. Recoger residuos junto al r\u00edo.<\/strong><\/h3>\n\n\n\n<div class=\"wp-block-uagb-container uagb-block-1cdcfad0 alignfull uagb-is-root-container\"><div class=\"uagb-container-inner-blocks-wrap\"><\/div><\/div>\n\n\n\n<div class=\"wp-block-uagb-container uagb-block-42656d29 alignfull uagb-is-root-container\"><div class=\"uagb-container-inner-blocks-wrap\">\n<p>la operacion<strong> <a href=\"https:\/\/parc-marin-bassin-arcachon.fr\/editorial\/expedition-terre-meyre\" target=\"_blank\" rel=\"noopener\"><mark style=\"background-color:rgba(0, 0, 0, 0)\" class=\"has-inline-color has-light-green-cyan-color\">Terre m&#039;Eyre<\/mark><\/a><\/strong> es un <strong>Expedici\u00f3n de limpieza del r\u00edo Eyre<\/strong>. A<strong> Veinte voluntarios agrupados en 2 equipos se dedicaron a recoger residuos.<\/strong> a lo largo del curso de agua y marcando la posici\u00f3n de objetos voluminosos demasiado voluminosos para ser repatriados en canoa. <strong>Pr\u00f3xima sesi\u00f3n: \u00a1septiembre de 2025! <\/strong><\/p>\n\n\n\n<p><strong>Una mirada retrospectiva a la operaci\u00f3n 2024<\/strong><\/p>\n<\/div><\/div>\n\n\n\n<div class=\"wp-block-uagb-container uagb-block-94c3c668 alignfull uagb-is-root-container\"><div class=\"uagb-container-inner-blocks-wrap\">\n<figure class=\"wp-block-embed is-type-video is-provider-youtube wp-block-embed-youtube wp-embed-aspect-16-9 wp-has-aspect-ratio\"><div class=\"wp-block-embed__wrapper\">\n<iframe loading=\"lazy\" title=\"\u00a1330 kg de residuos recogidos en Leyre!\" width=\"500\" height=\"281\" src=\"https:\/\/www.youtube.com\/embed\/Vs9h4g0QcfI?feature=oembed\" frameborder=\"0\" allow=\"accelerometer; autoplay; clipboard-write; encrypted-media; gyroscope; picture-in-picture; web-share\" referrerpolicy=\"strict-origin-when-cross-origin\" allowfullscreen><\/iframe>\n<\/div><\/figure>\n<\/div><\/div>\n\n\n\n<div class=\"wp-block-uagb-container uagb-block-a3635673 alignfull uagb-is-root-container\"><div class=\"uagb-container-inner-blocks-wrap\">\n<p>A lo largo del a\u00f1o se organizan otras operaciones, <strong>como las acciones del <a href=\"https:\/\/www.lpo.fr\/\" target=\"_blank\" rel=\"noopener\"><mark style=\"background-color:rgba(0, 0, 0, 0)\" class=\"has-inline-color has-light-green-cyan-color\">LPO<\/mark><\/a> \u00a1Por la preservaci\u00f3n de la biodiversidad local! <\/strong><\/p>\n<\/div><\/div>\n\n\n\n<hr class=\"wp-block-separator has-alpha-channel-opacity\"\/>\n\n\n\n<div class=\"wp-block-uagb-container uagb-block-704215f3 alignfull uagb-is-root-container\"><div class=\"uagb-container-inner-blocks-wrap\"><\/div><\/div>\n\n\n\n<h2 class=\"wp-block-heading\">Mi lista de tareas pendientes para unas vacaciones responsables<\/h2>\n\n\n\n<div class=\"wp-block-uagb-container uagb-block-dce27368 alignfull uagb-is-root-container\"><div class=\"uagb-container-inner-blocks-wrap\"><\/div><\/div>\n\n\n\n<ul class=\"wp-block-list\">\n<li><strong>yo uso <a href=\"https:\/\/parc-marin-bassin-arcachon.fr\/actualites\/des-bacs-maree-pour-les-dechets-echoues\" target=\"_blank\" rel=\"noopener\"><mark style=\"background-color:rgba(0, 0, 0, 0)\" class=\"has-inline-color has-light-green-cyan-color\">tanques de marea<\/mark><\/a><\/strong> : recoge los residuos arrastrados durante tus paseos por la playa.<\/li>\n\n\n\n<li><strong>Yo protejo la biodiversidad<\/strong> : si encuentra un animal salvaje en peligro, contacte <a href=\"https:\/\/www.lpo.fr\/lpo-locales\/la-lpo-en-nouvelle-aquitaine\/lpo-aquitaine\/pages-lpo-aquitaine\/secourir-un-animal-sauvage-en-detresse\" target=\"_blank\" rel=\"noopener\"><strong><mark style=\"background-color:rgba(0, 0, 0, 0)\" class=\"has-inline-color has-light-green-cyan-color\">el Centro de Atenci\u00f3n LPO Audenge.<\/mark><\/strong><\/a><\/li>\n\n\n\n<li><strong>Descubro espacios naturales con quienes velan por su conservaci\u00f3n: <\/strong>Ir a pie para descubrir el <strong><a href=\"https:\/\/leteich-ecotourisme.fr\/agenda\/visite-de-la-reserve-ornithologique-et-de-son-delta-a-pied-et-en-canoe\/\" target=\"_blank\" rel=\"noopener\"><mark style=\"background-color:rgba(0, 0, 0, 0)\" class=\"has-inline-color has-light-green-cyan-color\">h\u00e1bitat natural<\/mark><\/a><\/strong>\u00a1Y regresamos en una gran canoa colectiva! <\/li>\n\n\n\n<li><strong>yo consumo<\/strong> <strong>local<\/strong> : durante tus vacaciones, \u00a1e incluso despu\u00e9s! Traiga recuerdos hechos por nuestros artesanos locales o mejor a\u00fan: haga sus propios recuerdos en uno de <a href=\"https:\/\/bassin-arcachon.com\/es\/esta-lloviendo-crea-cocina-y-diviertete-en-la-calida-cuenca-del-darcachon\/\"><strong><mark style=\"background-color:rgba(0, 0, 0, 0)\" class=\"has-inline-color has-light-green-cyan-color\">\u00a1Nuestros talleres H\u00e1galo usted mismo!<\/mark><\/strong><\/a><\/li>\n\n\n\n<li><strong>Prefiero modos de viaje suaves y compartidos: <\/strong>consultando nuestra secci\u00f3n <a href=\"https:\/\/bassin-arcachon.com\/es\/bahia-en-bicicleta\/\"><strong><mark style=\"background-color:rgba(0, 0, 0, 0)\" class=\"has-inline-color has-light-green-cyan-color\">\u201cla Bassin en bicicleta\u201d<\/mark><\/strong><\/a>\u00a1Los m\u00e1s de 330 km de carriles bici ya no tendr\u00e1n secretos para ti! Y para otras modalidades de viaje, cita previa <strong><a href=\"https:\/\/bassin-arcachon.com\/es\/moverse-por-la-piscina\/\"><mark style=\"background-color:rgba(0, 0, 0, 0)\" class=\"has-inline-color has-light-green-cyan-color\">aqu\u00ed<\/mark><\/a><\/strong> !<\/li>\n\n\n\n<li><strong>Me protejo, mientras protejo el Bassin:<\/strong> \u00bfSab\u00edas eso? Aplica tu protector solar<strong> al menos 20 minutos antes de nadar<\/strong> ayuda a reducir el impacto del protector solar en nuestros ecosistemas marinos, \u00a1mientras permanece protegido! M\u00e1s informaci\u00f3n por<strong> <a href=\"https:\/\/www.siba-bassin-arcachon.fr\/qualite-de-l-eau\/rempar\/creme-solaire-sensibilisation\" target=\"_blank\" rel=\"noopener\"><mark style=\"background-color:rgba(0, 0, 0, 0)\" class=\"has-inline-color has-light-green-cyan-color\">aqu\u00ed<\/mark><\/a><\/strong>.<\/li>\n<\/ul>\n\n\n\n<div class=\"wp-block-uagb-container uagb-block-8fad6355 alignfull uagb-is-root-container\"><div class=\"uagb-container-inner-blocks-wrap\"><\/div><\/div>\n\n\n\n<hr class=\"wp-block-separator has-alpha-channel-opacity\"\/>\n\n\n\n<div class=\"wp-block-uagb-container uagb-block-fffc453a alignfull uagb-is-root-container\"><div class=\"uagb-container-inner-blocks-wrap\"><\/div><\/div>\n\n\n\n<h2 class=\"wp-block-heading\">Reuniones festivas y comprometidas<\/h2>\n\n\n\n<div class=\"wp-block-uagb-container uagb-block-420bf580 alignfull uagb-is-root-container\"><div class=\"uagb-container-inner-blocks-wrap\"><\/div><\/div>\n\n\n\n<ul class=\"wp-block-list\">\n<li><strong><a href=\"https:\/\/bassin-arcachon.com\/es\/agenda-y-salidas\/dia-mundial-de-los-humedales\/\"><mark style=\"background-color:rgba(0, 0, 0, 0)\" class=\"has-inline-color has-light-green-cyan-color\">D\u00eda Mundial de los Humedales<\/mark><\/a><\/strong> en febrero: Un evento imprescindible para <strong>Sensibilizar al p\u00fablico sobre la riqueza y la importancia de los humedales.<\/strong>, que desempe\u00f1an un papel crucial en la biodiversidad y la regulaci\u00f3n del agua. Las animaciones originales e inventivas atraen la atenci\u00f3n de todos, desde j\u00f3venes hasta adultos, y transmiten mensajes importantes de forma divertida.<\/li>\n\n\n\n<li><strong><a href=\"https:\/\/www.territoires-sauvages.fr\/\" target=\"_blank\" rel=\"noopener\"><mark style=\"background-color:rgba(0, 0, 0, 0)\" class=\"has-inline-color has-light-green-cyan-color\">Festival de Territorios Salvajes<\/mark><\/a><\/strong> Del 3 al 6 de abril: Un 8<sup>mi<\/sup>&nbsp;\u00a1edici\u00f3n bajo el signo de los mundos a\u00e9reos!<\/li>\n\n\n\n<li><strong><a href=\"https:\/\/parc-marin-bassin-arcachon.fr\/actualites\/fete-de-la-nature-2024-vous-donne-rendez-vous\" target=\"_blank\" rel=\"noopener\"><mark style=\"background-color:rgba(0, 0, 0, 0)\" class=\"has-inline-color has-light-green-cyan-color\">Fiesta de la Naturaleza<\/mark><\/a><\/strong> En mayo: cada a\u00f1o se celebra el Festival de la Naturaleza. <strong>durante 5 d\u00edas, en torno al d\u00eda internacional de la biodiversidad celebrado el 22 de mayo<\/strong>. En el programa: actividades l\u00fadicas y educativas para toda la familia.<\/li>\n\n\n\n<li><strong><a href=\"https:\/\/tvba.fr\/nuits-des-etoiles-ou-et-quand-observer-les-perseides\/\" target=\"_blank\" rel=\"noopener\"><mark style=\"background-color:rgba(0, 0, 0, 0)\" class=\"has-inline-color has-light-green-cyan-color\">noche de las estrellas<\/mark><\/a><\/strong> en agosto: Una velada m\u00e1gica para admirar las Perseidas.<\/li>\n\n\n\n<li><strong><a href=\"https:\/\/www.lpo.fr\/lpo-locales\/la-lpo-en-nouvelle-aquitaine\/lpo-aquitaine\/actus-aquitaine\/actus-2024-aquitaine\/vos-rendez-vous-avec-la-bernache\" target=\"_blank\" rel=\"noopener\"><mark style=\"background-color:rgba(0, 0, 0, 0)\" class=\"has-inline-color has-light-green-cyan-color\">Tus encuentros con la oca<\/mark><\/a><\/strong> (Octubre a diciembre): <strong>&nbsp;<\/strong>La LPO y sus socios le invitan a descubrir el ganso de Brent y toda la biodiversidad excepcional del Bassin de Arcachon durante el evento.<strong>&nbsp;\u201cTus reuniones con el Brent Goose\u201d.<\/strong>&nbsp;<\/li>\n<\/ul>\n\n\n\n<div class=\"wp-block-uagb-container uagb-block-171bb7b9 alignfull uagb-is-root-container\"><div class=\"uagb-container-inner-blocks-wrap\"><\/div><\/div>\n\n\n\n<div class=\"wp-block-uagb-container uagb-block-81dd5b66 alignfull uagb-is-root-container\"><div class=\"uagb-container-inner-blocks-wrap\">\n<figure class=\"wp-block-image size-full\"><img loading=\"lazy\" decoding=\"async\" width=\"800\" height=\"400\" src=\"https:\/\/bassin-arcachon.com\/wp-content\/uploads\/2025\/01\/Design-sans-titre-2025-01-17T102708.057.png\" alt=\"- - Bassin d&#039;Arcachon\" class=\"wp-image-138763\" title=\"- - Bassin d&#039;Arcachon\" srcset=\"https:\/\/bassin-arcachon.com\/wp-content\/uploads\/2025\/01\/Design-sans-titre-2025-01-17T102708.057.png 800w, https:\/\/bassin-arcachon.com\/wp-content\/uploads\/2025\/01\/Design-sans-titre-2025-01-17T102708.057-600x300.png 600w, https:\/\/bassin-arcachon.com\/wp-content\/uploads\/2025\/01\/Design-sans-titre-2025-01-17T102708.057-768x384.png 768w, https:\/\/bassin-arcachon.com\/wp-content\/uploads\/2025\/01\/Design-sans-titre-2025-01-17T102708.057-18x9.png 18w\" sizes=\"auto, (max-width: 800px) 100vw, 800px\" \/><figcaption class=\"wp-element-caption\">\u00a9 Charlotte BERTONEAU<\/figcaption><\/figure>\n<\/div><\/div>\n\n\n\n<div class=\"wp-block-uagb-container uagb-block-7d552567 alignfull uagb-is-root-container\"><div class=\"uagb-container-inner-blocks-wrap\"><\/div><\/div>\n\n\n\n<hr class=\"wp-block-separator has-alpha-channel-opacity\"\/>\n\n\n\n<div class=\"wp-block-uagb-container uagb-block-21377c3c alignfull uagb-is-root-container\"><div class=\"uagb-container-inner-blocks-wrap\"><\/div><\/div>\n\n\n\n<h3 class=\"wp-block-heading\">para ir m\u00e1s lejos<\/h3>\n\n\n\n<div class=\"wp-block-uagb-container uagb-block-fcf59ce9 alignfull uagb-is-root-container\"><div class=\"uagb-container-inner-blocks-wrap\"><\/div><\/div>\n\n\n\n<p>Visita nuestros espacios educativos: <\/p>\n\n\n\n<ul class=\"wp-block-list\">\n<li><strong>Duna de Pilat \u2013 La Teste de Buch: <a href=\"https:\/\/ladunedupilat.com\/\" target=\"_blank\" rel=\"noreferrer noopener\">https:\/\/ladunedupilat.com\/<\/a><\/strong><\/li>\n\n\n\n<li><strong>Casa de ostras \u2013 Gujan-Mestras: <a href=\"https:\/\/www.maison-huitre.fr\/\" target=\"_blank\" rel=\"noreferrer noopener\">https:\/\/www.maison-huitre.fr\/<\/a><\/strong><\/li>\n\n\n\n<li><strong>Dominio de Cadeau-Graveyron \u2013 Audenge: <a href=\"https:\/\/www.gironde.fr\/environnement\/decouverte-des-espaces-naturels-de-gironde\/domaine-de-certes-et-graveyron\" target=\"_blank\" rel=\"noreferrer noopener\">https:\/\/www.gironde.fr\/domaine-de-certes-graveyron<\/a><\/strong><\/li>\n\n\n\n<li><strong>Reserva de las Praderas Saladas de Ar\u00e8s-L\u00e8ge: <a href=\"https:\/\/www.ofb.gouv.fr\/les-reserves\/la-reserve-naturelle-nationale-des-pres-sales-dares-et-de-lege-cap-ferret\" target=\"_blank\" rel=\"noreferrer noopener\">https:\/\/www.ofb.gouv.fr\/<\/a><\/strong><\/li>\n\n\n\n<li><strong>Reserva Ornitol\u00f3gica de Teich: <a href=\"https:\/\/www.reserve-ornithologique-du-teich.com\/\" target=\"_blank\" rel=\"noopener\">https:\/\/www.reserve-ornithologique-du-teich.com\/<\/a><\/strong><\/li>\n\n\n\n<li><strong>Ecomuseo Gardarem \u2013 Lanton: <a href=\"https:\/\/www.gardarem.fr\/\" target=\"_blank\" rel=\"noopener\">https:\/\/www.gardarem.fr\/<\/a><\/strong><\/li>\n\n\n\n<li><strong>Caba\u00f1a del R\u00e9sinier \u2013 L\u00e8ge-Cap Ferret: <a href=\"https:\/\/captermer.com\/\" target=\"_blank\" rel=\"noopener\">https:\/\/captermer.com\/<\/a><\/strong><\/li>\n\n\n\n<li><strong>Eau&#039;ditorium \u2013 Biganos: <a href=\"https:\/\/www.siba-bassin-arcachon.fr\/eauditorium\" target=\"_blank\" rel=\"noreferrer noopener\">https:\/\/www.siba-bassin-arcachon.fr\/eauditorium<\/a><\/strong><\/li>\n<\/ul>\n\n\n\n<p>Estos lugares son como puertas de entrada a la biodiversidad y a las tradiciones locales.<\/p>\n\n\n\n<div class=\"wp-block-uagb-container uagb-block-40bc17ec alignfull uagb-is-root-container\"><div class=\"uagb-container-inner-blocks-wrap\"><\/div><\/div>\n\n\n\n<div class=\"wp-block-uagb-container uagb-block-bdfd0e4e alignfull uagb-is-root-container\"><div class=\"uagb-container-inner-blocks-wrap\">\n<figure class=\"wp-block-image size-full\"><img loading=\"lazy\" decoding=\"async\" width=\"800\" height=\"400\" src=\"https:\/\/bassin-arcachon.com\/wp-content\/uploads\/2025\/01\/Design-sans-titre-2025-01-17T104148.262.png\" alt=\"- - Bassin d&#039;Arcachon\" class=\"wp-image-138766\" title=\"- - Bassin d&#039;Arcachon\" srcset=\"https:\/\/bassin-arcachon.com\/wp-content\/uploads\/2025\/01\/Design-sans-titre-2025-01-17T104148.262.png 800w, https:\/\/bassin-arcachon.com\/wp-content\/uploads\/2025\/01\/Design-sans-titre-2025-01-17T104148.262-600x300.png 600w, https:\/\/bassin-arcachon.com\/wp-content\/uploads\/2025\/01\/Design-sans-titre-2025-01-17T104148.262-768x384.png 768w, https:\/\/bassin-arcachon.com\/wp-content\/uploads\/2025\/01\/Design-sans-titre-2025-01-17T104148.262-18x9.png 18w\" sizes=\"auto, (max-width: 800px) 100vw, 800px\" \/><figcaption class=\"wp-element-caption\">\u00a9Karine MEDINA<\/figcaption><\/figure>\n<\/div><\/div>\n\n\n\n<hr class=\"wp-block-separator has-alpha-channel-opacity\"\/>\n\n\n\n<div class=\"wp-block-uagb-container uagb-block-9fbdf1ef alignfull uagb-is-root-container\"><div class=\"uagb-container-inner-blocks-wrap\"><\/div><\/div>\n\n\n\n<p>El turismo comprometido en la Bassin de Arcachon es una oportunidad para vivir <strong>Experiencias aut\u00e9nticas y de apoyo.<\/strong> \u00danase a nosotros para ayudar a preservar esta joya natural. <strong>\u00a1Se acercan nuevas funciones, estad atentos!<\/strong><\/p>","protected":false},"excerpt":{"rendered":"<p>Voyager c&rsquo;est bien, mais voyager en s&rsquo;impliquant pour la pr\u00e9servation de la destination : c&rsquo;est encore mieux ! Envie de rendre votre s\u00e9jour sur le Bassin d&rsquo;Arcachon utile et enrichissant [&hellip;]<\/p>\n","protected":false},"author":25,"featured_media":138779,"comment_status":"closed","ping_status":"open","sticky":false,"template":"","format":"standard","meta":{"_acf_changed":false,"_uag_custom_page_level_css":"","footnotes":""},"categories":[2129],"tags":[],"class_list":["post-122010","post","type-post","status-publish","format-standard","has-post-thumbnail","hentry","category-nature-art-de-vivre"],"acf":[],"uagb_featured_image_src":{"full":["https:\/\/bassin-arcachon.com\/wp-content\/uploads\/2025\/01\/Design-sans-titre-2025-01-17T110643.513.png",800,400,false],"thumbnail":["https:\/\/bassin-arcachon.com\/wp-content\/uploads\/2025\/01\/Design-sans-titre-2025-01-17T110643.513-150x150.png",150,150,true],"medium":["https:\/\/bassin-arcachon.com\/wp-content\/uploads\/2025\/01\/Design-sans-titre-2025-01-17T110643.513-600x300.png",600,300,true],"medium_large":["https:\/\/bassin-arcachon.com\/wp-content\/uploads\/2025\/01\/Design-sans-titre-2025-01-17T110643.513-768x384.png",768,384,true],"large":["https:\/\/bassin-arcachon.com\/wp-content\/uploads\/2025\/01\/Design-sans-titre-2025-01-17T110643.513.png",800,400,false],"1536x1536":["https:\/\/bassin-arcachon.com\/wp-content\/uploads\/2025\/01\/Design-sans-titre-2025-01-17T110643.513.png",800,400,false],"2048x2048":["https:\/\/bassin-arcachon.com\/wp-content\/uploads\/2025\/01\/Design-sans-titre-2025-01-17T110643.513.png",800,400,false],"trp-custom-language-flag":["https:\/\/bassin-arcachon.com\/wp-content\/uploads\/2025\/01\/Design-sans-titre-2025-01-17T110643.513-18x9.png",18,9,true]},"uagb_author_info":{"display_name":"Marie Clauzel","author_link":"https:\/\/bassin-arcachon.com\/es\/author\/mariesiba\/"},"uagb_comment_info":0,"uagb_excerpt":"Voyager c&rsquo;est bien, mais voyager en s&rsquo;impliquant pour la pr\u00e9servation de la destination : c&rsquo;est encore mieux ! Envie de rendre votre s\u00e9jour sur le Bassin d&rsquo;Arcachon utile et enrichissant [&hellip;]","_links":{"self":[{"href":"https:\/\/bassin-arcachon.com\/es\/wp-json\/wp\/v2\/posts\/122010","targetHints":{"allow":["GET"]}}],"collection":[{"href":"https:\/\/bassin-arcachon.com\/es\/wp-json\/wp\/v2\/posts"}],"about":[{"href":"https:\/\/bassin-arcachon.com\/es\/wp-json\/wp\/v2\/types\/post"}],"author":[{"embeddable":true,"href":"https:\/\/bassin-arcachon.com\/es\/wp-json\/wp\/v2\/users\/25"}],"replies":[{"embeddable":true,"href":"https:\/\/bassin-arcachon.com\/es\/wp-json\/wp\/v2\/comments?post=122010"}],"version-history":[{"count":63,"href":"https:\/\/bassin-arcachon.com\/es\/wp-json\/wp\/v2\/posts\/122010\/revisions"}],"predecessor-version":[{"id":235498,"href":"https:\/\/bassin-arcachon.com\/es\/wp-json\/wp\/v2\/posts\/122010\/revisions\/235498"}],"wp:featuredmedia":[{"embeddable":true,"href":"https:\/\/bassin-arcachon.com\/es\/wp-json\/wp\/v2\/media\/138779"}],"wp:attachment":[{"href":"https:\/\/bassin-arcachon.com\/es\/wp-json\/wp\/v2\/media?parent=122010"}],"wp:term":[{"taxonomy":"category","embeddable":true,"href":"https:\/\/bassin-arcachon.com\/es\/wp-json\/wp\/v2\/categories?post=122010"},{"taxonomy":"post_tag","embeddable":true,"href":"https:\/\/bassin-arcachon.com\/es\/wp-json\/wp\/v2\/tags?post=122010"}],"curies":[{"name":"wp","href":"https:\/\/api.w.org\/{rel}","templated":true}]}}