{"id":204037,"date":"2026-03-22T13:43:31","date_gmt":"2026-03-22T12:43:31","guid":{"rendered":"https:\/\/bassin-arcachon.com\/?p=204037"},"modified":"2026-04-08T12:09:32","modified_gmt":"2026-04-08T10:09:32","slug":"tu-reto-de-primavera-dar-la-vuelta-a-la-cuenca-en-bicicleta","status":"publish","type":"post","link":"https:\/\/bassin-arcachon.com\/es\/votre-defi-pour-ce-pintemps-le-tour-du-bassin-a-velo\/","title":{"rendered":"Tu reto de primavera: pedalear por Bassin"},"content":{"rendered":"<div class=\"wp-block-uagb-container uagb-block-2ea56cdd alignfull uagb-is-root-container\"><div class=\"uagb-container-inner-blocks-wrap\">\n<p>Nueva temporada, nuevos retos \u00bfY si este a\u00f1o te propusieras <strong>de excursi\u00f3n por Bassin... en bicicleta <\/strong>? 62 km de circunferencia, pero m\u00e1s de 330 km de carril bici. Todo un patio de recreo para <strong>j\u00f3venes y mayores, todo el a\u00f1o<\/strong> !<\/p>\n<\/div><\/div>\n\n\n\n<div class=\"wp-block-uagb-container uagb-block-00fc8886 alignfull uagb-is-root-container\"><div class=\"uagb-container-inner-blocks-wrap\">\n<figure class=\"wp-block-image size-large\"><img loading=\"lazy\" decoding=\"async\" width=\"1024\" height=\"512\" src=\"https:\/\/bassin-arcachon.com\/wp-content\/uploads\/2025\/12\/3-1024x512.png\" alt=\"Tres mujeres j\u00f3venes sentadas en un banco frente al Bassin durante la marea baja. Una bicicleta blanca est\u00e1 apoyada en el banco.\" class=\"wp-image-204041\" title=\"- - Bassin d&#039;Arcachon\" srcset=\"https:\/\/bassin-arcachon.com\/wp-content\/uploads\/2025\/12\/3-1024x512.png 1024w, https:\/\/bassin-arcachon.com\/wp-content\/uploads\/2025\/12\/3-600x300.png 600w, https:\/\/bassin-arcachon.com\/wp-content\/uploads\/2025\/12\/3-768x384.png 768w, https:\/\/bassin-arcachon.com\/wp-content\/uploads\/2025\/12\/3-18x9.png 18w, https:\/\/bassin-arcachon.com\/wp-content\/uploads\/2025\/12\/3.png 1400w\" sizes=\"auto, (max-width: 1024px) 100vw, 1024px\" \/><figcaption class=\"wp-element-caption\"><em>\u00a9<\/em> Agencia Les Conteurs<\/figcaption><\/figure>\n<\/div><\/div>\n\n\n\n<div class=\"wp-block-uagb-container uagb-block-cd85807e alignfull uagb-is-root-container\"><div class=\"uagb-container-inner-blocks-wrap\">\n<h2 class=\"wp-block-heading\">C\u00f3mo preparar tu viaje \ud83d\udcdd<\/h2>\n<\/div><\/div>\n\n\n\n<div class=\"wp-block-uagb-container uagb-block-04207d0c alignfull uagb-is-root-container\"><div class=\"uagb-container-inner-blocks-wrap\">\n<p>El recorrido Bassin se puede hacer en un d\u00eda, en bicicleta manual para los m\u00e1s deportistas, o en bicicleta el\u00e9ctrica. Pero nuestro consejo es que te lo tomes con calma, y que <strong>t\u00f3mese varios d\u00edas para disfrutar plenamente de nuestros tesoros locales. <\/strong><\/p>\n\n\n\n<p>Para hacerte la vida m\u00e1s f\u00e1cil, aqu\u00ed tienes nuestro <strong>lista de control <\/strong>lo esencial para llevar :<\/p>\n<\/div><\/div>\n\n\n\n<div class=\"wp-block-uagb-container uagb-block-7b35bdda alignfull uagb-is-root-container\"><div class=\"uagb-container-inner-blocks-wrap\">\n<ul class=\"wp-block-list\">\n<li>Frasco<\/li>\n\n\n\n<li>Ropa adecuada para el tiempo (<em>y puede cambiar de un momento a otro, \u00a1al ritmo de las mareas!<\/em>)<\/li>\n\n\n\n<li>Gorra, crema solar y gafas de sol (<em>siempre dependiendo del tiempo<\/em>)<\/li>\n\n\n\n<li>Alforjas o mochila adecuada<\/li>\n\n\n\n<li>Un peque\u00f1o tentempi\u00e9 para seguir adelante (<em>o m\u00e1s para los que quieran ir de picnic, por supuesto<\/em>)<\/li>\n\n\n\n<li>Su <strong><a href=\"https:\/\/www.calameo.com\/bassin-arcachon\/read\/000024421306f9920b5fd\" target=\"_blank\" rel=\"noopener\">Mapa tur\u00edstico de Arcachon Bassin<\/a><\/strong>, que se recoger\u00e1 de <strong><a href=\"https:\/\/bassin-arcachon.com\/es\/oficinas-de-turismo\/\">Bassin oficinas de turismo<\/a><\/strong> \u00a1! Contiene todos los <strong>inform\u00e1tica pr\u00e1ctica<\/strong> para su estancia, incluyendo <strong>Puntos de inter\u00e9s que no debe perderse<\/strong> ! <\/li>\n\n\n\n<li>(Para los m\u00e1s aventureros, \u00a1no olvide sellar su diario de viaje! <strong><a href=\"https:\/\/bassin-arcachon.com\/es\/descubre-la-vuelta-al-mundo-en-80-km\/\">Aqu\u00ed encontrar\u00e1 toda la informaci\u00f3n.<\/a><\/strong>)<\/li>\n\n\n\n<li>Y por supuesto... \u00a1una bici! \u00bfNo te sobra ninguna? <strong><a href=\"https:\/\/bassin-arcachon.com\/es\/moverse-por-la-piscina\/alquiler-de-bicicletas\/\">P\u00f3ngase en contacto con una de nuestras empresas de alquiler<\/a><\/strong>, \u00a1Est\u00e1n por todas partes Bassin en Arcachon! <\/li>\n<\/ul>\n<\/div><\/div>\n\n\n\n<div class=\"wp-block-uagb-container uagb-block-c64a11e9 alignfull uagb-is-root-container\"><div class=\"uagb-container-inner-blocks-wrap\">\n<figure class=\"wp-block-image size-large\"><img loading=\"lazy\" decoding=\"async\" width=\"1024\" height=\"512\" src=\"https:\/\/bassin-arcachon.com\/wp-content\/uploads\/2025\/12\/3-1-1024x512.png\" alt=\"La parte delantera de una bicicleta en primer plano, una pinaza al fondo y el Cap Ferret y su frase al fondo, difuminados.\" class=\"wp-image-204138\" title=\"- - Bassin d&#039;Arcachon\" srcset=\"https:\/\/bassin-arcachon.com\/wp-content\/uploads\/2025\/12\/3-1-1024x512.png 1024w, https:\/\/bassin-arcachon.com\/wp-content\/uploads\/2025\/12\/3-1-600x300.png 600w, https:\/\/bassin-arcachon.com\/wp-content\/uploads\/2025\/12\/3-1-768x384.png 768w, https:\/\/bassin-arcachon.com\/wp-content\/uploads\/2025\/12\/3-1-18x9.png 18w, https:\/\/bassin-arcachon.com\/wp-content\/uploads\/2025\/12\/3-1.png 1400w\" sizes=\"auto, (max-width: 1024px) 100vw, 1024px\" \/><figcaption class=\"wp-element-caption\"><em>\u00a9<\/em> K\u00e9vin BIETTE<\/figcaption><\/figure>\n<\/div><\/div>\n\n\n\n<div class=\"wp-block-uagb-container uagb-block-8d664c6a alignfull uagb-is-root-container\"><div class=\"uagb-container-inner-blocks-wrap\">\n<h2 class=\"wp-block-heading\">He aqu\u00ed nuestros consejos pr\u00e1cticos:<\/h2>\n<\/div><\/div>\n\n\n\n<div class=\"wp-block-uagb-container uagb-block-c9be3ebc alignfull uagb-is-root-container\"><div class=\"uagb-container-inner-blocks-wrap\">\n<ul class=\"wp-block-list\">\n<li>Nos vamos temprano para intentar aprovecharlo al m\u00e1ximo. <strong>un m\u00e1ximo por la ma\u00f1ana<\/strong> \u00a1! El Bassin Norte, en particular la llegada a la pen\u00ednsula de L\u00e8ge-Cap Ferret o la carretera de la Duna del Pilat en el Bassin Sur, pueden ser un verdadero desaf\u00edo. <strong>un poco m\u00e1s deportivo<\/strong>s.<\/li>\n\n\n\n<li>Planifico mi viaje con antelaci\u00f3n, utilizando las herramientas de que dispongo. <strong>De Arcachon a Le Teich<\/strong> (com\u00fanmente conocido como Sud Bassin), <strong><a href=\"http:\/\/chrome-extension:\/\/efaidnbmnnnibpcajpcglclefindmkaj\/https:\/\/www.agglo-cobas.fr\/wp-content\/uploads\/2025\/06\/plan-pistes-cyclables-COBAS-2025.pdf\">21 itinerarios numerados y coloreados<\/a> <\/strong>para que pueda viajar con total seguridad. En <strong>Ferry de Biganos a L\u00e8ge-Cap Ferret<\/strong> (Nord Bassin), la V\u00e9lodyss\u00e9e estar\u00e1 iluminada durante 35 km, gracias a un suelo bioluminiscente que permitir\u00e1 que el recorrido sea<strong> itinerancia segura 100%<\/strong> \u00a1incluso de noche!<\/li>\n\n\n\n<li>Tome nota de toda la informaci\u00f3n pr\u00e1ctica que necesita para desplazarse con tranquilidad. Toda la informaci\u00f3n relativa a <strong>bombas de inflado de autoservicio, aparcamientos seguros<\/strong> o <strong>puntos de recarga el\u00e9ctrica<\/strong> se puede encontrar <strong><a href=\"https:\/\/bassin-arcachon.com\/es\/informacion-practica-para-moverse-en-bicicleta\/\">\u00a1Por aqu\u00ed!<\/a><\/strong><\/li>\n\n\n\n<li>En verano, no pierdas de vista las instrucciones de seguridad <strong>en caso de incendios forestales<\/strong> \u00a1! Toda la informaci\u00f3n oficial <strong><a href=\"https:\/\/qr.dfci-aquitaine.fr\/p\/dc7aBiOioS?utm_source=qrcode&amp;utm_medium=link-list&amp;utm_campaign=40434135\" target=\"_blank\" rel=\"noopener\">est\u00e1n disponibles aqu\u00ed<\/a><\/strong> !<\/li>\n\n\n\n<li>\u00bfEst\u00e1 buscando un <strong>proveedores de alojamiento, empresas de alquiler, restaurantes, oficinas de turismo, lugares de visita y actividades de ocio<\/strong>, situados a lo largo de rutas ciclistas? Algunos de nuestros profesionales han <strong><a href=\"https:\/\/www.francevelotourisme.com\/accueil-velo\" target=\"_blank\" rel=\"noopener\">\u00abAccueil V\u00e9lo\u00bb<\/a><\/strong> : han elegido acogerle - <strong>usted, su bicicleta, sus alforjas... - cumpliendo las normas de calidad.<\/strong><\/li>\n\n\n\n<li>\u00bfTiene una aver\u00eda o un problema t\u00e9cnico durante el viaje? <strong>Nuestro grupo de empresas de alquiler de bicicletas est\u00e1 a su disposici\u00f3n.<\/strong> Har\u00e1n todo lo posible, sin coste alguno, para que pueda marcharse sin problemas. <\/li>\n<\/ul>\n<\/div><\/div>\n\n\n\n<div class=\"wp-block-uagb-container uagb-block-003266ad alignfull uagb-is-root-container\"><div class=\"uagb-container-inner-blocks-wrap\">\n<figure class=\"wp-block-image size-large\"><img loading=\"lazy\" decoding=\"async\" width=\"1024\" height=\"512\" src=\"https:\/\/bassin-arcachon.com\/wp-content\/uploads\/2025\/12\/deco-2-3-1024x512.png\" alt=\"Ciclismo familiar en el bosque\" class=\"wp-image-204146\" title=\"- - Bassin d&#039;Arcachon\" srcset=\"https:\/\/bassin-arcachon.com\/wp-content\/uploads\/2025\/12\/deco-2-3-1024x512.png 1024w, https:\/\/bassin-arcachon.com\/wp-content\/uploads\/2025\/12\/deco-2-3-600x300.png 600w, https:\/\/bassin-arcachon.com\/wp-content\/uploads\/2025\/12\/deco-2-3-768x384.png 768w, https:\/\/bassin-arcachon.com\/wp-content\/uploads\/2025\/12\/deco-2-3-18x9.png 18w, https:\/\/bassin-arcachon.com\/wp-content\/uploads\/2025\/12\/deco-2-3.png 1400w\" sizes=\"auto, (max-width: 1024px) 100vw, 1024px\" \/><figcaption class=\"wp-element-caption\"><em>\u00a9<\/em> K\u00e9vin BIETTE<\/figcaption><\/figure>\n<\/div><\/div>\n\n\n\n<div class=\"wp-block-uagb-container uagb-block-592062ea alignfull uagb-is-root-container\"><div class=\"uagb-container-inner-blocks-wrap\">\n<h2 class=\"wp-block-heading\">\u00bfEst\u00e1s preparado? \u00a1A pedalear por el Bassin!<\/h2>\n<\/div><\/div>\n\n\n\n<div class=\"wp-block-uagb-container uagb-block-ff06fcbf alignfull uagb-is-root-container\"><div class=\"uagb-container-inner-blocks-wrap\">\n<p>Para la ocasi\u00f3n, seguiremos <strong>Emmanuelle (alias Manue) en su viaje<\/strong>, rodeado de familiares y amigos. <strong>En total: 4 adultos y 5 ni\u00f1os <\/strong>(as\u00ed que s\u00ed, s\u00ed, \u00a1se puede hacer!). La hora de\u2019<strong>un fin de semana largo<\/strong>, del <strong>primera luz de la primavera<\/strong>, Aqu\u00ed est\u00e1n <strong>para una aventura, \u00a1algunos dir\u00edan que \u00e9pica! <\/strong>Nos lo cuenta todo:<\/p>\n<\/div><\/div>\n\n\n\n<div class=\"wp-block-uagb-container uagb-block-1f0a59d4 alignfull uagb-is-root-container\"><div class=\"uagb-container-inner-blocks-wrap\">\n<div class=\"wp-block-uagb-container uagb-block-f4cf4274 alignfull uagb-is-root-container\"><div class=\"uagb-container-inner-blocks-wrap\">\n<h3 class=\"wp-block-heading\">D\u00eda 1: desde Andernos, pasando por el Coraz\u00f3n de Bassin, Le Teich hasta Gujan-Mestras<\/h3>\n<\/div><\/div>\n<\/div><\/div>\n\n\n\n<div class=\"wp-block-uagb-container uagb-block-ff37dc5b alignfull uagb-is-root-container\"><div class=\"uagb-container-inner-blocks-wrap\">\n<p>&quot;\u00a0<strong>Salida a las 8.00 horas de\u2019<a href=\"https:\/\/www.andernos-tourisme.fr\/\" target=\"_blank\" rel=\"noopener\">Andernos<\/a><\/strong>, <strong>bicicletas revisadas, alforjas cargadas, ni\u00f1os sobreexcitados<\/strong>... todo a un ritmo pausado para calentar las pantorrillas mientras te abres paso por el bosque. <strong><a href=\"https:\/\/www.lavelodyssee.com\/pratique\/incontournables\/le-bassin-d-arcachon\" target=\"_blank\" rel=\"noopener\">la V\u00e9lodyss\u00e9e <\/a><\/strong>\u00a1! Otra opci\u00f3n: a trav\u00e9s de un <strong><a href=\"https:\/\/www.francevelotourisme.com\/itineraire\/le-tour-de-gironde-a-velo\" target=\"_blank\" rel=\"noopener\">del Tour de Gironde \u00e0 V\u00e9lo<\/a><\/strong>, que pasa por Bassin, \u00a1de Ar\u00e8s a Mios!  <\/p>\n\n\n\n<p>La ruta es <strong>sombreado<\/strong>, el <strong>verde suave de primavera<\/strong> siempre me conmueve, el renacimiento est\u00e1 aqu\u00ed. <strong>Los ni\u00f1os pedalean a toda velocidad, los mayores siguen el ritmo<\/strong> ... \u00a1a este paso vamos a hacer este recorrido Bassin en un d\u00eda! <\/p>\n\n\n\n<p>Para cambiar de carril bici, en Audenge se bifurca <strong>hacia la iglesia para seguir la ruta de Santiago de Compostela y unirse al <a href=\"https:\/\/tourisme-coeurdubassin.com\/le-coeur-du-bassin\/nos-communes-au-coeur-du-bassin\/biganos\/\" target=\"_blank\" rel=\"noopener\">puerto de biganos<\/a><\/strong>, coloridas caba\u00f1as...<\/p>\n\n\n\n<p>Recuperaremos fuerzas para\u2019<strong>un tentempi\u00e9 en las mesas del puerto<\/strong> \u00e0 supprimer <strong>atamos las bicicletas<\/strong> hacer la ruta <strong><a href=\"https:\/\/www.terra-aventura.fr\/\" target=\"_blank\" rel=\"noopener\">Terra aventura<\/a><\/strong> \u00a1Relaje sus m\u00fasculos y disfrute de una gran variedad de placeres! 1 hora m\u00e1s tarde <strong>Po\u00ef'z <\/strong>(<em>peque\u00f1as chinchetas que tienes que encontrar al final de tu b\u00fasqueda<\/em> Terra Aventura) en los bolsillos, volvemos a subirnos a las bicis... Las piernecitas empiezan a cansarse, excepto la peque\u00f1a, que est\u00e1 feliz de volver a la carretera... <strong>en su asiento detr\u00e1s de mam\u00e1 <\/strong>\ud83d\ude42&nbsp;<\/p>\n<\/div><\/div>\n\n\n\n<div class=\"wp-block-uagb-container uagb-block-07000af6 alignfull uagb-is-root-container\"><div class=\"uagb-container-inner-blocks-wrap\">\n<figure class=\"wp-block-image size-large\"><img loading=\"lazy\" decoding=\"async\" width=\"1024\" height=\"512\" src=\"https:\/\/bassin-arcachon.com\/wp-content\/uploads\/2026\/01\/deco-2-4-1024x512.png\" alt=\"Montaje de 3 fotos. La foto vertical de la izquierda muestra las coloridas casetas del puerto de Biganos. A la derecha, un montaje de 2 fotos. La primera muestra un peque\u00f1o monumento religioso en Le Teich, en la ruta hacia Santiago de Compostela, mientras que la de abajo muestra Po\u00ef&#039;z (pinos) en el suelo.\" class=\"wp-image-212835\" title=\"- - Bassin d&#039;Arcachon\" srcset=\"https:\/\/bassin-arcachon.com\/wp-content\/uploads\/2026\/01\/deco-2-4-1024x512.png 1024w, https:\/\/bassin-arcachon.com\/wp-content\/uploads\/2026\/01\/deco-2-4-600x300.png 600w, https:\/\/bassin-arcachon.com\/wp-content\/uploads\/2026\/01\/deco-2-4-768x384.png 768w, https:\/\/bassin-arcachon.com\/wp-content\/uploads\/2026\/01\/deco-2-4-18x9.png 18w, https:\/\/bassin-arcachon.com\/wp-content\/uploads\/2026\/01\/deco-2-4.png 1400w\" sizes=\"auto, (max-width: 1024px) 100vw, 1024px\" \/><figcaption class=\"wp-element-caption\"><em>\u00a9<\/em> Gr\u00e9gory CASSIAU \/ M\u00e9lanny RODRIGUES \/ David REMAZEILLES<\/figcaption><\/figure>\n<\/div><\/div>\n\n\n\n<div class=\"wp-block-uagb-container uagb-block-467773e3 alignfull uagb-is-root-container\"><div class=\"uagb-container-inner-blocks-wrap\">\n<p>Pero fuimos listos porque el siguiente <strong>la parada de picnic est\u00e1 cerca<\/strong>... Seguimos en el <strong>Camino de Santiago<\/strong> <strong>de Compostela, <\/strong>luego tomar la pista que bordea la carretera principal antes de zigzaguear por un sendero para llegar al <strong>puerto de Le Teich y su mirador.<\/strong><\/p>\n\n\n\n<p>Mientras los ni\u00f1os, entre 2 patatas fritas y 1 bocadillo, <strong>se divierten en el parque infantil de madera junto al <a href=\"https:\/\/leteich.fr\/votre-quotidien\/tourisme\/baignade-amenagee\/\" target=\"_blank\" rel=\"noopener\">piscina<\/a><\/strong> de Le Teich, los amigos sacan un peque\u00f1o aperitivo para felicitarse mutuamente por su \u00e9xito. <strong>\u00a1tiempo respetado! <\/strong><\/p>\n\n\n\n<p>Tras un agradable descanso bajo el<strong>os suaves rayos de sol y las bolsas de luz<\/strong>, salimos de nuevo por el sendero que bordea el <a href=\"https:\/\/www.reserve-ornithologique-du-teich.com\/\" target=\"_blank\" rel=\"noopener\"><strong>Reserva Ornitol\u00f3gica Teich<\/strong><\/a> \u00a1La vista de Bassin es m\u00e1gica! Parte de la ruta <strong>despega<\/strong>, que nos permite elegir <strong>algunas flores<\/strong> para convertirlo en <strong>Un hermoso ramo para las madres.<\/strong><\/p>\n<\/div><\/div>\n\n\n\n<div class=\"wp-block-uagb-container uagb-block-d159cfad alignfull uagb-is-root-container\"><div class=\"uagb-container-inner-blocks-wrap\">\n<figure class=\"wp-block-image size-large\"><img loading=\"lazy\" decoding=\"async\" width=\"1024\" height=\"512\" src=\"https:\/\/bassin-arcachon.com\/wp-content\/uploads\/2026\/01\/deco-2-5-1024x512.png\" alt=\"Vista de dron de la senda costera de Le Teich, que muestra a una joven en bicicleta en primer plano.\" class=\"wp-image-212838\" title=\"- - Bassin d&#039;Arcachon\" srcset=\"https:\/\/bassin-arcachon.com\/wp-content\/uploads\/2026\/01\/deco-2-5-1024x512.png 1024w, https:\/\/bassin-arcachon.com\/wp-content\/uploads\/2026\/01\/deco-2-5-600x300.png 600w, https:\/\/bassin-arcachon.com\/wp-content\/uploads\/2026\/01\/deco-2-5-768x384.png 768w, https:\/\/bassin-arcachon.com\/wp-content\/uploads\/2026\/01\/deco-2-5-18x9.png 18w, https:\/\/bassin-arcachon.com\/wp-content\/uploads\/2026\/01\/deco-2-5.png 1400w\" sizes=\"auto, (max-width: 1024px) 100vw, 1024px\" \/><figcaption class=\"wp-element-caption\"><em>\u00a9<\/em> Gr\u00e9gory CASSIAU<\/figcaption><\/figure>\n<\/div><\/div>\n\n\n\n<div class=\"wp-block-uagb-container uagb-block-b7d1089c alignfull uagb-is-root-container\"><div class=\"uagb-container-inner-blocks-wrap\">\n<p>Luego volvemos a <strong>la v\u00eda junto a la l\u00ednea de ferrocarril<\/strong> <strong>de Le Teich a Gujan-Mestras<\/strong>. Y llegamos relajados a nuestro alojamiento, <strong><a href=\"https:\/\/bassin-arcachon.com\/es\/alojamiento\/camping-municipal-de-verdalle\/\">Camping de Verdalle<\/a><\/strong> (<em>Gujan-Mestras<\/em>) donde hab\u00edamos reservado <strong>2 bungalows de lona para 2 noches.<\/strong><\/p>\n\n\n\n<p>Cada uno a lo suyo, <strong>los hombres van de compras<\/strong> para la cena, <strong>los ni\u00f1os se divierten<\/strong> e incluso tengo tiempo para <strong>leer un cap\u00edtulo <\/strong>antes de reunirse con amigos para <strong>velada de pasta y juegos de mesa<\/strong> y a dormir temprano, porque ma\u00f1ana <strong>tenemos otro d\u00eda por delante...<\/strong><\/p>\n<\/div><\/div>\n\n\n\n<div class=\"wp-block-uagb-container uagb-block-d29e4ddd alignfull uagb-is-root-container\"><div class=\"uagb-container-inner-blocks-wrap\">\n<h3 class=\"wp-block-heading\">D\u00eda 2: La Teste de Buch y su Duna del Pilat, Arcachon y el paseo mar\u00edtimo<\/h3>\n<\/div><\/div>\n\n\n\n<div class=\"wp-block-uagb-container uagb-block-53b028d8 alignfull uagb-is-root-container\"><div class=\"uagb-container-inner-blocks-wrap\">\n<p>Despu\u00e9s <strong>una noche de sue\u00f1o<\/strong> (<em>no del todo reconstituyente tampoco exageremos<\/em>), <strong>una revisi\u00f3n de la bicicleta y un buen desayuno<\/strong>, Ya estamos otra vez, \u00a1un poco m\u00e1s ligeros! Y s\u00ed, esa es la ventaja de <strong>dormir 2 noches en el mismo sitio, <\/strong>s\u00f3lo <strong>picnics en nuestras maletas<\/strong>. \ud83d\ude09<\/p>\n\n\n\n<p>Nos dirigimos a <strong><a href=\"https:\/\/bassin-arcachon.com\/es\/nuestros-elementos-esenciales\/la-duna-de-pilat\/\">la Duna de Pilat<\/a><\/strong> (<em>situado en La Teste de Buch<\/em>), \u00a1la motivaci\u00f3n es m\u00e1xima! Puede que vivamos en Bassin, <strong>nos sigue encantando escalar la Duna<\/strong>... Para hacer la ruta m\u00e1s amena y porque disponemos de tiempo, hemos decidido pasar por <strong>el puerto de La Teste y los prados salados para llegar al puerto de L'Aiguillon<\/strong> (<em>en Arcach\u00f3n<\/em>).<\/p>\n\n\n\n<p>El paseo fue buc\u00f3lico... casi ca\u00f3tico, sobre todo porque mi amiga Steph\u2019 <strong>ha roto un eslab\u00f3n de su cadena<\/strong>. Memo a nosotros mismos : <strong>adem\u00e1s de kits de reparaci\u00f3n de pinchazos, bombas y vendas, lleve eslabones de cadena<\/strong> !<\/p>\n\n\n\n<p>Para nuestra desgracia, casi llegamos a <strong>Arcachon<\/strong> \u00e0 supprimer <strong>una empresa de alquiler de bicicletas<\/strong> repara su cadena. Todo ello nos da un merecido respiro: <strong>los ni\u00f1os juegan en la arena y los adultos se relajan en un bar mientras se realizan las reparaciones<\/strong>. Como \u00edbamos un poco retrasados y nuestros est\u00f3magos ped\u00edan comida a gritos, decidimos <strong>quedarse en la playa para hacer un picnic.<\/strong><\/p>\n<\/div><\/div>\n\n\n\n<div class=\"wp-block-uagb-container uagb-block-337c8302 alignfull uagb-is-root-container\"><div class=\"uagb-container-inner-blocks-wrap\">\n<figure class=\"wp-block-image size-large\"><img loading=\"lazy\" decoding=\"async\" width=\"1024\" height=\"512\" src=\"https:\/\/bassin-arcachon.com\/wp-content\/uploads\/2026\/01\/deco-2-6-1024x512.png\" alt=\"Podemos distinguir un peque\u00f1o puerto con un pinassotte (peque\u00f1o barco de pesca) en primer plano, y el barrio de Aiguillon de Arcachon al fondo, con una peque\u00f1a caba\u00f1a de madera y su playa.\" class=\"wp-image-212840\" title=\"- - Bassin d&#039;Arcachon\" srcset=\"https:\/\/bassin-arcachon.com\/wp-content\/uploads\/2026\/01\/deco-2-6-1024x512.png 1024w, https:\/\/bassin-arcachon.com\/wp-content\/uploads\/2026\/01\/deco-2-6-600x300.png 600w, https:\/\/bassin-arcachon.com\/wp-content\/uploads\/2026\/01\/deco-2-6-768x384.png 768w, https:\/\/bassin-arcachon.com\/wp-content\/uploads\/2026\/01\/deco-2-6-18x9.png 18w, https:\/\/bassin-arcachon.com\/wp-content\/uploads\/2026\/01\/deco-2-6.png 1400w\" sizes=\"auto, (max-width: 1024px) 100vw, 1024px\" \/><figcaption class=\"wp-element-caption\"><em>\u00a9<\/em> Gr\u00e9gory CASSIAU<\/figcaption><\/figure>\n<\/div><\/div>\n\n\n\n<div class=\"wp-block-uagb-container uagb-block-070b3a6d alignfull uagb-is-root-container\"><div class=\"uagb-container-inner-blocks-wrap\">\n<p>No vamos a perder m\u00e1s tiempo, realmente queremos <strong>pasar la tarde en la cima de la Duna<\/strong> \u00a1! Volvimos a nuestras bicicletas y recorrimos la pista <strong>de Arcachon a Moulleau pasando por Pereire<\/strong>. La ruta es monta\u00f1osa, pero merece la pena.<\/p>\n\n\n\n<p>No hay fin para <strong>maravillarse con Bassin<\/strong>, el sol siempre est\u00e1 con nosotros <strong>aunque est\u00e9 refrescando un poco<\/strong>... Es una buena cosa que vamos a calentar cuando vemos <strong>\u00a1la costa que nos espera camino de la Duna! <\/strong>(<em>PD: Personalmente, empujo la bici por la monta\u00f1a, as\u00ed que tengo una buena excusa: <strong>\u00a1Tengo que cuidar a una ni\u00f1a de 20 kilos!<\/strong><\/em>)<\/p>\n\n\n\n<p>Y luego est\u00e1 la Duna para escalar...<strong>ha sido un fin de semana deportivo<\/strong> \u00a1! Si\u00e9ntate y admira...<strong>los ni\u00f1os son incansables<\/strong> !<\/p>\n\n\n\n<p><strong>17h : <\/strong> es hora de volver a casa <strong>a nuestras tiendas<\/strong>. Tomamos la opci\u00f3n de devoluci\u00f3n r\u00e1pida <strong>por la v\u00eda recta<\/strong>, Menos mal que baja hasta el final, \u00a1as\u00ed estaremos en la pista! <strong>En el programa de esta noche:<\/strong> Descanso, ducha, aperitivo, pizza y, sobre todo, nadie pide nada m\u00e1s antes de irse a la cama.<\/p>\n<\/div><\/div>\n\n\n\n<div class=\"wp-block-uagb-container uagb-block-9675d4fa alignfull uagb-is-root-container\"><div class=\"uagb-container-inner-blocks-wrap\">\n<figure class=\"wp-block-image size-large\"><img loading=\"lazy\" decoding=\"async\" width=\"1024\" height=\"512\" src=\"https:\/\/bassin-arcachon.com\/wp-content\/uploads\/2026\/01\/deco-2-7-1024x512.png\" alt=\"Montaje de 3 fotos. La foto de arriba a la izquierda muestra la vista del mar desde lo alto de la Duna du Pilat, la de abajo muestra el carril bici de Plage Pereire y la de la izquierda es una toma vertical que muestra la iglesia de Notre Dame des Passes en Moulleau.\" class=\"wp-image-212848\" title=\"- - Bassin d&#039;Arcachon\" srcset=\"https:\/\/bassin-arcachon.com\/wp-content\/uploads\/2026\/01\/deco-2-7-1024x512.png 1024w, https:\/\/bassin-arcachon.com\/wp-content\/uploads\/2026\/01\/deco-2-7-600x300.png 600w, https:\/\/bassin-arcachon.com\/wp-content\/uploads\/2026\/01\/deco-2-7-768x384.png 768w, https:\/\/bassin-arcachon.com\/wp-content\/uploads\/2026\/01\/deco-2-7-18x9.png 18w, https:\/\/bassin-arcachon.com\/wp-content\/uploads\/2026\/01\/deco-2-7.png 1400w\" sizes=\"auto, (max-width: 1024px) 100vw, 1024px\" \/><figcaption class=\"wp-element-caption\"><em>\u00a9<\/em> Gr\u00e9gory CASSIAU \/ K\u00e9vin BIETTE<\/figcaption><\/figure>\n<\/div><\/div>\n\n\n\n<div class=\"wp-block-uagb-container uagb-block-a83c178b alignfull uagb-is-root-container\"><div class=\"uagb-container-inner-blocks-wrap\">\n<h3 class=\"wp-block-heading\">D\u00eda 3: Traves\u00eda del Bassin en lanzadera desde Arcachon hasta la pen\u00ednsula de L\u00e8ge-Cap Ferret, Ar\u00e8s y \u00a1vuelta a casa!<\/h3>\n<\/div><\/div>\n\n\n\n<div class=\"wp-block-uagb-container uagb-block-915ea4de alignfull uagb-is-root-container\"><div class=\"uagb-container-inner-blocks-wrap\">\n<p>El lunes es festivo y el \u00faltimo d\u00eda de nuestro viaje. <strong>El entusiasmo sigue ah\u00ed, \u00a1es mejor que estar en la escuela!<\/strong><\/p>\n\n\n\n<p>Hacemos las maletas, cargamos las bicis y salimos por la pista para llegar a <strong>el muelle de Thiers en\u2019<a href=\"https:\/\/www.arcachon.com\/\" target=\"_blank\" rel=\"noopener\">Arcachon<\/a><\/strong>. Salir de nuevo al otro lado de Bassin, dar la vuelta estaba fuera de lugar: <strong>cruzamos en barco <\/strong><\/p>\n\n\n\n<p><strong>Salida a las 11.00 horas con <a href=\"https:\/\/bateliers-arcachon.com\/\" target=\"_blank\" rel=\"noopener\">Lanzaderas UBA<\/a><\/strong> para cruzar. Para aquellos con <strong>bicicletas el\u00e9ctricas<\/strong>, no olvides\u2019<strong>retire la bater\u00eda antes del montaje<\/strong> !<\/p>\n<\/div><\/div>\n\n\n\n<div class=\"wp-block-uagb-container uagb-block-124710e5 alignfull uagb-is-root-container\"><div class=\"uagb-container-inner-blocks-wrap\">\n<figure class=\"wp-block-image size-large\"><img loading=\"lazy\" decoding=\"async\" width=\"1024\" height=\"512\" src=\"https:\/\/bassin-arcachon.com\/wp-content\/uploads\/2026\/01\/deco-2-9-1024x512.png\" alt=\"- - Bassin d&#039;Arcachon\" class=\"wp-image-212853\" title=\"- - Bassin d&#039;Arcachon\" srcset=\"https:\/\/bassin-arcachon.com\/wp-content\/uploads\/2026\/01\/deco-2-9-1024x512.png 1024w, https:\/\/bassin-arcachon.com\/wp-content\/uploads\/2026\/01\/deco-2-9-600x300.png 600w, https:\/\/bassin-arcachon.com\/wp-content\/uploads\/2026\/01\/deco-2-9-768x384.png 768w, https:\/\/bassin-arcachon.com\/wp-content\/uploads\/2026\/01\/deco-2-9-18x9.png 18w, https:\/\/bassin-arcachon.com\/wp-content\/uploads\/2026\/01\/deco-2-9.png 1400w\" sizes=\"auto, (max-width: 1024px) 100vw, 1024px\" \/><figcaption class=\"wp-element-caption\"><em>\u00a9<\/em> Gr\u00e9gory CASSIAU \/ K\u00e9vin BIETTE<\/figcaption><\/figure>\n<\/div><\/div>\n\n\n\n<div class=\"wp-block-uagb-container uagb-block-1a8e75be alignfull uagb-is-root-container\"><div class=\"uagb-container-inner-blocks-wrap\">\n<p> A <strong>unos treinta minutos m\u00e1s tarde<\/strong>, Hemos llegado al embarcadero de B\u00e9lisaire en el <a href=\"https:\/\/www.lege-capferret.com\/\" target=\"_blank\" rel=\"noopener\"><strong>Cap Ferret<\/strong><\/a>. No muy lejos se encuentra <strong><a href=\"https:\/\/bassin-arcachon.com\/es\/nuestros-elementos-esenciales\/el-faro-y-la-punta-de-cap-ferret\/\">su famoso faro<\/a><\/strong>, pero pasaremos esta vez (<em>fuimos all\u00ed este invierno<\/em>). <\/p>\n\n\n\n<p>(Casi) despu\u00e9s del esfuerzo, la comodidad: nos regalamos un restaurante al borde del Bassin, con la Duna al fondo. Terminamos nuestro viaje en el carril bici <strong>entre bosques y dunas de arena para <a href=\"https:\/\/www.ares-tourisme.com\/\" target=\"_blank\" rel=\"noopener\">Ares<\/a><\/strong>, antes de afrontar un \u00faltimo tramo de la V\u00e9lodyss\u00e9e. <strong>Tenemos las piernas cansadas, pero la cabeza llena de recuerdos.<\/strong>&quot;\u00a0<\/p>\n<\/div><\/div>","protected":false},"excerpt":{"rendered":"<p>Nouvelle saison, nouveaux d\u00e9fis ! Et si, cette ann\u00e9e, vous vous lanciez dans un tour du Bassin&#8230;\u00e0 v\u00e9lo ? 62 km de pourtour, mais plus de 330 km de pistes [&hellip;]<\/p>\n","protected":false},"author":25,"featured_media":223651,"comment_status":"closed","ping_status":"closed","sticky":true,"template":"","format":"standard","meta":{"_acf_changed":false,"_uag_custom_page_level_css":"","footnotes":""},"categories":[2129,2131],"tags":[465,334],"class_list":["post-204037","post","type-post","status-publish","format-standard","has-post-thumbnail","hentry","category-nature-art-de-vivre","category-sport","tag-printemps","tag-velo"],"acf":[],"uagb_featured_image_src":{"full":["https:\/\/bassin-arcachon.com\/wp-content\/uploads\/2026\/01\/2015_HD_Viree-velo-Bassin_BIETTE-10-scaled-1.jpg",2560,1707,false],"thumbnail":["https:\/\/bassin-arcachon.com\/wp-content\/uploads\/2026\/01\/2015_HD_Viree-velo-Bassin_BIETTE-10-scaled-1-150x150.jpg",150,150,true],"medium":["https:\/\/bassin-arcachon.com\/wp-content\/uploads\/2026\/01\/2015_HD_Viree-velo-Bassin_BIETTE-10-scaled-1-600x400.jpg",600,400,true],"medium_large":["https:\/\/bassin-arcachon.com\/wp-content\/uploads\/2026\/01\/2015_HD_Viree-velo-Bassin_BIETTE-10-scaled-1-768x512.jpg",768,512,true],"large":["https:\/\/bassin-arcachon.com\/wp-content\/uploads\/2026\/01\/2015_HD_Viree-velo-Bassin_BIETTE-10-scaled-1-1024x683.jpg",1024,683,true],"1536x1536":["https:\/\/bassin-arcachon.com\/wp-content\/uploads\/2026\/01\/2015_HD_Viree-velo-Bassin_BIETTE-10-scaled-1-1536x1024.jpg",1536,1024,true],"2048x2048":["https:\/\/bassin-arcachon.com\/wp-content\/uploads\/2026\/01\/2015_HD_Viree-velo-Bassin_BIETTE-10-scaled-1-2048x1366.jpg",2048,1366,true],"trp-custom-language-flag":["https:\/\/bassin-arcachon.com\/wp-content\/uploads\/2026\/01\/2015_HD_Viree-velo-Bassin_BIETTE-10-scaled-1-18x12.jpg",18,12,true]},"uagb_author_info":{"display_name":"Marie Clauzel","author_link":"https:\/\/bassin-arcachon.com\/es\/author\/mariesiba\/"},"uagb_comment_info":0,"uagb_excerpt":"Nouvelle saison, nouveaux d\u00e9fis ! Et si, cette ann\u00e9e, vous vous lanciez dans un tour du Bassin&#8230;\u00e0 v\u00e9lo ? 62 km de pourtour, mais plus de 330 km de pistes [&hellip;]","_links":{"self":[{"href":"https:\/\/bassin-arcachon.com\/es\/wp-json\/wp\/v2\/posts\/204037","targetHints":{"allow":["GET"]}}],"collection":[{"href":"https:\/\/bassin-arcachon.com\/es\/wp-json\/wp\/v2\/posts"}],"about":[{"href":"https:\/\/bassin-arcachon.com\/es\/wp-json\/wp\/v2\/types\/post"}],"author":[{"embeddable":true,"href":"https:\/\/bassin-arcachon.com\/es\/wp-json\/wp\/v2\/users\/25"}],"replies":[{"embeddable":true,"href":"https:\/\/bassin-arcachon.com\/es\/wp-json\/wp\/v2\/comments?post=204037"}],"version-history":[{"count":60,"href":"https:\/\/bassin-arcachon.com\/es\/wp-json\/wp\/v2\/posts\/204037\/revisions"}],"predecessor-version":[{"id":244839,"href":"https:\/\/bassin-arcachon.com\/es\/wp-json\/wp\/v2\/posts\/204037\/revisions\/244839"}],"wp:featuredmedia":[{"embeddable":true,"href":"https:\/\/bassin-arcachon.com\/es\/wp-json\/wp\/v2\/media\/223651"}],"wp:attachment":[{"href":"https:\/\/bassin-arcachon.com\/es\/wp-json\/wp\/v2\/media?parent=204037"}],"wp:term":[{"taxonomy":"category","embeddable":true,"href":"https:\/\/bassin-arcachon.com\/es\/wp-json\/wp\/v2\/categories?post=204037"},{"taxonomy":"post_tag","embeddable":true,"href":"https:\/\/bassin-arcachon.com\/es\/wp-json\/wp\/v2\/tags?post=204037"}],"curies":[{"name":"wp","href":"https:\/\/api.w.org\/{rel}","templated":true}]}}