{"id":26590,"date":"2025-11-13T08:00:25","date_gmt":"2025-11-13T07:00:25","guid":{"rendered":"https:\/\/www.bassin-arcachon.com\/?p=26590"},"modified":"2025-12-08T09:22:35","modified_gmt":"2025-12-08T08:22:35","slug":"fiesta-cabanas-andernos-2","status":"publish","type":"post","link":"https:\/\/bassin-arcachon.com\/es\/cabanes-en-fete-andernos\/","title":{"rendered":"Caba\u00f1as festivas"},"content":{"rendered":"<h2 class=\"wp-block-heading\"><span style=\"color: #000000;\">\u00a1Cabanes en F\u00eates en Andernos celebra este a\u00f1o su 15.\u00ba aniversario! \ud83c\udf89<\/span><\/h2>\n\n\n\n<div class=\"wp-block-uagb-container uagb-block-e7124ad4 alignfull uagb-is-root-container\"><div class=\"uagb-container-inner-blocks-wrap\"><\/div><\/div>\n\n\n\n<p>Reserva la fecha: como cada a\u00f1o, el puerto ostr\u00edcola de Andernos-les-Bains acoger\u00e1 la gran celebraci\u00f3n festiva de las ostras y el vino de Entre-Deux-Mers <strong>la <span style=\"color: #ff0000;\"><mark style=\"background-color:rgba(0, 0, 0, 0)\" class=\"has-inline-color has-black-color\">S\u00e1bado, 6 de diciembre de 2025<\/mark><\/span> !<\/strong><\/p>\n\n\n\n<p>Cabanes en F\u00eate es una demostraci\u00f3n<strong> unico<\/strong> donde valoramos <strong>la autenticidad y el arte de vivir &quot;bien desde casa&quot;<\/strong>, el momento de un d\u00eda imperdible de diciembre.<\/p>\n\n\n\n<p><strong>El acceso a las catas en las caba\u00f1as solo es posible con el pase 2025, cuyo precio es de 11 \u20ac. <\/strong>(compuesto por 1 bolsa, 1 copa de degustaci\u00f3n, 1 tenedor para ostras, 1 ticket para 3 ostras n.\u00ba 3, 1 copa de vino Entre-Deux-Mers y acceso a Chefs \u00e0 bord)<strong>. <mark style=\"background-color:rgba(0, 0, 0, 0)\" class=\"has-inline-color has-vivid-red-color\">Atenci\u00f3n: el pase est\u00e1 prohibido para menores de 18 a\u00f1os, se prestar\u00e1 especial atenci\u00f3n a este tema.<\/mark><\/strong><br><strong>Acceder al enlace de preventa: <a href=\"https:\/\/animations.andernos-tourisme.fr\/cabanes-en-fete\/pass-cabanes-en-fete\" target=\"_blank\" rel=\"noopener\">https:\/\/animations.andernos-tourisme.fr\/cabanes-en-fete\/pass-cabanes-en-fete<\/a>. <\/strong><br>Descargalo <strong>programa completo del evento en PDF<\/strong> seguro : <strong><a href=\"https:\/\/www.andernoslesbains.fr\/cabanes-en-fete\/\" target=\"_blank\" rel=\"noreferrer noopener\">EL PROGRAMA 2025<\/a><\/strong><\/p>\n\n\n\n<p>Para los que deseen vestirse con los colores de la fiesta, <strong>La terracota es la protagonista este a\u00f1o.<\/strong> ! Para la ocasi\u00f3n, sudaderas, chaquetas e incluso chaquetones est\u00e1n disponibles en<strong> yo<a href=\"https:\/\/andernos-tourisme.fr\/\" target=\"_blank\" rel=\"noopener\">Oficina de Turismo de Andernos<\/a>, <\/strong>y a <a href=\"https:\/\/www.facebook.com\/latelier.effetmer.5\/\" target=\"_blank\" rel=\"noopener\"><strong>Taller Efecto Mar<\/strong><\/a> en 33 Avenue du G\u00e9n\u00e9ral de Gaulle (calle peatonal).<\/p>\n\n\n\n<div class=\"wp-block-uagb-container uagb-block-fe9efd2c alignfull uagb-is-root-container\"><div class=\"uagb-container-inner-blocks-wrap\"><\/div><\/div>\n\n\n\n<figure class=\"wp-block-image size-full\"><img loading=\"lazy\" decoding=\"async\" width=\"2048\" height=\"1152\" src=\"https:\/\/bassin-arcachon.com\/wp-content\/uploads\/2024\/11\/\u00a9F.-NEVEUX-Andernos-Tourisme-24.jpg\" alt=\"- - Bassin d&#039;Arcachon\" class=\"wp-image-190753\" title=\"- - Bassin d&#039;Arcachon\" srcset=\"https:\/\/bassin-arcachon.com\/wp-content\/uploads\/2024\/11\/\u00a9F.-NEVEUX-Andernos-Tourisme-24.jpg 2048w, https:\/\/bassin-arcachon.com\/wp-content\/uploads\/2024\/11\/\u00a9F.-NEVEUX-Andernos-Tourisme-24-600x338.jpg 600w, https:\/\/bassin-arcachon.com\/wp-content\/uploads\/2024\/11\/\u00a9F.-NEVEUX-Andernos-Tourisme-24-1024x576.jpg 1024w, https:\/\/bassin-arcachon.com\/wp-content\/uploads\/2024\/11\/\u00a9F.-NEVEUX-Andernos-Tourisme-24-768x432.jpg 768w, https:\/\/bassin-arcachon.com\/wp-content\/uploads\/2024\/11\/\u00a9F.-NEVEUX-Andernos-Tourisme-24-1536x864.jpg 1536w, https:\/\/bassin-arcachon.com\/wp-content\/uploads\/2024\/11\/\u00a9F.-NEVEUX-Andernos-Tourisme-24-18x10.jpg 18w\" sizes=\"auto, (max-width: 2048px) 100vw, 2048px\" \/><\/figure>\n\n\n\n<div class=\"wp-block-uagb-container uagb-block-67a05cb2 alignfull uagb-is-root-container\"><div class=\"uagb-container-inner-blocks-wrap\">\n<figure class=\"wp-block-image size-large\"><img loading=\"lazy\" decoding=\"async\" width=\"1024\" height=\"576\" src=\"https:\/\/bassin-arcachon.com\/wp-content\/uploads\/2024\/11\/\u00a9F.-NEVEUX-Andernos-Tourisme-14-1-1024x576.jpg\" alt=\"- - Bassin d&#039;Arcachon\" class=\"wp-image-190759\" title=\"- - Bassin d&#039;Arcachon\" srcset=\"https:\/\/bassin-arcachon.com\/wp-content\/uploads\/2024\/11\/\u00a9F.-NEVEUX-Andernos-Tourisme-14-1-1024x576.jpg 1024w, https:\/\/bassin-arcachon.com\/wp-content\/uploads\/2024\/11\/\u00a9F.-NEVEUX-Andernos-Tourisme-14-1-600x338.jpg 600w, https:\/\/bassin-arcachon.com\/wp-content\/uploads\/2024\/11\/\u00a9F.-NEVEUX-Andernos-Tourisme-14-1-768x432.jpg 768w, https:\/\/bassin-arcachon.com\/wp-content\/uploads\/2024\/11\/\u00a9F.-NEVEUX-Andernos-Tourisme-14-1-1536x864.jpg 1536w, https:\/\/bassin-arcachon.com\/wp-content\/uploads\/2024\/11\/\u00a9F.-NEVEUX-Andernos-Tourisme-14-1-18x10.jpg 18w, https:\/\/bassin-arcachon.com\/wp-content\/uploads\/2024\/11\/\u00a9F.-NEVEUX-Andernos-Tourisme-14-1.jpg 2048w\" sizes=\"auto, (max-width: 1024px) 100vw, 1024px\" \/><\/figure>\n<\/div><\/div>\n\n\n\n<h5 class=\"wp-block-heading\">\u00a9 Oficina de Turismo de Andernos<\/h5>\n\n\n\n<div class=\"wp-block-uagb-container uagb-block-fd6fde58 alignfull uagb-is-root-container\"><div class=\"uagb-container-inner-blocks-wrap\"><\/div><\/div>\n\n\n\n<h2 class=\"wp-block-heading\"><span style=\"color: #000000;\">Una fiesta imperdible \ud83e\uddaa<\/span><\/h2>\n\n\n\n<p>Una vez al a\u00f1o, el <b>45 caba\u00f1as<\/b><strong> t\u00edpico y colorido<\/strong> del puerto ostrero acogen a los m\u00e1s de 20.000 visitantes que acuden<strong> Pruebe las ostras directamente del productor y el vino blanco de los viticultores de Entre-Deux-Mers.<\/strong> : no se puede encontrar m\u00e1s fresco o m\u00e1s local!<\/p>\n\n\n\n<p>Desde <strong>recetas originales con influencias marineras<\/strong> son propuestas por los chefs de los restaurantes vecinos, mientras artistas, pintores, fot\u00f3grafos y escultores exhiben su arte.<\/p>\n\n\n\n<p>Paseando por los muelles nos encontramos <strong>bandas<\/strong> y los <strong>orquestas felices<\/strong>, con el que es f\u00e1cil entonar <strong>chabolas o canciones tradicionales del mar del suroeste conocidas por todos<\/strong>. Y tambi\u00e9n admiramos la <strong>regata pinaza<\/strong> (barco tradicional Bassin).<\/p>\n\n\n\n<div class=\"wp-block-uagb-container uagb-block-71b64de3 alignfull uagb-is-root-container\"><div class=\"uagb-container-inner-blocks-wrap\"><\/div><\/div>\n\n\n\n<figure class=\"wp-block-image size-full\"><img loading=\"lazy\" decoding=\"async\" width=\"2000\" height=\"700\" src=\"https:\/\/bassin-arcachon.com\/wp-content\/uploads\/2022\/11\/Sans-titre-1600-\u00d7-700-px-2000-\u00d7-700-px.jpg\" alt=\"- - Bassin d&#039;Arcachon\" class=\"wp-image-52716\" title=\"- - Bassin d&#039;Arcachon\" srcset=\"https:\/\/bassin-arcachon.com\/wp-content\/uploads\/2022\/11\/Sans-titre-1600-\u00d7-700-px-2000-\u00d7-700-px.jpg 2000w, https:\/\/bassin-arcachon.com\/wp-content\/uploads\/2022\/11\/Sans-titre-1600-\u00d7-700-px-2000-\u00d7-700-px-600x210.jpg 600w, https:\/\/bassin-arcachon.com\/wp-content\/uploads\/2022\/11\/Sans-titre-1600-\u00d7-700-px-2000-\u00d7-700-px-1024x358.jpg 1024w, https:\/\/bassin-arcachon.com\/wp-content\/uploads\/2022\/11\/Sans-titre-1600-\u00d7-700-px-2000-\u00d7-700-px-768x269.jpg 768w, https:\/\/bassin-arcachon.com\/wp-content\/uploads\/2022\/11\/Sans-titre-1600-\u00d7-700-px-2000-\u00d7-700-px-1536x538.jpg 1536w, https:\/\/bassin-arcachon.com\/wp-content\/uploads\/2022\/11\/Sans-titre-1600-\u00d7-700-px-2000-\u00d7-700-px-18x6.jpg 18w\" sizes=\"auto, (max-width: 2000px) 100vw, 2000px\" \/><\/figure>\n\n\n\n<figure class=\"wp-block-image size-full\"><img loading=\"lazy\" decoding=\"async\" width=\"2000\" height=\"2000\" src=\"https:\/\/bassin-arcachon.com\/wp-content\/uploads\/2022\/11\/Sans-titre-23.jpg\" alt=\"- - Bassin d&#039;Arcachon\" class=\"wp-image-52719\" title=\"- - Bassin d&#039;Arcachon\" srcset=\"https:\/\/bassin-arcachon.com\/wp-content\/uploads\/2022\/11\/Sans-titre-23.jpg 2000w, https:\/\/bassin-arcachon.com\/wp-content\/uploads\/2022\/11\/Sans-titre-23-600x600.jpg 600w, https:\/\/bassin-arcachon.com\/wp-content\/uploads\/2022\/11\/Sans-titre-23-1024x1024.jpg 1024w, https:\/\/bassin-arcachon.com\/wp-content\/uploads\/2022\/11\/Sans-titre-23-150x150.jpg 150w, https:\/\/bassin-arcachon.com\/wp-content\/uploads\/2022\/11\/Sans-titre-23-768x768.jpg 768w, https:\/\/bassin-arcachon.com\/wp-content\/uploads\/2022\/11\/Sans-titre-23-1536x1536.jpg 1536w, https:\/\/bassin-arcachon.com\/wp-content\/uploads\/2022\/11\/Sans-titre-23-12x12.jpg 12w\" sizes=\"auto, (max-width: 2000px) 100vw, 2000px\" \/><\/figure>\n\n\n\n<h5 class=\"wp-block-heading\">\u00a9 Turismo Gironda \u2013 David Remazeilles<\/h5>\n\n\n\n<div class=\"wp-block-uagb-container uagb-block-c397d59a alignfull uagb-is-root-container\"><div class=\"uagb-container-inner-blocks-wrap\"><\/div><\/div>\n\n\n\n<p>Por la tarde, bajo la gran carpa de colores, <strong>grandes chefs revelan sus secretos de fabricaci\u00f3n y prueban nuevas recetas<\/strong>. Ya no contamos los <strong>sonrisas intercambiadas con extra\u00f1os encontrados durante estos vagabundeos<\/strong>, todos transportados por la misma emoci\u00f3n.<\/p>\n\n\n\n<p>Y cuando cae la noche, todos miran las estrellas para<strong> admira los fuegos artificiales a las 20:00 horas, que cierran este d\u00eda lleno de colores y sabores.<\/strong><\/p>\n\n\n\n<div class=\"wp-block-uagb-container uagb-block-b45fe880 alignfull uagb-is-root-container\"><div class=\"uagb-container-inner-blocks-wrap\"><\/div><\/div>\n\n\n\n<figure class=\"wp-block-image\"><img decoding=\"async\" src=\"https:\/\/www.bassin-arcachon.com\/wp-content\/uploads\/2018\/11\/En-attente-du-feu-dartifice-cabanes-en-fete-1024x683.jpg\" alt=\"- - Bassin d&#039;Arcachon\" title=\"- - Bassin d&#039;Arcachon\"><\/figure>\n\n\n\n<h5 class=\"wp-block-heading\">\u00a9 Oficina de Turismo de Andernos<\/h5>\n\n\n\n<div class=\"wp-block-uagb-container uagb-block-3d9b3699 alignfull uagb-is-root-container\"><div class=\"uagb-container-inner-blocks-wrap\"><\/div><\/div>\n\n\n\n<p>La entrada a Cabanes en F\u00eate es gratuita. Informaci\u00f3n en<strong><a href=\"https:\/\/andernos-tourisme.fr\/\" target=\"_blank\" rel=\"noopener\">Oficina de Turismo de Andernos<\/a><\/strong><\/p>\n\n\n\n<p><\/p>","protected":false},"excerpt":{"rendered":"<p>Reserve la fecha: como cada a\u00f1o, el puerto ostr\u00edcola de Andernos-les-Bains acoger\u00e1 la gran celebraci\u00f3n festiva de las ostras y el vino de Entre-Deux-Mers el s\u00e1bado 2 de diciembre de 2023.<\/p>","protected":false},"author":14,"featured_media":97702,"comment_status":"open","ping_status":"closed","sticky":false,"template":"","format":"standard","meta":{"_acf_changed":false,"_uag_custom_page_level_css":"","footnotes":""},"categories":[2132],"tags":[63,76,244,242],"class_list":["post-26590","post","type-post","status-publish","format-standard","has-post-thumbnail","hentry","category-gastronomie","tag-bassin","tag-bassin-darcachon","tag-cabanes-en-fete","tag-hiver"],"acf":[],"uagb_featured_image_src":{"full":["https:\/\/bassin-arcachon.com\/wp-content\/uploads\/2024\/11\/38795007642_d83f63e160_o-1-scaled.jpg",2560,1707,false],"thumbnail":["https:\/\/bassin-arcachon.com\/wp-content\/uploads\/2024\/11\/38795007642_d83f63e160_o-1-scaled-150x150.jpg",150,150,true],"medium":["https:\/\/bassin-arcachon.com\/wp-content\/uploads\/2024\/11\/38795007642_d83f63e160_o-1-scaled-600x400.jpg",600,400,true],"medium_large":["https:\/\/bassin-arcachon.com\/wp-content\/uploads\/2024\/11\/38795007642_d83f63e160_o-1-scaled-768x512.jpg",768,512,true],"large":["https:\/\/bassin-arcachon.com\/wp-content\/uploads\/2024\/11\/38795007642_d83f63e160_o-1-scaled-1024x683.jpg",1024,683,true],"1536x1536":["https:\/\/bassin-arcachon.com\/wp-content\/uploads\/2024\/11\/38795007642_d83f63e160_o-1-scaled-1536x1024.jpg",1536,1024,true],"2048x2048":["https:\/\/bassin-arcachon.com\/wp-content\/uploads\/2024\/11\/38795007642_d83f63e160_o-1-scaled-2048x1366.jpg",2048,1366,true],"trp-custom-language-flag":["https:\/\/bassin-arcachon.com\/wp-content\/uploads\/2024\/11\/38795007642_d83f63e160_o-1-scaled-18x12.jpg",18,12,true]},"uagb_author_info":{"display_name":"Louise de l'Office de Tourisme d'Andernos","author_link":"https:\/\/bassin-arcachon.com\/es\/author\/louise-ot-andernos\/"},"uagb_comment_info":0,"uagb_excerpt":"Save the date : comme chaque ann\u00e9e, le port ostr\u00e9icole d\u2019Andernos-les-Bains accueillera la grande c\u00e9l\u00e9bration festive des hu\u00eetres et du vin de l\u2019Entre-Deux-Mers le samedi 2 d\u00e9cembre 2023 !","_links":{"self":[{"href":"https:\/\/bassin-arcachon.com\/es\/wp-json\/wp\/v2\/posts\/26590","targetHints":{"allow":["GET"]}}],"collection":[{"href":"https:\/\/bassin-arcachon.com\/es\/wp-json\/wp\/v2\/posts"}],"about":[{"href":"https:\/\/bassin-arcachon.com\/es\/wp-json\/wp\/v2\/types\/post"}],"author":[{"embeddable":true,"href":"https:\/\/bassin-arcachon.com\/es\/wp-json\/wp\/v2\/users\/14"}],"replies":[{"embeddable":true,"href":"https:\/\/bassin-arcachon.com\/es\/wp-json\/wp\/v2\/comments?post=26590"}],"version-history":[{"count":22,"href":"https:\/\/bassin-arcachon.com\/es\/wp-json\/wp\/v2\/posts\/26590\/revisions"}],"predecessor-version":[{"id":198402,"href":"https:\/\/bassin-arcachon.com\/es\/wp-json\/wp\/v2\/posts\/26590\/revisions\/198402"}],"wp:featuredmedia":[{"embeddable":true,"href":"https:\/\/bassin-arcachon.com\/es\/wp-json\/wp\/v2\/media\/97702"}],"wp:attachment":[{"href":"https:\/\/bassin-arcachon.com\/es\/wp-json\/wp\/v2\/media?parent=26590"}],"wp:term":[{"taxonomy":"category","embeddable":true,"href":"https:\/\/bassin-arcachon.com\/es\/wp-json\/wp\/v2\/categories?post=26590"},{"taxonomy":"post_tag","embeddable":true,"href":"https:\/\/bassin-arcachon.com\/es\/wp-json\/wp\/v2\/tags?post=26590"}],"curies":[{"name":"wp","href":"https:\/\/api.w.org\/{rel}","templated":true}]}}