{"id":26657,"date":"2021-03-04T08:30:53","date_gmt":"2021-03-04T07:30:53","guid":{"rendered":"https:\/\/www.bassin-arcachon.com\/?p=26657"},"modified":"2023-12-19T12:14:39","modified_gmt":"2023-12-19T11:14:39","slug":"escapada-de-otono-con-amigas-en-andernos-bains","status":"publish","type":"post","link":"https:\/\/bassin-arcachon.com\/es\/escapade-automnale-entre-copines-a-andernos-bains\/","title":{"rendered":"Escapada con amigos en Andernos"},"content":{"rendered":"<p>Las vacaciones han terminado, los ni\u00f1os han vuelto a la escuela y todav\u00eda recordamos los hermosos momentos que pasamos juntos. Por un d\u00eda, nos juntamos como chicas para rehacer la pel\u00edcula de nuestras vacaciones.<\/p>\n\n\n\n<h2 class=\"wp-block-heading\">Una ma\u00f1ana en bicicleta para descubrir las villas andernosianas<\/h2>\n\n\n\n<p>Nos reunimos temprano por la ma\u00f1ana con Laure, que nos espera con sus magn\u00edficas bicicletas al pie de la iglesia de St Eloi. Ofrece visitas guiadas a la Bassin en bicicleta: \u00a1una forma ins\u00f3lita de (re)descubrir nuestra ciudad!<\/p>\n\n\n\n<figure class=\"wp-block-image\"><img decoding=\"async\" src=\"https:\/\/www.bassin-arcachon.com\/wp-content\/uploads\/2018\/10\/andernos-velo-SIBA-agence-les-conteurs-34-1024x682.jpg\" alt=\"Paseo en bicicleta para descubrir las villas de Andernos-les-Bains\" class=\"wp-image-26670\" title=\"- - Bassin d&#039;Arcachon\"><\/figure>\n\n\n\n<p>Aunque algunos de nosotros nacimos y vivimos en la Bassin de Arcachon, nos detenemos frente a villas que nunca hab\u00edamos visto desde este \u00e1ngulo. Laure nos gu\u00eda por los callejones y nos invita a mirar lugares que ella punt\u00faa con an\u00e9cdotas. \u00a1Una visita muy bonita que nos encant\u00f3!<\/p>\n\n\n\n<figure class=\"wp-block-image size-full\"><img loading=\"lazy\" decoding=\"async\" width=\"960\" height=\"600\" src=\"https:\/\/bassin-arcachon.com\/wp-content\/uploads\/2018\/10\/villa-andernos-velo.jpg\" alt=\"Un paseo en bicicleta por los callejones de Andernos-les-Bains\" class=\"wp-image-26669\" title=\"- - Bassin d&#039;Arcachon\" srcset=\"https:\/\/bassin-arcachon.com\/wp-content\/uploads\/2018\/10\/villa-andernos-velo.jpg 960w, https:\/\/bassin-arcachon.com\/wp-content\/uploads\/2018\/10\/villa-andernos-velo-600x375.jpg 600w, https:\/\/bassin-arcachon.com\/wp-content\/uploads\/2018\/10\/villa-andernos-velo-768x480.jpg 768w, https:\/\/bassin-arcachon.com\/wp-content\/uploads\/2018\/10\/villa-andernos-velo-18x12.jpg 18w\" sizes=\"auto, (max-width: 960px) 100vw, 960px\" \/><\/figure>\n\n\n\n<figure class=\"wp-block-image\"><img decoding=\"async\" src=\"https:\/\/www.bassin-arcachon.com\/wp-content\/uploads\/2018\/10\/andernos-velo-SIBA-agence-les-conteurs-50-1024x682.jpg\" alt=\"Las hermosas villas en Andernos\" class=\"wp-image-26668\" title=\"- - Bassin d&#039;Arcachon\"><\/figure>\n\n\n\n<h2 class=\"wp-block-heading\">Degustaci\u00f3n de ostras junto al agua.<\/h2>\n\n\n\n<p>Todav\u00eda en bicicleta, nos dirigimos hacia el puerto de ostras, donde <strong>Pauline nos espera en su choza de ostras <\/strong>para una degustaci\u00f3n delante del Bassin. Es una bonita historia la que nos cuenta, ya que desde hace algunos a\u00f1os dirige su caba\u00f1a con su marido Cl\u00e9ment.<\/p>\n\n\n\n<figure class=\"wp-block-image\"><img decoding=\"async\" src=\"https:\/\/www.bassin-arcachon.com\/wp-content\/uploads\/2018\/10\/andernos-huitres-SIBA-agence-les-conteurs-36-1024x682.jpg\" alt=\"Cata de ostras - Perlostrea\" class=\"wp-image-26671\" title=\"- - Bassin d&#039;Arcachon\"><\/figure>\n\n\n\n<figure class=\"wp-block-image\"><img decoding=\"async\" src=\"https:\/\/www.bassin-arcachon.com\/wp-content\/uploads\/2018\/10\/andernos-huitres-SIBA-agence-les-conteurs-39-1024x682.jpg\" alt=\"Plato de ostras en Andernos-les-Bains\" class=\"wp-image-26672\" title=\"- - Bassin d&#039;Arcachon\"><\/figure>\n\n\n\n<p>Una hermosa fuente de ostras, la vista panor\u00e1mica, el sol calent\u00e1ndonos la espalda y la de nuestros amigos, el momento perfecto para poner el mundo en orden y contar los recuerdos de nuestras vacaciones.<\/p>\n\n\n\n<figure class=\"wp-block-image size-full\"><img loading=\"lazy\" decoding=\"async\" width=\"900\" height=\"600\" src=\"https:\/\/bassin-arcachon.com\/wp-content\/uploads\/2018\/10\/degustation-huitres-perlostrea.jpg\" alt=\"Degustaci\u00f3n de ostras en Perlostrea\" class=\"wp-image-26673\" title=\"- - Bassin d&#039;Arcachon\" srcset=\"https:\/\/bassin-arcachon.com\/wp-content\/uploads\/2018\/10\/degustation-huitres-perlostrea.jpg 900w, https:\/\/bassin-arcachon.com\/wp-content\/uploads\/2018\/10\/degustation-huitres-perlostrea-600x400.jpg 600w, https:\/\/bassin-arcachon.com\/wp-content\/uploads\/2018\/10\/degustation-huitres-perlostrea-768x512.jpg 768w, https:\/\/bassin-arcachon.com\/wp-content\/uploads\/2018\/10\/degustation-huitres-perlostrea-18x12.jpg 18w\" sizes=\"auto, (max-width: 900px) 100vw, 900px\" \/><\/figure>\n\n\n\n<h2 class=\"wp-block-heading\">Ir de compras y pasear por las calles de Andernos<\/h2>\n\n\n\n<p>La tarde est\u00e1 reservada para ir de compras por las calles peatonales del centro de la ciudad. Es un peque\u00f1o ritual que nos gusta seguir cada vacaciones. Con el tiempo, \u00a1no sorprende que los comerciantes comiencen a reconocernos! <strong>chocolates y pasteles <\/strong>a <strong>la nueva colecci\u00f3n de la peque\u00f1a boutique local<\/strong>\u2026 Siempre es un placer entrar y saber que vamos a descubrir un nuevo hallazgo.<\/p>\n\n\n\n<figure class=\"wp-block-image size-full\"><img loading=\"lazy\" decoding=\"async\" width=\"960\" height=\"600\" src=\"https:\/\/bassin-arcachon.com\/wp-content\/uploads\/2018\/10\/commerces-andernos.jpg\" alt=\"Tiendas en Andernos\" class=\"wp-image-26675\" title=\"- - Bassin d&#039;Arcachon\" srcset=\"https:\/\/bassin-arcachon.com\/wp-content\/uploads\/2018\/10\/commerces-andernos.jpg 960w, https:\/\/bassin-arcachon.com\/wp-content\/uploads\/2018\/10\/commerces-andernos-600x375.jpg 600w, https:\/\/bassin-arcachon.com\/wp-content\/uploads\/2018\/10\/commerces-andernos-768x480.jpg 768w, https:\/\/bassin-arcachon.com\/wp-content\/uploads\/2018\/10\/commerces-andernos-18x12.jpg 18w\" sizes=\"auto, (max-width: 960px) 100vw, 960px\" \/><\/figure>\n\n\n\n<p>Terminamos esta tarde de compras con un helado artesanal. En cuanto a las vacaciones, \u00a1nos dirigimos hacia el muelle para apreciarlo como debe ser!<\/p>\n\n\n\n<figure class=\"wp-block-image size-full\"><img loading=\"lazy\" decoding=\"async\" width=\"960\" height=\"600\" src=\"https:\/\/bassin-arcachon.com\/wp-content\/uploads\/2018\/10\/glace-jetee-andernos.jpg\" alt=\"Un helado en el muelle de Andernos\" class=\"wp-image-26674\" title=\"- - Bassin d&#039;Arcachon\" srcset=\"https:\/\/bassin-arcachon.com\/wp-content\/uploads\/2018\/10\/glace-jetee-andernos.jpg 960w, https:\/\/bassin-arcachon.com\/wp-content\/uploads\/2018\/10\/glace-jetee-andernos-600x375.jpg 600w, https:\/\/bassin-arcachon.com\/wp-content\/uploads\/2018\/10\/glace-jetee-andernos-768x480.jpg 768w, https:\/\/bassin-arcachon.com\/wp-content\/uploads\/2018\/10\/glace-jetee-andernos-18x12.jpg 18w\" sizes=\"auto, (max-width: 960px) 100vw, 960px\" \/><\/figure>\n\n\n\n<h2 class=\"wp-block-heading\">Paseo con los ni\u00f1os a Quinconces<\/h2>\n\n\n\n<p>La tribu se une a nosotros al final del d\u00eda para <strong>un paseo por los Quinconces<\/strong>, cuando las luces comienzan a brillar. Una escapada sencilla, en plena naturaleza, donde aprender\u00e1s a rebotar y pescar cangrejos sin que te pillen.<\/p>\n\n\n\n<figure class=\"wp-block-image\"><img decoding=\"async\" src=\"https:\/\/www.bassin-arcachon.com\/wp-content\/uploads\/2018\/10\/andernos-quinconces-SIBA-agence-les-conteurs-7-1024x682.jpg\" alt=\"Quinconces en Andernos\" class=\"wp-image-26676\" title=\"- - Bassin d&#039;Arcachon\"><\/figure>\n\n\n\n<figure class=\"wp-block-image\"><img decoding=\"async\" src=\"https:\/\/www.bassin-arcachon.com\/wp-content\/uploads\/2018\/10\/andernos-quinconces-SIBA-agence-les-conteurs-10-1024x682.jpg\" alt=\"Sol de oto\u00f1o en los Quinconces de Andernos\" class=\"wp-image-26677\" title=\"- - Bassin d&#039;Arcachon\"><\/figure>\n\n\n\n<figure class=\"wp-block-image size-full\"><img loading=\"lazy\" decoding=\"async\" width=\"900\" height=\"600\" src=\"https:\/\/bassin-arcachon.com\/wp-content\/uploads\/2018\/10\/balades-amis-quinconces-andernos.jpg\" alt=\"Con amigos en los Quinconces de Andernos\" class=\"wp-image-26679\" title=\"- - Bassin d&#039;Arcachon\" srcset=\"https:\/\/bassin-arcachon.com\/wp-content\/uploads\/2018\/10\/balades-amis-quinconces-andernos.jpg 900w, https:\/\/bassin-arcachon.com\/wp-content\/uploads\/2018\/10\/balades-amis-quinconces-andernos-600x400.jpg 600w, https:\/\/bassin-arcachon.com\/wp-content\/uploads\/2018\/10\/balades-amis-quinconces-andernos-768x512.jpg 768w, https:\/\/bassin-arcachon.com\/wp-content\/uploads\/2018\/10\/balades-amis-quinconces-andernos-18x12.jpg 18w\" sizes=\"auto, (max-width: 900px) 100vw, 900px\" \/><\/figure>\n\n\n\n<p>Con estos colores m\u00e1gicos, es imposible resistirse al deseo de un viaje al puerto de ostras. Sacamos el monopat\u00edn y la bici para dar un \u00faltimo paseo antes de volver a casa\u2026<\/p>\n\n\n\n<figure class=\"wp-block-image size-full\"><img loading=\"lazy\" decoding=\"async\" width=\"1000\" height=\"800\" src=\"https:\/\/bassin-arcachon.com\/wp-content\/uploads\/2018\/10\/port-andernos.jpg\" alt=\"Oto\u00f1o en el puerto de Andernos\" class=\"wp-image-26681\" title=\"- - Bassin d&#039;Arcachon\" srcset=\"https:\/\/bassin-arcachon.com\/wp-content\/uploads\/2018\/10\/port-andernos.jpg 1000w, https:\/\/bassin-arcachon.com\/wp-content\/uploads\/2018\/10\/port-andernos-600x480.jpg 600w, https:\/\/bassin-arcachon.com\/wp-content\/uploads\/2018\/10\/port-andernos-768x614.jpg 768w, https:\/\/bassin-arcachon.com\/wp-content\/uploads\/2018\/10\/port-andernos-15x12.jpg 15w\" sizes=\"auto, (max-width: 1000px) 100vw, 1000px\" \/><\/figure>","protected":false},"excerpt":{"rendered":"<p>Les vacances sont finies, les enfants ont repris les chemins de l\u2019\u00e9cole et pourtant, nous avons encore \u00e0 l\u2019esprit les beaux moments pass\u00e9s ensemble. Le temps d\u2019une journ\u00e9e, nous nous [&hellip;]<\/p>\n","protected":false},"author":13,"featured_media":26680,"comment_status":"closed","ping_status":"closed","sticky":false,"template":"","format":"standard","meta":{"_acf_changed":false,"_uag_custom_page_level_css":"","footnotes":""},"categories":[2130],"tags":[],"class_list":["post-26657","post","type-post","status-publish","format-standard","has-post-thumbnail","hentry","category-bien-etre"],"acf":[],"uagb_featured_image_src":{"full":["https:\/\/bassin-arcachon.com\/wp-content\/uploads\/2018\/10\/andernos-velo-SIBA-agence-les-conteurs-103-e1546467462792.jpg",1000,667,false],"thumbnail":["https:\/\/bassin-arcachon.com\/wp-content\/uploads\/2018\/10\/andernos-velo-SIBA-agence-les-conteurs-103-e1546467462792-150x150.jpg",150,150,true],"medium":["https:\/\/bassin-arcachon.com\/wp-content\/uploads\/2018\/10\/andernos-velo-SIBA-agence-les-conteurs-103-e1546467462792-600x400.jpg",600,400,true],"medium_large":["https:\/\/bassin-arcachon.com\/wp-content\/uploads\/2018\/10\/andernos-velo-SIBA-agence-les-conteurs-103-e1546467462792-768x512.jpg",768,512,true],"large":["https:\/\/bassin-arcachon.com\/wp-content\/uploads\/2018\/10\/andernos-velo-SIBA-agence-les-conteurs-103-e1546467462792.jpg",1000,667,false],"1536x1536":["https:\/\/bassin-arcachon.com\/wp-content\/uploads\/2018\/10\/andernos-velo-SIBA-agence-les-conteurs-103-e1546467462792.jpg",1000,667,false],"2048x2048":["https:\/\/bassin-arcachon.com\/wp-content\/uploads\/2018\/10\/andernos-velo-SIBA-agence-les-conteurs-103-e1546467462792.jpg",1000,667,false],"trp-custom-language-flag":["https:\/\/bassin-arcachon.com\/wp-content\/uploads\/2018\/10\/andernos-velo-SIBA-agence-les-conteurs-103-e1546467462792-18x12.jpg",18,12,true]},"uagb_author_info":{"display_name":"Marine, ambassadrice du Bassin d'Arcachon","author_link":"https:\/\/bassin-arcachon.com\/es\/author\/marineles-conteurs-com\/"},"uagb_comment_info":0,"uagb_excerpt":"Les vacances sont finies, les enfants ont repris les chemins de l\u2019\u00e9cole et pourtant, nous avons encore \u00e0 l\u2019esprit les beaux moments pass\u00e9s ensemble. Le temps d\u2019une journ\u00e9e, nous nous [&hellip;]","_links":{"self":[{"href":"https:\/\/bassin-arcachon.com\/es\/wp-json\/wp\/v2\/posts\/26657","targetHints":{"allow":["GET"]}}],"collection":[{"href":"https:\/\/bassin-arcachon.com\/es\/wp-json\/wp\/v2\/posts"}],"about":[{"href":"https:\/\/bassin-arcachon.com\/es\/wp-json\/wp\/v2\/types\/post"}],"author":[{"embeddable":true,"href":"https:\/\/bassin-arcachon.com\/es\/wp-json\/wp\/v2\/users\/13"}],"replies":[{"embeddable":true,"href":"https:\/\/bassin-arcachon.com\/es\/wp-json\/wp\/v2\/comments?post=26657"}],"version-history":[{"count":0,"href":"https:\/\/bassin-arcachon.com\/es\/wp-json\/wp\/v2\/posts\/26657\/revisions"}],"wp:featuredmedia":[{"embeddable":true,"href":"https:\/\/bassin-arcachon.com\/es\/wp-json\/wp\/v2\/media\/26680"}],"wp:attachment":[{"href":"https:\/\/bassin-arcachon.com\/es\/wp-json\/wp\/v2\/media?parent=26657"}],"wp:term":[{"taxonomy":"category","embeddable":true,"href":"https:\/\/bassin-arcachon.com\/es\/wp-json\/wp\/v2\/categories?post=26657"},{"taxonomy":"post_tag","embeddable":true,"href":"https:\/\/bassin-arcachon.com\/es\/wp-json\/wp\/v2\/tags?post=26657"}],"curies":[{"name":"wp","href":"https:\/\/api.w.org\/{rel}","templated":true}]}}