{"id":272581,"date":"2026-08-12T10:41:39","date_gmt":"2026-08-12T08:41:39","guid":{"rendered":"https:\/\/bassin-arcachon.com\/?p=272581"},"modified":"2026-08-12T10:42:47","modified_gmt":"2026-08-12T08:42:47","slug":"las-vacaciones-siguen-aqui","status":"publish","type":"post","link":"https:\/\/bassin-arcachon.com\/es\/les-vacances-continuent-ici\/","title":{"rendered":"\u00a1Las vacaciones siguen aqu\u00ed!"},"content":{"rendered":"<div class=\"wp-block-uagb-container uagb-block-0ec1cc3b alignfull uagb-is-root-container\"><div class=\"uagb-container-inner-blocks-wrap\">\n<p class=\"wp-block-paragraph\">Para los amantes del descanso \ud83d\udc99, de las delicias marinas con los pies en el agua \ud83e\uddaa, para los viejos lobos de mar \u26f5 o para aquellos que prefieren mantener los pies en tierra firme, entre vi\u00f1edos \ud83c\udf47 y patrimonio hist\u00f3rico \ud83e\udd29\u2026 \u00a1La ventaja de la Gironda es que no hace falta elegir! \u00a1Las vacaciones contin\u00faan aqu\u00ed! <\/p>\n<\/div><\/div>\n\n\n\n<div class=\"wp-block-uagb-container uagb-block-67ecbe8f alignfull uagb-is-root-container\"><div class=\"uagb-container-inner-blocks-wrap\">\n<figure class=\"wp-block-image size-large\"><img loading=\"lazy\" decoding=\"async\" width=\"1024\" height=\"385\" src=\"https:\/\/bassin-arcachon.com\/wp-content\/uploads\/2026\/08\/Capture-decran-2026-08-05-133544-1024x385.png\" alt=\"- - Bassin d&#039;Arcachon\" class=\"wp-image-272585\" title=\"- - Bassin d&#039;Arcachon\" srcset=\"https:\/\/bassin-arcachon.com\/wp-content\/uploads\/2026\/08\/Capture-decran-2026-08-05-133544-1024x385.png 1024w, https:\/\/bassin-arcachon.com\/wp-content\/uploads\/2026\/08\/Capture-decran-2026-08-05-133544-600x226.png 600w, https:\/\/bassin-arcachon.com\/wp-content\/uploads\/2026\/08\/Capture-decran-2026-08-05-133544-768x289.png 768w, https:\/\/bassin-arcachon.com\/wp-content\/uploads\/2026\/08\/Capture-decran-2026-08-05-133544-18x7.png 18w, https:\/\/bassin-arcachon.com\/wp-content\/uploads\/2026\/08\/Capture-decran-2026-08-05-133544.png 1411w\" sizes=\"auto, (max-width: 1024px) 100vw, 1024px\" \/><\/figure>\n<\/div><\/div>\n\n\n\n<div class=\"wp-block-uagb-container uagb-block-aaab1c53 alignfull uagb-is-root-container\"><div class=\"uagb-container-inner-blocks-wrap\">\n<h2 class=\"wp-block-heading\">Una campa\u00f1a de relanzamiento a nivel nacional e internacional<\/h2>\n<\/div><\/div>\n\n\n\n<div class=\"wp-block-uagb-container uagb-block-d3babc33 alignfull uagb-is-root-container\"><div class=\"uagb-container-inner-blocks-wrap\">\n<h3 class=\"wp-block-heading\">La SIBA se une a 15 socios del sector tur\u00edstico de Gironda para lanzar una campa\u00f1a colectiva de reactivaci\u00f3n<\/h3>\n<\/div><\/div>\n\n\n\n<div class=\"wp-block-uagb-container uagb-block-c41b119b alignfull uagb-is-root-container\"><div class=\"uagb-container-inner-blocks-wrap\">\n<p class=\"wp-block-paragraph\">La campa\u00f1a, lanzada el 5 de agosto en prensa, carteler\u00eda, medios digitales y redes sociales a escala nacional, se extender\u00e1 posteriormente a los principales mercados europeos con el apoyo de\u2019<a href=\"https:\/\/www.linkedin.com\/company\/atout-france\/\" target=\"_blank\" rel=\"noopener\"><strong>Atout France<\/strong><\/a> \ud83c\udf0d<\/p>\n<\/div><\/div>\n\n\n\n<div class=\"wp-block-uagb-container uagb-block-42aec5a6 alignfull uagb-is-root-container\"><div class=\"uagb-container-inner-blocks-wrap\">\n<figure class=\"wp-block-embed is-type-video is-provider-youtube wp-block-embed-youtube wp-embed-aspect-9-16 wp-has-aspect-ratio\"><div class=\"wp-block-embed__wrapper\">\n<iframe loading=\"lazy\" title=\"Las vacaciones siguen aqu\u00ed\" width=\"422\" height=\"750\" src=\"https:\/\/www.youtube.com\/embed\/NtVe5B64ciA?feature=oembed\" frameborder=\"0\" allow=\"accelerometer; autoplay; clipboard-write; encrypted-media; gyroscope; picture-in-picture; web-share\" referrerpolicy=\"strict-origin-when-cross-origin\" allowfullscreen><\/iframe>\n<\/div><\/figure>\n<\/div><\/div>\n\n\n\n<div class=\"wp-block-uagb-container uagb-block-6a011404 alignfull uagb-is-root-container\"><div class=\"uagb-container-inner-blocks-wrap\">\n<p class=\"wp-block-paragraph\"><strong>Sus objetivos \ud83c\udfaf:<br><\/strong><br>\u25b6\ufe0fPotenciar el atractivo del destino,<br>\u25b6\ufe0f Poner en valor la diversidad de experiencias que ofrece la regi\u00f3n,<br>\u25b6\ufe0f Fomentar las reservas de \u00faltima hora,<br>\u25b6\ufe0f Apoyar la afluencia de visitantes en la temporada baja.<\/p>\n<\/div><\/div>\n\n\n\n<div class=\"wp-block-uagb-container uagb-block-27311e79 alignfull uagb-is-root-container\"><div class=\"uagb-container-inner-blocks-wrap\">\n<h3 class=\"wp-block-heading\">\u00bfLo hab\u00e9is visto? \u00a1No dud\u00e9is en enviarnos vuestras impresiones a communication@siba-bassin-arcachon.fr! Y, por supuesto, \u00a1compartidlo con vuestros conocidos, vuestra red de contactos o vuestra clientela! <\/h3>\n<\/div><\/div>\n\n\n\n<div class=\"wp-block-uagb-container uagb-block-36b78298 alignfull uagb-is-root-container\"><div class=\"uagb-container-inner-blocks-wrap\">\n<p class=\"wp-block-paragraph\"><em>Esta movilizaci\u00f3n cuenta con el apoyo conjunto de: <strong><a href=\"https:\/\/en-nouvelle-aquitaine.fr\/\" target=\"_blank\" rel=\"noopener\">Comit\u00e9 Regional de Turismo de Nueva Aquitania<\/a><\/strong> \u2013 <strong><a href=\"https:\/\/www.nouvelle-aquitaine.fr\/\" target=\"_blank\" rel=\"noopener\">Regi\u00f3n de Nueva Aquitania<\/a><\/strong> \u2013 <strong><a href=\"https:\/\/www.medoc-atlantique.com\/\" target=\"_blank\" rel=\"noopener\">Turismo del M\u00e9doc Atl\u00e1ntico<\/a><\/strong> \u2013 <strong><a href=\"https:\/\/www.bordeaux-metropole.fr\/\" target=\"_blank\" rel=\"noopener\">Burdeos Metr\u00f3poli<\/a><\/strong> \u2013 <strong><a href=\"https:\/\/www.gironde-tourisme.com\/\" target=\"_blank\" rel=\"noopener\">Turismo de Gironda<\/a><\/strong> \u2013 <strong><a href=\"https:\/\/www.medoc-atlantique.com\/\" target=\"_blank\" rel=\"noopener\">Oficina de Turismo de M\u00e9doc Plein Sud<\/a><\/strong> \u2013 <a href=\"https:\/\/www.bordeaux.com\/fr\/\" target=\"_blank\" rel=\"noopener\"><strong>Vinos de Burdeos \u2013 CIVB<\/strong> <\/a>\u2013 <a href=\"https:\/\/www.bordeaux.aeroport.fr\/\" target=\"_blank\" rel=\"noopener\"><strong>Aeropuerto de Burdeos<\/strong> <\/a>\u2013 <strong><a href=\"https:\/\/www.bordeauxgironde.cci.fr\/\" target=\"_blank\" rel=\"noopener\">CCI Burdeos-Gironda<\/a><\/strong> \u2013 <strong><a href=\"https:\/\/www.marque-bassin-arcachon.fr\/\" target=\"_blank\" rel=\"noopener\">Marca territorial del Bassin de Arcachon<\/a><\/strong> \u2013 <strong><a href=\"https:\/\/www.vendays-montalivet.fr\/\" target=\"_blank\" rel=\"noopener\">Oficina de Turismo de Vendays-Montalivet<\/a><\/strong> \u2013 <strong><a href=\"https:\/\/www.clubhotelierbordeauxmetropole.com\/\" target=\"_blank\" rel=\"noopener\">CLUB HOTELERO DE BURDEOS M\u00c9TROPOLE (CHBM)<\/a><\/strong> \u2013 <a href=\"https:\/\/destinationcoteatlantique.fr\/\" target=\"_blank\" rel=\"noopener\">Contrato para la Costa Atl\u00e1ntica.<\/a><br>En colaboraci\u00f3n con la agencia <strong><a href=\"https:\/\/vfomnicom.fr\/\" target=\"_blank\" rel=\"noopener\">Omnicom<\/a><\/strong> \u00e0 supprimer <a href=\"https:\/\/www.levestiaire.tv\/\" target=\"_blank\" rel=\"noopener\"><strong>EL VESTUARIO<\/strong>.<\/a><\/em><\/p>\n<\/div><\/div>\n\n\n\n<p class=\"wp-block-paragraph\"><\/p>","protected":false},"excerpt":{"rendered":"<p>Pour les amoureux de farniente \ud83d\udc99, de d\u00e9gustation iod\u00e9e les pieds dans l&rsquo;eau \ud83e\uddaa, pour les les vieux loups de mer \u26f5 ou ceux qui pr\u00e9f\u00e8rent garder les pieds sur [&hellip;]<\/p>\n","protected":false},"author":25,"featured_media":272584,"comment_status":"closed","ping_status":"open","sticky":false,"template":"","format":"standard","meta":{"_acf_changed":false,"_uag_custom_page_level_css":"","footnotes":""},"categories":[1],"tags":[],"class_list":["post-272581","post","type-post","status-publish","format-standard","has-post-thumbnail","hentry","category-non-classe"],"acf":[],"uagb_featured_image_src":{"full":["https:\/\/bassin-arcachon.com\/wp-content\/uploads\/2026\/08\/Post_Arcachon.jpg",1080,1350,false],"thumbnail":["https:\/\/bassin-arcachon.com\/wp-content\/uploads\/2026\/08\/Post_Arcachon-150x150.jpg",150,150,true],"medium":["https:\/\/bassin-arcachon.com\/wp-content\/uploads\/2026\/08\/Post_Arcachon-480x600.jpg",480,600,true],"medium_large":["https:\/\/bassin-arcachon.com\/wp-content\/uploads\/2026\/08\/Post_Arcachon-768x960.jpg",768,960,true],"large":["https:\/\/bassin-arcachon.com\/wp-content\/uploads\/2026\/08\/Post_Arcachon-819x1024.jpg",819,1024,true],"1536x1536":["https:\/\/bassin-arcachon.com\/wp-content\/uploads\/2026\/08\/Post_Arcachon.jpg",1080,1350,false],"2048x2048":["https:\/\/bassin-arcachon.com\/wp-content\/uploads\/2026\/08\/Post_Arcachon.jpg",1080,1350,false],"trp-custom-language-flag":["https:\/\/bassin-arcachon.com\/wp-content\/uploads\/2026\/08\/Post_Arcachon-10x12.jpg",10,12,true]},"uagb_author_info":{"display_name":"Marie Clauzel","author_link":"https:\/\/bassin-arcachon.com\/es\/author\/mariesiba\/"},"uagb_comment_info":0,"uagb_excerpt":"Pour les amoureux de farniente \ud83d\udc99, de d\u00e9gustation iod\u00e9e les pieds dans l&rsquo;eau \ud83e\uddaa, pour les les vieux loups de mer \u26f5 ou ceux qui pr\u00e9f\u00e8rent garder les pieds sur [&hellip;]","_links":{"self":[{"href":"https:\/\/bassin-arcachon.com\/es\/wp-json\/wp\/v2\/posts\/272581","targetHints":{"allow":["GET"]}}],"collection":[{"href":"https:\/\/bassin-arcachon.com\/es\/wp-json\/wp\/v2\/posts"}],"about":[{"href":"https:\/\/bassin-arcachon.com\/es\/wp-json\/wp\/v2\/types\/post"}],"author":[{"embeddable":true,"href":"https:\/\/bassin-arcachon.com\/es\/wp-json\/wp\/v2\/users\/25"}],"replies":[{"embeddable":true,"href":"https:\/\/bassin-arcachon.com\/es\/wp-json\/wp\/v2\/comments?post=272581"}],"version-history":[{"count":6,"href":"https:\/\/bassin-arcachon.com\/es\/wp-json\/wp\/v2\/posts\/272581\/revisions"}],"predecessor-version":[{"id":272593,"href":"https:\/\/bassin-arcachon.com\/es\/wp-json\/wp\/v2\/posts\/272581\/revisions\/272593"}],"wp:featuredmedia":[{"embeddable":true,"href":"https:\/\/bassin-arcachon.com\/es\/wp-json\/wp\/v2\/media\/272584"}],"wp:attachment":[{"href":"https:\/\/bassin-arcachon.com\/es\/wp-json\/wp\/v2\/media?parent=272581"}],"wp:term":[{"taxonomy":"category","embeddable":true,"href":"https:\/\/bassin-arcachon.com\/es\/wp-json\/wp\/v2\/categories?post=272581"},{"taxonomy":"post_tag","embeddable":true,"href":"https:\/\/bassin-arcachon.com\/es\/wp-json\/wp\/v2\/tags?post=272581"}],"curies":[{"name":"wp","href":"https:\/\/api.w.org\/{rel}","templated":true}]}}