{"id":57108,"date":"2026-01-20T14:08:23","date_gmt":"2026-01-20T13:08:23","guid":{"rendered":"https:\/\/bassin-arcachon.com\/?p=57108"},"modified":"2026-03-23T14:49:31","modified_gmt":"2026-03-23T13:49:31","slug":"cuenca-de-arcachon-mientras-los-pajaros-cantan","status":"publish","type":"post","link":"https:\/\/bassin-arcachon.com\/es\/bassin-darcachon-a-vol-doiseaux\/","title":{"rendered":"Bassin desde Arcachon: \u00a1en l\u00ednea recta!"},"content":{"rendered":"<figure class=\"wp-block-embed is-type-video is-provider-vimeo wp-block-embed-vimeo wp-embed-aspect-16-9 wp-has-aspect-ratio\"><div class=\"wp-block-embed__wrapper\">\n<iframe loading=\"lazy\" title=\"El Bassin d&#039;Arcachon en l\u00ednea recta\" src=\"https:\/\/player.vimeo.com\/video\/889928641?dnt=1&amp;app_id=122963\" width=\"500\" height=\"281\" frameborder=\"0\" allow=\"autoplay; fullscreen; picture-in-picture; clipboard-write\"><\/iframe>\n<\/div><\/figure>\n\n\n\n<p><strong><a href=\"https:\/\/www.rtbf.be\/article\/regarder-les-oiseaux-serait-bon-pour-votre-sante-mentale-11109906\" target=\"_blank\" rel=\"noopener\">\u00bfLa cura para tu salud mental?<\/a> <\/strong>Ponte c\u00f3modo y <strong>\u00a1D\u00e9jate transportar en l\u00ednea recta en el Bassin de Arcachon, a trav\u00e9s de este breve v\u00eddeo!<\/strong><\/p>\n\n\n\n<p>Sab\u00edas ? EL <strong>Bassin de Arcachon es el territorio m\u00e1s peque\u00f1o de Francia que se beneficia de tantas medidas de protecci\u00f3n medioambiental y de lugares clasificados<\/strong>  : <\/p>\n\n\n\n<ul class=\"wp-block-list\">\n<li><strong>6to<\/strong> <a href=\"https:\/\/parc-marin-bassin-arcachon.fr\/\" target=\"_blank\" rel=\"noopener\"><strong>Parque natural marino de Francia<\/strong> <\/a> <\/li>\n\n\n\n<li><strong>2 Reservas Naturales Nacionales<\/strong> : <strong><a href=\"https:\/\/bassin-arcachon.com\/es\/nuestros-elementos-esenciales\/el-banco-darguin\/\">Banco de Arguin<\/a><\/strong> \u00e0 supprimer <strong>Pr\u00e9s-Sal\u00e9s d&#039;Ar\u00e8s y L\u00e8ge-Cap Ferret<\/strong>  <\/li>\n\n\n\n<li><strong>5 sitios clasificados<\/strong> <strong>bajo monumentos naturales<\/strong> : <a href=\"https:\/\/bassin-arcachon.com\/es\/nuestros-elementos-esenciales\/la-duna-de-pilat\/\"><strong>la Duna de Pilat<\/strong><\/a>, <a href=\"https:\/\/bassin-arcachon.com\/es\/nuestros-elementos-esenciales\/las-cabanas-tchanquee\/\"><strong>isla de los p\u00e1jaros<\/strong><\/a>, <a href=\"https:\/\/bassin-arcachon.com\/es\/nuestros-elementos-esenciales\/las-areas-de-ciertamente-graveyron\/\"><strong>el dominio de Graveyron <\/strong><\/a>, la zona costera del Parque de Abatilles y <a href=\"https:\/\/www.ville-lege-capferret.fr\/vivre-a-lege-cap-ferret\/environnement-et-cadre-de-vie\/patrimoine-naturel\/les-reservoirs-de-piraillan\/\" target=\"_blank\" rel=\"noopener\"><strong>los embalses del Piraillan<\/strong><\/a> <\/li>\n\n\n\n<li><strong>6 municipios del Bassin<\/strong> son parte del <a href=\"https:\/\/www.parc-landes-de-gascogne.fr\/\" target=\"_blank\" rel=\"noopener\"><strong>Parque Natural Regional de las Landas de Gascu\u00f1a<\/strong><\/a> <\/li>\n\n\n\n<li>Y por fin, <strong><a href=\"https:\/\/bassin-arcachon.com\/es\/nuestros-elementos-esenciales\/la-reserva-ornitologica\/\">1 Reserva Ornitol\u00f3gica<\/a> <\/strong>con un \u00e1rea de <strong>110 hect\u00e1reas de espacios naturales preservados<\/strong> <\/li>\n<\/ul>\n\n\n\n<div class=\"wp-block-uagb-container uagb-block-fa92251c alignfull uagb-is-root-container\"><div class=\"uagb-container-inner-blocks-wrap\"><\/div><\/div>\n\n\n\n<h2 class=\"wp-block-heading\">En la <a href=\"https:\/\/www.reserve-ornithologique-du-teich.com\/\" target=\"_blank\" rel=\"noopener\">Reserva Teich<\/a> : \u00a1un para\u00edso para los observadores de aves desde hace 50 a\u00f1os!<\/h2>\n\n\n\n<p>Localizado en <strong>la comuna de Teich, <\/strong>\u00a1La Reserva es un lugar famoso en Francia para observar estas rarezas de la ornitolog\u00eda! Est\u00e1 abierto todo el a\u00f1o y recibe a casi <strong>328 especies de aves<\/strong> \u00a1entre bosques, carrizales, prados, marismas mar\u00edtimas y lagunas!<\/p>\n\n\n\n<figure class=\"wp-block-image size-full\"><img loading=\"lazy\" decoding=\"async\" width=\"835\" height=\"600\" src=\"https:\/\/bassin-arcachon.com\/wp-content\/uploads\/2023\/11\/Design-sans-titre-2023-11-30T142610.474.png\" alt=\"- - Bassin d&#039;Arcachon\" class=\"wp-image-57193\" title=\"- - Bassin d&#039;Arcachon\" srcset=\"https:\/\/bassin-arcachon.com\/wp-content\/uploads\/2023\/11\/Design-sans-titre-2023-11-30T142610.474.png 835w, https:\/\/bassin-arcachon.com\/wp-content\/uploads\/2023\/11\/Design-sans-titre-2023-11-30T142610.474-600x431.png 600w, https:\/\/bassin-arcachon.com\/wp-content\/uploads\/2023\/11\/Design-sans-titre-2023-11-30T142610.474-768x552.png 768w, https:\/\/bassin-arcachon.com\/wp-content\/uploads\/2023\/11\/Design-sans-titre-2023-11-30T142610.474-18x12.png 18w\" sizes=\"auto, (max-width: 835px) 100vw, 835px\" \/><figcaption class=\"wp-element-caption\">Zarapito euroasi\u00e1tico \u2013 \u00a9 Erick LAUCHER<\/figcaption><\/figure>\n\n\n\n<p><strong>Sedentario, invernante, migratorio parcial o completo.<\/strong> \u2026el stand se modifica <strong>a trav\u00e9s de las estaciones y las mareas<\/strong>. Este <strong>El resultado espectacular para un sitio tan peque\u00f1o demuestra el valor de un lugar.<\/strong> lo que ofrece m\u00faltiples recursos a las aves que cruzan la regi\u00f3n. <\/p>\n\n\n\n<p>Pero cuidado, estas observaciones<strong> a veces son \u00fanicos<\/strong>, por lo tanto no se debe esperar encontrar la especie <strong>Muy raro (TR)<\/strong> en cada visita. All\u00e1 &quot;<a class=\"\" href=\"https:\/\/www.reserve-ornithologique-du-teich.com\/wp-content\/uploads\/2023\/04\/Liste-des-especes-observees-ROT-avril-2023.pdf\" target=\"_blank\" rel=\"noopener\"><strong>lista de aves observadas en la Reserva Ornitol\u00f3gica de Teich de 1972 a 2023<\/strong><\/a>\u00a1Est\u00e1 constantemente en construcci\u00f3n!<\/p>\n\n\n\n<p><em>La Reserva act\u00faa de forma muy activa para la conservaci\u00f3n de las aves silvestres que la frecuentan, en particular las especies raras o amenazadas que son objeto de pol\u00edticas de protecci\u00f3n a escala nacional o europea. Por tanto, se le reconoce como de Importancia Internacional para la supervivencia de varias aves playeras y alberga mam\u00edferos amenazados y h\u00e1bitats de Inter\u00e9s Comunitario.<\/em><\/p>\n\n\n\n<div class=\"wp-block-uagb-container uagb-block-4073c514 alignfull uagb-is-root-container\"><div class=\"uagb-container-inner-blocks-wrap\"><\/div><\/div>\n\n\n\n<h2 class=\"wp-block-heading\">En la ruta de las aves migratorias<\/h2>\n\n\n\n<figure class=\"wp-block-image size-full\"><img loading=\"lazy\" decoding=\"async\" width=\"835\" height=\"600\" src=\"https:\/\/bassin-arcachon.com\/wp-content\/uploads\/2023\/11\/Design-sans-titre-2023-11-30T121323.711.png\" alt=\"- - Bassin d&#039;Arcachon\" class=\"wp-image-57168\" title=\"- - Bassin d&#039;Arcachon\" srcset=\"https:\/\/bassin-arcachon.com\/wp-content\/uploads\/2023\/11\/Design-sans-titre-2023-11-30T121323.711.png 835w, https:\/\/bassin-arcachon.com\/wp-content\/uploads\/2023\/11\/Design-sans-titre-2023-11-30T121323.711-600x431.png 600w, https:\/\/bassin-arcachon.com\/wp-content\/uploads\/2023\/11\/Design-sans-titre-2023-11-30T121323.711-768x552.png 768w, https:\/\/bassin-arcachon.com\/wp-content\/uploads\/2023\/11\/Design-sans-titre-2023-11-30T121323.711-18x12.png 18w\" sizes=\"auto, (max-width: 835px) 100vw, 835px\" \/><figcaption class=\"wp-element-caption\">\u00a9 Reserva Ornitol\u00f3gica Teich<\/figcaption><\/figure>\n\n\n\n<p>El Bassin de Arcachon es <strong>en el coraz\u00f3n de uno de los corredores migratorios m\u00e1s importantes del planeta<\/strong>&nbsp;: el corredor migratorio <strong>Atl\u00e1ntico este<\/strong>, utilizado cada a\u00f1o por decenas de millones de aves de las tierras n\u00f3rdicas (<em>Norte de Europa, Rusia, Siberia, Islandia, Groenlandia, Canad\u00e1\u2026<\/em>). <strong>Gran parte de estas aves transitan cada oto\u00f1o por Francia para llegar a la cuenca mediterr\u00e1nea o a \u00c1frica.<\/strong>.&nbsp;<\/p>\n\n\n\n<p>Visto desde el cielo, se forma el Bassin de Arcachon <strong>un descanso f\u00e1cilmente identificable en la costa<\/strong>. La diversidad de sus entornos ofrece recursos esenciales <strong>patos, esp\u00e1tulas, gansos o aves zancudas<\/strong> que migran a trav\u00e9s de escalas y deben<strong> descansar y alimentarse durante sus largos y peligrosos viajes.<\/strong><\/p>\n\n\n\n<p>El Bassin alberga el mayor <strong>Herbario de pastos marinos enanos e importantes lechos de pastos marinos&nbsp;<\/strong>: un h\u00e1bitat que desempe\u00f1a una funci\u00f3n de refugio y guarder\u00eda para <strong>pescado, sepia, caballito de mar, gambas\u2026 y para las ocas<\/strong> valientes que pasan el invierno cada a\u00f1o por decenas de miles en el Bassin: <strong>\u00a1m\u00e1s de 18.000 en 2023!<\/strong><\/p>\n\n\n\n<div class=\"wp-block-uagb-container uagb-block-6b655eaa alignfull uagb-is-root-container\"><div class=\"uagb-container-inner-blocks-wrap\"><\/div><\/div>\n\n\n\n<h3 class=\"wp-block-heading\"><strong>2 periodos de migraci\u00f3n a distinguir: <\/strong><\/h3>\n\n\n\n<ul class=\"wp-block-list\">\n<li><strong>migraci\u00f3n prematrimonial<\/strong>&nbsp;(\u201cantes de la boda\u201d) o migraci\u00f3n \u201cprimavera\u201d o incluso \u201cascendente\u201d, que dura desde finales de enero (ganso com\u00fan, pato pintail, etc.) hasta principios de junio.<\/li>\n\n\n\n<li><strong>Migraci\u00f3n postnupcial<\/strong>&nbsp;(\u201cdespu\u00e9s de la boda\u201d) o migraci\u00f3n de \u201coto\u00f1o\u201d o incluso de \u201cdescenso\u201d, que comienza en junio y termina en diciembre. Por supuesto, el movimiento de un m\u00e1ximo de especies se produce en el per\u00edodo medio de cada migraci\u00f3n (marzo-mayo y septiembre-noviembre).<\/li>\n<\/ul>\n\n\n\n<p>Durante estas dos fases de la vida de los migrantes, decenas de miles de aves pueden frecuentar la Reserva durante unas horas o unos d\u00edas. <strong>Estos dos periodos son los de mayor diversidad en el sitio, siendo com\u00fan contactar con m\u00e1s de 100 especies durante una visita.<\/strong> Tambi\u00e9n es durante las migraciones cuando tenemos mayores posibilidades<strong> para observar aves raras, provenientes de la lejana Am\u00e9rica o Asia Central.<\/strong> Pero como en toda la naturaleza, nada se adquiere de antemano y muchos par\u00e1metros se modifican.<strong> las \u201cpredicciones\u201d de los mejores naturalistas respecto a la \u201cprogramaci\u00f3n\u201d del paso o escala de estas aves. <\/strong><\/p>\n\n\n\n<div class=\"wp-block-uagb-container uagb-block-81c5e7b5 alignfull uagb-is-root-container\"><div class=\"uagb-container-inner-blocks-wrap\"><\/div><\/div>\n\n\n\n<h2 class=\"wp-block-heading\">De la tranquilidad del oto\u00f1o y el invierno\u2026<\/h2>\n\n\n\n<figure class=\"wp-block-image size-full\"><img loading=\"lazy\" decoding=\"async\" width=\"835\" height=\"600\" src=\"https:\/\/bassin-arcachon.com\/wp-content\/uploads\/2023\/11\/Design-sans-titre-2023-11-30T115532.492.png\" alt=\"- - Bassin d&#039;Arcachon\" class=\"wp-image-57166\" title=\"- - Bassin d&#039;Arcachon\" srcset=\"https:\/\/bassin-arcachon.com\/wp-content\/uploads\/2023\/11\/Design-sans-titre-2023-11-30T115532.492.png 835w, https:\/\/bassin-arcachon.com\/wp-content\/uploads\/2023\/11\/Design-sans-titre-2023-11-30T115532.492-600x431.png 600w, https:\/\/bassin-arcachon.com\/wp-content\/uploads\/2023\/11\/Design-sans-titre-2023-11-30T115532.492-768x552.png 768w, https:\/\/bassin-arcachon.com\/wp-content\/uploads\/2023\/11\/Design-sans-titre-2023-11-30T115532.492-18x12.png 18w\" sizes=\"auto, (max-width: 835px) 100vw, 835px\" \/><figcaption class=\"wp-element-caption\">Zancuda blanca \/ Aguja colinegra \/ Agachadiza pantanosa \u2013 \u00a9 Erick LAUCHER \/ Marion DAL BELLO<\/figcaption><\/figure>\n\n\n\n<p><strong>El lugar para ser: <\/strong>Es<strong> ALL\u00c1<\/strong> fase del a\u00f1o en la que nos encontramos con<strong>a mayores concentraciones de aves en la Reserva<\/strong> ! Una temporada especialmente interesante para <strong>observar las llamadas especies \u201cinvernantes\u201d, <\/strong>que se re\u00fanen en espectaculares vuelos sobre los cuerpos de agua de la Reserva!<\/p>\n\n\n\n<p>Observamos <strong>desde oto\u00f1o <\/strong>reuniones de <strong>Correlimos com\u00fan, Zarapitos, Avocetas blancas o Agujas de cola negra. <\/strong>Estos p\u00e1jaros llamados <strong>\u201caves playeras\u201d<\/strong> se alimentan en la playa durante la marea baja y en la Reserva durante la marea alta. Tambi\u00e9n es el momento de venir a observar el sutil plumaje de las <strong>Cerceta: el m\u00e1s peque\u00f1o de nuestros patos aficionados. <\/strong><\/p>\n\n\n\n<p>Los <strong>inmigrantes del norte y este de Europa<\/strong> detenerse en n\u00famero para <strong>pasar el invierno en la Reserva<\/strong>. Este per\u00edodo llamado <strong>\u201cinvernada\u201d<\/strong> comienza para algunos <strong>en octubre y se extiende hasta marzo<\/strong> para otros: los p\u00e1jaros s\u00f3lo se mueven en distancias cortas, <strong>principalmente para alimentaci\u00f3n.<\/strong><\/p>\n\n\n\n<div class=\"wp-block-uagb-container uagb-block-bdcd4531 alignfull uagb-is-root-container\"><div class=\"uagb-container-inner-blocks-wrap\"><\/div><\/div>\n\n\n\n<h2 class=\"wp-block-heading\"><strong>\u2026a la emoci\u00f3n de la primavera y el verano&nbsp;<\/strong><\/h2>\n\n\n\n<figure class=\"wp-block-image size-full\"><img loading=\"lazy\" decoding=\"async\" width=\"1449\" height=\"966\" src=\"https:\/\/bassin-arcachon.com\/wp-content\/uploads\/2023\/11\/Avocette-elegante-juvenile-par-Amandine-SOYEZ.jpg\" alt=\"- - Bassin d&#039;Arcachon\" class=\"wp-image-57160\" title=\"- - Bassin d&#039;Arcachon\" srcset=\"https:\/\/bassin-arcachon.com\/wp-content\/uploads\/2023\/11\/Avocette-elegante-juvenile-par-Amandine-SOYEZ.jpg 1449w, https:\/\/bassin-arcachon.com\/wp-content\/uploads\/2023\/11\/Avocette-elegante-juvenile-par-Amandine-SOYEZ-600x400.jpg 600w, https:\/\/bassin-arcachon.com\/wp-content\/uploads\/2023\/11\/Avocette-elegante-juvenile-par-Amandine-SOYEZ-1024x683.jpg 1024w, https:\/\/bassin-arcachon.com\/wp-content\/uploads\/2023\/11\/Avocette-elegante-juvenile-par-Amandine-SOYEZ-768x512.jpg 768w, https:\/\/bassin-arcachon.com\/wp-content\/uploads\/2023\/11\/Avocette-elegante-juvenile-par-Amandine-SOYEZ-18x12.jpg 18w\" sizes=\"auto, (max-width: 1449px) 100vw, 1449px\" \/><figcaption class=\"wp-element-caption\">Avoceta juvenil \u2013 \u00a9 Amandine SOYEZ<\/figcaption><\/figure>\n\n\n\n<p><strong>88 especies anidan o ya han anidado en las 110 hect\u00e1reas de la Reserva: en primavera, los 20 observatorios a lo largo del recorrido permiten observar las aves j\u00f3venes desde el nacimiento hasta el vuelo.<\/strong><\/p>\n\n\n\n<p>Como dice el dicho, <strong>la primavera es la estaci\u00f3n del amor<\/strong> ! Y no es el pico picapinos, la garza real o incluso la gaviota sombr\u00eda los que le dir\u00e1n lo contrario. El per\u00edodo de anidaci\u00f3n se extiende desde finales de enero, cuando aparecen las primeras <strong>Cig\u00fce\u00f1as blancas<\/strong> regresar a sus nidos, y hasta finales de agosto con el vuelo de los \u00faltimos polluelos de<strong> carril de agua <\/strong>nacido en la Reserva.<\/p>\n\n\n\n<p>Los paseriformes son particularmente comunes, los m\u00e1s comunes como el <strong>Robin<\/strong>, hasta los m\u00e1s raros como el <strong>Pechiazul con espejo blanco.<\/strong><\/p>\n\n\n\n<p>Sin embargo, alcanza su punto m\u00e1ximo para la mayor\u00eda de las especies.<strong> entre abril y junio.<\/strong> La mayor\u00eda de las especies son muy discretas durante este per\u00edodo de reproducci\u00f3n, sin embargo varias abandonan<strong> Admire a sus cr\u00edas de cerca al p\u00fablico, desde observatorios o senderos: <\/strong>\u00a1Gaviotas reidoras, cig\u00fce\u00f1uelas, chorlitos anillados, milanos negros, tarros blancos\u2026!<\/p>\n\n\n\n<div class=\"wp-block-uagb-container uagb-block-de6f1fd4 alignfull uagb-is-root-container\"><div class=\"uagb-container-inner-blocks-wrap\"><\/div><\/div>\n\n\n\n<h2 class=\"wp-block-heading\">Especies principales:<\/h2>\n\n\n\n<figure class=\"wp-block-image size-full\"><img loading=\"lazy\" decoding=\"async\" width=\"835\" height=\"600\" src=\"https:\/\/bassin-arcachon.com\/wp-content\/uploads\/2023\/11\/Design-sans-titre-2023-11-30T114821.806.png\" alt=\"- - Bassin d&#039;Arcachon\" class=\"wp-image-57162\" title=\"- - Bassin d&#039;Arcachon\" srcset=\"https:\/\/bassin-arcachon.com\/wp-content\/uploads\/2023\/11\/Design-sans-titre-2023-11-30T114821.806.png 835w, https:\/\/bassin-arcachon.com\/wp-content\/uploads\/2023\/11\/Design-sans-titre-2023-11-30T114821.806-600x431.png 600w, https:\/\/bassin-arcachon.com\/wp-content\/uploads\/2023\/11\/Design-sans-titre-2023-11-30T114821.806-768x552.png 768w, https:\/\/bassin-arcachon.com\/wp-content\/uploads\/2023\/11\/Design-sans-titre-2023-11-30T114821.806-18x12.png 18w\" sizes=\"auto, (max-width: 835px) 100vw, 835px\" \/><figcaption class=\"wp-element-caption\">\u00a9 Joris GRENON<\/figcaption><\/figure>\n\n\n\n<p><strong>p\u00e1jaros<\/strong> : cig\u00fce\u00f1uela blanca, avoceta com\u00fan, esp\u00e1tula com\u00fan, cig\u00fce\u00f1a blanca, mart\u00edn pescador, pechiazul de Nantes, zarapito euroasi\u00e1tico, archibebe com\u00fan, curruca com\u00fan, mill\u00e1n negro, vagabundo com\u00fan, boscaril de Cetti, torcecuello, correlimos com\u00fan, pato cuchara com\u00fan, \u00e1nade real, avefr\u00eda com\u00fan, abubilla, abubilla europea Orop\u00e9ndola, garza real, garceta com\u00fan, garceta grande, \u00e1guila pescadora, aguilucho lagunero, rastrillo acu\u00e1tico, agachadiza pol\u00edglota, agachadiza lagunera, etc.<br><a href=\"https:\/\/www.reserve-ornithologique-du-teich.com\/wp-content\/uploads\/2023\/09\/Planche-dobservation-des-Oiseaux-50-ans-Reserve-Ornithologique-du-Teich.pdf\" target=\"_blank\" rel=\"noopener\"><strong>que se encuentra en el Libro de Observaci\u00f3n de Aves de la Reserva&nbsp;<\/strong><\/a>!<br><strong>Mam\u00edferos<\/strong> : Nutria europea, gineta com\u00fan, rata recolectora\u2026<br><strong>Piscis<\/strong> : Salmonete de cerdo\u2026<br><strong>reptiles<\/strong> : Tortuga de estanque europea, lagarto de dos l\u00edneas\u2026<br><strong>Plantas<\/strong> : Junco, Tamarisco, Phragmitas<\/p>\n\n\n\n<div class=\"wp-block-uagb-container uagb-block-f3a426ff alignfull uagb-is-root-container\"><div class=\"uagb-container-inner-blocks-wrap\"><\/div><\/div>\n\n\n\n<h2 class=\"wp-block-heading\"><strong>Un sitio apto para la fotograf\u00eda:<\/strong><\/h2>\n\n\n\n<figure class=\"wp-block-image size-full\"><img loading=\"lazy\" decoding=\"async\" width=\"835\" height=\"600\" src=\"https:\/\/bassin-arcachon.com\/wp-content\/uploads\/2023\/11\/Design-sans-titre-2023-11-30T113634.927.png\" alt=\"- - Bassin d&#039;Arcachon\" class=\"wp-image-57157\" title=\"- - Bassin d&#039;Arcachon\" srcset=\"https:\/\/bassin-arcachon.com\/wp-content\/uploads\/2023\/11\/Design-sans-titre-2023-11-30T113634.927.png 835w, https:\/\/bassin-arcachon.com\/wp-content\/uploads\/2023\/11\/Design-sans-titre-2023-11-30T113634.927-600x431.png 600w, https:\/\/bassin-arcachon.com\/wp-content\/uploads\/2023\/11\/Design-sans-titre-2023-11-30T113634.927-768x552.png 768w, https:\/\/bassin-arcachon.com\/wp-content\/uploads\/2023\/11\/Design-sans-titre-2023-11-30T113634.927-18x12.png 18w\" sizes=\"auto, (max-width: 835px) 100vw, 835px\" \/><figcaption class=\"wp-element-caption\">\u00a9 Marion Dal Bello<\/figcaption><\/figure>\n\n\n\n<p>El sitio se ha convertido <strong>un destino privilegiado para fot\u00f3grafos profesionales o aficionados.<\/strong> Sus principales ventajas son:<strong> la diversidad de paisajes y especies, la regularidad de un potencial espect\u00e1culo a lo largo del a\u00f1o, la proximidad a veces desconcertante de las aves, su creciente afici\u00f3n al p\u00fablico y el dise\u00f1o de los observatorios.<\/strong><\/p>\n\n\n\n<p>El sitio de Teich fue recientemente reconocido como el<strong> S\u00e9ptimo mejor sitio de Europa para la observaci\u00f3n de aves y primero de Francia<\/strong> \u00a1Por la comunidad Birdwatchers!<\/p>\n\n\n\n<div class=\"wp-block-uagb-container uagb-block-c8377104 alignfull uagb-is-root-container\"><div class=\"uagb-container-inner-blocks-wrap\"><\/div><\/div>\n\n\n\n<h2 class=\"wp-block-heading\">Visita la Reserva: <\/h2>\n\n\n\n<p>La visita a la Reserva Ornitol\u00f3gica del Teich se realiza a pie, siguiendo <strong>de un sendero circular de 6 km.<\/strong> El recorrido es muy accesible, incluso con calzado de calle. M\u00ednimo <strong>Se esperan de 3 a 4 horas <\/strong>para recorrer el sitio mientras observamos las aves. Es posible un atajo para personas que viajan con dificultades o con ni\u00f1os peque\u00f1os. <strong>(aproximadamente 2,5 kil\u00f3metros)<\/strong>.<\/p>\n\n\n\n<p><strong>20 cabinas de observaci\u00f3n<\/strong> Puntuar el sendero en los lugares m\u00e1s propicios para el avistamiento de aves. Distribuido aproximadamente<strong> cada 300 m, <\/strong>permiten una visita c\u00f3moda sea cual sea el tiempo (lluvia, fr\u00edo, calor). <strong>4 miradores elevados <\/strong>ofrecen una vista de los paisajes de la Reserva Ornitol\u00f3gica de Teich o sus alrededores.<\/p>\n\n\n\n<figure class=\"wp-block-image size-full\"><img loading=\"lazy\" decoding=\"async\" width=\"835\" height=\"600\" src=\"https:\/\/bassin-arcachon.com\/wp-content\/uploads\/2023\/11\/Design-sans-titre-2023-11-30T121716.256.png\" alt=\"- - Bassin d&#039;Arcachon\" class=\"wp-image-57172\" title=\"- - Bassin d&#039;Arcachon\" srcset=\"https:\/\/bassin-arcachon.com\/wp-content\/uploads\/2023\/11\/Design-sans-titre-2023-11-30T121716.256.png 835w, https:\/\/bassin-arcachon.com\/wp-content\/uploads\/2023\/11\/Design-sans-titre-2023-11-30T121716.256-600x431.png 600w, https:\/\/bassin-arcachon.com\/wp-content\/uploads\/2023\/11\/Design-sans-titre-2023-11-30T121716.256-768x552.png 768w, https:\/\/bassin-arcachon.com\/wp-content\/uploads\/2023\/11\/Design-sans-titre-2023-11-30T121716.256-18x12.png 18w\" sizes=\"auto, (max-width: 835px) 100vw, 835px\" \/><figcaption class=\"wp-element-caption\">\u00a9 Reserva Ornitol\u00f3gica Teich<\/figcaption><\/figure>\n\n\n\n<div class=\"wp-block-uagb-container uagb-block-20b5437c alignfull uagb-is-root-container\"><div class=\"uagb-container-inner-blocks-wrap\"><\/div><\/div>\n\n\n\n<h2 class=\"wp-block-heading\">\u00bfCuando venir?<\/h2>\n\n\n\n<p>La Reserva est\u00e1 abierta<strong> todos los d\u00edas excepto el 25 de diciembre<\/strong>. Antes de venir, recuerda consultar los horarios de las mareas: <strong>\u00a1Las aves son m\u00e1s numerosas durante la marea alta!<\/strong><\/p>","protected":false},"excerpt":{"rendered":"<p>Le rem\u00e8de pour soigner votre sant\u00e9 mentale ? Installez-vous confortablement et laissez vous transporter \u00e0 vol d&rsquo;oiseaux sur le Bassin d&rsquo;Arcachon, \u00e0 travers cette courte vid\u00e9o ! Le saviez-vous ? [&hellip;]<\/p>\n","protected":false},"author":25,"featured_media":57187,"comment_status":"closed","ping_status":"closed","sticky":false,"template":"","format":"standard","meta":{"_acf_changed":false,"_uag_custom_page_level_css":"","footnotes":""},"categories":[2129],"tags":[],"class_list":["post-57108","post","type-post","status-publish","format-standard","has-post-thumbnail","hentry","category-nature-art-de-vivre"],"acf":[],"uagb_featured_image_src":{"full":["https:\/\/bassin-arcachon.com\/wp-content\/uploads\/2023\/11\/Design-sans-titre-2023-11-30T141423.675.png",700,355,false],"thumbnail":["https:\/\/bassin-arcachon.com\/wp-content\/uploads\/2023\/11\/Design-sans-titre-2023-11-30T141423.675-150x150.png",150,150,true],"medium":["https:\/\/bassin-arcachon.com\/wp-content\/uploads\/2023\/11\/Design-sans-titre-2023-11-30T141423.675-600x304.png",600,304,true],"medium_large":["https:\/\/bassin-arcachon.com\/wp-content\/uploads\/2023\/11\/Design-sans-titre-2023-11-30T141423.675.png",700,355,false],"large":["https:\/\/bassin-arcachon.com\/wp-content\/uploads\/2023\/11\/Design-sans-titre-2023-11-30T141423.675.png",700,355,false],"1536x1536":["https:\/\/bassin-arcachon.com\/wp-content\/uploads\/2023\/11\/Design-sans-titre-2023-11-30T141423.675.png",700,355,false],"2048x2048":["https:\/\/bassin-arcachon.com\/wp-content\/uploads\/2023\/11\/Design-sans-titre-2023-11-30T141423.675.png",700,355,false],"trp-custom-language-flag":["https:\/\/bassin-arcachon.com\/wp-content\/uploads\/2023\/11\/Design-sans-titre-2023-11-30T141423.675-18x9.png",18,9,true]},"uagb_author_info":{"display_name":"Marie Clauzel","author_link":"https:\/\/bassin-arcachon.com\/es\/author\/mariesiba\/"},"uagb_comment_info":0,"uagb_excerpt":"Le rem\u00e8de pour soigner votre sant\u00e9 mentale ? Installez-vous confortablement et laissez vous transporter \u00e0 vol d&rsquo;oiseaux sur le Bassin d&rsquo;Arcachon, \u00e0 travers cette courte vid\u00e9o ! Le saviez-vous ? [&hellip;]","_links":{"self":[{"href":"https:\/\/bassin-arcachon.com\/es\/wp-json\/wp\/v2\/posts\/57108","targetHints":{"allow":["GET"]}}],"collection":[{"href":"https:\/\/bassin-arcachon.com\/es\/wp-json\/wp\/v2\/posts"}],"about":[{"href":"https:\/\/bassin-arcachon.com\/es\/wp-json\/wp\/v2\/types\/post"}],"author":[{"embeddable":true,"href":"https:\/\/bassin-arcachon.com\/es\/wp-json\/wp\/v2\/users\/25"}],"replies":[{"embeddable":true,"href":"https:\/\/bassin-arcachon.com\/es\/wp-json\/wp\/v2\/comments?post=57108"}],"version-history":[{"count":2,"href":"https:\/\/bassin-arcachon.com\/es\/wp-json\/wp\/v2\/posts\/57108\/revisions"}],"predecessor-version":[{"id":122179,"href":"https:\/\/bassin-arcachon.com\/es\/wp-json\/wp\/v2\/posts\/57108\/revisions\/122179"}],"wp:featuredmedia":[{"embeddable":true,"href":"https:\/\/bassin-arcachon.com\/es\/wp-json\/wp\/v2\/media\/57187"}],"wp:attachment":[{"href":"https:\/\/bassin-arcachon.com\/es\/wp-json\/wp\/v2\/media?parent=57108"}],"wp:term":[{"taxonomy":"category","embeddable":true,"href":"https:\/\/bassin-arcachon.com\/es\/wp-json\/wp\/v2\/categories?post=57108"},{"taxonomy":"post_tag","embeddable":true,"href":"https:\/\/bassin-arcachon.com\/es\/wp-json\/wp\/v2\/tags?post=57108"}],"curies":[{"name":"wp","href":"https:\/\/api.w.org\/{rel}","templated":true}]}}