{"id":57951,"date":"2024-03-01T12:20:52","date_gmt":"2024-03-01T11:20:52","guid":{"rendered":"https:\/\/bassin-arcachon.com\/?p=57951"},"modified":"2026-04-10T18:20:44","modified_gmt":"2026-04-10T16:20:44","slug":"la-temporada-de-cultivo-es-todo-el-ano-en-la-cuenca-de-arcachon","status":"publish","type":"post","link":"https:\/\/bassin-arcachon.com\/es\/la-saison-de-la-culture-cest-toute-lannee-sur-le-bassin-darcachon\/","title":{"rendered":"La temporada de la cultura: \u00a1durante todo el a\u00f1o en la Bassin de Arcachon!"},"content":{"rendered":"<p>La cultura resuena <strong>en el coraz\u00f3n de los paisajes de la Bassin de Arcachon<\/strong>. Una decoraci\u00f3n como una <strong>entorno natural<\/strong>, que da la bienvenida con<strong> poes\u00eda y sencillez lo m\u00e1s hermoso que hace el ser humano: arte y cultura.<\/strong><br>Teatro, conciertos, encuentros literarios, danza... Con m\u00e1s de <strong>50 eventos, los 12 municipios del Bassin <\/strong>competir en inventiva para hacerte vivir una temporada 2025 rica en creaciones que hagan <strong>latir los corazones de artistas nacionales e internacionales, durante todo el a\u00f1o.<\/strong><\/p>\n\n\n\n<div class=\"wp-block-uagb-container uagb-block-71ab2de0 alignfull uagb-is-root-container\"><div class=\"uagb-container-inner-blocks-wrap\"><\/div><\/div>\n\n\n\n<h1 class=\"wp-block-heading\"><mark style=\"background-color:rgba(0, 0, 0, 0)\" class=\"has-inline-color has-luminous-vivid-amber-color\">LITERATURA<\/mark><\/h1>\n\n\n\n<div class=\"wp-block-uagb-container uagb-block-da00ad76 alignfull uagb-is-root-container\"><div class=\"uagb-container-inner-blocks-wrap\"><\/div><\/div>\n\n\n\n<figure class=\"wp-block-image size-large\"><img loading=\"lazy\" decoding=\"async\" width=\"1024\" height=\"629\" src=\"https:\/\/bassin-arcachon.com\/wp-content\/uploads\/2024\/02\/ville-dArcachon-1024x629.jpeg\" alt=\"- - Bassin d&#039;Arcachon\" class=\"wp-image-57955\" title=\"- - Bassin d&#039;Arcachon\" srcset=\"https:\/\/bassin-arcachon.com\/wp-content\/uploads\/2024\/02\/ville-dArcachon-1024x629.jpeg 1024w, https:\/\/bassin-arcachon.com\/wp-content\/uploads\/2024\/02\/ville-dArcachon-600x369.jpeg 600w, https:\/\/bassin-arcachon.com\/wp-content\/uploads\/2024\/02\/ville-dArcachon-768x472.jpeg 768w, https:\/\/bassin-arcachon.com\/wp-content\/uploads\/2024\/02\/ville-dArcachon-1536x944.jpeg 1536w, https:\/\/bassin-arcachon.com\/wp-content\/uploads\/2024\/02\/ville-dArcachon-18x12.jpeg 18w, https:\/\/bassin-arcachon.com\/wp-content\/uploads\/2024\/02\/ville-dArcachon.jpeg 1800w\" sizes=\"auto, (max-width: 1024px) 100vw, 1024px\" \/><figcaption class=\"wp-element-caption\">Plage aux Ecrivains \u2013 \u00a9Ciudad de Arcachon<\/figcaption><\/figure>\n\n\n\n<h2 class=\"wp-block-heading\">Playa de los Escritores: 3 y 4 de mayo de 2025 \u2013 ARCACHON<\/h2>\n\n\n\n<p>EL lugar de encuentro de autores que hacen actualidad literaria. Reuniones, fichajes y por supuesto<br>la lectura imprescindible sobre la arena... Ya han participado grandes nombres de la literatura: Philippe<br>Besson, Eliette Abecassis, Fr\u00e9d\u00e9ric Beigbeder, Anne-Lise Brochard, Julie Gayet, Fran\u00e7ois Hollande\u2026 Tambi\u00e9n es la ocasi\u00f3n de entregar el Premio Literario de la Ciudad de Arcachon as\u00ed como el Premio Literario de los Estudiantes de Secundaria de Arcachon. <\/p>\n\n\n\n<p><strong>Mas informaci\u00f3n<\/strong> \ud83d\udc40: <a href=\"https:\/\/www.arcachon.com\/tourisme\/je-bouge\/culture-et-evenements\/la-plage-aux-ecrivains\/\" target=\"_blank\" rel=\"noreferrer noopener\">https:\/\/www.arcachon.com\/tourisme\/je-bouge\/culture-et-evenements\/la-plage-aux-ecrivains\/ <\/a><\/p>\n\n\n\n<div class=\"wp-block-uagb-container uagb-block-a95d28cc alignfull uagb-is-root-container\"><div class=\"uagb-container-inner-blocks-wrap\"><\/div><\/div>\n\n\n\n<h2 class=\"wp-block-heading\">La espuma de las palabras: 17 y 18 de mayo de 2025 \u2013 ANDERNOS LES BAINS<\/h2>\n\n\n\n<p>L&#039;\u00c9cume des mots, organizado por la Mediateca Andr\u00e9e-Chedid en colaboraci\u00f3n con la Escale du Livre<br>de Bordeaux, invita a autores nacionales de renombre y a j\u00f3venes talentos emergentes a presentar sus<br>ultimo trabajo. Un evento cultural en forma de encuentros literarios, intercambios, debates,<br>bajo los altos \u00e1rboles del jard\u00edn Louis David.<\/p>\n\n\n\n<div class=\"wp-block-uagb-container uagb-block-2f7cd4f4 alignfull uagb-is-root-container\"><div class=\"uagb-container-inner-blocks-wrap\"><\/div><\/div>\n\n\n\n<h2 class=\"wp-block-heading\">La rentr\u00e9e literaria: del 21 al 23 de agosto de 2025 \u2013 LEGE-CAP FERRET<\/h2>\n\n\n\n<p>22\u00aa edici\u00f3n en un entorno id\u00edlico en la Place de Mimbeau. Congresos, pueblos de autores, jornadas de firmas. <\/p>\n\n\n\n<div class=\"wp-block-uagb-container uagb-block-26a2d6f1 alignfull uagb-is-root-container\"><div class=\"uagb-container-inner-blocks-wrap\"><\/div><\/div>\n\n\n\n<h2 class=\"wp-block-heading\">Festival de Thrillers de Gujan: 27 y 28 de septiembre de 2025 \u2013 GUJAN-MESTRAS <\/h2>\n\n\n\n<p>Cuando Gujan-Mestras se convierte en teatro de intrigas... Bajo la atenta mirada de los autores invitados, maestros de la literatura policiaca, el &quot;Festival de novelas negras de Gujan&quot; se desarrolla en el coraz\u00f3n del pintoresco Port de Larros, entre las t\u00edpicas caba\u00f1as y el aire salado de la cuenca. En el programa: dedicatorias, mesas redondas con los autores, escape game, talleres de Polic\u00eda Nacional y actividades de Gendarmer\u00eda, talleres creativos. <\/p>\n\n\n\n<p>https:\/\/www.thrillersgujan.com\/<\/p>\n\n\n\n<div class=\"wp-block-uagb-container uagb-block-81a11b9d alignfull uagb-is-root-container\"><div class=\"uagb-container-inner-blocks-wrap\"><\/div><\/div>\n\n\n\n<div class=\"wp-block-uagb-separator uagb-block-bcfa1acd\"><div class=\"wp-block-uagb-separator__inner\" style=\"--my-background-image:\"><\/div><\/div>\n\n\n\n<h1 class=\"wp-block-heading\"><mark style=\"background-color:rgba(0, 0, 0, 0)\" class=\"has-inline-color has-luminous-vivid-amber-color\">PINTAR<\/mark><\/h1>\n\n\n\n<div class=\"wp-block-uagb-container uagb-block-4ffe8a78 alignfull uagb-is-root-container\"><div class=\"uagb-container-inner-blocks-wrap\"><\/div><\/div>\n\n\n\n<h2 class=\"wp-block-heading\">Vuelos de arte: del 28 de junio al 31 de agosto de 2025 \u2013 LA TESTE DE BUCH<\/h2>\n\n\n\n<p>Concurso de pintura sobre el tema \u201cLa naturaleza en verano\u201d: las inscripciones se realizar\u00e1n en<br>primavera y la exposici\u00f3n de las 50 pinturas seleccionadas tendr\u00e1 lugar a partir del 29 de junio en el parque de<br>la iglesia del pueblo.<\/p>\n\n\n\n<div class=\"wp-block-uagb-container uagb-block-3f0dd6b1 alignfull uagb-is-root-container\"><div class=\"uagb-container-inner-blocks-wrap\"><\/div><\/div>\n\n\n\n<h2 class=\"wp-block-heading\">Residencia art\u00edstica en la Maison Louis David: del 13 de octubre al 22 de noviembre de 2025 \u2013 ANDERNOS LES BAINS <\/h2>\n\n\n\n<p>El objetivo de la residencia de artistas es conocer a un artista durante su trabajo y obtener una comprensi\u00f3n m\u00e1s detallada de su trayectoria art\u00edstica y su proceso creativo. El artista permanecer\u00e1 6 semanas y se centrar\u00e1 en el di\u00e1logo con el p\u00fablico, talleres para aprender sobre la creaci\u00f3n art\u00edstica y sus nuevas obras que descubrir\u00e1 al final de la residencia. <\/p>\n\n\n\n<div class=\"wp-block-uagb-container uagb-block-c318af2b alignfull uagb-is-root-container\"><div class=\"uagb-container-inner-blocks-wrap\"><\/div><\/div>\n\n\n\n<div class=\"wp-block-uagb-separator uagb-block-20f8e493\"><div class=\"wp-block-uagb-separator__inner\" style=\"--my-background-image:\"><\/div><\/div>\n\n\n\n<h1 class=\"wp-block-heading\"><mark style=\"background-color:rgba(0, 0, 0, 0)\" class=\"has-inline-color has-luminous-vivid-amber-color\">M\u00daSICA<\/mark><\/h1>\n\n\n\n<div class=\"wp-block-uagb-container uagb-block-0a9281b1 alignfull uagb-is-root-container\"><div class=\"uagb-container-inner-blocks-wrap\"><\/div><\/div>\n\n\n\n<h2 class=\"wp-block-heading\">Festival de m\u00fasica de c\u00e1mara: del 12 al 21 de abril de 2025 \u2013 ARCACHON<\/h2>\n\n\n\n<p>En colaboraci\u00f3n con la Asociaci\u00f3n de Amigos de la M\u00fasica de C\u00e1mara de Arcachon, la 7\u00aa edici\u00f3n del Festival invita a todos los amantes de la m\u00fasica a seis conciertos excepcionales. El Cuarteto Modigliani os ofrece un programa de altos vuelos con un sabor muy internacional. \u00a1En Arcachon, las emociones de la m\u00fasica no tienen l\u00edmites!<\/p>\n\n\n\n<div class=\"wp-block-uagb-container uagb-block-f02a457a alignfull uagb-is-root-container\"><div class=\"uagb-container-inner-blocks-wrap\"><\/div><\/div>\n\n\n\n<figure class=\"wp-block-image size-large\"><img loading=\"lazy\" decoding=\"async\" width=\"1024\" height=\"683\" src=\"https:\/\/bassin-arcachon.com\/wp-content\/uploads\/2024\/02\/LW_77087-1024x683.jpg\" alt=\"- - Bassin d&#039;Arcachon\" class=\"wp-image-57958\" title=\"- - Bassin d&#039;Arcachon\" srcset=\"https:\/\/bassin-arcachon.com\/wp-content\/uploads\/2024\/02\/LW_77087-1024x683.jpg 1024w, https:\/\/bassin-arcachon.com\/wp-content\/uploads\/2024\/02\/LW_77087-600x400.jpg 600w, https:\/\/bassin-arcachon.com\/wp-content\/uploads\/2024\/02\/LW_77087-768x512.jpg 768w, https:\/\/bassin-arcachon.com\/wp-content\/uploads\/2024\/02\/LW_77087-18x12.jpg 18w, https:\/\/bassin-arcachon.com\/wp-content\/uploads\/2024\/02\/LW_77087.jpg 1500w\" sizes=\"auto, (max-width: 1024px) 100vw, 1024px\" \/><\/figure>\n\n\n\n<h2 class=\"wp-block-heading\">Festival de m\u00fasica de Cap Ferret: del 5 al 11 de julio de 2025 \u2013 LEGE-CAP FERRET<\/h2>\n\n\n\n<p>Cap Ferret acoge el Festival de M\u00fasica de Cap Ferret. Dedicado a la m\u00fasica cl\u00e1sica, este evento cultural y musical anual que se ha convertido en un culto, ofrece a sus visitantes la oportunidad de sumergirse en un mundo de<br>virtuosismos en un entorno id\u00edlico.<\/p>\n\n\n\n<p><strong>Mas informaci\u00f3n<\/strong> \ud83d\udc40: <a href=\"https:\/\/www.capferretmusicfestival.com\" target=\"_blank\" rel=\"noreferrer noopener\">https:\/\/www.capferretmusicfestival.com<\/a><\/p>\n\n\n\n<div class=\"wp-block-uagb-container uagb-block-2d1e5649 alignfull uagb-is-root-container\"><div class=\"uagb-container-inner-blocks-wrap\"><\/div><\/div>\n\n\n\n<h2 class=\"wp-block-heading\">Conciertos de la Jet\u00e9e: del 5 de julio al 16 de agosto de 2025 \u2013 ANDERNOS LES BAINS<\/h2>\n\n\n\n<p>Durante todo el verano, la ciudad vive al ritmo de conciertos gratuitos los s\u00e1bados por la noche. Nos vemos del 5 al 12 de julio de 2019 y del 2 al 9 de agosto de 2016 en la explanada Jet\u00e9e. El lunes 14 de julio y el viernes 15 de agosto, los conciertos dar\u00e1n paso a fuegos artificiales frente a la Jet\u00e9e en la Bassin.<\/p>\n\n\n\n<div class=\"wp-block-uagb-container uagb-block-8d63c543 alignfull uagb-is-root-container\"><div class=\"uagb-container-inner-blocks-wrap\"><\/div><\/div>\n\n\n\n<figure class=\"wp-block-image size-large\"><img loading=\"lazy\" decoding=\"async\" width=\"1024\" height=\"771\" src=\"https:\/\/bassin-arcachon.com\/wp-content\/uploads\/2024\/03\/24.06.23-Le-Teich-EM23-19-1024x771.jpg\" alt=\"- - Bassin d&#039;Arcachon\" class=\"wp-image-58048\" title=\"- - Bassin d&#039;Arcachon\" srcset=\"https:\/\/bassin-arcachon.com\/wp-content\/uploads\/2024\/03\/24.06.23-Le-Teich-EM23-19-1024x771.jpg 1024w, https:\/\/bassin-arcachon.com\/wp-content\/uploads\/2024\/03\/24.06.23-Le-Teich-EM23-19-600x452.jpg 600w, https:\/\/bassin-arcachon.com\/wp-content\/uploads\/2024\/03\/24.06.23-Le-Teich-EM23-19-768x578.jpg 768w, https:\/\/bassin-arcachon.com\/wp-content\/uploads\/2024\/03\/24.06.23-Le-Teich-EM23-19-1536x1156.jpg 1536w, https:\/\/bassin-arcachon.com\/wp-content\/uploads\/2024\/03\/24.06.23-Le-Teich-EM23-19-16x12.jpg 16w, https:\/\/bassin-arcachon.com\/wp-content\/uploads\/2024\/03\/24.06.23-Le-Teich-EM23-19.jpg 1600w\" sizes=\"auto, (max-width: 1024px) 100vw, 1024px\" \/><figcaption class=\"wp-element-caption\">\u00a9 Les Escapades Musicales <\/figcaption><\/figure>\n\n\n\n<h2 class=\"wp-block-heading\">Festival Internacional Escapadas Musicales Bassin en Arcachon: del 19 de junio al 19 de julio de 2025 \u2013 CONCIERTOS ITINERANTES<\/h2>\n\n\n\n<p>El festival celebra este a\u00f1o su 16\u00ba aniversario. Durante 5 semanas, los mejores artistas<br>Artistas internacionales deleitar\u00e1n a un p\u00fablico formado tanto por mel\u00f3manos exigentes como por espectadores.<br>curiosos, ven a descubrir en familia las maravillas de la m\u00fasica cl\u00e1sica en este viaje por el<br>Leyre y todo el entorno de la Bassin de Arcachon.<\/p>\n\n\n\n<p><strong>Mas informaci\u00f3n<\/strong> \ud83d\udc40: <a href=\"https:\/\/www.lesescapadesmusicales.com\" target=\"_blank\" rel=\"noreferrer noopener\">https:\/\/www.lesescapadesmusicales.com<\/a><\/p>\n\n\n\n<div class=\"wp-block-uagb-container uagb-block-52576f77 alignfull uagb-is-root-container\"><div class=\"uagb-container-inner-blocks-wrap\"><\/div><\/div>\n\n\n\n<h2 class=\"wp-block-heading\">Escenas musicales: del 5 al 5 de julio de 2025 \u2013 LA TESTE DE BUCH <\/h2>\n\n\n\n<p>El evento acoge por segundo a\u00f1o el festival African Vibes en el teatro Cravey con numerosos conciertos. Tambi\u00e9n se ofrecer\u00e1 una villa al aire libre con servicio de catering, refrigerios y conciertos. <\/p>\n\n\n\n<div class=\"wp-block-uagb-container uagb-block-c310e771 alignfull uagb-is-root-container\"><div class=\"uagb-container-inner-blocks-wrap\"><\/div><\/div>\n\n\n\n<h2 class=\"wp-block-heading\">La noche del 13 de julio: 13 de julio de 2025 \u2013 LA TESTE DE BUCH<\/h2>\n\n\n\n<p>M\u00fasica, baile, entretenimiento y comida gourmet se combinar\u00e1n para ofrecer una velada familiar y amigable, donde el ambiente se ir\u00e1 construyendo con el paso de las horas. <\/p>\n\n\n\n<h2 class=\"wp-block-heading\">Audenge celebra su festival: del 12 al 14 de julio de 2025 \u2013 AUDENGE<\/h2>\n\n\n\n<p>\u201cAudenge fait son festival\u201d vuelve en su tercera edici\u00f3n, con tres d\u00edas de conciertos en un entorno<br>at\u00edpico y de tama\u00f1o natural. Conciertos gratuitos, espect\u00e1culos de danza, food trucks y muchos m\u00e1s.<br>Otras actividades para descubrir en el parque p\u00fablico.<\/p>\n\n\n\n<div class=\"wp-block-uagb-container uagb-block-baf8f028 alignfull uagb-is-root-container\"><div class=\"uagb-container-inner-blocks-wrap\"><\/div><\/div>\n\n\n\n<figure class=\"wp-block-image size-large\"><img loading=\"lazy\" decoding=\"async\" width=\"1024\" height=\"768\" src=\"https:\/\/bassin-arcachon.com\/wp-content\/uploads\/2024\/03\/Concert-MusicO-Teich-Ville-Le-Teich-1024x768.jpg\" alt=\"- - Bassin d&#039;Arcachon\" class=\"wp-image-58012\" title=\"- - Bassin d&#039;Arcachon\" srcset=\"https:\/\/bassin-arcachon.com\/wp-content\/uploads\/2024\/03\/Concert-MusicO-Teich-Ville-Le-Teich-1024x768.jpg 1024w, https:\/\/bassin-arcachon.com\/wp-content\/uploads\/2024\/03\/Concert-MusicO-Teich-Ville-Le-Teich-600x450.jpg 600w, https:\/\/bassin-arcachon.com\/wp-content\/uploads\/2024\/03\/Concert-MusicO-Teich-Ville-Le-Teich-768x576.jpg 768w, https:\/\/bassin-arcachon.com\/wp-content\/uploads\/2024\/03\/Concert-MusicO-Teich-Ville-Le-Teich-1536x1152.jpg 1536w, https:\/\/bassin-arcachon.com\/wp-content\/uploads\/2024\/03\/Concert-MusicO-Teich-Ville-Le-Teich-16x12.jpg 16w, https:\/\/bassin-arcachon.com\/wp-content\/uploads\/2024\/03\/Concert-MusicO-Teich-Ville-Le-Teich.jpg 2048w\" sizes=\"auto, (max-width: 1024px) 100vw, 1024px\" \/><figcaption class=\"wp-element-caption\">M\u00fasica&#039;O Teich \u2013 \u00a9Ville Le Teich<\/figcaption><\/figure>\n\n\n\n<h2 class=\"wp-block-heading\">Music&#039;O Teich: 12 y 14 de julio de 2025 \u2013 LE TEICH<\/h2>\n\n\n\n<p>3 d\u00edas de conciertos en un ambiente familiar y rural en la Marina, \u00e9sta es la receta inigualable del Festival M\u00fasica O&#039;Teich. Conciertos gratuitos, fuegos artificiales.<\/p>\n\n\n\n<p><strong>Mas informaci\u00f3n<\/strong> \ud83d\udc40: <a href=\"https:\/\/www.african-vibes-festival.fr\" target=\"_blank\" rel=\"noopener\">https:\/\/www.vibraciones-africanas-<\/a><a href=\"https:\/\/www.african-vibes-festival.fr\" target=\"_blank\" rel=\"noreferrer noopener\">festival<\/a><a href=\"https:\/\/www.african-vibes-festival.fr\" target=\"_blank\" rel=\"noopener\">.fr<\/a><\/p>\n\n\n\n<div class=\"wp-block-uagb-container uagb-block-4b503720 alignfull uagb-is-root-container\"><div class=\"uagb-container-inner-blocks-wrap\"><\/div><\/div>\n\n\n\n<h2 class=\"wp-block-heading\">El bombero: mediados de julio de 2025 \u2013 CLAOUEY, LEGE CAP FERRET<\/h2>\n\n\n\n<p>Este proyecto es una iniciativa de la asociaci\u00f3n de bomberos de Ar\u00e8s \u2013 L\u00e8ge. Este equipo de entusiastas<br>ofrecer una jornada familiar y festiva en torno a su profesi\u00f3n y los valores que les impulsan, en<br>un deseo de intercambios con la poblaci\u00f3n local y los turistas.<br>Por la noche, llega el momento de un gran concierto con un programa de vanguardia que sacudir\u00e1 la Presqu&#039;\u00eele.<\/p>\n\n\n\n<p><strong>Mas informaci\u00f3n<\/strong> \ud83d\udc40: <a href=\"https:\/\/www.firefighter-village.fr\" target=\"_blank\" rel=\"noreferrer noopener\">https:\/\/www.firefighter-village.fr<\/a><\/p>\n\n\n\n<div class=\"wp-block-uagb-container uagb-block-2c4cfdf3 alignfull uagb-is-root-container\"><div class=\"uagb-container-inner-blocks-wrap\"><\/div><\/div>\n\n\n\n<h2 class=\"wp-block-heading\">\u00d3pera al aire libre: 19 de julio de 2025 \u2013 GUJAN-MESTRAS<\/h2>\n\n\n\n<p>Tu cita con el arte l\u00edrico para descubrir o redescubrir famosos est\u00e1ndares de \u00f3pera en<br>al aire libre y en familia. \u00a1Un espect\u00e1culo gratuito, imperdible desde 2009!<\/p>\n\n\n\n<p><strong>Mas informaci\u00f3n<\/strong> \ud83d\udc40: <a href=\"https:\/\/gujanmestras.com\/agenda\/opera-en-plein-air\" target=\"_blank\" rel=\"noreferrer noopener\">https:\/\/gujanmestras.com\/agenda\/opera-en-plein-air<\/a><\/p>\n\n\n\n<div class=\"wp-block-uagb-container uagb-block-ce97abe9 alignfull uagb-is-root-container\"><div class=\"uagb-container-inner-blocks-wrap\"><\/div><\/div>\n\n\n\n<figure class=\"wp-block-image size-large\"><img loading=\"lazy\" decoding=\"async\" width=\"1024\" height=\"768\" src=\"https:\/\/bassin-arcachon.com\/wp-content\/uploads\/2024\/03\/Mios-en-Fete-2024-copyright-Philippe-Etchebest-Chef-and-the-gang-1024x768.jpg\" alt=\"- - Bassin d&#039;Arcachon\" class=\"wp-image-148298\" title=\"- - Bassin d&#039;Arcachon\" srcset=\"https:\/\/bassin-arcachon.com\/wp-content\/uploads\/2024\/03\/Mios-en-Fete-2024-copyright-Philippe-Etchebest-Chef-and-the-gang-1024x768.jpg 1024w, https:\/\/bassin-arcachon.com\/wp-content\/uploads\/2024\/03\/Mios-en-Fete-2024-copyright-Philippe-Etchebest-Chef-and-the-gang-600x450.jpg 600w, https:\/\/bassin-arcachon.com\/wp-content\/uploads\/2024\/03\/Mios-en-Fete-2024-copyright-Philippe-Etchebest-Chef-and-the-gang-768x576.jpg 768w, https:\/\/bassin-arcachon.com\/wp-content\/uploads\/2024\/03\/Mios-en-Fete-2024-copyright-Philippe-Etchebest-Chef-and-the-gang-16x12.jpg 16w, https:\/\/bassin-arcachon.com\/wp-content\/uploads\/2024\/03\/Mios-en-Fete-2024-copyright-Philippe-Etchebest-Chef-and-the-gang.jpg 1440w\" sizes=\"auto, (max-width: 1024px) 100vw, 1024px\" \/><figcaption class=\"wp-element-caption\">Philippe ETCHEBEST y su pandilla \u2013 \u00a9Ville de Mios<\/figcaption><\/figure>\n\n\n\n<h2 class=\"wp-block-heading\">Mios en celebraci\u00f3n: del 25 al 27 de julio de 2025 \u2013 MIOS<\/h2>\n\n\n\n<p>\u00a1Un festival de pop-rock 100% para descubrir junto al r\u00edo! Y para un fin de semana de agosto, jazz<br>llega a Mios en todas sus formas con el Bee Holiday Festival (del 22 al 23 de agosto de 2025).<\/p>\n\n\n\n<div class=\"wp-block-uagb-container uagb-block-0339845d alignfull uagb-is-root-container\"><div class=\"uagb-container-inner-blocks-wrap\"><\/div><\/div>\n\n\n\n<h2 class=\"wp-block-heading\">Festival de Jazz de Andernos: del 25 al 27 de julio de 2025 \u2013 ANDERNOS LES BAINS<\/h2>\n\n\n\n<p>Tres d\u00edas de jazz, conciertos gratuitos al aire libre, durante el d\u00eda y la noche. 52\u00aa edici\u00f3n de un festival legendario dedicado a la riqueza y diversidad musical de los m\u00fasicos de la escena regional e internacional. Para vivir intensamente en la explanada de la Jet\u00e9e, la playa de B\u00e9tey, la plaza del 14 de julio o el jard\u00edn Louis David.<\/p>\n\n\n\n<p><strong>Mas informaci\u00f3n<\/strong> \ud83d\udc40: <a href=\"https:\/\/www.andernos-jazz-festival.fr\" target=\"_blank\" rel=\"noreferrer noopener\">https:\/\/www.andernos-jazz-festival.fr<\/a><\/p>\n\n\n\n<div class=\"wp-block-uagb-container uagb-block-2bd5f55c alignfull uagb-is-root-container\"><div class=\"uagb-container-inner-blocks-wrap\"><\/div><\/div>\n\n\n\n<h2 class=\"wp-block-heading\">Grandes conciertos de verano de Arcachon: del 25 al 27 de julio de 2025 \u2013 ARCACHON <\/h2>\n\n\n\n<p>Estas grandes veladas al aire libre, en el coraz\u00f3n del V\u00e9lodrome de Arcachon, marcan el verano de los lugare\u00f1os y de los veraneantes, que se embarcan con un billete de ida para 4 conciertos excepcionales. Un aut\u00e9ntico viaje multigeneracional, estos conciertos \u00fanicos unen a la gente en torno a un lenguaje com\u00fan y unificador: la m\u00fasica. Artistas presentes este a\u00f1o: Soprano el 25 de julio, Mosiman, Bon Entendeur y un 3er cabeza de cartel el 26 de julio y Sofiance Pamart el 27 de julio. <\/p>\n\n\n\n<div class=\"wp-block-uagb-container uagb-block-159a507a alignfull uagb-is-root-container\"><div class=\"uagb-container-inner-blocks-wrap\"><\/div><\/div>\n\n\n\n<div style=\"height:0px\" aria-hidden=\"true\" class=\"wp-block-spacer\"><\/div>\n\n\n\n<h2 class=\"wp-block-heading\">Los Lantonnales: 4 y 25 de julio, 1 y 22 de agosto de 2025 \u2013 LANTON<\/h2>\n\n\n\n<p>Muy arraigado en el panorama cultural de la ciudad, el Festival \u201cLes Lantonnales\u201d pone m\u00fasica a la ciudad.<br>cl\u00e1sico en el punto de mira, a trav\u00e9s de una invitaci\u00f3n a viajar. La entrada es libre y gratuita.<\/p>\n\n\n\n<div class=\"wp-block-uagb-container uagb-block-fca4faa5 alignfull uagb-is-root-container\"><div class=\"uagb-container-inner-blocks-wrap\"><\/div><\/div>\n\n\n\n<h2 class=\"wp-block-heading\">Happyla: 9 de agosto \u2013 LA PRUEBA DE BUCH <\/h2>\n\n\n\n<p>\u00a1Para su segunda edici\u00f3n, Happyla reunir\u00e1 a locales y turistas en la plaza Daniel Meller! M\u00fasica, food trucks, talleres y animaci\u00f3n para ni\u00f1os... El barrio de Pyla se transforma en un pueblo festivo, con un programa animado para todos.<\/p>\n\n\n\n<div class=\"wp-block-uagb-separator uagb-block-82d61b28\"><div class=\"wp-block-uagb-separator__inner\" style=\"--my-background-image:\"><\/div><\/div>\n\n\n\n<div class=\"wp-block-uagb-container uagb-block-54992339 alignfull uagb-is-root-container\"><div class=\"uagb-container-inner-blocks-wrap\"><\/div><\/div>\n\n\n\n<h1 class=\"wp-block-heading\"><mark style=\"background-color:rgba(0, 0, 0, 0)\" class=\"has-inline-color has-luminous-vivid-amber-color\">BAILAR<\/mark><\/h1>\n\n\n\n<figure class=\"wp-block-image size-large\"><img loading=\"lazy\" decoding=\"async\" width=\"1024\" height=\"740\" src=\"https:\/\/bassin-arcachon.com\/wp-content\/uploads\/2024\/03\/cadences-Didier-Brandao-p-22-1024x740.jpg\" alt=\"- - Bassin d&#039;Arcachon\" class=\"wp-image-58017\" title=\"- - Bassin d&#039;Arcachon\" srcset=\"https:\/\/bassin-arcachon.com\/wp-content\/uploads\/2024\/03\/cadences-Didier-Brandao-p-22-1024x740.jpg 1024w, https:\/\/bassin-arcachon.com\/wp-content\/uploads\/2024\/03\/cadences-Didier-Brandao-p-22-600x434.jpg 600w, https:\/\/bassin-arcachon.com\/wp-content\/uploads\/2024\/03\/cadences-Didier-Brandao-p-22-768x555.jpg 768w, https:\/\/bassin-arcachon.com\/wp-content\/uploads\/2024\/03\/cadences-Didier-Brandao-p-22-1536x1111.jpg 1536w, https:\/\/bassin-arcachon.com\/wp-content\/uploads\/2024\/03\/cadences-Didier-Brandao-p-22-18x12.jpg 18w, https:\/\/bassin-arcachon.com\/wp-content\/uploads\/2024\/03\/cadences-Didier-Brandao-p-22.jpg 1600w\" sizes=\"auto, (max-width: 1024px) 100vw, 1024px\" \/><figcaption class=\"wp-element-caption\">Festival Cadencias \u2013 \u00a9Didier Brandao<\/figcaption><\/figure>\n\n\n\n<h2 class=\"wp-block-heading\">Festival Cadences: del 16 al 23 de septiembre de 2025 \u2013 El lugar de encuentro de todos los bailes<\/h2>\n\n\n\n<p>Septiembre se ha convertido en el mes imprescindible para los amantes de la danza. Los grandes nombres de la disciplina dejan sus maletas en la playa para pasar las tardes en los cuatro rincones del Bassin de Arcachon. <\/p>\n\n\n\n<div class=\"wp-block-uagb-container uagb-block-7abebf8f alignfull uagb-is-root-container\"><div class=\"uagb-container-inner-blocks-wrap\"><\/div><\/div>\n\n\n\n<div class=\"wp-block-uagb-separator uagb-block-84a99c2f\"><div class=\"wp-block-uagb-separator__inner\" style=\"--my-background-image:\"><\/div><\/div>\n\n\n\n<h1 class=\"wp-block-heading\"><mark style=\"background-color:rgba(0, 0, 0, 0)\" class=\"has-inline-color has-luminous-vivid-amber-color\">ARTE CALLEJERO<\/mark><\/h1>\n\n\n\n<figure class=\"wp-block-image size-large\"><img loading=\"lazy\" decoding=\"async\" width=\"1024\" height=\"664\" src=\"https:\/\/bassin-arcachon.com\/wp-content\/uploads\/2024\/03\/Design-sans-titre-2024-03-01T105611.857-1024x664.png\" alt=\"- - Bassin d&#039;Arcachon\" class=\"wp-image-58020\" title=\"- - Bassin d&#039;Arcachon\" srcset=\"https:\/\/bassin-arcachon.com\/wp-content\/uploads\/2024\/03\/Design-sans-titre-2024-03-01T105611.857-1024x664.png 1024w, https:\/\/bassin-arcachon.com\/wp-content\/uploads\/2024\/03\/Design-sans-titre-2024-03-01T105611.857-600x389.png 600w, https:\/\/bassin-arcachon.com\/wp-content\/uploads\/2024\/03\/Design-sans-titre-2024-03-01T105611.857-768x498.png 768w, https:\/\/bassin-arcachon.com\/wp-content\/uploads\/2024\/03\/Design-sans-titre-2024-03-01T105611.857-18x12.png 18w, https:\/\/bassin-arcachon.com\/wp-content\/uploads\/2024\/03\/Design-sans-titre-2024-03-01T105611.857.png 1080w\" sizes=\"auto, (max-width: 1024px) 100vw, 1024px\" \/><figcaption class=\"wp-element-caption\">Arte callejero \u2013 \u00a9M\u00e9lanny Rodrigues<\/figcaption><\/figure>\n\n\n\n<h2 class=\"wp-block-heading\">Escape salvaje: del 8 al 18 de mayo de 2025 \u2013 LA TESTE DE BUCH<\/h2>\n\n\n\n<p>Un evento que da un lugar privilegiado al arte callejero. En el programa de esta nueva edici\u00f3n: 3 artistas de street art crear\u00e1n obras gigantescas en las murallas de la ciudad. Programaci\u00f3n y fecha oficial por venir.<\/p>\n\n\n\n<div class=\"wp-block-uagb-container uagb-block-b229c8e3 alignfull uagb-is-root-container\"><div class=\"uagb-container-inner-blocks-wrap\"><\/div><\/div>\n\n\n\n<figure class=\"wp-block-image size-large\"><img loading=\"lazy\" decoding=\"async\" width=\"1024\" height=\"683\" src=\"https:\/\/bassin-arcachon.com\/wp-content\/uploads\/2024\/03\/Street-art-2023_\u00a9Pleine-ouverture_118-1024x683.jpg\" alt=\"- - Bassin d&#039;Arcachon\" class=\"wp-image-58021\" title=\"- - Bassin d&#039;Arcachon\" srcset=\"https:\/\/bassin-arcachon.com\/wp-content\/uploads\/2024\/03\/Street-art-2023_\u00a9Pleine-ouverture_118-1024x683.jpg 1024w, https:\/\/bassin-arcachon.com\/wp-content\/uploads\/2024\/03\/Street-art-2023_\u00a9Pleine-ouverture_118-600x400.jpg 600w, https:\/\/bassin-arcachon.com\/wp-content\/uploads\/2024\/03\/Street-art-2023_\u00a9Pleine-ouverture_118-2048x1365.jpg 2048w, https:\/\/bassin-arcachon.com\/wp-content\/uploads\/2024\/03\/Street-art-2023_\u00a9Pleine-ouverture_118-768x512.jpg 768w, https:\/\/bassin-arcachon.com\/wp-content\/uploads\/2024\/03\/Street-art-2023_\u00a9Pleine-ouverture_118-1536x1024.jpg 1536w, https:\/\/bassin-arcachon.com\/wp-content\/uploads\/2024\/03\/Street-art-2023_\u00a9Pleine-ouverture_118-18x12.jpg 18w, https:\/\/bassin-arcachon.com\/wp-content\/uploads\/2024\/03\/Street-art-2023_\u00a9Pleine-ouverture_118-640x427.jpg 640w, https:\/\/bassin-arcachon.com\/wp-content\/uploads\/2024\/03\/Street-art-2023_\u00a9Pleine-ouverture_118-1200x800.jpg 1200w, https:\/\/bassin-arcachon.com\/wp-content\/uploads\/2024\/03\/Street-art-2023_\u00a9Pleine-ouverture_118-1920x1280.jpg 1920w, https:\/\/bassin-arcachon.com\/wp-content\/uploads\/2024\/03\/Street-art-2023_\u00a9Pleine-ouverture_118-300x200.jpg 300w\" sizes=\"auto, (max-width: 1024px) 100vw, 1024px\" \/><figcaption class=\"wp-element-caption\">Arte callejero \u2013 \u00a9Pleine Ouverture<\/figcaption><\/figure>\n\n\n\n<h2 class=\"wp-block-heading\">Semana del arte callejero: del 2 al 7 de junio de 2025 \u2013 ARES<\/h2>\n\n\n\n<p>Desde 2020, 20 artistas profesionales han rehabilitado 20 transformadores. \u00bfEl objetivo? Alcanzar<br>\u00a1Los 50 transformadores en 2026! Un viaje rico en varias obras para descubrir en diferentes<br>barrios de la ciudad.<\/p>\n\n\n\n<div class=\"wp-block-uagb-container uagb-block-92bd2c08 alignfull uagb-is-root-container\"><div class=\"uagb-container-inner-blocks-wrap\"><\/div><\/div>\n\n\n\n<h2 class=\"wp-block-heading\">\u00a1Mirada de festival! : del 27 al 28 de junio de 2025 \u2013 ARES<\/h2>\n\n\n\n<p>Este joven festival se ha consolidado como cita obligada de la temporada cultural con espect\u00e1culos en<br>naturaleza impresionante. Tres d\u00edas durante los cuales el espacio p\u00fablico de Ar\u00e8s tiende a sublimarse,<br>Te invitamos a so\u00f1ar despierto y unir a la gente.<\/p>\n\n\n\n<figure class=\"wp-block-image size-large\"><img loading=\"lazy\" decoding=\"async\" width=\"1024\" height=\"614\" src=\"https:\/\/bassin-arcachon.com\/wp-content\/uploads\/2024\/03\/Design-sans-titre-6-1024x614.png\" alt=\"Ballet a\u00e9reo en el marco del festival Regarde! En Ares\" class=\"wp-image-149214\" title=\"- - Bassin d&#039;Arcachon\" srcset=\"https:\/\/bassin-arcachon.com\/wp-content\/uploads\/2024\/03\/Design-sans-titre-6-1024x614.png 1024w, https:\/\/bassin-arcachon.com\/wp-content\/uploads\/2024\/03\/Design-sans-titre-6-600x360.png 600w, https:\/\/bassin-arcachon.com\/wp-content\/uploads\/2024\/03\/Design-sans-titre-6-768x461.png 768w, https:\/\/bassin-arcachon.com\/wp-content\/uploads\/2024\/03\/Design-sans-titre-6-1536x922.png 1536w, https:\/\/bassin-arcachon.com\/wp-content\/uploads\/2024\/03\/Design-sans-titre-6-18x12.png 18w, https:\/\/bassin-arcachon.com\/wp-content\/uploads\/2024\/03\/Design-sans-titre-6.png 2000w\" sizes=\"auto, (max-width: 1024px) 100vw, 1024px\" \/><\/figure>\n\n\n\n<div class=\"wp-block-uagb-container uagb-block-d9534134 alignfull uagb-is-root-container\"><div class=\"uagb-container-inner-blocks-wrap\"><\/div><\/div>\n\n\n\n<h2 class=\"wp-block-heading\">Festival Teste \u00e0 T\u00eates: del 12 al 14 de septiembre de 2025 \u2013 LA TESTE DE BUCH<\/h2>\n\n\n\n<p>Cita ineludible para los amantes del circo y del teatro de calle, la 8\u00aa edici\u00f3n del festival Teste \u00e0 T\u00eates tendr\u00e1 lugar en el Circo Komon\u00f2 (en La Teste-de-Buch). Durante tres d\u00edas, entra en su mundo original, alegre y acogedor, con magn\u00edficos espect\u00e1culos, una feria art\u00edstica... \u00a1y una gran carpa!<\/p>\n\n\n\n<p><strong>Mas informaci\u00f3n<\/strong> \ud83d\udc40: <a href=\"https:\/\/www.ecole-cirque.fr\/teste-a-tetes\" target=\"_blank\" rel=\"noopener\">https:\/\/www.ecole-cirque.fr\/teste-a-tetes<\/a><\/p>\n\n\n\n<div class=\"wp-block-uagb-separator uagb-block-3784f889\"><div class=\"wp-block-uagb-separator__inner\" style=\"--my-background-image:\"><\/div><\/div>\n\n\n\n<h1 class=\"wp-block-heading\"><mark style=\"background-color:rgba(0, 0, 0, 0)\" class=\"has-inline-color has-luminous-vivid-amber-color\">TEATRO<\/mark><\/h1>\n\n\n\n<figure class=\"wp-block-image size-large\"><img loading=\"lazy\" decoding=\"async\" width=\"1024\" height=\"683\" src=\"https:\/\/bassin-arcachon.com\/wp-content\/uploads\/2024\/03\/oliviermarchal-1-1024x683.jpg\" alt=\"- - Bassin d&#039;Arcachon\" class=\"wp-image-148296\" title=\"- - Bassin d&#039;Arcachon\" srcset=\"https:\/\/bassin-arcachon.com\/wp-content\/uploads\/2024\/03\/oliviermarchal-1-1024x683.jpg 1024w, https:\/\/bassin-arcachon.com\/wp-content\/uploads\/2024\/03\/oliviermarchal-1-300x200.jpg 300w, https:\/\/bassin-arcachon.com\/wp-content\/uploads\/2024\/03\/oliviermarchal-1-768x512.jpg 768w, https:\/\/bassin-arcachon.com\/wp-content\/uploads\/2024\/03\/oliviermarchal-1-1536x1024.jpg 1536w, https:\/\/bassin-arcachon.com\/wp-content\/uploads\/2024\/03\/oliviermarchal-1-2048x1365.jpg 2048w, https:\/\/bassin-arcachon.com\/wp-content\/uploads\/2024\/03\/oliviermarchal-1-18x12.jpg 18w, https:\/\/bassin-arcachon.com\/wp-content\/uploads\/2024\/03\/oliviermarchal-1-640x427.jpg 640w, https:\/\/bassin-arcachon.com\/wp-content\/uploads\/2024\/03\/oliviermarchal-1-1200x800.jpg 1200w, https:\/\/bassin-arcachon.com\/wp-content\/uploads\/2024\/03\/oliviermarchal-1-1920x1280.jpg 1920w\" sizes=\"auto, (max-width: 1024px) 100vw, 1024px\" \/><\/figure>\n\n\n\n<p>Oliver Marchal \u2013 Ciudad de La Teste de Buch <\/p>\n\n\n\n<h2 class=\"wp-block-heading\">Las escenas de Olivier Marchal: del 6 al 16 de noviembre de 2025 \u2013 LA TESTE DE BUCH<\/h2>\n\n\n\n<p>Un festival de teatro patrocinado por Olivier Marchal que brilla por toda la ciudad con actividades,<br>lecturas, conferencias\u2026 8 espect\u00e1culos con actores de renombre como para los estrenos<br>ediciones: Berl\u00e9and, Dul\u00e9ry, Demaison, Ducret, Boujenah, Dutronc, Richard, Bernier\u2026 Th\u00e9atre Cravey:<br>El programa se descubrir\u00e1 pr\u00f3ximamente en el sitio web de la ciudad.<\/p>\n\n\n\n<div class=\"wp-block-uagb-container uagb-block-7248a47d alignfull uagb-is-root-container\"><div class=\"uagb-container-inner-blocks-wrap\"><\/div><\/div>\n\n\n\n<div class=\"wp-block-uagb-separator uagb-block-2f0bfa3a\"><div class=\"wp-block-uagb-separator__inner\" style=\"--my-background-image:\"><\/div><\/div>\n\n\n\n<h1 class=\"wp-block-heading\"><mark style=\"background-color:rgba(0, 0, 0, 0)\" class=\"has-inline-color has-luminous-vivid-amber-color\">CINE<\/mark><\/h1>\n\n\n\n<div class=\"wp-block-uagb-container uagb-block-46c3c748 alignfull uagb-is-root-container\"><div class=\"uagb-container-inner-blocks-wrap\"><\/div><\/div>\n\n\n\n<h2 class=\"wp-block-heading\">Festival de Cine Italiano: 18-23 de marzo de 2025 \u2013 ANDERNOS LES BAINS <\/h2>\n\n\n\n<p>El Festival de Cine Italiano es un evento anual que ofrece proyecciones de nuevas pel\u00edculas, preestrenos, conferencias, encuentros con directores, etc. Todas las pel\u00edculas se proyectan en versi\u00f3n original con subt\u00edtulos. <\/p>\n\n\n\n<div class=\"wp-block-uagb-container uagb-block-d779bb9b alignfull uagb-is-root-container\"><div class=\"uagb-container-inner-blocks-wrap\"><\/div><\/div>\n\n\n\n<h2 class=\"wp-block-heading\">FAN, Festival de Cine de Aventura y Naturaleza: del 10 al 13 de abril de 2025 \u2013 LEGE CAP-FERRET \u2013 Sala la Halle<\/h2>\n\n\n\n<p>Con el apoyo de la ciudad, este evento celebra el cine y atrae a curiosos, so\u00f1adores, amantes de la naturaleza y aventureros que se re\u00fanen para proyecciones de pel\u00edculas y encuentros para todos los p\u00fablicos.<\/p>\n\n\n\n<div class=\"wp-block-uagb-container uagb-block-8340595b alignfull uagb-is-root-container\"><div class=\"uagb-container-inner-blocks-wrap\"><\/div><\/div>\n\n\n\n<h2 class=\"wp-block-heading\">Festival \u201cEspa\u00f1a, t\u00f3came tu cine\u201d: Octubre 2025 \u2013 ANDERNOS LES BAINS <\/h2>\n\n\n\n<p>Los grandes nombres del cine espa\u00f1ol se codean con los m\u00e1s reservados durante las proyecciones en VOSTFR. Una cita ib\u00e9rica ineludible. <\/p>\n\n\n\n<div class=\"wp-block-uagb-container uagb-block-162db555 alignfull uagb-is-root-container\"><div class=\"uagb-container-inner-blocks-wrap\"><\/div><\/div>\n\n\n\n<h2 class=\"wp-block-heading\">Festival de la versi\u00f3n original en el Cine G\u00e9rard Philipe: del 7 al 15 de noviembre de 2025 \u2013 GUJAN-MESTRAS <\/h2>\n\n\n\n<p>Cada a\u00f1o, desde 2011, un equipo de apasionados organiza este festival, que se estructura en torno a la programaci\u00f3n de una treintena de pel\u00edculas de autor en versi\u00f3n original, con subt\u00edtulos en franc\u00e9s. Cambio de aires, apertura, descubrimiento, humanismo\u2026 son las palabras clave de este evento rico en pel\u00edculas que nos interpelan. <\/p>\n\n\n\n<p><blockquote class=\"wp-embedded-content\" data-secret=\"gniR8CoEKO\"><a href=\"https:\/\/www.festival-version-originale.fr\/\" target=\"_blank\" rel=\"noopener\">Inicio<\/a><\/blockquote><iframe loading=\"lazy\" class=\"wp-embedded-content\" sandbox=\"allow-scripts\" security=\"restricted\" style=\"position: absolute; visibility: hidden;\" title=\"\u201cHome\u201d \u2014 Festival de la versi\u00f3n original\" src=\"https:\/\/www.festival-version-originale.fr\/embed\/#?secret=tEBENXLT9f#?secret=gniR8CoEKO\" data-secret=\"gniR8CoEKO\" width=\"500\" height=\"282\" frameborder=\"0\" marginwidth=\"0\" marginheight=\"0\" scrolling=\"no\"><\/iframe><\/p>\n\n\n\n<div class=\"wp-block-uagb-container uagb-block-7e79fe40 alignfull uagb-is-root-container\"><div class=\"uagb-container-inner-blocks-wrap\"><\/div><\/div>\n\n\n\n<div class=\"wp-block-uagb-separator uagb-block-309de3e4\"><div class=\"wp-block-uagb-separator__inner\" style=\"--my-background-image:\"><\/div><\/div>\n\n\n\n<h1 class=\"wp-block-heading\"><mark style=\"background-color:rgba(0, 0, 0, 0)\" class=\"has-inline-color has-luminous-vivid-amber-color\">MULTIDISCIPLINARIO<\/mark><\/h1>\n\n\n\n<div class=\"wp-block-uagb-container uagb-block-f64de94d alignfull uagb-is-root-container\"><div class=\"uagb-container-inner-blocks-wrap\"><\/div><\/div>\n\n\n\n<h2 class=\"wp-block-heading\">Bazar de los ni\u00f1os: del 23 de marzo al 6 de abril de 2025 \u2013 LA CARAVELLE \u2013 MARCHEPRIME<\/h2>\n\n\n\n<p>Este festival dedicado a los ni\u00f1os y a las familias con espect\u00e1culos y talleres regresa en su 8\u00aa edici\u00f3n y tendr\u00e1 lugar en las ciudades de Marcheprime pero tambi\u00e9n en Arcachon, Ar\u00e8s, Biganos, Gujan-Mestras, L\u00e8ge-Cap Ferret, Le Teich, Mios, Le Barp y Salles.<\/p>\n\n\n\n<p><strong>Mas informaci\u00f3n<\/strong> \ud83d\udc40: <a href=\"https:\/\/www.la-caravelle-marcheprime.fr\/\" target=\"_blank\" rel=\"noreferrer noopener\">https:\/\/www.la-caravelle-marcheprime.fr\/<\/a><\/p>\n\n\n\n<div class=\"wp-block-uagb-container uagb-block-9f9489bc alignfull uagb-is-root-container\"><div class=\"uagb-container-inner-blocks-wrap\"><\/div><\/div>\n\n\n\n<figure class=\"wp-block-image size-large\"><img loading=\"lazy\" decoding=\"async\" width=\"1024\" height=\"682\" src=\"https:\/\/bassin-arcachon.com\/wp-content\/uploads\/2024\/03\/20160709_BD_Portrait-AMoustie_BOULOUMIE-20-1024x682.jpg\" alt=\"- - Bassin d&#039;Arcachon\" class=\"wp-image-58028\" title=\"- - Bassin d&#039;Arcachon\" srcset=\"https:\/\/bassin-arcachon.com\/wp-content\/uploads\/2024\/03\/20160709_BD_Portrait-AMoustie_BOULOUMIE-20-1024x682.jpg 1024w, https:\/\/bassin-arcachon.com\/wp-content\/uploads\/2024\/03\/20160709_BD_Portrait-AMoustie_BOULOUMIE-20-600x400.jpg 600w, https:\/\/bassin-arcachon.com\/wp-content\/uploads\/2024\/03\/20160709_BD_Portrait-AMoustie_BOULOUMIE-20-768x512.jpg 768w, https:\/\/bassin-arcachon.com\/wp-content\/uploads\/2024\/03\/20160709_BD_Portrait-AMoustie_BOULOUMIE-20-18x12.jpg 18w, https:\/\/bassin-arcachon.com\/wp-content\/uploads\/2024\/03\/20160709_BD_Portrait-AMoustie_BOULOUMIE-20.jpg 1280w\" sizes=\"auto, (max-width: 1024px) 100vw, 1024px\" \/><figcaption class=\"wp-element-caption\">Jueves de Larros \u2013 \u00a9Eric Boulomi\u00e9<\/figcaption><\/figure>\n\n\n\n<h2 class=\"wp-block-heading\">Jueves de Larros: 10, 17, 24 y 31 de julio de 2025 y 14, 21 y 28 de agosto de 2025 \u2013 GUJAN-MESTRAS<\/h2>\n\n\n\n<p>Desde 2006, en el Port de Larros, un lugar con car\u00e1cter aut\u00e9ntico lleno de historia y pasi\u00f3n, encontrar\u00e1s veladas que ofrecen m\u00fasica, teatro, danza, cine al aire libre y circo contempor\u00e1neo. Estas reuniones tienen lugar todos los jueves por la noche en julio y agosto.<\/p>\n\n\n\n<div class=\"wp-block-uagb-container uagb-block-fd2a9537 alignfull uagb-is-root-container\"><div class=\"uagb-container-inner-blocks-wrap\"><\/div><\/div>\n\n\n\n<figure class=\"wp-block-image size-large\"><img loading=\"lazy\" decoding=\"async\" width=\"1024\" height=\"575\" src=\"https:\/\/bassin-arcachon.com\/wp-content\/uploads\/2024\/03\/IMG_6439-1024x575.jpg\" alt=\"- - Bassin d&#039;Arcachon\" class=\"wp-image-58030\" title=\"- - Bassin d&#039;Arcachon\" srcset=\"https:\/\/bassin-arcachon.com\/wp-content\/uploads\/2024\/03\/IMG_6439-1024x575.jpg 1024w, https:\/\/bassin-arcachon.com\/wp-content\/uploads\/2024\/03\/IMG_6439-600x337.jpg 600w, https:\/\/bassin-arcachon.com\/wp-content\/uploads\/2024\/03\/IMG_6439-768x431.jpg 768w, https:\/\/bassin-arcachon.com\/wp-content\/uploads\/2024\/03\/IMG_6439-1536x862.jpg 1536w, https:\/\/bassin-arcachon.com\/wp-content\/uploads\/2024\/03\/IMG_6439-2048x1150.jpg 2048w, https:\/\/bassin-arcachon.com\/wp-content\/uploads\/2024\/03\/IMG_6439-18x10.jpg 18w, https:\/\/bassin-arcachon.com\/wp-content\/uploads\/2024\/03\/IMG_6439-640x359.jpg 640w, https:\/\/bassin-arcachon.com\/wp-content\/uploads\/2024\/03\/IMG_6439-1200x674.jpg 1200w, https:\/\/bassin-arcachon.com\/wp-content\/uploads\/2024\/03\/IMG_6439-1920x1078.jpg 1920w, https:\/\/bassin-arcachon.com\/wp-content\/uploads\/2024\/03\/IMG_6439-300x168.jpg 300w\" sizes=\"auto, (max-width: 1024px) 100vw, 1024px\" \/><figcaption class=\"wp-element-caption\">Festival de la Ruralidad \u2013 \u00a9Ville de Biganos<\/figcaption><\/figure>\n\n\n\n<h2 class=\"wp-block-heading\">La Fiesta Rural, de vuelta a lo aut\u00e9ntico: 2 y 3 de agosto de 2025 \u2013 BIGANOS<\/h2>\n\n\n\n<p>Nos reunimos en el Parque Lecoq, el pulm\u00f3n verde de Biganos para este festival en honor al mundo<br>agricultura y madera. En el programa: exposici\u00f3n de herramientas antiguas, granja m\u00f3vil, mercado de artesan\u00eda, taller de carpinter\u00eda, demostraciones de cosechadoras y numerosas actividades en torno al mundo agr\u00edcola, la naturaleza y el saber hacer artesanal. <\/p>\n\n\n\n<div class=\"wp-block-uagb-container uagb-block-a9373e06 alignfull uagb-is-root-container\"><div class=\"uagb-container-inner-blocks-wrap\"><\/div><\/div>\n\n\n\n<h2 class=\"wp-block-heading\">El Gran Debate de Arcachon: 21 y 22 de noviembre de 2025 _ ARCACHON <\/h2>\n\n\n\n<p>Ven al Grand D\u00e9bat d&#039;Arcachon, el evento que te invita a explorar los grandes temas de nuestra sociedad (filosof\u00eda, religi\u00f3n, econom\u00eda, libertad de opini\u00f3n, etc.) con una perspectiva nueva e incisiva. <\/p>\n\n\n\n<div class=\"wp-block-uagb-container uagb-block-c82c509a alignfull uagb-is-root-container\"><div class=\"uagb-container-inner-blocks-wrap\"><\/div><\/div>\n\n\n\n<div class=\"wp-block-uagb-separator uagb-block-5861c693\"><div class=\"wp-block-uagb-separator__inner\" style=\"--my-background-image:\"><\/div><\/div>\n\n\n\n<h1 class=\"wp-block-heading\"><mark style=\"background-color:rgba(0, 0, 0, 0)\" class=\"has-inline-color has-luminous-vivid-amber-color\">PATRIMONIO MAR\u00cdTIMO<\/mark><\/h1>\n\n\n\n<p><strong>El patrimonio mar\u00edtimo siempre ha mantenido una relaci\u00f3n especial con el territorio. De ayer a hoy ha sabido mantener su identidad y protagonismo cultural y se refleja en una oferta estructurada de la siguiente manera:<\/strong><\/p>\n\n\n\n<ul class=\"wp-block-list\">\n<li>Durante todo el a\u00f1o se organizan actividades en torno al aspecto patrimonial de los puertos y pueblos ostr\u00edcolas (por ejemplo en el puerto de Larros por la Maison de l&#039;Hu\u00eetre).<\/li>\n\n\n\n<li>Los municipios han desarrollado fiestas en torno a valores tradicionales como las \u201cCabanes en F\u00eate\u201d en Andernos-les-Bains, la \u201cTerra Ostra en promenade\u201d en Gujan-Mestras, la \u201cF\u00eate de la Turlutte\u201d en Lanton, la \u201cF\u00eate de l \u00a1&#039;Oyster&#039; en Ar\u00e8s o los Festivales de la Ostra durante todo el Bassin! <\/li>\n\n\n\n<li>Los municipios han delegado la gesti\u00f3n de los equipamientos estructurantes, dedicados al desarrollo mar\u00edtimo, a su Oficina de Turismo para integrarlos en una pol\u00edtica global de desarrollo tur\u00edstico: es el caso de la Maison de l&#039;Hu\u00eetre y del faro de Cap Ferret.<\/li>\n<\/ul>\n\n\n\n<div class=\"wp-block-columns is-layout-flex wp-container-core-columns-is-layout-9d6595d7 wp-block-columns-is-layout-flex\">\n<div class=\"wp-block-column is-layout-flow wp-block-column-is-layout-flow\" style=\"flex-basis:100%\">\t\t\t\t\t<div\n\t\t\t\t\t\tclass=\"wp-block-uagb-image-gallery uagb-block-1b82caae\"\n\t\t\t\t\t\tstyle=\"\"\n\t\t\t\t\t>\n\t\t\t\t\t\t\t\t\t\t\t<div class=\"spectra-image-gallery spectra-image-gallery__layout--grid spectra-image-gallery__layout--grid-col-3 spectra-image-gallery__layout--grid-col-tab-3 spectra-image-gallery__layout--grid-col-mob-2\">\n\t\t\t\t\t\t\t\t\t\t\t<div class='spectra-image-gallery__media-wrapper' data-spectra-gallery-image-id='245603' tabindex=\"0\">\n\t\t\t\t\t\t\t<div class=\"spectra-image-gallery__media spectra-image-gallery__media--grid\">\n\t\t\t\t<picture>\n\t\t\t\t\t<source media=\"(min-width: 1024px)\" srcset=\"https:\/\/bassin-arcachon.com\/wp-content\/uploads\/2024\/03\/20180521_HD_Cap-Gourmand-Food-Tours-Cap-FerretMimbeau_CASSIAU-61-scaled-1-1024x683.jpg\">\n\t\t\t\t\t<source media=\"(min-width: 768px)\" srcset=\"https:\/\/bassin-arcachon.com\/wp-content\/uploads\/2024\/03\/20180521_HD_Cap-Gourmand-Food-Tours-Cap-FerretMimbeau_CASSIAU-61-scaled-1-1024x683.jpg\">\n\t\t\t\t\t<img decoding=\"async\" class=\"spectra-image-gallery__media-thumbnail spectra-image-gallery__media-thumbnail--grid\" src=\"https:\/\/bassin-arcachon.com\/wp-content\/uploads\/2024\/03\/20180521_HD_Cap-Gourmand-Food-Tours-Cap-FerretMimbeau_CASSIAU-61-scaled-1-600x400.jpg\" alt=\"Degustaci\u00f3n guiada de ostras.\" loading=\"lazy\" title=\"- - Bassin d&#039;Arcachon\">\n\t\t\t\t<\/picture>\n\t\t\t\t<div class=\"spectra-image-gallery__media-thumbnail-blurrer\"><\/div>\n\t\t\t\t\t\t\t\t\t\t\t<div class=\"spectra-image-gallery__media-thumbnail-caption-wrapper spectra-image-gallery__media-thumbnail-caption-wrapper--overlay\">\n\t\t\t\t\t\t\t\t\t\t\t<div class=\"spectra-image-gallery__media-thumbnail-caption spectra-image-gallery__media-thumbnail-caption--overlay\">\n\t\t\t\t\tDegustaci\u00f3n guiada de ostras.\t\t\t\t<\/div>\n\t\t\t\t\t\t\t\t\t\t<\/div>\n\t\t\t\t\t\t\t\t\t<\/div>\n\t\t\t\t\t\t<\/div>\n\t\t\t\t\t\t<div class='spectra-image-gallery__media-wrapper' data-spectra-gallery-image-id='245604' tabindex=\"0\">\n\t\t\t\t\t\t\t<div class=\"spectra-image-gallery__media spectra-image-gallery__media--grid\">\n\t\t\t\t<picture>\n\t\t\t\t\t<source media=\"(min-width: 1024px)\" srcset=\"https:\/\/bassin-arcachon.com\/wp-content\/uploads\/2024\/03\/20220517_HD_Couple-Maison-de-lHuitre_Karine-MEDINA-9-scaled-1-1024x684.jpg\">\n\t\t\t\t\t<source media=\"(min-width: 768px)\" srcset=\"https:\/\/bassin-arcachon.com\/wp-content\/uploads\/2024\/03\/20220517_HD_Couple-Maison-de-lHuitre_Karine-MEDINA-9-scaled-1-1024x684.jpg\">\n\t\t\t\t\t<img decoding=\"async\" class=\"spectra-image-gallery__media-thumbnail spectra-image-gallery__media-thumbnail--grid\" src=\"https:\/\/bassin-arcachon.com\/wp-content\/uploads\/2024\/03\/20220517_HD_Couple-Maison-de-lHuitre_Karine-MEDINA-9-scaled-1-600x401.jpg\" alt=\"Casa de las ostras\" loading=\"lazy\" title=\"- - Bassin d&#039;Arcachon\">\n\t\t\t\t<\/picture>\n\t\t\t\t<div class=\"spectra-image-gallery__media-thumbnail-blurrer\"><\/div>\n\t\t\t\t\t\t\t\t\t\t\t<div class=\"spectra-image-gallery__media-thumbnail-caption-wrapper spectra-image-gallery__media-thumbnail-caption-wrapper--overlay\">\n\t\t\t\t\t\t\t\t\t\t\t<div class=\"spectra-image-gallery__media-thumbnail-caption spectra-image-gallery__media-thumbnail-caption--overlay\">\n\t\t\t\t\tcasa de ostras\t\t\t\t<\/div>\n\t\t\t\t\t\t\t\t\t\t<\/div>\n\t\t\t\t\t\t\t\t\t<\/div>\n\t\t\t\t\t\t<\/div>\n\t\t\t\t\t\t<div class='spectra-image-gallery__media-wrapper' data-spectra-gallery-image-id='245605' tabindex=\"0\">\n\t\t\t\t\t\t\t<div class=\"spectra-image-gallery__media spectra-image-gallery__media--grid\">\n\t\t\t\t<picture>\n\t\t\t\t\t<source media=\"(min-width: 1024px)\" srcset=\"https:\/\/bassin-arcachon.com\/wp-content\/uploads\/2024\/03\/Cabanes-en-fete-credit-photo-MLPouey-Mairie-dAndernos-scaled-1-1024x729.jpg\">\n\t\t\t\t\t<source media=\"(min-width: 768px)\" srcset=\"https:\/\/bassin-arcachon.com\/wp-content\/uploads\/2024\/03\/Cabanes-en-fete-credit-photo-MLPouey-Mairie-dAndernos-scaled-1-1024x729.jpg\">\n\t\t\t\t\t<img decoding=\"async\" class=\"spectra-image-gallery__media-thumbnail spectra-image-gallery__media-thumbnail--grid\" src=\"https:\/\/bassin-arcachon.com\/wp-content\/uploads\/2024\/03\/Cabanes-en-fete-credit-photo-MLPouey-Mairie-dAndernos-scaled-1-600x427.jpg\" alt=\"Caba\u00f1as festivas\" loading=\"lazy\" title=\"- - Bassin d&#039;Arcachon\">\n\t\t\t\t<\/picture>\n\t\t\t\t<div class=\"spectra-image-gallery__media-thumbnail-blurrer\"><\/div>\n\t\t\t\t\t\t\t\t\t\t\t<div class=\"spectra-image-gallery__media-thumbnail-caption-wrapper spectra-image-gallery__media-thumbnail-caption-wrapper--overlay\">\n\t\t\t\t\t\t\t\t\t\t\t<div class=\"spectra-image-gallery__media-thumbnail-caption spectra-image-gallery__media-thumbnail-caption--overlay\">\n\t\t\t\t\tCaba\u00f1as festivas\t\t\t\t<\/div>\n\t\t\t\t\t\t\t\t\t\t<\/div>\n\t\t\t\t\t\t\t\t\t<\/div>\n\t\t\t\t\t\t<\/div>\n\t\t\t\t\t\t<div class='spectra-image-gallery__media-wrapper' data-spectra-gallery-image-id='245606' tabindex=\"0\">\n\t\t\t\t\t\t\t<div class=\"spectra-image-gallery__media spectra-image-gallery__media--grid\">\n\t\t\t\t<picture>\n\t\t\t\t\t<source media=\"(min-width: 1024px)\" srcset=\"https:\/\/bassin-arcachon.com\/wp-content\/uploads\/2024\/03\/Kevin-BIETTE-scaled-1-1024x683.jpg\">\n\t\t\t\t\t<source media=\"(min-width: 768px)\" srcset=\"https:\/\/bassin-arcachon.com\/wp-content\/uploads\/2024\/03\/Kevin-BIETTE-scaled-1-1024x683.jpg\">\n\t\t\t\t\t<img decoding=\"async\" class=\"spectra-image-gallery__media-thumbnail spectra-image-gallery__media-thumbnail--grid\" src=\"https:\/\/bassin-arcachon.com\/wp-content\/uploads\/2024\/03\/Kevin-BIETTE-scaled-1-600x400.jpg\" alt=\"Pescaturismo\" loading=\"lazy\" title=\"- - Bassin d&#039;Arcachon\">\n\t\t\t\t<\/picture>\n\t\t\t\t<div class=\"spectra-image-gallery__media-thumbnail-blurrer\"><\/div>\n\t\t\t\t\t\t\t\t\t\t\t<div class=\"spectra-image-gallery__media-thumbnail-caption-wrapper spectra-image-gallery__media-thumbnail-caption-wrapper--overlay\">\n\t\t\t\t\t\t\t\t\t\t\t<div class=\"spectra-image-gallery__media-thumbnail-caption spectra-image-gallery__media-thumbnail-caption--overlay\">\n\t\t\t\t\tPescaturismo\t\t\t\t<\/div>\n\t\t\t\t\t\t\t\t\t\t<\/div>\n\t\t\t\t\t\t\t\t\t<\/div>\n\t\t\t\t\t\t<\/div>\n\t\t\t\t\t\t<div class='spectra-image-gallery__media-wrapper' data-spectra-gallery-image-id='245607' tabindex=\"0\">\n\t\t\t\t\t\t\t<div class=\"spectra-image-gallery__media spectra-image-gallery__media--grid\">\n\t\t\t\t<picture>\n\t\t\t\t\t<source media=\"(min-width: 1024px)\" srcset=\"https:\/\/bassin-arcachon.com\/wp-content\/uploads\/2024\/03\/Regate-N0667-scaled-1-1024x683.jpg\">\n\t\t\t\t\t<source media=\"(min-width: 768px)\" srcset=\"https:\/\/bassin-arcachon.com\/wp-content\/uploads\/2024\/03\/Regate-N0667-scaled-1-1024x683.jpg\">\n\t\t\t\t\t<img decoding=\"async\" class=\"spectra-image-gallery__media-thumbnail spectra-image-gallery__media-thumbnail--grid\" src=\"https:\/\/bassin-arcachon.com\/wp-content\/uploads\/2024\/03\/Regate-N0667-scaled-1-600x400.jpg\" alt=\"Fiesta del Mar\" loading=\"lazy\" title=\"- - Bassin d&#039;Arcachon\">\n\t\t\t\t<\/picture>\n\t\t\t\t<div class=\"spectra-image-gallery__media-thumbnail-blurrer\"><\/div>\n\t\t\t\t\t\t\t\t\t\t\t<div class=\"spectra-image-gallery__media-thumbnail-caption-wrapper spectra-image-gallery__media-thumbnail-caption-wrapper--overlay\">\n\t\t\t\t\t\t\t\t\t\t\t<div class=\"spectra-image-gallery__media-thumbnail-caption spectra-image-gallery__media-thumbnail-caption--overlay\">\n\t\t\t\t\tFiesta del Mar\t\t\t\t<\/div>\n\t\t\t\t\t\t\t\t\t\t<\/div>\n\t\t\t\t\t\t\t\t\t<\/div>\n\t\t\t\t\t\t<\/div>\n\t\t\t\t\t\t<div class='spectra-image-gallery__media-wrapper' data-spectra-gallery-image-id='245608' tabindex=\"0\">\n\t\t\t\t\t\t\t<div class=\"spectra-image-gallery__media spectra-image-gallery__media--grid\">\n\t\t\t\t<picture>\n\t\t\t\t\t<source media=\"(min-width: 1024px)\" srcset=\"https:\/\/bassin-arcachon.com\/wp-content\/uploads\/2024\/03\/2-scaled-1-681x1024.jpg\">\n\t\t\t\t\t<source media=\"(min-width: 768px)\" srcset=\"https:\/\/bassin-arcachon.com\/wp-content\/uploads\/2024\/03\/2-scaled-1-681x1024.jpg\">\n\t\t\t\t\t<img decoding=\"async\" class=\"spectra-image-gallery__media-thumbnail spectra-image-gallery__media-thumbnail--grid\" src=\"https:\/\/bassin-arcachon.com\/wp-content\/uploads\/2024\/03\/2-scaled-1-399x600.jpg\" alt=\"Fiesta del Mar\" loading=\"lazy\" title=\"- - Bassin d&#039;Arcachon\">\n\t\t\t\t<\/picture>\n\t\t\t\t<div class=\"spectra-image-gallery__media-thumbnail-blurrer\"><\/div>\n\t\t\t\t\t\t\t\t\t\t\t<div class=\"spectra-image-gallery__media-thumbnail-caption-wrapper spectra-image-gallery__media-thumbnail-caption-wrapper--overlay\">\n\t\t\t\t\t\t\t\t\t\t\t<div class=\"spectra-image-gallery__media-thumbnail-caption spectra-image-gallery__media-thumbnail-caption--overlay\">\n\t\t\t\t\tFiesta del Mar\t\t\t\t<\/div>\n\t\t\t\t\t\t\t\t\t\t<\/div>\n\t\t\t\t\t\t\t\t\t<\/div>\n\t\t\t\t\t\t<\/div>\n\t\t\t\t\t\t\t\t\t\t<\/div>\n\t\t\t\t\t\t\t\t\t\t\t\t\t\t\t\t\t\t<\/div>\n\t\t\t\t\t\t\t\t\t<\/div>\n<\/div>\n\n\n\n<p>\u00a9 Ayuntamiento de Andernos, JC. Lauchas, K\u00e9vin Biette, Karine Medina, Gr\u00e9gory Cassiau<\/p>\n\n\n\n<div class=\"wp-block-uagb-container uagb-block-f03b699e alignfull uagb-is-root-container\"><div class=\"uagb-container-inner-blocks-wrap\"><\/div><\/div>\n\n\n\n<h2 class=\"wp-block-heading\">10\u00aa edici\u00f3n del Sal\u00f3n N\u00e1utico de Arcachon: del 18 al 21 de abril de 2025 \u2013 ARCACHON<\/h2>\n\n\n\n<p>Aut\u00e9ntico escaparate para los profesionales de la industria n\u00e1utica, este sal\u00f3n es una oportunidad para dar a conocer<br>Nuevos productos, creaciones, conocimientos e innovaciones. Numerosos expositores de renombre local, nacional e internacional har\u00e1n escala en Arcachon. Este a\u00f1o la feria ofrece a los visitantes la oportunidad de descubrir la innovaci\u00f3n, el turismo, la artesan\u00eda, la defensa, el rescate y los productos locales. En el sal\u00f3n har\u00e1n escala barcos excepcionales: el Belem con la llama ol\u00edmpica a bordo, el Belle Poule (buque escuela de la Marina francesa), el Lys Noir y el 4 Pen Duicks de Eric Tabarly.<\/p>\n\n\n\n<div class=\"wp-block-uagb-container uagb-block-0caaeb29 alignfull uagb-is-root-container\"><div class=\"uagb-container-inner-blocks-wrap\"><\/div><\/div>\n\n\n\n<h2 class=\"wp-block-heading\">Terra Ostra en la carretera: 14 de junio de 2025 \u2013 ARCACHON <\/h2>\n\n\n\n<p>\u00a1El paseo de los 7 puertos se convierte en Terra Ostra paseando! Un d\u00eda dedicado al patrimonio mar\u00edtimo y ostr\u00edcola de Gujan-Mestras, descubriendo los puertos de la ciudad a trav\u00e9s de actividades gratuitas. <\/p>\n\n\n\n<div class=\"wp-block-uagb-container uagb-block-ee36d9ed alignfull uagb-is-root-container\"><div class=\"uagb-container-inner-blocks-wrap\"><\/div><\/div>\n\n\n\n<h2 class=\"wp-block-heading\">Fiestas de la ostra y del mar:<\/h2>\n\n\n\n<ul class=\"wp-block-list\">\n<li><strong>Festival N\u00e1utico de Lanton<\/strong> :8 de junio de 2025<\/li>\n\n\n\n<li><strong>Festival de la Leyenda <\/strong>:8 de junio de 2025<\/li>\n\n\n\n<li><strong>Festival de ostras de Andernos les Bains: <\/strong>del 18 al 20 de julio de 2025<\/li>\n\n\n\n<li><strong>La Teste de Buch Fiestas Portuarias <\/strong>: del 31 de julio al 3 de agosto de 2025<\/li>\n\n\n\n<li><strong>Fiesta de<\/strong> <strong>La pen\u00ednsula: <\/strong>del 1 al 3 de agosto de 2025<\/li>\n\n\n\n<li><strong>Gujan-Mestras en celebraci\u00f3n: <\/strong>del 7 al 10 de agosto de 2025<\/li>\n\n\n\n<li><strong>Fiesta del mar de Arcachon: <\/strong>del 14 al 15 de agosto de 2025<\/li>\n\n\n\n<li><strong>Festival del Canon: <\/strong>del 14 al 17 de agosto de 2025<\/li>\n\n\n\n<li><strong>Festival de Ostras de Ares:<\/strong> del 14 al 17 de agosto de 2025<\/li>\n\n\n\n<li><strong>Fiesta del mar en Lanton: <\/strong>15 de agosto de 2025<\/li>\n\n\n\n<li><strong>Sardinas en Andernos les Bains: <\/strong>del 15 al 17 de agosto de 2025<\/li>\n\n\n\n<li><strong>Festival de la Hierba:<\/strong> del 22 al 24 de agosto de 2025<\/li>\n<\/ul>\n\n\n\n<div class=\"wp-block-uagb-container uagb-block-4c5b908e alignfull uagb-is-root-container\"><div class=\"uagb-container-inner-blocks-wrap\"><\/div><\/div>\n\n\n\n<h2 class=\"wp-block-heading\">Cabanes en f\u00eate, una fiesta ineludible: 6 de diciembre de 2025 \u2013 ANDERNOS LES BAINS<\/h2>\n\n\n\n<p>Es la FIESTA imprescindible de la Bassin en Arcachon a principios del invierno. \u00bfLa receta? Organice una gran fiesta de las ostras en las 45 caba\u00f1as y talleres del puerto ostr\u00edcola de Andernos-les-Bains, a\u00f1ada un vino blanco de denominaci\u00f3n de origen de Burdeos, Entre deux Mers, excelentes restauradores para elaborar tapas elaboradas exclusivamente con productos del mar y artistas locales. Un evento en l\u00ednea con las grandes fiestas del Suroeste donde bandas, fanfarrias y conciertos marcan el ritmo de una jornada que finaliza bajo las estrellas con un espect\u00e1culo de fuegos artificiales.<\/p>\n\n\n\n<p>https:\/\/www.andernos-les-bains.fr<\/p>","protected":false},"excerpt":{"rendered":"<p>La culture r\u00e9sonne au c\u0153ur des paysages du Bassin d\u2019Arcachon. Un d\u00e9cor comme un \u00e9crin de nature, qui accueille avec po\u00e9sie et simplicit\u00e9 ce que l\u2019humain fait de plus beau [&hellip;]<\/p>\n","protected":false},"author":25,"featured_media":58052,"comment_status":"closed","ping_status":"open","sticky":false,"template":"","format":"standard","meta":{"_acf_changed":false,"_uag_custom_page_level_css":"","footnotes":""},"categories":[2133],"tags":[61,2134,2135],"class_list":["post-57951","post","type-post","status-publish","format-standard","has-post-thumbnail","hentry","category-culture","tag-bassin-arcachon","tag-culture","tag-evenements"],"acf":[],"uagb_featured_image_src":{"full":["https:\/\/bassin-arcachon.com\/wp-content\/uploads\/2024\/03\/Design-sans-titre-2024-03-01T122258.157.png",2000,2000,false],"thumbnail":["https:\/\/bassin-arcachon.com\/wp-content\/uploads\/2024\/03\/Design-sans-titre-2024-03-01T122258.157-150x150.png",150,150,true],"medium":["https:\/\/bassin-arcachon.com\/wp-content\/uploads\/2024\/03\/Design-sans-titre-2024-03-01T122258.157-600x600.png",600,600,true],"medium_large":["https:\/\/bassin-arcachon.com\/wp-content\/uploads\/2024\/03\/Design-sans-titre-2024-03-01T122258.157-768x768.png",768,768,true],"large":["https:\/\/bassin-arcachon.com\/wp-content\/uploads\/2024\/03\/Design-sans-titre-2024-03-01T122258.157-1024x1024.png",1024,1024,true],"1536x1536":["https:\/\/bassin-arcachon.com\/wp-content\/uploads\/2024\/03\/Design-sans-titre-2024-03-01T122258.157-1536x1536.png",1536,1536,true],"2048x2048":["https:\/\/bassin-arcachon.com\/wp-content\/uploads\/2024\/03\/Design-sans-titre-2024-03-01T122258.157.png",2000,2000,false],"trp-custom-language-flag":["https:\/\/bassin-arcachon.com\/wp-content\/uploads\/2024\/03\/Design-sans-titre-2024-03-01T122258.157-12x12.png",12,12,true]},"uagb_author_info":{"display_name":"Marie Clauzel","author_link":"https:\/\/bassin-arcachon.com\/es\/author\/mariesiba\/"},"uagb_comment_info":0,"uagb_excerpt":"La culture r\u00e9sonne au c\u0153ur des paysages du Bassin d\u2019Arcachon. Un d\u00e9cor comme un \u00e9crin de nature, qui accueille avec po\u00e9sie et simplicit\u00e9 ce que l\u2019humain fait de plus beau [&hellip;]","_links":{"self":[{"href":"https:\/\/bassin-arcachon.com\/es\/wp-json\/wp\/v2\/posts\/57951","targetHints":{"allow":["GET"]}}],"collection":[{"href":"https:\/\/bassin-arcachon.com\/es\/wp-json\/wp\/v2\/posts"}],"about":[{"href":"https:\/\/bassin-arcachon.com\/es\/wp-json\/wp\/v2\/types\/post"}],"author":[{"embeddable":true,"href":"https:\/\/bassin-arcachon.com\/es\/wp-json\/wp\/v2\/users\/25"}],"replies":[{"embeddable":true,"href":"https:\/\/bassin-arcachon.com\/es\/wp-json\/wp\/v2\/comments?post=57951"}],"version-history":[{"count":116,"href":"https:\/\/bassin-arcachon.com\/es\/wp-json\/wp\/v2\/posts\/57951\/revisions"}],"predecessor-version":[{"id":245609,"href":"https:\/\/bassin-arcachon.com\/es\/wp-json\/wp\/v2\/posts\/57951\/revisions\/245609"}],"wp:featuredmedia":[{"embeddable":true,"href":"https:\/\/bassin-arcachon.com\/es\/wp-json\/wp\/v2\/media\/58052"}],"wp:attachment":[{"href":"https:\/\/bassin-arcachon.com\/es\/wp-json\/wp\/v2\/media?parent=57951"}],"wp:term":[{"taxonomy":"category","embeddable":true,"href":"https:\/\/bassin-arcachon.com\/es\/wp-json\/wp\/v2\/categories?post=57951"},{"taxonomy":"post_tag","embeddable":true,"href":"https:\/\/bassin-arcachon.com\/es\/wp-json\/wp\/v2\/tags?post=57951"}],"curies":[{"name":"wp","href":"https:\/\/api.w.org\/{rel}","templated":true}]}}