{"id":58681,"date":"2024-06-18T15:05:05","date_gmt":"2024-06-18T13:05:05","guid":{"rendered":"https:\/\/bassin-arcachon.com\/?p=58681"},"modified":"2026-04-23T17:07:30","modified_gmt":"2026-04-23T15:07:30","slug":"los-grandes-acontecimientos-del-verano-en-la-cuenca-de-darcachon","status":"publish","type":"post","link":"https:\/\/bassin-arcachon.com\/es\/les-grands-evenements-de-lete-sur-le-bassin-darcachon\/","title":{"rendered":"\u00a1Los grandes acontecimientos del verano en la Bassin de Arcachon!"},"content":{"rendered":"<div class=\"wp-block-uagb-container uagb-block-28314f79 alignfull uagb-is-root-container\"><div class=\"uagb-container-inner-blocks-wrap\">\n<h2 class=\"wp-block-heading\">Ne manquez pas les \u00e9v\u00e9nements incontournables de l&rsquo;\u00e9t\u00e9sur le Bassin : <\/h2>\n<\/div><\/div>\n\n\n\n<div class=\"wp-block-uagb-container uagb-block-7bf5d301 alignfull uagb-is-root-container\"><div class=\"uagb-container-inner-blocks-wrap\">\n<h1 class=\"wp-block-heading has-text-align-center\"><mark style=\"background-color:#ffffff\" class=\"has-inline-color has-luminous-vivid-amber-color\">JUNIO : <\/mark><\/h1>\n<\/div><\/div>\n\n\n\n<div class=\"wp-block-uagb-container uagb-block-bc8c6111 alignfull uagb-is-root-container\"><div class=\"uagb-container-inner-blocks-wrap\">\n<h2 class=\"wp-block-heading\"><strong>Les 12 et 13 juin : Fetarade &#8211; Gujan-Mestras<\/strong><\/h2>\n\n\n\n<p>Un pour un week-end rempli de musique, de bonne humeur et (on l\u2019esp\u00e8re tr\u00e8s fort) de soleil.<br>La programmation arrive tr\u00e8s vite\u2026 mais on peut d\u00e9j\u00e0 vous promettre une chose : vous allez pouvoir chanter \u00e0 tue-t\u00eate sur vos musiques pr\u00e9f\u00e9r\u00e9es.<br><strong>M\u00e1s informaci\u00f3n : <a href=\"https:\/\/www.facebook.com\/lafetarade\/?locale=fr_FR\" target=\"_blank\" rel=\"noopener\">https:\/\/www.facebook.com\/lafetarade\/?locale=fr_FR<\/a><\/strong><\/p>\n<\/div><\/div>\n\n\n\n<div class=\"wp-block-uagb-container uagb-block-ffcef669 alignfull uagb-is-root-container\"><div class=\"uagb-container-inner-blocks-wrap\">\n<h2 class=\"wp-block-heading\"><strong>19 juin : Cali en concert &#8211; Ar\u00e8s<\/strong><\/h2>\n\n\n\n<p>Cali repart sur les routes avec un Band de comp\u00e9tition, pour une s\u00e9rie de concert debout ! Il passera \u00e0 l&rsquo;Espace Br\u00e9montier le 19 juin prochain \u00e0 20h30 <\/p>\n\n\n\n<p><strong>Mas informaci\u00f3n : <a href=\"https:\/\/www.espacebremontier-ares.fr\/evenement\/cali\/\" target=\"_blank\" rel=\"noopener\"><\/a><a href=\"https:\/\/www.espacebremontier-ares.fr\/evenement\/cali\/\" target=\"_blank\" rel=\"noopener\">https:\/\/www.espacebremontier-ares.fr\/evenement\/cali\/<\/a><\/strong><\/p>\n\n\n\n<figure class=\"wp-block-image size-full is-resized\"><img loading=\"lazy\" decoding=\"async\" width=\"700\" height=\"355\" src=\"https:\/\/bassin-arcachon.com\/wp-content\/uploads\/2024\/06\/1.png\" alt=\"- - Bassin d&#039;Arcachon\" class=\"wp-image-248468\" style=\"width:795px;height:auto\" title=\"- - Bassin d&#039;Arcachon\" srcset=\"https:\/\/bassin-arcachon.com\/wp-content\/uploads\/2024\/06\/1.png 700w, https:\/\/bassin-arcachon.com\/wp-content\/uploads\/2024\/06\/1-600x304.png 600w, https:\/\/bassin-arcachon.com\/wp-content\/uploads\/2024\/06\/1-18x9.png 18w\" sizes=\"auto, (max-width: 700px) 100vw, 700px\" \/><figcaption class=\"wp-element-caption\">\u00a9 B\u00e9a GILLOT<\/figcaption><\/figure>\n<\/div><\/div>\n\n\n\n<div class=\"wp-block-uagb-container uagb-block-fd46290c alignfull uagb-is-root-container\"><div class=\"uagb-container-inner-blocks-wrap\">\n<h2 class=\"wp-block-heading\"><strong>19 juin : Musique en f\u00eate &#8211; Mios<\/strong><\/h2>\n\n\n\n<p>Soir\u00e9e musicale avec un concert de l\u2019\u00e9cole Music en L\u2019Eyre, suivi d\u2019un ap\u00e9ro concert \u00e9nergique qui saura vous mettre en app\u00e9tit.<br>Puis rendez-vous sous la halle o\u00f9 d\u2019autres concerts vous feront danser jusqu\u2019au bout de la nuit&nbsp;!<br>Le programme arrive bient\u00f4t&nbsp;!<br>Buvette et restauration sur place avec le Comit\u00e9 des F\u00eates, l\u2019Amicale des Sapeurs pompiers et l\u2019Elan Miossais&nbsp;!<\/p>\n<\/div><\/div>\n\n\n\n<div class=\"wp-block-uagb-container uagb-block-5a29eaa2 alignfull uagb-is-root-container\"><div class=\"uagb-container-inner-blocks-wrap\">\n<h2 class=\"wp-block-heading\"><strong>21 juin : On ouvre ! &#8211;  Cabanes ostr\u00e9icoles du Bassin<\/strong><\/h2>\n\n\n\n<p>#Onouvre promet un \u00e9v\u00e9nement festif autour des cabanes de d\u00e9gustation pour c\u00e9l\u00e9brer le r\u00e9veil de la saison ostr\u00e9icole et accueillir les visiteurs dans les cabanes pittoresques du Bassin. \u00ab\u00a0On ouvre\u00a0\u00bb la saison, \u00ab\u00a0on ouvre\u00a0\u00bb les hu\u00eetres, \u00ab\u00a0on ouvre\u00a0\u00bb les cabanes, \u00ab\u00a0on ouvre\u00a0\u00bb le bon vin de Bordeaux.<br><strong>Mas informaci\u00f3n : <a href=\"https:\/\/huitres-arcachon-capferret.fr\/\" target=\"_blank\" rel=\"noopener\">https:\/\/huitres-arcachon-capferret.fr\/<\/a><\/strong><\/p>\n\n\n\n<figure class=\"wp-block-image size-full is-resized\"><img loading=\"lazy\" decoding=\"async\" width=\"700\" height=\"355\" src=\"https:\/\/bassin-arcachon.com\/wp-content\/uploads\/2024\/06\/1-1.png\" alt=\"- - Bassin d&#039;Arcachon\" class=\"wp-image-248471\" style=\"width:798px;height:auto\" title=\"- - Bassin d&#039;Arcachon\" srcset=\"https:\/\/bassin-arcachon.com\/wp-content\/uploads\/2024\/06\/1-1.png 700w, https:\/\/bassin-arcachon.com\/wp-content\/uploads\/2024\/06\/1-1-600x304.png 600w, https:\/\/bassin-arcachon.com\/wp-content\/uploads\/2024\/06\/1-1-18x9.png 18w\" sizes=\"auto, (max-width: 700px) 100vw, 700px\" \/><figcaption class=\"wp-element-caption\">Sandra HYGONNENC<\/figcaption><\/figure>\n<\/div><\/div>\n\n\n\n<div class=\"wp-block-uagb-container uagb-block-802ab75d alignfull uagb-is-root-container\"><div class=\"uagb-container-inner-blocks-wrap\">\n<h2 class=\"wp-block-heading\"><strong>23 juin : F\u00eate de la St Jean &#8211; Andernos<\/strong><\/h2>\n\n\n\n<p>Sur l\u2019esplanade de la Jet\u00e9e, vous pourrez profiter d\u2019une ambiance festive en dansant avec le groupe folklorique \u00ab&nbsp;Lous Pignots&nbsp;\u00bb d\u00e8s 21h. C\u2019est une excellente fa\u00e7on de d\u00e9couvrir les danses traditionnelles et de partager un moment convivial avec les autres participants.<\/p>\n<\/div><\/div>\n\n\n\n<div class=\"wp-block-uagb-container uagb-block-1674a3d1 alignfull uagb-is-root-container\"><div class=\"uagb-container-inner-blocks-wrap\">\n<h2 class=\"wp-block-heading\"><strong>27 juin : Soir\u00e9e Blanche &#8211; La Teste-de-Buch<\/strong><\/h2>\n\n\n\n<p>\u00a1El evento que inaugura la temporada de verano La Teste de Buch! En el programa: \u00a1una velada musical, toda de blanco alrededor del lago Cazaux! <br><strong>Mas informaci\u00f3n : <a href=\"https:\/\/tourisme-latestedebuch.com\/soiree-blanche-2025\/\" target=\"_blank\" rel=\"noopener\">https:\/\/tourisme-latestedebuch.com\/soiree-blanche-2025\/<\/a><\/strong><\/p>\n\n\n\n<p><strong>Mirando hacia atr\u00e1s a las fotos del a\u00f1o pasado:<\/strong><\/p>\n\n\n\n<figure class=\"wp-block-embed is-type-video is-provider-youtube wp-block-embed-youtube wp-embed-aspect-16-9 wp-has-aspect-ratio\"><div class=\"wp-block-embed__wrapper\">\n<iframe loading=\"lazy\" title=\"\u00a14.500 personas para la Noche Blanca!\" width=\"500\" height=\"281\" src=\"https:\/\/www.youtube.com\/embed\/QwRm40dAbfw?feature=oembed\" frameborder=\"0\" allow=\"accelerometer; autoplay; clipboard-write; encrypted-media; gyroscope; picture-in-picture; web-share\" referrerpolicy=\"strict-origin-when-cross-origin\" allowfullscreen><\/iframe>\n<\/div><\/figure>\n<\/div><\/div>\n\n\n\n<div class=\"wp-block-uagb-container uagb-block-5f5aaaf5 alignfull uagb-is-root-container\"><div class=\"uagb-container-inner-blocks-wrap\">\n<h2 class=\"wp-block-heading\"><strong>Les 26 et 27 juin : Festival Regarde! &#8211; Ar\u00e8s<\/strong><\/h2>\n\n\n\n<p>\u00a1Este joven festival se ha consolidado como una cita obligada de la temporada cultural con impresionantes espect\u00e1culos al aire libre! Tres d\u00edas durante los cuales el espacio p\u00fablico de Ar\u00e8s tiende a sublimar, invitar a la enso\u00f1aci\u00f3n y reunir a las personas.<br><strong>Mas informaci\u00f3n : <a href=\"https:\/\/www.espacebremontier-ares.fr\/evenement\/festival-regarde-2026\/\" target=\"_blank\" rel=\"noopener\">https:\/\/www.espacebremontier-ares.fr\/evenement\/festival-regarde-2026\/<\/a><\/strong><\/p>\n\n\n\n<figure class=\"wp-block-image size-full is-resized\"><img loading=\"lazy\" decoding=\"async\" width=\"700\" height=\"355\" src=\"https:\/\/bassin-arcachon.com\/wp-content\/uploads\/2024\/06\/Design-sans-titre-13.png\" alt=\"- - Bassin d&#039;Arcachon\" class=\"wp-image-163745\" style=\"width:798px;height:auto\" title=\"- - Bassin d&#039;Arcachon\" srcset=\"https:\/\/bassin-arcachon.com\/wp-content\/uploads\/2024\/06\/Design-sans-titre-13.png 700w, https:\/\/bassin-arcachon.com\/wp-content\/uploads\/2024\/06\/Design-sans-titre-13-600x304.png 600w, https:\/\/bassin-arcachon.com\/wp-content\/uploads\/2024\/06\/Design-sans-titre-13-18x9.png 18w\" sizes=\"auto, (max-width: 700px) 100vw, 700px\" \/><figcaption class=\"wp-element-caption\">\u00a9 Benoit MARTRENCHAR<\/figcaption><\/figure>\n<\/div><\/div>\n\n\n\n<h1 class=\"wp-block-heading has-text-align-center\"><mark style=\"background-color:rgba(0, 0, 0, 0)\" class=\"has-inline-color has-luminous-vivid-amber-color\">JULIO :<\/mark><\/h1>\n\n\n\n<div class=\"wp-block-uagb-container uagb-block-2b47a509 alignfull uagb-is-root-container\"><div class=\"uagb-container-inner-blocks-wrap\">\n<h2 class=\"wp-block-heading\"><strong>3 juillet : Soir\u00e9e Barr\u00e9e &#8211; Gujan-Mestras<\/strong><\/h2>\n\n\n\n<p><strong>Plus d&rsquo;infos \u00e0 venir<\/strong><\/p>\n<\/div><\/div>\n\n\n\n<div class=\"wp-block-uagb-container uagb-block-5bec84e5 alignfull uagb-is-root-container\"><div class=\"uagb-container-inner-blocks-wrap\">\n<h2 class=\"wp-block-heading\"><strong>Del 19 de junio al 19 de julio: Escapadas Musicales \u2013 Conciertos Itinerantes<\/strong><\/h2>\n\n\n\n<p>El Festival celebra este a\u00f1o su 16.\u00ba aniversario. Durante cinco semanas, los artistas internacionales m\u00e1s destacados deleitar\u00e1n tanto a los amantes de la m\u00fasica m\u00e1s exigentes como a los espectadores curiosos, que vienen en familia a descubrir las maravillas de la m\u00fasica cl\u00e1sica en este viaje por el r\u00edo Leyre y alrededor del Arcachon Bassin.<br><strong>Mas informaci\u00f3n : <a href=\"https:\/\/www.lesescapadesmusicales.com\/\" target=\"_blank\" rel=\"noopener\">https:\/\/www.lesescapadesmusicales.com\/<\/a><\/strong><\/p>\n<\/div><\/div>\n\n\n\n<div class=\"wp-block-uagb-container uagb-block-efdf3a3d alignfull uagb-is-root-container\"><div class=\"uagb-container-inner-blocks-wrap\">\n<h2 class=\"wp-block-heading\"><strong>Viernes del 4 al 25 de julio: Les Lantonnales \u2013 Lanton<\/strong><\/h2>\n\n\n\n<p>Bien establecido en el paisaje cultural de la ciudad, el Festival \u201cLes Lantonnales\u201d pone la m\u00fasica cl\u00e1sica en el punto de mira, a trav\u00e9s de una invitaci\u00f3n a viajar. La entrada es libre y gratuita.<br><strong>Mas informaci\u00f3n : <a href=\"https:\/\/www.mairie-lanton.fr\/les-lantonnales\/\" target=\"_blank\" rel=\"noopener\">https:\/\/www.mairie-lanton.fr\/les-lantonnales\/<\/a><\/strong><\/p>\n<\/div><\/div>\n\n\n\n<div class=\"wp-block-uagb-container uagb-block-a7535b2d alignfull uagb-is-root-container\"><div class=\"uagb-container-inner-blocks-wrap\">\n<h2 class=\"wp-block-heading\"><strong>Du 4 au 5 juillet : Les Sc\u00e8nes Musicales &#8211; La Teste-de-Buch<\/strong><\/h2>\n\n\n\n<p>Por segundo a\u00f1o consecutivo, el evento albergar\u00e1 el Festival African Vibes en el Teatro Cravey, con numerosos conciertos. Tambi\u00e9n se ofrecer\u00e1 una zona al aire libre con comida, refrigerios y conciertos.<br><strong>Mas informaci\u00f3n : <a href=\"https:\/\/www.latestedebuch.fr\/actualites\/african-vibes-festival\/\" target=\"_blank\" rel=\"noopener\">https:\/\/www.latestedebuch.fr\/actualites\/african-vibes-festival\/<\/a><\/strong><\/p>\n<\/div><\/div>\n\n\n\n<div class=\"wp-block-uagb-container uagb-block-dbe972e6 alignfull uagb-is-root-container\"><div class=\"uagb-container-inner-blocks-wrap\">\n<h2 class=\"wp-block-heading\"><strong><strong><strong>Du 4 au 5 juillet : les 18h \u00e0 la voile &#8211; Arcachon<\/strong><\/strong><\/strong><\/h2>\n\n\n\n<p>Desde 1969, cada a\u00f1o en julio, el&nbsp;<a href=\"https:\/\/www.voile-arcachon.fr\/\" target=\"_blank\" rel=\"noopener\">C\u00edrculo N\u00e1utico de Arcach\u00f3n<\/a>&nbsp;organiza la cita ineludible de navegaci\u00f3n a las 18.00 horas en Arcachon. En la l\u00ednea de salida, cerca de un centenar de barcos est\u00e1n alineados, listos para luchar durante 18 horas de regata ininterrumpida.<br><strong>Mas informaci\u00f3n : <a href=\"https:\/\/www.voile-arcachon.fr\/agenda-du-regatier\/18-heures-darcachon\/\" target=\"_blank\" rel=\"noopener\">https:\/\/www.voile-arcachon.fr\/agenda-du-regatier\/18-heures-darcachon\/<\/a><\/strong><\/p>\n\n\n\n<figure class=\"wp-block-embed is-type-video is-provider-youtube wp-block-embed-youtube wp-embed-aspect-16-9 wp-has-aspect-ratio\"><div class=\"wp-block-embed__wrapper\">\n<iframe loading=\"lazy\" title=\"\u00a1108 barcos en la salida de la regata de las 18h00 en Arcachon!\" width=\"500\" height=\"281\" src=\"https:\/\/www.youtube.com\/embed\/jstbP4Tw9v4?feature=oembed\" frameborder=\"0\" allow=\"accelerometer; autoplay; clipboard-write; encrypted-media; gyroscope; picture-in-picture; web-share\" referrerpolicy=\"strict-origin-when-cross-origin\" allowfullscreen><\/iframe>\n<\/div><\/figure>\n<\/div><\/div>\n\n\n\n<div class=\"wp-block-uagb-container uagb-block-e2d02181 alignfull uagb-is-root-container\"><div class=\"uagb-container-inner-blocks-wrap\">\n<h2 class=\"wp-block-heading\"><strong>Du 4 au 5 juillet : Festival Bee Out &#8211; Mios<\/strong><\/h2>\n\n\n\n<p>Las pr\u00e1cticas de arte urbano son las protagonistas de esta cita ineludible del inicio de la temporada de verano.<br>El Centro Juvenil, el DITEP (Centro Distrital y Regional de Educaci\u00f3n y Formaci\u00f3n) y el departamento de cultura del Ayuntamiento est\u00e1n preparando un programa para todos los adolescentes de la zona: deportes, actividades culturales, descubrimientos y espect\u00e1culos. \u00a1No faltar\u00e1 de nada para que este d\u00eda sea inolvidable!<br>Nouveaut\u00e9 cette ann\u00e9e : le samedi 5 juillet, place aux artistes ! De 15h \u00e0 18h concours de graff pour les 16-25 ans. Inscriptions aupr\u00e8s de l&rsquo;Espace Jeunes \u00e0 espacejeunes@villemios.fr<br><strong>Mas informaci\u00f3n : <a href=\"https:\/\/www.villemios.fr\/festival-bee-out\/\" target=\"_blank\" rel=\"noopener\">https:\/\/www.villemios.fr\/festival-bee-out\/<\/a><\/strong><\/p>\n<\/div><\/div>\n\n\n\n<div class=\"wp-block-uagb-container uagb-block-6d1c5fb6 alignfull uagb-is-root-container\"><div class=\"uagb-container-inner-blocks-wrap\">\n<h2 class=\"wp-block-heading\"><strong>Du 7 au 10 juillet : Festival Partir en Livres &#8211; Andernos<\/strong><\/h2>\n\n\n\n<p>En 2026, les h\u00e9ros ouvrent la voie de l\u2019imaginaire \u00e0 l\u2019occasion de \u00ab Partir en livre \u00bb. Du 7 au 10 juillet, la m\u00e9diath\u00e8que Andr\u00e9e Ch\u00e9did devient un territoire d\u2019aventures, de mots et de r\u00eaves partag\u00e9s.<br>Au programme de cette 12\u00e8me \u00e9dition organis\u00e9e par la M\u00e9diath\u00e8que Andr\u00e9e Chedid : rencontres, ateliers, quizz, lectures \u00e0 haute voix ou musicales et jeux en plein air pour c\u00e9l\u00e9brer la Litt\u00e9rature en famille. Gouter d&rsquo;inauguration le mardi 7 juillet \u00e0 16h30 pour les enfants et leurs familles.<br>En partenariat avec les associations culturelle Grandilire et Lire et faire lire ainsi que la Librairie ind\u00e9pendante Le jardin des Lettres. <br><strong>Mas informaci\u00f3n : <a href=\"https:\/\/www.gironde-tourisme.com\/fetes-manifestations\/festival-partir-en-livres\/\" target=\"_blank\" rel=\"noopener\">https:\/\/www.gironde-tourisme.com\/fetes-manifestations\/festival-partir-en-livres\/<\/a><\/strong><\/p>\n<\/div><\/div>\n\n\n\n<div class=\"wp-block-uagb-container uagb-block-6361c267 alignfull uagb-is-root-container\"><div class=\"uagb-container-inner-blocks-wrap\">\n<h2 class=\"wp-block-heading\"><strong>Del 5 al 11 de julio: Festival de M\u00fasica de Cap Ferret \u2013 L\u00e8ge-Cap Ferret<\/strong><\/h2>\n\n\n\n<p>Cap Ferret acoge el Festival de M\u00fasica de Cap Ferret. Dedicado a la m\u00fasica cl\u00e1sica, este evento cultural y musical anual que se ha convertido en un culto ofrece a sus visitantes la oportunidad de sumergirse en un mundo de virtuosismo en un entorno id\u00edlico.<br><strong>Mas informaci\u00f3n : <a href=\"https:\/\/www.capferretmusicfestival.com\/\" target=\"_blank\" rel=\"noopener\">https:\/\/www.capferretmusicfestival.com\/<\/a><\/strong><\/p>\n\n\n\n<figure class=\"wp-block-image size-full is-resized\"><img loading=\"lazy\" decoding=\"async\" width=\"700\" height=\"355\" src=\"https:\/\/bassin-arcachon.com\/wp-content\/uploads\/2024\/05\/Design-sans-titre-2024-05-30T141020.649.png\" alt=\"- - Bassin d&#039;Arcachon\" class=\"wp-image-58690\" style=\"width:798px;height:auto\" title=\"- - Bassin d&#039;Arcachon\" srcset=\"https:\/\/bassin-arcachon.com\/wp-content\/uploads\/2024\/05\/Design-sans-titre-2024-05-30T141020.649.png 700w, https:\/\/bassin-arcachon.com\/wp-content\/uploads\/2024\/05\/Design-sans-titre-2024-05-30T141020.649-600x304.png 600w, https:\/\/bassin-arcachon.com\/wp-content\/uploads\/2024\/05\/Design-sans-titre-2024-05-30T141020.649-18x9.png 18w\" sizes=\"auto, (max-width: 700px) 100vw, 700px\" \/><figcaption class=\"wp-element-caption\">\u00a9 H\u00e9l\u00e8ne BERGER<\/figcaption><\/figure>\n<\/div><\/div>\n\n\n\n<div class=\"wp-block-uagb-container uagb-block-6ae63cee alignfull uagb-is-root-container\"><div class=\"uagb-container-inner-blocks-wrap\">\n<h2 class=\"wp-block-heading\"><strong>8 juillet : March\u00e9 de nuit<\/strong> \u2013 <strong>Andernos<\/strong><\/h2>\n\n\n\n<p>Un ambiente festivo y acogedor, productos gastron\u00f3micos de calidad y variedad de artesanos: \u00a1todo lo necesario para disfrutar de una bonita tarde de verano!<br>Animation musicale par la Band&rsquo; a7<br>Cena en el establecimiento alrededor de grandes mesas.<br><strong>Mas informaci\u00f3n : <a href=\"https:\/\/www.andernos-tourisme.fr\/fiche-sit\/fmaaqu033v516ou0\/\" target=\"_blank\" rel=\"noopener\">https:\/\/www.andernos-tourisme.fr\/fiche-sit\/fmaaqu033v516ou0\/<\/a><\/strong><\/p>\n<\/div><\/div>\n\n\n\n<div class=\"wp-block-uagb-container uagb-block-6bb15320 alignfull uagb-is-root-container\"><div class=\"uagb-container-inner-blocks-wrap\">\n<h2 class=\"wp-block-heading\"><strong>Les 9, 16 et 23 juillet : Les Jeudis de Larros &#8211; Gujan-Mestras<\/strong><\/h2>\n\n\n\n<p>Desde 2006, en el Port de Larros, un lugar con car\u00e1cter aut\u00e9ntico lleno de historia y pasi\u00f3n, encontrar\u00e1s veladas que ofrecen m\u00fasica, teatro, danza, cine al aire libre y circo contempor\u00e1neo. Estas reuniones tienen lugar todos los jueves por la noche en julio y agosto.<br><strong>Mas informaci\u00f3n : <a href=\"https:\/\/www.gujanmestras.com\/\" target=\"_blank\" rel=\"noopener\">https:\/\/www.gujanmestras.com\/<\/a><\/strong><\/p>\n<\/div><\/div>\n\n\n\n<div class=\"wp-block-uagb-container uagb-block-f1769bfc alignfull uagb-is-root-container\"><div class=\"uagb-container-inner-blocks-wrap\">\n<h2 class=\"wp-block-heading\"><strong>Del 12 al 14 de julio: Audenge tiene su fiesta<\/strong><\/h2>\n\n\n\n<p>El \u201cAudenge fait son festival\u201d regresa en su segunda edici\u00f3n con tres d\u00edas de conciertos en un escenario at\u00edpico a tama\u00f1o natural. Conciertos gratuitos, espect\u00e1culos de danza, food trucks y muchas otras actividades por descubrir en el parque p\u00fablico.<br><strong>Mas informaci\u00f3n : <a href=\"https:\/\/www.ville-audenge.fr\/audenge-fait-son-festival\/\" target=\"_blank\" rel=\"noopener\">https:\/\/www.ville-audenge.fr\/audenge-fait-son-festival\/<\/a><\/strong><\/p>\n\n\n\n<figure class=\"wp-block-image size-full is-resized\"><img loading=\"lazy\" decoding=\"async\" width=\"700\" height=\"355\" src=\"https:\/\/bassin-arcachon.com\/wp-content\/uploads\/2024\/05\/Design-sans-titre-2024-05-30T143158.471.png\" alt=\"- - Bassin d&#039;Arcachon\" class=\"wp-image-58692\" style=\"aspect-ratio:1.971855278115323;width:796px;height:auto\" title=\"- - Bassin d&#039;Arcachon\" srcset=\"https:\/\/bassin-arcachon.com\/wp-content\/uploads\/2024\/05\/Design-sans-titre-2024-05-30T143158.471.png 700w, https:\/\/bassin-arcachon.com\/wp-content\/uploads\/2024\/05\/Design-sans-titre-2024-05-30T143158.471-600x304.png 600w, https:\/\/bassin-arcachon.com\/wp-content\/uploads\/2024\/05\/Design-sans-titre-2024-05-30T143158.471-18x9.png 18w\" sizes=\"auto, (max-width: 700px) 100vw, 700px\" \/><figcaption class=\"wp-element-caption\">\u00a9 Ciudad de Audenge<\/figcaption><\/figure>\n<\/div><\/div>\n\n\n\n<div class=\"wp-block-uagb-container uagb-block-da05f6f3 alignfull uagb-is-root-container\"><div class=\"uagb-container-inner-blocks-wrap\">\n<h2 class=\"wp-block-heading\"><strong>Du 11 au 14 juillet : F\u00eates du Betey &#8211; Andernos<\/strong><\/h2>\n\n\n\n<p>\u00a1Un evento festivo con conciertos y gastronom\u00eda en el puerto de B\u00e9tey!<br>Una gran oportunidad para reunirnos y disfrutar de la m\u00fasica mientras saboreamos deliciosas especialidades.<br>Organizado por el Comit\u00e9 Espa\u00f1ol de Hermanamientos Andernos Segorbe.<br><strong>Mas informaci\u00f3n : <a href=\"https:\/\/www.andernos-tourisme.fr\/fiche-sit\/fmaaqu033v512pn0\/\" target=\"_blank\" rel=\"noopener\">https:\/\/www.andernos-tourisme.fr\/fiche-sit\/fmaaqu033v512pn0\/<\/a><\/strong><\/p>\n<\/div><\/div>\n\n\n\n<div class=\"wp-block-uagb-container uagb-block-fa213d50 alignfull uagb-is-root-container\"><div class=\"uagb-container-inner-blocks-wrap\">\n<h2 class=\"wp-block-heading\"><strong>Del 12 al 14 de julio: Music&#039;O Teich \u2013 Le Teich<\/strong><\/h2>\n\n\n\n<p>3 d\u00edas de conciertos en un ambiente familiar y rural en el Puerto Deportivo, esta es la receta inigualable del festival Music O&#039;Teich. Conciertos gratuitos, fuegos artificiales.<br><strong>Mas informaci\u00f3n :<a href=\"https:\/\/leteich.fr\/agenda\/musico-teich\/\" target=\"_blank\" rel=\"noopener\">https:\/\/leteich.fr\/agenda\/musico-teich\/<\/a><\/strong><\/p>\n\n\n\n<figure class=\"wp-block-embed is-type-video is-provider-youtube wp-block-embed-youtube wp-embed-aspect-16-9 wp-has-aspect-ratio\"><div class=\"wp-block-embed__wrapper\">\n<iframe loading=\"lazy\" title=\"\u00a1Una mirada atr\u00e1s al imperdible Music O Teich!\" width=\"500\" height=\"281\" src=\"https:\/\/www.youtube.com\/embed\/YpiHRn1ylq0?feature=oembed\" frameborder=\"0\" allow=\"accelerometer; autoplay; clipboard-write; encrypted-media; gyroscope; picture-in-picture; web-share\" referrerpolicy=\"strict-origin-when-cross-origin\" allowfullscreen><\/iframe>\n<\/div><\/figure>\n<\/div><\/div>\n\n\n\n<div class=\"wp-block-uagb-container uagb-block-d3f7f661 alignfull uagb-is-root-container\"><div class=\"uagb-container-inner-blocks-wrap\">\n<h2 class=\"wp-block-heading\"><strong>Du 17 au 19 juillet : F\u00eate de l&rsquo;Hu\u00eetre d&rsquo;Andernos <\/strong><\/h2>\n\n\n\n<p>La fiesta de la ostra en el puerto de la ostra, \u00a1una cita ineludible!<br>Degustaciones de ostras, embutidos, sardinas, mejillones, patatas fritas y postres, ofrecidas por la comisi\u00f3n de fiesta de la ostra.<br><strong>Mas informaci\u00f3n : <a href=\"https:\/\/www.andernos-tourisme.fr\/\" target=\"_blank\" rel=\"noopener\">https:\/\/www.andernos-tourisme.fr<\/a><\/strong><\/p>\n<\/div><\/div>\n\n\n\n<div class=\"wp-block-uagb-container uagb-block-dcd6e710 alignfull uagb-is-root-container\"><div class=\"uagb-container-inner-blocks-wrap\">\n<h2 class=\"wp-block-heading\"><strong>18 juillet : Sardinade &#8211; Gujan-Mestras<\/strong><\/h2>\n\n\n\n<p>Bal populaire, Sardinade avec animation dansante.<\/p>\n\n\n\n<p><strong>Mas informaci\u00f3n : <a href=\"https:\/\/www.tourisme-gujanmestras.com\/agenda\/sardinade-bal-populaire-gujan-mestras-fr-5664452\/\" target=\"_blank\" rel=\"noopener\">https:\/\/www.tourisme-gujanmestras.com\/agenda\/sardinade-bal-populaire-gujan-mestras-fr-5664452\/<\/a><\/strong><\/p>\n<\/div><\/div>\n\n\n\n<div class=\"wp-block-uagb-container uagb-block-a02ef669 alignfull uagb-is-root-container\"><div class=\"uagb-container-inner-blocks-wrap\">\n<h2 class=\"wp-block-heading\"><strong>Du 24 au 26 juillet : Andernos Jazz Festival<\/strong><\/h2>\n\n\n\n<p>Tres d\u00edas de jazz con conciertos gratuitos al aire libre, tanto diurnos como nocturnos. La 52.\u00aa edici\u00f3n de este legendario festival, dedicado a la riqueza musical y la diversidad de m\u00fasicos de la escena regional e internacional, se vivir\u00e1 al m\u00e1ximo en la Esplanade de la Jet\u00e9e, la Playa de B\u00e9tey, la Place du 14 Juillet o los Jardines Louis David.<br><strong>M\u00e1s informaci\u00f3n:&nbsp;<a href=\"https:\/\/www.andernos-jazz-festival.fr\" target=\"_blank\" rel=\"noopener\">https:\/\/www.andernos-jazz-festival.fr<\/a><\/strong><\/p>\n\n\n\n<figure class=\"wp-block-image size-full\"><img loading=\"lazy\" decoding=\"async\" width=\"700\" height=\"355\" src=\"https:\/\/bassin-arcachon.com\/wp-content\/uploads\/2024\/06\/Design-sans-titre-14.png\" alt=\"- - Bassin d&#039;Arcachon\" class=\"wp-image-164007\" title=\"- - Bassin d&#039;Arcachon\" srcset=\"https:\/\/bassin-arcachon.com\/wp-content\/uploads\/2024\/06\/Design-sans-titre-14.png 700w, https:\/\/bassin-arcachon.com\/wp-content\/uploads\/2024\/06\/Design-sans-titre-14-600x304.png 600w, https:\/\/bassin-arcachon.com\/wp-content\/uploads\/2024\/06\/Design-sans-titre-14-18x9.png 18w\" sizes=\"auto, (max-width: 700px) 100vw, 700px\" \/><figcaption class=\"wp-element-caption\">\u00a9 V\u00e9ronique ALMANSA<\/figcaption><\/figure>\n<\/div><\/div>\n\n\n\n<div class=\"wp-block-uagb-container uagb-block-ebc447a6 alignfull uagb-is-root-container\"><div class=\"uagb-container-inner-blocks-wrap\">\n<h2 class=\"wp-block-heading\"><strong>Du 24 au 26 juillet : Mios en f\u00eate<\/strong><\/h2>\n\n\n\n<p>Le festival miossais aux accents pop rock revient donc pour une 31eme \u00e9dition. Durant ces 3 jours,&nbsp;<strong>Se han programado 10 conciertos<\/strong>, as\u00ed como una&nbsp;<strong>Mercado nocturno con m\u00e1s de 50 expositores<\/strong>&nbsp;y una zona de catering. El festival cerrar\u00e1 con un tradicional espect\u00e1culo de fuegos artificiales a las 23:30 h.<br><strong>Mas informaci\u00f3n : <a href=\"https:\/\/tvba.fr\/actu-concert-mios-en-fete-ete-2025\/\" target=\"_blank\" rel=\"noopener\">https:\/\/tvba.fr\/actu-concert-mios-en-fete-ete-2025\/<\/a><\/strong><\/p>\n<\/div><\/div>\n\n\n\n<div class=\"wp-block-uagb-container uagb-block-c1739eff alignfull uagb-is-root-container\"><div class=\"uagb-container-inner-blocks-wrap\">\n<h2 class=\"wp-block-heading\"><strong>25 juillet : Op\u00e9ra Les P\u00eacheurs de Perle (Georges BIZET) &#8211; Gujan-Mestras<\/strong><\/h2>\n\n\n\n<p>Tu cita con la \u00f3pera para descubrir o redescubrir famosos est\u00e1ndares de \u00f3pera al aire libre, en familia. \u00a1Un espect\u00e1culo gratuito, imperdible desde 2009!<br><strong>Mas informaci\u00f3n : <a href=\"https:\/\/www.tourisme-gujanmestras.com\/agenda\/opera-en-plein-air-gujan-mestras-fr-5656578\/\" target=\"_blank\" rel=\"noopener\">https:\/\/www.tourisme-gujanmestras.com\/agenda\/opera-en-plein-air-gujan-mestras-fr-5656578\/<\/a><\/strong><\/p>\n<\/div><\/div>\n\n\n\n<div class=\"wp-block-uagb-container uagb-block-0de13284 alignfull uagb-is-root-container\"><div class=\"uagb-container-inner-blocks-wrap\">\n<h2 class=\"wp-block-heading\"><strong>29 juillet : March\u00e9 nocturne &#8211; Gujan-Mestras<\/strong><\/h2>\n\n\n\n<p><strong>Plus d&rsquo;informations \u00e0 venir<\/strong><\/p>\n<\/div><\/div>\n\n\n\n<div class=\"wp-block-uagb-container uagb-block-6a7c45bd alignfull uagb-is-root-container\"><div class=\"uagb-container-inner-blocks-wrap\">\n<h2 class=\"wp-block-heading\"><strong>29 juillet : Concert de l&rsquo;\u00e9t\u00e9 &#8211; Ar\u00e8s<\/strong><\/h2>\n\n\n\n<p>Le concert de l&rsquo;\u00e9t\u00e9 d&rsquo;Ar\u00e8s est de retour ! C&rsquo;est St\u00e9phane Eicher qui se produira au Domaine des Lug\u00e9es \u00e0 21h. Concert debout et places assises limit\u00e9es (voir tarif). <strong>Personnes \u00e0 mobilit\u00e9 r\u00e9duite d\u00e9tentrice d\u2019une carte :<br>aucun acc\u00e8s possible sans justificatif et sans inscription en amont (zone PMR limit\u00e9e)<\/strong><br>merci de vous signaler au 06 20 83 87 15&nbsp;<strong>avant le 1<sup>ejem<\/sup>&nbsp;juillet 2026<\/strong>&nbsp;afin d\u2019organiser votre accueil.<br><strong>Mas informaci\u00f3n :<\/strong> <strong><a href=\"https:\/\/www.espacebremontier-ares.fr\/evenement\/stephan-eicher\/\" target=\"_blank\" rel=\"noopener\">https:\/\/www.espacebremontier-ares.fr\/evenement\/stephan-eicher\/<\/a><\/strong><\/p>\n<\/div><\/div>\n\n\n\n<div class=\"wp-block-uagb-container uagb-block-407c9786 alignfull uagb-is-root-container\"><div class=\"uagb-container-inner-blocks-wrap\">\n<h2 class=\"wp-block-heading\"><strong>Du 31 juillet au 3 ao\u00fbt : F\u00eates du port de La Teste-de-Buch<\/strong><\/h2>\n\n\n\n<p>Durante 4 d\u00edas, el puerto se transforma y acoge un parque de atracciones, un escenario de espect\u00e1culos o incluso un gran restaurante.<br>Todas las noches entretenimiento garantizado durante toda la fiesta con numerosos conciertos y animaciones.<br><strong>Mas informaci\u00f3n : <a href=\"https:\/\/tvba.fr\/fetes-du-port-le-concours-daffiches-est-de-retour\/\" target=\"_blank\" rel=\"noopener\">https:\/\/tvba.fr\/fetes-du-port-le-concours-daffiches-est-de-retour\/<\/a><\/strong><\/p>\n\n\n\n<figure class=\"wp-block-embed is-type-video is-provider-youtube wp-block-embed-youtube wp-embed-aspect-16-9 wp-has-aspect-ratio\"><div class=\"wp-block-embed__wrapper\">\n<iframe loading=\"lazy\" title=\"Se inauguran las 55\u00b0 Fiestas Portuarias en el La Teste de Buch\" width=\"500\" height=\"281\" src=\"https:\/\/www.youtube.com\/embed\/2BurlKjEzWc?feature=oembed\" frameborder=\"0\" allow=\"accelerometer; autoplay; clipboard-write; encrypted-media; gyroscope; picture-in-picture; web-share\" referrerpolicy=\"strict-origin-when-cross-origin\" allowfullscreen><\/iframe>\n<\/div><\/figure>\n<\/div><\/div>\n\n\n\n<h1 class=\"wp-block-heading has-text-align-center\"><mark style=\"background-color:rgba(0, 0, 0, 0)\" class=\"has-inline-color has-luminous-vivid-amber-color\">AGOSTO :  <\/mark><\/h1>\n\n\n\n<div class=\"wp-block-uagb-container uagb-block-4d9c72e9 alignfull uagb-is-root-container\"><div class=\"uagb-container-inner-blocks-wrap\">\n<h2 class=\"wp-block-heading\"><strong>Viernes 1 y 22 de agosto: Les Lantonnales \u2013 Lanton<\/strong><\/h2>\n\n\n\n<p>Bien establecido en el paisaje cultural de la ciudad, el Festival \u201cLes Lantonnales\u201d pone la m\u00fasica cl\u00e1sica en el punto de mira, a trav\u00e9s de una invitaci\u00f3n a viajar. La entrada es libre y gratuita.<br><strong>Mas informaci\u00f3n : <a href=\"https:\/\/www.mairie-lanton.fr\/les-lantonnales\/\" target=\"_blank\" rel=\"noopener\">https:\/\/www.mairie-lanton.fr\/les-lantonnales\/<\/a><\/strong><\/p>\n\n\n\n<h2 class=\"wp-block-heading\"><strong>Del 1 al 3 de agosto: Festival de la Pen\u00ednsula \u2013 L\u00e8ge-Cap Ferret<\/strong><\/h2>\n\n\n\n<p>Este gran festival, donde la ostra es la reina, se celebra tradicionalmente el primer fin de semana de agosto en Claouey, Place Bertic, frente al Bassin. Se desarrolla durante tres d\u00edas, con la participaci\u00f3n de los clubes de balonmano y judo de L\u00e8ge-Cap Ferret, la Boule Ferret-Capienne, la Amicale des b\u00e9n\u00e9voles de la Presqu&#039;\u00eele y la SNSM.<br><strong>Mas informaci\u00f3n : <a href=\"https:\/\/www.ville-lege-capferret.fr\/municipalite\/les-services\/liste\/les-fetes-dans-les-villages\/#:~:text=F%C3%AAte%20de%20la%20presqu&#039;%C3%AEle,place%20Bertic%2C%20face%20au%20Bassin.\" target=\"_blank\" rel=\"noopener\">https:\/\/www.ville-lege-capferret.fr\/<\/a><\/strong><\/p>\n\n\n\n<h2 class=\"wp-block-heading\"><strong>Del 2 al 3 de agosto: Fiesta Rural \u2013 Biganos<\/strong><\/h2>\n\n\n\n<p>Visita el Parque Lecoq, el pulm\u00f3n verde de Biganos, para este festival que celebra el mundo agr\u00edcola y la madera. El programa incluye una exposici\u00f3n de herramientas antiguas, una granja m\u00f3vil, un mercado de artesan\u00eda, un taller de carpinter\u00eda, demostraciones de cosechadoras y numerosas actividades centradas en la agricultura, la naturaleza y las habilidades artesanales.<br><strong>Mas informaci\u00f3n : <a href=\"https:\/\/lebassindespetits.fr\/events\/fete-de-la-ruralite-et-festival-du-bois-biganos\/\" target=\"_blank\" rel=\"noopener\">https:\/\/lebassindespetits.fr\/events\/fete-de-la-ruralite-et-festival-du-bois-biganos\/<\/a><\/strong><\/p>\n\n\n\n<figure class=\"wp-block-image size-full\"><img loading=\"lazy\" decoding=\"async\" width=\"700\" height=\"355\" src=\"https:\/\/bassin-arcachon.com\/wp-content\/uploads\/2024\/06\/Design-sans-titre-15.png\" alt=\"- - Bassin d&#039;Arcachon\" class=\"wp-image-164009\" title=\"- - Bassin d&#039;Arcachon\" srcset=\"https:\/\/bassin-arcachon.com\/wp-content\/uploads\/2024\/06\/Design-sans-titre-15.png 700w, https:\/\/bassin-arcachon.com\/wp-content\/uploads\/2024\/06\/Design-sans-titre-15-600x304.png 600w, https:\/\/bassin-arcachon.com\/wp-content\/uploads\/2024\/06\/Design-sans-titre-15-18x9.png 18w\" sizes=\"auto, (max-width: 700px) 100vw, 700px\" \/><figcaption class=\"wp-element-caption\">\u00a9 Ayuntamiento de Biganos<\/figcaption><\/figure>\n\n\n\n<h2 class=\"wp-block-heading\"><strong>Les 3 et 4 ao\u00fbt : Arcachon en Sc\u00e8ne<\/strong><\/h2>\n\n\n\n<p>Ces grandes soir\u00e9es en plein air &#8211; au coeur du V\u00e9lodrome d&rsquo;Arcachon &#8211; rythment les \u00e9t\u00e9s des habitants et des vacanciers, qui embarquent munis d&rsquo;un aller-simple, pour 2 concerts exceptionnels. V\u00e9ritable voyage multi-g\u00e9n\u00e9rationnel, ces concerts uniques rassemblent autour d&rsquo;un langage commun et f\u00e9d\u00e9rateur : la musique. Artistes pr\u00e9sents cette ann\u00e9e : Mika et Suzanne<br><strong>Mas informaci\u00f3n : <a href=\"https:\/\/www.arcachon.com\/tourisme\/je-bouge\/culture-et-evenements\/arcachonenscene\/\" target=\"_blank\" rel=\"noopener\">https:\/\/www.arcachon.com\/tourisme\/je-bouge\/culture-et-evenements\/arcachonenscene\/<\/a><\/strong><\/p>\n\n\n\n<h2 class=\"wp-block-heading\"><strong>Les 5 et 9 ao\u00fbt : March\u00e9 de nuit &#8211; Andernos<\/strong><\/h2>\n\n\n\n<p>Un ambiente festivo y acogedor, productos gastron\u00f3micos de calidad y variedad de artesanos: \u00a1todo lo necesario para disfrutar de una bonita tarde de verano!<br>Animation musicale par la Band&rsquo; a7<br>Cena en el establecimiento alrededor de grandes mesas.<br><strong>Mas informaci\u00f3n : <a href=\"https:\/\/www.andernos-tourisme.fr\/fiche-sit\/fmaaqu033v516ou0\/\" target=\"_blank\" rel=\"noopener\">https:\/\/www.andernos-tourisme.fr\/fiche-sit\/fmaaqu033v516ou0\/<\/a><\/strong><\/p>\n\n\n\n<h2 class=\"wp-block-heading\"><strong>Les 5 et 26 ao\u00fbt : Les impromptus du Lundi &#8211; Gujan-Mestras<\/strong><\/h2>\n\n\n\n<p>\u00a1Disfruta de aperitivos con m\u00fasica! Descubre tres salas que ofrecen tres conciertos simult\u00e1neos al anochecer en diferentes puntos de la ciudad. Puntos de encuentro: Place de la Claire, Place de l&#039;H\u00f4tel de Ville y Plage de la Hume.<br><strong>Mas informaci\u00f3n : <a href=\"https:\/\/www.gujanmestras.com\/\" target=\"_blank\" rel=\"noopener\">https:\/\/www.gujanmestras.com\/<\/a><\/strong><\/p>\n\n\n\n<h2 class=\"wp-block-heading\"><strong>Du 6 au 9 ao\u00fbt : Gujan-Mestras en F\u00eate<\/strong><\/h2>\n\n\n\n<p>Excursion familiar. Cada a\u00f1o, en agosto, la ciudad se transforma en un lugar animado con m\u00fasica, bodegas y restaurantes, bandas y atracciones emocionantes para j\u00f3venes y mayores, todo en el encantador entorno del Lago de la Magdeleine.<br><strong>Mas informaci\u00f3n : <a href=\"https:\/\/www.tourisme-gujanmestras.com\/agenda\/gujan-mestras-en-fetes-gujan-mestras-fr-5656579\/\" target=\"_blank\" rel=\"noopener\">https:\/\/www.tourisme-gujanmestras.com\/agenda\/gujan-mestras-en-fetes-gujan-mestras-fr-5656579\/<\/a><\/strong><\/p>\n\n\n\n<figure class=\"wp-block-image size-full is-resized\"><img loading=\"lazy\" decoding=\"async\" width=\"700\" height=\"355\" src=\"https:\/\/bassin-arcachon.com\/wp-content\/uploads\/2024\/06\/Design-sans-titre-16.png\" alt=\"- - Bassin d&#039;Arcachon\" class=\"wp-image-164013\" style=\"width:700px;height:auto\" title=\"- - Bassin d&#039;Arcachon\" srcset=\"https:\/\/bassin-arcachon.com\/wp-content\/uploads\/2024\/06\/Design-sans-titre-16.png 700w, https:\/\/bassin-arcachon.com\/wp-content\/uploads\/2024\/06\/Design-sans-titre-16-600x304.png 600w, https:\/\/bassin-arcachon.com\/wp-content\/uploads\/2024\/06\/Design-sans-titre-16-18x9.png 18w\" sizes=\"auto, (max-width: 700px) 100vw, 700px\" \/><figcaption class=\"wp-element-caption\">\u00a9 A. MOUSTIE<\/figcaption><\/figure>\n\n\n\n<h2 class=\"wp-block-heading\"><strong>12 ao\u00fbt : March\u00e9 nocturne &#8211; Gujan-Mestras<\/strong><\/h2>\n\n\n\n<p><strong>Plus d&rsquo;infos \u00e0 venir<\/strong><\/p>\n\n\n\n<h2 class=\"wp-block-heading\"><strong>Del 14 al 15 de agosto: Fiestas del Mar de Arcachon<\/strong><\/h2>\n\n\n\n<p>Durante dos d\u00edas, los amantes del Bassin se re\u00fanen para celebrar el mar con actividades, tradiciones y celebraciones religiosas. Podr\u00e1s participar con familiares o amigos en el picnic gigante en el Paseo Mar\u00edtimo, asistir al desfile n\u00e1utico\u2026 \u00a1No olvides tu pa\u00f1uelo amarillo!<br><strong>Mas informaci\u00f3n : <a href=\"https:\/\/www.arcachon.com\/tourisme\/je-bouge\/culture-et-evenements\/les-grands-evenements\/\" target=\"_blank\" rel=\"noopener\">https:\/\/www.arcachon.com\/tourisme\/je-bouge\/culture-et-evenements\/les-grands-evenements\/<\/a><\/strong><\/p>\n\n\n\n<figure class=\"wp-block-image size-full\"><img loading=\"lazy\" decoding=\"async\" width=\"700\" height=\"355\" src=\"https:\/\/bassin-arcachon.com\/wp-content\/uploads\/2024\/06\/Design-sans-titre-17.png\" alt=\"- - Bassin d&#039;Arcachon\" class=\"wp-image-164015\" title=\"- - Bassin d&#039;Arcachon\" srcset=\"https:\/\/bassin-arcachon.com\/wp-content\/uploads\/2024\/06\/Design-sans-titre-17.png 700w, https:\/\/bassin-arcachon.com\/wp-content\/uploads\/2024\/06\/Design-sans-titre-17-600x304.png 600w, https:\/\/bassin-arcachon.com\/wp-content\/uploads\/2024\/06\/Design-sans-titre-17-18x9.png 18w\" sizes=\"auto, (max-width: 700px) 100vw, 700px\" \/><figcaption class=\"wp-element-caption\">\u00a9 JC. LAUCHAS<\/figcaption><\/figure>\n\n\n\n<h2 class=\"wp-block-heading\"><strong>Du 13 au 16 ao\u00fbt : F\u00eate de l&rsquo;Hu\u00eetre d&rsquo;Ar\u00e8s<\/strong><\/h2>\n\n\n\n<p>La ville d\u2019Ar\u00e8s est fi\u00e8re d\u2019annoncer la c\u00e9l\u00e9bration de la 53\u1d49 \u00e9dition de la c\u00e9l\u00e8bre F\u00eate de l\u2019Hu\u00eetre qui se d\u00e9roulera du 13 au 16 ao\u00fbt 2026 sur l\u2019Esplanade Georges Dartiguelongue. Cette manifestation, organis\u00e9e en collaboration entre la Mairie d\u2019Ar\u00e8s et le Comit\u00e9 des f\u00eates Ar\u00e9sien, promet d\u2019\u00eatre une exp\u00e9rience gustative, culturelle et festive inoubliable pour tous les visiteurs.<br><strong>Mas informaci\u00f3n : <a href=\"https:\/\/ville-ares.fr\/50eme-fete-de-lhuitre-dares-du-12-au-15-aout-2023-4\/#:~:text=La%20ville%20d&#039;Ar%C3%A8s%20est,sur%20l&#039;Esplanade%20Georges%20Dartiguelongue.\" target=\"_blank\" rel=\"noopener\">https:\/\/ville-ares.fr<\/a><\/strong><\/p>\n\n\n\n<h2 class=\"wp-block-heading\"><strong>Les 13, 20 et 27 ao\u00fbt : Les Jeudis de Larros &#8211; Gujan-Mestras<\/strong><\/h2>\n\n\n\n<p>Desde 2006, en el Port de Larros, un lugar con car\u00e1cter aut\u00e9ntico lleno de historia y pasi\u00f3n, encontrar\u00e1s veladas que ofrecen m\u00fasica, teatro, danza, cine al aire libre y circo contempor\u00e1neo. Estas reuniones tienen lugar todos los jueves por la noche en julio y agosto.<br><strong>Mas informaci\u00f3n : <a href=\"https:\/\/www.gujanmestras.com\/\" target=\"_blank\" rel=\"noopener\">https:\/\/www.gujanmestras.com\/<\/a><\/strong><\/p>\n\n\n\n<h2 class=\"wp-block-heading\"><strong>Del 14 al 17 de agosto: Fiesta del Mar \u2013 L\u00e8ge-Cap Ferret<\/strong><\/h2>\n\n\n\n<p>El pueblo de Canon cobra vida del 14 al 17 de agosto con cuatro d\u00edas de festividades llenas de m\u00fasica, alegr\u00eda y entretenimiento para todos. Entre conciertos, sesiones de DJ, una feria, comida y un ambiente musical, todo est\u00e1 preparado para que tus tardes de verano sean un \u00e9xito.<br><strong>Mas informaci\u00f3n : <a href=\"https:\/\/www.ville-lege-capferret.fr\/agenda\/fete-de-la-mer\/\" target=\"_blank\" rel=\"noopener\">https:\/\/www.ville-lege-capferret.fr\/agenda\/fete-de-la-mer\/<\/a><\/strong><\/p>\n\n\n\n<h2 class=\"wp-block-heading\"><strong>Du 14 au 16 ao\u00fbt : Sardinades &#8211; Andernos<\/strong><\/h2>\n\n\n\n<p>\u00a1Degustaci\u00f3n de sardinas acompa\u00f1ada de animaci\u00f3n musical en un ambiente relajado y distendido en el Port du B\u00e9tey!<br>Durante 3 d\u00edas con degustaci\u00f3n: sardinas, gambas, calamares fritos, salchichas, tortitas y helados.<br>Animaci\u00f3n musical con los Tontons Swingers de 12:00 a 14:30 horas y Fashion Music de 19:30 a 00:30 horas.<br><strong>Mas informaci\u00f3n : <a href=\"https:\/\/www.andernos-tourisme.fr\/fiche-sit\/fmaaqu033v50qlf6\/\" target=\"_blank\" rel=\"noopener\">https:\/\/www.andernos-tourisme.fr\/fiche-sit\/fmaaqu033v50qlf6\/<\/a><\/strong><\/p>\n\n\n\n<h2 class=\"wp-block-heading\"><strong>Du 21 au 22 ao\u00fbt : Festival Be(e) Holiday &#8211; Mios<\/strong><\/h2>\n\n\n\n<p>\u00a1Mios se vuelve jazz! En su cuarta edici\u00f3n, el festival cobra nueva vida, traslad\u00e1ndose a la flamante Halle para ofrecer dos noches de conciertos, un baile de swing, una introducci\u00f3n a la danza con MT Danses y una conferencia excepcional a cargo del mecenas Serge Balsamo, figura clave del jazz franc\u00e9s. Es un honor para la ciudad recibirlo este a\u00f1o, junto con numerosos m\u00fasicos talentosos que compartir\u00e1n el escenario.<br><strong>Mas informaci\u00f3n : <a href=\"https:\/\/tvba.fr\/actu-mios-beeholiday-jazz-2025\/\" target=\"_blank\" rel=\"noopener\">https:\/\/tvba.fr\/actu-mios-beeholiday-jazz-2025\/<\/a><\/strong><\/p>\n\n\n\n<figure class=\"wp-block-embed is-type-video is-provider-youtube wp-block-embed-youtube wp-embed-aspect-16-9 wp-has-aspect-ratio\"><div class=\"wp-block-embed__wrapper\">\n<iframe loading=\"lazy\" title=\"Swing ball: una primicia que marca el ritmo en Mios\" width=\"500\" height=\"281\" src=\"https:\/\/www.youtube.com\/embed\/A9kTurvoQU4?feature=oembed\" frameborder=\"0\" allow=\"accelerometer; autoplay; clipboard-write; encrypted-media; gyroscope; picture-in-picture; web-share\" referrerpolicy=\"strict-origin-when-cross-origin\" allowfullscreen><\/iframe>\n<\/div><\/figure>\n\n\n\n<h2 class=\"wp-block-heading\"><strong>Du 21 au 23 ao\u00fbt : F\u00eates de l&rsquo;\u00e9t\u00e9 &#8211; Marcheprime<\/strong><\/h2>\n\n\n\n<p>\u00c9v\u00e8nement immanquable de la ville de Macheprime. Venez cl\u00f4turer votre \u00e9t\u00e9 avec bonheur et convivialit\u00e9 le dernier week-end d&rsquo;ao\u00fbt de chaque ann\u00e9e.<br><strong>Mas informaci\u00f3n :<\/strong> <strong><a href=\"https:\/\/www.marcheprime-evenements.fr\/\" target=\"_blank\" rel=\"noopener\">https:\/\/www.marcheprime-evenements.fr\/<\/a><\/strong><\/p>\n\n\n\n<h2 class=\"wp-block-heading\"><strong>22 ao\u00fbt : Sardinade &#8211; Gujan-Mestras<\/strong><\/h2>\n\n\n\n<h2 class=\"wp-block-heading\"><strong>Del 22 al 24 de agosto: Festival de la Hierba \u2013 L\u00e8ge-Cap Ferret<\/strong><\/h2>\n\n\n\n<p>\u00a1El ambiente veraniego est\u00e1 garantizado en el Village de l&#039;Herbe para un fin de semana festivo y popular para disfrutar en familia o con amigos!<br><strong>Mas informaci\u00f3n : <a href=\"https:\/\/www.lege-capferret.com\/tempsfort\/fete-de-lherbe\/\" target=\"_blank\" rel=\"noopener\">https:\/\/www.lege-capferret.com\/tempsfort\/fete-de-lherbe\/<\/a><\/strong><\/p>\n<\/div><\/div>","protected":false},"excerpt":{"rendered":"<p>Ne manquez pas les \u00e9v\u00e9nements incontournables de l&rsquo;\u00e9t\u00e9sur le Bassin : JUIN : Les 12 et 13 juin : Fetarade &#8211; Gujan-Mestras Un pour un week-end rempli de musique, de [&hellip;]<\/p>\n","protected":false},"author":25,"featured_media":58691,"comment_status":"closed","ping_status":"open","sticky":false,"template":"","format":"standard","meta":{"_acf_changed":false,"_uag_custom_page_level_css":"","footnotes":""},"categories":[2133],"tags":[],"class_list":["post-58681","post","type-post","status-publish","format-standard","has-post-thumbnail","hentry","category-culture"],"acf":[],"uagb_featured_image_src":{"full":["https:\/\/bassin-arcachon.com\/wp-content\/uploads\/2024\/05\/Design-sans-titre-2024-05-30T142353.627.png",700,355,false],"thumbnail":["https:\/\/bassin-arcachon.com\/wp-content\/uploads\/2024\/05\/Design-sans-titre-2024-05-30T142353.627-150x150.png",150,150,true],"medium":["https:\/\/bassin-arcachon.com\/wp-content\/uploads\/2024\/05\/Design-sans-titre-2024-05-30T142353.627-600x304.png",600,304,true],"medium_large":["https:\/\/bassin-arcachon.com\/wp-content\/uploads\/2024\/05\/Design-sans-titre-2024-05-30T142353.627.png",700,355,false],"large":["https:\/\/bassin-arcachon.com\/wp-content\/uploads\/2024\/05\/Design-sans-titre-2024-05-30T142353.627.png",700,355,false],"1536x1536":["https:\/\/bassin-arcachon.com\/wp-content\/uploads\/2024\/05\/Design-sans-titre-2024-05-30T142353.627.png",700,355,false],"2048x2048":["https:\/\/bassin-arcachon.com\/wp-content\/uploads\/2024\/05\/Design-sans-titre-2024-05-30T142353.627.png",700,355,false],"trp-custom-language-flag":["https:\/\/bassin-arcachon.com\/wp-content\/uploads\/2024\/05\/Design-sans-titre-2024-05-30T142353.627-18x9.png",18,9,true]},"uagb_author_info":{"display_name":"Marie Clauzel","author_link":"https:\/\/bassin-arcachon.com\/es\/author\/mariesiba\/"},"uagb_comment_info":0,"uagb_excerpt":"Ne manquez pas les \u00e9v\u00e9nements incontournables de l&rsquo;\u00e9t\u00e9sur le Bassin : JUIN : Les 12 et 13 juin : Fetarade &#8211; Gujan-Mestras Un pour un week-end rempli de musique, de [&hellip;]","_links":{"self":[{"href":"https:\/\/bassin-arcachon.com\/es\/wp-json\/wp\/v2\/posts\/58681","targetHints":{"allow":["GET"]}}],"collection":[{"href":"https:\/\/bassin-arcachon.com\/es\/wp-json\/wp\/v2\/posts"}],"about":[{"href":"https:\/\/bassin-arcachon.com\/es\/wp-json\/wp\/v2\/types\/post"}],"author":[{"embeddable":true,"href":"https:\/\/bassin-arcachon.com\/es\/wp-json\/wp\/v2\/users\/25"}],"replies":[{"embeddable":true,"href":"https:\/\/bassin-arcachon.com\/es\/wp-json\/wp\/v2\/comments?post=58681"}],"version-history":[{"count":91,"href":"https:\/\/bassin-arcachon.com\/es\/wp-json\/wp\/v2\/posts\/58681\/revisions"}],"predecessor-version":[{"id":249302,"href":"https:\/\/bassin-arcachon.com\/es\/wp-json\/wp\/v2\/posts\/58681\/revisions\/249302"}],"wp:featuredmedia":[{"embeddable":true,"href":"https:\/\/bassin-arcachon.com\/es\/wp-json\/wp\/v2\/media\/58691"}],"wp:attachment":[{"href":"https:\/\/bassin-arcachon.com\/es\/wp-json\/wp\/v2\/media?parent=58681"}],"wp:term":[{"taxonomy":"category","embeddable":true,"href":"https:\/\/bassin-arcachon.com\/es\/wp-json\/wp\/v2\/categories?post=58681"},{"taxonomy":"post_tag","embeddable":true,"href":"https:\/\/bassin-arcachon.com\/es\/wp-json\/wp\/v2\/tags?post=58681"}],"curies":[{"name":"wp","href":"https:\/\/api.w.org\/{rel}","templated":true}]}}