{"id":59031,"date":"2024-09-16T16:08:27","date_gmt":"2024-09-16T14:08:27","guid":{"rendered":"https:\/\/bassin-arcachon.com\/?p=59031"},"modified":"2024-09-20T12:08:54","modified_gmt":"2024-09-20T10:08:54","slug":"la-cuenca-de-darcachon-avanza-hacia-un-futuro-verde","status":"publish","type":"post","link":"https:\/\/bassin-arcachon.com\/es\/bassin-darcachon-cap-sur-un-avenir-vert\/","title":{"rendered":"Bassin en Arcachon: \u00a1hacia un futuro verde!"},"content":{"rendered":"<div class=\"wp-block-uagb-container uagb-block-b4ce7534 alignfull uagb-is-root-container\"><div class=\"uagb-container-inner-blocks-wrap\">\n<p>Durante varios a\u00f1os, <strong>los actores locales del Bassin de Arcachon<\/strong>, ya sean del sector tur\u00edstico o agr\u00edcola, se movilizan con pasi\u00f3n para promover <strong>pr\u00e1cticas sustentables y responsables.<\/strong> Sus esfuerzos combinados hacen posible <strong>Descubra el Bassin de otra manera, con una mirada m\u00e1s atenta y respetuosa hacia esta naturaleza preservada.\u00a0<\/strong><\/p>\n<\/div><\/div>\n\n\n\n<h2 class=\"wp-block-heading\"><strong> Movilizaci\u00f3n colectiva<\/strong><\/h2>\n\n\n\n<div class=\"wp-block-uagb-container uagb-block-1aab4f29 alignfull uagb-is-root-container\"><div class=\"uagb-container-inner-blocks-wrap\">\n<div class=\"wp-block-uagb-container uagb-block-9a7d9ca5\">\n<figure class=\"wp-block-image size-full\"><img loading=\"lazy\" decoding=\"async\" width=\"1024\" height=\"1024\" src=\"https:\/\/bassin-arcachon.com\/wp-content\/uploads\/2024\/09\/IMG_0071-1024x1024-1.jpg\" alt=\"Plantas en un invernadero situado en la comuna de Biganos llamada Serre \u00d4 D\u00e9lices\" class=\"wp-image-59033\" title=\"- - Bassin d&#039;Arcachon\" srcset=\"https:\/\/bassin-arcachon.com\/wp-content\/uploads\/2024\/09\/IMG_0071-1024x1024-1.jpg 1024w, https:\/\/bassin-arcachon.com\/wp-content\/uploads\/2024\/09\/IMG_0071-1024x1024-1-600x600.jpg 600w, https:\/\/bassin-arcachon.com\/wp-content\/uploads\/2024\/09\/IMG_0071-1024x1024-1-150x150.jpg 150w, https:\/\/bassin-arcachon.com\/wp-content\/uploads\/2024\/09\/IMG_0071-1024x1024-1-768x768.jpg 768w, https:\/\/bassin-arcachon.com\/wp-content\/uploads\/2024\/09\/IMG_0071-1024x1024-1-12x12.jpg 12w\" sizes=\"auto, (max-width: 1024px) 100vw, 1024px\" \/><figcaption class=\"wp-element-caption\">Serre \u00d4 D\u00e9lices<\/figcaption><\/figure>\n<\/div>\n\n\n\n<div class=\"wp-block-uagb-container uagb-block-d9eae3e2\">\n<p>El \u00e9xito de esta transici\u00f3n hacia el turismo sostenible depende de la cooperaci\u00f3n entre los diferentes actores de la regi\u00f3n.&nbsp;<\/p>\n\n\n\n<p>Oficinas de turismo, como\u00a0<a href=\"https:\/\/tourisme-coeurdubassin.com\/\" target=\"_blank\" rel=\"noreferrer noopener\"><strong>Coraz\u00f3n del Bassin<\/strong><\/a>\u00a0con un enfoque comprometido con el ecoturismo as\u00ed como\u00a0<strong><a href=\"https:\/\/www.arcachonecotours.com\/\" target=\"_blank\" rel=\"noopener\">Ecotours en Arcach\u00f3n<\/a><\/strong>\u00a0con un turismo de negocios eco-responsable e implicado en el territorio local; asociaciones medioambientales y empresas locales como la agencia\u00a0<strong><a href=\"https:\/\/www.khapevent.fr\/\" target=\"_blank\" rel=\"noopener\">Evento Khap<\/a><\/strong>\u00a0con un verdadero enfoque de RSC, trabajar de la mano para ofrecer actividades respetuosas con el medio ambiente.\u00a0<\/p>\n<\/div>\n<\/div><\/div>\n\n\n\n<div class=\"wp-block-uagb-container uagb-block-5d925c03 alignfull uagb-is-root-container\"><div class=\"uagb-container-inner-blocks-wrap\">\n<h2 class=\"wp-block-heading\"><strong>Conciencia y permacultura<\/strong><\/h2>\n<\/div><\/div>\n\n\n\n<div class=\"wp-block-uagb-container uagb-block-a94764c0 alignfull uagb-is-root-container\"><div class=\"uagb-container-inner-blocks-wrap\">\n<div class=\"wp-block-uagb-container uagb-block-c4ed16a9\">\n<p>El \u00e9xito de esta transici\u00f3n hacia <strong>turismo sostenible<\/strong> descansa sobre el <strong>cooperaci\u00f3n entre los diferentes actores del territorio.\u00a0<\/strong><\/p>\n\n\n\n<p>Para fomentar las buenas pr\u00e1cticas, <strong>La Bassin de Arcachon se centra en la sensibilizaci\u00f3n.\u00a0<\/strong><\/p>\n\n\n\n<p>Desde<strong> talleres de permacultura<\/strong> se organizan regularmente para <strong>residentes y visitantes<\/strong> para que todos puedan aprender<strong> acciones eco-responsables <\/strong>y f\u00e1cil de adoptar a diario.<\/p>\n<\/div>\n\n\n\n<div class=\"wp-block-uagb-container uagb-block-0d290386\">\n<figure class=\"wp-block-image size-full\"><img loading=\"lazy\" decoding=\"async\" width=\"1024\" height=\"1024\" src=\"https:\/\/bassin-arcachon.com\/wp-content\/uploads\/2024\/09\/IMG_0088-1024x1024-1.jpg\" alt=\"Una mariposa sobre una planta en el invernadero de Biganos. \" class=\"wp-image-59036\" title=\"- - Bassin d&#039;Arcachon\" srcset=\"https:\/\/bassin-arcachon.com\/wp-content\/uploads\/2024\/09\/IMG_0088-1024x1024-1.jpg 1024w, https:\/\/bassin-arcachon.com\/wp-content\/uploads\/2024\/09\/IMG_0088-1024x1024-1-600x600.jpg 600w, https:\/\/bassin-arcachon.com\/wp-content\/uploads\/2024\/09\/IMG_0088-1024x1024-1-150x150.jpg 150w, https:\/\/bassin-arcachon.com\/wp-content\/uploads\/2024\/09\/IMG_0088-1024x1024-1-768x768.jpg 768w, https:\/\/bassin-arcachon.com\/wp-content\/uploads\/2024\/09\/IMG_0088-1024x1024-1-12x12.jpg 12w\" sizes=\"auto, (max-width: 1024px) 100vw, 1024px\" \/><figcaption class=\"wp-element-caption\">Serre \u00d4 D\u00e9lices<\/figcaption><\/figure>\n<\/div>\n<\/div><\/div>\n\n\n\n<figure class=\"wp-block-image size-full\"><img loading=\"lazy\" decoding=\"async\" width=\"1024\" height=\"768\" src=\"https:\/\/bassin-arcachon.com\/wp-content\/uploads\/2024\/09\/IMG_8964-1024x768-1.jpg\" alt=\"Un hombre en un campo cultivando hortalizas.\" class=\"wp-image-59037\" title=\"- - Bassin d&#039;Arcachon\" srcset=\"https:\/\/bassin-arcachon.com\/wp-content\/uploads\/2024\/09\/IMG_8964-1024x768-1.jpg 1024w, https:\/\/bassin-arcachon.com\/wp-content\/uploads\/2024\/09\/IMG_8964-1024x768-1-600x450.jpg 600w, https:\/\/bassin-arcachon.com\/wp-content\/uploads\/2024\/09\/IMG_8964-1024x768-1-768x576.jpg 768w, https:\/\/bassin-arcachon.com\/wp-content\/uploads\/2024\/09\/IMG_8964-1024x768-1-16x12.jpg 16w\" sizes=\"auto, (max-width: 1024px) 100vw, 1024px\" \/><figcaption class=\"wp-element-caption\">BardoBio<\/figcaption><\/figure>\n\n\n\n<h2 class=\"wp-block-heading\"><strong>\u00bfQu\u00e9 es la permacultura?<\/strong><\/h2>\n\n\n\n<div class=\"wp-block-uagb-container uagb-block-48c8c974 alignfull uagb-is-root-container\"><div class=\"uagb-container-inner-blocks-wrap\">\n<p>Es un m\u00e9todo de cultivo que imita los ecosistemas naturales, promoviendo as\u00ed la biodiversidad y la salud del suelo.&nbsp;<\/p>\n<\/div><\/div>\n\n\n\n<div class=\"wp-block-uagb-container uagb-block-d9b0adc1 alignfull uagb-is-root-container\"><div class=\"uagb-container-inner-blocks-wrap\">\n<div class=\"wp-block-uagb-container uagb-block-8445589e\">\n<figure class=\"wp-block-image size-full\"><img loading=\"lazy\" decoding=\"async\" width=\"768\" height=\"576\" src=\"https:\/\/bassin-arcachon.com\/wp-content\/uploads\/2024\/09\/IMG_8838-edited-1-1-768x576-1.jpg\" alt=\"Un invernadero lleno de verduras, incluidos tomates.\" class=\"wp-image-59039\" title=\"- - Bassin d&#039;Arcachon\" srcset=\"https:\/\/bassin-arcachon.com\/wp-content\/uploads\/2024\/09\/IMG_8838-edited-1-1-768x576-1.jpg 768w, https:\/\/bassin-arcachon.com\/wp-content\/uploads\/2024\/09\/IMG_8838-edited-1-1-768x576-1-600x450.jpg 600w, https:\/\/bassin-arcachon.com\/wp-content\/uploads\/2024\/09\/IMG_8838-edited-1-1-768x576-1-16x12.jpg 16w\" sizes=\"auto, (max-width: 768px) 100vw, 768px\" \/><figcaption class=\"wp-element-caption\">Huerta de Lant\u00f3n<\/figcaption><\/figure>\n<\/div>\n\n\n\n<div class=\"wp-block-uagb-container uagb-block-8596149a\">\n<figure class=\"wp-block-image size-full\"><img loading=\"lazy\" decoding=\"async\" width=\"1024\" height=\"768\" src=\"https:\/\/bassin-arcachon.com\/wp-content\/uploads\/2024\/09\/IMG_9109-1024x768-1.jpg\" alt=\"Campos de hortalizas\" class=\"wp-image-59040\" title=\"- - Bassin d&#039;Arcachon\" srcset=\"https:\/\/bassin-arcachon.com\/wp-content\/uploads\/2024\/09\/IMG_9109-1024x768-1.jpg 1024w, https:\/\/bassin-arcachon.com\/wp-content\/uploads\/2024\/09\/IMG_9109-1024x768-1-600x450.jpg 600w, https:\/\/bassin-arcachon.com\/wp-content\/uploads\/2024\/09\/IMG_9109-1024x768-1-768x576.jpg 768w, https:\/\/bassin-arcachon.com\/wp-content\/uploads\/2024\/09\/IMG_9109-1024x768-1-16x12.jpg 16w\" sizes=\"auto, (max-width: 1024px) 100vw, 1024px\" \/><figcaption class=\"wp-element-caption\">BardoBio<\/figcaption><\/figure>\n<\/div>\n<\/div><\/div>\n\n\n\n<div class=\"wp-block-uagb-container uagb-block-212b8e2c alignfull uagb-is-root-container\"><div class=\"uagb-container-inner-blocks-wrap\">\n<p>Por ello se organizan numerosos talleres en<strong> &quot;\u00a0<a href=\"https:\/\/lepotagerdelanton.fr\/\" target=\"_blank\" rel=\"noopener\">Huerta de Lant\u00f3n<\/a>\u00a0\u00bb <\/strong>as\u00ed como <a href=\"https:\/\/tvba.fr\/bardobio-la-ferme-100-permaculture\/\" target=\"_blank\" rel=\"noopener\"><strong>\u201cBardobio\u201d<\/strong><\/a> descubrir y practicar m\u00e9todos agr\u00edcolas sostenibles. Estos lugares luego se convierten <strong>oasis de serenidad y aprendizaje<\/strong>, donde cada gesto contribuye a la preservaci\u00f3n de este entorno.\u00a0<\/p>\n<\/div><\/div>\n\n\n\n<h2 class=\"wp-block-heading\"><strong>Agricultura sostenible y ecol\u00f3gica<\/strong><\/h2>\n\n\n\n<div class=\"wp-block-uagb-container uagb-block-648a3ce0 alignfull uagb-is-root-container\"><div class=\"uagb-container-inner-blocks-wrap\">\n<div class=\"wp-block-uagb-container uagb-block-1463a43c\">\n<p>en un <strong>enfoque para la preservaci\u00f3n del medio ambiente,<\/strong> Desde 2010, y mucho antes de las obligaciones legales, los municipios del Bassin de Arcachon, as\u00ed como numerosos actores del territorio, han participado en <strong><a href=\"https:\/\/www.siba-bassin-arcachon.fr\/qualite-de-l-eau\/zero-pesticide\" target=\"_blank\" rel=\"noopener\">el enfoque de cero pesticidas.<\/a><\/strong><\/p>\n\n\n\n<p>En efecto, los municipios del Bassin se comprometen a <strong>mantener espacios verdes<\/strong> as\u00ed como el <strong>Carreteras de forma responsable, suave y sin pesticidas.<\/strong>. Este enfoque permite a la <strong>protecci\u00f3n de la calidad del agua y preservaci\u00f3n de la salud<\/strong> habitantes y ecosistemas.\u00a0<\/p>\n<\/div>\n\n\n\n<div class=\"wp-block-uagb-container uagb-block-713e84b8\">\n<figure class=\"wp-block-image size-full\"><img loading=\"lazy\" decoding=\"async\" width=\"1024\" height=\"1024\" src=\"https:\/\/bassin-arcachon.com\/wp-content\/uploads\/2024\/09\/IMG_8825-1024x1024-1.jpg\" alt=\"Plantas de berenjena creciendo\" class=\"wp-image-59043\" title=\"- - Bassin d&#039;Arcachon\" srcset=\"https:\/\/bassin-arcachon.com\/wp-content\/uploads\/2024\/09\/IMG_8825-1024x1024-1.jpg 1024w, https:\/\/bassin-arcachon.com\/wp-content\/uploads\/2024\/09\/IMG_8825-1024x1024-1-600x600.jpg 600w, https:\/\/bassin-arcachon.com\/wp-content\/uploads\/2024\/09\/IMG_8825-1024x1024-1-150x150.jpg 150w, https:\/\/bassin-arcachon.com\/wp-content\/uploads\/2024\/09\/IMG_8825-1024x1024-1-768x768.jpg 768w, https:\/\/bassin-arcachon.com\/wp-content\/uploads\/2024\/09\/IMG_8825-1024x1024-1-12x12.jpg 12w\" sizes=\"auto, (max-width: 1024px) 100vw, 1024px\" \/><figcaption class=\"wp-element-caption\">Huerta de Lant\u00f3n<br><\/figcaption><\/figure>\n<\/div>\n<\/div><\/div>\n\n\n\n<div class=\"wp-block-uagb-container uagb-block-d95cde47 alignfull uagb-is-root-container\"><div class=\"uagb-container-inner-blocks-wrap\">\n<figure class=\"wp-block-image size-full\"><img loading=\"lazy\" decoding=\"async\" width=\"768\" height=\"576\" src=\"https:\/\/bassin-arcachon.com\/wp-content\/uploads\/2024\/09\/IMG_0137-edited-1-768x576-1.jpg\" alt=\"Cyril, el jefe de Serre \u00d4 D\u00e9lices que instala macetas\" class=\"wp-image-59045\" title=\"- - Bassin d&#039;Arcachon\" srcset=\"https:\/\/bassin-arcachon.com\/wp-content\/uploads\/2024\/09\/IMG_0137-edited-1-768x576-1.jpg 768w, https:\/\/bassin-arcachon.com\/wp-content\/uploads\/2024\/09\/IMG_0137-edited-1-768x576-1-600x450.jpg 600w, https:\/\/bassin-arcachon.com\/wp-content\/uploads\/2024\/09\/IMG_0137-edited-1-768x576-1-16x12.jpg 16w\" sizes=\"auto, (max-width: 768px) 100vw, 768px\" \/><figcaption class=\"wp-element-caption\">Serre \u00d4 D\u00e9lices<\/figcaption><\/figure>\n<\/div><\/div>\n\n\n\n<p>Organizaciones locales como la <a href=\"https:\/\/www.siba-bassin-arcachon.fr\/\" target=\"_blank\" rel=\"noopener\"><strong>SIBA<\/strong><\/a>, tambi\u00e9n se comprometen a alentar y apoyar a los residentes en estos enfoques m\u00e1s responsables. Por ejemplo &quot;\u00a0<a href=\"https:\/\/www.siba-bassin-arcachon.fr\/qualite-de-leau\/rempar\/diminuer-notre-empreinte\/guide-accueillir-la-biodiversite-dans-les-jardins\" target=\"_blank\" rel=\"noopener\"><strong>Una gu\u00eda para la biodiversidad.<\/strong><\/a>\u00a0\u00bb fue creado para <strong>sensibilizar e informar a los vecinos sobre buenas pr\u00e1cticas a adoptar.\u00a0<\/strong><\/p>\n\n\n\n<p>Para obtener m\u00e1s informaci\u00f3n y saber c\u00f3mo participar, visite\u00a0<strong><a href=\"https:\/\/www.siba-bassin-arcachon.fr\/qualite-de-leau\/rempar\/diminuer-notre-empreinte\/guide-accueillir-la-biodiversite-dans-les-jardins\" target=\"_blank\" rel=\"noreferrer noopener\">El libro de la biodiversidad.<\/a>\u00a0<\/strong>de SIBA.<\/p>\n\n\n\n<p><\/p>\n\n\n\n<h2 class=\"wp-block-heading\"><strong>Turismo responsable<\/strong><\/h2>\n\n\n\n<div class=\"wp-block-uagb-container uagb-block-e3c85e86 alignfull uagb-is-root-container\"><div class=\"uagb-container-inner-blocks-wrap\">\n<div class=\"wp-block-uagb-container uagb-block-40db4ea6\">\n<figure class=\"wp-block-image size-full\"><img loading=\"lazy\" decoding=\"async\" width=\"1024\" height=\"1024\" src=\"https:\/\/bassin-arcachon.com\/wp-content\/uploads\/2024\/09\/IMG_8768-1-1024x1024-1.jpg\" alt=\"Caballos en un campo\" class=\"wp-image-59047\" title=\"- - Bassin d&#039;Arcachon\" srcset=\"https:\/\/bassin-arcachon.com\/wp-content\/uploads\/2024\/09\/IMG_8768-1-1024x1024-1.jpg 1024w, https:\/\/bassin-arcachon.com\/wp-content\/uploads\/2024\/09\/IMG_8768-1-1024x1024-1-600x600.jpg 600w, https:\/\/bassin-arcachon.com\/wp-content\/uploads\/2024\/09\/IMG_8768-1-1024x1024-1-150x150.jpg 150w, https:\/\/bassin-arcachon.com\/wp-content\/uploads\/2024\/09\/IMG_8768-1-1024x1024-1-768x768.jpg 768w, https:\/\/bassin-arcachon.com\/wp-content\/uploads\/2024\/09\/IMG_8768-1-1024x1024-1-12x12.jpg 12w\" sizes=\"auto, (max-width: 1024px) 100vw, 1024px\" \/><figcaption class=\"wp-element-caption\">Huerta de Lant\u00f3n<\/figcaption><\/figure>\n<\/div>\n\n\n\n<div class=\"wp-block-uagb-container uagb-block-1243828f\">\n<p>Los <strong>Agentes tur\u00edsticos en el Bassin de Arcachon.<\/strong> son cada vez m\u00e1s numerosos <strong>adoptar pr\u00e1cticas sostenibles para minimizar el impacto de la actividad en el medio ambiente.\u00a0<\/strong><\/p>\n\n\n\n<p>Muchas actividades est\u00e1n disponibles en el Bassin para fomentar <strong>su descubrimiento con suave movilidad:\u00a0<\/strong><\/p>\n<\/div>\n<\/div><\/div>\n\n\n\n<div class=\"wp-block-uagb-container uagb-block-e8e8a20e alignfull uagb-is-root-container\"><div class=\"uagb-container-inner-blocks-wrap\">\n<ul class=\"wp-block-list\">\n<li><strong>Descenso del Leyre en canoa-kayak<\/strong>\u00a0para deslizarse suavemente sobre las aguas, inmerso en la tranquilidad de los paisajes y el canto de los p\u00e1jaros.<br><\/li>\n\n\n\n<li><strong>320 kil\u00f3metros de carriles bici<\/strong>\u00a0para cruzar la Bassin de Arcachon y pedalear por senderos sombreados, con el viento del mar como \u00fanico compa\u00f1ero.<br><\/li>\n\n\n\n<li><strong>Visitas guiadas y comentadas<\/strong>\u00a0organizado por las oficinas de turismo para descubrir y disfrutar de lugares naturales como la Duna de Pilat, el Banco de Arguin, la Isla de los P\u00e1jaros...<br><\/li>\n\n\n\n<li><strong>Agencias receptivas\u00a0<\/strong>como\u00a0<a href=\"https:\/\/www.arcachonecotours.com\/\" target=\"_blank\" rel=\"noreferrer noopener\">Ecoturismo Arcach\u00f3n<\/a>s o\u00a0<a href=\"https:\/\/www.khapevent.fr\/\" target=\"_blank\" rel=\"noreferrer noopener\">KhapEvento<\/a>\u00a0descubrir el Bassin de Arcachon de forma eco-responsable\u00a0<\/li>\n<\/ul>\n\n\n\n<p>Todas estas pr\u00e1cticas permiten as\u00ed promover una<strong> turismo generativo y regeneraci\u00f3n de ecosistemas.<\/strong> Todas estas actividades las podr\u00e1s encontrar en nuestro <strong><a href=\"https:\/\/www.calameo.com\/read\/000024421aa7e5a3e7faf\" target=\"_blank\" rel=\"noopener\">gu\u00eda de ocio y actividades<\/a><\/strong>, o en nuestra aplicaci\u00f3n m\u00f3vil <strong>Bassin de Arcach\u00f3n<\/strong> disponible en <a href=\"https:\/\/bassin-arcachon.com\/es\/descarga-nuestra-aplicacion\/\"><strong>Apple<\/strong><\/a> &amp; <strong><a href=\"https:\/\/play.google.com\/store\/apps\/details?id=com.youteam.sibav2&amp;hl=fr\" target=\"_blank\" rel=\"noopener\">GooglePlay<\/a>.<\/strong> <\/p>\n\n\n\n<p><\/p>\n<\/div><\/div>\n\n\n\n<h2 class=\"wp-block-heading\"><strong>Iniciativas locales<\/strong><\/h2>\n\n\n\n<div class=\"wp-block-uagb-container uagb-block-f5af7b8e alignfull uagb-is-root-container\"><div class=\"uagb-container-inner-blocks-wrap\">\n<p>Aqu\u00ed hay una lista no exhaustiva de <strong>principales iniciativas y actores locales <\/strong>participando en esta din\u00e1mica. No dudes en contarnos tus propias iniciativas, estaremos encantados de a\u00f1adirlas \ud83d\ude42\u00a0<\/p>\n\n\n\n<p><strong>Arcachon<\/strong><\/p>\n\n\n\n<ul class=\"wp-block-list\">\n<li><strong>Jard\u00edn Dulas:<\/strong> Jard\u00edn de permacultura compartido, visitas y talleres.\u00a0<a href=\"https:\/\/www.facebook.com\/jardindulasarcachon\/?locale=fr_FR\" target=\"_blank\" rel=\"noreferrer noopener\"><strong>P\u00e1gina de facebook<\/strong><\/a><\/li>\n\n\n\n<li><strong>Arcacrok: <\/strong>Primeur con parte org\u00e1nica.\u00a0<a href=\"https:\/\/primeurarcacrok.fr\/\" target=\"_blank\" rel=\"noreferrer noopener\"><strong>Sitio web<\/strong><\/a><\/li>\n\n\n\n<li><strong>Jard\u00edn compartido de las 4 estaciones:<\/strong> Talleres de plantaci\u00f3n y jardiner\u00eda, socios de la marca Bassin en Arcachon.\u00a0<a href=\"https:\/\/www.ville-arcachon.fr\/centre-social\/\" target=\"_blank\" rel=\"noreferrer noopener\"><strong>Sitio web<\/strong><\/a><\/li>\n<\/ul>\n\n\n\n<p><strong>La Teste de Buch<\/strong><\/p>\n\n\n\n<ul class=\"wp-block-list\">\n<li><strong>Tan org\u00e1nico:<\/strong> Cortocircuitos, productos org\u00e1nicos.<strong>\u00a0<a href=\"https:\/\/www.sobio.fr\/magasin\/so-bio-la-teste-de-buch\" target=\"_blank\" rel=\"noreferrer noopener\">Sitio web<\/a><\/strong><\/li>\n\n\n\n<li><strong>BioCoop:<\/strong> Productos org\u00e1nicos, comercio justo.<strong>\u00a0<a href=\"https:\/\/www.biocoop-latestedebuch.fr\/\" target=\"_blank\" rel=\"noreferrer noopener\">Sitio web<\/a><\/strong><\/li>\n\n\n\n<li><strong>Agua Viva: <\/strong>Agricultura ecol\u00f3gica, productos locales y de temporada.\u00a0<a href=\"https:\/\/www.eau-vive.com\/\" target=\"_blank\" rel=\"noreferrer noopener\"><strong>Sitio web<\/strong><\/a><\/li>\n\n\n\n<li><strong>La vida clara: <\/strong>Agricultura ecol\u00f3gica.<strong>\u00a0<a href=\"https:\/\/www.epiceriebiolateste.fr\/\" target=\"_blank\" rel=\"noreferrer noopener\">Sitio web<\/a><\/strong><\/li>\n<\/ul>\n\n\n\n<p><strong>Gujan-Mestras<\/strong><\/p>\n\n\n\n<ul class=\"wp-block-list\">\n<li><strong>Jard\u00edn Gourmet: <\/strong>Vivero org\u00e1nico y arom\u00e1tico, huerto compartido, verduras de temporada.\u00a0<a href=\"https:\/\/jardin-bio-gujan.fr\/\" target=\"_blank\" rel=\"noreferrer noopener\"><strong>Sitio web<\/strong><\/a><\/li>\n\n\n\n<li><strong>La BIOS de Bassin: <\/strong>Tienda de alimentaci\u00f3n ecol\u00f3gica, verduler\u00eda, colaboradora de la marca Bassin en Arcachon.\u00a0<a href=\"https:\/\/lesbiodubassin.com\/3420\/epicerie-bio-gujan-mestras-primeur-viande-panier-en-ligne.html\" target=\"_blank\" rel=\"noreferrer noopener\"><strong>Sitio web<\/strong><\/a><\/li>\n\n\n\n<li>Jardines compartidos (Chante Cigale): Permacultura.\u00a0<a href=\"https:\/\/ville-gujanmestras.fr\/mon-quotidien-2\/environnement-developpement-durable\/biodiversite\/jardins-partages\/\" target=\"_blank\" rel=\"noreferrer noopener\"><strong>P\u00e1gina web<\/strong><\/a><\/li>\n\n\n\n<li><strong>El mercado de Leopoldo: <\/strong>Cortocircuito org\u00e1nico.\u00a0<a href=\"https:\/\/www.leopold.fr\/?utm_source=gmb\" target=\"_blank\" rel=\"noreferrer noopener\"><strong>Sitio web<\/strong><\/a><\/li>\n\n\n\n<li><strong>Ferme San Enrique: <\/strong>Finca familiar, circuito corto, taller de recolecci\u00f3n.\u00a0<a href=\"https:\/\/www.fermesainthenri.fr\/\" target=\"_blank\" rel=\"noreferrer noopener\"><strong>Sitio web<\/strong><\/a><\/li>\n\n\n\n<li><strong>Bardobio: <\/strong>Granja, taller de permacultura, canasta de verduras.\u00a0<strong><a href=\"tel:06%2081%2050%2034%2014\" target=\"_blank\" rel=\"noreferrer noopener\">06 81 50 34 14<\/a>\u00a0<\/strong><\/li>\n<\/ul>\n\n\n\n<p><strong>Le Teich<\/strong><\/p>\n\n\n\n<ul class=\"wp-block-list\">\n<li><strong>Teich y usted:<\/strong> Organiza Le P&#039;tit Mercat, agricultores ecol\u00f3gicos y agricultura sostenible.\u00a0<a href=\"https:\/\/www.facebook.com\/leptitmercat\/?locale=fr_FR\" target=\"_blank\" rel=\"noreferrer noopener\"><strong>P\u00e1gina de facebook<\/strong><\/a><\/li>\n<\/ul>\n\n\n\n<p><strong>De las fincas de Certes y Graveyron al delta del Leyre<\/strong><\/p>\n\n\n\n<ul class=\"wp-block-list\">\n<li><strong>La Serre \u00d4 D\u00e9lices:<\/strong> Plantas arom\u00e1ticas biol\u00f3gicas, viveros, ostras vegetales, socio de la marca Bassin en Arcachon.\u00a0<a href=\"https:\/\/mag.serreodelices.com\/\" target=\"_blank\" rel=\"noreferrer noopener\"><strong>Sitio web<\/strong><\/a><\/li>\n\n\n\n<li><strong>Tan org\u00e1nico: <\/strong>Cortocircuitos, productos org\u00e1nicos.\u00a0<a href=\"https:\/\/www.sobio.fr\/magasin\/so-bio-biganos\" target=\"_blank\" rel=\"noreferrer noopener\"><strong>Sitio web<\/strong><\/a><\/li>\n\n\n\n<li><strong>Jard\u00edn compartido en la escuela primaria Lac Vert:<\/strong> Jard\u00edn compartido.\u00a0<a href=\"https:\/\/tvba.fr\/biganos-lance-jardins-partages-2019\/\" target=\"_blank\" rel=\"noreferrer noopener\"><strong>P\u00e1gina web<\/strong><\/a><\/li>\n\n\n\n<li><strong>Los espacios de Gaia:<\/strong> Espacios de biodiversidad inspirados en los principios de la permacultura y la agricultura sustentable, talleres.\u00a0<a href=\"https:\/\/www.facebook.com\/lesespacesdegaia\/?locale=fr_FR\" target=\"_blank\" rel=\"noreferrer noopener\"><strong>P\u00e1gina de facebook<\/strong><\/a><\/li>\n\n\n\n<li><strong>Jard\u00edn compartido en el Parc du Pin:<\/strong> Jard\u00edn compartido.\u00a0<a href=\"https:\/\/tvba.fr\/plantation-darbres-dans-le-parc-du-pin-par-les-enfants-de-biganos\/?print=print\" target=\"_blank\" rel=\"noreferrer noopener\"><strong>P\u00e1gina web<\/strong><\/a><\/li>\n\n\n\n<li><strong>Jard\u00edn Mol\u00e8ne: <\/strong>Asociaci\u00f3n, talleres.\u00a0<a href=\"https:\/\/www.plantezcheznous.com\/evenements-jardin\/fete-des-jardins-de-la-molene\/\" target=\"_blank\" rel=\"noreferrer noopener\"><strong>P\u00e1gina web<\/strong><\/a><\/li>\n\n\n\n<li><strong>N\u00facleo AMAP de Bassin: <\/strong>Org\u00e1nico, \u201cLa cestita org\u00e1nica\u201d.<strong>\u00a0<a href=\"https:\/\/amapcoeurbassin.wixsite.com\/amap\" target=\"_blank\" rel=\"noreferrer noopener\">Sitio web<\/a><\/strong><\/li>\n<\/ul>\n\n\n\n<p><strong>a supprimer<\/strong><\/p>\n\n\n\n<ul class=\"wp-block-list\">\n<li><strong>Jardines compartidos en el barrio de Olivine: <\/strong>Jardines compartidos.\u00a0<a href=\"https:\/\/www.sudouest.fr\/gironde\/marcheprime\/marcheprime-des-jardins-partages-dans-le-quartier-de-l-olivine-10881936.php\" target=\"_blank\" rel=\"noreferrer noopener\"><strong>Art\u00edculo<\/strong><\/a><\/li>\n\n\n\n<li><strong>Jard\u00edn compartido de Biard:<\/strong> Jard\u00edn compartido.\u00a0<a href=\"https:\/\/www.facebook.com\/jardinsalimentaires\/\" target=\"_blank\" rel=\"noreferrer noopener\"><strong>P\u00e1gina de facebook<\/strong><\/a><\/li>\n\n\n\n<li><strong>AMAP <\/strong>(Asociaci\u00f3n para el Mantenimiento de la Agricultura Campesina):\u00a0<a href=\"https:\/\/www.amap-marcheprime.fr\/\" target=\"_blank\" rel=\"noreferrer noopener\"><strong>Sitio web<\/strong><\/a><\/li>\n\n\n\n<li><strong>Jueves AMAP:\u00a0<a href=\"https:\/\/amap-lesoliviers-marcheprime.jimdofree.com\/\" target=\"_blank\" rel=\"noreferrer noopener\">Sitio web<\/a><\/strong><\/li>\n\n\n\n<li><strong>Cestas de puerta AMAP Bassin:\u00a0<a href=\"https:\/\/www.amap-marcheprime.fr\/\" target=\"_blank\" rel=\"noreferrer noopener\">Sitio web<\/a><\/strong><\/li>\n<\/ul>\n\n\n\n<p><strong>el Coraz\u00f3n de la bah\u00eda<\/strong><\/p>\n\n\n\n<ul class=\"wp-block-list\">\n<li><strong>Certificados: <\/strong>Agricultura sostenible.\u00a0<a href=\"https:\/\/sophie-panonacle.fr\/visite-de-deux-fermes-basees-a-audenge-lanton\/\" target=\"_blank\" rel=\"noreferrer noopener\"><strong>Art\u00edculo<\/strong><\/a><\/li>\n\n\n\n<li><strong>Jard\u00edn compartido\/jardines familiares:<\/strong> socio de la marca Bassin de Arcachon.\u00a0<a href=\"https:\/\/coban-atlantique.fr\/remise-de-composteurs-aux-jardins-familiaux-daudenge\/\" target=\"_blank\" rel=\"noreferrer noopener\"><strong>P\u00e1gina web<\/strong><\/a><\/li>\n\n\n\n<li><strong>AMAP (Asociaci\u00f3n para el Mantenimiento de la Agricultura Campesina)<\/strong><\/li>\n<\/ul>\n\n\n\n<p><strong>Andernos<\/strong><\/p>\n\n\n\n<ul class=\"wp-block-list\">\n<li><strong>Jard\u00edn de Cuentos:<\/strong> Jard\u00edn compartido, talleres de permacultura.<strong>\u00a0<a href=\"https:\/\/tvba.fr\/un-atelier-de-permaculture-au-jardin-des-contes\/\" target=\"_blank\" rel=\"noreferrer noopener\">Art\u00edculo<\/a><\/strong><\/li>\n\n\n\n<li><strong>BioCoop: <\/strong>Productos org\u00e1nicos, comercio justo.\u00a0<strong><a href=\"https:\/\/www.biocoop-andernos.fr\/\" target=\"_blank\" rel=\"noreferrer noopener\">Sitio web<\/a>\u00a0<a href=\"https:\/\/www.facebook.com\/Andernos.les.Bains\/posts\/-le-jardin-des-contes-jardin-partag%C3%A9-cr%C3%A9%C3%A9-%C3%A0-linitiative-de-la-ville-dandernos-po\/1107967985932419\/\" target=\"_blank\" rel=\"noreferrer noopener\">P\u00e1gina de facebook<\/a><\/strong><\/li>\n<\/ul>\n\n\n\n<p><strong>a supprimer<\/strong><\/p>\n\n\n\n<ul class=\"wp-block-list\">\n<li><strong>El huerto de Lanton: P<\/strong>rehenes, permacultura, agricultura biol\u00f3gica, horticultura, talleres de recolecci\u00f3n, socio de la marca Bassin en Arcachon.\u00a0<a href=\"https:\/\/lepotagerdelanton.fr\/\" target=\"_blank\" rel=\"noreferrer noopener\"><strong>Sitio web<\/strong><\/a><\/li>\n\n\n\n<li><strong>Los Jardines de VYMM:<\/strong> Horticultores, agricultura sostenible y ecol\u00f3gica, taller de recolecci\u00f3n.\u00a0<a href=\"https:\/\/www.facebook.com\/Lesjardinsdevymm\/?locale=fr_FR\" target=\"_blank\" rel=\"noreferrer noopener\"><strong>P\u00e1gina de facebook<\/strong><\/a><\/li>\n\n\n\n<li><strong>La cafeter\u00eda del jard\u00edn: <\/strong>Huerto compartido, huerto colectivo.\u00a0<a href=\"https:\/\/www.mairie-lanton.fr\/le-cafe-jardin-de-lanton-rejoignez-laventure\/\" target=\"_blank\" rel=\"noreferrer noopener\"><strong>P\u00e1gina web<\/strong><\/a><\/li>\n\n\n\n<li><strong> AMAP Les Agues (Asociaci\u00f3n para el Mantenimiento de la Agricultura Campesina)<\/strong><\/li>\n<\/ul>\n\n\n\n<p><strong>Ares<\/strong><\/p>\n\n\n\n<ul class=\"wp-block-list\">\n<li><strong>S\u00e8me: Tienda org\u00e1nica (tambi\u00e9n disponible para ordenar en Andernos).\u00a0<a href=\"https:\/\/onseme.bio\/\" target=\"_blank\" rel=\"noreferrer noopener\">Sitio web<\/a><\/strong><\/li>\n\n\n\n<li><strong>Jard\u00edn compartido Chemin des Lapins: <\/strong>Permacultura, talleres.<strong>\u00a0<a href=\"https:\/\/asso-semoperma.fr\/ville\/\" target=\"_blank\" rel=\"noreferrer noopener\">P\u00e1gina web<\/a><\/strong><\/li>\n\n\n\n<li><strong>La P&#039;tite Halle: Org\u00e1nica.\u00a0<a href=\"https:\/\/www.laptitehalle.fr\/\" target=\"_blank\" rel=\"noreferrer noopener\">Sitio web<\/a><\/strong><\/li>\n\n\n\n<li><strong>Ubicaci\u00f3n: <\/strong>unidad de agricultores, agricultura local, cortocircuito:<strong>\u00a0<a href=\"https:\/\/locavor.fr\/200-locavor-ares\" target=\"_blank\" rel=\"noreferrer noopener\">P\u00e1gina web<\/a><\/strong><\/li>\n<\/ul>\n\n\n\n<p><strong>Buque faro Cap Ferret<\/strong><\/p>\n\n\n\n<ul class=\"wp-block-list\">\n<li><strong>La P&#039;tite Halle<\/strong> : Org\u00e1nico.\u00a0<a href=\"https:\/\/www.laptitehalle.fr\/\" target=\"_blank\" rel=\"noreferrer noopener\"><strong>Sitio web<\/strong><\/a><\/li>\n\n\n\n<li><strong>Los talleres de La Cabane du Canon:<\/strong> Talleres.\u00a0<a href=\"https:\/\/moncapferret.fr\/ateliers-de-la-cabane-a-lege-cap-ferret-programme-ecologique-et-convivial-pour-les-habitants\/\" target=\"_blank\" rel=\"noreferrer noopener\"><strong>P\u00e1gina web<\/strong><\/a><\/li>\n\n\n\n<li><strong>La colmena que dice s\u00ed:\u00a0<a href=\"https:\/\/laruchequiditoui.fr\/fr-FR\/assemblies\/13198\" target=\"_blank\" rel=\"noreferrer noopener\">P\u00e1gina web<\/a><\/strong><\/li>\n<\/ul>\n<\/div><\/div>","protected":false},"excerpt":{"rendered":"<p>Depuis plusieurs ann\u00e9es, les acteurs locaux du Bassin d\u2019Arcachon, qu\u2019ils soient du secteur touristique ou agricole, se mobilisent avec passion pour promouvoir des pratiques durables et responsables. Leurs efforts combin\u00e9s [&hellip;]<\/p>\n","protected":false},"author":25,"featured_media":59052,"comment_status":"closed","ping_status":"open","sticky":false,"template":"","format":"standard","meta":{"_acf_changed":false,"_uag_custom_page_level_css":"","footnotes":""},"categories":[2129],"tags":[2138,2139,2141,2140],"class_list":["post-59031","post","type-post","status-publish","format-standard","has-post-thumbnail","hentry","category-nature-art-de-vivre","tag-durable","tag-ecotourisme","tag-regeneratif","tag-slowtourism"],"acf":[],"uagb_featured_image_src":{"full":["https:\/\/bassin-arcachon.com\/wp-content\/uploads\/2024\/09\/20160531_HD_Domaine-de-Certes_CASSIAU-10-scaled.jpg",2560,1707,false],"thumbnail":["https:\/\/bassin-arcachon.com\/wp-content\/uploads\/2024\/09\/20160531_HD_Domaine-de-Certes_CASSIAU-10-scaled-150x150.jpg",150,150,true],"medium":["https:\/\/bassin-arcachon.com\/wp-content\/uploads\/2024\/09\/20160531_HD_Domaine-de-Certes_CASSIAU-10-scaled-600x400.jpg",600,400,true],"medium_large":["https:\/\/bassin-arcachon.com\/wp-content\/uploads\/2024\/09\/20160531_HD_Domaine-de-Certes_CASSIAU-10-scaled-768x512.jpg",768,512,true],"large":["https:\/\/bassin-arcachon.com\/wp-content\/uploads\/2024\/09\/20160531_HD_Domaine-de-Certes_CASSIAU-10-scaled-1024x683.jpg",1024,683,true],"1536x1536":["https:\/\/bassin-arcachon.com\/wp-content\/uploads\/2024\/09\/20160531_HD_Domaine-de-Certes_CASSIAU-10-scaled-1536x1024.jpg",1536,1024,true],"2048x2048":["https:\/\/bassin-arcachon.com\/wp-content\/uploads\/2024\/09\/20160531_HD_Domaine-de-Certes_CASSIAU-10-scaled-2048x1366.jpg",2048,1366,true],"trp-custom-language-flag":["https:\/\/bassin-arcachon.com\/wp-content\/uploads\/2024\/09\/20160531_HD_Domaine-de-Certes_CASSIAU-10-scaled-18x12.jpg",18,12,true]},"uagb_author_info":{"display_name":"Marie Clauzel","author_link":"https:\/\/bassin-arcachon.com\/es\/author\/mariesiba\/"},"uagb_comment_info":0,"uagb_excerpt":"Depuis plusieurs ann\u00e9es, les acteurs locaux du Bassin d\u2019Arcachon, qu\u2019ils soient du secteur touristique ou agricole, se mobilisent avec passion pour promouvoir des pratiques durables et responsables. Leurs efforts combin\u00e9s [&hellip;]","_links":{"self":[{"href":"https:\/\/bassin-arcachon.com\/es\/wp-json\/wp\/v2\/posts\/59031","targetHints":{"allow":["GET"]}}],"collection":[{"href":"https:\/\/bassin-arcachon.com\/es\/wp-json\/wp\/v2\/posts"}],"about":[{"href":"https:\/\/bassin-arcachon.com\/es\/wp-json\/wp\/v2\/types\/post"}],"author":[{"embeddable":true,"href":"https:\/\/bassin-arcachon.com\/es\/wp-json\/wp\/v2\/users\/25"}],"replies":[{"embeddable":true,"href":"https:\/\/bassin-arcachon.com\/es\/wp-json\/wp\/v2\/comments?post=59031"}],"version-history":[{"count":0,"href":"https:\/\/bassin-arcachon.com\/es\/wp-json\/wp\/v2\/posts\/59031\/revisions"}],"wp:featuredmedia":[{"embeddable":true,"href":"https:\/\/bassin-arcachon.com\/es\/wp-json\/wp\/v2\/media\/59052"}],"wp:attachment":[{"href":"https:\/\/bassin-arcachon.com\/es\/wp-json\/wp\/v2\/media?parent=59031"}],"wp:term":[{"taxonomy":"category","embeddable":true,"href":"https:\/\/bassin-arcachon.com\/es\/wp-json\/wp\/v2\/categories?post=59031"},{"taxonomy":"post_tag","embeddable":true,"href":"https:\/\/bassin-arcachon.com\/es\/wp-json\/wp\/v2\/tags?post=59031"}],"curies":[{"name":"wp","href":"https:\/\/api.w.org\/{rel}","templated":true}]}}