{"id":11241,"date":"2025-11-24T09:00:00","date_gmt":"2025-11-24T08:00:00","guid":{"rendered":"https:\/\/www.bassin-arcachon.com\/?p=11241"},"modified":"2026-01-06T10:40:17","modified_gmt":"2026-01-06T09:40:17","slug":"bacino-del-darcachon-di-intrattenimento-natalizio","status":"publish","type":"post","link":"https:\/\/bassin-arcachon.com\/it\/animations-de-noel-bassin-darcachon\/","title":{"rendered":"La magia del Natale su Bassin!"},"content":{"rendered":"<h2 class=\"wp-block-heading\"><span style=\"color: #000000;\">Approfitta anche quest&#039;anno dei mercatini e degli eventi di Natale al Bassin di Arcachon!<\/span><\/h2>\n\n\n\n<div class=\"wp-block-uagb-container uagb-block-80615034 alignfull uagb-is-root-container\"><div class=\"uagb-container-inner-blocks-wrap\"><\/div><\/div>\n\n\n\n<h2 class=\"wp-block-heading\"><strong>Arcachon<\/strong><\/h2>\n\n\n\n<h3 class=\"wp-block-heading\">Dal 13 dicembre al 4 gennaio 2026<strong><br><\/strong><\/h3>\n\n\n\n<div class=\"wp-block-uagb-container uagb-block-0e7dd1fa alignfull uagb-is-root-container\"><div class=\"uagb-container-inner-blocks-wrap\"><\/div><\/div>\n\n\n\n<div class=\"wp-block-uagb-container uagb-block-5fb36a30 alignfull uagb-is-root-container\"><div class=\"uagb-container-inner-blocks-wrap\">\n<p>\u2013 <strong>Sabato 14 dicembre<\/strong> alle 14:30, sulla spiaggia a sinistra del molo di Thiers, appuntamento per diverse attivit\u00e0: bagni di Natale a beneficio del telethon e arrivo di Babbo Natale in barca a vela. Nuoto di Natale a favore di Telethon: iscrizioni lo stesso giorno dalle 13:30 a sinistra del molo di Thiers \u2013 certificato medico obbligatorio.<\/p>\n\n\n\n<p>\u2013 Villaggio magico in Place des Marquises: prelibatezze salate e dolci, bevande irrinunciabili del Natale. Vendita di alberi di Natale e animazione nel pomeriggio.&nbsp;<\/p>\n\n\n\n<p>\u2013 Chalet Gourmand a Place Thiers!&nbsp;<\/p>\n\n\n\n<p>\u2013 Babbo Natale sar\u00e0 presente per un magico incontro tutti i giorni secondo i seguenti orari: <br>\u2022 <strong>Sabato 13 dicembre:<\/strong> Dalle 15:30 alle 20:00<br>\u2022 <strong>Domenica 14 dicembre: <\/strong>Dalle 10:30 alle 12:30 e dalle 14:00 alle 19:30<br>\u2022 <strong>Mercoled\u00ec 17 dicembre:<\/strong> Dalle 14:00 alle 19:00<br>\u2022 <strong>Dal 20 al 23 dicembre: <\/strong>Dalle 10:30 alle 12:30 e dalle 14:00 alle 19:30<br>\u2022 <strong>Marted\u00ec 24 dicembre:<\/strong> Dalle 10:30 alle 12:30 e dalle 14:00 alle 18:30<\/p>\n\n\n\n<p>\u2013 \u00c8 prevista anche una fiaccolata il<strong> sabato 20 dicembre<\/strong> con partenza dal chiosco del Parco Mauresque alle 18:30.<\/p>\n\n\n\n<p>\u2013 Spettacoli per tutti in Place des Marquises, all'Olympia, in rue Gambetta e rue de Lattre de Tassigny, stage artistici, laboratori creativi e karaoke alla Maison des Jeunes, concerti e spettacoli al MA.AT e l'Aiguillon festeggia il Natale con l'associazione dei commercianti dell'Aiguillon!<\/p>\n\n\n\n<p><a href=\"https:\/\/bassin-arcachon.com\/wp-content\/uploads\/2020\/07\/Programme-Noel-2025.pdf\">Pi\u00f9 informazioni<\/a><\/p>\n<\/div><\/div>\n\n\n\n<div class=\"wp-block-uagb-container uagb-block-0d5cf36a alignfull uagb-is-root-container\"><div class=\"uagb-container-inner-blocks-wrap\">\n<figure class=\"wp-block-image size-large\"><img loading=\"lazy\" decoding=\"async\" width=\"1024\" height=\"512\" src=\"https:\/\/bassin-arcachon.com\/wp-content\/uploads\/2024\/11\/Marche-de-Noel-Arcachon-1024x512.png\" alt=\"- - Bassin d&#039;Arcachon\" class=\"wp-image-190607\" title=\"- - Bassin d&#039;Arcachon\" srcset=\"https:\/\/bassin-arcachon.com\/wp-content\/uploads\/2024\/11\/Marche-de-Noel-Arcachon-1024x512.png 1024w, https:\/\/bassin-arcachon.com\/wp-content\/uploads\/2024\/11\/Marche-de-Noel-Arcachon-600x300.png 600w, https:\/\/bassin-arcachon.com\/wp-content\/uploads\/2024\/11\/Marche-de-Noel-Arcachon-768x384.png 768w, https:\/\/bassin-arcachon.com\/wp-content\/uploads\/2024\/11\/Marche-de-Noel-Arcachon-18x9.png 18w, https:\/\/bassin-arcachon.com\/wp-content\/uploads\/2024\/11\/Marche-de-Noel-Arcachon.png 1400w\" sizes=\"auto, (max-width: 1024px) 100vw, 1024px\" \/><figcaption class=\"wp-element-caption\">\u00a9 Melanny RODRIGUES<\/figcaption><\/figure>\n<\/div><\/div>\n\n\n\n<div class=\"wp-block-uagb-container uagb-block-a6de5d88 alignfull uagb-is-root-container\"><div class=\"uagb-container-inner-blocks-wrap\"><\/div><\/div>\n\n\n\n<hr class=\"wp-block-separator has-alpha-channel-opacity\"\/>\n\n\n\n<div class=\"wp-block-uagb-container uagb-block-2b6886ae alignfull uagb-is-root-container\"><div class=\"uagb-container-inner-blocks-wrap\"><\/div><\/div>\n\n\n\n<h2 class=\"wp-block-heading\"><strong>La Teste de Buch<\/strong><\/h2>\n\n\n\n<h3 class=\"wp-block-heading\">Dal 13 al 3 gennaio 2026<\/h3>\n\n\n\n<div class=\"wp-block-uagb-container uagb-block-f36a6da9 alignfull uagb-is-root-container\"><div class=\"uagb-container-inner-blocks-wrap\"><\/div><\/div>\n\n\n\n<div class=\"wp-block-uagb-container uagb-block-49a377bc alignfull uagb-is-root-container\"><div class=\"uagb-container-inner-blocks-wrap\">\n<p>\u2013 <strong>Villaggio di Natale: <\/strong>Pi\u00f9 di 20 chalet dove trovare idee regalo originali presso artigiani e creatori locali, gustare specialit\u00e0 stagionali e condividere momenti calorosi e golosi.<\/p>\n\n\n\n<p>Aperto tutti i giorni dalle 14:00 alle 21:00, Place Gambetta \u2013 con due fuochi d'artificio il 13 dicembre e il 3 gennaio alle 19:00.<\/p>\n\n\n\n<p>\u2013 <strong>Un programma unico:<\/strong><br>Serate speciali: venite a cantare con l'orchestra del Conservatorio di musica venerd\u00ec 19 dicembre<br><em>Il sabato<\/em>, spazio ai DJ Set: Le Balap prende le redini, Denver e Roller Disco con DJH!<\/p>\n\n\n\n<p>\u2013 Pista per slittini e pattini a rotelle.<\/p>\n<\/div><\/div>\n\n\n\n<div class=\"wp-block-uagb-container uagb-block-2ad26803 alignfull uagb-is-root-container\"><div class=\"uagb-container-inner-blocks-wrap\"><\/div><\/div>\n\n\n\n<h3 class=\"wp-block-heading\">Sabato 13 dicembre 2025<\/h3>\n\n\n\n<div class=\"wp-block-uagb-container uagb-block-9deca75e alignfull uagb-is-root-container\"><div class=\"uagb-container-inner-blocks-wrap\"><\/div><\/div>\n\n\n\n<div class=\"wp-block-uagb-container uagb-block-e0ea06af alignfull uagb-is-root-container\"><div class=\"uagb-container-inner-blocks-wrap\">\n<p>\u2013 Appuntamento al porto ostricolo di La Teste alle 14:00: Babbo Natale arriva in barca a vela, prima di sfilare in carrozza fino al Villaggio di Natale, accompagnato da un'animazione danzata dalla Danza Family!  DJ Set del Balap dalle 18:00 alle 22:00 per dare il via ai festeggiamenti. Alle 19:00, non perdetevi i fuochi d'artificio visibili dalla piazza!<\/p>\n\n\n\n<p><a href=\"https:\/\/tourisme-latestedebuch.com\/village-de-noel-2025-la-teste\" target=\"_blank\" rel=\"noopener\">Pi\u00f9 informazioni <br><\/a><\/p>\n<\/div><\/div>\n\n\n\n<div class=\"wp-block-uagb-container uagb-block-10c7e6ca alignfull uagb-is-root-container\"><div class=\"uagb-container-inner-blocks-wrap\"><\/div><\/div>\n\n\n\n<h2 class=\"wp-block-heading\"><strong>Cazaux<\/strong><\/h2>\n\n\n\n<h3 class=\"wp-block-heading\">Il 29 e 30 novembre 2025<\/h3>\n\n\n\n<div class=\"wp-block-uagb-container uagb-block-24b89549 alignfull uagb-is-root-container\"><div class=\"uagb-container-inner-blocks-wrap\"><\/div><\/div>\n\n\n\n<div class=\"wp-block-uagb-container uagb-block-fcb5d802 alignfull uagb-is-root-container\"><div class=\"uagb-container-inner-blocks-wrap\">\n<p>Appuntamento alla seconda edizione del Mercatino di Natale delle Musettes! <\/p>\n\n\n\n<p>In programma, un mercato (molto) goloso: <br>\u2022 Braciere, tartiflette, cialde e castagne <br>\u2022 Stand dei designer <br>\u2022 Concerti gratuiti<br>\u2022 Tombola<br>\u2022 Vendita di alberi di Natale<br>\u2022 Tatuaggi temporanei<br>\u2022 Laboratori e trucco gratuiti per i bambini. <br><br><strong>Sabato 29 novembre:<\/strong><br><br>\u2022 Elezione del maglione natalizio pi\u00f9 brutto: iscrizione preventiva <br><br><strong>Domenica 30 novembre: <\/strong><br><strong><br><\/strong>\u2022 Karaoke mobile dalle ore 16:00 + Concorso di tronchetti: iscrizione obbligatoria!<strong><br><br><\/strong><br><br><\/p>\n\n\n\n<p><a href=\"https:\/\/www.instagram.com\/_musettes\/?hl=fr\" target=\"_blank\" rel=\"noopener\">Pi\u00f9 informazioni <\/a><\/p>\n<\/div><\/div>\n\n\n\n<div class=\"wp-block-uagb-container uagb-block-83d4d5bd alignfull uagb-is-root-container\"><div class=\"uagb-container-inner-blocks-wrap\">\n<figure class=\"wp-block-image size-large\"><img loading=\"lazy\" decoding=\"async\" width=\"1024\" height=\"512\" src=\"https:\/\/bassin-arcachon.com\/wp-content\/uploads\/2024\/11\/Marche-de-Noel-de-La-Teste-de-Buch-1024x512.png\" alt=\"- - Bassin d&#039;Arcachon\" class=\"wp-image-190608\" title=\"- - Bassin d&#039;Arcachon\" srcset=\"https:\/\/bassin-arcachon.com\/wp-content\/uploads\/2024\/11\/Marche-de-Noel-de-La-Teste-de-Buch-1024x512.png 1024w, https:\/\/bassin-arcachon.com\/wp-content\/uploads\/2024\/11\/Marche-de-Noel-de-La-Teste-de-Buch-600x300.png 600w, https:\/\/bassin-arcachon.com\/wp-content\/uploads\/2024\/11\/Marche-de-Noel-de-La-Teste-de-Buch-768x384.png 768w, https:\/\/bassin-arcachon.com\/wp-content\/uploads\/2024\/11\/Marche-de-Noel-de-La-Teste-de-Buch-18x9.png 18w, https:\/\/bassin-arcachon.com\/wp-content\/uploads\/2024\/11\/Marche-de-Noel-de-La-Teste-de-Buch.png 1400w\" sizes=\"auto, (max-width: 1024px) 100vw, 1024px\" \/><figcaption class=\"wp-element-caption\">\u00a9 Melanny RODRIGUES<\/figcaption><\/figure>\n<\/div><\/div>\n\n\n\n<div class=\"wp-block-uagb-container uagb-block-1d28124b alignfull uagb-is-root-container\"><div class=\"uagb-container-inner-blocks-wrap\"><\/div><\/div>\n\n\n\n<hr class=\"wp-block-separator has-alpha-channel-opacity\"\/>\n\n\n\n<div class=\"wp-block-uagb-container uagb-block-d5c6989f alignfull uagb-is-root-container\"><div class=\"uagb-container-inner-blocks-wrap\"><\/div><\/div>\n\n\n\n<h2 class=\"wp-block-heading\"><strong>Gujan-Mestras<\/strong><\/h2>\n\n\n\n<h3 class=\"wp-block-heading\">6 e 7 dicembre 2025:&nbsp;<\/h3>\n\n\n\n<div class=\"wp-block-uagb-container uagb-block-de3901d6 alignfull uagb-is-root-container\"><div class=\"uagb-container-inner-blocks-wrap\"><\/div><\/div>\n\n\n\n<div class=\"wp-block-uagb-container uagb-block-77180784 alignfull uagb-is-root-container\"><div class=\"uagb-container-inner-blocks-wrap\">\n<p>Lasciatevi trasportare dalla magia del Natale nel cuore del pittoresco ed emblematico Port de Larros.<br>Oltre 50 bancarelle di artigiani, designer e associazioni, laboratori divertenti e creativi, cibo gourmet in loco e, naturalmente, un magico spettacolo pirotecnico! <br>Informazioni e prenotazione del mercato: OCA 06 70 07 00 24 o commerceartisanat@terraostra.com<\/p>\n\n\n\n<p><a href=\"https:\/\/bassin-arcachon.com\/wp-content\/uploads\/2020\/07\/Programme-Village-de-Noel-2025.pdf\" target=\"_blank\" rel=\"noreferrer noopener\">Pi\u00f9 informazioni<\/a><\/p>\n<\/div><\/div>\n\n\n\n<div class=\"wp-block-uagb-container uagb-block-eb717ab1 alignfull uagb-is-root-container\"><div class=\"uagb-container-inner-blocks-wrap\">\n<figure class=\"wp-block-image size-large\"><img loading=\"lazy\" decoding=\"async\" width=\"1024\" height=\"512\" src=\"https:\/\/bassin-arcachon.com\/wp-content\/uploads\/2024\/11\/Marche-de-Noel-Gujan-1024x512.png\" alt=\"- - Bassin d&#039;Arcachon\" class=\"wp-image-190609\" title=\"- - Bassin d&#039;Arcachon\" srcset=\"https:\/\/bassin-arcachon.com\/wp-content\/uploads\/2024\/11\/Marche-de-Noel-Gujan-1024x512.png 1024w, https:\/\/bassin-arcachon.com\/wp-content\/uploads\/2024\/11\/Marche-de-Noel-Gujan-600x300.png 600w, https:\/\/bassin-arcachon.com\/wp-content\/uploads\/2024\/11\/Marche-de-Noel-Gujan-768x384.png 768w, https:\/\/bassin-arcachon.com\/wp-content\/uploads\/2024\/11\/Marche-de-Noel-Gujan-18x9.png 18w, https:\/\/bassin-arcachon.com\/wp-content\/uploads\/2024\/11\/Marche-de-Noel-Gujan.png 1400w\" sizes=\"auto, (max-width: 1024px) 100vw, 1024px\" \/><figcaption class=\"wp-element-caption\">Sandra HYGONNENC<\/figcaption><\/figure>\n<\/div><\/div>\n\n\n\n<div class=\"wp-block-uagb-container uagb-block-34dd2fbc alignfull uagb-is-root-container\"><div class=\"uagb-container-inner-blocks-wrap\"><\/div><\/div>\n\n\n\n<hr class=\"wp-block-separator has-alpha-channel-opacity\"\/>\n\n\n\n<div class=\"wp-block-uagb-container uagb-block-df184d38 alignfull uagb-is-root-container\"><div class=\"uagb-container-inner-blocks-wrap\"><\/div><\/div>\n\n\n\n<h2 class=\"wp-block-heading\"><strong>Le Teich<\/strong><\/h2>\n\n\n\n<h3 class=\"wp-block-heading\">13 e 14 dicembre 2025<\/h3>\n\n\n\n<div class=\"wp-block-uagb-container uagb-block-705c6f01 alignfull uagb-is-root-container\"><div class=\"uagb-container-inner-blocks-wrap\"><\/div><\/div>\n\n\n\n<div class=\"wp-block-uagb-container uagb-block-fad6720e alignfull uagb-is-root-container\"><div class=\"uagb-container-inner-blocks-wrap\">\n<p><strong>Sabato 13 dicembre - dalle 10.00 alle 21.00<\/strong><br><br><strong>10h<\/strong> - Il Villaggio si apre con un coro e le voci gioiose dei bambini dei centri ricreativi e doposcuola della citt\u00e0, che suoneranno la magia del Natale!<br><br><strong>Dalle 10.30 alle 16.00.<\/strong> - Immergetevi ne \u00abLa Fabrique des Lutins\u00bb, un mondo di immaginazione con attivit\u00e0 creative organizzate dai centri ricreativi, dai servizi di doposcuola e dall'Espace Jeunes du Teich - Salle Publique:<br><br>- Laboratori di decorazione e pirografia su legno a cura dell'Espace Jeunes,<br>- Una caccia al tesoro, un'incantevole pittura del viso e foto ricordo in un ambiente creato dagli Accueils de Loisirs della citt\u00e0,<br>- Laboratorio di decorazione natalizia a domicilio a cura dei servizi extrascolastici della citt\u00e0,<br>- Affresco partecipativo a cura dei servizi extrascolastici della citt\u00e0,<br>- Un'area dedicata alla scrittura delle lettere a Babbo Natale e un angolo lettura per un dolce intermezzo dei servizi extrascolastici della citt\u00e0.<br><br><strong>Dalle 16.00 alle 19.00<\/strong> - Babbo Natale far\u00e0 la sua apparizione per incontrare i bambini e immortalare questo momento magico.<br><br><strong>15h30<\/strong> - Pesatura del regalo misterioso, seguita alle 16.15 dalla proclamazione del vincitore e dalla consegna del regalo da parte del Sindaco.<br><strong>16h30 -<\/strong> Decorazione partecipata del grande abete <br><strong>16h50 -<\/strong> Il lancio ufficiale delle luci natalizie, un momento magico condiviso con il Sindaco. <br><strong>17h -<\/strong> Esibizione musicale dell'Harmonie du Teich.<\/p>\n\n\n\n<p><strong>Domenica 14 dicembre - dalle 10.00 alle 19.00<\/strong><br><strong><br>Dalle 10.00 alle 19.00.<\/strong> Nella Salle Publique, l'associazione dei genitori offrir\u00e0 una giornata di divertimento e intrattenimento:<br><br>- Pittura del viso, pesca delle anatre e creazione di biglietti d'auguri,<br>- Vendita di popcorn e decorazioni natalizie create dai bambini della scuola materna di Val des Pins.<br><br><strong>Dalle 14.00 alle 16.00 <\/strong>Gite in carrozza per una passeggiata incantata nel cuore della citt\u00e0. <br><strong>Dalle 15.00 alle 18.00<\/strong> Babbo Natale sar\u00e0 ancora una volta a disposizione per deliziare i pi\u00f9 piccoli. <br><strong>19h -<\/strong> Chiusura del villaggio<\/p>\n\n\n\n<p><strong>Tutto il fine settimana<br><\/strong>- Giostra gratuita per i bambini,<br>- Bevande calde e fredde da La P'tite Pinte,<br>- Catering a cura del Comit\u00e9 des f\u00eates.<br>- La Place du Souvenir ospiter\u00e0 una decina di appassionati espositori, artigiani e designer che saranno a disposizione per condividere la loro esperienza e i loro tesori stagionali. \u00c8 l'occasione perfetta per trovare regali unici e locali da mettere sotto l'albero di Natale o da gustare sul posto.<\/p>\n\n\n\n<p><a href=\"https:\/\/leteich.fr\/actualite\/village-de-noel-2025-deux-jours-de-feerie-au-teich\/\" target=\"_blank\" rel=\"noopener\">Pi\u00f9 informazioni<\/a><\/p>\n<\/div><\/div>\n\n\n\n<div class=\"wp-block-uagb-container uagb-block-3c531329 alignfull uagb-is-root-container\"><div class=\"uagb-container-inner-blocks-wrap\">\n<figure class=\"wp-block-image size-large\"><img loading=\"lazy\" decoding=\"async\" width=\"1024\" height=\"512\" src=\"https:\/\/bassin-arcachon.com\/wp-content\/uploads\/2024\/11\/Marche-de-Noel-Le-Teich-1024x512.png\" alt=\"- - Bassin d&#039;Arcachon\" class=\"wp-image-190611\" title=\"- - Bassin d&#039;Arcachon\" srcset=\"https:\/\/bassin-arcachon.com\/wp-content\/uploads\/2024\/11\/Marche-de-Noel-Le-Teich-1024x512.png 1024w, https:\/\/bassin-arcachon.com\/wp-content\/uploads\/2024\/11\/Marche-de-Noel-Le-Teich-600x300.png 600w, https:\/\/bassin-arcachon.com\/wp-content\/uploads\/2024\/11\/Marche-de-Noel-Le-Teich-768x384.png 768w, https:\/\/bassin-arcachon.com\/wp-content\/uploads\/2024\/11\/Marche-de-Noel-Le-Teich-18x9.png 18w, https:\/\/bassin-arcachon.com\/wp-content\/uploads\/2024\/11\/Marche-de-Noel-Le-Teich.png 1400w\" sizes=\"auto, (max-width: 1024px) 100vw, 1024px\" \/><figcaption class=\"wp-element-caption\">Citt\u00e0 Le Teich<\/figcaption><\/figure>\n<\/div><\/div>\n\n\n\n<div class=\"wp-block-uagb-container uagb-block-232740db alignfull uagb-is-root-container\"><div class=\"uagb-container-inner-blocks-wrap\"><\/div><\/div>\n\n\n\n<hr class=\"wp-block-separator has-alpha-channel-opacity\"\/>\n\n\n\n<div class=\"wp-block-uagb-container uagb-block-8f814d79 alignfull uagb-is-root-container\"><div class=\"uagb-container-inner-blocks-wrap\"><\/div><\/div>\n\n\n\n<h2 class=\"wp-block-heading\"><strong>Biganos<\/strong><\/h2>\n\n\n\n<h3 class=\"wp-block-heading\">Da venerd\u00ec 19 a domenica 21 dicembre 2025<\/h3>\n\n\n\n<div class=\"wp-block-uagb-container uagb-block-fd3b5696 alignfull uagb-is-root-container\"><div class=\"uagb-container-inner-blocks-wrap\"><\/div><\/div>\n\n\n\n<div class=\"wp-block-uagb-container uagb-block-ba03235b alignfull uagb-is-root-container\"><div class=\"uagb-container-inner-blocks-wrap\">\n<p><strong>Venerd\u00ec dalle 16:00 alle 20:00<br>Sabato dalle 14:00 alle 20:00<br>Domenica dalle 10:00 alle 18:00<\/strong><\/p>\n\n\n\n<p>\u2022 Spettacoli e racconti natalizi<br>\u2022 Coro natalizio<br>\u2022 Passeggiate degli angeli luminosi e dei folletti<br>\u2022 Laboratori creativi per famiglie: trucco, acconciature, decorazioni natalizie...<br>\u2022 Mercato degli artigiani e dei creativi<br>\u2022 Foto gratuita con Babbo Natale<br>\u2022 Ristorazione in loco<\/p>\n\n\n\n<p>E dal 2 dicembre al 7 gennaio, appuntamento al parco Lecoq per il luna park!<\/p>\n\n\n\n<p><a href=\"https:\/\/villedebiganos.fr\/\" target=\"_blank\" rel=\"noopener\">Pi\u00f9 informazioni <\/a><\/p>\n<\/div><\/div>\n\n\n\n<div class=\"wp-block-uagb-container uagb-block-3aedf957 alignfull uagb-is-root-container\"><div class=\"uagb-container-inner-blocks-wrap\"><\/div><\/div>\n\n\n\n<div class=\"wp-block-uagb-container uagb-block-579a74bd alignfull uagb-is-root-container\"><div class=\"uagb-container-inner-blocks-wrap\">\n<figure class=\"wp-block-image size-large\"><img loading=\"lazy\" decoding=\"async\" width=\"1024\" height=\"512\" src=\"https:\/\/bassin-arcachon.com\/wp-content\/uploads\/2024\/11\/Marche-de-Noel-Biganos-1-1024x512.png\" alt=\"- - Bassin d&#039;Arcachon\" class=\"wp-image-190616\" title=\"- - Bassin d&#039;Arcachon\" srcset=\"https:\/\/bassin-arcachon.com\/wp-content\/uploads\/2024\/11\/Marche-de-Noel-Biganos-1-1024x512.png 1024w, https:\/\/bassin-arcachon.com\/wp-content\/uploads\/2024\/11\/Marche-de-Noel-Biganos-1-600x300.png 600w, https:\/\/bassin-arcachon.com\/wp-content\/uploads\/2024\/11\/Marche-de-Noel-Biganos-1-768x384.png 768w, https:\/\/bassin-arcachon.com\/wp-content\/uploads\/2024\/11\/Marche-de-Noel-Biganos-1-18x9.png 18w, https:\/\/bassin-arcachon.com\/wp-content\/uploads\/2024\/11\/Marche-de-Noel-Biganos-1.png 1400w\" sizes=\"auto, (max-width: 1024px) 100vw, 1024px\" \/><figcaption class=\"wp-element-caption\">\u00a9 Gregorio CASSIAU<\/figcaption><\/figure>\n<\/div><\/div>\n\n\n\n<div class=\"wp-block-uagb-container uagb-block-8e1ec355 alignfull uagb-is-root-container\"><div class=\"uagb-container-inner-blocks-wrap\"><\/div><\/div>\n\n\n\n<hr class=\"wp-block-separator has-alpha-channel-opacity\"\/>\n\n\n\n<div class=\"wp-block-uagb-container uagb-block-c3628982 alignfull uagb-is-root-container\"><div class=\"uagb-container-inner-blocks-wrap\"><\/div><\/div>\n\n\n\n<h2 class=\"wp-block-heading\"><strong>Audenge<\/strong><\/h2>\n\n\n\n<h3 class=\"wp-block-heading\">Venerd\u00ec 5 dicembre 2025<\/h3>\n\n\n\n<div class=\"wp-block-uagb-container uagb-block-f331dcaf alignfull uagb-is-root-container\"><div class=\"uagb-container-inner-blocks-wrap\"><\/div><\/div>\n\n\n\n<div class=\"wp-block-uagb-container uagb-block-a7106f66 alignfull uagb-is-root-container\"><div class=\"uagb-container-inner-blocks-wrap\">\n<p>\u2013 <strong>Natale alla Cabina Blu<\/strong>&nbsp;: dalle 17:00 alle 19:00 al porto.&nbsp;<br>\u2022 Magico incontro con Babbo Natale!<br>\u2022 A partire dai 18 anni<sup>H<\/sup>&nbsp;: Non perderti la buonanotte di Babbo Natale alla Cabina Blu, un momento unico da vivere con la tua famiglia!<br>\u2022 Ore 20:30: <strong>Chiesa di San Paolo <\/strong>dell'Ensemble Instrumental del Bassin<br>\u2013 Dal 6 dicembre al 6 gennaio, l'Atelier del Babbo Natale apre le sue porte alla Cabane Bleue.<\/p>\n<\/div><\/div>\n\n\n\n<div class=\"wp-block-uagb-container uagb-block-dce8eccc alignfull uagb-is-root-container\"><div class=\"uagb-container-inner-blocks-wrap\"><\/div><\/div>\n\n\n\n<h3 class=\"wp-block-heading\">Sabato 6 dicembre 2025<\/h3>\n\n\n\n<div class=\"wp-block-uagb-container uagb-block-b9da4ae7 alignfull uagb-is-root-container\"><div class=\"uagb-container-inner-blocks-wrap\"><\/div><\/div>\n\n\n\n<div class=\"wp-block-uagb-container uagb-block-fcda2b4d alignfull uagb-is-root-container\"><div class=\"uagb-container-inner-blocks-wrap\">\n<p>\u2013 <strong>Mercatino di Natale: dalle 15:00 alle 19:00 nel parco pubblico<\/strong><br>\u2022 Stand ed espositori: artigianato, designer, gastronomia...<br>\u2022 Gratuito \u2013 Giostra per bambini e ragazzi! <br>\u2022 Gratuito \u2013 Laboratorio di trucco per bambini dalle 15 alle 18<br>\u2022 Spettacoli itineranti tra le 17 e le 19<\/p>\n<\/div><\/div>\n\n\n\n<div class=\"wp-block-uagb-container uagb-block-962ac142 alignfull uagb-is-root-container\"><div class=\"uagb-container-inner-blocks-wrap\"><\/div><\/div>\n\n\n\n<h3 class=\"wp-block-heading\">Domenica 7 dicembre 2025<\/h3>\n\n\n\n<div class=\"wp-block-uagb-container uagb-block-6927e2bc alignfull uagb-is-root-container\"><div class=\"uagb-container-inner-blocks-wrap\"><\/div><\/div>\n\n\n\n<div class=\"wp-block-uagb-container uagb-block-1afd60e4 alignfull uagb-is-root-container\"><div class=\"uagb-container-inner-blocks-wrap\">\n<p><strong>\u2013 Mercatino di Natale: dalle 10:00 alle 18:00 nel parco pubblico<\/strong><br>\u2022 Stand ed espositori: artigianato, designer, gastronomia...<br>\u2022 Gratuito \u2013 Giostre per bambini e ragazzi! <br>\u2022 Laboratori artistici e botanici con Ang\u00e8le Largy dalle 10:30 alle 12:30<br>\u2022 Coro di M\u00e9li-M\u00e9lodie alle ore 12:00<br>\u2022 Stand di Babbo Natale dalle 14:00 alle 18:00<br>\u2022 Gratuito \u2013 Laboratorio di trucco per bambini dalle 14:30 alle 17:30 <br>\u2022 Laboratori artistici e botanici con Ang\u00e8le Largy dalle 14:30 <br>\u2022 Spettacoli itineranti tra le 16:00 e le 18:00<\/p>\n\n\n\n<p><a href=\"https:\/\/www.ville-audenge.fr\/agenda\/audenge-fete-noel\/\" target=\"_blank\" rel=\"noreferrer noopener\">Pi\u00f9 informazioni<\/a><\/p>\n<\/div><\/div>\n\n\n\n<div class=\"wp-block-uagb-container uagb-block-e52a2056 alignfull uagb-is-root-container\"><div class=\"uagb-container-inner-blocks-wrap\">\n<figure class=\"wp-block-image size-large\"><img loading=\"lazy\" decoding=\"async\" width=\"1024\" height=\"512\" src=\"https:\/\/bassin-arcachon.com\/wp-content\/uploads\/2024\/11\/Marche-de-Noel-Audenge-1024x512.png\" alt=\"- - Bassin d&#039;Arcachon\" class=\"wp-image-190618\" title=\"- - Bassin d&#039;Arcachon\" srcset=\"https:\/\/bassin-arcachon.com\/wp-content\/uploads\/2024\/11\/Marche-de-Noel-Audenge-1024x512.png 1024w, https:\/\/bassin-arcachon.com\/wp-content\/uploads\/2024\/11\/Marche-de-Noel-Audenge-600x300.png 600w, https:\/\/bassin-arcachon.com\/wp-content\/uploads\/2024\/11\/Marche-de-Noel-Audenge-768x384.png 768w, https:\/\/bassin-arcachon.com\/wp-content\/uploads\/2024\/11\/Marche-de-Noel-Audenge-18x9.png 18w, https:\/\/bassin-arcachon.com\/wp-content\/uploads\/2024\/11\/Marche-de-Noel-Audenge.png 1400w\" sizes=\"auto, (max-width: 1024px) 100vw, 1024px\" \/><figcaption class=\"wp-element-caption\">\u00a9 Citt\u00e0 di Audenge<\/figcaption><\/figure>\n<\/div><\/div>\n\n\n\n<div class=\"wp-block-uagb-container uagb-block-f8456825 alignfull uagb-is-root-container\"><div class=\"uagb-container-inner-blocks-wrap\"><\/div><\/div>\n\n\n\n<hr class=\"wp-block-separator has-alpha-channel-opacity\"\/>\n\n\n\n<div class=\"wp-block-uagb-container uagb-block-63b49365 alignfull uagb-is-root-container\"><div class=\"uagb-container-inner-blocks-wrap\"><\/div><\/div>\n\n\n\n<h2 class=\"wp-block-heading\"><strong>lanto<\/strong><\/h2>\n\n\n\n<h3 class=\"wp-block-heading\">19 dicembre e 20 dicembre 2025: <\/h3>\n\n\n\n<div class=\"wp-block-uagb-container uagb-block-e898bc47 alignfull uagb-is-root-container\"><div class=\"uagb-container-inner-blocks-wrap\"><\/div><\/div>\n\n\n\n<div class=\"wp-block-uagb-container uagb-block-3e3072b1 alignfull uagb-is-root-container\"><div class=\"uagb-container-inner-blocks-wrap\">\n<p>\u2013 Mercatino di Natale, dalle 16:30 alle 21:00, presso il Complesso Sportivo di Cassy:<br><br>Mercato di creatori locali, espositori, artisti locali. <br><br>ANIMAZIONI:<br>\u2022 Concerto dei centri ricreativi<br>\u2022 Ristorazione \/ gastronomia<br>\u2022 Animazione con giostra gonfiabile (a pagamento)<br>\u2022 Pony \/ Trucco (gratuito)<br>\u2022 Bolla gigante<br>\u2022 Passeggiata circense<br>\u2022 Passeggiata con mascotte<br>\u2022 Cinema<br>\u2022 Arrivo di Babbo Natale<br>\u2022 Laboratorio culinario (sabato pomeriggio, previa iscrizione)<br>\u2022 Concerto dei centri ricreativi<\/p>\n<\/div><\/div>\n\n\n\n<div class=\"wp-block-uagb-container uagb-block-35a65faf alignfull uagb-is-root-container\"><div class=\"uagb-container-inner-blocks-wrap\"><\/div><\/div>\n\n\n\n<div class=\"wp-block-uagb-container uagb-block-642db93f alignfull uagb-is-root-container\"><div class=\"uagb-container-inner-blocks-wrap\">\n<figure class=\"wp-block-image size-large\"><img loading=\"lazy\" decoding=\"async\" width=\"1024\" height=\"512\" src=\"https:\/\/bassin-arcachon.com\/wp-content\/uploads\/2024\/11\/Marche-de-Noel-Lanton-1024x512.png\" alt=\"- - Bassin d&#039;Arcachon\" class=\"wp-image-190622\" title=\"- - Bassin d&#039;Arcachon\" srcset=\"https:\/\/bassin-arcachon.com\/wp-content\/uploads\/2024\/11\/Marche-de-Noel-Lanton-1024x512.png 1024w, https:\/\/bassin-arcachon.com\/wp-content\/uploads\/2024\/11\/Marche-de-Noel-Lanton-600x300.png 600w, https:\/\/bassin-arcachon.com\/wp-content\/uploads\/2024\/11\/Marche-de-Noel-Lanton-768x384.png 768w, https:\/\/bassin-arcachon.com\/wp-content\/uploads\/2024\/11\/Marche-de-Noel-Lanton-18x9.png 18w, https:\/\/bassin-arcachon.com\/wp-content\/uploads\/2024\/11\/Marche-de-Noel-Lanton.png 1400w\" sizes=\"auto, (max-width: 1024px) 100vw, 1024px\" \/><figcaption class=\"wp-element-caption\">Fotografia AIME<\/figcaption><\/figure>\n<\/div><\/div>\n\n\n\n<div class=\"wp-block-uagb-container uagb-block-e269ec0b alignfull uagb-is-root-container\"><div class=\"uagb-container-inner-blocks-wrap\"><\/div><\/div>\n\n\n\n<hr class=\"wp-block-separator has-alpha-channel-opacity\"\/>\n\n\n\n<div class=\"wp-block-uagb-container uagb-block-9ec5ffb4 alignfull uagb-is-root-container\"><div class=\"uagb-container-inner-blocks-wrap\"><\/div><\/div>\n\n\n\n<h2 class=\"wp-block-heading\" id=\"h-mios\"><strong>Mios<\/strong><\/h2>\n\n\n\n<h3 class=\"wp-block-heading\">Dal 5 al 7 dicembre 2025: <\/h3>\n\n\n\n<div class=\"wp-block-uagb-container uagb-block-f411cd3a alignfull uagb-is-root-container\"><div class=\"uagb-container-inner-blocks-wrap\"><\/div><\/div>\n\n\n\n<div class=\"wp-block-uagb-container uagb-block-83572a8e alignfull uagb-is-root-container\"><div class=\"uagb-container-inner-blocks-wrap\">\n<p>Orario: venerd\u00ec<strong> 17.00-20.30<\/strong> \/ Sabato <strong>Dalle 10.30 alle 21.00.<\/strong> \/ Domenica <strong>Dalle 10.30 alle 17.00. <\/strong><br>- Circa <strong>35 espositori<\/strong> artigianato locale, prelibatezze, decorazioni, gioielli, tessuti, ecc. <br>- Foto con Babbo Natale (1 foto gratuita per famiglia) con la fotografa Elsa Ab\u00e9guill\u00e9 <br>- 1 giostra per i pi\u00f9 piccoli: 2 \u20ac a corsa \/ 5 \u20ac per 3 corse <br>- Laboratori creativi con l'Ufficio del Turismo Numerosi eventi saranno organizzati dalle associazioni durante i 3 giorni Cavalcate sui pony (2 euro a corsa) <br><br><strong>Venerd\u00ec alle 18:00 : <\/strong>Arriva Babbo Natale <br>- passeggiare con i Lutins Fanfarfadets. <br>Dopo lo scooter, la moto e il Twizi, cosa indosser\u00e0 Babbo Natale quest'anno? <br><br><strong>Sabato:<\/strong> intrattenimento musicale con la Guinguette de No\u00ebl <br>- Fuochi d'artificio sabato alle 19.00 <br>- Spettacoli (gratuiti) : Sabato <strong>ore 10.00 e 11.00.1<\/strong>5 \u00abGraines de Vie\u00bb (collettivo Al\u00e9a) alla M\u00e9diath\u00e8que (da 3 mesi a 3 anni): questo spettacolo, che unisce musica, arte visiva e danza, \u00e8 un'ode alla natura e ai legami che ci uniscono. Un'esperienza coinvolgente pensata per risvegliare i sensi dei pi\u00f9 piccoli. Per prenotare, telefonare allo 05 56 26 49 10 \/ mediatheque@villemios.fr<br><br><strong>Domenica:<\/strong> stand per il trucco (con gli st\u00e9thoscopi dei clown) <br>- Concorso di biscotti natalizi (decorazione e degustazione): i biscotti devono essere presentati domenica alle ore <strong>11h<\/strong>, risultati a <strong>14h30<\/strong> <br> \u2013<strong>15:00 e 17:00<\/strong> (L\u00e9o, L\u00e9on e il R\u00eavomatik) alla Salle des F\u00eates (dai 4 ai 12 anni): I portatori di sogni devono appendere i fili dei sogni alle stelle usando il R\u00eavomatik. Ma alcune notti non ci sono pi\u00f9 fili, quindi niente sogni... Seguite le loro avventure per trovare la soluzione, sorprendente ma anche ovvia... Prenotate online su <a href=\"https:\/\/billetterie.festik.net\/villemios-monspectacle\/product\/leo-leon-et-le-revomatik\" target=\"_blank\" rel=\"noreferrer noopener\">https:\/\/billetterie.festik.net\/villemios-monspectacle\/product\/leo-leon-et-le-revomatik<\/a><\/p>\n\n\n\n<p><a href=\"https:\/\/www.villemios.fr\/village-de-noel-2025\/\" target=\"_blank\" rel=\"noreferrer noopener\">Pi\u00f9 informazioni<\/a><\/p>\n<\/div><\/div>\n\n\n\n<div class=\"wp-block-uagb-container uagb-block-f47a0868 alignfull uagb-is-root-container\"><div class=\"uagb-container-inner-blocks-wrap\">\n<figure class=\"wp-block-image size-large\"><img loading=\"lazy\" decoding=\"async\" width=\"1024\" height=\"512\" src=\"https:\/\/bassin-arcachon.com\/wp-content\/uploads\/2024\/11\/Marche-de-Noel-Mios-1024x512.png\" alt=\"- - Bassin d&#039;Arcachon\" class=\"wp-image-190623\" title=\"- - Bassin d&#039;Arcachon\" srcset=\"https:\/\/bassin-arcachon.com\/wp-content\/uploads\/2024\/11\/Marche-de-Noel-Mios-1024x512.png 1024w, https:\/\/bassin-arcachon.com\/wp-content\/uploads\/2024\/11\/Marche-de-Noel-Mios-600x300.png 600w, https:\/\/bassin-arcachon.com\/wp-content\/uploads\/2024\/11\/Marche-de-Noel-Mios-768x384.png 768w, https:\/\/bassin-arcachon.com\/wp-content\/uploads\/2024\/11\/Marche-de-Noel-Mios-18x9.png 18w, https:\/\/bassin-arcachon.com\/wp-content\/uploads\/2024\/11\/Marche-de-Noel-Mios.png 1400w\" sizes=\"auto, (max-width: 1024px) 100vw, 1024px\" \/><figcaption class=\"wp-element-caption\">Ufficio del turismo del Coeur du Bassin<\/figcaption><\/figure>\n<\/div><\/div>\n\n\n\n<div class=\"wp-block-uagb-container uagb-block-77c0f7c6 alignfull uagb-is-root-container\"><div class=\"uagb-container-inner-blocks-wrap\"><\/div><\/div>\n\n\n\n<hr class=\"wp-block-separator has-alpha-channel-opacity\"\/>\n\n\n\n<div class=\"wp-block-uagb-container uagb-block-01b792d7 alignfull uagb-is-root-container\"><div class=\"uagb-container-inner-blocks-wrap\"><\/div><\/div>\n\n\n\n<h2 class=\"wp-block-heading\"><strong>Marketprime<\/strong><\/h2>\n\n\n\n<h3 class=\"wp-block-heading\">Sabato 6 dicembre 2025:<\/h3>\n\n\n\n<div class=\"wp-block-uagb-container uagb-block-cf4b6696 alignfull uagb-is-root-container\"><div class=\"uagb-container-inner-blocks-wrap\"><\/div><\/div>\n\n\n\n<div class=\"wp-block-uagb-container uagb-block-7e3f838d alignfull uagb-is-root-container\"><div class=\"uagb-container-inner-blocks-wrap\">\n<p>- Pista di slittino gonfiabile <strong>Dalle 10.00 alle 18.00.<\/strong> da 4 anni <br>- Passeggiata con le lanterne <strong>18:00<\/strong> intrattenuti dalla Banda les Galinettes <br>- Lancio delle luminarie della citt\u00e0 <br>- Vendita di oggetti realizzati dai bambini delle scuole primarie di <strong>Dalle 14.00 alle 18.00 <\/strong><br>- Ristorazione tutto il giorno, rinfreschi, frittelle, vin brul\u00e9... <br>- Foto di Babbo Natale da<strong> 17h<\/strong> <br>- Porta trucchi<\/p>\n<\/div><\/div>\n\n\n\n<div class=\"wp-block-uagb-container uagb-block-0102c34a alignfull uagb-is-root-container\"><div class=\"uagb-container-inner-blocks-wrap\"><\/div><\/div>\n\n\n\n<h3 class=\"wp-block-heading\">Domenica 7 dicembre 2025: <\/h3>\n\n\n\n<div class=\"wp-block-uagb-container uagb-block-5766d280 alignfull uagb-is-root-container\"><div class=\"uagb-container-inner-blocks-wrap\"><\/div><\/div>\n\n\n\n<div class=\"wp-block-uagb-container uagb-block-4fba487a alignfull uagb-is-root-container\"><div class=\"uagb-container-inner-blocks-wrap\">\n<p>- Spettacolo natalizio gratuito di <strong>Dalle 15.00 alle 16.00<\/strong><br>- Supporto per il trucco per <strong>Dalle 14.00 alle 18.00 <\/strong><br>- Foto con Babbo Natale da <strong>17h<\/strong><br>- Tutto il giorno cibo, rinfreschi, frittelle, vin brul\u00e9<\/p>\n<\/div><\/div>\n\n\n\n<div class=\"wp-block-uagb-container uagb-block-2124f448 alignfull uagb-is-root-container\"><div class=\"uagb-container-inner-blocks-wrap\"><\/div><\/div>\n\n\n\n<h3 class=\"wp-block-heading\">Domenica 14 dicembre 2025: <\/h3>\n\n\n\n<div class=\"wp-block-uagb-container uagb-block-1ab5ef86 alignfull uagb-is-root-container\"><div class=\"uagb-container-inner-blocks-wrap\"><\/div><\/div>\n\n\n\n<div class=\"wp-block-uagb-container uagb-block-820ec89f alignfull uagb-is-root-container\"><div class=\"uagb-container-inner-blocks-wrap\">\n<p>Da <strong>10h<\/strong>, Rue Jacques Blieck: il March\u00e9 Municipal festeggia il Natale, con cioccolatini e una foto con Babbo Natale.<\/p>\n\n\n\n<p><a href=\"https:\/\/ville-marcheprime.fr\/agenda\/marche-artisanal-de-noel\/\" target=\"_blank\" rel=\"noopener\">Pi\u00f9 informazioni<\/a><\/p>\n<\/div><\/div>\n\n\n\n<div class=\"wp-block-uagb-container uagb-block-e8b8acd8 alignfull uagb-is-root-container\"><div class=\"uagb-container-inner-blocks-wrap\">\n<figure class=\"wp-block-image size-large\"><img loading=\"lazy\" decoding=\"async\" width=\"1024\" height=\"512\" src=\"https:\/\/bassin-arcachon.com\/wp-content\/uploads\/2024\/11\/Marche-de-Noel-Marcheprime-1024x512.png\" alt=\"- - Bassin d&#039;Arcachon\" class=\"wp-image-190624\" title=\"- - Bassin d&#039;Arcachon\" srcset=\"https:\/\/bassin-arcachon.com\/wp-content\/uploads\/2024\/11\/Marche-de-Noel-Marcheprime-1024x512.png 1024w, https:\/\/bassin-arcachon.com\/wp-content\/uploads\/2024\/11\/Marche-de-Noel-Marcheprime-600x300.png 600w, https:\/\/bassin-arcachon.com\/wp-content\/uploads\/2024\/11\/Marche-de-Noel-Marcheprime-768x384.png 768w, https:\/\/bassin-arcachon.com\/wp-content\/uploads\/2024\/11\/Marche-de-Noel-Marcheprime-18x9.png 18w, https:\/\/bassin-arcachon.com\/wp-content\/uploads\/2024\/11\/Marche-de-Noel-Marcheprime.png 1400w\" sizes=\"auto, (max-width: 1024px) 100vw, 1024px\" \/><figcaption class=\"wp-element-caption\">Ufficio del turismo del Coeur du Bassin<\/figcaption><\/figure>\n<\/div><\/div>\n\n\n\n<div class=\"wp-block-uagb-container uagb-block-d4ddd1a6 alignfull uagb-is-root-container\"><div class=\"uagb-container-inner-blocks-wrap\"><\/div><\/div>\n\n\n\n<hr class=\"wp-block-separator has-alpha-channel-opacity\"\/>\n\n\n\n<div class=\"wp-block-uagb-container uagb-block-98d4d53b alignfull uagb-is-root-container\"><div class=\"uagb-container-inner-blocks-wrap\"><\/div><\/div>\n\n\n\n<h2 class=\"wp-block-heading\"><strong>Anderno<\/strong><\/h2>\n\n\n\n<h3 class=\"wp-block-heading\">Dal 20 al 24 dicembre 2025<\/h3>\n\n\n\n<div class=\"wp-block-uagb-container uagb-block-7bc40b0f alignfull uagb-is-root-container\"><div class=\"uagb-container-inner-blocks-wrap\"><\/div><\/div>\n\n\n\n<div class=\"wp-block-uagb-container uagb-block-c18e52e9 alignfull uagb-is-root-container\"><div class=\"uagb-container-inner-blocks-wrap\">\n<p><strong>Il Villaggio di Natale, al Jardin Louis David <\/strong><br>\u2013 Chalet gastronomici e artigianali: dalle 11:00 alle 19:00 (fino alle 21:00 il 20 dicembre e alle 17:00 il 24 dicembre)<br>\u2013 Percorso avventura (dai 5 anni in su), Pesca delle palline di Natale (2-6 anni), Castello di zucchero d'orzo (1-6 anni): dalle 12:00 alle 18:00 con accesso libero (fino alle 17:00 il 24 dicembre)<br>\u2013 Il mondo di Babbo Natale \u2013 Mostra natalizia incantata: dalle 11:00 alle 19:00 (fino alle 17:00 il 24 dicembre)<br>\u2013 Incontro con Babbo Natale: dalle 15:30 alle 17:30 dal 20 al 23 dicembre e dalle 14:30 alle 16:30 il 24 dicembre.<\/p>\n<\/div><\/div>\n\n\n\n<div class=\"wp-block-uagb-container uagb-block-d37c1f1a alignfull uagb-is-root-container\"><div class=\"uagb-container-inner-blocks-wrap\"><\/div><\/div>\n\n\n\n<h3 class=\"wp-block-heading\">Sabato 20 dicembre 2025<\/h3>\n\n\n\n<div class=\"wp-block-uagb-container uagb-block-b79cd5cc alignfull uagb-is-root-container\"><div class=\"uagb-container-inner-blocks-wrap\"><\/div><\/div>\n\n\n\n<div class=\"wp-block-uagb-container uagb-block-84e8748d alignfull uagb-is-root-container\"><div class=\"uagb-container-inner-blocks-wrap\">\n<p><strong>Al Giardino Louis David <\/strong><br>\u2013 Un pomeriggio scintillante: arrivo a sorpresa di Babbo Natale seguito da merenda e foto ricordo. Laboratorio di trucco con la mascotte Olaf. Tenderit\u00e0 assicurata con gli animali della Ferme \u00e0 la Plage. A partire dalle 14:30.<\/p>\n<\/div><\/div>\n\n\n\n<div class=\"wp-block-uagb-container uagb-block-3bb3e677 alignfull uagb-is-root-container\"><div class=\"uagb-container-inner-blocks-wrap\"><\/div><\/div>\n\n\n\n<h3 class=\"wp-block-heading\">Dal 22 al 24 e dal 29 al 31 dicembre 2025<\/h3>\n\n\n\n<div class=\"wp-block-uagb-container uagb-block-fcf50852 alignfull uagb-is-root-container\"><div class=\"uagb-container-inner-blocks-wrap\"><\/div><\/div>\n\n\n\n<div class=\"wp-block-uagb-container uagb-block-cb134268 alignfull uagb-is-root-container\"><div class=\"uagb-container-inner-blocks-wrap\">\n<p>Cap33 e Cap33 Junior (da 10 a 14 anni) offrono attivit\u00e0 sportive e ricreative da condividere con la famiglia o da scoprire individualmente a partire dai 15 anni! <br>Informazioni e iscrizioni: 05.56.82.02.87 \/ 06.42.51.54.61<br><br><a href=\"https:\/\/bassin-arcachon.com\/wp-content\/uploads\/2020\/07\/image.png\" target=\"_blank\" rel=\"noreferrer noopener\">Pi\u00f9 informazioni<\/a><\/p>\n<\/div><\/div>\n\n\n\n<div class=\"wp-block-uagb-container uagb-block-f8e7f1cc alignfull uagb-is-root-container\"><div class=\"uagb-container-inner-blocks-wrap\">\n<figure class=\"wp-block-image size-large\"><img loading=\"lazy\" decoding=\"async\" width=\"1024\" height=\"512\" src=\"https:\/\/bassin-arcachon.com\/wp-content\/uploads\/2024\/11\/Marche-de-Noel-Andernos-1024x512.png\" alt=\"- - Bassin d&#039;Arcachon\" class=\"wp-image-190625\" title=\"- - Bassin d&#039;Arcachon\" srcset=\"https:\/\/bassin-arcachon.com\/wp-content\/uploads\/2024\/11\/Marche-de-Noel-Andernos-1024x512.png 1024w, https:\/\/bassin-arcachon.com\/wp-content\/uploads\/2024\/11\/Marche-de-Noel-Andernos-600x300.png 600w, https:\/\/bassin-arcachon.com\/wp-content\/uploads\/2024\/11\/Marche-de-Noel-Andernos-768x384.png 768w, https:\/\/bassin-arcachon.com\/wp-content\/uploads\/2024\/11\/Marche-de-Noel-Andernos-18x9.png 18w, https:\/\/bassin-arcachon.com\/wp-content\/uploads\/2024\/11\/Marche-de-Noel-Andernos.png 1400w\" sizes=\"auto, (max-width: 1024px) 100vw, 1024px\" \/><figcaption class=\"wp-element-caption\">Citt\u00e0 di Andernos les Bains<\/figcaption><\/figure>\n<\/div><\/div>\n\n\n\n<div class=\"wp-block-uagb-container uagb-block-c3763081 alignfull uagb-is-root-container\"><div class=\"uagb-container-inner-blocks-wrap\"><\/div><\/div>\n\n\n\n<hr class=\"wp-block-separator has-alpha-channel-opacity\"\/>\n\n\n\n<div class=\"wp-block-uagb-container uagb-block-1f130bf9 alignfull uagb-is-root-container\"><div class=\"uagb-container-inner-blocks-wrap\"><\/div><\/div>\n\n\n\n<h2 class=\"wp-block-heading\"><strong>Ares<\/strong><\/h2>\n\n\n\n<h3 class=\"wp-block-heading\">Domenica 7 dicembre 2025<\/h3>\n\n\n\n<div class=\"wp-block-uagb-container uagb-block-e77b1615 alignfull uagb-is-root-container\"><div class=\"uagb-container-inner-blocks-wrap\"><\/div><\/div>\n\n\n\n<div class=\"wp-block-uagb-container uagb-block-2b5075f7 alignfull uagb-is-root-container\"><div class=\"uagb-container-inner-blocks-wrap\">\n<p>\u2013 Grande mercatino di Natale con presentazione e vendita di tutti i tipi di oggetti decorativi, bigiotteria e prodotti regionali. <br>- Animazione in giostra, giri in carrozza, coro e canti.<br>\u2013 Ci sar\u00e0 anche Babbo Natale ad accogliere i bambini. Rinfreschi e pancake sul posto. Tutti i pubblici \u2013 gratuito<\/p>\n\n\n\n<p><a href=\"https:\/\/www.ares-tourisme.com\/agenda\/fiche-agenda?id=FMAAQU033V51CHIL\" target=\"_blank\" rel=\"noreferrer noopener\">Pi\u00f9 informazioni<\/a><\/p>\n<\/div><\/div>\n\n\n\n<div class=\"wp-block-uagb-container uagb-block-b275a766 alignfull uagb-is-root-container\"><div class=\"uagb-container-inner-blocks-wrap\"><\/div><\/div>\n\n\n\n<h3 class=\"wp-block-heading\">Domenica 14 dicembre 2025<\/h3>\n\n\n\n<div class=\"wp-block-uagb-container uagb-block-86ac0113 alignfull uagb-is-root-container\"><div class=\"uagb-container-inner-blocks-wrap\"><\/div><\/div>\n\n\n\n<div class=\"wp-block-uagb-container uagb-block-055842bf alignfull uagb-is-root-container\"><div class=\"uagb-container-inner-blocks-wrap\">\n<p>- Mercatino di Natale per artigiani e commercianti: venite a passeggiare, assaggiate i prodotti locali e godetevi l'atmosfera di festa, con la presenza di Babbo Natale. Luogo: Place de l'\u00e9glise.<\/p>\n\n\n\n<p>- Rinfreschi e cibo disponibili sul posto, con frittelle offerte a favore di Telethon.<\/p>\n\n\n\n<p>- Concerto di Natale sul tema degli anni '80, che unisce lo spirito e i ritmi essenziali del decennio. Luogo: Espace Br\u00e9montier.<\/p>\n\n\n\n<p><a href=\"https:\/\/www.ares-tourisme.com\/agenda\/fiche-agenda?id=FMAAQU033V51CHJB\" target=\"_blank\" rel=\"noopener\">Pi\u00f9 informazioni<\/a><\/p>\n<\/div><\/div>\n\n\n\n<div class=\"wp-block-uagb-container uagb-block-506b14f2 alignfull uagb-is-root-container\"><div class=\"uagb-container-inner-blocks-wrap\"><\/div><\/div>\n\n\n\n<h3 class=\"wp-block-heading\">Marted\u00ec 16 dicembre 2025<\/h3>\n\n\n\n<div class=\"wp-block-uagb-container uagb-block-367f4098 alignfull uagb-is-root-container\"><div class=\"uagb-container-inner-blocks-wrap\"><\/div><\/div>\n\n\n\n<div class=\"wp-block-uagb-container uagb-block-4fbe633b alignfull uagb-is-root-container\"><div class=\"uagb-container-inner-blocks-wrap\">\n<p>- Racconti di Natale: lasciatevi incantare dalle storie invernali e dai sapori di casa e d'oltreoceano: vin brul\u00e9 e dolci natalizi alsaziani. aperto al pubblico - Soci: gratuito - Non soci: 6 \u20ac Informazioni allo 06 08 13 53 70 o su cultureloisirsares@free.fr. Sede: domaine des Lug\u00e9es, villaggio delle associazioni.<br><br><\/p>\n\n\n\n<p><a href=\"https:\/\/www.ares-tourisme.com\/agenda\/fiche-agenda?id=FMAAQU033V51CHJC\" target=\"_blank\" rel=\"noreferrer noopener\">Pi\u00f9 informazioni<\/a><\/p>\n<\/div><\/div>\n\n\n\n<div class=\"wp-block-uagb-container uagb-block-d4157b99 alignfull uagb-is-root-container\"><div class=\"uagb-container-inner-blocks-wrap\">\n<figure class=\"wp-block-image size-large\"><img loading=\"lazy\" decoding=\"async\" width=\"1024\" height=\"512\" src=\"https:\/\/bassin-arcachon.com\/wp-content\/uploads\/2024\/11\/Design-sans-titre-28-1024x512.png\" alt=\"- - Bassin d&#039;Arcachon\" class=\"wp-image-197088\" title=\"- - Bassin d&#039;Arcachon\" srcset=\"https:\/\/bassin-arcachon.com\/wp-content\/uploads\/2024\/11\/Design-sans-titre-28-1024x512.png 1024w, https:\/\/bassin-arcachon.com\/wp-content\/uploads\/2024\/11\/Design-sans-titre-28-600x300.png 600w, https:\/\/bassin-arcachon.com\/wp-content\/uploads\/2024\/11\/Design-sans-titre-28-768x384.png 768w, https:\/\/bassin-arcachon.com\/wp-content\/uploads\/2024\/11\/Design-sans-titre-28-18x9.png 18w, https:\/\/bassin-arcachon.com\/wp-content\/uploads\/2024\/11\/Design-sans-titre-28.png 1400w\" sizes=\"auto, (max-width: 1024px) 100vw, 1024px\" \/><figcaption class=\"wp-element-caption\">\u00a9 Jacques Rouquette Ufficio del Turismo di Ar\u00e8s<\/figcaption><\/figure>\n<\/div><\/div>\n\n\n\n<div class=\"wp-block-uagb-container uagb-block-7f8d55e5 alignfull uagb-is-root-container\"><div class=\"uagb-container-inner-blocks-wrap\"><\/div><\/div>\n\n\n\n<hr class=\"wp-block-separator has-alpha-channel-opacity\"\/>\n\n\n\n<div class=\"wp-block-uagb-container uagb-block-8e1f4b73 alignfull uagb-is-root-container\"><div class=\"uagb-container-inner-blocks-wrap\"><\/div><\/div>\n\n\n\n<h2 class=\"wp-block-heading\"><strong>Furetto Lege-Cap<\/strong><\/h2>\n\n\n\n<h3 class=\"wp-block-heading\">Da venerd\u00ec 12 a domenica 14 dicembre 2025:<\/h3>\n\n\n\n<div class=\"wp-block-uagb-container uagb-block-36f7ac97 alignfull uagb-is-root-container\"><div class=\"uagb-container-inner-blocks-wrap\"><\/div><\/div>\n\n\n\n<div class=\"wp-block-uagb-container uagb-block-64a737ff alignfull uagb-is-root-container\"><div class=\"uagb-container-inner-blocks-wrap\">\n<p><strong>Viale delle Halles - Claouey <\/strong><\/p>\n\n\n\n<p>Venite a scoprire per tutto il fine settimana, dalle 10.00 alle 19.00, vari designer selezionati per i loro prodotti di qualit\u00e0. Ideale per trovare un regalo insolito per Natale.<br>Ristorazione in loco con l'associazione Cap Termer.<\/p>\n\n\n\n<p>Pastille: inaugurazione venerd\u00ec 12 dicembre alle 18.00<\/p>\n<\/div><\/div>\n\n\n\n<div class=\"wp-block-uagb-container uagb-block-38965a45 alignfull uagb-is-root-container\"><div class=\"uagb-container-inner-blocks-wrap\"><\/div><\/div>\n\n\n\n<h3 class=\"wp-block-heading\">Da venerd\u00ec 19 dicembre a domenica 4 gennaio 2026<\/h3>\n\n\n\n<div class=\"wp-block-uagb-container uagb-block-c5ac62e9 alignfull uagb-is-root-container\"><div class=\"uagb-container-inner-blocks-wrap\">\n<p><strong>Villaggio di Natale<\/strong> Dal 19 al 24 dicembre, dalle 14.30 alle 18.30, <strong>negozio natalizio<\/strong> Dal 19 al 24 dicembre<\/p>\n\n\n\n<ul class=\"wp-block-list\">\n<li><strong>Giostre&nbsp;<\/strong><\/li>\n<\/ul>\n\n\n\n<p>Aperto tutti i giorni* dal 19 dicembre al 4 gennaio da <strong>Dalle 14.30 alle 18.30.<\/strong>&nbsp; &nbsp; &nbsp; &nbsp; &nbsp; &nbsp; &nbsp; &nbsp; &nbsp; &nbsp; &nbsp; &nbsp; &nbsp; &nbsp; &nbsp; &nbsp; &nbsp; &nbsp; &nbsp; &nbsp; &nbsp; &nbsp; &nbsp; &nbsp; &nbsp; &nbsp; &nbsp; &nbsp; &nbsp;<br><em>*Chiuso il 25 dicembre e il 1\u00b0 gennaio<br>Comune 0,50 cts per giro - Fuori Comune 1\u20ac per giro<\/em><\/p>\n\n\n\n<ul class=\"wp-block-list\">\n<li><strong>Rifugi e pista di pattinaggio&nbsp;<\/strong><\/li>\n<\/ul>\n\n\n\n<p>Inaugurazione venerd\u00ec 19 dicembre alle ore <strong>17h<\/strong> ( fino a<strong> 23h<\/strong>) - (Gratuito venerd\u00ec 19 da <strong>Dalle 17.00 alle 19.00<\/strong>)<br>Aperto tutti i giorni da <strong>Dalle 14.30 alle 18.30.<\/strong><br>Il 25 dicembre e il 1\u00b0 gennaio <strong>Dalle 16.00 alle 18.30<\/strong><br><strong><em>Serate a tema<\/em>&nbsp;<\/strong>Sabato 27 dicembre e sabato 3 gennaio<\/p>\n\n\n\n<p><em>Costo della pista di pattinaggio per 30 minuti: Comune: 2 euro \/ Fuori Comune: 4 euro<\/em><\/p>\n\n\n\n<h4 class=\"wp-block-heading\"><strong>PROGRAMMA DI EVENTI GRATUITI<\/strong><\/h4>\n\n\n\n<ul class=\"wp-block-list\">\n<li><strong>Venerd\u00ec 19 dicembre - Place de l'h\u00f4tel de Ville, L\u00e8ge<br><\/strong><strong><em>Serata di Natale&nbsp;<\/em><\/strong><\/li>\n<\/ul>\n\n\n\n<p><strong>18.30 - 19.15 <\/strong>Spettacolo di danza natalizia del CEAM (sala la Halle)<br><strong>19h<\/strong> Apertura del ristorante<br><strong>20h<\/strong> Concerto di festa con la band Notorious<br><strong>21h30 <\/strong>Fuochi d'artificio<\/p>\n\n\n\n<ul class=\"wp-block-list\">\n<li><strong>Sabato 20 dicembre -&nbsp;<\/strong><strong>Place de l'h\u00f4tel de Ville, L\u00e8ge<br><\/strong><strong><em>Villaggio di Natale<\/em><\/strong><\/li>\n<\/ul>\n\n\n\n<p>Da <strong>14h30<\/strong> :&nbsp;<br>Apertura del villaggio di Natale con la musica dell'Harmonie de L\u00e8ge - Cap Ferret<br>Laboratori di make-up<br>Laboratori creativi sul tema del Natale: iscrizione in loco<br>Arrivo a sorpresa di Babbo Natale e parata di luci allo stadio Louis Goubet<\/p>\n\n\n\n<ul class=\"wp-block-list\">\n<li><strong>Domenica 21 dicembre<\/strong><\/li>\n<\/ul>\n\n\n\n<p><strong>Cap-Ferret<br><\/strong>Natale a Cap Ferret<br>Intrattenimento natalizio&nbsp;<br><br><strong>nave faro<br><\/strong>Natale a L\u00e8ge&nbsp;<\/p>\n\n\n\n<p><strong>Attivit\u00e0 creative, intrattenimento e sorprese durante le vacanze di Natale.<\/strong><\/p>\n\n\n\n<p><a href=\"https:\/\/www.ville-lege-capferret.fr\/agenda\/noel-sur-la-presquile\/\" target=\"_blank\" rel=\"noopener\">Pi\u00f9 informazioni<\/a><\/p>\n<\/div><\/div>\n\n\n\n<div class=\"wp-block-uagb-container uagb-block-5e3a4489 alignfull uagb-is-root-container\"><div class=\"uagb-container-inner-blocks-wrap\">\n<figure class=\"wp-block-image size-large\"><img loading=\"lazy\" decoding=\"async\" width=\"1024\" height=\"512\" src=\"https:\/\/bassin-arcachon.com\/wp-content\/uploads\/2024\/11\/Marche-de-Noel-Lege-Cap-Ferret-1024x512.png\" alt=\"- - Bassin d&#039;Arcachon\" class=\"wp-image-190629\" title=\"- - Bassin d&#039;Arcachon\" srcset=\"https:\/\/bassin-arcachon.com\/wp-content\/uploads\/2024\/11\/Marche-de-Noel-Lege-Cap-Ferret-1024x512.png 1024w, https:\/\/bassin-arcachon.com\/wp-content\/uploads\/2024\/11\/Marche-de-Noel-Lege-Cap-Ferret-600x300.png 600w, https:\/\/bassin-arcachon.com\/wp-content\/uploads\/2024\/11\/Marche-de-Noel-Lege-Cap-Ferret-768x384.png 768w, https:\/\/bassin-arcachon.com\/wp-content\/uploads\/2024\/11\/Marche-de-Noel-Lege-Cap-Ferret-18x9.png 18w, https:\/\/bassin-arcachon.com\/wp-content\/uploads\/2024\/11\/Marche-de-Noel-Lege-Cap-Ferret.png 1400w\" sizes=\"auto, (max-width: 1024px) 100vw, 1024px\" \/><figcaption class=\"wp-element-caption\">Ufficio del turismo di L\u00e8ge-Cap Ferret<\/figcaption><\/figure>\n<\/div><\/div>\n\n\n\n<div class=\"wp-block-uagb-container uagb-block-742a13cc alignfull uagb-is-root-container\"><div class=\"uagb-container-inner-blocks-wrap\"><\/div><\/div>\n\n\n\n<p><\/p>","protected":false},"excerpt":{"rendered":"<p>Cette ann\u00e9e encore, profitez des march\u00e9s et animations de no\u00ebl du Bassin d&rsquo;Arcachon ! Arcachon Du 13 d\u00e9cembre au 4 janvier 2026 &#8211; Samedi 14 d\u00e9cembre \u00e0 14h30 sur la [&hellip;]<\/p>\n","protected":false},"author":12,"featured_media":52692,"comment_status":"open","ping_status":"closed","sticky":false,"template":"","format":"standard","meta":{"_acf_changed":false,"_uag_custom_page_level_css":"","footnotes":""},"categories":[2133,2129],"tags":[463,76,242,267,232],"class_list":["post-11241","post","type-post","status-publish","format-standard","has-post-thumbnail","hentry","category-culture","category-nature-art-de-vivre","tag-animation-noel","tag-bassin-darcachon","tag-hiver","tag-marches-de-noel","tag-noel"],"acf":[],"uagb_featured_image_src":{"full":["https:\/\/bassin-arcachon.com\/wp-content\/uploads\/2022\/10\/marche-noel-arcachon.jpg",1080,1080,false],"thumbnail":["https:\/\/bassin-arcachon.com\/wp-content\/uploads\/2022\/10\/marche-noel-arcachon-150x150.jpg",150,150,true],"medium":["https:\/\/bassin-arcachon.com\/wp-content\/uploads\/2022\/10\/marche-noel-arcachon-600x600.jpg",600,600,true],"medium_large":["https:\/\/bassin-arcachon.com\/wp-content\/uploads\/2022\/10\/marche-noel-arcachon-768x768.jpg",768,768,true],"large":["https:\/\/bassin-arcachon.com\/wp-content\/uploads\/2022\/10\/marche-noel-arcachon-1024x1024.jpg",1024,1024,true],"1536x1536":["https:\/\/bassin-arcachon.com\/wp-content\/uploads\/2022\/10\/marche-noel-arcachon.jpg",1080,1080,false],"2048x2048":["https:\/\/bassin-arcachon.com\/wp-content\/uploads\/2022\/10\/marche-noel-arcachon.jpg",1080,1080,false],"trp-custom-language-flag":["https:\/\/bassin-arcachon.com\/wp-content\/uploads\/2022\/10\/marche-noel-arcachon-12x12.jpg",12,12,true]},"uagb_author_info":{"display_name":"Marine, habitante du Bassin d'Arcachon","author_link":"https:\/\/bassin-arcachon.com\/it\/author\/marinesiba\/"},"uagb_comment_info":0,"uagb_excerpt":"Cette ann\u00e9e encore, profitez des march\u00e9s et animations de no\u00ebl du Bassin d&rsquo;Arcachon ! Arcachon Du 13 d\u00e9cembre au 4 janvier 2026 &#8211; Samedi 14 d\u00e9cembre \u00e0 14h30 sur la [&hellip;]","_links":{"self":[{"href":"https:\/\/bassin-arcachon.com\/it\/wp-json\/wp\/v2\/posts\/11241","targetHints":{"allow":["GET"]}}],"collection":[{"href":"https:\/\/bassin-arcachon.com\/it\/wp-json\/wp\/v2\/posts"}],"about":[{"href":"https:\/\/bassin-arcachon.com\/it\/wp-json\/wp\/v2\/types\/post"}],"author":[{"embeddable":true,"href":"https:\/\/bassin-arcachon.com\/it\/wp-json\/wp\/v2\/users\/12"}],"replies":[{"embeddable":true,"href":"https:\/\/bassin-arcachon.com\/it\/wp-json\/wp\/v2\/comments?post=11241"}],"version-history":[{"count":135,"href":"https:\/\/bassin-arcachon.com\/it\/wp-json\/wp\/v2\/posts\/11241\/revisions"}],"predecessor-version":[{"id":197977,"href":"https:\/\/bassin-arcachon.com\/it\/wp-json\/wp\/v2\/posts\/11241\/revisions\/197977"}],"wp:featuredmedia":[{"embeddable":true,"href":"https:\/\/bassin-arcachon.com\/it\/wp-json\/wp\/v2\/media\/52692"}],"wp:attachment":[{"href":"https:\/\/bassin-arcachon.com\/it\/wp-json\/wp\/v2\/media?parent=11241"}],"wp:term":[{"taxonomy":"category","embeddable":true,"href":"https:\/\/bassin-arcachon.com\/it\/wp-json\/wp\/v2\/categories?post=11241"},{"taxonomy":"post_tag","embeddable":true,"href":"https:\/\/bassin-arcachon.com\/it\/wp-json\/wp\/v2\/tags?post=11241"}],"curies":[{"name":"wp","href":"https:\/\/api.w.org\/{rel}","templated":true}]}}