{"id":144631,"date":"2025-02-11T11:37:25","date_gmt":"2025-02-11T10:37:25","guid":{"rendered":"https:\/\/bassin-arcachon.com\/?p=144631"},"modified":"2025-04-23T10:38:52","modified_gmt":"2025-04-23T08:38:52","slug":"giro-del-mondo-di-80-km-con-una-tribu","status":"publish","type":"post","link":"https:\/\/bassin-arcachon.com\/it\/tour-du-monde-en-80-km-en-tribu\/","title":{"rendered":"Il giro del mondo in 80 km\u2026 come trib\u00f9!"},"content":{"rendered":"<div class=\"wp-block-uagb-container uagb-block-1976b0cc alignfull uagb-is-root-container\"><div class=\"uagb-container-inner-blocks-wrap\">\n<p>La nostra promessa? UN <a href=\"https:\/\/bassin-arcachon.com\/it\/scopri-il-giro-del-mondo-in-80-km\/\">giro del mondo senza uscire dall&#039;Bassin di Arcachon<\/a> e senza il jet lag! Aggiungete a tutto questo la possibilit\u00e0 di fare tutto in bicicletta e senza passaporto... un&#039;epopea in famiglia attorno all&#039;Bassin di Arcachon, da vivere con la vostra trib\u00f9!<\/p>\n<\/div><\/div>\n\n\n\n<div class=\"wp-block-uagb-container uagb-block-b6b3dc3d alignfull uagb-is-root-container\"><div class=\"uagb-container-inner-blocks-wrap\">\n<h2 class=\"wp-block-heading\">Giorno 1: nei meandri di un delta africano, tra Bassin e foresta <\/h2>\n<\/div><\/div>\n\n\n\n<div class=\"wp-block-uagb-container uagb-block-81504f36 alignfull uagb-is-root-container\"><div class=\"uagb-container-inner-blocks-wrap\">\n<p>Prima tappa: <strong>la stazione ferroviaria <a href=\"https:\/\/tourisme-coeurdubassin.com\/le-coeur-du-bassin\/nos-communes-au-coeur-du-bassin\/biganos\/\" target=\"_blank\" rel=\"noopener\">Biganos<\/a><\/strong> ! In sole 3 ore, sarai lontano dal caos e dalla frenesia di Parigi, <strong>nel cuore del Bassin di Arcachon<\/strong> ! <br>Appena scesi dal treno, ritirate le vostre bici <strong><a href=\"https:\/\/bassin-arcachon.com\/it\/muoversi-in-piscina\/noleggio-biciclette\/%40-cuore-pelvico\/\">presso una delle compagnie di autonoleggio vicine alla stazione<\/a><\/strong> (<em>o fartelo consegnare<\/em>) e inizia il tuo viaggio verso <strong><a href=\"https:\/\/tourisme-coeurdubassin.com\/le-coeur-du-bassin\/nos-communes-au-coeur-du-bassin\/mios\/\" target=\"_blank\" rel=\"noopener\">Mios<\/a><\/strong>, una graziosa cittadina incastonata tra fiume e foresta! <strong>Un cambio di scenario garantito!<\/strong><\/p>\n\n\n\n<p>Cogli l&#039;occasione per sbarazzarti di tutta la tua attrezzatura. <strong>al tuo alloggio<\/strong> ! Per un&#039;esperienza autentica, perch\u00e9 non optare per <strong><a href=\"https:\/\/tourisme-coeurdubassin.com\/hebergement\/chambres-dhotes\/\" target=\"_blank\" rel=\"noopener\">un bed and breakfast<\/a><\/strong> ? Ce ne sono diversi su <strong>Mios<\/strong> \ud83c\udfe1 !<\/p>\n\n\n\n<p>Continua la tua mattinata giocando <strong>gli esploratori apprendisti<\/strong>, alla scoperta delle rive dell&#039;Eyre con la<strong>&nbsp;<a href=\"https:\/\/tourisme-coeurdubassin.com\/visites-et-activites\/randonnee-a-pied\/ITIAQU033V50ZUP1_terra-aventura-de-lamazonie-dans-leyre\/\" target=\"_blank\" rel=\"noreferrer noopener\">Percorso T\u00e8rra Aventura \u201cDall&#039;Amazzonia all&#039;Eyre\u201d&nbsp;<\/a><a href=\"https:\/\/tourisme-coeurdubassin.com\/visites-et-activites\/randonnee-a-pied\/ITIAQU033V50ZUP1_terra-aventura-de-lamazonie-dans-leyre\/\" target=\"_blank\" rel=\"noopener\">\u00bb<\/a><\/strong>&nbsp;(<em>durata: circa 2 ore<\/em>) \ud83d\udd0e.<\/p>\n\n\n\n<p><strong>L&#039;avventura ti fa venire fame!<\/strong> Per i pi\u00f9 organizzati, un pic-nic sulle rive dell&#039;Eyre, per gli altri, niente stress: <strong><a href=\"https:\/\/www.facebook.com\/rotisserievaldeleyre\/?locale=fr_FR\" target=\"_blank\" rel=\"noopener\">la rosticceria Val de l&#039;Eyre<\/a><\/strong> \u00e8 l\u00ec, come un&#039;oasi nel deserto (<em>o meglio nella foresta<\/em> \ud83c\udf32). Fondata nel 1982, \u00e8 <strong>aperto da maggio a ottobre<\/strong> e propone di <strong>deliziosi polli arrosto allevati all&#039;aperto<\/strong>, alla vecchia maniera!<\/p>\n\n\n\n<p><strong>Il nostro consiglio <\/strong>\u2b50<strong> : <\/strong>in totale hai <strong><a href=\"https:\/\/bassin-arcachon.com\/it\/modalita-avventuriero-del-bacino-del-darcachon\/\">6 percorsi Terra Aventura<\/a><\/strong> da scoprire proprio sulla scala del Bassin! Per preparare al meglio il vostro soggiorno, \u00e8 opportuno <a href=\"https:\/\/www.calameo.com\/gironde-tourisme\/read\/0002587138e423e5359e3\" target=\"_blank\" rel=\"noopener\"><strong>qua<\/strong><\/a> !<\/p>\n<\/div><\/div>\n\n\n\n<div class=\"wp-block-uagb-container uagb-block-410891d4 alignfull uagb-is-root-container\"><div class=\"uagb-container-inner-blocks-wrap\">\n<figure class=\"wp-block-image size-large\"><img loading=\"lazy\" decoding=\"async\" width=\"1024\" height=\"614\" src=\"https:\/\/bassin-arcachon.com\/wp-content\/uploads\/2025\/02\/Design-sans-titre-2025-02-12T153037.397-1024x614.png\" alt=\"- - Bassin d&#039;Arcachon\" class=\"wp-image-145125\" title=\"- - Bassin d&#039;Arcachon\" srcset=\"https:\/\/bassin-arcachon.com\/wp-content\/uploads\/2025\/02\/Design-sans-titre-2025-02-12T153037.397-1024x614.png 1024w, https:\/\/bassin-arcachon.com\/wp-content\/uploads\/2025\/02\/Design-sans-titre-2025-02-12T153037.397-600x360.png 600w, https:\/\/bassin-arcachon.com\/wp-content\/uploads\/2025\/02\/Design-sans-titre-2025-02-12T153037.397-768x461.png 768w, https:\/\/bassin-arcachon.com\/wp-content\/uploads\/2025\/02\/Design-sans-titre-2025-02-12T153037.397-1536x922.png 1536w, https:\/\/bassin-arcachon.com\/wp-content\/uploads\/2025\/02\/Design-sans-titre-2025-02-12T153037.397-18x12.png 18w, https:\/\/bassin-arcachon.com\/wp-content\/uploads\/2025\/02\/Design-sans-titre-2025-02-12T153037.397.png 2000w\" sizes=\"auto, (max-width: 1024px) 100vw, 1024px\" \/><figcaption class=\"wp-element-caption\">\u00a9 Malika Turin \/ Turismo Gironda<\/figcaption><\/figure>\n<\/div><\/div>\n\n\n\n<div class=\"wp-block-uagb-container uagb-block-afe558cb alignfull uagb-is-root-container\"><div class=\"uagb-container-inner-blocks-wrap\">\n<p>Continua questo giorno <strong>fuori dai sentieri battuti<\/strong> direzione Audenge, e la sua <strong><a href=\"https:\/\/bassin-arcachon.com\/it\/i-nostri-elementi-essenziali\/le-zone-di-certamente-graveyron\/\">Certamente domini di Graveyron<\/a> !<\/strong> Nel cielo, sull&#039;acqua...e persino sottoterra, parti alla scoperta <strong>specie che abitano questi spazi naturali \u200b\ud83e\udda2\u200b\ud83d\udc1a\u200b\ud83e\udd94\u200b\ud83d\udc22\u200b!<\/strong> Diventa un esperto della flora e della fauna locali partecipando alle visite guidate organizzate dall&#039;<strong><a href=\"https:\/\/tourisme-coeurdubassin.com\/visites-et-activites\/visites-guidees\/catalogue-visites-guidees-arcachon\/r\/thematiques\/instinct_nature\/\" target=\"_blank\" rel=\"noopener\">Ufficio turistico Cuore di Bassin<\/a><\/strong> !<\/p>\n\n\n\n<p><strong>Il nostro consiglio <\/strong>\u2b50<strong> : <\/strong>Per concludere questa giornata in bellezza, a seconda della stagione (da giugno a ottobre), concedetevi un concerto all&#039;aperto con qualche tapas al <strong><a href=\"https:\/\/www.facebook.com\/chezpopotes?locale=fr_FR\" target=\"_blank\" rel=\"noopener\">Mios Guingette al PO&#039;potes<\/a><\/strong> ! Serate a tema che vi porteranno in un viaggio: <strong>in modalit\u00e0 fiera spagnola, serata orientale, blues creola o addirittura americana!<\/strong><br><\/p>\n<\/div><\/div>\n\n\n\n<div class=\"wp-block-uagb-container uagb-block-27e97ffa alignfull uagb-is-root-container\"><div class=\"uagb-container-inner-blocks-wrap\">\n<figure class=\"wp-block-image size-large\"><img loading=\"lazy\" decoding=\"async\" width=\"1024\" height=\"614\" src=\"https:\/\/bassin-arcachon.com\/wp-content\/uploads\/2025\/02\/Design-sans-titre-2025-02-12T154340.398-1024x614.png\" alt=\"- - Bassin d&#039;Arcachon\" class=\"wp-image-145126\" title=\"- - Bassin d&#039;Arcachon\" srcset=\"https:\/\/bassin-arcachon.com\/wp-content\/uploads\/2025\/02\/Design-sans-titre-2025-02-12T154340.398-1024x614.png 1024w, https:\/\/bassin-arcachon.com\/wp-content\/uploads\/2025\/02\/Design-sans-titre-2025-02-12T154340.398-600x360.png 600w, https:\/\/bassin-arcachon.com\/wp-content\/uploads\/2025\/02\/Design-sans-titre-2025-02-12T154340.398-768x461.png 768w, https:\/\/bassin-arcachon.com\/wp-content\/uploads\/2025\/02\/Design-sans-titre-2025-02-12T154340.398-1536x922.png 1536w, https:\/\/bassin-arcachon.com\/wp-content\/uploads\/2025\/02\/Design-sans-titre-2025-02-12T154340.398-18x12.png 18w, https:\/\/bassin-arcachon.com\/wp-content\/uploads\/2025\/02\/Design-sans-titre-2025-02-12T154340.398.png 2000w\" sizes=\"auto, (max-width: 1024px) 100vw, 1024px\" \/><figcaption class=\"wp-element-caption\">\u00a9 Gr\u00e9gory Cassiau \/ Turismo della Gironda<\/figcaption><\/figure>\n<\/div><\/div>\n\n\n\n<div class=\"wp-block-uagb-container uagb-block-0150b993 alignfull uagb-is-root-container\"><div class=\"uagb-container-inner-blocks-wrap\">\n<h2 class=\"wp-block-heading\">Dove mangiare, dove dormire? <\/h2>\n<\/div><\/div>\n\n\n\n<div class=\"wp-block-uagb-container uagb-block-bfca0b85 alignfull uagb-is-root-container\"><div class=\"uagb-container-inner-blocks-wrap\">\n<p>Stai cercando un<strong> un nido accogliente per il tuo soggiorno?<\/strong> UN <strong>piccolo bistrot intimo per cena <\/strong>? Per organizzare al meglio il tuo soggiorno, scopri tutti <strong>ristoranti e alloggi<\/strong> Su <a href=\"https:\/\/bassin-arcachon.com\/it\/scarica-la-nostra-applicazione\/\"><strong>Applicazione mobile Bassin di Arcachon<\/strong><\/a> !<\/p>\n<\/div><\/div>\n\n\n\n<div class=\"wp-block-uagb-container uagb-block-36bddd5a alignfull uagb-is-root-container\"><div class=\"uagb-container-inner-blocks-wrap\">\n<h2 class=\"wp-block-heading\">Giorno 2: Battiti d&#039;ali e pagaiate <\/h2>\n<\/div><\/div>\n\n\n\n<div class=\"wp-block-uagb-container uagb-block-b29df375 alignfull uagb-is-root-container\"><div class=\"uagb-container-inner-blocks-wrap\">\n<p>Al mattino, sali sulla tua bici per raggiungere <strong>Stazione Biganos<\/strong> e sali dentro <strong>il treno con la direzione delle tue bici <a href=\"https:\/\/leteich-ecotourisme.fr\/\" target=\"_blank\" rel=\"noopener\">Le Teich<\/a><\/strong> per una mattina sotto il segno di<strong> ornitologia <\/strong>!<\/p>\n\n\n\n<p>Escursione nel cuore della<strong><a href=\"https:\/\/bassin-arcachon.com\/it\/bacino-di-arcachon-mentre-gli-uccelli-cantano\/\"> Riserva ornitologica di Teich<\/a><\/strong> e prova ad osservare uno dei<strong> 328 specie di uccelli<\/strong> che rimangono l\u00ec,<strong> tra boschi, canneti, prati, paludi marittime e lagune! <\/strong><\/p>\n\n\n\n<p>E s\u00ec, perch\u00e9 il Bassin di Arcachon si trova <strong>nel cuore di uno dei corridoi migratori pi\u00f9 importanti del pianeta<\/strong>&nbsp;: il corridoio migratorio&nbsp;<strong>Atlantico orientale<\/strong>, utilizzato ogni anno da decine di milioni di uccelli provenienti dalle terre nordiche (<em>Nord Europa, Russia, Siberia, Islanda, Groenlandia, Canada\u2026<\/em>).&nbsp;<strong>Gran parte di questi uccelli transitano ogni autunno attraverso la Francia per raggiungere il bacino del Mediterraneo o l&#039;Africa.<\/strong>.&nbsp;<\/p>\n\n\n\n<p>Quindi queste sono le diverse specie che scoprirai <strong>nel corso delle stagioni e a seconda dei periodi di migrazione!<\/strong><\/p>\n\n\n\n<p><strong>Il nostro consiglio <\/strong>\u2b50: Da aprile a novembre, scegli una visita combinata! Il concetto: <strong>una gita collettiva in canoa<\/strong> sulla Leyre (<em>o l&#039;Eyre, entrambi sono detti qui<\/em>), Poi <strong>una scoperta a piedi della Riserva con una guida naturalistica<\/strong> ! Dai 6 anni in poi, maggiori informazioni su<strong> <a href=\"https:\/\/www.reserve-ornithologique-du-teich.com\/\" target=\"_blank\" rel=\"noopener\">qua<\/a> <\/strong>!<\/p>\n\n\n\n<p><strong>Lato pranzo<\/strong>, potrete optare per un pic-nic durante la vostra passeggiata, oppure per una sosta gourmet al <strong><a href=\"https:\/\/www.facebook.com\/p\/La-Brasserie-Du-Delta-100063632343849\/?locale=fr_FR\" target=\"_blank\" rel=\"noopener\">Birrificio Delta<\/a> situato all&#039;ingresso della Riserva <\/strong>!<\/p>\n<\/div><\/div>\n\n\n\n<div class=\"wp-block-uagb-container uagb-block-e454403f alignfull uagb-is-root-container\"><div class=\"uagb-container-inner-blocks-wrap\">\n<figure class=\"wp-block-image size-large\"><img loading=\"lazy\" decoding=\"async\" width=\"1024\" height=\"614\" src=\"https:\/\/bassin-arcachon.com\/wp-content\/uploads\/2025\/02\/Design-sans-titre-2025-02-12T162124.564-1024x614.png\" alt=\"- - Bassin d&#039;Arcachon\" class=\"wp-image-145130\" title=\"- - Bassin d&#039;Arcachon\" srcset=\"https:\/\/bassin-arcachon.com\/wp-content\/uploads\/2025\/02\/Design-sans-titre-2025-02-12T162124.564-1024x614.png 1024w, https:\/\/bassin-arcachon.com\/wp-content\/uploads\/2025\/02\/Design-sans-titre-2025-02-12T162124.564-600x360.png 600w, https:\/\/bassin-arcachon.com\/wp-content\/uploads\/2025\/02\/Design-sans-titre-2025-02-12T162124.564-768x461.png 768w, https:\/\/bassin-arcachon.com\/wp-content\/uploads\/2025\/02\/Design-sans-titre-2025-02-12T162124.564-1536x922.png 1536w, https:\/\/bassin-arcachon.com\/wp-content\/uploads\/2025\/02\/Design-sans-titre-2025-02-12T162124.564-18x12.png 18w, https:\/\/bassin-arcachon.com\/wp-content\/uploads\/2025\/02\/Design-sans-titre-2025-02-12T162124.564.png 2000w\" sizes=\"auto, (max-width: 1024px) 100vw, 1024px\" \/><figcaption class=\"wp-element-caption\">\u00a9 Charlotte Bertonneau \/ M\u00e9lanny Rodrigues<\/figcaption><\/figure>\n<\/div><\/div>\n\n\n\n<div class=\"wp-block-uagb-container uagb-block-5742f1b7 alignfull uagb-is-root-container\"><div class=\"uagb-container-inner-blocks-wrap\">\n<p><br>Nel pomeriggio, continua il tuo giro del mondo verso <strong>America<\/strong>, e pi\u00f9 in particolare la regione dei Grandi Laghi <strong>andando al lago Cazaux<\/strong>, A <strong><a href=\"https:\/\/tourisme-latestedebuch.com\/\" target=\"_blank\" rel=\"noopener\">La Teste de Buch!<\/a> <\/strong>E s\u00ec, perch\u00e9 \u00e8 ancora il<strong> 6\u00b0 lago d&#039;acqua dolce pi\u00f9 grande<\/strong> dalla Francia!<\/p>\n\n\n\n<p><strong>Suggerimenti per il trasporto \ud83d\udeb2:<\/strong> Per arrivarci da Le Teich, scegli un mix <strong>treno\/bici<\/strong> ! Alcune compagnie di noleggio hanno la possibilit\u00e0 di venire<strong> ritira la tua bici direttamente dove ti trovi<\/strong> ! Devi solo dirglielo in anticipo (<em>al momento della prenotazione ad esempio<\/em>) e ritireranno la tua bici dalla stazione di Teich.<\/p>\n\n\n\n<p><strong>Suggerimenti per il trasporto \ud83d\udeb2:<\/strong> Una volta arrivati al <strong>Stazione ferroviaria di La Teste<\/strong>, puoi unirti<strong> <a href=\"chrome-extension:\/\/efaidnbmnnnibpcajpcglclefindmkaj\/https:\/\/www.agglo-cobas.fr\/wp-content\/uploads\/2024\/03\/VDEF-plan-pistes-cyclables-cobas-2024-web.pdf\">COBAS percorso 11, verso lo scalo nautico di Cazaux<\/a><\/strong> ! Ma prima di questo, compra delle bici nuove <strong><a href=\"https:\/\/bassin-arcachon.com\/it\/muoversi-in-piscina\/noleggio-biciclette\/%40la-prova-del-legno\/\">da una delle nostre compagnie di noleggio a La Teste, oppure farla consegnare direttamente alla stazione<\/a><\/strong> ! Pensa solo <strong>per riportarli sani e salvi al tuo ritorno, o per anticiparne la guarigione.<\/strong> \ud83d\ude09<\/p>\n\n\n\n<p>Una volta arrivati al lago, ce n&#039;\u00e8 per tutti i gusti:<strong> piuttosto rilassati sulla spiaggia, apprendisti esploratori su una barca a vela, sportivi su un paddleboard <\/strong>o su misura <strong>Davy Crockett in canoa sul Leyre!<\/strong><\/p>\n\n\n\n<p><strong>Il nostro consiglio <\/strong>\u2b50: nelle giornate di sole, arrivate a met\u00e0 pomeriggio e godetevi il tramonto sul lago: il posto ideale per <strong>un picnic in famiglia<\/strong> ! Troverai anche <strong>diversi ristoranti<\/strong> intorno al lago, sono tutti dentro<a href=\"https:\/\/bassin-arcachon.com\/it\/scarica-la-nostra-applicazione\/\"> <strong>Applicazione Bassin di Arcachon<\/strong><\/a> !<\/p>\n\n\n\n<p>Per <strong>la tua notte<\/strong>, scegli l&#039;alloggio su <strong><a href=\"https:\/\/tourisme-latestedebuch.com\/ou-dormir\/\" target=\"_blank\" rel=\"noopener\">La Teste de Buch<\/a><\/strong>, vicino al lago Cazaux.<\/p>\n\n\n\n<div class=\"wp-block-uagb-container uagb-block-411607ed\">\n<figure class=\"wp-block-image size-large\"><img loading=\"lazy\" decoding=\"async\" width=\"1024\" height=\"614\" src=\"https:\/\/bassin-arcachon.com\/wp-content\/uploads\/2025\/02\/Design-sans-titre-2025-02-12T164554.479-1024x614.png\" alt=\"- - Bassin d&#039;Arcachon\" class=\"wp-image-145135\" title=\"- - Bassin d&#039;Arcachon\" srcset=\"https:\/\/bassin-arcachon.com\/wp-content\/uploads\/2025\/02\/Design-sans-titre-2025-02-12T164554.479-1024x614.png 1024w, https:\/\/bassin-arcachon.com\/wp-content\/uploads\/2025\/02\/Design-sans-titre-2025-02-12T164554.479-600x360.png 600w, https:\/\/bassin-arcachon.com\/wp-content\/uploads\/2025\/02\/Design-sans-titre-2025-02-12T164554.479-768x461.png 768w, https:\/\/bassin-arcachon.com\/wp-content\/uploads\/2025\/02\/Design-sans-titre-2025-02-12T164554.479-1536x922.png 1536w, https:\/\/bassin-arcachon.com\/wp-content\/uploads\/2025\/02\/Design-sans-titre-2025-02-12T164554.479-18x12.png 18w, https:\/\/bassin-arcachon.com\/wp-content\/uploads\/2025\/02\/Design-sans-titre-2025-02-12T164554.479.png 2000w\" sizes=\"auto, (max-width: 1024px) 100vw, 1024px\" \/><figcaption class=\"wp-element-caption\">\u00a9 Gr\u00e9gory Cassiau<\/figcaption><\/figure>\n<\/div>\n<\/div><\/div>\n\n\n\n<div class=\"wp-block-uagb-container uagb-block-5af40b07 alignfull uagb-is-root-container\"><div class=\"uagb-container-inner-blocks-wrap\">\n<h2 class=\"wp-block-heading\">Giorno 3: banchi di sabbia, come in Polinesia<\/h2>\n\n\n\n<p>La fine del tuo viaggio si avvicina\u2026 Ma non \u00e8 il caso di partire senza visitare il <strong>La spiaggia pi\u00f9 grande di Arcachon e i suoi banchi di sabbia che sembrano la fine del mondo: <a href=\"https:\/\/www.arcachon.com\/offres\/plage-pereire-arcachon-fr-3339780\/\" target=\"_blank\" rel=\"noopener\">Spiaggia di Pereire<\/a> ! <\/strong><\/p>\n\n\n\n<p>All&#039;ordine del giorno: relax, <strong>giochi sulla sabbia e sulle strutture per bambini<\/strong> e anche <strong>sessione di skateboard o rollerblade<\/strong> per i pi\u00f9 attrezzati! Con la bassa marea, andate ad esplorare i banchi di sabbia! <strong>Sembra quasi di camminare sull&#039;acqua! <\/strong><\/p>\n\n\n\n<p><strong><strong>Il nostro consiglio <\/strong>\u2b50<\/strong> : al ritorno alla stazione di Arcachon, approfittatene per concedervi un <strong>breve passeggiata nel centro della citt\u00e0<\/strong> da Arcachon! Questa \u00e8 l&#039;occasione per scoprire <strong>i tuoi ricordi migliori per compiacere i tuoi cari<\/strong> !<\/p>\n<\/div><\/div>\n\n\n\n<div class=\"wp-block-uagb-container uagb-block-931504bb alignfull uagb-is-root-container\"><div class=\"uagb-container-inner-blocks-wrap\">\n<figure class=\"wp-block-image size-large\"><img loading=\"lazy\" decoding=\"async\" width=\"1024\" height=\"614\" src=\"https:\/\/bassin-arcachon.com\/wp-content\/uploads\/2025\/02\/Design-sans-titre-2025-02-11T171356.085-1024x614.png\" alt=\"- - Bassin d&#039;Arcachon\" class=\"wp-image-144645\" title=\"- - Bassin d&#039;Arcachon\" srcset=\"https:\/\/bassin-arcachon.com\/wp-content\/uploads\/2025\/02\/Design-sans-titre-2025-02-11T171356.085-1024x614.png 1024w, https:\/\/bassin-arcachon.com\/wp-content\/uploads\/2025\/02\/Design-sans-titre-2025-02-11T171356.085-600x360.png 600w, https:\/\/bassin-arcachon.com\/wp-content\/uploads\/2025\/02\/Design-sans-titre-2025-02-11T171356.085-768x461.png 768w, https:\/\/bassin-arcachon.com\/wp-content\/uploads\/2025\/02\/Design-sans-titre-2025-02-11T171356.085-1536x922.png 1536w, https:\/\/bassin-arcachon.com\/wp-content\/uploads\/2025\/02\/Design-sans-titre-2025-02-11T171356.085-18x12.png 18w, https:\/\/bassin-arcachon.com\/wp-content\/uploads\/2025\/02\/Design-sans-titre-2025-02-11T171356.085.png 2000w\" sizes=\"auto, (max-width: 1024px) 100vw, 1024px\" \/><figcaption class=\"wp-element-caption\">\u00a9 Jean Philippe Bellon<\/figcaption><\/figure>\n<\/div><\/div>\n\n\n\n<div class=\"wp-block-uagb-container uagb-block-3beb8e28 alignfull uagb-is-root-container\"><div class=\"uagb-container-inner-blocks-wrap\">\n<h3 class=\"wp-block-heading\">Allora, pronti a fare le valigie? \ud83e\udd70<\/h3>\n<\/div><\/div>","protected":false},"excerpt":{"rendered":"<p>Notre promesse ? Un tour du monde sans quitter le Bassin d&rsquo;Arcachon et le d\u00e9calage horaire en moins ! Ajoutez \u00e0 \u00e7a la possibilit\u00e9 de tout faire \u00e0 v\u00e9lo, et [&hellip;]<\/p>\n","protected":false},"author":25,"featured_media":147892,"comment_status":"closed","ping_status":"open","sticky":false,"template":"","format":"standard","meta":{"_acf_changed":false,"_uag_custom_page_level_css":"","footnotes":""},"categories":[2129],"tags":[86,2196,2199,2200],"class_list":["post-144631","post","type-post","status-publish","format-standard","has-post-thumbnail","hentry","category-nature-art-de-vivre","tag-famille","tag-tour-du-monde","tag-tribu","tag-voyage"],"acf":[],"uagb_featured_image_src":{"full":["https:\/\/bassin-arcachon.com\/wp-content\/uploads\/2025\/02\/Karine-Medina-Photographe-5308-scaled.jpg",2560,1703,false],"thumbnail":["https:\/\/bassin-arcachon.com\/wp-content\/uploads\/2025\/02\/Karine-Medina-Photographe-5308-scaled-150x150.jpg",150,150,true],"medium":["https:\/\/bassin-arcachon.com\/wp-content\/uploads\/2025\/02\/Karine-Medina-Photographe-5308-scaled-600x399.jpg",600,399,true],"medium_large":["https:\/\/bassin-arcachon.com\/wp-content\/uploads\/2025\/02\/Karine-Medina-Photographe-5308-scaled-768x511.jpg",768,511,true],"large":["https:\/\/bassin-arcachon.com\/wp-content\/uploads\/2025\/02\/Karine-Medina-Photographe-5308-scaled-1024x681.jpg",1024,681,true],"1536x1536":["https:\/\/bassin-arcachon.com\/wp-content\/uploads\/2025\/02\/Karine-Medina-Photographe-5308-scaled-1536x1022.jpg",1536,1022,true],"2048x2048":["https:\/\/bassin-arcachon.com\/wp-content\/uploads\/2025\/02\/Karine-Medina-Photographe-5308-scaled-2048x1362.jpg",2048,1362,true],"trp-custom-language-flag":["https:\/\/bassin-arcachon.com\/wp-content\/uploads\/2025\/02\/Karine-Medina-Photographe-5308-scaled-18x12.jpg",18,12,true]},"uagb_author_info":{"display_name":"Marie Clauzel","author_link":"https:\/\/bassin-arcachon.com\/it\/author\/mariesiba\/"},"uagb_comment_info":0,"uagb_excerpt":"Notre promesse ? Un tour du monde sans quitter le Bassin d&rsquo;Arcachon et le d\u00e9calage horaire en moins ! Ajoutez \u00e0 \u00e7a la possibilit\u00e9 de tout faire \u00e0 v\u00e9lo, et [&hellip;]","_links":{"self":[{"href":"https:\/\/bassin-arcachon.com\/it\/wp-json\/wp\/v2\/posts\/144631","targetHints":{"allow":["GET"]}}],"collection":[{"href":"https:\/\/bassin-arcachon.com\/it\/wp-json\/wp\/v2\/posts"}],"about":[{"href":"https:\/\/bassin-arcachon.com\/it\/wp-json\/wp\/v2\/types\/post"}],"author":[{"embeddable":true,"href":"https:\/\/bassin-arcachon.com\/it\/wp-json\/wp\/v2\/users\/25"}],"replies":[{"embeddable":true,"href":"https:\/\/bassin-arcachon.com\/it\/wp-json\/wp\/v2\/comments?post=144631"}],"version-history":[{"count":48,"href":"https:\/\/bassin-arcachon.com\/it\/wp-json\/wp\/v2\/posts\/144631\/revisions"}],"predecessor-version":[{"id":158130,"href":"https:\/\/bassin-arcachon.com\/it\/wp-json\/wp\/v2\/posts\/144631\/revisions\/158130"}],"wp:featuredmedia":[{"embeddable":true,"href":"https:\/\/bassin-arcachon.com\/it\/wp-json\/wp\/v2\/media\/147892"}],"wp:attachment":[{"href":"https:\/\/bassin-arcachon.com\/it\/wp-json\/wp\/v2\/media?parent=144631"}],"wp:term":[{"taxonomy":"category","embeddable":true,"href":"https:\/\/bassin-arcachon.com\/it\/wp-json\/wp\/v2\/categories?post=144631"},{"taxonomy":"post_tag","embeddable":true,"href":"https:\/\/bassin-arcachon.com\/it\/wp-json\/wp\/v2\/tags?post=144631"}],"curies":[{"name":"wp","href":"https:\/\/api.w.org\/{rel}","templated":true}]}}