{"id":204037,"date":"2026-03-22T13:43:31","date_gmt":"2026-03-22T12:43:31","guid":{"rendered":"https:\/\/bassin-arcachon.com\/?p=204037"},"modified":"2026-04-08T12:09:32","modified_gmt":"2026-04-08T10:09:32","slug":"la-tua-sfida-di-primavera-il-giro-del-bacino-in-bicicletta","status":"publish","type":"post","link":"https:\/\/bassin-arcachon.com\/it\/votre-defi-pour-ce-pintemps-le-tour-du-bassin-a-velo\/","title":{"rendered":"La vostra sfida di primavera: il giro in bicicletta Bassin"},"content":{"rendered":"<div class=\"wp-block-uagb-container uagb-block-2ea56cdd alignfull uagb-is-root-container\"><div class=\"uagb-container-inner-blocks-wrap\">\n<p>Nuova stagione, nuove sfide! E se quest'anno voleste affrontare <strong>in giro per l'Bassin... in bicicletta <\/strong>62 km di circonferenza, ma pi\u00f9 di 330 km di piste ciclabili. Un bel parco giochi per <strong>giovani e anziani, tutto l'anno<\/strong> !<\/p>\n<\/div><\/div>\n\n\n\n<div class=\"wp-block-uagb-container uagb-block-00fc8886 alignfull uagb-is-root-container\"><div class=\"uagb-container-inner-blocks-wrap\">\n<figure class=\"wp-block-image size-large\"><img loading=\"lazy\" decoding=\"async\" width=\"1024\" height=\"512\" src=\"https:\/\/bassin-arcachon.com\/wp-content\/uploads\/2025\/12\/3-1024x512.png\" alt=\"Tre giovani donne sedute su una panchina di fronte a Bassin durante la bassa marea. Una bicicletta bianca \u00e8 appoggiata alla panchina.\" class=\"wp-image-204041\" title=\"- - Bassin d&#039;Arcachon\" srcset=\"https:\/\/bassin-arcachon.com\/wp-content\/uploads\/2025\/12\/3-1024x512.png 1024w, https:\/\/bassin-arcachon.com\/wp-content\/uploads\/2025\/12\/3-600x300.png 600w, https:\/\/bassin-arcachon.com\/wp-content\/uploads\/2025\/12\/3-768x384.png 768w, https:\/\/bassin-arcachon.com\/wp-content\/uploads\/2025\/12\/3-18x9.png 18w, https:\/\/bassin-arcachon.com\/wp-content\/uploads\/2025\/12\/3.png 1400w\" sizes=\"auto, (max-width: 1024px) 100vw, 1024px\" \/><figcaption class=\"wp-element-caption\"><em>\u00a9<\/em> Agenzia Les Conteurs<\/figcaption><\/figure>\n<\/div><\/div>\n\n\n\n<div class=\"wp-block-uagb-container uagb-block-cd85807e alignfull uagb-is-root-container\"><div class=\"uagb-container-inner-blocks-wrap\">\n<h2 class=\"wp-block-heading\">Preparazione del viaggio \ud83d\udcdd<\/h2>\n<\/div><\/div>\n\n\n\n<div class=\"wp-block-uagb-container uagb-block-04207d0c alignfull uagb-is-root-container\"><div class=\"uagb-container-inner-blocks-wrap\">\n<p>Il tour Bassin pu\u00f2 essere fatto in un giorno, su una bici manuale per i pi\u00f9 sportivi o su una bici elettrica. Ma il nostro consiglio \u00e8 di prenderla con calma e di <strong>per godere appieno dei nostri tesori locali. <\/strong><\/p>\n\n\n\n<p>Per semplificare la vita, ecco il nostro <strong>lista di controllo <\/strong>elementi essenziali da portare con s\u00e9:<\/p>\n<\/div><\/div>\n\n\n\n<div class=\"wp-block-uagb-container uagb-block-7b35bdda alignfull uagb-is-root-container\"><div class=\"uagb-container-inner-blocks-wrap\">\n<ul class=\"wp-block-list\">\n<li>Fiaschetta<\/li>\n\n\n\n<li>Abbigliamento adatto alle condizioni atmosferiche (<em>e pu\u00f2 cambiare di momento in momento, con il ritmo delle maree!<\/em>)<\/li>\n\n\n\n<li>Cappellino, crema solare e occhiali da sole (<em>dipende sempre dal tempo<\/em>)<\/li>\n\n\n\n<li>Borse da bici o zaino adatto<\/li>\n\n\n\n<li>Un piccolo spuntino per non perdere il controllo (<em>o pi\u00f9 per chi vuole fare un picnic, naturalmente<\/em>)<\/li>\n\n\n\n<li>Il tuo <strong><a href=\"https:\/\/www.calameo.com\/bassin-arcachon\/read\/000024421306f9920b5fd\" target=\"_blank\" rel=\"noopener\">Mappa turistica di Arcachon Bassin<\/a><\/strong>, da raccogliere da <strong><a href=\"https:\/\/bassin-arcachon.com\/it\/uffici-turistici\/\">Uffici turistici Bassin<\/a><\/strong> ! Contiene tutte le <strong>informatica pratica<\/strong> per il vostro soggiorno, tra cui <strong>Punti di interesse da non perdere<\/strong> ! <\/li>\n\n\n\n<li>(Per i pi\u00f9 avventurosi, non dimenticate di timbrare il vostro diario di viaggio! <strong><a href=\"https:\/\/bassin-arcachon.com\/it\/scopri-il-giro-del-mondo-in-80-km\/\">Potete trovare tutte le informazioni qui!<\/a><\/strong>)<\/li>\n\n\n\n<li>E naturalmente... una bicicletta! Non ne avete una da parte? <strong><a href=\"https:\/\/bassin-arcachon.com\/it\/muoversi-in-piscina\/noleggio-biciclette\/\">Contattate una delle nostre societ\u00e0 di noleggio<\/a><\/strong>, Sono tutti intorno all'Bassin di Arcachon! <\/li>\n<\/ul>\n<\/div><\/div>\n\n\n\n<div class=\"wp-block-uagb-container uagb-block-c64a11e9 alignfull uagb-is-root-container\"><div class=\"uagb-container-inner-blocks-wrap\">\n<figure class=\"wp-block-image size-large\"><img loading=\"lazy\" decoding=\"async\" width=\"1024\" height=\"512\" src=\"https:\/\/bassin-arcachon.com\/wp-content\/uploads\/2025\/12\/3-1-1024x512.png\" alt=\"La parte anteriore di una bicicletta in primo piano, un pinnacolo sullo sfondo e Cap Ferret e la sua frase sullo sfondo, sfocati.\" class=\"wp-image-204138\" title=\"- - Bassin d&#039;Arcachon\" srcset=\"https:\/\/bassin-arcachon.com\/wp-content\/uploads\/2025\/12\/3-1-1024x512.png 1024w, https:\/\/bassin-arcachon.com\/wp-content\/uploads\/2025\/12\/3-1-600x300.png 600w, https:\/\/bassin-arcachon.com\/wp-content\/uploads\/2025\/12\/3-1-768x384.png 768w, https:\/\/bassin-arcachon.com\/wp-content\/uploads\/2025\/12\/3-1-18x9.png 18w, https:\/\/bassin-arcachon.com\/wp-content\/uploads\/2025\/12\/3-1.png 1400w\" sizes=\"auto, (max-width: 1024px) 100vw, 1024px\" \/><figcaption class=\"wp-element-caption\"><em>\u00a9<\/em> K\u00e9vin BIETTE<\/figcaption><\/figure>\n<\/div><\/div>\n\n\n\n<div class=\"wp-block-uagb-container uagb-block-8d664c6a alignfull uagb-is-root-container\"><div class=\"uagb-container-inner-blocks-wrap\">\n<h2 class=\"wp-block-heading\">Ecco i nostri consigli pratici:<\/h2>\n<\/div><\/div>\n\n\n\n<div class=\"wp-block-uagb-container uagb-block-c9be3ebc alignfull uagb-is-root-container\"><div class=\"uagb-container-inner-blocks-wrap\">\n<ul class=\"wp-block-list\">\n<li>Partiamo presto per cercare di sfruttare al meglio la situazione. <strong>un massimo al mattino<\/strong> ! La Bassin Nord, in particolare l'arrivo sulla penisola di L\u00e8ge-Cap Ferret o la strada per la Dune du Pilat sulla Bassin Sud, possono essere una vera sfida. <strong>un po' pi\u00f9 sportivo<\/strong>s.<\/li>\n\n\n\n<li>Pianifico il mio viaggio in anticipo, utilizzando gli strumenti a mia disposizione! <strong>Da Arcachon a Le Teich<\/strong> (comunemente noto come Sud Bassin), <strong><a href=\"http:\/\/chrome-extension:\/\/efaidnbmnnnibpcajpcglclefindmkaj\/https:\/\/www.agglo-cobas.fr\/wp-content\/uploads\/2025\/06\/plan-pistes-cyclables-COBAS-2025.pdf\">21 percorsi numerati e colorati<\/a> <\/strong>in modo da poter viaggiare in totale sicurezza. Da <strong>Da Biganos a L\u00e8ge-Cap Ferret<\/strong> (Nord Bassin), la V\u00e9lodyss\u00e9e sar\u00e0 illuminata lungo 35 km, grazie a una pavimentazione bioluminescente che permetter\u00e0 di vedere meglio il percorso.<strong> roaming sicuro 100%<\/strong> anche di notte!<\/li>\n\n\n\n<li>Prendete nota di tutte le informazioni pratiche di cui avete bisogno per muovervi in tutta tranquillit\u00e0! Tutte le informazioni relative a <strong>pompe di gonfiaggio self-service, strutture di parcheggio sicure<\/strong> o <strong>punti di ricarica elettrica<\/strong> si trova all'indirizzo <strong><a href=\"https:\/\/bassin-arcachon.com\/it\/informazioni-pratiche-per-muoversi-in-bicicletta\/\">qui!<\/a><\/strong><\/li>\n\n\n\n<li>In estate, tenere d'occhio le istruzioni di sicurezza <strong>in caso di incendi boschivi<\/strong> ! Tutte le informazioni ufficiali <strong><a href=\"https:\/\/qr.dfci-aquitaine.fr\/p\/dc7aBiOioS?utm_source=qrcode&amp;utm_medium=link-list&amp;utm_campaign=40434135\" target=\"_blank\" rel=\"noopener\">sono disponibili qui<\/a><\/strong> !<\/li>\n\n\n\n<li>Siete alla ricerca di un <strong>fornitori di alloggi, societ\u00e0 di noleggio, ristoranti, uffici turistici, siti di visita e attivit\u00e0 ricreative<\/strong>, lungo le piste ciclabili? Alcuni dei nostri professionisti hanno <strong><a href=\"https:\/\/www.francevelotourisme.com\/accueil-velo\" target=\"_blank\" rel=\"noopener\">\u00abAccueil V\u00e9lo\u00bb<\/a><\/strong> : hanno scelto di darvi il benvenuto -. <strong>voi, la vostra bicicletta, le vostre borse... - rispettando gli standard di qualit\u00e0.<\/strong><\/li>\n\n\n\n<li>Avete un guasto o un problema tecnico durante il viaggio? <strong>Il nostro gruppo di noleggiatori di biciclette \u00e8 a vostra disposizione!<\/strong> Faranno tutto il possibile, gratuitamente, per assicurarsi che possiate partire senza problemi! <\/li>\n<\/ul>\n<\/div><\/div>\n\n\n\n<div class=\"wp-block-uagb-container uagb-block-003266ad alignfull uagb-is-root-container\"><div class=\"uagb-container-inner-blocks-wrap\">\n<figure class=\"wp-block-image size-large\"><img loading=\"lazy\" decoding=\"async\" width=\"1024\" height=\"512\" src=\"https:\/\/bassin-arcachon.com\/wp-content\/uploads\/2025\/12\/deco-2-3-1024x512.png\" alt=\"Pedalare in famiglia nella foresta\" class=\"wp-image-204146\" title=\"- - Bassin d&#039;Arcachon\" srcset=\"https:\/\/bassin-arcachon.com\/wp-content\/uploads\/2025\/12\/deco-2-3-1024x512.png 1024w, https:\/\/bassin-arcachon.com\/wp-content\/uploads\/2025\/12\/deco-2-3-600x300.png 600w, https:\/\/bassin-arcachon.com\/wp-content\/uploads\/2025\/12\/deco-2-3-768x384.png 768w, https:\/\/bassin-arcachon.com\/wp-content\/uploads\/2025\/12\/deco-2-3-18x9.png 18w, https:\/\/bassin-arcachon.com\/wp-content\/uploads\/2025\/12\/deco-2-3.png 1400w\" sizes=\"auto, (max-width: 1024px) 100vw, 1024px\" \/><figcaption class=\"wp-element-caption\"><em>\u00a9<\/em> K\u00e9vin BIETTE<\/figcaption><\/figure>\n<\/div><\/div>\n\n\n\n<div class=\"wp-block-uagb-container uagb-block-592062ea alignfull uagb-is-root-container\"><div class=\"uagb-container-inner-blocks-wrap\">\n<h2 class=\"wp-block-heading\">Siete pronti? Andiamo a pedalare nell'Bassin!<\/h2>\n<\/div><\/div>\n\n\n\n<div class=\"wp-block-uagb-container uagb-block-ff06fcbf alignfull uagb-is-root-container\"><div class=\"uagb-container-inner-blocks-wrap\">\n<p>Per l'occasione, seguiremo <strong>Emmanuelle (alias Manue) durante il suo viaggio<\/strong>, circondato da familiari e amici. <strong>In totale: 4 adulti e 5 bambini <\/strong>(quindi s\u00ec, s\u00ec, si pu\u00f2 fare!). Il tempo per\u2019<strong>un lungo weekend<\/strong>, dal <strong>prima luce di primavera<\/strong>, Eccoli <strong>per un'avventura, qualcuno potrebbe dire epica! <\/strong>Ci racconta tutto:<\/p>\n<\/div><\/div>\n\n\n\n<div class=\"wp-block-uagb-container uagb-block-1f0a59d4 alignfull uagb-is-root-container\"><div class=\"uagb-container-inner-blocks-wrap\">\n<div class=\"wp-block-uagb-container uagb-block-f4cf4274 alignfull uagb-is-root-container\"><div class=\"uagb-container-inner-blocks-wrap\">\n<h3 class=\"wp-block-heading\">Giorno 1: da Andernos, attraverso il cuore dell'Bassin, Le Teich fino a Gujan-Mestras<\/h3>\n<\/div><\/div>\n<\/div><\/div>\n\n\n\n<div class=\"wp-block-uagb-container uagb-block-ff37dc5b alignfull uagb-is-root-container\"><div class=\"uagb-container-inner-blocks-wrap\">\n<p>&quot;\u00a0<strong>Partenza alle 8 da\u2019<a href=\"https:\/\/www.andernos-tourisme.fr\/\" target=\"_blank\" rel=\"noopener\">Anderno<\/a><\/strong>, <strong>biciclette controllate, borse caricate, bambini sovraeccitati<\/strong>... il tutto a un ritmo piacevole per riscaldare i polpacci mentre ci si fa strada nella foresta. <strong><a href=\"https:\/\/www.lavelodyssee.com\/pratique\/incontournables\/le-bassin-d-arcachon\" target=\"_blank\" rel=\"noopener\">la V\u00e9lodyss\u00e9e <\/a><\/strong>! Un'altra opzione: tramite un <strong><a href=\"https:\/\/www.francevelotourisme.com\/itineraire\/le-tour-de-gironde-a-velo\" target=\"_blank\" rel=\"noopener\">del Tour de Gironde \u00e0 V\u00e9lo<\/a><\/strong>, che passa attraverso l'Bassin, da Ar\u00e8s a Mios!  <\/p>\n\n\n\n<p>Il percorso \u00e8 <strong>ombreggiato<\/strong>, il <strong>verde tenue di primavera<\/strong> mi commuove sempre, la rinascita \u00e8 qui. <strong>I bambini pedalano a tutta velocit\u00e0, gli adulti tengono il passo<\/strong> ... di questo passo faremo questo tour Bassin in un giorno! <\/p>\n\n\n\n<p>Per cambiare la pista ciclabile, all'altezza di Audenge si dirama la strada <strong>verso la chiesa per seguire il percorso di Santiago de Compostela e unirsi al cammino di Santiago. <a href=\"https:\/\/tourisme-coeurdubassin.com\/le-coeur-du-bassin\/nos-communes-au-coeur-du-bassin\/biganos\/\" target=\"_blank\" rel=\"noopener\">porto di Biganos<\/a><\/strong>, capanne colorate...<\/p>\n\n\n\n<p>Recupereremo le forze per\u2019<strong>uno spuntino sui tavoli del porto<\/strong> e <strong>leghiamo le biciclette<\/strong> per fare il percorso <strong><a href=\"https:\/\/www.terra-aventura.fr\/\" target=\"_blank\" rel=\"noopener\">Terra Avventura<\/a><\/strong> Rilassate i muscoli e godetevi una variet\u00e0 di piaceri! 1 ora dopo <strong>Po\u00ef'z <\/strong>(<em>piccole spille che si devono trovare alla fine della missione<\/em> Terra Aventura) nelle nostre tasche, rimettiamo le bici... Le gambette cominciano a essere stanche, tranne la pi\u00f9 piccola, che \u00e8 felice di essere di nuovo in strada... <strong>nel suo posto dietro la mamma <\/strong>\ud83d\ude42&nbsp;<\/p>\n<\/div><\/div>\n\n\n\n<div class=\"wp-block-uagb-container uagb-block-07000af6 alignfull uagb-is-root-container\"><div class=\"uagb-container-inner-blocks-wrap\">\n<figure class=\"wp-block-image size-large\"><img loading=\"lazy\" decoding=\"async\" width=\"1024\" height=\"512\" src=\"https:\/\/bassin-arcachon.com\/wp-content\/uploads\/2026\/01\/deco-2-4-1024x512.png\" alt=\"Montaggio di 3 foto. La foto verticale a sinistra mostra le capanne colorate del porto di Biganos. A destra si trova un montaggio di 2 foto. La prima mostra un piccolo monumento religioso a Le Teich, sul cammino di Santiago de Compostela, mentre quella sottostante mostra i Po\u00ef&#039;z (pini) sul terreno.\" class=\"wp-image-212835\" title=\"- - Bassin d&#039;Arcachon\" srcset=\"https:\/\/bassin-arcachon.com\/wp-content\/uploads\/2026\/01\/deco-2-4-1024x512.png 1024w, https:\/\/bassin-arcachon.com\/wp-content\/uploads\/2026\/01\/deco-2-4-600x300.png 600w, https:\/\/bassin-arcachon.com\/wp-content\/uploads\/2026\/01\/deco-2-4-768x384.png 768w, https:\/\/bassin-arcachon.com\/wp-content\/uploads\/2026\/01\/deco-2-4-18x9.png 18w, https:\/\/bassin-arcachon.com\/wp-content\/uploads\/2026\/01\/deco-2-4.png 1400w\" sizes=\"auto, (max-width: 1024px) 100vw, 1024px\" \/><figcaption class=\"wp-element-caption\"><em>\u00a9<\/em> Gr\u00e9gory CASSIAU \/ M\u00e9lanny RODRIGUES \/ David REMAZEILLES<\/figcaption><\/figure>\n<\/div><\/div>\n\n\n\n<div class=\"wp-block-uagb-container uagb-block-467773e3 alignfull uagb-is-root-container\"><div class=\"uagb-container-inner-blocks-wrap\">\n<p>Ma siamo stati furbi perch\u00e9 il giorno dopo <strong>la fermata del picnic \u00e8 vicina<\/strong>... Continuiamo con il <strong>chemin de St Jacques<\/strong> <strong>di Compostela, <\/strong>Poi riprendiamo il sentiero che costeggia la strada principale prima di percorrere un sentiero pedonale per arrivare alla <strong>porto di Le Teich e il suo belvedere.<\/strong><\/p>\n\n\n\n<p>Mentre i bambini, tra 2 patatine e 1 panino, <strong>si divertono nel parco giochi in legno vicino al <a href=\"https:\/\/leteich.fr\/votre-quotidien\/tourisme\/baignade-amenagee\/\" target=\"_blank\" rel=\"noopener\">piscina<\/a><\/strong> di Le Teich, gli amici portano un piccolo aperitivo per congratularsi del loro successo. <strong>tempistica rispettata! <\/strong><\/p>\n\n\n\n<p>Dopo una bella pausa sotto il<strong>a delicati raggi di sole e sacchetti di luce<\/strong>, ci siamo rimessi in cammino lungo il sentiero che costeggia il <a href=\"https:\/\/www.reserve-ornithologique-du-teich.com\/\" target=\"_blank\" rel=\"noopener\"><strong>Riserva ornitologica di Teich<\/strong><\/a> La vista dell'Bassin \u00e8 magica! Parte del percorso <strong>decollare<\/strong>, che ci permette di scegliere <strong>alcuni fiori<\/strong> per renderlo un <strong>Un bellissimo bouquet per le mamme.<\/strong><\/p>\n<\/div><\/div>\n\n\n\n<div class=\"wp-block-uagb-container uagb-block-d159cfad alignfull uagb-is-root-container\"><div class=\"uagb-container-inner-blocks-wrap\">\n<figure class=\"wp-block-image size-large\"><img loading=\"lazy\" decoding=\"async\" width=\"1024\" height=\"512\" src=\"https:\/\/bassin-arcachon.com\/wp-content\/uploads\/2026\/01\/deco-2-5-1024x512.png\" alt=\"Vista da drone del sentiero costiero di Le Teich, con una giovane donna in bicicletta in primo piano.\" class=\"wp-image-212838\" title=\"- - Bassin d&#039;Arcachon\" srcset=\"https:\/\/bassin-arcachon.com\/wp-content\/uploads\/2026\/01\/deco-2-5-1024x512.png 1024w, https:\/\/bassin-arcachon.com\/wp-content\/uploads\/2026\/01\/deco-2-5-600x300.png 600w, https:\/\/bassin-arcachon.com\/wp-content\/uploads\/2026\/01\/deco-2-5-768x384.png 768w, https:\/\/bassin-arcachon.com\/wp-content\/uploads\/2026\/01\/deco-2-5-18x9.png 18w, https:\/\/bassin-arcachon.com\/wp-content\/uploads\/2026\/01\/deco-2-5.png 1400w\" sizes=\"auto, (max-width: 1024px) 100vw, 1024px\" \/><figcaption class=\"wp-element-caption\"><em>\u00a9<\/em> Gr\u00e9gory CASSIAU<\/figcaption><\/figure>\n<\/div><\/div>\n\n\n\n<div class=\"wp-block-uagb-container uagb-block-b7d1089c alignfull uagb-is-root-container\"><div class=\"uagb-container-inner-blocks-wrap\">\n<p>Poi torniamo a <strong>il binario che costeggia la linea ferroviaria<\/strong> <strong>da Le Teich a Gujan-Mestras<\/strong>. E arriviamo rilassati al nostro alloggio, <strong><a href=\"https:\/\/bassin-arcachon.com\/it\/struttura-ricettiva\/campeggio-comunale-di-verdalle\/\">Campeggio de Verdalle<\/a><\/strong> (<em>Gujan-Mestras<\/em>) dove avevamo prenotato <strong>2 bungalow di tela per 2 notti.<\/strong><\/p>\n\n\n\n<p>Ognuno si fa i fatti suoi, <strong>gli uomini vanno a fare shopping<\/strong> per il pasto serale, <strong>i bambini si divertono<\/strong> e ho anche il tempo di <strong>leggere un capitolo <\/strong>prima di unirsi agli amici per una <strong>serata di pasta e giochi da tavolo<\/strong> e una notte presto, perch\u00e9 domani <strong>abbiamo un altro giorno davanti a noi...<\/strong><\/p>\n<\/div><\/div>\n\n\n\n<div class=\"wp-block-uagb-container uagb-block-d29e4ddd alignfull uagb-is-root-container\"><div class=\"uagb-container-inner-blocks-wrap\">\n<h3 class=\"wp-block-heading\">Giorno 2: La Teste de Buch e la sua Dune du Pilat, Arcachon e il lungomare<\/h3>\n<\/div><\/div>\n\n\n\n<div class=\"wp-block-uagb-container uagb-block-53b028d8 alignfull uagb-is-root-container\"><div class=\"uagb-container-inner-blocks-wrap\">\n<p>A seguito di <strong>una notte di sonno<\/strong> (<em>non del tutto ristoratore, ma non esageriamo nemmeno<\/em>), <strong>un controllo della bicicletta e una buona colazione<\/strong>, Ci risiamo, un po' pi\u00f9 leggeri! E s\u00ec, questo \u00e8 il vantaggio di <strong>dormire 2 notti nello stesso posto, <\/strong>abbiamo solo <strong>picnic nelle nostre borse<\/strong>. \ud83d\ude09<\/p>\n\n\n\n<p>Ci stiamo dirigendo verso <strong><a href=\"https:\/\/bassin-arcachon.com\/it\/i-nostri-elementi-essenziali\/la-duna-di-pilat\/\">la Duna di Pilat<\/a><\/strong> (<em>situato a La Teste de Buch<\/em>), la motivazione \u00e8 ai massimi storici! Potremmo vivere in Bassin, <strong>ci piace ancora scalare la Duna<\/strong>... Per rendere il percorso pi\u00f9 piacevole e perch\u00e9 abbiamo tempo a disposizione, abbiamo deciso di passare da <strong>il porto di La Teste e i prati salmastri per raggiungere il porto di L'Aiguillon<\/strong> (<em>ad Arcachon<\/em>).<\/p>\n\n\n\n<p>La passeggiata \u00e8 stata bucolica... quasi caotica, soprattutto perch\u00e9 la mia amica Steph\u2019...\u2019 <strong>ha rotto un anello della sua catena<\/strong>. Memo a noi stessi: <strong>oltre ai kit per la riparazione delle forature, alle pompe e alle bende, portate con voi le maglie della catena<\/strong> !<\/p>\n\n\n\n<p>Nella nostra sfortuna, siamo quasi arrivati su <strong>Arcachon<\/strong> e <strong>una societ\u00e0 di noleggio biciclette<\/strong> ripara la sua catena. Tutto ci\u00f2 ci regala una meritata pausa: <strong>i bambini giocano sulla sabbia e gli adulti si rilassano in un bar mentre vengono effettuate le riparazioni<\/strong>. Poich\u00e9 eravamo un po' in ritardo e i nostri stomaci reclamavano cibo, abbiamo deciso di <strong>di rimanere in spiaggia per un picnic.<\/strong><\/p>\n<\/div><\/div>\n\n\n\n<div class=\"wp-block-uagb-container uagb-block-337c8302 alignfull uagb-is-root-container\"><div class=\"uagb-container-inner-blocks-wrap\">\n<figure class=\"wp-block-image size-large\"><img loading=\"lazy\" decoding=\"async\" width=\"1024\" height=\"512\" src=\"https:\/\/bassin-arcachon.com\/wp-content\/uploads\/2026\/01\/deco-2-6-1024x512.png\" alt=\"Si intravede un porticciolo con una pinassotte (piccola barca da pesca) in primo piano e il quartiere Aiguillon di Arcachon sullo sfondo, con una piccola capanna di legno e la sua spiaggia.\" class=\"wp-image-212840\" title=\"- - Bassin d&#039;Arcachon\" srcset=\"https:\/\/bassin-arcachon.com\/wp-content\/uploads\/2026\/01\/deco-2-6-1024x512.png 1024w, https:\/\/bassin-arcachon.com\/wp-content\/uploads\/2026\/01\/deco-2-6-600x300.png 600w, https:\/\/bassin-arcachon.com\/wp-content\/uploads\/2026\/01\/deco-2-6-768x384.png 768w, https:\/\/bassin-arcachon.com\/wp-content\/uploads\/2026\/01\/deco-2-6-18x9.png 18w, https:\/\/bassin-arcachon.com\/wp-content\/uploads\/2026\/01\/deco-2-6.png 1400w\" sizes=\"auto, (max-width: 1024px) 100vw, 1024px\" \/><figcaption class=\"wp-element-caption\"><em>\u00a9<\/em> Gr\u00e9gory CASSIAU<\/figcaption><\/figure>\n<\/div><\/div>\n\n\n\n<div class=\"wp-block-uagb-container uagb-block-070b3a6d alignfull uagb-is-root-container\"><div class=\"uagb-container-inner-blocks-wrap\">\n<p>Non vogliamo perdere altro tempo, vogliamo davvero <strong>trascorrere il pomeriggio in cima alla Duna<\/strong> ! Siamo risaliti in bicicletta e abbiamo percorso il tracciato <strong>da Arcachon a Moulleau via Pereire<\/strong>. Il percorso \u00e8 collinare, ma vale la pena di fare delle deviazioni!<\/p>\n\n\n\n<p>Non c'\u00e8 fine a <strong>meraviglia a Bassin<\/strong>, il sole \u00e8 sempre con noi <strong>anche se si sta raffreddando un po'<\/strong>... E' una buona cosa che ci riscaldiamo quando vediamo <strong>la costa che ci aspetta sulla strada per la Duna! <\/strong>(<em>PS: Personalmente, spingo la mia bicicletta su per la montagna, quindi ho una buona scusa: <strong>Ho una ragazza di 20 kg di cui occuparmi!<\/strong><\/em>)<\/p>\n\n\n\n<p>E poi c'\u00e8 la Duna da scalare...<strong>\u00e8 stato un fine settimana sportivo<\/strong> ! Sedetevi e ammirate...<strong>i bambini sono instancabili<\/strong> !<\/p>\n\n\n\n<p><strong>17h : <\/strong> \u00e8 tempo di tornare a casa <strong>alle nostre tende<\/strong>. Prendiamo l'opzione di restituzione rapida <strong>dal binario rettilineo<\/strong>, \u00c8 un bene che scenda fino in fondo, cos\u00ec saremo sul sentiero! <strong>In programma questa sera:<\/strong> riposo, doccia, aperitivo, pizza e, soprattutto, nessuno chiede altro prima di andare a letto.<\/p>\n<\/div><\/div>\n\n\n\n<div class=\"wp-block-uagb-container uagb-block-9675d4fa alignfull uagb-is-root-container\"><div class=\"uagb-container-inner-blocks-wrap\">\n<figure class=\"wp-block-image size-large\"><img loading=\"lazy\" decoding=\"async\" width=\"1024\" height=\"512\" src=\"https:\/\/bassin-arcachon.com\/wp-content\/uploads\/2026\/01\/deco-2-7-1024x512.png\" alt=\"Montaggio di 3 foto. La foto in alto a sinistra mostra la vista del mare dalla cima della Dune du Pilat, quella in basso mostra la pista ciclabile di Plage Pereire e quella a sinistra \u00e8 un&#039;inquadratura verticale della chiesa di Notre Dame des Passes a Moulleau.\" class=\"wp-image-212848\" title=\"- - Bassin d&#039;Arcachon\" srcset=\"https:\/\/bassin-arcachon.com\/wp-content\/uploads\/2026\/01\/deco-2-7-1024x512.png 1024w, https:\/\/bassin-arcachon.com\/wp-content\/uploads\/2026\/01\/deco-2-7-600x300.png 600w, https:\/\/bassin-arcachon.com\/wp-content\/uploads\/2026\/01\/deco-2-7-768x384.png 768w, https:\/\/bassin-arcachon.com\/wp-content\/uploads\/2026\/01\/deco-2-7-18x9.png 18w, https:\/\/bassin-arcachon.com\/wp-content\/uploads\/2026\/01\/deco-2-7.png 1400w\" sizes=\"auto, (max-width: 1024px) 100vw, 1024px\" \/><figcaption class=\"wp-element-caption\"><em>\u00a9<\/em> Gr\u00e9gory CASSIAU \/ K\u00e9vin BIETTE<\/figcaption><\/figure>\n<\/div><\/div>\n\n\n\n<div class=\"wp-block-uagb-container uagb-block-a83c178b alignfull uagb-is-root-container\"><div class=\"uagb-container-inner-blocks-wrap\">\n<h3 class=\"wp-block-heading\">Giorno 3: traversata dell'Bassin in navetta da Arcachon alla penisola di L\u00e8ge-Cap Ferret, Ar\u00e8s e ritorno a casa!<\/h3>\n<\/div><\/div>\n\n\n\n<div class=\"wp-block-uagb-container uagb-block-915ea4de alignfull uagb-is-root-container\"><div class=\"uagb-container-inner-blocks-wrap\">\n<p>Il luned\u00ec \u00e8 un giorno festivo e l'ultimo giorno del nostro tour! <strong>L'entusiasmo \u00e8 ancora presente, \u00e8 meglio che essere a scuola!<\/strong><\/p>\n\n\n\n<p>Facciamo le valigie, carichiamo le bici e ripartiamo lungo la pista per raggiungere <strong>il molo di Thiers in\u2019<a href=\"https:\/\/www.arcachon.com\/\" target=\"_blank\" rel=\"noopener\">Arcachon<\/a><\/strong>. Per ripartire dall'altra parte dell'Bassin, tornare indietro era fuori discussione: <strong>attraversiamo in barca! <\/strong><\/p>\n\n\n\n<p><strong>Partenza alle 11 con <a href=\"https:\/\/bateliers-arcachon.com\/\" target=\"_blank\" rel=\"noopener\">Navette UBA<\/a><\/strong> da attraversare. Per coloro che hanno <strong>biciclette elettriche<\/strong>, non dimenticare di\u2019<strong>rimuovere la batteria prima del montaggio<\/strong> !<\/p>\n<\/div><\/div>\n\n\n\n<div class=\"wp-block-uagb-container uagb-block-124710e5 alignfull uagb-is-root-container\"><div class=\"uagb-container-inner-blocks-wrap\">\n<figure class=\"wp-block-image size-large\"><img loading=\"lazy\" decoding=\"async\" width=\"1024\" height=\"512\" src=\"https:\/\/bassin-arcachon.com\/wp-content\/uploads\/2026\/01\/deco-2-9-1024x512.png\" alt=\"- - Bassin d&#039;Arcachon\" class=\"wp-image-212853\" title=\"- - Bassin d&#039;Arcachon\" srcset=\"https:\/\/bassin-arcachon.com\/wp-content\/uploads\/2026\/01\/deco-2-9-1024x512.png 1024w, https:\/\/bassin-arcachon.com\/wp-content\/uploads\/2026\/01\/deco-2-9-600x300.png 600w, https:\/\/bassin-arcachon.com\/wp-content\/uploads\/2026\/01\/deco-2-9-768x384.png 768w, https:\/\/bassin-arcachon.com\/wp-content\/uploads\/2026\/01\/deco-2-9-18x9.png 18w, https:\/\/bassin-arcachon.com\/wp-content\/uploads\/2026\/01\/deco-2-9.png 1400w\" sizes=\"auto, (max-width: 1024px) 100vw, 1024px\" \/><figcaption class=\"wp-element-caption\"><em>\u00a9<\/em> Gr\u00e9gory CASSIAU \/ K\u00e9vin BIETTE<\/figcaption><\/figure>\n<\/div><\/div>\n\n\n\n<div class=\"wp-block-uagb-container uagb-block-1a8e75be alignfull uagb-is-root-container\"><div class=\"uagb-container-inner-blocks-wrap\">\n<p> Una <strong>circa trenta minuti dopo<\/strong>, Siamo arrivati al molo di B\u00e9lisaire sulla <a href=\"https:\/\/www.lege-capferret.com\/\" target=\"_blank\" rel=\"noopener\"><strong>Cap-Ferret<\/strong><\/a>. Non lontano si trova <strong><a href=\"https:\/\/bassin-arcachon.com\/it\/i-nostri-elementi-essenziali\/il-faro-e-la-punta-di-cap-ferret\/\">il suo famoso faro<\/a><\/strong>, ma questa volta passeremo (<em>ci siamo andati quest'inverno<\/em>). <\/p>\n\n\n\n<p>(Quasi) dopo la fatica, il comfort: ci concediamo un ristorante ai margini della Bassin, con la Duna sullo sfondo. Concludiamo il nostro viaggio sulla pista ciclabile <strong>tra foresta e dune di sabbia per <a href=\"https:\/\/www.ares-tourisme.com\/\" target=\"_blank\" rel=\"noopener\">Ares<\/a><\/strong>, prima di affrontare l'ultimo tratto della V\u00e9lodyss\u00e9e. <strong>Le nostre gambe sono stanche, ma la nostra testa \u00e8 piena di ricordi!<\/strong>&quot;\u00a0<\/p>\n<\/div><\/div>","protected":false},"excerpt":{"rendered":"<p>Nouvelle saison, nouveaux d\u00e9fis ! Et si, cette ann\u00e9e, vous vous lanciez dans un tour du Bassin&#8230;\u00e0 v\u00e9lo ? 62 km de pourtour, mais plus de 330 km de pistes [&hellip;]<\/p>\n","protected":false},"author":25,"featured_media":223651,"comment_status":"closed","ping_status":"closed","sticky":true,"template":"","format":"standard","meta":{"_acf_changed":false,"_uag_custom_page_level_css":"","footnotes":""},"categories":[2129,2131],"tags":[465,334],"class_list":["post-204037","post","type-post","status-publish","format-standard","has-post-thumbnail","hentry","category-nature-art-de-vivre","category-sport","tag-printemps","tag-velo"],"acf":[],"uagb_featured_image_src":{"full":["https:\/\/bassin-arcachon.com\/wp-content\/uploads\/2026\/01\/2015_HD_Viree-velo-Bassin_BIETTE-10-scaled-1.jpg",2560,1707,false],"thumbnail":["https:\/\/bassin-arcachon.com\/wp-content\/uploads\/2026\/01\/2015_HD_Viree-velo-Bassin_BIETTE-10-scaled-1-150x150.jpg",150,150,true],"medium":["https:\/\/bassin-arcachon.com\/wp-content\/uploads\/2026\/01\/2015_HD_Viree-velo-Bassin_BIETTE-10-scaled-1-600x400.jpg",600,400,true],"medium_large":["https:\/\/bassin-arcachon.com\/wp-content\/uploads\/2026\/01\/2015_HD_Viree-velo-Bassin_BIETTE-10-scaled-1-768x512.jpg",768,512,true],"large":["https:\/\/bassin-arcachon.com\/wp-content\/uploads\/2026\/01\/2015_HD_Viree-velo-Bassin_BIETTE-10-scaled-1-1024x683.jpg",1024,683,true],"1536x1536":["https:\/\/bassin-arcachon.com\/wp-content\/uploads\/2026\/01\/2015_HD_Viree-velo-Bassin_BIETTE-10-scaled-1-1536x1024.jpg",1536,1024,true],"2048x2048":["https:\/\/bassin-arcachon.com\/wp-content\/uploads\/2026\/01\/2015_HD_Viree-velo-Bassin_BIETTE-10-scaled-1-2048x1366.jpg",2048,1366,true],"trp-custom-language-flag":["https:\/\/bassin-arcachon.com\/wp-content\/uploads\/2026\/01\/2015_HD_Viree-velo-Bassin_BIETTE-10-scaled-1-18x12.jpg",18,12,true]},"uagb_author_info":{"display_name":"Marie Clauzel","author_link":"https:\/\/bassin-arcachon.com\/it\/author\/mariesiba\/"},"uagb_comment_info":0,"uagb_excerpt":"Nouvelle saison, nouveaux d\u00e9fis ! Et si, cette ann\u00e9e, vous vous lanciez dans un tour du Bassin&#8230;\u00e0 v\u00e9lo ? 62 km de pourtour, mais plus de 330 km de pistes [&hellip;]","_links":{"self":[{"href":"https:\/\/bassin-arcachon.com\/it\/wp-json\/wp\/v2\/posts\/204037","targetHints":{"allow":["GET"]}}],"collection":[{"href":"https:\/\/bassin-arcachon.com\/it\/wp-json\/wp\/v2\/posts"}],"about":[{"href":"https:\/\/bassin-arcachon.com\/it\/wp-json\/wp\/v2\/types\/post"}],"author":[{"embeddable":true,"href":"https:\/\/bassin-arcachon.com\/it\/wp-json\/wp\/v2\/users\/25"}],"replies":[{"embeddable":true,"href":"https:\/\/bassin-arcachon.com\/it\/wp-json\/wp\/v2\/comments?post=204037"}],"version-history":[{"count":60,"href":"https:\/\/bassin-arcachon.com\/it\/wp-json\/wp\/v2\/posts\/204037\/revisions"}],"predecessor-version":[{"id":244839,"href":"https:\/\/bassin-arcachon.com\/it\/wp-json\/wp\/v2\/posts\/204037\/revisions\/244839"}],"wp:featuredmedia":[{"embeddable":true,"href":"https:\/\/bassin-arcachon.com\/it\/wp-json\/wp\/v2\/media\/223651"}],"wp:attachment":[{"href":"https:\/\/bassin-arcachon.com\/it\/wp-json\/wp\/v2\/media?parent=204037"}],"wp:term":[{"taxonomy":"category","embeddable":true,"href":"https:\/\/bassin-arcachon.com\/it\/wp-json\/wp\/v2\/categories?post=204037"},{"taxonomy":"post_tag","embeddable":true,"href":"https:\/\/bassin-arcachon.com\/it\/wp-json\/wp\/v2\/tags?post=204037"}],"curies":[{"name":"wp","href":"https:\/\/api.w.org\/{rel}","templated":true}]}}