{"id":26590,"date":"2025-11-13T08:00:25","date_gmt":"2025-11-13T07:00:25","guid":{"rendered":"https:\/\/www.bassin-arcachon.com\/?p=26590"},"modified":"2025-12-08T09:22:35","modified_gmt":"2025-12-08T08:22:35","slug":"party-cabine-andernos-2","status":"publish","type":"post","link":"https:\/\/bassin-arcachon.com\/it\/cabanes-en-fete-andernos\/","title":{"rendered":"Capanne festive"},"content":{"rendered":"<h2 class=\"wp-block-heading\"><span style=\"color: #000000;\">Cabanes en F\u00eates ad Andernos festeggia quest'anno il suo 15\u00b0 anniversario! \ud83c\udf89<\/span><\/h2>\n\n\n\n<div class=\"wp-block-uagb-container uagb-block-e7124ad4 alignfull uagb-is-root-container\"><div class=\"uagb-container-inner-blocks-wrap\"><\/div><\/div>\n\n\n\n<p>Segnatevi la data: come ogni anno, il porto delle ostriche di Andernos-les-Bains ospiter\u00e0 la grande festa delle ostriche e del vino di Entre-Deux-Mers <strong>il <span style=\"color: #ff0000;\"><mark style=\"background-color:rgba(0, 0, 0, 0)\" class=\"has-inline-color has-black-color\">sabato 6 dicembre 2025<\/mark><\/span> !<\/strong><\/p>\n\n\n\n<p>Cabanes en F\u00eate \u00e8 una dimostrazione<strong> unico<\/strong> dove diamo valore <strong>la genuinit\u00e0 e l&#039;arte di vivere &quot;bene da casa&quot;<\/strong>, il tempo di un imperdibile giorno di dicembre.<\/p>\n\n\n\n<p><strong>L'accesso alle degustazioni nelle capanne \u00e8 consentito solo con il pass 2025 al prezzo di 11 \u20ac. <\/strong>(composto da 1 borsa, 1 bicchiere da degustazione, 1 forchetta da ostriche, 1 buono per 3 ostriche n\u00b03, 1 bicchiere di vino Entre-Deux-Mers e l'accesso a Chefs \u00e0 bord)<strong>. <mark style=\"background-color:rgba(0, 0, 0, 0)\" class=\"has-inline-color has-vivid-red-color\">Attenzione: il pass \u00e8 vietato ai minori di 18 anni e sar\u00e0 prestata particolare attenzione a questo aspetto.<\/mark><\/strong><br><strong>Accedi al link di prevendita: <a href=\"https:\/\/animations.andernos-tourisme.fr\/cabanes-en-fete\/pass-cabanes-en-fete\" target=\"_blank\" rel=\"noopener\">https:\/\/animations.andernos-tourisme.fr\/cabanes-en-fete\/pass-cabanes-en-fete<\/a>. <\/strong><br>Scaricalo <strong>programma completo dell&#039;evento in PDF<\/strong> Su : <strong><a href=\"https:\/\/www.andernoslesbains.fr\/cabanes-en-fete\/\" target=\"_blank\" rel=\"noreferrer noopener\">IL PROGRAMMA 2025<\/a><\/strong><\/p>\n\n\n\n<p>Per chi desidera vestirsi con i colori della festa, <strong>Quest'anno la terracotta \u00e8 protagonista<\/strong> ! Per l&#039;occasione sono disponibili felpe, giacche e anche caban<strong> L&#039;<a href=\"https:\/\/andernos-tourisme.fr\/\" target=\"_blank\" rel=\"noopener\">Ufficio turistico di Andernos<\/a>, <\/strong>e a <a href=\"https:\/\/www.facebook.com\/latelier.effetmer.5\/\" target=\"_blank\" rel=\"noopener\"><strong>il seminario sull&#039;effetto mare<\/strong><\/a> al 33 Avenue du G\u00e9n\u00e9ral de Gaulle (strada pedonale).<\/p>\n\n\n\n<div class=\"wp-block-uagb-container uagb-block-fe9efd2c alignfull uagb-is-root-container\"><div class=\"uagb-container-inner-blocks-wrap\"><\/div><\/div>\n\n\n\n<figure class=\"wp-block-image size-full\"><img loading=\"lazy\" decoding=\"async\" width=\"2048\" height=\"1152\" src=\"https:\/\/bassin-arcachon.com\/wp-content\/uploads\/2024\/11\/\u00a9F.-NEVEUX-Andernos-Tourisme-24.jpg\" alt=\"- - Bassin d&#039;Arcachon\" class=\"wp-image-190753\" title=\"- - Bassin d&#039;Arcachon\" srcset=\"https:\/\/bassin-arcachon.com\/wp-content\/uploads\/2024\/11\/\u00a9F.-NEVEUX-Andernos-Tourisme-24.jpg 2048w, https:\/\/bassin-arcachon.com\/wp-content\/uploads\/2024\/11\/\u00a9F.-NEVEUX-Andernos-Tourisme-24-600x338.jpg 600w, https:\/\/bassin-arcachon.com\/wp-content\/uploads\/2024\/11\/\u00a9F.-NEVEUX-Andernos-Tourisme-24-1024x576.jpg 1024w, https:\/\/bassin-arcachon.com\/wp-content\/uploads\/2024\/11\/\u00a9F.-NEVEUX-Andernos-Tourisme-24-768x432.jpg 768w, https:\/\/bassin-arcachon.com\/wp-content\/uploads\/2024\/11\/\u00a9F.-NEVEUX-Andernos-Tourisme-24-1536x864.jpg 1536w, https:\/\/bassin-arcachon.com\/wp-content\/uploads\/2024\/11\/\u00a9F.-NEVEUX-Andernos-Tourisme-24-18x10.jpg 18w\" sizes=\"auto, (max-width: 2048px) 100vw, 2048px\" \/><\/figure>\n\n\n\n<div class=\"wp-block-uagb-container uagb-block-67a05cb2 alignfull uagb-is-root-container\"><div class=\"uagb-container-inner-blocks-wrap\">\n<figure class=\"wp-block-image size-large\"><img loading=\"lazy\" decoding=\"async\" width=\"1024\" height=\"576\" src=\"https:\/\/bassin-arcachon.com\/wp-content\/uploads\/2024\/11\/\u00a9F.-NEVEUX-Andernos-Tourisme-14-1-1024x576.jpg\" alt=\"- - Bassin d&#039;Arcachon\" class=\"wp-image-190759\" title=\"- - Bassin d&#039;Arcachon\" srcset=\"https:\/\/bassin-arcachon.com\/wp-content\/uploads\/2024\/11\/\u00a9F.-NEVEUX-Andernos-Tourisme-14-1-1024x576.jpg 1024w, https:\/\/bassin-arcachon.com\/wp-content\/uploads\/2024\/11\/\u00a9F.-NEVEUX-Andernos-Tourisme-14-1-600x338.jpg 600w, https:\/\/bassin-arcachon.com\/wp-content\/uploads\/2024\/11\/\u00a9F.-NEVEUX-Andernos-Tourisme-14-1-768x432.jpg 768w, https:\/\/bassin-arcachon.com\/wp-content\/uploads\/2024\/11\/\u00a9F.-NEVEUX-Andernos-Tourisme-14-1-1536x864.jpg 1536w, https:\/\/bassin-arcachon.com\/wp-content\/uploads\/2024\/11\/\u00a9F.-NEVEUX-Andernos-Tourisme-14-1-18x10.jpg 18w, https:\/\/bassin-arcachon.com\/wp-content\/uploads\/2024\/11\/\u00a9F.-NEVEUX-Andernos-Tourisme-14-1.jpg 2048w\" sizes=\"auto, (max-width: 1024px) 100vw, 1024px\" \/><\/figure>\n<\/div><\/div>\n\n\n\n<h5 class=\"wp-block-heading\">\u00a9 Ufficio del turismo di Andernos<\/h5>\n\n\n\n<div class=\"wp-block-uagb-container uagb-block-fd6fde58 alignfull uagb-is-root-container\"><div class=\"uagb-container-inner-blocks-wrap\"><\/div><\/div>\n\n\n\n<h2 class=\"wp-block-heading\"><span style=\"color: #000000;\">Una festa imperdibile \ud83e\uddaa<\/span><\/h2>\n\n\n\n<p>Una volta all&#039;anno, il <b>45 capanne<\/b><strong> tipico e colorato<\/strong> del porto di ostriche accolgono pi\u00f9 di 20.000 visitatori che vi giungono<strong> assaggia le ostriche direttamente dal produttore e il vino bianco dei viticoltori Entre-Deux-Mers<\/strong> : non puoi trovare pi\u00f9 fresco o pi\u00f9 locale!<\/p>\n\n\n\n<p>Delle <strong>ricette originali con influenze marittime<\/strong> vengono proposti dagli chef dei ristoranti limitrofi, mentre artisti, pittori, fotografi e scultori espongono la loro arte.<\/p>\n\n\n\n<p>Passeggiando lungo le banchine, ci si imbatte <strong>bande<\/strong> e <strong>orchestre felici<\/strong>, con cui \u00e8 facile intonare <strong>tradizionali canti marinari o canti del Sud Ovest conosciuti da tutti<\/strong>. E ammiriamo anche il <strong>regata in pinnace<\/strong> (barca tradizionale Bassin).<\/p>\n\n\n\n<div class=\"wp-block-uagb-container uagb-block-71b64de3 alignfull uagb-is-root-container\"><div class=\"uagb-container-inner-blocks-wrap\"><\/div><\/div>\n\n\n\n<figure class=\"wp-block-image size-full\"><img loading=\"lazy\" decoding=\"async\" width=\"2000\" height=\"700\" src=\"https:\/\/bassin-arcachon.com\/wp-content\/uploads\/2022\/11\/Sans-titre-1600-\u00d7-700-px-2000-\u00d7-700-px.jpg\" alt=\"- - Bassin d&#039;Arcachon\" class=\"wp-image-52716\" title=\"- - Bassin d&#039;Arcachon\" srcset=\"https:\/\/bassin-arcachon.com\/wp-content\/uploads\/2022\/11\/Sans-titre-1600-\u00d7-700-px-2000-\u00d7-700-px.jpg 2000w, https:\/\/bassin-arcachon.com\/wp-content\/uploads\/2022\/11\/Sans-titre-1600-\u00d7-700-px-2000-\u00d7-700-px-600x210.jpg 600w, https:\/\/bassin-arcachon.com\/wp-content\/uploads\/2022\/11\/Sans-titre-1600-\u00d7-700-px-2000-\u00d7-700-px-1024x358.jpg 1024w, https:\/\/bassin-arcachon.com\/wp-content\/uploads\/2022\/11\/Sans-titre-1600-\u00d7-700-px-2000-\u00d7-700-px-768x269.jpg 768w, https:\/\/bassin-arcachon.com\/wp-content\/uploads\/2022\/11\/Sans-titre-1600-\u00d7-700-px-2000-\u00d7-700-px-1536x538.jpg 1536w, https:\/\/bassin-arcachon.com\/wp-content\/uploads\/2022\/11\/Sans-titre-1600-\u00d7-700-px-2000-\u00d7-700-px-18x6.jpg 18w\" sizes=\"auto, (max-width: 2000px) 100vw, 2000px\" \/><\/figure>\n\n\n\n<figure class=\"wp-block-image size-full\"><img loading=\"lazy\" decoding=\"async\" width=\"2000\" height=\"2000\" src=\"https:\/\/bassin-arcachon.com\/wp-content\/uploads\/2022\/11\/Sans-titre-23.jpg\" alt=\"- - Bassin d&#039;Arcachon\" class=\"wp-image-52719\" title=\"- - Bassin d&#039;Arcachon\" srcset=\"https:\/\/bassin-arcachon.com\/wp-content\/uploads\/2022\/11\/Sans-titre-23.jpg 2000w, https:\/\/bassin-arcachon.com\/wp-content\/uploads\/2022\/11\/Sans-titre-23-600x600.jpg 600w, https:\/\/bassin-arcachon.com\/wp-content\/uploads\/2022\/11\/Sans-titre-23-1024x1024.jpg 1024w, https:\/\/bassin-arcachon.com\/wp-content\/uploads\/2022\/11\/Sans-titre-23-150x150.jpg 150w, https:\/\/bassin-arcachon.com\/wp-content\/uploads\/2022\/11\/Sans-titre-23-768x768.jpg 768w, https:\/\/bassin-arcachon.com\/wp-content\/uploads\/2022\/11\/Sans-titre-23-1536x1536.jpg 1536w, https:\/\/bassin-arcachon.com\/wp-content\/uploads\/2022\/11\/Sans-titre-23-12x12.jpg 12w\" sizes=\"auto, (max-width: 2000px) 100vw, 2000px\" \/><\/figure>\n\n\n\n<h5 class=\"wp-block-heading\">\u00a9 Turismo della Gironda \u2013 David Remazeilles<\/h5>\n\n\n\n<div class=\"wp-block-uagb-container uagb-block-c397d59a alignfull uagb-is-root-container\"><div class=\"uagb-container-inner-blocks-wrap\"><\/div><\/div>\n\n\n\n<p>Nel pomeriggio, sotto il grande tendone colorato, <strong>grandi chef svelano i loro segreti di lavorazione e assaggiano nuove ricette<\/strong>. Non contiamo pi\u00f9 il <strong>sorrisi scambiati con gli sconosciuti incontrati durante queste peregrinazioni<\/strong>, tutti trasportati dalla stessa emozione.<\/p>\n\n\n\n<p>E quando scende la notte, tutti guardano le stelle per<strong> ammirare i fuochi d&#039;artificio alle 20:00, che chiude questa giornata ricca di colori e sapori.<\/strong><\/p>\n\n\n\n<div class=\"wp-block-uagb-container uagb-block-b45fe880 alignfull uagb-is-root-container\"><div class=\"uagb-container-inner-blocks-wrap\"><\/div><\/div>\n\n\n\n<figure class=\"wp-block-image\"><img decoding=\"async\" src=\"https:\/\/www.bassin-arcachon.com\/wp-content\/uploads\/2018\/11\/En-attente-du-feu-dartifice-cabanes-en-fete-1024x683.jpg\" alt=\"- - Bassin d&#039;Arcachon\" title=\"- - Bassin d&#039;Arcachon\"><\/figure>\n\n\n\n<h5 class=\"wp-block-heading\">\u00a9 Ufficio del turismo di Andernos<\/h5>\n\n\n\n<div class=\"wp-block-uagb-container uagb-block-3d9b3699 alignfull uagb-is-root-container\"><div class=\"uagb-container-inner-blocks-wrap\"><\/div><\/div>\n\n\n\n<p>L&#039;ingresso a Cabanes en F\u00eate \u00e8 gratuito. Informazioni su<strong><a href=\"https:\/\/andernos-tourisme.fr\/\" target=\"_blank\" rel=\"noopener\">Ufficio turistico di Andernos<\/a><\/strong><\/p>\n\n\n\n<p><\/p>","protected":false},"excerpt":{"rendered":"<p>Segnatevi la data: come ogni anno, il porto delle ostriche di Andernos-les-Bains ospiter\u00e0 la grande festa delle ostriche e del vino di Entre-Deux-Mers sabato 2 dicembre 2023!<\/p>","protected":false},"author":14,"featured_media":97702,"comment_status":"open","ping_status":"closed","sticky":false,"template":"","format":"standard","meta":{"_acf_changed":false,"_uag_custom_page_level_css":"","footnotes":""},"categories":[2132],"tags":[63,76,244,242],"class_list":["post-26590","post","type-post","status-publish","format-standard","has-post-thumbnail","hentry","category-gastronomie","tag-bassin","tag-bassin-darcachon","tag-cabanes-en-fete","tag-hiver"],"acf":[],"uagb_featured_image_src":{"full":["https:\/\/bassin-arcachon.com\/wp-content\/uploads\/2024\/11\/38795007642_d83f63e160_o-1-scaled.jpg",2560,1707,false],"thumbnail":["https:\/\/bassin-arcachon.com\/wp-content\/uploads\/2024\/11\/38795007642_d83f63e160_o-1-scaled-150x150.jpg",150,150,true],"medium":["https:\/\/bassin-arcachon.com\/wp-content\/uploads\/2024\/11\/38795007642_d83f63e160_o-1-scaled-600x400.jpg",600,400,true],"medium_large":["https:\/\/bassin-arcachon.com\/wp-content\/uploads\/2024\/11\/38795007642_d83f63e160_o-1-scaled-768x512.jpg",768,512,true],"large":["https:\/\/bassin-arcachon.com\/wp-content\/uploads\/2024\/11\/38795007642_d83f63e160_o-1-scaled-1024x683.jpg",1024,683,true],"1536x1536":["https:\/\/bassin-arcachon.com\/wp-content\/uploads\/2024\/11\/38795007642_d83f63e160_o-1-scaled-1536x1024.jpg",1536,1024,true],"2048x2048":["https:\/\/bassin-arcachon.com\/wp-content\/uploads\/2024\/11\/38795007642_d83f63e160_o-1-scaled-2048x1366.jpg",2048,1366,true],"trp-custom-language-flag":["https:\/\/bassin-arcachon.com\/wp-content\/uploads\/2024\/11\/38795007642_d83f63e160_o-1-scaled-18x12.jpg",18,12,true]},"uagb_author_info":{"display_name":"Louise de l'Office de Tourisme d'Andernos","author_link":"https:\/\/bassin-arcachon.com\/it\/author\/louise-ot-andernos\/"},"uagb_comment_info":0,"uagb_excerpt":"Save the date : comme chaque ann\u00e9e, le port ostr\u00e9icole d\u2019Andernos-les-Bains accueillera la grande c\u00e9l\u00e9bration festive des hu\u00eetres et du vin de l\u2019Entre-Deux-Mers le samedi 2 d\u00e9cembre 2023 !","_links":{"self":[{"href":"https:\/\/bassin-arcachon.com\/it\/wp-json\/wp\/v2\/posts\/26590","targetHints":{"allow":["GET"]}}],"collection":[{"href":"https:\/\/bassin-arcachon.com\/it\/wp-json\/wp\/v2\/posts"}],"about":[{"href":"https:\/\/bassin-arcachon.com\/it\/wp-json\/wp\/v2\/types\/post"}],"author":[{"embeddable":true,"href":"https:\/\/bassin-arcachon.com\/it\/wp-json\/wp\/v2\/users\/14"}],"replies":[{"embeddable":true,"href":"https:\/\/bassin-arcachon.com\/it\/wp-json\/wp\/v2\/comments?post=26590"}],"version-history":[{"count":22,"href":"https:\/\/bassin-arcachon.com\/it\/wp-json\/wp\/v2\/posts\/26590\/revisions"}],"predecessor-version":[{"id":198402,"href":"https:\/\/bassin-arcachon.com\/it\/wp-json\/wp\/v2\/posts\/26590\/revisions\/198402"}],"wp:featuredmedia":[{"embeddable":true,"href":"https:\/\/bassin-arcachon.com\/it\/wp-json\/wp\/v2\/media\/97702"}],"wp:attachment":[{"href":"https:\/\/bassin-arcachon.com\/it\/wp-json\/wp\/v2\/media?parent=26590"}],"wp:term":[{"taxonomy":"category","embeddable":true,"href":"https:\/\/bassin-arcachon.com\/it\/wp-json\/wp\/v2\/categories?post=26590"},{"taxonomy":"post_tag","embeddable":true,"href":"https:\/\/bassin-arcachon.com\/it\/wp-json\/wp\/v2\/tags?post=26590"}],"curies":[{"name":"wp","href":"https:\/\/api.w.org\/{rel}","templated":true}]}}