{"id":45660,"date":"2020-07-31T12:21:14","date_gmt":"2020-07-31T10:21:14","guid":{"rendered":"https:\/\/www.bassin-arcachon.com\/?p=45386"},"modified":"2023-11-22T16:20:10","modified_gmt":"2023-11-22T15:20:10","slug":"vivere-il-bacino-darcachon-in-4-visite","status":"publish","type":"post","link":"https:\/\/bassin-arcachon.com\/it\/vivre-le-bassin-darcachon-en-4-visites\/","title":{"rendered":"Scopri l&#039;Bassin di Arcachon in 4 visite"},"content":{"rendered":"<p>Prima di essere un piccolo angolo di paradiso, il Bassin di Arcachon \u00e8 uno stato d&#039;animo! Abiti qui o sei di passaggio in zona? Le nostre guide vi invitano a vivere tour guidati a piedi o in bicicletta. Da Cap Ferret alla Dune du Pilat, unisciti al Bassin Spirit!<\/p>\n<p><img loading=\"lazy\" decoding=\"async\" class=\"alignnone wp-image-47263 size-full\" src=\"https:\/\/bassin-arcachon.com\/\/wp-content\/uploads\/2020\/07\/lesprit-bassin.jpg\" alt=\"- - Bassin d&#039;Arcachon\" width=\"1754\" height=\"1110\" title=\"- - Bassin d&#039;Arcachon\" srcset=\"https:\/\/bassin-arcachon.com\/wp-content\/uploads\/2020\/07\/lesprit-bassin.jpg 1754w, https:\/\/bassin-arcachon.com\/wp-content\/uploads\/2020\/07\/lesprit-bassin-600x380.jpg 600w, https:\/\/bassin-arcachon.com\/wp-content\/uploads\/2020\/07\/lesprit-bassin-1024x648.jpg 1024w, https:\/\/bassin-arcachon.com\/wp-content\/uploads\/2020\/07\/lesprit-bassin-768x486.jpg 768w, https:\/\/bassin-arcachon.com\/wp-content\/uploads\/2020\/07\/lesprit-bassin-1536x972.jpg 1536w, https:\/\/bassin-arcachon.com\/wp-content\/uploads\/2020\/07\/lesprit-bassin-18x12.jpg 18w\" sizes=\"auto, (max-width: 1754px) 100vw, 1754px\" \/><\/p>\n<h2>Un po&#039; di terroir, patrimonio e storia vicino ad Arcachon<\/h2>\n<p>Con l&#039;Aneddoto, non ci perdiamo\u2026. aneddoti! Con il manubrio in mano ei piedi sui pedali, Val\u00e9rie, guida turistica, ti guida dal porto di La Teste de Buch ad Arcachon, o dal porto di Arcachon alla Dune du Pilat.<\/p>\n<p><img loading=\"lazy\" decoding=\"async\" class=\"alignnone wp-image-47262 size-full\" src=\"https:\/\/bassin-arcachon.com\/\/wp-content\/uploads\/2020\/07\/velo-arcachon-la-teste-de-buch.jpg\" alt=\"- - Bassin d&#039;Arcachon\" width=\"1754\" height=\"1104\" title=\"- - Bassin d&#039;Arcachon\" srcset=\"https:\/\/bassin-arcachon.com\/wp-content\/uploads\/2020\/07\/velo-arcachon-la-teste-de-buch.jpg 1754w, https:\/\/bassin-arcachon.com\/wp-content\/uploads\/2020\/07\/velo-arcachon-la-teste-de-buch-600x378.jpg 600w, https:\/\/bassin-arcachon.com\/wp-content\/uploads\/2020\/07\/velo-arcachon-la-teste-de-buch-1024x645.jpg 1024w, https:\/\/bassin-arcachon.com\/wp-content\/uploads\/2020\/07\/velo-arcachon-la-teste-de-buch-768x483.jpg 768w, https:\/\/bassin-arcachon.com\/wp-content\/uploads\/2020\/07\/velo-arcachon-la-teste-de-buch-1536x967.jpg 1536w, https:\/\/bassin-arcachon.com\/wp-content\/uploads\/2020\/07\/velo-arcachon-la-teste-de-buch-18x12.jpg 18w\" sizes=\"auto, (max-width: 1754px) 100vw, 1754px\" \/><\/p>\n<p>E se Val\u00e9rie non ha la lingua in tasca, \u00e8 anche piena di buoni consigli. Con lei capirai cosa sono lo spirito Bassin e la cordialit\u00e0 locale!<\/p>\n<p>\u270c\ud83c\udffc <strong>Le informazioni di cui hai bisogno <\/strong>: Non dimenticare di prenotare la tua visita guidata con Val\u00e9rie! Minimo 6 partecipanti e massimo 9. \u00c8 possibile privatizzare la visita per incontrare la trib\u00f9!<\/p>\n<p><strong>\ud83d\udc4b\ud83c\udffc Val\u00e9rie \u00e8 raggiungibile qui:<\/strong><\/p>\n<p>\ud83d\udcde 06 62 89 36 25<\/p>\n<p>\ud83d\udce9 <a href=\"mailto:lanecdote@icloud.com\">lanecdote@icloud.com<\/a><\/p>\n<p>\ud83d\udda5 <a href=\"http:\/\/www.visitebassindarcachon.fr\/\" target=\"_blank\" rel=\"noopener noreferrer\">www.visitebassindarcachon.fr<\/a><\/p>\n<h2>Tutti in sella sulla penisola di Cap Ferret<\/h2>\n<p>Perch\u00e9 il villaggio di L&#039;Herbe porta questo nome? Le Biclous di Bassin ti danno la risposta durante un giro in bicicletta sulla penisola di Cap Ferret.<\/p>\n<p><img loading=\"lazy\" decoding=\"async\" class=\"alignnone wp-image-47260 size-full\" src=\"https:\/\/bassin-arcachon.com\/\/wp-content\/uploads\/2020\/07\/lege-cap-ferret-a-velo.jpg\" alt=\"- - Bassin d&#039;Arcachon\" width=\"1754\" height=\"1110\" title=\"- - Bassin d&#039;Arcachon\" srcset=\"https:\/\/bassin-arcachon.com\/wp-content\/uploads\/2020\/07\/lege-cap-ferret-a-velo.jpg 1754w, https:\/\/bassin-arcachon.com\/wp-content\/uploads\/2020\/07\/lege-cap-ferret-a-velo-600x380.jpg 600w, https:\/\/bassin-arcachon.com\/wp-content\/uploads\/2020\/07\/lege-cap-ferret-a-velo-1024x648.jpg 1024w, https:\/\/bassin-arcachon.com\/wp-content\/uploads\/2020\/07\/lege-cap-ferret-a-velo-768x486.jpg 768w, https:\/\/bassin-arcachon.com\/wp-content\/uploads\/2020\/07\/lege-cap-ferret-a-velo-1536x972.jpg 1536w, https:\/\/bassin-arcachon.com\/wp-content\/uploads\/2020\/07\/lege-cap-ferret-a-velo-18x12.jpg 18w\" sizes=\"auto, (max-width: 1754px) 100vw, 1754px\" \/><\/p>\n<p>I Biclous di Bassin vi invitano a seguirli in bicicletta nei villaggi di ostriche di Piquey, Piraillan, de l&#039;Herbe e Canon! Un divertente tour guidato 100% durante il quale la tua guida condivide con te tutte le piccole e grandi storie della penisola.<\/p>\n<p><img loading=\"lazy\" decoding=\"async\" class=\"alignnone wp-image-45387 size-full\" src=\"https:\/\/www.bassin-arcachon.com\/wp-content\/uploads\/2020\/06\/velo-cap-ferret-SIBA-agence-les-conteurs-62.jpg\" alt=\"- - Bassin d&#039;Arcachon\" width=\"1500\" height=\"1000\" title=\"- - Bassin d&#039;Arcachon\"><\/p>\n<p>Indossiamo cappellino, occhiali da sole e stacchiamo la testa dal manubrio! Le vacanze iniziano con i primi colpi di pedale. E siccome pedalare a tutta velocit\u00e0 (o meno), scava, che ne dici di assaggiare i dolci locali a fine corsa?<\/p>\n<p>\u270c\ud83c\udffc<strong>Le informazioni di cui hai bisogno<\/strong> : giro in bicicletta di 4 ore ogni mattina alle 9:00 (o il pomeriggio alle 16:00 per tour privati). Ricordati di prenotare!<\/p>\n<p>\ud83d\udc4b\ud83c\udffc <strong>Per unirti a loro, \u00e8 qui<\/strong> :<\/p>\n<p>\ud83d\udcde 07 82 37 27 78<\/p>\n<p>\ud83d\udda5 <a href=\"https:\/\/www.lesbiclousdubassin.com\/\" target=\"_blank\" rel=\"noopener noreferrer\">www.lesbiclousdubassin.com<\/a><\/p>\n<h2>La Dune du Pilat, tesoro (pi\u00f9 alto) del Bassin<\/h2>\n<p>Partenza alle 6:00 insieme a Myriam, guida turistica, per una scoperta mattutina della Dune du Pilat lungo il suo crinale. Se svegliarsi alle 5 del mattino \u00e8 un po&#039; una seccatura, dimenticherai tutto una volta arrivato in cima. Cammina lungo il crinale, macchina fotografica in una mano, bottiglia d&#039;acqua nell&#039;altra.<\/p>\n<p><img loading=\"lazy\" decoding=\"async\" class=\"alignnone wp-image-46851 size-full\" src=\"https:\/\/bassin-arcachon.com\/\/wp-content\/uploads\/2020\/07\/dune-du-pilat-contempler-le-lever-du-soleil.jpg\" alt=\"- - Bassin d&#039;Arcachon\" width=\"1200\" height=\"800\" title=\"- - Bassin d&#039;Arcachon\" srcset=\"https:\/\/bassin-arcachon.com\/wp-content\/uploads\/2020\/07\/dune-du-pilat-contempler-le-lever-du-soleil.jpg 1200w, https:\/\/bassin-arcachon.com\/wp-content\/uploads\/2020\/07\/dune-du-pilat-contempler-le-lever-du-soleil-600x400.jpg 600w, https:\/\/bassin-arcachon.com\/wp-content\/uploads\/2020\/07\/dune-du-pilat-contempler-le-lever-du-soleil-1024x683.jpg 1024w, https:\/\/bassin-arcachon.com\/wp-content\/uploads\/2020\/07\/dune-du-pilat-contempler-le-lever-du-soleil-768x512.jpg 768w, https:\/\/bassin-arcachon.com\/wp-content\/uploads\/2020\/07\/dune-du-pilat-contempler-le-lever-du-soleil-18x12.jpg 18w\" sizes=\"auto, (max-width: 1200px) 100vw, 1200px\" \/><\/p>\n<p>Contempla l&#039;alba sull&#039;Bassin mentre Myriam condivide con te tutti i suoi piccoli aneddoti. Frizzante e attenta, la tua guida ti immerge nello spirito Bassin, appena fuori dal letto!<\/p>\n<p>Al termine della visita all&#039;aria aperta, scendiamo il pendio per uscire dalla spiaggia, oppure ci ritroviamo al ristorante Le Panorama per una colazione gourmet!<\/p>\n<p><strong>\ud83d\udc4b\ud83c\udffc In questo modo per prenotare con Myriam:<\/strong><\/p>\n<p>\ud83d\udcde 06 80 43 96 78<\/p>\n<p>\ud83d\udce9 <a href=\"mailto:myramixa@aol.com\">myramixa@aol.com<\/a><\/p>\n<h2>Audenge: nei panni della gente del posto<\/h2>\n<p>Niente di meglio per assorbire lo spirito Bassin che essere guidati da un locale! I tuoi bambini imparano divertendosi... e anche tu!<\/p>\n<p>Preferiresti incontrare la gente del posto o essere la tua guida piena di sorprese? In entrambi i casi, Christel, guida turistica, vi promette belle scoperte.<\/p>\n<p><img loading=\"lazy\" decoding=\"async\" class=\"alignnone wp-image-47258 size-full\" src=\"https:\/\/bassin-arcachon.com\/\/wp-content\/uploads\/2020\/06\/port-audenge-bassin-arcachon-agence-les-conteurs-33.jpg\" alt=\"- - Bassin d&#039;Arcachon\" width=\"1999\" height=\"1333\" title=\"- - Bassin d&#039;Arcachon\" srcset=\"https:\/\/bassin-arcachon.com\/wp-content\/uploads\/2020\/06\/port-audenge-bassin-arcachon-agence-les-conteurs-33.jpg 1999w, https:\/\/bassin-arcachon.com\/wp-content\/uploads\/2020\/06\/port-audenge-bassin-arcachon-agence-les-conteurs-33-600x400.jpg 600w, https:\/\/bassin-arcachon.com\/wp-content\/uploads\/2020\/06\/port-audenge-bassin-arcachon-agence-les-conteurs-33-1024x683.jpg 1024w, https:\/\/bassin-arcachon.com\/wp-content\/uploads\/2020\/06\/port-audenge-bassin-arcachon-agence-les-conteurs-33-768x512.jpg 768w, https:\/\/bassin-arcachon.com\/wp-content\/uploads\/2020\/06\/port-audenge-bassin-arcachon-agence-les-conteurs-33-1536x1024.jpg 1536w, https:\/\/bassin-arcachon.com\/wp-content\/uploads\/2020\/06\/port-audenge-bassin-arcachon-agence-les-conteurs-33-18x12.jpg 18w\" sizes=\"auto, (max-width: 1999px) 100vw, 1999px\" \/><\/p>\n<p>Ogni marted\u00ec o in privatizzazione, \u00e8 la visita del porto di Audenge. Una vera boccata d&#039;aria fresca e un&#039;autentica passeggiata durante la quale Christel aprir\u00e0 le porte de La Cabane \u00e0 Jeannot, figura locale, pescatore e parroco locale.<\/p>\n<p><strong>\ud83d\udc4b\ud83c\udffc In questo modo per contattare Christel:<\/strong><\/p>\n<p>\ud83d\udcde 06 10 55 16 29<\/p>\n<p>\ud83d\udce9 <a href=\"mailto:lesvisitesdechristel@gmail.com\">lesvisitesdechristel@gmail.com<\/a><\/p>\n<p>\ud83d\udda5 <a href=\"http:\/\/bassin-arcachon-visites.fr\/contact\/\" target=\"_blank\" rel=\"noopener noreferrer\">http:\/\/bassin-arcachon-visites.fr\/contact\/<\/a><\/p>","protected":false},"excerpt":{"rendered":"<p>Avant d\u2019\u00eatre un petit coin de paradis, le Bassin d\u2019Arcachon, c\u2019est un \u00e9tat d\u2019esprit ! Vous habitez ici ou \u00eates de passage dans la r\u00e9gion ? Nos guides vous invitent [&hellip;]<\/p>\n","protected":false},"author":13,"featured_media":47268,"comment_status":"open","ping_status":"closed","sticky":false,"template":"","format":"standard","meta":{"_acf_changed":false,"_uag_custom_page_level_css":"","footnotes":""},"categories":[2129],"tags":[230,201,334,1610],"class_list":["post-45660","post","type-post","status-publish","format-standard","has-post-thumbnail","hentry","category-nature-art-de-vivre","tag-cap-ferret","tag-port","tag-velo","tag-villages-ostreicoles"],"acf":[],"uagb_featured_image_src":{"full":["https:\/\/bassin-arcachon.com\/wp-content\/uploads\/2020\/07\/velo-lege-cap-ferret-scaled.jpg",2560,1707,false],"thumbnail":["https:\/\/bassin-arcachon.com\/wp-content\/uploads\/2020\/07\/velo-lege-cap-ferret-scaled-150x150.jpg",150,150,true],"medium":["https:\/\/bassin-arcachon.com\/wp-content\/uploads\/2020\/07\/velo-lege-cap-ferret-scaled-600x400.jpg",600,400,true],"medium_large":["https:\/\/bassin-arcachon.com\/wp-content\/uploads\/2020\/07\/velo-lege-cap-ferret-scaled-768x512.jpg",768,512,true],"large":["https:\/\/bassin-arcachon.com\/wp-content\/uploads\/2020\/07\/velo-lege-cap-ferret-scaled-1024x683.jpg",1024,683,true],"1536x1536":["https:\/\/bassin-arcachon.com\/wp-content\/uploads\/2020\/07\/velo-lege-cap-ferret-scaled-1536x1024.jpg",1536,1024,true],"2048x2048":["https:\/\/bassin-arcachon.com\/wp-content\/uploads\/2020\/07\/velo-lege-cap-ferret-scaled-2048x1366.jpg",2048,1366,true],"trp-custom-language-flag":["https:\/\/bassin-arcachon.com\/wp-content\/uploads\/2020\/07\/velo-lege-cap-ferret-scaled-18x12.jpg",18,12,true]},"uagb_author_info":{"display_name":"Marine, ambassadrice du Bassin d'Arcachon","author_link":"https:\/\/bassin-arcachon.com\/it\/author\/marineles-conteurs-com\/"},"uagb_comment_info":0,"uagb_excerpt":"Avant d\u2019\u00eatre un petit coin de paradis, le Bassin d\u2019Arcachon, c\u2019est un \u00e9tat d\u2019esprit ! Vous habitez ici ou \u00eates de passage dans la r\u00e9gion ? Nos guides vous invitent [&hellip;]","_links":{"self":[{"href":"https:\/\/bassin-arcachon.com\/it\/wp-json\/wp\/v2\/posts\/45660","targetHints":{"allow":["GET"]}}],"collection":[{"href":"https:\/\/bassin-arcachon.com\/it\/wp-json\/wp\/v2\/posts"}],"about":[{"href":"https:\/\/bassin-arcachon.com\/it\/wp-json\/wp\/v2\/types\/post"}],"author":[{"embeddable":true,"href":"https:\/\/bassin-arcachon.com\/it\/wp-json\/wp\/v2\/users\/13"}],"replies":[{"embeddable":true,"href":"https:\/\/bassin-arcachon.com\/it\/wp-json\/wp\/v2\/comments?post=45660"}],"version-history":[{"count":0,"href":"https:\/\/bassin-arcachon.com\/it\/wp-json\/wp\/v2\/posts\/45660\/revisions"}],"wp:featuredmedia":[{"embeddable":true,"href":"https:\/\/bassin-arcachon.com\/it\/wp-json\/wp\/v2\/media\/47268"}],"wp:attachment":[{"href":"https:\/\/bassin-arcachon.com\/it\/wp-json\/wp\/v2\/media?parent=45660"}],"wp:term":[{"taxonomy":"category","embeddable":true,"href":"https:\/\/bassin-arcachon.com\/it\/wp-json\/wp\/v2\/categories?post=45660"},{"taxonomy":"post_tag","embeddable":true,"href":"https:\/\/bassin-arcachon.com\/it\/wp-json\/wp\/v2\/tags?post=45660"}],"curies":[{"name":"wp","href":"https:\/\/api.w.org\/{rel}","templated":true}]}}