{"id":45663,"date":"2020-06-11T09:50:06","date_gmt":"2020-06-11T07:50:06","guid":{"rendered":"https:\/\/www.bassin-arcachon.com\/?p=44449"},"modified":"2023-12-21T17:01:16","modified_gmt":"2023-12-21T16:01:16","slug":"5-idee-per-riconnettersi-con-la-natura","status":"publish","type":"post","link":"https:\/\/bassin-arcachon.com\/it\/5-idees-pour-se-reconnecter-avec-la-nature\/","title":{"rendered":"4 idee per riconnettersi con la natura"},"content":{"rendered":"<p>Un po&#039; di voglia di evadere? Le nostre guide locali ti invitano a riconnetterti con la natura. C&#039;\u00e8 da dire che le passeggiate ultimamente sono state limitate. Quindi partiamo con la Bassin da Arcachon per scappare da tutto! Scopri le nostre 5 idee per fughe nella natura e fai la tua scelta \ud83d\ude09<\/p>\n\n\n\n<figure class=\"wp-block-image\"><img decoding=\"async\" src=\"https:\/\/www.bassin-arcachon.com\/wp-content\/uploads\/2020\/06\/domaine-de-fleury-36.jpg\" alt=\"- - Bassin d&#039;Arcachon\" class=\"wp-image-44453\" title=\"- - Bassin d&#039;Arcachon\"><\/figure>\n\n\n\n<h2 class=\"wp-block-heading\">Dirigendosi verso la Riserva Naturale Nazionale di Salt Meadows<\/h2>\n\n\n\n<p>Sogni un&#039;escursione nella savana? Le guide naturalistiche di<a href=\"http:\/\/www.captermer.com\" target=\"_blank\" rel=\"noopener\">Associazione Cap Termer<\/a> trasportarti (quasi) in Africa!<\/p>\n\n\n\n<figure class=\"wp-block-image\"><img decoding=\"async\" src=\"https:\/\/www.bassin-arcachon.com\/wp-content\/uploads\/2020\/06\/reserve-naturelle-des-pr\u00e9s-sal\u00e9s-ar\u00e8s-lege.jpg\" alt=\"- - Bassin d&#039;Arcachon\" class=\"wp-image-44524\" title=\"- - Bassin d&#039;Arcachon\"><\/figure>\n\n\n\n<p>Appuntamento davanti alla Cabane du R\u00e9sinier per una gita all&#039;aria aperta, nel Parco Naturale Nazionale di Pr\u00e9s Sal\u00e9s. Il pi\u00f9 difficile ? Scegli tra le diverse fughe proposte dalle nostre guide:<\/p>\n\n\n\n<p><strong>\ud83d\udc69\u200d\ud83d\udc66\u200d\ud83d\udc66 Tutto il pubblico:<\/strong><\/p>\n\n\n\n<ul class=\"wp-block-list\">\n<li>Visita guidata alla Riserva Naturale delle Praterie Saline, \ud83d\udd51 2h<\/li>\n\n\n\n<li>Visita guidata crepuscolare della riserva, \ud83d\udd51 2h<\/li>\n\n\n\n<li>Percorso sfida a squadre! \ud83d\udd51 Da 1h30 a 2h<\/li>\n\n\n\n<li>Gita con uccelli, \ud83d\udd51 2h<\/li>\n<\/ul>\n\n\n\n<p><strong>\ud83d\udc67\ud83c\udffd Pubblico giovane<\/strong> :<\/p>\n\n\n\n<ul class=\"wp-block-list\">\n<li>\u201cLa passeggiata dei piccoli osservatori\u201d: dai 5 ai 7 anni, \ud83d\udd51 1h30<\/li>\n\n\n\n<li>\u201cCaccia al tesoro naturale\u201d: dai 7 ai 12 anni, \ud83d\udd51 1h30<\/li>\n\n\n\n<li>&quot;Nuove indagini dell&#039;ispettore Lafouine&quot;: dai 7 ai 12 anni, \ud83d\udd51 1h30<\/li>\n\n\n\n<li>\u201cLungo l&#039;acqua\u201d: dai 7 ai 12 anni, \ud83d\udd51 2 ore<\/li>\n<\/ul>\n\n\n\n<p>\ud83d\udc23 <strong>Per i gruppi di bambini (centri ricreativi o di accoglienza, ecc.):<\/strong><\/p>\n\n\n\n<ul class=\"wp-block-list\">\n<li>\u201cApprentis Naturalistes\u201d: dai 6 ai 12 anni (una versione destinata ai 6-8 anni e una seconda versione ai 9-12 anni), \ud83d\udd51 da 1h30 a 2h<\/li>\n<\/ul>\n\n\n\n<p><strong>Allora, hai fatto la tua scelta?<\/strong><\/p>\n\n\n\n<p>\ud83d\udca1<strong>Buono a sapersi<\/strong> : Cap Termer propone anche delle escursioni naturalistiche verso altri siti eccezionali a bordo dell&#039;Bassin, nonch\u00e9 una mostra didattica nella sua cabina!<\/p>\n\n\n\n<p>\ud83d\udcac <strong>Contatta Cap Termer <\/strong>:<\/p>\n\n\n\n<p>\ud83d\udcde 06 28 41 03 98<\/p>\n\n\n\n<p>\ud83d\udce9 <a href=\"mailto:captermer@captermer.com\">captermer@captermer.com<\/a> \/ <a href=\"https:\/\/www.facebook.com\/pages\/category\/Nonprofit-Organization\/Association-Cap-Termer-825833694182975\/\" target=\"_blank\" rel=\"noopener\">Facebook<\/a><\/p>\n\n\n\n<h2 class=\"wp-block-heading\">Un bagno nella natura, che ne dite?<\/h2>\n\n\n\n<p>Il modo migliore per riconnettersi con la natura? Respirare ! B\u00e9n\u00e9dicte, Christine e Florence vi accompagnano in un viaggio in armonia con la natura. In mezzo alla foresta o lungo l&#039;acqua, tieni gli occhi e le orecchie aperti!<\/p>\n\n\n\n<figure class=\"wp-block-image\"><img decoding=\"async\" src=\"https:\/\/www.bassin-arcachon.com\/wp-content\/uploads\/2020\/06\/bain-de-nature-le-teich.jpg\" alt=\"- - Bassin d&#039;Arcachon\" class=\"wp-image-44527\" title=\"- - Bassin d&#039;Arcachon\"><\/figure>\n\n\n\n<p>All&#039;ordine del giorno della giornata:<\/p>\n\n\n\n<p>\ud83d\udccdCi vediamo al Port du Teich!<\/p>\n\n\n\n<p>\ud83c\udf44 Bagno nella foresta con Christine<\/p>\n\n\n\n<p>\ud83d\udd09 Bagno sonoro o odissea sonora con B\u00e9n\u00e9dicte<\/p>\n\n\n\n<p>\ud83d\udca7Bagno fluviale con Firenze<\/p>\n\n\n\n<p><strong>\ud83d\udc4c\ud83c\udffc Il piccolo extra<\/strong> : Hai un po&#039; di languorino? \u00c8 possibile sedersi a tavola, attorno ad un buon pasto o ad un piatto di ostriche di Bassin.<\/p>\n\n\n\n<p>\ud83d\udcac <strong>Contatta Firenze<\/strong> <strong>o Cristina<\/strong> :<\/p>\n\n\n\n<p>\ud83d\udcde 07 69 93 44 62 \/ 06 75 65 13 95<\/p>\n\n\n\n<p>\ud83d\udce9 <a href=\"mailto:fl.eau.discovery@gmail.com\">fl.eau.discovery@gmail.com<\/a><\/p>\n\n\n\n<p>\ud83d\udda5 <a href=\"http:\/\/fl-eau.fr\/\" target=\"_blank\" rel=\"noopener\">fl-eau.fr<\/a> O su <a href=\"https:\/\/www.facebook.com\/fl.eau.discovery\/\" target=\"_blank\" rel=\"noopener\">Facebook<\/a><\/p>\n\n\n\n<h2 class=\"wp-block-heading\">Ricaricate le batterie ai piedi degli alberi con un Forest Bath<\/h2>\n\n\n\n<p>Pensi che sia solo una passeggiata nella foresta? Ti assicuriamo che \u00e8 molto pi\u00f9 di questo! Con Christine entriamo in comunione con la natura. Annusa la corteccia, tocca le foglie, ascolta le sue sensazioni... Inspira, espira, sei il pi\u00f9 vicino possibile alla natura! Christine, un&#039;operatrice certificata di terapia forestale, ti offre un&#039;introduzione ai benefici della foresta. Non andartene senza dare il tradizionale abbraccio all&#039;albero! \ud83d\ude09<\/p>\n\n\n\n<figure class=\"wp-block-image\"><img decoding=\"async\" src=\"https:\/\/www.bassin-arcachon.com\/wp-content\/uploads\/2020\/06\/champignons-SIBA-agence-les-conteurs-61-1-scaled.jpg\" alt=\"- - Bassin d&#039;Arcachon\" class=\"wp-image-44529\" title=\"- - Bassin d&#039;Arcachon\"><\/figure>\n\n\n\n<p>\ud83d\udcda<strong>Il minuto della cultura<\/strong> : La Forest Therapy \u00e8 una pratica che consiste nel riconnettersi con la natura, per ritrovare benessere e serenit\u00e0 tra gli alberi.<\/p>\n\n\n\n<p><strong>\ud83d\udcac Dove contattare Christine?<\/strong><\/p>\n\n\n\n<p>\ud83d\udcde 06 75 65 13 95<\/p>\n\n\n\n<p>\ud83d\udce9 <a href=\"mailto:contact@larbreetmoi.fr\">contact@larbreetmoi.fr<\/a><\/p>\n\n\n\n<p>\ud83d\udda5 <a href=\"https:\/\/www.facebook.com\/larbreetmoi\/\" target=\"_blank\" rel=\"noopener\">pagina Facebook<\/a> \/ <a href=\"https:\/\/larbreetmoi.fr\" target=\"_blank\" rel=\"noopener\">Sito web<\/a><\/p>\n\n\n\n<h2 class=\"wp-block-heading\">Ostriche, libellule e praterie salate: la natura segreta di Bassin!<\/h2>\n\n\n\n<p>\u00c8 tempo di riconnettersi con la natura e l&#039;Ufficio del Turismo di Ar\u00e8s lo capisce! Parti con Alexandre, guide naturalistiche Bassin, per un&#039;escursione alla scoperta dell&#039;allevamento di ostriche, dei prati salati o della fauna selvatica locale. Siete pronti ?<\/p>\n\n\n\n<p>\ud83d\udc1a La Capanna delle Conchiglie<\/p>\n\n\n\n<p>Molluschi e crostacei\u2026 Conosci la canzone! La tua guida ti aspetta al porto delle ostriche di Ar\u00e8s per scoprire insieme tutti i segreti dell&#039;ostrica Bassin. Sulla strada !<\/p>\n\n\n\n<figure class=\"wp-block-image\"><img loading=\"lazy\" decoding=\"async\" width=\"1200\" height=\"900\" src=\"https:\/\/www.bassin-arcachon.com\/wp-content\/uploads\/2017\/04\/ares-port-ostreicole.jpg\" alt=\"- - Bassin d&#039;Arcachon\" class=\"wp-image-1162\" title=\"- - Bassin d&#039;Arcachon\" srcset=\"https:\/\/bassin-arcachon.com\/wp-content\/uploads\/2017\/04\/ares-port-ostreicole.jpg 1200w, https:\/\/bassin-arcachon.com\/wp-content\/uploads\/2017\/04\/ares-port-ostreicole-600x450.jpg 600w, https:\/\/bassin-arcachon.com\/wp-content\/uploads\/2017\/04\/ares-port-ostreicole-1024x768.jpg 1024w, https:\/\/bassin-arcachon.com\/wp-content\/uploads\/2017\/04\/ares-port-ostreicole-768x576.jpg 768w, https:\/\/bassin-arcachon.com\/wp-content\/uploads\/2017\/04\/ares-port-ostreicole-16x12.jpg 16w\" sizes=\"auto, (max-width: 1200px) 100vw, 1200px\" \/><\/figure>\n\n\n\n<p>\ud83c\udf31 Scoperta dei segreti dei prati salati<\/p>\n\n\n\n<p>Vedi quella lucertola nascosta nell&#039;erba? E questa tartaruga palustre che si crogiola al sole? Fai come fa la tua guida e scrivi tutto ci\u00f2 che osservi su un quaderno! Ovunque nella riserva, la natura vi tende le braccia.<\/p>\n\n\n\n<figure class=\"wp-block-image\"><img decoding=\"async\" src=\"https:\/\/www.bassin-arcachon.com\/wp-content\/uploads\/2020\/06\/pres-sales-ares-45.jpg\" alt=\"- - Bassin d&#039;Arcachon\" class=\"wp-image-44463\" title=\"- - Bassin d&#039;Arcachon\"><\/figure>\n\n\n\n<figure class=\"wp-block-image\"><img decoding=\"async\" src=\"https:\/\/www.bassin-arcachon.com\/wp-content\/uploads\/2020\/06\/pres-sales-ares-27.jpg\" alt=\"- - Bassin d&#039;Arcachon\" class=\"wp-image-44462\" title=\"- - Bassin d&#039;Arcachon\"><\/figure>\n\n\n\n<p>\ud83d\udc26 Passeggiata con le conche di St Brice<\/p>\n\n\n\n<p>Uccelli, libellule e tartarughe... Benvenuti nella conca di Saint-Brice! La tua guida, Alexandre, ti offre una passeggiata nella natura selvaggia di Bassin. Una pausa che fa bene a tutta la famiglia. Seguire il leader !<\/p>\n\n\n\n<figure class=\"wp-block-image\"><img loading=\"lazy\" decoding=\"async\" width=\"1200\" height=\"755\" src=\"https:\/\/www.bassin-arcachon.com\/wp-content\/uploads\/2020\/03\/saint-brice-ar\u00e8s-1.jpg\" alt=\"- - Bassin d&#039;Arcachon\" class=\"wp-image-42813\" title=\"- - Bassin d&#039;Arcachon\" srcset=\"https:\/\/bassin-arcachon.com\/wp-content\/uploads\/2020\/03\/saint-brice-ar\u00e8s-1.jpg 1200w, https:\/\/bassin-arcachon.com\/wp-content\/uploads\/2020\/03\/saint-brice-ar\u00e8s-1-600x378.jpg 600w, https:\/\/bassin-arcachon.com\/wp-content\/uploads\/2020\/03\/saint-brice-ar\u00e8s-1-1024x644.jpg 1024w, https:\/\/bassin-arcachon.com\/wp-content\/uploads\/2020\/03\/saint-brice-ar\u00e8s-1-768x483.jpg 768w, https:\/\/bassin-arcachon.com\/wp-content\/uploads\/2020\/03\/saint-brice-ar\u00e8s-1-18x12.jpg 18w\" sizes=\"auto, (max-width: 1200px) 100vw, 1200px\" \/><\/figure>\n\n\n\n<p>\ud83d\udca1<strong>Buono a sapersi<\/strong> : La tua guida porta a bordo solo 8 persone alla volta ed \u00e8 obbligatorio indossare una maschera! Pensateci \ud83d\ude09<\/p>\n\n\n\n<p><strong>\ud83d\udcac Prenota qui la tua escursione naturalistica 100%:&nbsp;<\/strong><\/p>\n\n\n\n<p>\ud83d\udcde 05 56 60 18 07<\/p>\n\n\n\n<p>\ud83d\udce9 <a href=\"mailto:info@ares-tourisme.com\">info@ares-tourisme.com<\/a><\/p>\n\n\n\n<p>\ud83d\udda5 <a href=\"https:\/\/www.ares-tourisme.com\/\" target=\"_blank\" rel=\"noopener\">https:\/\/www.ares-tourisme.com\/<\/a><\/p>\n\n\n\n<h3 class=\"wp-block-heading\">Maggiori informazioni :<\/h3>\n\n\n\n<p><iframe loading=\"lazy\" style=\"margin: 0 auto;\" src=\"\/\/v.calameo.com\/?bkcode=000024421ec6dce8a8499&amp;mode=mini\" width=\"480\" height=\"300\" frameborder=\"0\" scrolling=\"no\" allowfullscreen=\"allowfullscreen\"><\/iframe><\/p>\n\n\n\n<p><strong>Trova tutti i nostri fornitori di tempo libero e attivit\u00e0 tramite&nbsp;<a href=\"https:\/\/bassin-arcachon.com\/it\/opuscoli\/guida-al-tempo-libero-e-attivita-2\/\">questa guida<\/a>e tutti i nostri fornitori turistici sulla nostra applicazione Bassin Arcachon (disponibile su&nbsp;<a href=\"https:\/\/apps.apple.com\/fr\/app\/bassin-darcachon\/id409095527\" target=\"_blank\" rel=\"noopener\">Mela<\/a>&nbsp;&amp;&nbsp;<a href=\"https:\/\/play.google.com\/store\/apps\/details?id=com.youteam.sibav2&amp;hl=fr\" target=\"_blank\" rel=\"noopener\">Androide<\/a>)<\/strong><\/p>","protected":false},"excerpt":{"rendered":"<p>Une petite envie d\u2019\u00e9vasion ? Nos guides locaux vous proposent de vous reconnecter avec la nature. Il faut dire que les balades ont \u00e9t\u00e9 limit\u00e9es ces derniers temps. Alors on [&hellip;]<\/p>\n","protected":false},"author":13,"featured_media":23615,"comment_status":"open","ping_status":"closed","sticky":false,"template":"","format":"standard","meta":{"_acf_changed":false,"_uag_custom_page_level_css":"","footnotes":""},"categories":[2130,2129],"tags":[340],"class_list":["post-45663","post","type-post","status-publish","format-standard","has-post-thumbnail","hentry","category-bien-etre","category-nature-art-de-vivre","tag-reserve-naturelle-des-pres-sales-dares"],"acf":[],"uagb_featured_image_src":{"full":["https:\/\/bassin-arcachon.com\/wp-content\/uploads\/2018\/07\/Pr\u00e9s-sal\u00e9s-Ar\u00e8s-L\u00e8ge-Bassin-Arcachon-7.jpg",1200,800,false],"thumbnail":["https:\/\/bassin-arcachon.com\/wp-content\/uploads\/2018\/07\/Pr\u00e9s-sal\u00e9s-Ar\u00e8s-L\u00e8ge-Bassin-Arcachon-7-150x150.jpg",150,150,true],"medium":["https:\/\/bassin-arcachon.com\/wp-content\/uploads\/2018\/07\/Pr\u00e9s-sal\u00e9s-Ar\u00e8s-L\u00e8ge-Bassin-Arcachon-7-600x400.jpg",600,400,true],"medium_large":["https:\/\/bassin-arcachon.com\/wp-content\/uploads\/2018\/07\/Pr\u00e9s-sal\u00e9s-Ar\u00e8s-L\u00e8ge-Bassin-Arcachon-7-768x512.jpg",768,512,true],"large":["https:\/\/bassin-arcachon.com\/wp-content\/uploads\/2018\/07\/Pr\u00e9s-sal\u00e9s-Ar\u00e8s-L\u00e8ge-Bassin-Arcachon-7-1024x683.jpg",1024,683,true],"1536x1536":["https:\/\/bassin-arcachon.com\/wp-content\/uploads\/2018\/07\/Pr\u00e9s-sal\u00e9s-Ar\u00e8s-L\u00e8ge-Bassin-Arcachon-7.jpg",1200,800,false],"2048x2048":["https:\/\/bassin-arcachon.com\/wp-content\/uploads\/2018\/07\/Pr\u00e9s-sal\u00e9s-Ar\u00e8s-L\u00e8ge-Bassin-Arcachon-7.jpg",1200,800,false],"trp-custom-language-flag":["https:\/\/bassin-arcachon.com\/wp-content\/uploads\/2018\/07\/Pr\u00e9s-sal\u00e9s-Ar\u00e8s-L\u00e8ge-Bassin-Arcachon-7-18x12.jpg",18,12,true]},"uagb_author_info":{"display_name":"Marine, ambassadrice du Bassin d'Arcachon","author_link":"https:\/\/bassin-arcachon.com\/it\/author\/marineles-conteurs-com\/"},"uagb_comment_info":0,"uagb_excerpt":"Une petite envie d\u2019\u00e9vasion ? Nos guides locaux vous proposent de vous reconnecter avec la nature. Il faut dire que les balades ont \u00e9t\u00e9 limit\u00e9es ces derniers temps. Alors on [&hellip;]","_links":{"self":[{"href":"https:\/\/bassin-arcachon.com\/it\/wp-json\/wp\/v2\/posts\/45663","targetHints":{"allow":["GET"]}}],"collection":[{"href":"https:\/\/bassin-arcachon.com\/it\/wp-json\/wp\/v2\/posts"}],"about":[{"href":"https:\/\/bassin-arcachon.com\/it\/wp-json\/wp\/v2\/types\/post"}],"author":[{"embeddable":true,"href":"https:\/\/bassin-arcachon.com\/it\/wp-json\/wp\/v2\/users\/13"}],"replies":[{"embeddable":true,"href":"https:\/\/bassin-arcachon.com\/it\/wp-json\/wp\/v2\/comments?post=45663"}],"version-history":[{"count":0,"href":"https:\/\/bassin-arcachon.com\/it\/wp-json\/wp\/v2\/posts\/45663\/revisions"}],"wp:featuredmedia":[{"embeddable":true,"href":"https:\/\/bassin-arcachon.com\/it\/wp-json\/wp\/v2\/media\/23615"}],"wp:attachment":[{"href":"https:\/\/bassin-arcachon.com\/it\/wp-json\/wp\/v2\/media?parent=45663"}],"wp:term":[{"taxonomy":"category","embeddable":true,"href":"https:\/\/bassin-arcachon.com\/it\/wp-json\/wp\/v2\/categories?post=45663"},{"taxonomy":"post_tag","embeddable":true,"href":"https:\/\/bassin-arcachon.com\/it\/wp-json\/wp\/v2\/tags?post=45663"}],"curies":[{"name":"wp","href":"https:\/\/api.w.org\/{rel}","templated":true}]}}