{"id":47343,"date":"2020-09-03T10:00:13","date_gmt":"2020-09-03T08:00:13","guid":{"rendered":"https:\/\/bassin-arcachon.com\/\/?p=47343"},"modified":"2023-12-21T17:05:53","modified_gmt":"2023-12-21T16:05:53","slug":"cap-sur-le-teich","status":"publish","type":"post","link":"https:\/\/bassin-arcachon.com\/it\/cap-sur-le-teich\/","title":{"rendered":"Dirigetevi verso la riserva ornitologica Teich!"},"content":{"rendered":"<p>Le vacanze sono finite, i bambini sono tornati a scuola eppure... L&#039;estate fa sempre venire voglia di libert\u00e0 <strong>Bassin di Arcachon<\/strong> ! Allaccia lo zaino e diventa verde per una fantastica fuga nel cuore del <strong>Teich<\/strong>.<\/p>\n\n\n\n<figure class=\"wp-block-image\"><img loading=\"lazy\" decoding=\"async\" width=\"1754\" height=\"1110\" src=\"https:\/\/bassin-arcachon.com\/\/wp-content\/uploads\/2020\/08\/le-teich.jpg\" alt=\"- - Bassin d&#039;Arcachon\" class=\"wp-image-47348\" title=\"- - Bassin d&#039;Arcachon\" srcset=\"https:\/\/bassin-arcachon.com\/wp-content\/uploads\/2020\/08\/le-teich.jpg 1754w, https:\/\/bassin-arcachon.com\/wp-content\/uploads\/2020\/08\/le-teich-600x380.jpg 600w, https:\/\/bassin-arcachon.com\/wp-content\/uploads\/2020\/08\/le-teich-1024x648.jpg 1024w, https:\/\/bassin-arcachon.com\/wp-content\/uploads\/2020\/08\/le-teich-768x486.jpg 768w, https:\/\/bassin-arcachon.com\/wp-content\/uploads\/2020\/08\/le-teich-1536x972.jpg 1536w, https:\/\/bassin-arcachon.com\/wp-content\/uploads\/2020\/08\/le-teich-18x12.jpg 18w\" sizes=\"auto, (max-width: 1754px) 100vw, 1754px\" \/><\/figure>\n\n\n\n<p>Quando arrivi in treno alla stazione di Teich, noleggia la bici perfetta per raggiungere la <strong>Casa della Natura<\/strong>. In programma la mattina: discesa del Leyre in canoa.<\/p>\n\n\n\n<figure class=\"wp-block-image\"><img loading=\"lazy\" decoding=\"async\" width=\"1200\" height=\"800\" src=\"https:\/\/bassin-arcachon.com\/\/wp-content\/uploads\/2020\/08\/canoe-SIBA-agence-les-conteurs-5.jpg\" alt=\"- - Bassin d&#039;Arcachon\" class=\"wp-image-47346\" title=\"- - Bassin d&#039;Arcachon\" srcset=\"https:\/\/bassin-arcachon.com\/wp-content\/uploads\/2020\/08\/canoe-SIBA-agence-les-conteurs-5.jpg 1200w, https:\/\/bassin-arcachon.com\/wp-content\/uploads\/2020\/08\/canoe-SIBA-agence-les-conteurs-5-600x400.jpg 600w, https:\/\/bassin-arcachon.com\/wp-content\/uploads\/2020\/08\/canoe-SIBA-agence-les-conteurs-5-1024x683.jpg 1024w, https:\/\/bassin-arcachon.com\/wp-content\/uploads\/2020\/08\/canoe-SIBA-agence-les-conteurs-5-768x512.jpg 768w, https:\/\/bassin-arcachon.com\/wp-content\/uploads\/2020\/08\/canoe-SIBA-agence-les-conteurs-5-18x12.jpg 18w\" sizes=\"auto, (max-width: 1200px) 100vw, 1200px\" \/><\/figure>\n\n\n\n<p>Per pranzo, il <a href=\"https:\/\/leteich-ecotourisme.fr\/ou-manger\/brasserie-du-delta\/\" target=\"_blank\" rel=\"noopener noreferrer\">Birrificio Delta<\/a>, all&#039;ingresso della Riserva Ornitologica, ed il suo men\u00f9 sono i benvenuti!<\/p>\n\n\n\n<p>Nel pomeriggio, se la marea \u00e8 alta, goditi un giro in barca elettrica senza patente <strong>Delta della Leyre<\/strong>, con partenza dal porto di Teich.<\/p>\n\n\n\n<figure class=\"wp-block-image\"><img loading=\"lazy\" decoding=\"async\" width=\"2560\" height=\"1917\" src=\"https:\/\/bassin-arcachon.com\/\/wp-content\/uploads\/2020\/03\/bateau-electrique-sans-permis-port-du-teich-delta-de-la-leyre-scaled.jpg\" alt=\"- - Bassin d&#039;Arcachon\" class=\"wp-image-42880\" title=\"- - Bassin d&#039;Arcachon\" srcset=\"https:\/\/bassin-arcachon.com\/wp-content\/uploads\/2020\/03\/bateau-electrique-sans-permis-port-du-teich-delta-de-la-leyre-scaled.jpg 2560w, https:\/\/bassin-arcachon.com\/wp-content\/uploads\/2020\/03\/bateau-electrique-sans-permis-port-du-teich-delta-de-la-leyre-scaled-600x449.jpg 600w, https:\/\/bassin-arcachon.com\/wp-content\/uploads\/2020\/03\/bateau-electrique-sans-permis-port-du-teich-delta-de-la-leyre-scaled-1024x767.jpg 1024w, https:\/\/bassin-arcachon.com\/wp-content\/uploads\/2020\/03\/bateau-electrique-sans-permis-port-du-teich-delta-de-la-leyre-scaled-768x575.jpg 768w, https:\/\/bassin-arcachon.com\/wp-content\/uploads\/2020\/03\/bateau-electrique-sans-permis-port-du-teich-delta-de-la-leyre-scaled-1536x1150.jpg 1536w, https:\/\/bassin-arcachon.com\/wp-content\/uploads\/2020\/03\/bateau-electrique-sans-permis-port-du-teich-delta-de-la-leyre-scaled-2048x1534.jpg 2048w, https:\/\/bassin-arcachon.com\/wp-content\/uploads\/2020\/03\/bateau-electrique-sans-permis-port-du-teich-delta-de-la-leyre-scaled-16x12.jpg 16w\" sizes=\"auto, (max-width: 2560px) 100vw, 2560px\" \/><\/figure>\n\n\n\n<p>Oppure allaccia le tue scarpe da ginnastica per un piacevole giro nel cuore di <a href=\"https:\/\/bassin-arcachon.com\/it\/i-nostri-elementi-essenziali\/la-riserva-ornitologica\/\">la Riserva Ornitologica Teich<\/a>.<\/p>\n\n\n\n<figure class=\"wp-block-image\"><img loading=\"lazy\" decoding=\"async\" width=\"1200\" height=\"800\" src=\"https:\/\/bassin-arcachon.com\/\/wp-content\/uploads\/2020\/06\/reserve-ornithologique-bassin-arcachon-agence-les-conteurs-23.jpg\" alt=\"- - Bassin d&#039;Arcachon\" class=\"wp-image-46886\" title=\"- - Bassin d&#039;Arcachon\" srcset=\"https:\/\/bassin-arcachon.com\/wp-content\/uploads\/2020\/06\/reserve-ornithologique-bassin-arcachon-agence-les-conteurs-23.jpg 1200w, https:\/\/bassin-arcachon.com\/wp-content\/uploads\/2020\/06\/reserve-ornithologique-bassin-arcachon-agence-les-conteurs-23-600x400.jpg 600w, https:\/\/bassin-arcachon.com\/wp-content\/uploads\/2020\/06\/reserve-ornithologique-bassin-arcachon-agence-les-conteurs-23-1024x683.jpg 1024w, https:\/\/bassin-arcachon.com\/wp-content\/uploads\/2020\/06\/reserve-ornithologique-bassin-arcachon-agence-les-conteurs-23-768x512.jpg 768w, https:\/\/bassin-arcachon.com\/wp-content\/uploads\/2020\/06\/reserve-ornithologique-bassin-arcachon-agence-les-conteurs-23-18x12.jpg 18w\" sizes=\"auto, (max-width: 1200px) 100vw, 1200px\" \/><\/figure>","protected":false},"excerpt":{"rendered":"<p>Les vacances sont finies, les enfants ont repris les chemins de l\u2019\u00e9cole et pourtant&#8230; L&rsquo;\u00e9t\u00e9 donne toujours des envies de libert\u00e9 sur le Bassin d&rsquo;Arcachon ! Bouclez votre sac \u00e0 [&hellip;]<\/p>\n","protected":false},"author":12,"featured_media":23572,"comment_status":"open","ping_status":"closed","sticky":false,"template":"","format":"standard","meta":{"_acf_changed":false,"_uag_custom_page_level_css":"","footnotes":""},"categories":[2133,2129],"tags":[1673,1671,212,1669],"class_list":["post-47343","post","type-post","status-publish","format-standard","has-post-thumbnail","hentry","category-culture","category-nature-art-de-vivre","tag-canoe","tag-ecoplaisance-du-delta","tag-leyre","tag-reserve-ornithologique"],"acf":[],"uagb_featured_image_src":{"full":["https:\/\/bassin-arcachon.com\/wp-content\/uploads\/2017\/02\/reserve-ornithologique-le-teich-bassin-darcachon-2.jpg",1000,666,false],"thumbnail":["https:\/\/bassin-arcachon.com\/wp-content\/uploads\/2017\/02\/reserve-ornithologique-le-teich-bassin-darcachon-2-150x150.jpg",150,150,true],"medium":["https:\/\/bassin-arcachon.com\/wp-content\/uploads\/2017\/02\/reserve-ornithologique-le-teich-bassin-darcachon-2-600x400.jpg",600,400,true],"medium_large":["https:\/\/bassin-arcachon.com\/wp-content\/uploads\/2017\/02\/reserve-ornithologique-le-teich-bassin-darcachon-2-768x511.jpg",768,511,true],"large":["https:\/\/bassin-arcachon.com\/wp-content\/uploads\/2017\/02\/reserve-ornithologique-le-teich-bassin-darcachon-2.jpg",1000,666,false],"1536x1536":["https:\/\/bassin-arcachon.com\/wp-content\/uploads\/2017\/02\/reserve-ornithologique-le-teich-bassin-darcachon-2.jpg",1000,666,false],"2048x2048":["https:\/\/bassin-arcachon.com\/wp-content\/uploads\/2017\/02\/reserve-ornithologique-le-teich-bassin-darcachon-2.jpg",1000,666,false],"trp-custom-language-flag":["https:\/\/bassin-arcachon.com\/wp-content\/uploads\/2017\/02\/reserve-ornithologique-le-teich-bassin-darcachon-2-18x12.jpg",18,12,true]},"uagb_author_info":{"display_name":"Marine, habitante du Bassin d'Arcachon","author_link":"https:\/\/bassin-arcachon.com\/it\/author\/marinesiba\/"},"uagb_comment_info":0,"uagb_excerpt":"Les vacances sont finies, les enfants ont repris les chemins de l\u2019\u00e9cole et pourtant&#8230; L&rsquo;\u00e9t\u00e9 donne toujours des envies de libert\u00e9 sur le Bassin d&rsquo;Arcachon ! Bouclez votre sac \u00e0 [&hellip;]","_links":{"self":[{"href":"https:\/\/bassin-arcachon.com\/it\/wp-json\/wp\/v2\/posts\/47343","targetHints":{"allow":["GET"]}}],"collection":[{"href":"https:\/\/bassin-arcachon.com\/it\/wp-json\/wp\/v2\/posts"}],"about":[{"href":"https:\/\/bassin-arcachon.com\/it\/wp-json\/wp\/v2\/types\/post"}],"author":[{"embeddable":true,"href":"https:\/\/bassin-arcachon.com\/it\/wp-json\/wp\/v2\/users\/12"}],"replies":[{"embeddable":true,"href":"https:\/\/bassin-arcachon.com\/it\/wp-json\/wp\/v2\/comments?post=47343"}],"version-history":[{"count":0,"href":"https:\/\/bassin-arcachon.com\/it\/wp-json\/wp\/v2\/posts\/47343\/revisions"}],"wp:featuredmedia":[{"embeddable":true,"href":"https:\/\/bassin-arcachon.com\/it\/wp-json\/wp\/v2\/media\/23572"}],"wp:attachment":[{"href":"https:\/\/bassin-arcachon.com\/it\/wp-json\/wp\/v2\/media?parent=47343"}],"wp:term":[{"taxonomy":"category","embeddable":true,"href":"https:\/\/bassin-arcachon.com\/it\/wp-json\/wp\/v2\/categories?post=47343"},{"taxonomy":"post_tag","embeddable":true,"href":"https:\/\/bassin-arcachon.com\/it\/wp-json\/wp\/v2\/tags?post=47343"}],"curies":[{"name":"wp","href":"https:\/\/api.w.org\/{rel}","templated":true}]}}