{"id":56403,"date":"2023-07-20T15:14:20","date_gmt":"2023-07-20T13:14:20","guid":{"rendered":"https:\/\/bassin-arcachon.com\/?p=56403"},"modified":"2023-12-18T15:11:30","modified_gmt":"2023-12-18T14:11:30","slug":"il-bacino-del-darcachon-nei-colori-della-street-art","status":"publish","type":"post","link":"https:\/\/bassin-arcachon.com\/it\/le-bassin-darcachon-aux-couleurs-du-street-art\/","title":{"rendered":"Bassin di Arcachon, colori street-art"},"content":{"rendered":"<div class=\"wp-block-uagb-container uagb-block-20a1858d alignfull uagb-is-root-container\"><div class=\"uagb-container-inner-blocks-wrap\">\n<p>Evidenziati, esposti alla vista e apprezzati da tutti, lungi dall&#039;assomigliare ai graffiti marginali che hanno segnato il loro tempo, <strong>l&#039;arte urbana viene ora esposta senza essere nascosta<\/strong>. Affisso in pieno giorno sui muri delle nostre citt\u00e0 da <strong>artisti provenienti da tutta la Francia, mescolando stili, mezzi e influenze,<\/strong> lontano dagli spray che lo rendono famoso,<strong> la street-art coinvolge, unisce, interroga<\/strong>. <\/p>\n\n\n\n<p>Studente di fotografia nella regione di Bordeaux, <strong>Lola,<\/strong> ha scelto questo supporto atipico, per venire a scoprire l&#039;Bassin di Arcachon, accompagnato durante tutto il suo viaggio da <strong>Anne Sophie Jean, project manager muralista.<\/strong> Insieme hanno viaggiato<strong> <a href=\"https:\/\/bassin-arcachon.com\/it\/le-nostre-citta-e-i-nostri-villaggi\/arcachon\/\">Arcachon<\/a>, <a href=\"https:\/\/bassin-arcachon.com\/it\/le-nostre-citta-e-i-nostri-villaggi\/il-test-del-libro\/\">La Teste de Buch<\/a><\/strong> e <strong><a href=\"https:\/\/bassin-arcachon.com\/it\/le-nostre-citta-e-i-nostri-villaggi\/ares\/\">Ares<\/a><\/strong>, <strong>citt\u00e0 pioniere<\/strong> che hanno scommesso sull\u2019arte per sfidare e unire tutte le generazioni.<\/p>\n<\/div><\/div>\n\n\n\n<div class=\"wp-block-uagb-container uagb-block-1bc44ad7 alignfull uagb-is-root-container\"><div class=\"uagb-container-inner-blocks-wrap\">\n<figure class=\"wp-block-image size-full\"><img loading=\"lazy\" decoding=\"async\" width=\"700\" height=\"700\" src=\"https:\/\/bassin-arcachon.com\/wp-content\/uploads\/2023\/07\/Design-sans-titre-44.png\" alt=\"- - Bassin d&#039;Arcachon\" class=\"wp-image-56412\" title=\"- - Bassin d&#039;Arcachon\" srcset=\"https:\/\/bassin-arcachon.com\/wp-content\/uploads\/2023\/07\/Design-sans-titre-44.png 700w, https:\/\/bassin-arcachon.com\/wp-content\/uploads\/2023\/07\/Design-sans-titre-44-600x600.png 600w, https:\/\/bassin-arcachon.com\/wp-content\/uploads\/2023\/07\/Design-sans-titre-44-150x150.png 150w, https:\/\/bassin-arcachon.com\/wp-content\/uploads\/2023\/07\/Design-sans-titre-44-12x12.png 12w\" sizes=\"auto, (max-width: 700px) 100vw, 700px\" \/><figcaption class=\"wp-element-caption\">\u00a9 Studio Gufo<\/figcaption><\/figure>\n<\/div><\/div>\n\n\n\n<div class=\"wp-block-uagb-container uagb-block-f2ceeecd alignfull uagb-is-root-container\"><div class=\"uagb-container-inner-blocks-wrap\">\n<p>Altro che per il piacere degli occhi, il <strong>la street-art \u00e8 un vero e proprio patrimonio territoriale<\/strong>, una forza bruta, che seduce, disturba ma non lascia indifferente nessuno.<a href=\"https:\/\/tvba.fr\/echappee-sauvage-street-art-dans-la-ville\/\" target=\"_blank\" rel=\"noopener\"> <strong>Fughe selvagge<\/strong><\/a><strong> alla Prova, <a href=\"https:\/\/ville-ares.fr\/festival-regarde\/\" target=\"_blank\" rel=\"noopener\">Guarda ! <\/a>ad Ares, fuori stagione ad Arcachon<\/strong>, uno come l&#039;altro di questi percorsi invita alla curiosit\u00e0, invoglia il pubblico a sfruttare la mobilit\u00e0 dolce per moltiplicare il tempo della sosta e della contemplazione.<\/p>\n<\/div><\/div>\n\n\n\n<div class=\"wp-block-uagb-container uagb-block-0136c6ab alignfull uagb-is-root-container\"><div class=\"uagb-container-inner-blocks-wrap\">\n<p>Commissionato da <a href=\"https:\/\/www.arcachon.com\/\" target=\"_blank\" rel=\"noopener\">comuni di Arcachon<\/a> e di <a href=\"https:\/\/www.latestedebuch.fr\/\" target=\"_blank\" rel=\"noopener\">Il test di Buch<\/a>, al servizio dell&#039;arte e della cultura, Anne Sophie Jean sviluppa progetti di pareti cieche ed esposte che hanno senso per l&#039;intera popolazione. <strong>Accompagnare gli artisti nel loro momento di creazione, condurre stele di mediazione, scambiare con la gente del posto, raccogliere le loro emozioni dal vivo,<\/strong> \u00e8 la realt\u00e0 sul campo a forgiare l&#039;energia di questo giovane appassionato. L&#039;arte come trampolino di discussione \u00e8 sul <a href=\"https:\/\/bassin-arcachon.com\/it\/agenda-uscite-mercati\/il-mercato-di-la-teste-de-buch\/\">Mercato della Teste de Buch<\/a>, con i passanti, di fissare un appuntamento con la studentessa per farle conoscere questa cosa <strong>filosofia di vita.<\/strong><\/p>\n<\/div><\/div>\n\n\n\n<div class=\"wp-block-uagb-container uagb-block-a2c843a7 alignfull uagb-is-root-container\"><div class=\"uagb-container-inner-blocks-wrap\"><\/div><\/div>\n\n\n\n<h2 class=\"wp-block-heading\">Fughe selvagge<\/h2>\n\n\n\n<div class=\"wp-block-uagb-container uagb-block-d54138e7 alignfull uagb-is-root-container\"><div class=\"uagb-container-inner-blocks-wrap\">\n<p>Frammentato durante <strong>una settimana di lavoro<\/strong>, in questa nuova edizione, si sono succeduti tre artisti <strong><a href=\"https:\/\/a-mo-art.com\/\" target=\"_blank\" rel=\"noopener\">Amore<\/a>, <a href=\"https:\/\/www.instagram.com\/rouge.hartley\/?hl=fr\" target=\"_blank\" rel=\"noopener\">Hartley Rosso<\/a>, <a href=\"https:\/\/www.jeanrooble.fr\/\" target=\"_blank\" rel=\"noopener\">John Roble<\/a> e <a href=\"https:\/\/www.kegrea.com\/\" target=\"_blank\" rel=\"noopener\">Kegrea<\/a><\/strong>, per venire a colorare i muri della citt\u00e0. A met\u00e0 strada tra il <strong>tecniche di pittura digitale e impressionista<\/strong>, <a href=\"https:\/\/www.matthieupommier.com\/\" target=\"_blank\" rel=\"noopener\"><strong>Matteo Pommier<\/strong><\/a> prese possesso del muro esterno di Les Halles, per apporre a <strong>trittico, grafico, vivace che va dalla realt\u00e0 all&#039;astrazione<\/strong>. Ispirato dal nostro territorio, questo giovane Vandeano per trasporre le sue foto, su un formato panoramico per formare un <strong>opera murale, architettonica e strutturata.<\/strong> Diviso in tre parti che si rispondono e sono in opposizione nel loro argomento, <strong>la spiaggia satura di folla si concentra nuovamente sull&#039;essenziale<\/strong>, scene di vita pi\u00f9 discrete, che su una tavolozza di colori distinti, si estendono dal <strong>piccolo germoglio di pino<\/strong>, A <strong>pianta pi\u00f9 astratta<\/strong>. Lontano dagli uomini e dalla disattenzione collettiva,<strong> \u00e8 cos\u00ec che la natura si riprende i suoi diritti.<\/strong><\/p>\n<\/div><\/div>\n\n\n\n<div class=\"wp-block-uagb-container uagb-block-46c7dbcc alignfull uagb-is-root-container\"><div class=\"uagb-container-inner-blocks-wrap\">\n<figure class=\"wp-block-image size-full\"><img loading=\"lazy\" decoding=\"async\" width=\"700\" height=\"700\" src=\"https:\/\/bassin-arcachon.com\/wp-content\/uploads\/2023\/07\/Design-sans-titre-43.png\" alt=\"- - Bassin d&#039;Arcachon\" class=\"wp-image-56411\" title=\"- - Bassin d&#039;Arcachon\" srcset=\"https:\/\/bassin-arcachon.com\/wp-content\/uploads\/2023\/07\/Design-sans-titre-43.png 700w, https:\/\/bassin-arcachon.com\/wp-content\/uploads\/2023\/07\/Design-sans-titre-43-600x600.png 600w, https:\/\/bassin-arcachon.com\/wp-content\/uploads\/2023\/07\/Design-sans-titre-43-150x150.png 150w, https:\/\/bassin-arcachon.com\/wp-content\/uploads\/2023\/07\/Design-sans-titre-43-12x12.png 12w\" sizes=\"auto, (max-width: 700px) 100vw, 700px\" \/><figcaption class=\"wp-element-caption\">\u00a9 Studio Gufo<\/figcaption><\/figure>\n<\/div><\/div>\n\n\n\n<div class=\"wp-block-uagb-container uagb-block-950142ef alignfull uagb-is-root-container\"><div class=\"uagb-container-inner-blocks-wrap\">\n<p>Un po&#039; pi\u00f9 in l\u00e0, sulle mura del <a href=\"https:\/\/www.latestedebuch.fr\/les-maisons-de-quartier\/\" target=\"_blank\" rel=\"noopener\">Centro del quartiere Miquelots<\/a>, altrimenti chiamato <strong>la casetta degli uccelli<\/strong>, <strong><a href=\"https:\/\/www.street-art-addict.com\/art-urbain\/artiste\/scaf\/\" target=\"_blank\" rel=\"noopener\">Scaf<\/a> <\/strong>porta il suo pubblico, familiare e intergenerazionale, <strong>per cambiare prospettive<\/strong>. Specialista di <strong>anamorfosi<\/strong>, questo graffitaro nel vero senso del termine, <strong>mescola realismo e illusione ottica<\/strong>, per dare l&#039;impressione che <strong>la sua opera pu\u00f2 uscire dalla cornice, prendere il volo e scappare dal muro<\/strong>.<\/p>\n<\/div><\/div>\n\n\n\n<div class=\"wp-block-uagb-container uagb-block-ef8ca011 alignfull uagb-is-root-container\"><div class=\"uagb-container-inner-blocks-wrap\">\n<figure class=\"wp-block-image size-full\"><img loading=\"lazy\" decoding=\"async\" width=\"700\" height=\"700\" src=\"https:\/\/bassin-arcachon.com\/wp-content\/uploads\/2023\/07\/Design-sans-titre-45.png\" alt=\"- - Bassin d&#039;Arcachon\" class=\"wp-image-56413\" title=\"- - Bassin d&#039;Arcachon\" srcset=\"https:\/\/bassin-arcachon.com\/wp-content\/uploads\/2023\/07\/Design-sans-titre-45.png 700w, https:\/\/bassin-arcachon.com\/wp-content\/uploads\/2023\/07\/Design-sans-titre-45-600x600.png 600w, https:\/\/bassin-arcachon.com\/wp-content\/uploads\/2023\/07\/Design-sans-titre-45-150x150.png 150w, https:\/\/bassin-arcachon.com\/wp-content\/uploads\/2023\/07\/Design-sans-titre-45-12x12.png 12w\" sizes=\"auto, (max-width: 700px) 100vw, 700px\" \/><figcaption class=\"wp-element-caption\">\u00a9 Studio Gufo<\/figcaption><\/figure>\n<\/div><\/div>\n\n\n\n<div class=\"wp-block-uagb-container uagb-block-15932522 alignfull uagb-is-root-container\"><div class=\"uagb-container-inner-blocks-wrap\">\n<p>Vicini a tutti coloro che fanno vivere la citt\u00e0, <a href=\"https:\/\/www.instagram.com\/paul_peinture_1985\/?hl=fr\" target=\"_blank\" rel=\"noopener\"><strong>Paolo Pittura<\/strong><\/a> immagina per lui <strong>formati locali e intimi<\/strong> che gli permettono di confrontarsi con gli abitanti di Cazaux. HA<strong>laboratori per adulti, affresco collettivo per i ragazzi del centro estivo,<\/strong> dove va, l&#039;artista lascia tracce del suo passaggio, indelebili nel cuore di tutti. Spontaneo nel suo approccio, condivide, trasmette, riconduce le sue opere all&#039;anima di un luogo e rende l&#039;arte accessibile a tutte le generazioni.<\/p>\n<\/div><\/div>\n\n\n\n<div class=\"wp-block-uagb-container uagb-block-3dc50ff3 alignfull uagb-is-root-container\"><div class=\"uagb-container-inner-blocks-wrap\">\n<figure class=\"wp-block-image size-full\"><img loading=\"lazy\" decoding=\"async\" width=\"700\" height=\"700\" src=\"https:\/\/bassin-arcachon.com\/wp-content\/uploads\/2023\/07\/Design-sans-titre-47.png\" alt=\"- - Bassin d&#039;Arcachon\" class=\"wp-image-56416\" title=\"- - Bassin d&#039;Arcachon\" srcset=\"https:\/\/bassin-arcachon.com\/wp-content\/uploads\/2023\/07\/Design-sans-titre-47.png 700w, https:\/\/bassin-arcachon.com\/wp-content\/uploads\/2023\/07\/Design-sans-titre-47-600x600.png 600w, https:\/\/bassin-arcachon.com\/wp-content\/uploads\/2023\/07\/Design-sans-titre-47-150x150.png 150w, https:\/\/bassin-arcachon.com\/wp-content\/uploads\/2023\/07\/Design-sans-titre-47-12x12.png 12w\" sizes=\"auto, (max-width: 700px) 100vw, 700px\" \/><figcaption class=\"wp-element-caption\">\u00a9 Studio Gufo<\/figcaption><\/figure>\n<\/div><\/div>\n\n\n\n<div class=\"wp-block-uagb-container uagb-block-b936d85e alignfull uagb-is-root-container\"><div class=\"uagb-container-inner-blocks-wrap\">\n<p>Vicino al collegio Henry d&#039;Heurle, l&#039;artista<strong> <a href=\"https:\/\/www.instagram.com\/rouge.hartley\/?hl=fr\" target=\"_blank\" rel=\"noopener\">Rosso<\/a> <\/strong>\u00e8 stato chiesto della sua visione di <strong>animalit\u00e0 per dare vita ad una facciata monumentale<\/strong>. Senza rinunciare alla finezza dei drappeggi che rendono i suoi lineamenti riconoscibili tra tutti, la pittrice ha scelto di rappresentare <strong>una donna che allatta il suo bambino per combattere la sessualizzazione dei corpi e crescere<\/strong> da qui i tab\u00f9 che circondano quello delle donne. Un&#039;opera impegnata, di pubblica utilit\u00e0, alle porte di un&#039;ansa frequentata da giovani e dalle loro famiglie.<\/p>\n<\/div><\/div>\n\n\n\n<div class=\"wp-block-uagb-container uagb-block-b952a618 alignfull uagb-is-root-container\"><div class=\"uagb-container-inner-blocks-wrap\">\n<figure class=\"wp-block-image size-full\"><img loading=\"lazy\" decoding=\"async\" width=\"700\" height=\"700\" src=\"https:\/\/bassin-arcachon.com\/wp-content\/uploads\/2023\/07\/Design-sans-titre-48.png\" alt=\"- - Bassin d&#039;Arcachon\" class=\"wp-image-56418\" title=\"- - Bassin d&#039;Arcachon\" srcset=\"https:\/\/bassin-arcachon.com\/wp-content\/uploads\/2023\/07\/Design-sans-titre-48.png 700w, https:\/\/bassin-arcachon.com\/wp-content\/uploads\/2023\/07\/Design-sans-titre-48-600x600.png 600w, https:\/\/bassin-arcachon.com\/wp-content\/uploads\/2023\/07\/Design-sans-titre-48-150x150.png 150w, https:\/\/bassin-arcachon.com\/wp-content\/uploads\/2023\/07\/Design-sans-titre-48-12x12.png 12w\" sizes=\"auto, (max-width: 700px) 100vw, 700px\" \/><figcaption class=\"wp-element-caption\">\u00a9 Studio Gufo<\/figcaption><\/figure>\n<\/div><\/div>\n\n\n\n<h2 class=\"wp-block-heading\">Fuori stagione<\/h2>\n\n\n\n<p>In residenza il <strong>Arcachon<\/strong> da quasi un anno, l&#039;abituato ai grandi formati <a href=\"https:\/\/www.instagram.com\/rouge.hartley\/?hl=fr\" target=\"_blank\" rel=\"noopener\"><strong>Hartley Rosso<\/strong> <\/a>e artista visivo <a href=\"https:\/\/www.arcachon.com\/tourisme\/je-decouvre\/prendre-son-temps\/rouge-hartley\/\" target=\"_blank\" rel=\"noopener\">Luca Merlet<\/a> mescolavano le loro arti per farle emergere <strong><a href=\"http:\/\/chrome-extension:\/\/efaidnbmnnnibpcajpcglclefindmkaj\/https:\/\/www.arcachon.com\/app\/uploads\/arcachon\/2022\/04\/flyer-expo-rouge-hotel-de-ville-web.pdf\">Cara Matilde<\/a><\/strong>, una mostra temporanea che unisce <strong>street-art, pittura a olio, taglio, fotografia e poesia.<\/strong> Su incarico del Comune e ispirati dalle storie di vita di chi nell&#039;ombra fa pulsare l&#039;economia locale, i due artisti hanno scelto di ancorare le mura della citt\u00e0 dalla<strong> frammenti di storie ascoltate durante la loro immersione.<\/strong><\/p>\n\n\n\n<div class=\"wp-block-uagb-container uagb-block-d891c94e alignfull uagb-is-root-container\"><div class=\"uagb-container-inner-blocks-wrap\">\n<p>Ancora pi\u00f9 significativo del resto dei suoi successi,<strong> sul porto di Arcachon, vicino all&#039;asta<\/strong>, Rouge mette in campo tutto il suo talento per mettere in risalto l&#039;intera gamma di piccoli mestieri essenziali che, come lo spazzino, danno speranza di progresso sociale attraverso lo sviluppo professionale. In ogni sua opera, come un grido,<strong> l&#039;artista camuffa nella bellezza dei suoi lineamenti un messaggio, di speranza, di amore.<\/strong><\/p>\n<\/div><\/div>\n\n\n\n<div class=\"wp-block-uagb-container uagb-block-ad0d5c51 alignfull uagb-is-root-container\"><div class=\"uagb-container-inner-blocks-wrap\">\n<figure class=\"wp-block-image size-full\"><img loading=\"lazy\" decoding=\"async\" width=\"700\" height=\"700\" src=\"https:\/\/bassin-arcachon.com\/wp-content\/uploads\/2023\/07\/Design-sans-titre-50.png\" alt=\"- - Bassin d&#039;Arcachon\" class=\"wp-image-56422\" title=\"- - Bassin d&#039;Arcachon\" srcset=\"https:\/\/bassin-arcachon.com\/wp-content\/uploads\/2023\/07\/Design-sans-titre-50.png 700w, https:\/\/bassin-arcachon.com\/wp-content\/uploads\/2023\/07\/Design-sans-titre-50-600x600.png 600w, https:\/\/bassin-arcachon.com\/wp-content\/uploads\/2023\/07\/Design-sans-titre-50-150x150.png 150w, https:\/\/bassin-arcachon.com\/wp-content\/uploads\/2023\/07\/Design-sans-titre-50-12x12.png 12w\" sizes=\"auto, (max-width: 700px) 100vw, 700px\" \/><figcaption class=\"wp-element-caption\">\u00a9 Studio Gufo<\/figcaption><\/figure>\n<\/div><\/div>\n\n\n\n<div class=\"wp-block-uagb-container uagb-block-dc8fc3a5 alignfull uagb-is-root-container\"><div class=\"uagb-container-inner-blocks-wrap\">\n<p>Le anamorfosi di <strong><a href=\"https:\/\/www.instagram.com\/sweo_5.7crew\/?hl=fr\" target=\"_blank\" rel=\"noopener\">Sebastien Sweo<\/a><\/strong> anche prenderne possesso <strong>spazio urbano nel cuore della citt\u00e0<\/strong> ! Opere vive, che invitano<strong> agli spettatori di ricadere nell&#039;infanzia durante una passeggiata.<\/strong><\/p>\n\n\n\n<p>Sparsi per il centro cittadino, questi lavori vengono completati da <strong>mobili colorati deviati e archi fioriti<\/strong>.<\/p>\n<\/div><\/div>\n\n\n\n<div class=\"wp-block-uagb-container uagb-block-bb7bb70a alignfull uagb-is-root-container\"><div class=\"uagb-container-inner-blocks-wrap\">\n<figure class=\"wp-block-image size-full\"><img loading=\"lazy\" decoding=\"async\" width=\"700\" height=\"700\" src=\"https:\/\/bassin-arcachon.com\/wp-content\/uploads\/2023\/07\/Design-sans-titre-51.png\" alt=\"- - Bassin d&#039;Arcachon\" class=\"wp-image-56424\" title=\"- - Bassin d&#039;Arcachon\" srcset=\"https:\/\/bassin-arcachon.com\/wp-content\/uploads\/2023\/07\/Design-sans-titre-51.png 700w, https:\/\/bassin-arcachon.com\/wp-content\/uploads\/2023\/07\/Design-sans-titre-51-600x600.png 600w, https:\/\/bassin-arcachon.com\/wp-content\/uploads\/2023\/07\/Design-sans-titre-51-150x150.png 150w, https:\/\/bassin-arcachon.com\/wp-content\/uploads\/2023\/07\/Design-sans-titre-51-12x12.png 12w\" sizes=\"auto, (max-width: 700px) 100vw, 700px\" \/><figcaption class=\"wp-element-caption\">\u00a9 Ufficio del Turismo di Arcachon<\/figcaption><\/figure>\n<\/div><\/div>\n\n\n\n<h2 class=\"wp-block-heading\">MIRA, un museo a cielo aperto<\/h2>\n\n\n\n<p>Riferimento locale in termini di Street Art, il <strong>birrificio curioso<\/strong> incoraggiare il <strong>produzione di arte urbana e sostenere il lavoro degli artisti<\/strong>. Ogni semestre in occasione della Mira Art&#039;s Week, <a href=\"https:\/\/brasseriemira.fr\/\" target=\"_blank\" rel=\"noopener\"><strong>MIRA <\/strong><\/a>comando di <strong>nuovi lavori per rinnovarne la facciata<\/strong> per permettere ai precedenti di iniziare il loro peregrinare nei luoghi strategici dove agisce l&#039;arte <strong>come un balsamo, uno sfogo, per chi ne ha bisogno<\/strong> (ospedali, centri sanitari, ecc.). Sfruttando questa originale ambientazione, <strong>Anne Sophie guida la giovane studentessa in questo luogo straordinario<\/strong> dove l&#039;arte, libera, onnipresente si esprime in tutte le sue forme. <strong>Lontano dal lato formale e mondano che una galleria ispira<\/strong>, in tutta umilt\u00e0 MIRA offre uno spazio di contemplazione di oltre 300 m2, accessibile a tutti e completamente gratuito.<\/p>\n\n\n\n<div class=\"wp-block-uagb-container uagb-block-2d7dc642 alignfull uagb-is-root-container\"><div class=\"uagb-container-inner-blocks-wrap\">\n<figure class=\"wp-block-image size-full\"><img loading=\"lazy\" decoding=\"async\" width=\"700\" height=\"700\" src=\"https:\/\/bassin-arcachon.com\/wp-content\/uploads\/2023\/07\/Design-sans-titre-49.png\" alt=\"- - Bassin d&#039;Arcachon\" class=\"wp-image-56420\" title=\"- - Bassin d&#039;Arcachon\" srcset=\"https:\/\/bassin-arcachon.com\/wp-content\/uploads\/2023\/07\/Design-sans-titre-49.png 700w, https:\/\/bassin-arcachon.com\/wp-content\/uploads\/2023\/07\/Design-sans-titre-49-600x600.png 600w, https:\/\/bassin-arcachon.com\/wp-content\/uploads\/2023\/07\/Design-sans-titre-49-150x150.png 150w, https:\/\/bassin-arcachon.com\/wp-content\/uploads\/2023\/07\/Design-sans-titre-49-12x12.png 12w\" sizes=\"auto, (max-width: 700px) 100vw, 700px\" \/><figcaption class=\"wp-element-caption\">\u00a9 Studio Gufo<\/figcaption><\/figure>\n<\/div><\/div>\n\n\n\n<h2 class=\"wp-block-heading\">GUARDA!<\/h2>\n\n\n\n<p><strong>Pioniere nella promozione delle arti nello spazio pubblico<\/strong>, per il secondo anno consecutivo, <a href=\"https:\/\/ville-ares.fr\/\" target=\"_blank\" rel=\"noopener\">la citt\u00e0 di Ares<\/a> ha proposto una seconda edizione del suo festival<a href=\"https:\/\/ville-ares.fr\/festival-regarde\/\" target=\"_blank\" rel=\"noopener\"> Guarda !<\/a>, un <strong>sintesi di ambulatori, lavori familiari e onoramenti di compagnie di teatro, danza e acrobazia<\/strong>. Secondo la volont\u00e0 di<strong>integrare l\u2019arte nel suo paesaggio urbano<\/strong>, artisti come <strong><a href=\"https:\/\/www.street-artwork.com\/fr\/artist-profile\/80\/kafe-korse\" target=\"_blank\" rel=\"noopener\">Kafe Korse<\/a><\/strong>, <a href=\"https:\/\/www.selor-art.fr\/\" target=\"_blank\" rel=\"noopener\"><strong>Selor<\/strong><\/a>,<a href=\"https:\/\/www.maquis-art.com\/Graffeur-6909-moka-3ER-435-Graffiti-Tag-Street-Art.html\" target=\"_blank\" rel=\"noopener\"><strong> Moka<\/strong><\/a>, <strong><a href=\"https:\/\/www.instagram.com\/bladestreet\/?hl=fr\" target=\"_blank\" rel=\"noopener\">Lama<\/a><\/strong> trasformato a <strong>venti trasformatori elettrici<\/strong>. Plurali nel loro modo di approcciarsi all\u2019arte, eclettici nel loro stile, tutti accomunati attorno allo stesso vincolo, <strong>promuovere la fauna e la flora del territorio.<\/strong> <\/p>\n\n\n\n<div class=\"wp-block-uagb-container uagb-block-acdac4cb alignfull uagb-is-root-container\"><div class=\"uagb-container-inner-blocks-wrap\">\n<figure class=\"wp-block-image size-full\"><img loading=\"lazy\" decoding=\"async\" width=\"700\" height=\"700\" src=\"https:\/\/bassin-arcachon.com\/wp-content\/uploads\/2023\/07\/Design-sans-titre-53.png\" alt=\"- - Bassin d&#039;Arcachon\" class=\"wp-image-56443\" title=\"- - Bassin d&#039;Arcachon\" srcset=\"https:\/\/bassin-arcachon.com\/wp-content\/uploads\/2023\/07\/Design-sans-titre-53.png 700w, https:\/\/bassin-arcachon.com\/wp-content\/uploads\/2023\/07\/Design-sans-titre-53-600x600.png 600w, https:\/\/bassin-arcachon.com\/wp-content\/uploads\/2023\/07\/Design-sans-titre-53-150x150.png 150w, https:\/\/bassin-arcachon.com\/wp-content\/uploads\/2023\/07\/Design-sans-titre-53-12x12.png 12w\" sizes=\"auto, (max-width: 700px) 100vw, 700px\" \/><figcaption class=\"wp-element-caption\">\u00a9 Municipio di Ar\u00e8s<\/figcaption><\/figure>\n<\/div><\/div>\n\n\n\n<p>Distribuito in<strong> diverse zone della citt\u00e0, raggiungibili in bicicletta o a piedi<\/strong>, i loro risultati riflettono il <strong>forza e fragilit\u00e0 del nostro ecosistema<\/strong> e donare una nuova dimensione a ci\u00f2 che fino ad allora l&#039;occhio aveva preferito celare. <strong>Se dunque l&#039;arte ha il potere di svelare l&#039;invisibile, Ares ha vinto la scommessa di sublimarlo!<\/strong><\/p>\n\n\n\n<p>In totale, \u00e8 quasi<strong> 13 trasformatori personalizzati ai 4 angoli della citt\u00e0<\/strong> ! Puoi trovare tutti questi lavori su <strong>: <a href=\"https:\/\/ville-ares.fr\/street-art\/\" target=\"_blank\" rel=\"noopener\">Citt\u00e0 di Ar\u00e8s \u2013 (ville-ares.fr)<\/a><\/strong><\/p>\n\n\n\n<div class=\"wp-block-uagb-container uagb-block-69e73a4d alignfull uagb-is-root-container\"><div class=\"uagb-container-inner-blocks-wrap\">\n<figure class=\"wp-block-image size-full is-resized\"><img loading=\"lazy\" decoding=\"async\" width=\"700\" height=\"700\" src=\"https:\/\/bassin-arcachon.com\/wp-content\/uploads\/2023\/07\/Design-sans-titre-52.png\" alt=\"- - Bassin d&#039;Arcachon\" class=\"wp-image-56428\" style=\"width:700px;height:700px\" title=\"- - Bassin d&#039;Arcachon\" srcset=\"https:\/\/bassin-arcachon.com\/wp-content\/uploads\/2023\/07\/Design-sans-titre-52.png 700w, https:\/\/bassin-arcachon.com\/wp-content\/uploads\/2023\/07\/Design-sans-titre-52-600x600.png 600w, https:\/\/bassin-arcachon.com\/wp-content\/uploads\/2023\/07\/Design-sans-titre-52-150x150.png 150w, https:\/\/bassin-arcachon.com\/wp-content\/uploads\/2023\/07\/Design-sans-titre-52-12x12.png 12w\" sizes=\"auto, (max-width: 700px) 100vw, 700px\" \/><figcaption class=\"wp-element-caption\">\u00a9 Agenzia per la marea crescente<\/figcaption><\/figure>\n<\/div><\/div>\n\n\n\n<div class=\"wp-block-uagb-container uagb-block-fbd91095 alignfull uagb-is-root-container\"><div class=\"uagb-container-inner-blocks-wrap\">\n<p><strong><strong>Trova tutti i nostri fornitori di attivit\u00e0 ricreative e di attivit\u00e0 tramite <a href=\"https:\/\/bassin-arcachon.com\/it\/opuscoli\/guida-al-tempo-libero-e-attivita-2\/\">questa guida<\/a>e tutti i nostri fornitori turistici sulla nostra applicazione Bassin Arcachon (disponibile su <a href=\"https:\/\/apps.apple.com\/fr\/app\/bassin-darcachon\/id409095527\" target=\"_blank\" rel=\"noopener\">Mela<\/a> &amp; <a href=\"https:\/\/play.google.com\/store\/apps\/details?id=com.youteam.sibav2&amp;hl=fr\" target=\"_blank\" rel=\"noopener\">Androide<\/a>)<\/strong><\/strong><\/p>\n<\/div><\/div>\n\n\n\n<p>\u270f\ufe0f Articolo di M\u00e9lanny RODRIGUES, <a href=\"https:\/\/www.instagram.com\/_studiohibou\/\" target=\"_blank\" rel=\"noopener\">@_studiohibou<\/a><\/p>","protected":false},"excerpt":{"rendered":"<p>Mis en \u00e9vidence, expos\u00e9 \u00e0 la vue et appr\u00e9ciable par tous, loin de ressembler aux graffitis marginaux qui ont marqu\u00e9s leur \u00e9poque, l\u2019art urbain s\u2019affiche d\u00e9sormais sans \u00eatre dissimul\u00e9. Appos\u00e9 [&hellip;]<\/p>\n","protected":false},"author":25,"featured_media":56434,"comment_status":"closed","ping_status":"open","sticky":false,"template":"","format":"standard","meta":{"_acf_changed":false,"_uag_custom_page_level_css":"","footnotes":""},"categories":[2133],"tags":[],"class_list":["post-56403","post","type-post","status-publish","format-standard","has-post-thumbnail","hentry","category-culture"],"acf":[],"uagb_featured_image_src":{"full":["https:\/\/bassin-arcachon.com\/wp-content\/uploads\/2023\/07\/ANNESO-scaled.jpg",2560,1707,false],"thumbnail":["https:\/\/bassin-arcachon.com\/wp-content\/uploads\/2023\/07\/ANNESO-scaled-150x150.jpg",150,150,true],"medium":["https:\/\/bassin-arcachon.com\/wp-content\/uploads\/2023\/07\/ANNESO-scaled-600x400.jpg",600,400,true],"medium_large":["https:\/\/bassin-arcachon.com\/wp-content\/uploads\/2023\/07\/ANNESO-scaled-768x512.jpg",768,512,true],"large":["https:\/\/bassin-arcachon.com\/wp-content\/uploads\/2023\/07\/ANNESO-scaled-1024x683.jpg",1024,683,true],"1536x1536":["https:\/\/bassin-arcachon.com\/wp-content\/uploads\/2023\/07\/ANNESO-scaled-1536x1024.jpg",1536,1024,true],"2048x2048":["https:\/\/bassin-arcachon.com\/wp-content\/uploads\/2023\/07\/ANNESO-scaled-2048x1366.jpg",2048,1366,true],"trp-custom-language-flag":["https:\/\/bassin-arcachon.com\/wp-content\/uploads\/2023\/07\/ANNESO-scaled-18x12.jpg",18,12,true]},"uagb_author_info":{"display_name":"Marie Clauzel","author_link":"https:\/\/bassin-arcachon.com\/it\/author\/mariesiba\/"},"uagb_comment_info":0,"uagb_excerpt":"Mis en \u00e9vidence, expos\u00e9 \u00e0 la vue et appr\u00e9ciable par tous, loin de ressembler aux graffitis marginaux qui ont marqu\u00e9s leur \u00e9poque, l\u2019art urbain s\u2019affiche d\u00e9sormais sans \u00eatre dissimul\u00e9. Appos\u00e9 [&hellip;]","_links":{"self":[{"href":"https:\/\/bassin-arcachon.com\/it\/wp-json\/wp\/v2\/posts\/56403","targetHints":{"allow":["GET"]}}],"collection":[{"href":"https:\/\/bassin-arcachon.com\/it\/wp-json\/wp\/v2\/posts"}],"about":[{"href":"https:\/\/bassin-arcachon.com\/it\/wp-json\/wp\/v2\/types\/post"}],"author":[{"embeddable":true,"href":"https:\/\/bassin-arcachon.com\/it\/wp-json\/wp\/v2\/users\/25"}],"replies":[{"embeddable":true,"href":"https:\/\/bassin-arcachon.com\/it\/wp-json\/wp\/v2\/comments?post=56403"}],"version-history":[{"count":0,"href":"https:\/\/bassin-arcachon.com\/it\/wp-json\/wp\/v2\/posts\/56403\/revisions"}],"wp:featuredmedia":[{"embeddable":true,"href":"https:\/\/bassin-arcachon.com\/it\/wp-json\/wp\/v2\/media\/56434"}],"wp:attachment":[{"href":"https:\/\/bassin-arcachon.com\/it\/wp-json\/wp\/v2\/media?parent=56403"}],"wp:term":[{"taxonomy":"category","embeddable":true,"href":"https:\/\/bassin-arcachon.com\/it\/wp-json\/wp\/v2\/categories?post=56403"},{"taxonomy":"post_tag","embeddable":true,"href":"https:\/\/bassin-arcachon.com\/it\/wp-json\/wp\/v2\/tags?post=56403"}],"curies":[{"name":"wp","href":"https:\/\/api.w.org\/{rel}","templated":true}]}}