{"id":56914,"date":"2025-10-07T13:47:34","date_gmt":"2025-10-07T11:47:34","guid":{"rendered":"https:\/\/bassin-arcachon.com\/?p=56914"},"modified":"2025-11-17T16:38:58","modified_gmt":"2025-11-17T15:38:58","slug":"stasera-a-teatro-sul-bacino-del-darcachon","status":"publish","type":"post","link":"https:\/\/bassin-arcachon.com\/it\/au-theatre-ce-soir-sur-le-bassin-darcachon\/","title":{"rendered":"Questa sera a teatro: scopri le nostre sale di spettacolo!"},"content":{"rendered":"<p><\/p>\n\n\n\n<h2 class=\"wp-block-heading\">Scena in vista!<\/h2>\n\n\n\n<p><strong>8 stanze <\/strong>coprono il territorio dell&#039;Bassin di Arcachon, offrendo un&#039;ampia variet\u00e0 di spettacoli.<\/p>\n\n\n\n<div class=\"wp-block-uagb-container uagb-block-1d1447bb alignfull uagb-is-root-container\"><div class=\"uagb-container-inner-blocks-wrap\"><\/div><\/div>\n\n\n\n<div class=\"wp-block-buttons is-layout-flex wp-block-buttons-is-layout-flex\">\n<div class=\"wp-block-button\"><a class=\"wp-block-button__link wp-element-button\" href=\"https:\/\/lemiroir.gujanmestras.fr\/\" target=\"_blank\" rel=\"noopener\">Lo specchio di Gujan Mestras<\/a><\/div>\n<\/div>\n\n\n\n<p><strong>Capacit\u00e0 di 654 posti<\/strong><\/p>\n\n\n\n<p>Questo nuovo palco di 280 m\u00b2 \u00e8 l&#039;ultima sala per spettacoli sull&#039;Bassin di Arcachon. Inaugurato lo scorso maggio, Le Miroir proporr\u00e0 per la sua prima stagione una trentina di spettacoli, di cui 17 teatrali.<br>Trovi il programma su: <strong><a href=\"https:\/\/lemiroir.gujanmestras.fr\" target=\"_blank\" rel=\"noopener\">https:\/\/lemiroir.gujanmestras.fr<\/a><\/strong><\/p>\n\n\n\n<figure class=\"wp-block-image size-full\"><img loading=\"lazy\" decoding=\"async\" width=\"700\" height=\"355\" src=\"https:\/\/bassin-arcachon.com\/wp-content\/uploads\/2023\/10\/Design-sans-titre-94.png\" alt=\"- - Bassin d&#039;Arcachon\" class=\"wp-image-56896\" title=\"- - Bassin d&#039;Arcachon\" srcset=\"https:\/\/bassin-arcachon.com\/wp-content\/uploads\/2023\/10\/Design-sans-titre-94.png 700w, https:\/\/bassin-arcachon.com\/wp-content\/uploads\/2023\/10\/Design-sans-titre-94-600x304.png 600w, https:\/\/bassin-arcachon.com\/wp-content\/uploads\/2023\/10\/Design-sans-titre-94-18x9.png 18w\" sizes=\"auto, (max-width: 700px) 100vw, 700px\" \/><figcaption class=\"wp-element-caption\">\u00a9 Citt\u00e0 di Gujan Mestras<\/figcaption><\/figure>\n\n\n\n<div class=\"wp-block-buttons is-layout-flex wp-block-buttons-is-layout-flex\">\n<div class=\"wp-block-button\"><a class=\"wp-block-button__link wp-element-button\" href=\"https:\/\/www.ville-arcachon.fr\/saison-culturelle-2025-2026\/\" target=\"_blank\" rel=\"noopener\">Teatro Olimpia di Arcachon<\/a><\/div>\n<\/div>\n\n\n\n<p><strong>Capacit\u00e0 di 943 posti<\/strong><\/p>\n\n\n\n<div class=\"wp-block-uagb-container uagb-block-13405c36 alignfull uagb-is-root-container\"><div class=\"uagb-container-inner-blocks-wrap\">\n<p>Il Teatro Olimpia \u00e8 etichettato \u201cScena convenzionata di interesse nazionale con menzione d&#039;Arte nel territorio\u201d.<br>Le sue capacit\u00e0 tecniche unite alla sua capacit\u00e0 di ricezione consentono lo svolgimento di grandi concerti,<br>balletti, opere ecc\u2026<br>Trovate l&#039;intero programma su:<strong> <a href=\"http:\/\/www.arcachon.com\/culture\/\" data-type=\"link\" data-id=\"www.arcachon.com\/culture\/\" target=\"_blank\" rel=\"noopener\">www.arcachon.com\/cultura\/<\/a><\/strong><\/p>\n\n\n\n<p><strong>Da non perdere: Festival Jazz di Arcachon<\/strong> (Dicembre) \/ <strong>Festival di musica da camera<\/strong> (aprile) \/ <strong>Cadenze del Festival<\/strong> (settembre)<\/p>\n<\/div><\/div>\n\n\n\n<div class=\"wp-block-uagb-container uagb-block-41fd7bc2 alignfull uagb-is-root-container\"><div class=\"uagb-container-inner-blocks-wrap\">\n<figure class=\"wp-block-image size-full\"><img loading=\"lazy\" decoding=\"async\" width=\"700\" height=\"355\" src=\"https:\/\/bassin-arcachon.com\/wp-content\/uploads\/2023\/10\/Design-sans-titre-92.png\" alt=\"- - Bassin d&#039;Arcachon\" class=\"wp-image-56884\" title=\"- - Bassin d&#039;Arcachon\" srcset=\"https:\/\/bassin-arcachon.com\/wp-content\/uploads\/2023\/10\/Design-sans-titre-92.png 700w, https:\/\/bassin-arcachon.com\/wp-content\/uploads\/2023\/10\/Design-sans-titre-92-600x304.png 600w, https:\/\/bassin-arcachon.com\/wp-content\/uploads\/2023\/10\/Design-sans-titre-92-18x9.png 18w\" sizes=\"auto, (max-width: 700px) 100vw, 700px\" \/><figcaption class=\"wp-element-caption\">\u00a9 Teatro Olympia \u2013 Ufficio del Turismo di Arcachon<\/figcaption><\/figure>\n<\/div><\/div>\n\n\n\n<div class=\"wp-block-buttons is-layout-flex wp-block-buttons-is-layout-flex\">\n<div class=\"wp-block-button\"><a class=\"wp-block-button__link wp-element-button\" href=\"https:\/\/www.latestedebuch.fr\/actualites\/saison-culturelle-2025-2026\/\" target=\"_blank\" rel=\"noopener\">Teatro Cravey<\/a><\/div>\n<\/div>\n\n\n\n<div class=\"wp-block-uagb-container uagb-block-da647cc7 alignfull uagb-is-root-container\"><div class=\"uagb-container-inner-blocks-wrap\">\n<p><strong>Capienza 1000 posti in piedi e circa 500 posti seduti (posti PRM)<\/strong><br><em>(tabella dei posti accessibile per prenotazioni numerate)<\/em><\/p>\n\n\n\n<p>Biglietteria: in loco al teatro dal marted\u00ec al venerd\u00ec oppure online: <strong>billetterie@latestedebuch.fr<\/strong><br>Informazioni sulla programmazione: <a href=\"http:\/\/www.latestedebuch.fr\" target=\"_blank\" rel=\"noopener\"><strong>www.latestedebuch.fr<\/strong><\/a><br><\/p>\n<\/div><\/div>\n\n\n\n<div class=\"wp-block-uagb-container uagb-block-1f6b7147 alignfull uagb-is-root-container\"><div class=\"uagb-container-inner-blocks-wrap\">\n<figure class=\"wp-block-image size-full\"><img loading=\"lazy\" decoding=\"async\" width=\"700\" height=\"355\" src=\"https:\/\/bassin-arcachon.com\/wp-content\/uploads\/2023\/10\/Design-sans-titre-93.png\" alt=\"- - Bassin d&#039;Arcachon\" class=\"wp-image-56893\" title=\"- - Bassin d&#039;Arcachon\" srcset=\"https:\/\/bassin-arcachon.com\/wp-content\/uploads\/2023\/10\/Design-sans-titre-93.png 700w, https:\/\/bassin-arcachon.com\/wp-content\/uploads\/2023\/10\/Design-sans-titre-93-600x304.png 600w, https:\/\/bassin-arcachon.com\/wp-content\/uploads\/2023\/10\/Design-sans-titre-93-18x9.png 18w\" sizes=\"auto, (max-width: 700px) 100vw, 700px\" \/><figcaption class=\"wp-element-caption\">\u00a9 Cravey Theatre \u2013 Citt\u00e0 di La Teste de Buch<\/figcaption><\/figure>\n<\/div><\/div>\n\n\n\n<div class=\"wp-block-uagb-container uagb-block-9228f6b4 alignfull uagb-is-root-container\"><div class=\"uagb-container-inner-blocks-wrap\">\n<div class=\"wp-block-buttons is-layout-flex wp-block-buttons-is-layout-flex\">\n<div class=\"wp-block-button\"><a class=\"wp-block-button__link wp-element-button\" href=\"https:\/\/leteich.fr\/culture-et-loisirs\/culture\/l-ekla\/\" target=\"_blank\" rel=\"noopener\">L&#039;Ekla a Teich<\/a><\/div>\n<\/div>\n<\/div><\/div>\n\n\n\n<div class=\"wp-block-uagb-container uagb-block-f32d5302 alignfull uagb-is-root-container\"><div class=\"uagb-container-inner-blocks-wrap\">\n<p><strong>Capienza 222 posti seduti e 500 persone in piedi.<\/strong><\/p>\n\n\n\n<p>EKLA, il polo culturale di Teich, riunisce su 1.400 m\u00b2 tutti i servizi culturali della citt\u00e0, con la scuola<br>musica, la mediateca e la sala per spettacoli. \u00c8 la scelta dell\u2019architettura contemporanea<br>che venne realizzato per segnare l&#039;azione culturale del suo tempo.<br>Trovi tutta la programmazione su: <a href=\"https:\/\/leteich.fr\/\" target=\"_blank\" rel=\"noopener\"><strong>https:\/\/leteich.fr\/<\/strong><\/a><\/p>\n\n\n\n<figure class=\"wp-block-image size-full\"><img loading=\"lazy\" decoding=\"async\" width=\"700\" height=\"355\" src=\"https:\/\/bassin-arcachon.com\/wp-content\/uploads\/2023\/10\/Design-sans-titre-100-1.png\" alt=\"- - Bassin d&#039;Arcachon\" class=\"wp-image-56916\" title=\"- - Bassin d&#039;Arcachon\" srcset=\"https:\/\/bassin-arcachon.com\/wp-content\/uploads\/2023\/10\/Design-sans-titre-100-1.png 700w, https:\/\/bassin-arcachon.com\/wp-content\/uploads\/2023\/10\/Design-sans-titre-100-1-600x304.png 600w, https:\/\/bassin-arcachon.com\/wp-content\/uploads\/2023\/10\/Design-sans-titre-100-1-18x9.png 18w\" sizes=\"auto, (max-width: 700px) 100vw, 700px\" \/><figcaption class=\"wp-element-caption\">\u00a9 Citt\u00e0 di Teich<\/figcaption><\/figure>\n\n\n\n<div class=\"wp-block-buttons is-layout-flex wp-block-buttons-is-layout-flex\">\n<div class=\"wp-block-button\"><a class=\"wp-block-button__link wp-element-button\" href=\"https:\/\/www.la-caravelle-marcheprime.fr\/\" target=\"_blank\" rel=\"noopener\">La Caravelle a Marcheprime<\/a><\/div>\n<\/div>\n<\/div><\/div>\n\n\n\n<div class=\"wp-block-uagb-container uagb-block-8acf2ebf alignfull uagb-is-root-container\"><div class=\"uagb-container-inner-blocks-wrap\">\n<p><strong>Capacit\u00e0 di 500 posti.<\/strong><\/p>\n\n\n\n<p>Un programma vario che unisce teatro, danza, musica, circo, umorismo o cinema e offre ovviamente spettacoli, ma anche incontri con artisti, laboratori e momenti conviviali.<br>Trovi l&#039;intero programma: <a href=\"https:\/\/www.la-caravelle-marcheprime.fr\/\" target=\"_blank\" rel=\"noopener\"><strong>https:\/\/www.la-caravelle-marcheprime.fr\/<\/strong><\/a><\/p>\n\n\n\n<p><strong>ZOOM SU: <a href=\"https:\/\/lebazardesmomes.wordpress.com\/\" target=\"_blank\" rel=\"noopener\">Festival \u201cLe Bazar des M\u00f4me\u201d<\/a>.<\/strong> Dal 2018 la citt\u00e0 organizza un festival per bambini e famiglie dove vengono proposti spettacoli e laboratori per il pubblico pi\u00f9 giovane. Il festival si estende ora attorno al Bassin di Arcachon nelle citt\u00e0 partner.<\/p>\n\n\n\n<figure class=\"wp-block-image size-full\"><img loading=\"lazy\" decoding=\"async\" width=\"700\" height=\"355\" src=\"https:\/\/bassin-arcachon.com\/wp-content\/uploads\/2023\/10\/Design-sans-titre-95.png\" alt=\"- - Bassin d&#039;Arcachon\" class=\"wp-image-56898\" title=\"- - Bassin d&#039;Arcachon\" srcset=\"https:\/\/bassin-arcachon.com\/wp-content\/uploads\/2023\/10\/Design-sans-titre-95.png 700w, https:\/\/bassin-arcachon.com\/wp-content\/uploads\/2023\/10\/Design-sans-titre-95-600x304.png 600w, https:\/\/bassin-arcachon.com\/wp-content\/uploads\/2023\/10\/Design-sans-titre-95-18x9.png 18w\" sizes=\"auto, (max-width: 700px) 100vw, 700px\" \/><figcaption class=\"wp-element-caption\">\u00a9Festival Bazar des m\u00f4mes \u2013 La Caravelle<\/figcaption><\/figure>\n<\/div><\/div>\n\n\n\n<div class=\"wp-block-buttons is-layout-flex wp-block-buttons-is-layout-flex\">\n<div class=\"wp-block-button\"><a class=\"wp-block-button__link wp-element-button\" href=\"https:\/\/villedebiganos.fr\/loisirs\/la-culture\/lespace-culturel\/\" target=\"_blank\" rel=\"noopener\">Centro Culturale Lucien Mounaix a Biganos<\/a><\/div>\n<\/div>\n\n\n\n<div class=\"wp-block-uagb-container uagb-block-cfec1655 alignfull uagb-is-root-container\"><div class=\"uagb-container-inner-blocks-wrap\">\n<p><strong>Capacit\u00e0 di 300 posti.<\/strong><\/p>\n\n\n\n<p>La citt\u00e0 di Biganos offre tutto l&#039;anno spettacoli dai diversi orizzonti, diversi nelle forme e nei temi, che promettono incontri e meraviglie. Questa stagione 2024\/2025 d\u00e0 il posto d&#039;onore agli incontri <strong>pubblico giovane, perch\u00e9 non \u00e8 mai troppo presto per sognare e scoprire.<\/strong><br>Sono previsti grandi eventi tra cui \u201cLes Mardis de Lucien\u201d, palcoscenici aperti dove tutti potranno dare spettacolo! Iscrizioni presso l&#039;Assessorato alla Cultura a Mardidelucien@villedebiganos.fr<\/p>\n\n\n\n<p><br>Trovi tutta la programmazione su: <a href=\"http:\/\/www.villedebiganos.fr\/Rubrique\" target=\"_blank\" rel=\"noopener\">www.villedebiganos.fr\/<\/a> Sezione Cultura <\/p>\n\n\n\n<figure class=\"wp-block-image size-full\"><img loading=\"lazy\" decoding=\"async\" width=\"700\" height=\"355\" src=\"https:\/\/bassin-arcachon.com\/wp-content\/uploads\/2023\/10\/Design-sans-titre-2023-10-26T103736.933.png\" alt=\"- - Bassin d&#039;Arcachon\" class=\"wp-image-56918\" title=\"- - Bassin d&#039;Arcachon\" srcset=\"https:\/\/bassin-arcachon.com\/wp-content\/uploads\/2023\/10\/Design-sans-titre-2023-10-26T103736.933.png 700w, https:\/\/bassin-arcachon.com\/wp-content\/uploads\/2023\/10\/Design-sans-titre-2023-10-26T103736.933-600x304.png 600w, https:\/\/bassin-arcachon.com\/wp-content\/uploads\/2023\/10\/Design-sans-titre-2023-10-26T103736.933-18x9.png 18w\" sizes=\"auto, (max-width: 700px) 100vw, 700px\" \/><figcaption class=\"wp-element-caption\">\u00a9 Cuore dell&#039;Ufficio del Turismo Bassin<\/figcaption><\/figure>\n\n\n\n<div class=\"wp-block-buttons is-layout-flex wp-block-buttons-is-layout-flex\">\n<div class=\"wp-block-button\"><a class=\"wp-block-button__link wp-element-button\" href=\"https:\/\/www.theatreladolcevita.fr\/\" target=\"_blank\" rel=\"noopener\">Teatro della Dolce Vita ad Andernos les Bains<\/a><\/div>\n<\/div>\n\n\n\n<div class=\"wp-block-uagb-container uagb-block-87be75d4\">\n<p><strong>Capacit\u00e0 di 350 posti.<\/strong><\/p>\n\n\n\n<p>Inaugurato nel 2019, il Teatro La Dolce Vita offre un programma composto da artisti di notoriet\u00e0 regionale e nazionale, di grande diversit\u00e0 e destinato a tutto il pubblico. Trovi il programma su: <strong>www.teatroladolcevita.fr<\/strong><\/p>\n<\/div>\n<\/div><\/div>\n\n\n\n<div class=\"wp-block-uagb-container uagb-block-5aa23f2d alignfull uagb-is-root-container\"><div class=\"uagb-container-inner-blocks-wrap\">\n<figure class=\"wp-block-image size-full\"><img loading=\"lazy\" decoding=\"async\" width=\"700\" height=\"355\" src=\"https:\/\/bassin-arcachon.com\/wp-content\/uploads\/2023\/10\/Design-sans-titre-96.png\" alt=\"- - Bassin d&#039;Arcachon\" class=\"wp-image-56900\" title=\"- - Bassin d&#039;Arcachon\" srcset=\"https:\/\/bassin-arcachon.com\/wp-content\/uploads\/2023\/10\/Design-sans-titre-96.png 700w, https:\/\/bassin-arcachon.com\/wp-content\/uploads\/2023\/10\/Design-sans-titre-96-600x304.png 600w, https:\/\/bassin-arcachon.com\/wp-content\/uploads\/2023\/10\/Design-sans-titre-96-18x9.png 18w\" sizes=\"auto, (max-width: 700px) 100vw, 700px\" \/><figcaption class=\"wp-element-caption\">\u00a9 La Dolce Vita \u2013 Jean Luc Emanuele<\/figcaption><\/figure>\n\n\n\n<div class=\"wp-block-buttons is-layout-flex wp-block-buttons-is-layout-flex\">\n<div class=\"wp-block-button\"><a class=\"wp-block-button__link wp-element-button\" href=\"https:\/\/www.espacebremontier-ares.fr\/\" target=\"_blank\" rel=\"noopener\">Espace Br\u00e9montier ad Ar\u00e8s<\/a><\/div>\n<\/div>\n<\/div><\/div>\n\n\n\n<div class=\"wp-block-uagb-container uagb-block-02ad8071 alignfull uagb-is-root-container\"><div class=\"uagb-container-inner-blocks-wrap\">\n<p><strong>Capienza 300 posti seduti e 1000 posti in piedi.<\/strong><\/p>\n\n\n\n<p>Viene proposto un programma multidisciplinare, un festival artistico nello spazio pubblico Look!<br>cos\u00ec come un festival di arte di strada.<br>Trovi tutta la programmazione su: <a href=\"https:\/\/www.espacebremontier-ares.fr\" target=\"_blank\" rel=\"noopener\"><strong>https:\/\/www.espacebremontier-ares.fr<\/strong><\/a><\/p>\n<\/div><\/div>\n\n\n\n<figure class=\"wp-block-image size-full\"><img loading=\"lazy\" decoding=\"async\" width=\"700\" height=\"355\" src=\"https:\/\/bassin-arcachon.com\/wp-content\/uploads\/2023\/10\/Design-sans-titre-2023-10-26T111050.456.png\" alt=\"- - Bassin d&#039;Arcachon\" class=\"wp-image-56921\" title=\"- - Bassin d&#039;Arcachon\" srcset=\"https:\/\/bassin-arcachon.com\/wp-content\/uploads\/2023\/10\/Design-sans-titre-2023-10-26T111050.456.png 700w, https:\/\/bassin-arcachon.com\/wp-content\/uploads\/2023\/10\/Design-sans-titre-2023-10-26T111050.456-600x304.png 600w, https:\/\/bassin-arcachon.com\/wp-content\/uploads\/2023\/10\/Design-sans-titre-2023-10-26T111050.456-18x9.png 18w\" sizes=\"auto, (max-width: 700px) 100vw, 700px\" \/><figcaption class=\"wp-element-caption\">\u00a9 Espace Br\u00e9montier<\/figcaption><\/figure>\n\n\n\n<div style=\"height:100px\" aria-hidden=\"true\" class=\"wp-block-spacer\"><\/div>\n\n\n\n<div class=\"wp-block-uagb-separator uagb-block-6aafb9eb\"><div class=\"uagb-separator-spacing-wrapper\"><div class=\"wp-block-uagb-separator__inner\" style=\"--my-background-image:\"><\/div><\/div><\/div>\n\n\n\n<h2 class=\"wp-block-heading\">Luoghi indipendenti della cultura<\/h2>\n\n\n\n<ul class=\"wp-block-list\">\n<li><strong>Ad Arcachon, il caff\u00e8-teatro \u201cLe Z\u00e8bre\u201d. <\/strong>celebra il teatro del boulevard in un&#039;atmosfera amichevole e accogliente con 75 posti a sedere. <a href=\"https:\/\/www.zebrearcachon.fr\/\" target=\"_blank\" rel=\"noopener\"><strong>https:\/\/www.zebrearcachon.fr\/<\/strong><\/a><\/li>\n<\/ul>\n\n\n\n<ul class=\"wp-block-list\">\n<li><strong>A Lanton, il bar della comunit\u00e0 Bariton<\/strong> propone serate musicali nell&#039;atmosfera dei jazz club ogni fine settimana, tutto l&#039;anno.<\/li>\n<\/ul>\n\n\n\n<figure class=\"wp-block-image size-full\"><img loading=\"lazy\" decoding=\"async\" width=\"700\" height=\"355\" src=\"https:\/\/bassin-arcachon.com\/wp-content\/uploads\/2023\/10\/Design-sans-titre-2023-10-26T115339.929.png\" alt=\"- - Bassin d&#039;Arcachon\" class=\"wp-image-56923\" title=\"- - Bassin d&#039;Arcachon\" srcset=\"https:\/\/bassin-arcachon.com\/wp-content\/uploads\/2023\/10\/Design-sans-titre-2023-10-26T115339.929.png 700w, https:\/\/bassin-arcachon.com\/wp-content\/uploads\/2023\/10\/Design-sans-titre-2023-10-26T115339.929-600x304.png 600w, https:\/\/bassin-arcachon.com\/wp-content\/uploads\/2023\/10\/Design-sans-titre-2023-10-26T115339.929-18x9.png 18w\" sizes=\"auto, (max-width: 700px) 100vw, 700px\" \/><figcaption class=\"wp-element-caption\">\u00a9 Citt\u00e0 di Arcachon<\/figcaption><\/figure>\n\n\n\n<div style=\"height:100px\" aria-hidden=\"true\" class=\"wp-block-spacer\"><\/div>\n\n\n\n<hr class=\"wp-block-separator has-alpha-channel-opacity\"\/>\n\n\n\n<h2 class=\"wp-block-heading\">Luoghi espositivi<\/h2>\n\n\n\n<div class=\"wp-block-uagb-container uagb-block-9c69edd9 alignfull uagb-is-root-container\"><div class=\"uagb-container-inner-blocks-wrap\">\n<p><strong>Pittori, scultori e artigiani hanno accesso agli spazi espositivi aperti tutto l&#039;anno: <\/strong><\/p>\n<\/div><\/div>\n\n\n\n<div class=\"wp-block-uagb-container uagb-block-a8f59416 alignfull uagb-is-root-container\"><div class=\"uagb-container-inner-blocks-wrap\">\n<ul class=\"wp-block-list\">\n<li><strong>Il Teatro Olimpia<\/strong> ad Arcachon<\/li>\n\n\n\n<li><strong>La Casa delle Arti <\/strong>di Gujan Mestras<\/li>\n\n\n\n<li><strong>La casa di Louis David<\/strong> ad Andernos les Bains<\/li>\n\n\n\n<li><strong>La sala espositiva <\/strong>di Ares<\/li>\n\n\n\n<li><strong>La fonte<\/strong> a La Teste de Buch<\/li>\n\n\n\n<li><strong>L&#039;antica sala dei matrimoni della dependance del municipio <\/strong>a Pyla-sur-Mer<\/li>\n\n\n\n<li><strong>Il vecchio ufficio postale<\/strong> a Pyla-sur-mer<\/li>\n<\/ul>\n\n\n\n<p><strong>Cabine con vista: <\/strong><\/p>\n<\/div><\/div>\n\n\n\n<ul class=\"wp-block-list\">\n<li><strong>Ad Audenge, la cabina blu<\/strong> sul porto \u00e8 un posto imperdibile per gli artisti! Come un emblema, questa tradizionale cabina di colore blu domina il porto. Ogni settimana, pittori, scultori e artigiani vanno e vengono l\u00ec con una vista mozzafiato sull&#039;Bassin di Arcachon.<\/li>\n\n\n\n<li><strong>A Lanton, La Cabane des arts<\/strong> \u00e8 l&#039;ultima aggiunta agli showroom Bassin di Arcachon. Si trova nella cornice intima e storica del porto di Taussat. Dove lo stesso Toulouse Lautrec aveva le sue abitudini!<\/li>\n<\/ul>\n\n\n\n<figure class=\"wp-block-image size-full\"><img loading=\"lazy\" decoding=\"async\" width=\"700\" height=\"355\" src=\"https:\/\/bassin-arcachon.com\/wp-content\/uploads\/2023\/10\/Design-sans-titre-97.png\" alt=\"- - Bassin d&#039;Arcachon\" class=\"wp-image-56906\" title=\"- - Bassin d&#039;Arcachon\" srcset=\"https:\/\/bassin-arcachon.com\/wp-content\/uploads\/2023\/10\/Design-sans-titre-97.png 700w, https:\/\/bassin-arcachon.com\/wp-content\/uploads\/2023\/10\/Design-sans-titre-97-600x304.png 600w, https:\/\/bassin-arcachon.com\/wp-content\/uploads\/2023\/10\/Design-sans-titre-97-18x9.png 18w\" sizes=\"auto, (max-width: 700px) 100vw, 700px\" \/><figcaption class=\"wp-element-caption\">\u00a9 M\u00e9lanny Rodrigues<\/figcaption><\/figure>\n\n\n\n<div style=\"height:100px\" aria-hidden=\"true\" class=\"wp-block-spacer\"><\/div>","protected":false},"excerpt":{"rendered":"<p>Sc\u00e8ne en vue ! 8 salles maillent le territoire du Bassin d\u2019Arcachon, offrant une grande diversit\u00e9 de spectacles. Capacit\u00e9 de 654 places Cette nouvelle sc\u00e8ne de 280m\u00b2 est la derni\u00e8re [&hellip;]<\/p>\n","protected":false},"author":25,"featured_media":56926,"comment_status":"closed","ping_status":"open","sticky":false,"template":"","format":"standard","meta":{"_acf_changed":false,"_uag_custom_page_level_css":"","footnotes":""},"categories":[2133],"tags":[],"class_list":["post-56914","post","type-post","status-publish","format-standard","has-post-thumbnail","hentry","category-culture"],"acf":[],"uagb_featured_image_src":{"full":["https:\/\/bassin-arcachon.com\/wp-content\/uploads\/2023\/10\/Design-sans-titre-2023-10-26T140509.466.png",700,355,false],"thumbnail":["https:\/\/bassin-arcachon.com\/wp-content\/uploads\/2023\/10\/Design-sans-titre-2023-10-26T140509.466-150x150.png",150,150,true],"medium":["https:\/\/bassin-arcachon.com\/wp-content\/uploads\/2023\/10\/Design-sans-titre-2023-10-26T140509.466-600x304.png",600,304,true],"medium_large":["https:\/\/bassin-arcachon.com\/wp-content\/uploads\/2023\/10\/Design-sans-titre-2023-10-26T140509.466.png",700,355,false],"large":["https:\/\/bassin-arcachon.com\/wp-content\/uploads\/2023\/10\/Design-sans-titre-2023-10-26T140509.466.png",700,355,false],"1536x1536":["https:\/\/bassin-arcachon.com\/wp-content\/uploads\/2023\/10\/Design-sans-titre-2023-10-26T140509.466.png",700,355,false],"2048x2048":["https:\/\/bassin-arcachon.com\/wp-content\/uploads\/2023\/10\/Design-sans-titre-2023-10-26T140509.466.png",700,355,false],"trp-custom-language-flag":["https:\/\/bassin-arcachon.com\/wp-content\/uploads\/2023\/10\/Design-sans-titre-2023-10-26T140509.466-18x9.png",18,9,true]},"uagb_author_info":{"display_name":"Marie Clauzel","author_link":"https:\/\/bassin-arcachon.com\/it\/author\/mariesiba\/"},"uagb_comment_info":0,"uagb_excerpt":"Sc\u00e8ne en vue ! 8 salles maillent le territoire du Bassin d\u2019Arcachon, offrant une grande diversit\u00e9 de spectacles. Capacit\u00e9 de 654 places Cette nouvelle sc\u00e8ne de 280m\u00b2 est la derni\u00e8re [&hellip;]","_links":{"self":[{"href":"https:\/\/bassin-arcachon.com\/it\/wp-json\/wp\/v2\/posts\/56914","targetHints":{"allow":["GET"]}}],"collection":[{"href":"https:\/\/bassin-arcachon.com\/it\/wp-json\/wp\/v2\/posts"}],"about":[{"href":"https:\/\/bassin-arcachon.com\/it\/wp-json\/wp\/v2\/types\/post"}],"author":[{"embeddable":true,"href":"https:\/\/bassin-arcachon.com\/it\/wp-json\/wp\/v2\/users\/25"}],"replies":[{"embeddable":true,"href":"https:\/\/bassin-arcachon.com\/it\/wp-json\/wp\/v2\/comments?post=56914"}],"version-history":[{"count":3,"href":"https:\/\/bassin-arcachon.com\/it\/wp-json\/wp\/v2\/posts\/56914\/revisions"}],"predecessor-version":[{"id":181012,"href":"https:\/\/bassin-arcachon.com\/it\/wp-json\/wp\/v2\/posts\/56914\/revisions\/181012"}],"wp:featuredmedia":[{"embeddable":true,"href":"https:\/\/bassin-arcachon.com\/it\/wp-json\/wp\/v2\/media\/56926"}],"wp:attachment":[{"href":"https:\/\/bassin-arcachon.com\/it\/wp-json\/wp\/v2\/media?parent=56914"}],"wp:term":[{"taxonomy":"category","embeddable":true,"href":"https:\/\/bassin-arcachon.com\/it\/wp-json\/wp\/v2\/categories?post=56914"},{"taxonomy":"post_tag","embeddable":true,"href":"https:\/\/bassin-arcachon.com\/it\/wp-json\/wp\/v2\/tags?post=56914"}],"curies":[{"name":"wp","href":"https:\/\/api.w.org\/{rel}","templated":true}]}}