{"id":57108,"date":"2026-01-20T14:08:23","date_gmt":"2026-01-20T13:08:23","guid":{"rendered":"https:\/\/bassin-arcachon.com\/?p=57108"},"modified":"2026-03-23T14:49:31","modified_gmt":"2026-03-23T13:49:31","slug":"bacino-di-arcachon-mentre-gli-uccelli-cantano","status":"publish","type":"post","link":"https:\/\/bassin-arcachon.com\/it\/bassin-darcachon-a-vol-doiseaux\/","title":{"rendered":"Bassin da Arcachon: in linea d&#039;aria!"},"content":{"rendered":"<figure class=\"wp-block-embed is-type-video is-provider-vimeo wp-block-embed-vimeo wp-embed-aspect-16-9 wp-has-aspect-ratio\"><div class=\"wp-block-embed__wrapper\">\n<iframe loading=\"lazy\" title=\"L&#039;Bassin d&#039;Arcachon in linea d&#039;aria\" src=\"https:\/\/player.vimeo.com\/video\/889928641?dnt=1&amp;app_id=122963\" width=\"500\" height=\"281\" frameborder=\"0\" allow=\"autoplay; fullscreen; picture-in-picture; clipboard-write\"><\/iframe>\n<\/div><\/figure>\n\n\n\n<p><strong><a href=\"https:\/\/www.rtbf.be\/article\/regarder-les-oiseaux-serait-bon-pour-votre-sante-mentale-11109906\" target=\"_blank\" rel=\"noopener\">La cura per la tua salute mentale?<\/a> <\/strong>Mettiti comodo e <strong>lasciatevi trasportare in linea d&#039;aria sull&#039;Bassin di Arcachon, attraverso questo breve video!<\/strong><\/p>\n\n\n\n<p>Lo sapevate ? IL <strong>Bassin di Arcachon \u00e8 il territorio pi\u00f9 piccolo della Francia a beneficiare di cos\u00ec tante misure di protezione ambientale e di siti classificati<\/strong>  : <\/p>\n\n\n\n<ul class=\"wp-block-list\">\n<li><strong>6\u00b0<\/strong> <a href=\"https:\/\/parc-marin-bassin-arcachon.fr\/\" target=\"_blank\" rel=\"noopener\"><strong>Parco naturale marino della Francia<\/strong> <\/a> <\/li>\n\n\n\n<li><strong>2 Riserve Naturali Nazionali<\/strong> : <strong><a href=\"https:\/\/bassin-arcachon.com\/it\/i-nostri-elementi-essenziali\/la-panchina-di-darguin\/\">Banca d&#039;Arguin<\/a><\/strong> e <strong>Pr\u00e9s-Sal\u00e9s d&#039;Ar\u00e8s e L\u00e8ge-Cap Ferret<\/strong>  <\/li>\n\n\n\n<li><strong>5 siti classificati<\/strong> <strong>sotto i monumenti naturali<\/strong> : <a href=\"https:\/\/bassin-arcachon.com\/it\/i-nostri-elementi-essenziali\/la-duna-di-pilat\/\"><strong>la Duna di Pilat<\/strong><\/a>, <a href=\"https:\/\/bassin-arcachon.com\/it\/i-nostri-elementi-essenziali\/le-cabine-tchanquee\/\"><strong>Isola degli uccelli<\/strong><\/a>, <a href=\"https:\/\/bassin-arcachon.com\/it\/i-nostri-elementi-essenziali\/le-zone-di-certamente-graveyron\/\"><strong>il Domaine de Graveyron <\/strong><\/a>, la zona costiera del parco Abatilles e <a href=\"https:\/\/www.ville-lege-capferret.fr\/vivre-a-lege-cap-ferret\/environnement-et-cadre-de-vie\/patrimoine-naturel\/les-reservoirs-de-piraillan\/\" target=\"_blank\" rel=\"noopener\"><strong>i bacini idrici di Piraillan<\/strong><\/a> <\/li>\n\n\n\n<li><strong>6 comuni di Bassin<\/strong> fanno parte del <a href=\"https:\/\/www.parc-landes-de-gascogne.fr\/\" target=\"_blank\" rel=\"noopener\"><strong>Parco Naturale Regionale delle Landes de Gascogne<\/strong><\/a> <\/li>\n\n\n\n<li>E infine, <strong><a href=\"https:\/\/bassin-arcachon.com\/it\/i-nostri-elementi-essenziali\/la-riserva-ornitologica\/\">1 Riserva Ornitologica<\/a> <\/strong>con una superficie di <strong>110 ettari di spazi naturali preservati<\/strong> <\/li>\n<\/ul>\n\n\n\n<div class=\"wp-block-uagb-container uagb-block-fa92251c alignfull uagb-is-root-container\"><div class=\"uagb-container-inner-blocks-wrap\"><\/div><\/div>\n\n\n\n<h2 class=\"wp-block-heading\">Il <a href=\"https:\/\/www.reserve-ornithologique-du-teich.com\/\" target=\"_blank\" rel=\"noopener\">Riserva Teich<\/a> : il paradiso del birdwatching da 50 anni!<\/h2>\n\n\n\n<p>Situato su <strong>il comune di Teich, <\/strong>La Riserva \u00e8 un luogo rinomato in Francia per osservare queste stranezze dell&#039;ornitologia! \u00c8 aperto tutto l&#039;anno e accoglie quasi volentieri <strong>328 specie di uccelli<\/strong> tra boschi, canneti, prati, paludi marittime e lagune!<\/p>\n\n\n\n<figure class=\"wp-block-image size-full\"><img loading=\"lazy\" decoding=\"async\" width=\"835\" height=\"600\" src=\"https:\/\/bassin-arcachon.com\/wp-content\/uploads\/2023\/11\/Design-sans-titre-2023-11-30T142610.474.png\" alt=\"- - Bassin d&#039;Arcachon\" class=\"wp-image-57193\" title=\"- - Bassin d&#039;Arcachon\" srcset=\"https:\/\/bassin-arcachon.com\/wp-content\/uploads\/2023\/11\/Design-sans-titre-2023-11-30T142610.474.png 835w, https:\/\/bassin-arcachon.com\/wp-content\/uploads\/2023\/11\/Design-sans-titre-2023-11-30T142610.474-600x431.png 600w, https:\/\/bassin-arcachon.com\/wp-content\/uploads\/2023\/11\/Design-sans-titre-2023-11-30T142610.474-768x552.png 768w, https:\/\/bassin-arcachon.com\/wp-content\/uploads\/2023\/11\/Design-sans-titre-2023-11-30T142610.474-18x12.png 18w\" sizes=\"auto, (max-width: 835px) 100vw, 835px\" \/><figcaption class=\"wp-element-caption\">Chiurlo euroasiatico \u2013 \u00a9 Erick LAUCHER<\/figcaption><\/figure>\n\n\n\n<p><strong>Sedentario, svernante, migratore parziale o completo<\/strong> \u2026lo stand viene modificato <strong>attraverso le stagioni e le maree<\/strong>. Questo <strong>Il risultato spettacolare per un sito cos\u00ec piccolo testimonia il valore di un luogo<\/strong> che offre molteplici risorse agli uccelli che attraversano la regione. <\/p>\n\n\n\n<p>Ma attenzione a queste osservazioni<strong> a volte sono unici<\/strong>, non ci si dovrebbe quindi aspettare di trovare la specie <strong>Molto raro (TR)<\/strong> ad ogni visita. L\u00e0 &quot;<a class=\"\" href=\"https:\/\/www.reserve-ornithologique-du-teich.com\/wp-content\/uploads\/2023\/04\/Liste-des-especes-observees-ROT-avril-2023.pdf\" target=\"_blank\" rel=\"noopener\"><strong>elenco degli uccelli osservati nella Riserva Ornitologica di Teich dal 1972 al 2023<\/strong><\/a>\u201d \u00e8 costantemente in costruzione!<\/p>\n\n\n\n<p><em>La Riserva agisce molto attivamente per la conservazione degli uccelli selvatici che la frequentano, in particolare delle specie rare o minacciate che sono oggetto di politiche di tutela su scala nazionale o europea. \u00c8 quindi riconosciuto di importanza internazionale per la sopravvivenza di numerosi uccelli limicoli e ospita mammiferi minacciati e habitat di interesse comunitario.<\/em><\/p>\n\n\n\n<div class=\"wp-block-uagb-container uagb-block-4073c514 alignfull uagb-is-root-container\"><div class=\"uagb-container-inner-blocks-wrap\"><\/div><\/div>\n\n\n\n<h2 class=\"wp-block-heading\">Sulla rotta degli uccelli migratori<\/h2>\n\n\n\n<figure class=\"wp-block-image size-full\"><img loading=\"lazy\" decoding=\"async\" width=\"835\" height=\"600\" src=\"https:\/\/bassin-arcachon.com\/wp-content\/uploads\/2023\/11\/Design-sans-titre-2023-11-30T121323.711.png\" alt=\"- - Bassin d&#039;Arcachon\" class=\"wp-image-57168\" title=\"- - Bassin d&#039;Arcachon\" srcset=\"https:\/\/bassin-arcachon.com\/wp-content\/uploads\/2023\/11\/Design-sans-titre-2023-11-30T121323.711.png 835w, https:\/\/bassin-arcachon.com\/wp-content\/uploads\/2023\/11\/Design-sans-titre-2023-11-30T121323.711-600x431.png 600w, https:\/\/bassin-arcachon.com\/wp-content\/uploads\/2023\/11\/Design-sans-titre-2023-11-30T121323.711-768x552.png 768w, https:\/\/bassin-arcachon.com\/wp-content\/uploads\/2023\/11\/Design-sans-titre-2023-11-30T121323.711-18x12.png 18w\" sizes=\"auto, (max-width: 835px) 100vw, 835px\" \/><figcaption class=\"wp-element-caption\">\u00a9 Riserva ornitologica Teich<\/figcaption><\/figure>\n\n\n\n<p>L&#039;Bassin di Arcachon lo \u00e8 <strong>nel cuore di uno dei corridoi migratori pi\u00f9 importanti del pianeta<\/strong>&nbsp;: il corridoio migratorio <strong>Atlantico orientale<\/strong>, utilizzato ogni anno da decine di milioni di uccelli provenienti dalle terre nordiche (<em>Nord Europa, Russia, Siberia, Islanda, Groenlandia, Canada\u2026<\/em>). <strong>Gran parte di questi uccelli transitano ogni autunno attraverso la Francia per raggiungere il bacino del Mediterraneo o l&#039;Africa.<\/strong>.&nbsp;<\/p>\n\n\n\n<p>Visto dal cielo, si forma il Bassin di Arcachon <strong>una pausa facilmente identificabile sulla costa<\/strong>. La diversit\u00e0 dei suoi ambienti offre risorse essenziali <strong>anatre, spatole, oche o trampolieri<\/strong> che migrano attraverso scali e devono<strong> riposarsi e nutrirsi durante i loro viaggi lunghi e pericolosi.<\/strong><\/p>\n\n\n\n<p>L&#039;Bassin ospita il pi\u00f9 grande <strong>erbario di alghe nane e importanti praterie di alghe&nbsp;<\/strong>: un habitat che svolge un ruolo di rifugio e di vivaio per <strong>pesce, seppie, cavalluccio marino, gamberi\u2026 e per le oche<\/strong> coraggiosi che svernano ogni anno a decine di migliaia sull&#039;Bassin: <strong>pi\u00f9 di 18.000 nel 2023!<\/strong><\/p>\n\n\n\n<div class=\"wp-block-uagb-container uagb-block-6b655eaa alignfull uagb-is-root-container\"><div class=\"uagb-container-inner-blocks-wrap\"><\/div><\/div>\n\n\n\n<h3 class=\"wp-block-heading\"><strong>2 periodi di migrazione per distinguere: <\/strong><\/h3>\n\n\n\n<ul class=\"wp-block-list\">\n<li><strong>Migrazione prematrimoniale<\/strong>&nbsp;(&quot;prima del matrimonio&quot;) o migrazione &quot;primaverile&quot; o addirittura &quot;ascensione&quot;, che dura dalla fine di gennaio (Oca selvatica, Codone settentrionale, ecc.) all&#039;inizio di giugno.<\/li>\n\n\n\n<li><strong>Migrazione post-matrimoniale<\/strong>&nbsp;(\u201cdopo il matrimonio\u201d) o la migrazione \u201cautunnale\u201d o addirittura \u201cdiscendente\u201d, che inizia a giugno e termina a dicembre. Naturalmente lo spostamento di un massimo di specie avviene nel periodo centrale di ogni migrazione (marzo-maggio e settembre-novembre).<\/li>\n<\/ul>\n\n\n\n<p>Durante queste due fasi della vita dei migratori, decine di migliaia di uccelli possono frequentare la Riserva per poche ore o pochi giorni. <strong>Questi due periodi sono quelli in cui la diversit\u00e0 \u00e8 maggiore nel sito ed \u00e8 normale incontrare pi\u00f9 di 100 specie durante una visita.<\/strong> \u00c8 anche durante le migrazioni che abbiamo le maggiori possibilit\u00e0<strong> per osservare uccelli rari, provenienti dalla lontana America o dall&#039;Asia centrale.<\/strong> Ma come ovunque in natura, nulla viene acquisito in anticipo e molti parametri verranno modificati<strong> le \u201cprevisioni\u201d dei migliori naturalisti riguardo la \u201cprogrammazione\u201d del passaggio o della sosta di questi uccelli. <\/strong><\/p>\n\n\n\n<div class=\"wp-block-uagb-container uagb-block-81c5e7b5 alignfull uagb-is-root-container\"><div class=\"uagb-container-inner-blocks-wrap\"><\/div><\/div>\n\n\n\n<h2 class=\"wp-block-heading\">Della tranquillit\u00e0 dell\u2019autunno e dell\u2019inverno\u2026<\/h2>\n\n\n\n<figure class=\"wp-block-image size-full\"><img loading=\"lazy\" decoding=\"async\" width=\"835\" height=\"600\" src=\"https:\/\/bassin-arcachon.com\/wp-content\/uploads\/2023\/11\/Design-sans-titre-2023-11-30T115532.492.png\" alt=\"- - Bassin d&#039;Arcachon\" class=\"wp-image-57166\" title=\"- - Bassin d&#039;Arcachon\" srcset=\"https:\/\/bassin-arcachon.com\/wp-content\/uploads\/2023\/11\/Design-sans-titre-2023-11-30T115532.492.png 835w, https:\/\/bassin-arcachon.com\/wp-content\/uploads\/2023\/11\/Design-sans-titre-2023-11-30T115532.492-600x431.png 600w, https:\/\/bassin-arcachon.com\/wp-content\/uploads\/2023\/11\/Design-sans-titre-2023-11-30T115532.492-768x552.png 768w, https:\/\/bassin-arcachon.com\/wp-content\/uploads\/2023\/11\/Design-sans-titre-2023-11-30T115532.492-18x12.png 18w\" sizes=\"auto, (max-width: 835px) 100vw, 835px\" \/><figcaption class=\"wp-element-caption\">Cavaliere d&#039;Italia \/ Pittima reale \/ Beccaccino di palude \u2013 \u00a9 Erick LAUCHER \/ Marion DAL BELLO<\/figcaption><\/figure>\n\n\n\n<p><strong>Il posto dove stare: <\/strong>questo \u00e8<strong> L\u00c0<\/strong> fase dell&#039;anno in cui incontriamo il<strong>La pi\u00f9 grande concentrazione di uccelli nella Riserva<\/strong> ! Una stagione particolarmente interessante per <strong>osservare le specie cosiddette \u201csvernanti\u201d, <\/strong>che si radunano in spettacolari voli sugli specchi d&#039;acqua della Riserva!<\/p>\n\n\n\n<p>Osserviamo <strong>dall&#039;autunno <\/strong>raduni di <strong>Dunlins, chiurli, avocette pezzate o pittime reali. <\/strong>Questi uccelli chiamavano <strong>\u201cuccelli costieri\u201d<\/strong> si nutrono sulla battigia con la bassa marea e nella Riserva con l&#039;alta marea. \u00c8 anche il momento di venire ad osservare il sottile piumaggio del <strong>Alzavola: la pi\u00f9 piccola delle nostre anatre dilettanti. <\/strong><\/p>\n\n\n\n<p>Il <strong>migranti provenienti dal nord e dall\u2019est dell\u2019Europa<\/strong> fermati in numero a <strong>trascorrere l&#039;inverno nella Riserva<\/strong>. Questo periodo chiamato <strong>\u201csvernamento\u201d<\/strong> inizia per alcuni <strong>in ottobre e si protrae fino a marzo<\/strong> per altri: gli uccelli si spostano solo su brevi distanze, <strong>principalmente per il cibo.<\/strong><\/p>\n\n\n\n<div class=\"wp-block-uagb-container uagb-block-bdcd4531 alignfull uagb-is-root-container\"><div class=\"uagb-container-inner-blocks-wrap\"><\/div><\/div>\n\n\n\n<h2 class=\"wp-block-heading\"><strong>\u2026alle emozioni della primavera e dell\u2019estate&nbsp;<\/strong><\/h2>\n\n\n\n<figure class=\"wp-block-image size-full\"><img loading=\"lazy\" decoding=\"async\" width=\"1449\" height=\"966\" src=\"https:\/\/bassin-arcachon.com\/wp-content\/uploads\/2023\/11\/Avocette-elegante-juvenile-par-Amandine-SOYEZ.jpg\" alt=\"- - Bassin d&#039;Arcachon\" class=\"wp-image-57160\" title=\"- - Bassin d&#039;Arcachon\" srcset=\"https:\/\/bassin-arcachon.com\/wp-content\/uploads\/2023\/11\/Avocette-elegante-juvenile-par-Amandine-SOYEZ.jpg 1449w, https:\/\/bassin-arcachon.com\/wp-content\/uploads\/2023\/11\/Avocette-elegante-juvenile-par-Amandine-SOYEZ-600x400.jpg 600w, https:\/\/bassin-arcachon.com\/wp-content\/uploads\/2023\/11\/Avocette-elegante-juvenile-par-Amandine-SOYEZ-1024x683.jpg 1024w, https:\/\/bassin-arcachon.com\/wp-content\/uploads\/2023\/11\/Avocette-elegante-juvenile-par-Amandine-SOYEZ-768x512.jpg 768w, https:\/\/bassin-arcachon.com\/wp-content\/uploads\/2023\/11\/Avocette-elegante-juvenile-par-Amandine-SOYEZ-18x12.jpg 18w\" sizes=\"auto, (max-width: 1449px) 100vw, 1449px\" \/><figcaption class=\"wp-element-caption\">Avocetta pezzata giovanile \u2013 \u00a9 Amandine SOYEZ<\/figcaption><\/figure>\n\n\n\n<p><strong>Sui 110 ettari della Riserva nidificano o hanno gi\u00e0 nidificato 88 specie: in primavera, i 20 osservatori presenti lungo il percorso permettono di osservare i giovani uccelli dalla nascita al volo.<\/strong><\/p>\n\n\n\n<p>Come dice il proverbio, <strong>la primavera \u00e8 la stagione dell&#039;amore<\/strong> ! E non sono il picchio rosso maggiore, l\u2019airone cenerino e nemmeno il gabbiano col dorso nero a dirvi il contrario. Il periodo di nidificazione va dalla fine di gennaio, quando inizia il primo <strong>Cicogne bianche<\/strong> ritornano ai nidi, e fino alla fine di agosto con il volo degli ultimi pulcini<strong> porciglione <\/strong>nato nella Riserva.<\/p>\n\n\n\n<p>Particolarmente comuni sono i passeriformi, i pi\u00f9 comuni come il <strong>Robin<\/strong>, fino ai pi\u00f9 rari come il <strong>Pettazzurro con specchio bianco.<\/strong><\/p>\n\n\n\n<p>Tuttavia, raggiunge il picco per la maggior parte delle specie<strong> tra aprile e giugno.<\/strong> La maggior parte delle specie sono molto discrete durante questo periodo riproduttivo, tuttavia molte se ne vanno<strong> ammirare i loro piccoli da vicino al pubblico, da osservatori o sentieri: <\/strong>Gabbiani comuni, cavalieri d&#039;Italia, corrieri dagli anelli, nibbi bruni, volpoche Belon...!<\/p>\n\n\n\n<div class=\"wp-block-uagb-container uagb-block-de6f1fd4 alignfull uagb-is-root-container\"><div class=\"uagb-container-inner-blocks-wrap\"><\/div><\/div>\n\n\n\n<h2 class=\"wp-block-heading\">Specie principali:<\/h2>\n\n\n\n<figure class=\"wp-block-image size-full\"><img loading=\"lazy\" decoding=\"async\" width=\"835\" height=\"600\" src=\"https:\/\/bassin-arcachon.com\/wp-content\/uploads\/2023\/11\/Design-sans-titre-2023-11-30T114821.806.png\" alt=\"- - Bassin d&#039;Arcachon\" class=\"wp-image-57162\" title=\"- - Bassin d&#039;Arcachon\" srcset=\"https:\/\/bassin-arcachon.com\/wp-content\/uploads\/2023\/11\/Design-sans-titre-2023-11-30T114821.806.png 835w, https:\/\/bassin-arcachon.com\/wp-content\/uploads\/2023\/11\/Design-sans-titre-2023-11-30T114821.806-600x431.png 600w, https:\/\/bassin-arcachon.com\/wp-content\/uploads\/2023\/11\/Design-sans-titre-2023-11-30T114821.806-768x552.png 768w, https:\/\/bassin-arcachon.com\/wp-content\/uploads\/2023\/11\/Design-sans-titre-2023-11-30T114821.806-18x12.png 18w\" sizes=\"auto, (max-width: 835px) 100vw, 835px\" \/><figcaption class=\"wp-element-caption\">\u00a9 Joris GRENON<\/figcaption><\/figure>\n\n\n\n<p><strong>Uccelli<\/strong> : Cavaliere d&#039;Italia, Avocetta nera, Spatola, Cicogna bianca, Martin pescatore, Pettazzurro di Nantes, Chiurlo euroasiatico, Pettegola, Beccale maggiore, Millan nero, Hobber comune, Bouscaril di Cetti, Torcicollo, Piovanello pancianera, Mestolone, Germano reale, Pavoncella, Upupa, Europeo Rigogolo, airone cenerino, garzetta, airone bianco maggiore, falco pescatore, falco di palude, porciglione, beccaccino poliglotta, beccaccino di palude, ecc.<br><a href=\"https:\/\/www.reserve-ornithologique-du-teich.com\/wp-content\/uploads\/2023\/09\/Planche-dobservation-des-Oiseaux-50-ans-Reserve-Ornithologique-du-Teich.pdf\" target=\"_blank\" rel=\"noopener\"><strong>reperibile nel Libro di Osservazione degli Uccelli della Riserva&nbsp;<\/strong><\/a>!<br><strong>Mammiferi<\/strong> : Lontra europea, genetta comune, ratto del raccolto...<br><strong>Pesci<\/strong> : Triglia di maiale\u2026<br><strong>Rettili<\/strong> : Testuggine palustre europea, lucertola bifilata...<br><strong>Impianti<\/strong> : Giunco, Tamerice, Fragmite<\/p>\n\n\n\n<div class=\"wp-block-uagb-container uagb-block-f3a426ff alignfull uagb-is-root-container\"><div class=\"uagb-container-inner-blocks-wrap\"><\/div><\/div>\n\n\n\n<h2 class=\"wp-block-heading\"><strong>Un sito adatto alla fotografia:<\/strong><\/h2>\n\n\n\n<figure class=\"wp-block-image size-full\"><img loading=\"lazy\" decoding=\"async\" width=\"835\" height=\"600\" src=\"https:\/\/bassin-arcachon.com\/wp-content\/uploads\/2023\/11\/Design-sans-titre-2023-11-30T113634.927.png\" alt=\"- - Bassin d&#039;Arcachon\" class=\"wp-image-57157\" title=\"- - Bassin d&#039;Arcachon\" srcset=\"https:\/\/bassin-arcachon.com\/wp-content\/uploads\/2023\/11\/Design-sans-titre-2023-11-30T113634.927.png 835w, https:\/\/bassin-arcachon.com\/wp-content\/uploads\/2023\/11\/Design-sans-titre-2023-11-30T113634.927-600x431.png 600w, https:\/\/bassin-arcachon.com\/wp-content\/uploads\/2023\/11\/Design-sans-titre-2023-11-30T113634.927-768x552.png 768w, https:\/\/bassin-arcachon.com\/wp-content\/uploads\/2023\/11\/Design-sans-titre-2023-11-30T113634.927-18x12.png 18w\" sizes=\"auto, (max-width: 835px) 100vw, 835px\" \/><figcaption class=\"wp-element-caption\">\u00a9 Marion Dal Bello<\/figcaption><\/figure>\n\n\n\n<p>Il sito \u00e8 diventato <strong>una meta privilegiata per fotografi professionisti o amatoriali.<\/strong> I suoi principali vantaggi sono:<strong> la diversit\u00e0 dei paesaggi e delle specie, la regolarit\u00e0 di un potenziale spettacolo durante tutto l&#039;anno, la vicinanza talvolta sconcertante degli uccelli, la loro crescente abitudine al pubblico e la progettazione degli osservatori.<\/strong><\/p>\n\n\n\n<p>Il sito di Teich \u00e8 stato recentemente riconosciuto come il<strong> 7\u00b0 miglior sito in Europa per il birdwatching e 1\u00b0 in Francia<\/strong> dalla comunit\u00e0 dei Birdwatchers!<\/p>\n\n\n\n<div class=\"wp-block-uagb-container uagb-block-c8377104 alignfull uagb-is-root-container\"><div class=\"uagb-container-inner-blocks-wrap\"><\/div><\/div>\n\n\n\n<h2 class=\"wp-block-heading\">Visita la Riserva: <\/h2>\n\n\n\n<p>La visita alla Riserva Ornitologica Teich si effettua a piedi, lungo <strong>di un percorso ad anello di 6 km.<\/strong> Il percorso \u00e8 molto accessibile, anche con scarpe da strada. Un minimo <strong>Sono previste dalle 3 alle 4 ore <\/strong>visitare il sito osservando gli uccelli. Per chi viaggia con difficolt\u00e0 o con bambini piccoli \u00e8 possibile una scorciatoia <strong>(circa 2,5 km)<\/strong>.<\/p>\n\n\n\n<p><strong>20 cabine di osservazione<\/strong> punteggiano il sentiero nei luoghi pi\u00f9 favorevoli per l&#039;avvistamento degli uccelli. Distribuito approssimativamente<strong> ogni 300 metri, <\/strong>consentono una visita confortevole con qualsiasi condizione atmosferica (pioggia, freddo, caldo). <strong>4 punti di vista elevati <\/strong>offrono una vista sui paesaggi della Riserva Ornitologica Teich o dei suoi dintorni.<\/p>\n\n\n\n<figure class=\"wp-block-image size-full\"><img loading=\"lazy\" decoding=\"async\" width=\"835\" height=\"600\" src=\"https:\/\/bassin-arcachon.com\/wp-content\/uploads\/2023\/11\/Design-sans-titre-2023-11-30T121716.256.png\" alt=\"- - Bassin d&#039;Arcachon\" class=\"wp-image-57172\" title=\"- - Bassin d&#039;Arcachon\" srcset=\"https:\/\/bassin-arcachon.com\/wp-content\/uploads\/2023\/11\/Design-sans-titre-2023-11-30T121716.256.png 835w, https:\/\/bassin-arcachon.com\/wp-content\/uploads\/2023\/11\/Design-sans-titre-2023-11-30T121716.256-600x431.png 600w, https:\/\/bassin-arcachon.com\/wp-content\/uploads\/2023\/11\/Design-sans-titre-2023-11-30T121716.256-768x552.png 768w, https:\/\/bassin-arcachon.com\/wp-content\/uploads\/2023\/11\/Design-sans-titre-2023-11-30T121716.256-18x12.png 18w\" sizes=\"auto, (max-width: 835px) 100vw, 835px\" \/><figcaption class=\"wp-element-caption\">\u00a9 Riserva ornitologica Teich<\/figcaption><\/figure>\n\n\n\n<div class=\"wp-block-uagb-container uagb-block-20b5437c alignfull uagb-is-root-container\"><div class=\"uagb-container-inner-blocks-wrap\"><\/div><\/div>\n\n\n\n<h2 class=\"wp-block-heading\">Quando venire?<\/h2>\n\n\n\n<p>La Riserva \u00e8 aperta<strong> tutti i giorni tranne il 25 dicembre<\/strong>. Prima di venire ricordatevi di controllare gli orari delle maree: <strong>gli uccelli sono pi\u00f9 numerosi con l&#039;alta marea!<\/strong><\/p>","protected":false},"excerpt":{"rendered":"<p>Le rem\u00e8de pour soigner votre sant\u00e9 mentale ? Installez-vous confortablement et laissez vous transporter \u00e0 vol d&rsquo;oiseaux sur le Bassin d&rsquo;Arcachon, \u00e0 travers cette courte vid\u00e9o ! Le saviez-vous ? [&hellip;]<\/p>\n","protected":false},"author":25,"featured_media":57187,"comment_status":"closed","ping_status":"closed","sticky":false,"template":"","format":"standard","meta":{"_acf_changed":false,"_uag_custom_page_level_css":"","footnotes":""},"categories":[2129],"tags":[],"class_list":["post-57108","post","type-post","status-publish","format-standard","has-post-thumbnail","hentry","category-nature-art-de-vivre"],"acf":[],"uagb_featured_image_src":{"full":["https:\/\/bassin-arcachon.com\/wp-content\/uploads\/2023\/11\/Design-sans-titre-2023-11-30T141423.675.png",700,355,false],"thumbnail":["https:\/\/bassin-arcachon.com\/wp-content\/uploads\/2023\/11\/Design-sans-titre-2023-11-30T141423.675-150x150.png",150,150,true],"medium":["https:\/\/bassin-arcachon.com\/wp-content\/uploads\/2023\/11\/Design-sans-titre-2023-11-30T141423.675-600x304.png",600,304,true],"medium_large":["https:\/\/bassin-arcachon.com\/wp-content\/uploads\/2023\/11\/Design-sans-titre-2023-11-30T141423.675.png",700,355,false],"large":["https:\/\/bassin-arcachon.com\/wp-content\/uploads\/2023\/11\/Design-sans-titre-2023-11-30T141423.675.png",700,355,false],"1536x1536":["https:\/\/bassin-arcachon.com\/wp-content\/uploads\/2023\/11\/Design-sans-titre-2023-11-30T141423.675.png",700,355,false],"2048x2048":["https:\/\/bassin-arcachon.com\/wp-content\/uploads\/2023\/11\/Design-sans-titre-2023-11-30T141423.675.png",700,355,false],"trp-custom-language-flag":["https:\/\/bassin-arcachon.com\/wp-content\/uploads\/2023\/11\/Design-sans-titre-2023-11-30T141423.675-18x9.png",18,9,true]},"uagb_author_info":{"display_name":"Marie Clauzel","author_link":"https:\/\/bassin-arcachon.com\/it\/author\/mariesiba\/"},"uagb_comment_info":0,"uagb_excerpt":"Le rem\u00e8de pour soigner votre sant\u00e9 mentale ? Installez-vous confortablement et laissez vous transporter \u00e0 vol d&rsquo;oiseaux sur le Bassin d&rsquo;Arcachon, \u00e0 travers cette courte vid\u00e9o ! Le saviez-vous ? [&hellip;]","_links":{"self":[{"href":"https:\/\/bassin-arcachon.com\/it\/wp-json\/wp\/v2\/posts\/57108","targetHints":{"allow":["GET"]}}],"collection":[{"href":"https:\/\/bassin-arcachon.com\/it\/wp-json\/wp\/v2\/posts"}],"about":[{"href":"https:\/\/bassin-arcachon.com\/it\/wp-json\/wp\/v2\/types\/post"}],"author":[{"embeddable":true,"href":"https:\/\/bassin-arcachon.com\/it\/wp-json\/wp\/v2\/users\/25"}],"replies":[{"embeddable":true,"href":"https:\/\/bassin-arcachon.com\/it\/wp-json\/wp\/v2\/comments?post=57108"}],"version-history":[{"count":2,"href":"https:\/\/bassin-arcachon.com\/it\/wp-json\/wp\/v2\/posts\/57108\/revisions"}],"predecessor-version":[{"id":122179,"href":"https:\/\/bassin-arcachon.com\/it\/wp-json\/wp\/v2\/posts\/57108\/revisions\/122179"}],"wp:featuredmedia":[{"embeddable":true,"href":"https:\/\/bassin-arcachon.com\/it\/wp-json\/wp\/v2\/media\/57187"}],"wp:attachment":[{"href":"https:\/\/bassin-arcachon.com\/it\/wp-json\/wp\/v2\/media?parent=57108"}],"wp:term":[{"taxonomy":"category","embeddable":true,"href":"https:\/\/bassin-arcachon.com\/it\/wp-json\/wp\/v2\/categories?post=57108"},{"taxonomy":"post_tag","embeddable":true,"href":"https:\/\/bassin-arcachon.com\/it\/wp-json\/wp\/v2\/tags?post=57108"}],"curies":[{"name":"wp","href":"https:\/\/api.w.org\/{rel}","templated":true}]}}