{"id":57951,"date":"2024-03-01T12:20:52","date_gmt":"2024-03-01T11:20:52","guid":{"rendered":"https:\/\/bassin-arcachon.com\/?p=57951"},"modified":"2026-04-10T18:20:44","modified_gmt":"2026-04-10T16:20:44","slug":"nel-bacino-di-arcachon-la-stagione-vegetativa-e-tutto-lanno","status":"publish","type":"post","link":"https:\/\/bassin-arcachon.com\/it\/la-saison-de-la-culture-cest-toute-lannee-sur-le-bassin-darcachon\/","title":{"rendered":"La stagione della cultura: tutto l&#039;anno sulla Bassin ad Arcachon!"},"content":{"rendered":"<p>La cultura risuona <strong>nel cuore dei paesaggi dell&#039;Bassin di Arcachon<\/strong>. Un arredamento come a <strong>ambiente naturale<\/strong>, che accoglie con<strong> poesia e semplicit\u00e0 la cosa pi\u00f9 bella che fa l&#039;uomo: arte e cultura.<\/strong><br>Teatro, concerti, incontri letterari, danza... Con pi\u00f9 di <strong>50 eventi, i 12 comuni di Bassin <\/strong>competere in inventiva per farti vivere una stagione 2025 ricca di creazioni che rendono <strong>battere il cuore di artisti nazionali e internazionali, tutto l&#039;anno.<\/strong><\/p>\n\n\n\n<div class=\"wp-block-uagb-container uagb-block-71ab2de0 alignfull uagb-is-root-container\"><div class=\"uagb-container-inner-blocks-wrap\"><\/div><\/div>\n\n\n\n<h1 class=\"wp-block-heading\"><mark style=\"background-color:rgba(0, 0, 0, 0)\" class=\"has-inline-color has-luminous-vivid-amber-color\">LETTERATURA<\/mark><\/h1>\n\n\n\n<div class=\"wp-block-uagb-container uagb-block-da00ad76 alignfull uagb-is-root-container\"><div class=\"uagb-container-inner-blocks-wrap\"><\/div><\/div>\n\n\n\n<figure class=\"wp-block-image size-large\"><img loading=\"lazy\" decoding=\"async\" width=\"1024\" height=\"629\" src=\"https:\/\/bassin-arcachon.com\/wp-content\/uploads\/2024\/02\/ville-dArcachon-1024x629.jpeg\" alt=\"- - Bassin d&#039;Arcachon\" class=\"wp-image-57955\" title=\"- - Bassin d&#039;Arcachon\" srcset=\"https:\/\/bassin-arcachon.com\/wp-content\/uploads\/2024\/02\/ville-dArcachon-1024x629.jpeg 1024w, https:\/\/bassin-arcachon.com\/wp-content\/uploads\/2024\/02\/ville-dArcachon-600x369.jpeg 600w, https:\/\/bassin-arcachon.com\/wp-content\/uploads\/2024\/02\/ville-dArcachon-768x472.jpeg 768w, https:\/\/bassin-arcachon.com\/wp-content\/uploads\/2024\/02\/ville-dArcachon-1536x944.jpeg 1536w, https:\/\/bassin-arcachon.com\/wp-content\/uploads\/2024\/02\/ville-dArcachon-18x12.jpeg 18w, https:\/\/bassin-arcachon.com\/wp-content\/uploads\/2024\/02\/ville-dArcachon.jpeg 1800w\" sizes=\"auto, (max-width: 1024px) 100vw, 1024px\" \/><figcaption class=\"wp-element-caption\">Plage aux Ecrivains \u2013 \u00a9Citt\u00e0 di Arcachon<\/figcaption><\/figure>\n\n\n\n<h2 class=\"wp-block-heading\">Spiaggia degli scrittori: 3 e 4 maggio 2025 \u2013 ARCACHON<\/h2>\n\n\n\n<p>IL luogo d&#039;incontro degli autori che fanno notizia letteraria. Incontri, firme e, naturalmente<br>la lettura essenziale sulla sabbia... Grandi nomi della letteratura hanno gi\u00e0 partecipato: Philippe<br>Besson, Eliette Abecassis, Fr\u00e9d\u00e9ric Beigbeder, Anne-Lise Brochard, Julie Gayet, Fran\u00e7ois Hollande,\u2026 \u00c8 anche l&#039;occasione per consegnare il Premio letterario della Citt\u00e0 di Arcachon e il Premio letterario degli studenti delle scuole superiori di Arcachon. <\/p>\n\n\n\n<p><strong>Pi\u00f9 informazioni<\/strong> \ud83d\udc40: <a href=\"https:\/\/www.arcachon.com\/tourisme\/je-bouge\/culture-et-evenements\/la-plage-aux-ecrivains\/\" target=\"_blank\" rel=\"noreferrer noopener\">https:\/\/www.arcachon.com\/tourisme\/je-bouge\/culture-et-evenements\/la-plage-aux-ecrivains\/ <\/a><\/p>\n\n\n\n<div class=\"wp-block-uagb-container uagb-block-a95d28cc alignfull uagb-is-root-container\"><div class=\"uagb-container-inner-blocks-wrap\"><\/div><\/div>\n\n\n\n<h2 class=\"wp-block-heading\">La schiuma delle parole: 17 e 18 maggio 2025 \u2013 ANDERNOS LES BAINS<\/h2>\n\n\n\n<p>L\u2019\u00c9cume des mots, organizzato dalla Mediateca Andr\u00e9e-Chedid in partenariato con l\u2019Escale du Livre<br>de Bordeaux, invita rinomati autori nazionali e giovani talenti emergenti a presentare i loro<br>ultimo lavoro. Un evento culturale sotto forma di incontri letterari, scambi, dibattiti,<br>sotto gli alti alberi del Louis David Garden.<\/p>\n\n\n\n<div class=\"wp-block-uagb-container uagb-block-2f7cd4f4 alignfull uagb-is-root-container\"><div class=\"uagb-container-inner-blocks-wrap\"><\/div><\/div>\n\n\n\n<h2 class=\"wp-block-heading\">La rentr\u00e9e letteraria: dal 21 al 23 agosto 2025 \u2013 LEGE-CAP FERRET<\/h2>\n\n\n\n<p>22a edizione nella cornice idilliaca di Place de Mimbeau. Conferenze, villaggi degli autori, sessioni di firmacopie. <\/p>\n\n\n\n<div class=\"wp-block-uagb-container uagb-block-26a2d6f1 alignfull uagb-is-root-container\"><div class=\"uagb-container-inner-blocks-wrap\"><\/div><\/div>\n\n\n\n<h2 class=\"wp-block-heading\">Festival dei thriller di Gujan: 27 e 28 settembre 2025 \u2013 GUJAN-MESTRAS <\/h2>\n\n\n\n<p>Quando Gujan-Mestras diventa teatro di intrighi... Sotto lo sguardo attento degli autori invitati, maestri del giallo letterario, il &quot;Festival del giallo di Gujan&quot; si svolge nel cuore del pittoresco Port de Larros, tra le tipiche capanne e l&#039;aria salmastra del bacino. In programma: dediche, tavole rotonde con gli autori, escape game, laboratori della Polizia Nazionale e attivit\u00e0 della Gendarmeria, laboratori creativi. <\/p>\n\n\n\n<p>https:\/\/www.thrillersgujan.com\/<\/p>\n\n\n\n<div class=\"wp-block-uagb-container uagb-block-81a11b9d alignfull uagb-is-root-container\"><div class=\"uagb-container-inner-blocks-wrap\"><\/div><\/div>\n\n\n\n<div class=\"wp-block-uagb-separator uagb-block-bcfa1acd\"><div class=\"wp-block-uagb-separator__inner\" style=\"--my-background-image:\"><\/div><\/div>\n\n\n\n<h1 class=\"wp-block-heading\"><mark style=\"background-color:rgba(0, 0, 0, 0)\" class=\"has-inline-color has-luminous-vivid-amber-color\">PITTURA<\/mark><\/h1>\n\n\n\n<div class=\"wp-block-uagb-container uagb-block-4ffe8a78 alignfull uagb-is-root-container\"><div class=\"uagb-container-inner-blocks-wrap\"><\/div><\/div>\n\n\n\n<h2 class=\"wp-block-heading\">Voli d\u2019Arte: Dal 28 giugno al 31 agosto 2025 \u2013 LA TESTE DE BUCH<\/h2>\n\n\n\n<p>Concorso di pittura sul tema \u201cLa natura in estate\u201d: le iscrizioni saranno presentate presso<br>primavera e l&#039;esposizione dei 50 quadri selezionati avr\u00e0 luogo dal 29 giugno nel parco dell&#039;<br>la chiesa cittadina.<\/p>\n\n\n\n<div class=\"wp-block-uagb-container uagb-block-3f0dd6b1 alignfull uagb-is-root-container\"><div class=\"uagb-container-inner-blocks-wrap\"><\/div><\/div>\n\n\n\n<h2 class=\"wp-block-heading\">Residenza d\u2019artista alla Maison Louis David: dal 13 ottobre al 22 novembre 2025 \u2013 ANDERNOS LES BAINS <\/h2>\n\n\n\n<p>L&#039;obiettivo della residenza artistica \u00e8 incontrare un artista durante il suo lavoro e acquisire una comprensione pi\u00f9 approfondita del suo percorso artistico e del suo processo creativo. L&#039;artista rimarr\u00e0 per 6 settimane e si concentrer\u00e0 su momenti di dialogo con il pubblico, laboratori di approfondimento della creazione artistica e nuove opere da scoprire al termine della residenza. <\/p>\n\n\n\n<div class=\"wp-block-uagb-container uagb-block-c318af2b alignfull uagb-is-root-container\"><div class=\"uagb-container-inner-blocks-wrap\"><\/div><\/div>\n\n\n\n<div class=\"wp-block-uagb-separator uagb-block-20f8e493\"><div class=\"wp-block-uagb-separator__inner\" style=\"--my-background-image:\"><\/div><\/div>\n\n\n\n<h1 class=\"wp-block-heading\"><mark style=\"background-color:rgba(0, 0, 0, 0)\" class=\"has-inline-color has-luminous-vivid-amber-color\">MUSICA<\/mark><\/h1>\n\n\n\n<div class=\"wp-block-uagb-container uagb-block-0a9281b1 alignfull uagb-is-root-container\"><div class=\"uagb-container-inner-blocks-wrap\"><\/div><\/div>\n\n\n\n<h2 class=\"wp-block-heading\">Festival di musica da camera: dal 12 al 21 aprile 2025 \u2013 ARCACHON<\/h2>\n\n\n\n<p>In collaborazione con l&#039;Associazione degli Amici della Musica da Camera di Arcachon, la settima edizione del Festival invita tutti gli amanti della musica a sei concerti d&#039;eccezione. Il Modigliani Quartet vi propone un programma di alto livello, dal sapore decisamente internazionale. Ad Arcachon, le emozioni della musica non hanno confini!<\/p>\n\n\n\n<div class=\"wp-block-uagb-container uagb-block-f02a457a alignfull uagb-is-root-container\"><div class=\"uagb-container-inner-blocks-wrap\"><\/div><\/div>\n\n\n\n<figure class=\"wp-block-image size-large\"><img loading=\"lazy\" decoding=\"async\" width=\"1024\" height=\"683\" src=\"https:\/\/bassin-arcachon.com\/wp-content\/uploads\/2024\/02\/LW_77087-1024x683.jpg\" alt=\"- - Bassin d&#039;Arcachon\" class=\"wp-image-57958\" title=\"- - Bassin d&#039;Arcachon\" srcset=\"https:\/\/bassin-arcachon.com\/wp-content\/uploads\/2024\/02\/LW_77087-1024x683.jpg 1024w, https:\/\/bassin-arcachon.com\/wp-content\/uploads\/2024\/02\/LW_77087-600x400.jpg 600w, https:\/\/bassin-arcachon.com\/wp-content\/uploads\/2024\/02\/LW_77087-768x512.jpg 768w, https:\/\/bassin-arcachon.com\/wp-content\/uploads\/2024\/02\/LW_77087-18x12.jpg 18w, https:\/\/bassin-arcachon.com\/wp-content\/uploads\/2024\/02\/LW_77087.jpg 1500w\" sizes=\"auto, (max-width: 1024px) 100vw, 1024px\" \/><\/figure>\n\n\n\n<h2 class=\"wp-block-heading\">Festival musicale di Cap Ferret: 5-11 luglio 2025 \u2013 LEGE-CAP FERRET<\/h2>\n\n\n\n<p>Cap Ferret ospita il Cap Ferret Music Festival. Dedicato alla musica classica, questo evento culturale e musicale annuale, divenuto cult, offre ai suoi visitatori l&#039;opportunit\u00e0 di immergersi in un mondo di<br>virtuosismi in un ambiente idilliaco.<\/p>\n\n\n\n<p><strong>Pi\u00f9 informazioni<\/strong> \ud83d\udc40: <a href=\"https:\/\/www.capferretmusicfestival.com\" target=\"_blank\" rel=\"noreferrer noopener\">https:\/\/www.capferretmusicfestival.com<\/a><\/p>\n\n\n\n<div class=\"wp-block-uagb-container uagb-block-2d1e5649 alignfull uagb-is-root-container\"><div class=\"uagb-container-inner-blocks-wrap\"><\/div><\/div>\n\n\n\n<h2 class=\"wp-block-heading\">Concerti della Jet\u00e9e: dal 5 luglio al 16 agosto 2025 \u2013 ANDERNOS LES BAINS<\/h2>\n\n\n\n<p>Per tutta l&#039;estate la citt\u00e0 vive al ritmo dei concerti gratuiti del sabato sera. Ci vediamo dal 5 al 12 e al 19 luglio e dal 2 al 9 e al 16 agosto sulla spianata della Jet\u00e9e. Luned\u00ec 14 luglio e venerd\u00ec 15 agosto, i concerti lasceranno il posto ai fuochi d&#039;artificio davanti alla Jet\u00e9e sul Bassin.<\/p>\n\n\n\n<div class=\"wp-block-uagb-container uagb-block-8d63c543 alignfull uagb-is-root-container\"><div class=\"uagb-container-inner-blocks-wrap\"><\/div><\/div>\n\n\n\n<figure class=\"wp-block-image size-large\"><img loading=\"lazy\" decoding=\"async\" width=\"1024\" height=\"771\" src=\"https:\/\/bassin-arcachon.com\/wp-content\/uploads\/2024\/03\/24.06.23-Le-Teich-EM23-19-1024x771.jpg\" alt=\"- - Bassin d&#039;Arcachon\" class=\"wp-image-58048\" title=\"- - Bassin d&#039;Arcachon\" srcset=\"https:\/\/bassin-arcachon.com\/wp-content\/uploads\/2024\/03\/24.06.23-Le-Teich-EM23-19-1024x771.jpg 1024w, https:\/\/bassin-arcachon.com\/wp-content\/uploads\/2024\/03\/24.06.23-Le-Teich-EM23-19-600x452.jpg 600w, https:\/\/bassin-arcachon.com\/wp-content\/uploads\/2024\/03\/24.06.23-Le-Teich-EM23-19-768x578.jpg 768w, https:\/\/bassin-arcachon.com\/wp-content\/uploads\/2024\/03\/24.06.23-Le-Teich-EM23-19-1536x1156.jpg 1536w, https:\/\/bassin-arcachon.com\/wp-content\/uploads\/2024\/03\/24.06.23-Le-Teich-EM23-19-16x12.jpg 16w, https:\/\/bassin-arcachon.com\/wp-content\/uploads\/2024\/03\/24.06.23-Le-Teich-EM23-19.jpg 1600w\" sizes=\"auto, (max-width: 1024px) 100vw, 1024px\" \/><figcaption class=\"wp-element-caption\">\u00a9Les Escapades Musicales <\/figcaption><\/figure>\n\n\n\n<h2 class=\"wp-block-heading\">Festival Internazionale delle Escapes Musicali di Bassin ad Arcachon: dal 19 giugno al 19 luglio 2025 \u2013 CONCERTI ITINERANTI<\/h2>\n\n\n\n<p>Quest&#039;anno il festival celebra il suo 16\u00b0 anniversario. Per 5 settimane i pi\u00f9 grandi artisti<br>artisti internazionali delizieranno un pubblico composto sia da appassionati di musica che da semplici spettatori.<br>curiosi, venite a scoprire con la famiglia le meraviglie della musica classica in questo viaggio lungo la<br>Leyre e tutt&#039;intorno l&#039;Bassin di Arcachon.<\/p>\n\n\n\n<p><strong>Pi\u00f9 informazioni<\/strong> \ud83d\udc40: <a href=\"https:\/\/www.lesescapadesmusicales.com\" target=\"_blank\" rel=\"noreferrer noopener\">https:\/\/www.lesescapadesmusicales.com<\/a><\/p>\n\n\n\n<div class=\"wp-block-uagb-container uagb-block-52576f77 alignfull uagb-is-root-container\"><div class=\"uagb-container-inner-blocks-wrap\"><\/div><\/div>\n\n\n\n<h2 class=\"wp-block-heading\">Scene musicali: dal 5 al 5 luglio 2025 \u2013 LA TESTE DE BUCH <\/h2>\n\n\n\n<p>L&#039;evento ospita per il secondo anno il festival African Vibes al teatro Cravey con numerosi concerti. Sar\u00e0 inoltre disponibile una villa all&#039;aperto con servizi di ristorazione, rinfreschi e concerti. <\/p>\n\n\n\n<div class=\"wp-block-uagb-container uagb-block-c310e771 alignfull uagb-is-root-container\"><div class=\"uagb-container-inner-blocks-wrap\"><\/div><\/div>\n\n\n\n<h2 class=\"wp-block-heading\">La notte del 13 luglio: 13 luglio 2025 \u2013 LA TESTE DE BUCH<\/h2>\n\n\n\n<p>Musica, balli, intrattenimento e cibo gourmet si uniranno per offrire una serata familiare e amichevole, in cui l&#039;atmosfera cambier\u00e0 con il passare delle ore. <\/p>\n\n\n\n<h2 class=\"wp-block-heading\">Audenge organizza il suo festival: dal 12 al 14 luglio 2025 \u2013 AUDENGE<\/h2>\n\n\n\n<p>\u201cAudenge fait son festival\u201d torna per la sua terza edizione, con tre giorni di concerti in una cornice<br>atipico e a grandezza naturale. Concerti gratuiti, spettacoli di danza, food truck e tanto altro<br>altre attivit\u00e0 da scoprire nel parco pubblico.<\/p>\n\n\n\n<div class=\"wp-block-uagb-container uagb-block-baf8f028 alignfull uagb-is-root-container\"><div class=\"uagb-container-inner-blocks-wrap\"><\/div><\/div>\n\n\n\n<figure class=\"wp-block-image size-large\"><img loading=\"lazy\" decoding=\"async\" width=\"1024\" height=\"768\" src=\"https:\/\/bassin-arcachon.com\/wp-content\/uploads\/2024\/03\/Concert-MusicO-Teich-Ville-Le-Teich-1024x768.jpg\" alt=\"- - Bassin d&#039;Arcachon\" class=\"wp-image-58012\" title=\"- - Bassin d&#039;Arcachon\" srcset=\"https:\/\/bassin-arcachon.com\/wp-content\/uploads\/2024\/03\/Concert-MusicO-Teich-Ville-Le-Teich-1024x768.jpg 1024w, https:\/\/bassin-arcachon.com\/wp-content\/uploads\/2024\/03\/Concert-MusicO-Teich-Ville-Le-Teich-600x450.jpg 600w, https:\/\/bassin-arcachon.com\/wp-content\/uploads\/2024\/03\/Concert-MusicO-Teich-Ville-Le-Teich-768x576.jpg 768w, https:\/\/bassin-arcachon.com\/wp-content\/uploads\/2024\/03\/Concert-MusicO-Teich-Ville-Le-Teich-1536x1152.jpg 1536w, https:\/\/bassin-arcachon.com\/wp-content\/uploads\/2024\/03\/Concert-MusicO-Teich-Ville-Le-Teich-16x12.jpg 16w, https:\/\/bassin-arcachon.com\/wp-content\/uploads\/2024\/03\/Concert-MusicO-Teich-Ville-Le-Teich.jpg 2048w\" sizes=\"auto, (max-width: 1024px) 100vw, 1024px\" \/><figcaption class=\"wp-element-caption\">Music&#039;O Teich \u2013 \u00a9Ville Le Teich<\/figcaption><\/figure>\n\n\n\n<h2 class=\"wp-block-heading\">Music&#039;O Teich: 12 e 14 luglio 2025 \u2013 LE TEICH<\/h2>\n\n\n\n<p>3 giorni di concerti in un&#039;atmosfera familiare e rurale presso la Marina: questa \u00e8 la ricetta ineguagliabile del Music O&#039;Teich Festival. Concerti gratuiti, fuochi d&#039;artificio.<\/p>\n\n\n\n<p><strong>Pi\u00f9 informazioni<\/strong> \ud83d\udc40: <a href=\"https:\/\/www.african-vibes-festival.fr\" target=\"_blank\" rel=\"noopener\">https:\/\/www.african-vibes-<\/a><a href=\"https:\/\/www.african-vibes-festival.fr\" target=\"_blank\" rel=\"noreferrer noopener\">Festival<\/a><a href=\"https:\/\/www.african-vibes-festival.fr\" target=\"_blank\" rel=\"noopener\">.Fr<\/a><\/p>\n\n\n\n<div class=\"wp-block-uagb-container uagb-block-4b503720 alignfull uagb-is-root-container\"><div class=\"uagb-container-inner-blocks-wrap\"><\/div><\/div>\n\n\n\n<h2 class=\"wp-block-heading\">The FireFighter: met\u00e0 luglio 2025 \u2013 CLAOUEY, LEGE CAP FERRET<\/h2>\n\n\n\n<p>Questo progetto \u00e8 un&#039;iniziativa dell&#039;associazione dei vigili del fuoco di Ar\u00e8s \u2013 L\u00e8ge. Questa squadra di appassionati<br>offrire una giornata familiare e festosa attorno alla loro professione e ai valori che li guidano<br>desiderio di scambi con la popolazione locale e i vacanzieri.<br>La sera, \u00e8 il momento di un grande concerto con un programma all&#039;avanguardia che scuoter\u00e0 la Presqu&#039;\u00eele.<\/p>\n\n\n\n<p><strong>Pi\u00f9 informazioni<\/strong> \ud83d\udc40: <a href=\"https:\/\/www.firefighter-village.fr\" target=\"_blank\" rel=\"noreferrer noopener\">https:\/\/www.firefighter-village.fr<\/a><\/p>\n\n\n\n<div class=\"wp-block-uagb-container uagb-block-2c4cfdf3 alignfull uagb-is-root-container\"><div class=\"uagb-container-inner-blocks-wrap\"><\/div><\/div>\n\n\n\n<h2 class=\"wp-block-heading\">Opera all&#039;aperto: 19 luglio 2025 \u2013 GUJAN-MESTRAS<\/h2>\n\n\n\n<p>Il tuo appuntamento con l&#039;arte lirica per scoprire o riscoprire celebri standard operistici<br>all&#039;aria aperta e con la famiglia. Uno spettacolo gratuito, imperdibile dal 2009!<\/p>\n\n\n\n<p><strong>Pi\u00f9 informazioni<\/strong> \ud83d\udc40: <a href=\"https:\/\/gujanmestras.com\/agenda\/opera-en-plein-air\" target=\"_blank\" rel=\"noreferrer noopener\">https:\/\/gujanmestras.com\/agenda\/opera-en-plein-air<\/a><\/p>\n\n\n\n<div class=\"wp-block-uagb-container uagb-block-ce97abe9 alignfull uagb-is-root-container\"><div class=\"uagb-container-inner-blocks-wrap\"><\/div><\/div>\n\n\n\n<figure class=\"wp-block-image size-large\"><img loading=\"lazy\" decoding=\"async\" width=\"1024\" height=\"768\" src=\"https:\/\/bassin-arcachon.com\/wp-content\/uploads\/2024\/03\/Mios-en-Fete-2024-copyright-Philippe-Etchebest-Chef-and-the-gang-1024x768.jpg\" alt=\"- - Bassin d&#039;Arcachon\" class=\"wp-image-148298\" title=\"- - Bassin d&#039;Arcachon\" srcset=\"https:\/\/bassin-arcachon.com\/wp-content\/uploads\/2024\/03\/Mios-en-Fete-2024-copyright-Philippe-Etchebest-Chef-and-the-gang-1024x768.jpg 1024w, https:\/\/bassin-arcachon.com\/wp-content\/uploads\/2024\/03\/Mios-en-Fete-2024-copyright-Philippe-Etchebest-Chef-and-the-gang-600x450.jpg 600w, https:\/\/bassin-arcachon.com\/wp-content\/uploads\/2024\/03\/Mios-en-Fete-2024-copyright-Philippe-Etchebest-Chef-and-the-gang-768x576.jpg 768w, https:\/\/bassin-arcachon.com\/wp-content\/uploads\/2024\/03\/Mios-en-Fete-2024-copyright-Philippe-Etchebest-Chef-and-the-gang-16x12.jpg 16w, https:\/\/bassin-arcachon.com\/wp-content\/uploads\/2024\/03\/Mios-en-Fete-2024-copyright-Philippe-Etchebest-Chef-and-the-gang.jpg 1440w\" sizes=\"auto, (max-width: 1024px) 100vw, 1024px\" \/><figcaption class=\"wp-element-caption\">Philippe ETCHEBEST e la banda \u2013 \u00a9Ville de Mios<\/figcaption><\/figure>\n\n\n\n<h2 class=\"wp-block-heading\">Mios in festa: dal 25 al 27 luglio 2025 \u2013 MIOS<\/h2>\n\n\n\n<p>Un festival pop-rock 100% da scoprire in riva al fiume! E per un week-end d&#039;agosto, il jazz<br>arriver\u00e0 a Mios in tutte le sue forme con il Bee Holiday Festival (dal 22 al 23 agosto 2025).<\/p>\n\n\n\n<div class=\"wp-block-uagb-container uagb-block-0339845d alignfull uagb-is-root-container\"><div class=\"uagb-container-inner-blocks-wrap\"><\/div><\/div>\n\n\n\n<h2 class=\"wp-block-heading\">Andernos Jazz Festival: 25-27 luglio 2025 \u2013 ANDERNOS LES BAINS<\/h2>\n\n\n\n<p>Tre giorni di jazz, concerti gratuiti all&#039;aperto, di giorno e di sera. 52a edizione di un festival leggendario dedicato alla ricchezza musicale e alla diversit\u00e0 dei musicisti della scena regionale e internazionale. Da vivere intensamente sulla spianata della Jet\u00e9e, sulla spiaggia di B\u00e9tey, sulla Place du 14 Juillet o nel Giardino Louis David.<\/p>\n\n\n\n<p><strong>Pi\u00f9 informazioni<\/strong> \ud83d\udc40: <a href=\"https:\/\/www.andernos-jazz-festival.fr\" target=\"_blank\" rel=\"noreferrer noopener\">https:\/\/www.andernos-jazz-festival.fr<\/a><\/p>\n\n\n\n<div class=\"wp-block-uagb-container uagb-block-2bd5f55c alignfull uagb-is-root-container\"><div class=\"uagb-container-inner-blocks-wrap\"><\/div><\/div>\n\n\n\n<h2 class=\"wp-block-heading\">Grandi concerti estivi di Arcachon: 25-27 luglio 2025 \u2013 ARCACHON <\/h2>\n\n\n\n<p>Queste grandi serate all&#039;aria aperta, nel cuore del Velodromo di Arcachon, scandiscono le estati degli abitanti del posto e dei vacanzieri, che partono con un biglietto di sola andata per 4 concerti eccezionali. Un vero e proprio viaggio multigenerazionale: questi concerti unici uniscono le persone attorno a un linguaggio comune e unificante: la musica. Artisti presenti quest&#039;anno: Soprano il 25 luglio, Mosiman, Bon Entendeur e un terzo headliner il 26 luglio e Sofiance Pamart il 27 luglio. <\/p>\n\n\n\n<div class=\"wp-block-uagb-container uagb-block-159a507a alignfull uagb-is-root-container\"><div class=\"uagb-container-inner-blocks-wrap\"><\/div><\/div>\n\n\n\n<div style=\"height:0px\" aria-hidden=\"true\" class=\"wp-block-spacer\"><\/div>\n\n\n\n<h2 class=\"wp-block-heading\">I Lantonnales: 4 e 25 luglio, 1 e 22 agosto 2025 \u2013 LANTON<\/h2>\n\n\n\n<p>Ben radicato nel panorama culturale della citt\u00e0, il Festival \u201cLes Lantonnales\u201d mette in scena la musica<br>classico sotto i riflettori, attraverso un invito al viaggio. L&#039;ingresso \u00e8 libero e gratuito.<\/p>\n\n\n\n<div class=\"wp-block-uagb-container uagb-block-fca4faa5 alignfull uagb-is-root-container\"><div class=\"uagb-container-inner-blocks-wrap\"><\/div><\/div>\n\n\n\n<h2 class=\"wp-block-heading\">Happyla: 9 agosto \u2013 TEST DI BUCH <\/h2>\n\n\n\n<p>Per la sua seconda edizione, Happyla riunir\u00e0 gente del posto e turisti in Place Daniel Meller! Musica, food truck, laboratori e animazione per bambini... Il quartiere Pyla si trasforma in un villaggio in festa, con un programma vivace e adatto a tutti.<\/p>\n\n\n\n<div class=\"wp-block-uagb-separator uagb-block-82d61b28\"><div class=\"wp-block-uagb-separator__inner\" style=\"--my-background-image:\"><\/div><\/div>\n\n\n\n<div class=\"wp-block-uagb-container uagb-block-54992339 alignfull uagb-is-root-container\"><div class=\"uagb-container-inner-blocks-wrap\"><\/div><\/div>\n\n\n\n<h1 class=\"wp-block-heading\"><mark style=\"background-color:rgba(0, 0, 0, 0)\" class=\"has-inline-color has-luminous-vivid-amber-color\">DANZA<\/mark><\/h1>\n\n\n\n<figure class=\"wp-block-image size-large\"><img loading=\"lazy\" decoding=\"async\" width=\"1024\" height=\"740\" src=\"https:\/\/bassin-arcachon.com\/wp-content\/uploads\/2024\/03\/cadences-Didier-Brandao-p-22-1024x740.jpg\" alt=\"- - Bassin d&#039;Arcachon\" class=\"wp-image-58017\" title=\"- - Bassin d&#039;Arcachon\" srcset=\"https:\/\/bassin-arcachon.com\/wp-content\/uploads\/2024\/03\/cadences-Didier-Brandao-p-22-1024x740.jpg 1024w, https:\/\/bassin-arcachon.com\/wp-content\/uploads\/2024\/03\/cadences-Didier-Brandao-p-22-600x434.jpg 600w, https:\/\/bassin-arcachon.com\/wp-content\/uploads\/2024\/03\/cadences-Didier-Brandao-p-22-768x555.jpg 768w, https:\/\/bassin-arcachon.com\/wp-content\/uploads\/2024\/03\/cadences-Didier-Brandao-p-22-1536x1111.jpg 1536w, https:\/\/bassin-arcachon.com\/wp-content\/uploads\/2024\/03\/cadences-Didier-Brandao-p-22-18x12.jpg 18w, https:\/\/bassin-arcachon.com\/wp-content\/uploads\/2024\/03\/cadences-Didier-Brandao-p-22.jpg 1600w\" sizes=\"auto, (max-width: 1024px) 100vw, 1024px\" \/><figcaption class=\"wp-element-caption\">Festival delle Cadenze \u2013 \u00a9Didier Brandao<\/figcaption><\/figure>\n\n\n\n<h2 class=\"wp-block-heading\">Festival delle Cadence: 16-23 settembre 2025 \u2013 Il luogo d\u2019incontro per tutte le danze<\/h2>\n\n\n\n<p>Settembre \u00e8 diventato il mese imperdibile per gli amanti della danza. I pi\u00f9 grandi nomi della disciplina lasciano le valigie sulla spiaggia per le serate ai quattro angoli dell&#039;Bassin di Arcachon. <\/p>\n\n\n\n<div class=\"wp-block-uagb-container uagb-block-7abebf8f alignfull uagb-is-root-container\"><div class=\"uagb-container-inner-blocks-wrap\"><\/div><\/div>\n\n\n\n<div class=\"wp-block-uagb-separator uagb-block-84a99c2f\"><div class=\"wp-block-uagb-separator__inner\" style=\"--my-background-image:\"><\/div><\/div>\n\n\n\n<h1 class=\"wp-block-heading\"><mark style=\"background-color:rgba(0, 0, 0, 0)\" class=\"has-inline-color has-luminous-vivid-amber-color\">ARTE DI STRADA<\/mark><\/h1>\n\n\n\n<figure class=\"wp-block-image size-large\"><img loading=\"lazy\" decoding=\"async\" width=\"1024\" height=\"664\" src=\"https:\/\/bassin-arcachon.com\/wp-content\/uploads\/2024\/03\/Design-sans-titre-2024-03-01T105611.857-1024x664.png\" alt=\"- - Bassin d&#039;Arcachon\" class=\"wp-image-58020\" title=\"- - Bassin d&#039;Arcachon\" srcset=\"https:\/\/bassin-arcachon.com\/wp-content\/uploads\/2024\/03\/Design-sans-titre-2024-03-01T105611.857-1024x664.png 1024w, https:\/\/bassin-arcachon.com\/wp-content\/uploads\/2024\/03\/Design-sans-titre-2024-03-01T105611.857-600x389.png 600w, https:\/\/bassin-arcachon.com\/wp-content\/uploads\/2024\/03\/Design-sans-titre-2024-03-01T105611.857-768x498.png 768w, https:\/\/bassin-arcachon.com\/wp-content\/uploads\/2024\/03\/Design-sans-titre-2024-03-01T105611.857-18x12.png 18w, https:\/\/bassin-arcachon.com\/wp-content\/uploads\/2024\/03\/Design-sans-titre-2024-03-01T105611.857.png 1080w\" sizes=\"auto, (max-width: 1024px) 100vw, 1024px\" \/><figcaption class=\"wp-element-caption\">Arte di strada \u2013 \u00a9M\u00e9lanny Rodrigues<\/figcaption><\/figure>\n\n\n\n<h2 class=\"wp-block-heading\">Wild Escape: 8-18 maggio 2025 \u2013 LA TESTE DE BUCH<\/h2>\n\n\n\n<p>Un evento che d\u00e0 il posto d&#039;onore alla street art. In programma per questa nuova edizione: 3 artisti di street art realizzeranno opere gigantesche sui muri della citt\u00e0. Programmazione e data ufficiale a venire.<\/p>\n\n\n\n<div class=\"wp-block-uagb-container uagb-block-b229c8e3 alignfull uagb-is-root-container\"><div class=\"uagb-container-inner-blocks-wrap\"><\/div><\/div>\n\n\n\n<figure class=\"wp-block-image size-large\"><img loading=\"lazy\" decoding=\"async\" width=\"1024\" height=\"683\" src=\"https:\/\/bassin-arcachon.com\/wp-content\/uploads\/2024\/03\/Street-art-2023_\u00a9Pleine-ouverture_118-1024x683.jpg\" alt=\"- - Bassin d&#039;Arcachon\" class=\"wp-image-58021\" title=\"- - Bassin d&#039;Arcachon\" srcset=\"https:\/\/bassin-arcachon.com\/wp-content\/uploads\/2024\/03\/Street-art-2023_\u00a9Pleine-ouverture_118-1024x683.jpg 1024w, https:\/\/bassin-arcachon.com\/wp-content\/uploads\/2024\/03\/Street-art-2023_\u00a9Pleine-ouverture_118-600x400.jpg 600w, https:\/\/bassin-arcachon.com\/wp-content\/uploads\/2024\/03\/Street-art-2023_\u00a9Pleine-ouverture_118-2048x1365.jpg 2048w, https:\/\/bassin-arcachon.com\/wp-content\/uploads\/2024\/03\/Street-art-2023_\u00a9Pleine-ouverture_118-768x512.jpg 768w, https:\/\/bassin-arcachon.com\/wp-content\/uploads\/2024\/03\/Street-art-2023_\u00a9Pleine-ouverture_118-1536x1024.jpg 1536w, https:\/\/bassin-arcachon.com\/wp-content\/uploads\/2024\/03\/Street-art-2023_\u00a9Pleine-ouverture_118-18x12.jpg 18w, https:\/\/bassin-arcachon.com\/wp-content\/uploads\/2024\/03\/Street-art-2023_\u00a9Pleine-ouverture_118-640x427.jpg 640w, https:\/\/bassin-arcachon.com\/wp-content\/uploads\/2024\/03\/Street-art-2023_\u00a9Pleine-ouverture_118-1200x800.jpg 1200w, https:\/\/bassin-arcachon.com\/wp-content\/uploads\/2024\/03\/Street-art-2023_\u00a9Pleine-ouverture_118-1920x1280.jpg 1920w, https:\/\/bassin-arcachon.com\/wp-content\/uploads\/2024\/03\/Street-art-2023_\u00a9Pleine-ouverture_118-300x200.jpg 300w\" sizes=\"auto, (max-width: 1024px) 100vw, 1024px\" \/><figcaption class=\"wp-element-caption\">Arte di strada \u2013 \u00a9Pleine Ouverture<\/figcaption><\/figure>\n\n\n\n<h2 class=\"wp-block-heading\">Settimana della Street Art: 2-7 giugno 2025 \u2013 ARES<\/h2>\n\n\n\n<p>Dal 2020, 20 trasformatori sono stati riabilitati da 20 artisti professionisti. L&#039;obiettivo? Portata<br>i 50 trasformatori nel 2026! Un viaggio ricco di tante opere da scoprire in modi diversi<br>quartieri della citt\u00e0.<\/p>\n\n\n\n<div class=\"wp-block-uagb-container uagb-block-92bd2c08 alignfull uagb-is-root-container\"><div class=\"uagb-container-inner-blocks-wrap\"><\/div><\/div>\n\n\n\n<h2 class=\"wp-block-heading\">Aspetto da festival! : dal 27 al 28 giugno 2025 \u2013 ARES<\/h2>\n\n\n\n<p>Questo giovane festival si \u00e8 affermato come un appuntamento imperdibile della stagione culturale con spettacoli in programma<br>natura mozzafiato. Tre giorni durante i quali lo spazio pubblico di Ar\u00e8s tende a sublimarsi,<br>ti invitano a sognare ad occhi aperti e a unire le persone.<\/p>\n\n\n\n<figure class=\"wp-block-image size-large\"><img loading=\"lazy\" decoding=\"async\" width=\"1024\" height=\"614\" src=\"https:\/\/bassin-arcachon.com\/wp-content\/uploads\/2024\/03\/Design-sans-titre-6-1024x614.png\" alt=\"Balletto aereo nell&#039;ambito del festival Regarde! in Ares\" class=\"wp-image-149214\" title=\"- - Bassin d&#039;Arcachon\" srcset=\"https:\/\/bassin-arcachon.com\/wp-content\/uploads\/2024\/03\/Design-sans-titre-6-1024x614.png 1024w, https:\/\/bassin-arcachon.com\/wp-content\/uploads\/2024\/03\/Design-sans-titre-6-600x360.png 600w, https:\/\/bassin-arcachon.com\/wp-content\/uploads\/2024\/03\/Design-sans-titre-6-768x461.png 768w, https:\/\/bassin-arcachon.com\/wp-content\/uploads\/2024\/03\/Design-sans-titre-6-1536x922.png 1536w, https:\/\/bassin-arcachon.com\/wp-content\/uploads\/2024\/03\/Design-sans-titre-6-18x12.png 18w, https:\/\/bassin-arcachon.com\/wp-content\/uploads\/2024\/03\/Design-sans-titre-6.png 2000w\" sizes=\"auto, (max-width: 1024px) 100vw, 1024px\" \/><\/figure>\n\n\n\n<div class=\"wp-block-uagb-container uagb-block-d9534134 alignfull uagb-is-root-container\"><div class=\"uagb-container-inner-blocks-wrap\"><\/div><\/div>\n\n\n\n<h2 class=\"wp-block-heading\">Festival Teste \u00e0 T\u00eates: 12-14 settembre 2025 \u2013 LA TESTE DE BUCH<\/h2>\n\n\n\n<p>Appuntamento imperdibile per gli amanti del circo e del teatro di strada, l&#039;ottava edizione del festival Teste \u00e0 T\u00eates si svolger\u00e0 al Circo Komon\u00f2 (a La Teste-de-Buch). Per tre giorni, entrate nel loro mondo anticonformista, gioioso e amichevole, con spettacoli magnifici, un luna park artistico... e un tendone!<\/p>\n\n\n\n<p><strong>Pi\u00f9 informazioni<\/strong> \ud83d\udc40: <a href=\"https:\/\/www.ecole-cirque.fr\/teste-a-tetes\" target=\"_blank\" rel=\"noopener\">https:\/\/www.ecole-cirque.fr\/teste-a-tetes<\/a><\/p>\n\n\n\n<div class=\"wp-block-uagb-separator uagb-block-3784f889\"><div class=\"wp-block-uagb-separator__inner\" style=\"--my-background-image:\"><\/div><\/div>\n\n\n\n<h1 class=\"wp-block-heading\"><mark style=\"background-color:rgba(0, 0, 0, 0)\" class=\"has-inline-color has-luminous-vivid-amber-color\">TEATRO<\/mark><\/h1>\n\n\n\n<figure class=\"wp-block-image size-large\"><img loading=\"lazy\" decoding=\"async\" width=\"1024\" height=\"683\" src=\"https:\/\/bassin-arcachon.com\/wp-content\/uploads\/2024\/03\/oliviermarchal-1-1024x683.jpg\" alt=\"- - Bassin d&#039;Arcachon\" class=\"wp-image-148296\" title=\"- - Bassin d&#039;Arcachon\" srcset=\"https:\/\/bassin-arcachon.com\/wp-content\/uploads\/2024\/03\/oliviermarchal-1-1024x683.jpg 1024w, https:\/\/bassin-arcachon.com\/wp-content\/uploads\/2024\/03\/oliviermarchal-1-300x200.jpg 300w, https:\/\/bassin-arcachon.com\/wp-content\/uploads\/2024\/03\/oliviermarchal-1-768x512.jpg 768w, https:\/\/bassin-arcachon.com\/wp-content\/uploads\/2024\/03\/oliviermarchal-1-1536x1024.jpg 1536w, https:\/\/bassin-arcachon.com\/wp-content\/uploads\/2024\/03\/oliviermarchal-1-2048x1365.jpg 2048w, https:\/\/bassin-arcachon.com\/wp-content\/uploads\/2024\/03\/oliviermarchal-1-18x12.jpg 18w, https:\/\/bassin-arcachon.com\/wp-content\/uploads\/2024\/03\/oliviermarchal-1-640x427.jpg 640w, https:\/\/bassin-arcachon.com\/wp-content\/uploads\/2024\/03\/oliviermarchal-1-1200x800.jpg 1200w, https:\/\/bassin-arcachon.com\/wp-content\/uploads\/2024\/03\/oliviermarchal-1-1920x1280.jpg 1920w\" sizes=\"auto, (max-width: 1024px) 100vw, 1024px\" \/><\/figure>\n\n\n\n<p>Oliver Marchal \u2013 Citt\u00e0 di La Teste de Buch <\/p>\n\n\n\n<h2 class=\"wp-block-heading\">Scene di Olivier Marchal: dal 6 al 16 novembre 2025 \u2013 LA TESTE DE BUCH<\/h2>\n\n\n\n<p>Un festival teatrale patrocinato da Olivier Marchal che fa brillare la citt\u00e0 con attivit\u00e0,<br>letture, conferenze... 8 spettacoli con attori famosi per quanto riguarda le prime<br>edizioni: Berl\u00e9and, Dul\u00e9ry, Demaison, Ducret, Boujenah, Dutronc, Richard, Bernier\u2026 Th\u00e9atre Cravey:<br>programma che sar\u00e0 scoperto prossimamente sul sito della citt\u00e0.<\/p>\n\n\n\n<div class=\"wp-block-uagb-container uagb-block-7248a47d alignfull uagb-is-root-container\"><div class=\"uagb-container-inner-blocks-wrap\"><\/div><\/div>\n\n\n\n<div class=\"wp-block-uagb-separator uagb-block-2f0bfa3a\"><div class=\"wp-block-uagb-separator__inner\" style=\"--my-background-image:\"><\/div><\/div>\n\n\n\n<h1 class=\"wp-block-heading\"><mark style=\"background-color:rgba(0, 0, 0, 0)\" class=\"has-inline-color has-luminous-vivid-amber-color\">CINEMA<\/mark><\/h1>\n\n\n\n<div class=\"wp-block-uagb-container uagb-block-46c3c748 alignfull uagb-is-root-container\"><div class=\"uagb-container-inner-blocks-wrap\"><\/div><\/div>\n\n\n\n<h2 class=\"wp-block-heading\">Festival del cinema italiano: 18-23 marzo 2025 \u2013 ANDERNOS LES BAINS <\/h2>\n\n\n\n<p>L&#039;Italian Film Festival \u00e8 un evento annuale che propone proiezioni di nuovi film, anteprime, convegni, incontri con registi, ecc. Tutti i film vengono proiettati in versione originale con sottotitoli. <\/p>\n\n\n\n<div class=\"wp-block-uagb-container uagb-block-d779bb9b alignfull uagb-is-root-container\"><div class=\"uagb-container-inner-blocks-wrap\"><\/div><\/div>\n\n\n\n<h2 class=\"wp-block-heading\">FAN, Festival del cinema d\u2019avventura e natura: dal 10 al 13 aprile 2025 \u2013 LEGE CAP-FERRET \u2013 sala la Halle<\/h2>\n\n\n\n<p>Sostenuto dalla citt\u00e0, questo evento celebra il cinema e attrae curiosi, sognatori, amanti della natura e avventurieri che si riuniscono per proiezioni cinematografiche e incontri adatti a tutti i tipi di pubblico.<\/p>\n\n\n\n<div class=\"wp-block-uagb-container uagb-block-8340595b alignfull uagb-is-root-container\"><div class=\"uagb-container-inner-blocks-wrap\"><\/div><\/div>\n\n\n\n<h2 class=\"wp-block-heading\">Festival \u201cSpagna, suonami il tuo cinema\u201d: ottobre 2025 \u2013 ANDERNOS LES BAINS <\/h2>\n\n\n\n<p>I pi\u00f9 grandi nomi del cinema spagnolo si incontrano con quelli pi\u00f9 riservati durante le proiezioni di VOSTFR. Un evento iberico imperdibile. <\/p>\n\n\n\n<div class=\"wp-block-uagb-container uagb-block-162db555 alignfull uagb-is-root-container\"><div class=\"uagb-container-inner-blocks-wrap\"><\/div><\/div>\n\n\n\n<h2 class=\"wp-block-heading\">Festival della versione originale al cinema G\u00e9rard Philipe: dal 7 al 15 novembre 2025 \u2013 GUJAN-MESTRAS <\/h2>\n\n\n\n<p>Ogni anno dal 2011, un team di appassionati organizza questo festival, che si articola attorno alla programmazione di una trentina di film d&#039;autore in versione originale, con sottotitoli in francese. Cambiamento di scenario, apertura, scoperta, umanesimo\u2026 sono le parole chiave di questo evento ricco di film che ci sfidano. <\/p>\n\n\n\n<p><blockquote class=\"wp-embedded-content\" data-secret=\"gniR8CoEKO\"><a href=\"https:\/\/www.festival-version-originale.fr\/\" target=\"_blank\" rel=\"noopener\">accoglienza<\/a><\/blockquote><iframe loading=\"lazy\" class=\"wp-embedded-content\" sandbox=\"allow-scripts\" security=\"restricted\" style=\"position: absolute; visibility: hidden;\" title=\"\u201cHome\u201d \u2014 Festival della versione originale\" src=\"https:\/\/www.festival-version-originale.fr\/embed\/#?secret=tEBENXLT9f#?secret=gniR8CoEKO\" data-secret=\"gniR8CoEKO\" width=\"500\" height=\"282\" frameborder=\"0\" marginwidth=\"0\" marginheight=\"0\" scrolling=\"no\"><\/iframe><\/p>\n\n\n\n<div class=\"wp-block-uagb-container uagb-block-7e79fe40 alignfull uagb-is-root-container\"><div class=\"uagb-container-inner-blocks-wrap\"><\/div><\/div>\n\n\n\n<div class=\"wp-block-uagb-separator uagb-block-309de3e4\"><div class=\"wp-block-uagb-separator__inner\" style=\"--my-background-image:\"><\/div><\/div>\n\n\n\n<h1 class=\"wp-block-heading\"><mark style=\"background-color:rgba(0, 0, 0, 0)\" class=\"has-inline-color has-luminous-vivid-amber-color\">MULTIDISCIPLINARE<\/mark><\/h1>\n\n\n\n<div class=\"wp-block-uagb-container uagb-block-f64de94d alignfull uagb-is-root-container\"><div class=\"uagb-container-inner-blocks-wrap\"><\/div><\/div>\n\n\n\n<h2 class=\"wp-block-heading\">Il Bazar dei Bambini: dal 23 marzo al 6 aprile 2025 \u2013 LA CARAVELLE \u2013 MARCHEPRIME<\/h2>\n\n\n\n<p>Questo festival dedicato ai bambini e alle famiglie con spettacoli e laboratori torna per la sua ottava edizione e si svolger\u00e0 nei comuni di Marcheprime, ma anche ad Arcachon, Ar\u00e8s, Biganos, Gujan-Mestras, L\u00e8ge-Cap Ferret, Le Teich, Mios, Le Barp e Salles.<\/p>\n\n\n\n<p><strong>Pi\u00f9 informazioni<\/strong> \ud83d\udc40: <a href=\"https:\/\/www.la-caravelle-marcheprime.fr\/\" target=\"_blank\" rel=\"noreferrer noopener\">https:\/\/www.la-caravelle-marcheprime.fr\/<\/a><\/p>\n\n\n\n<div class=\"wp-block-uagb-container uagb-block-9f9489bc alignfull uagb-is-root-container\"><div class=\"uagb-container-inner-blocks-wrap\"><\/div><\/div>\n\n\n\n<figure class=\"wp-block-image size-large\"><img loading=\"lazy\" decoding=\"async\" width=\"1024\" height=\"682\" src=\"https:\/\/bassin-arcachon.com\/wp-content\/uploads\/2024\/03\/20160709_BD_Portrait-AMoustie_BOULOUMIE-20-1024x682.jpg\" alt=\"- - Bassin d&#039;Arcachon\" class=\"wp-image-58028\" title=\"- - Bassin d&#039;Arcachon\" srcset=\"https:\/\/bassin-arcachon.com\/wp-content\/uploads\/2024\/03\/20160709_BD_Portrait-AMoustie_BOULOUMIE-20-1024x682.jpg 1024w, https:\/\/bassin-arcachon.com\/wp-content\/uploads\/2024\/03\/20160709_BD_Portrait-AMoustie_BOULOUMIE-20-600x400.jpg 600w, https:\/\/bassin-arcachon.com\/wp-content\/uploads\/2024\/03\/20160709_BD_Portrait-AMoustie_BOULOUMIE-20-768x512.jpg 768w, https:\/\/bassin-arcachon.com\/wp-content\/uploads\/2024\/03\/20160709_BD_Portrait-AMoustie_BOULOUMIE-20-18x12.jpg 18w, https:\/\/bassin-arcachon.com\/wp-content\/uploads\/2024\/03\/20160709_BD_Portrait-AMoustie_BOULOUMIE-20.jpg 1280w\" sizes=\"auto, (max-width: 1024px) 100vw, 1024px\" \/><figcaption class=\"wp-element-caption\">I gioved\u00ec di Larros \u2013 \u00a9Eric Boulomi\u00e9<\/figcaption><\/figure>\n\n\n\n<h2 class=\"wp-block-heading\">Gioved\u00ec Larros: 10, 17, 24 e 31 luglio 2025 e 14, 21 e 28 agosto 2025 \u2013 GUJAN-MESTRAS<\/h2>\n\n\n\n<p>Dal 2006 al Port de Larros, luogo dal carattere autentico, ricco di storia e passione, trovate serate che propongono musica, teatro, danza, cinema all&#039;aperto e circo contemporaneo. Questi incontri si svolgono ogni gioved\u00ec sera nei mesi di luglio e agosto.<\/p>\n\n\n\n<div class=\"wp-block-uagb-container uagb-block-fd2a9537 alignfull uagb-is-root-container\"><div class=\"uagb-container-inner-blocks-wrap\"><\/div><\/div>\n\n\n\n<figure class=\"wp-block-image size-large\"><img loading=\"lazy\" decoding=\"async\" width=\"1024\" height=\"575\" src=\"https:\/\/bassin-arcachon.com\/wp-content\/uploads\/2024\/03\/IMG_6439-1024x575.jpg\" alt=\"- - Bassin d&#039;Arcachon\" class=\"wp-image-58030\" title=\"- - Bassin d&#039;Arcachon\" srcset=\"https:\/\/bassin-arcachon.com\/wp-content\/uploads\/2024\/03\/IMG_6439-1024x575.jpg 1024w, https:\/\/bassin-arcachon.com\/wp-content\/uploads\/2024\/03\/IMG_6439-600x337.jpg 600w, https:\/\/bassin-arcachon.com\/wp-content\/uploads\/2024\/03\/IMG_6439-768x431.jpg 768w, https:\/\/bassin-arcachon.com\/wp-content\/uploads\/2024\/03\/IMG_6439-1536x862.jpg 1536w, https:\/\/bassin-arcachon.com\/wp-content\/uploads\/2024\/03\/IMG_6439-2048x1150.jpg 2048w, https:\/\/bassin-arcachon.com\/wp-content\/uploads\/2024\/03\/IMG_6439-18x10.jpg 18w, https:\/\/bassin-arcachon.com\/wp-content\/uploads\/2024\/03\/IMG_6439-640x359.jpg 640w, https:\/\/bassin-arcachon.com\/wp-content\/uploads\/2024\/03\/IMG_6439-1200x674.jpg 1200w, https:\/\/bassin-arcachon.com\/wp-content\/uploads\/2024\/03\/IMG_6439-1920x1078.jpg 1920w, https:\/\/bassin-arcachon.com\/wp-content\/uploads\/2024\/03\/IMG_6439-300x168.jpg 300w\" sizes=\"auto, (max-width: 1024px) 100vw, 1024px\" \/><figcaption class=\"wp-element-caption\">Festival della Ruralit\u00e0 \u2013 \u00a9Ville de Biganos<\/figcaption><\/figure>\n\n\n\n<h2 class=\"wp-block-heading\">La Festa Rurale, ritorno all\u2019autenticit\u00e0: 2 e 3 agosto 2025 \u2013 BIGANOS<\/h2>\n\n\n\n<p>Appuntamento al Lecoq Park, il polmone verde di Biganos, per questo festival in onore del mondo<br>agricoltura e legname. In programma: esposizione di antichi attrezzi, fattoria mobile, mercatino dell&#039;artigianato, laboratorio di lavorazione del legno, dimostrazioni di mietitrebbie e numerose attivit\u00e0 intorno al mondo agricolo, alla natura e al know-how artigianale. <\/p>\n\n\n\n<div class=\"wp-block-uagb-container uagb-block-a9373e06 alignfull uagb-is-root-container\"><div class=\"uagb-container-inner-blocks-wrap\"><\/div><\/div>\n\n\n\n<h2 class=\"wp-block-heading\">Il grande dibattito di Arcachon: 21 e 22 novembre 2025 _ ARCACHON <\/h2>\n\n\n\n<p>Venite al Grand D\u00e9bat d&#039;Arcachon, l&#039;evento che vi invita ad esplorare le grandi questioni della nostra societ\u00e0 (filosofia, religione, economia, libera opinione, ecc.) con una prospettiva nuova e incisiva. <\/p>\n\n\n\n<div class=\"wp-block-uagb-container uagb-block-c82c509a alignfull uagb-is-root-container\"><div class=\"uagb-container-inner-blocks-wrap\"><\/div><\/div>\n\n\n\n<div class=\"wp-block-uagb-separator uagb-block-5861c693\"><div class=\"wp-block-uagb-separator__inner\" style=\"--my-background-image:\"><\/div><\/div>\n\n\n\n<h1 class=\"wp-block-heading\"><mark style=\"background-color:rgba(0, 0, 0, 0)\" class=\"has-inline-color has-luminous-vivid-amber-color\">PATRIMONIO MARITTIMO<\/mark><\/h1>\n\n\n\n<p><strong>Il patrimonio marittimo ha sempre mantenuto un rapporto speciale con il territorio. Da ieri ad oggi ha saputo mantenere la propria identit\u00e0 e il proprio ruolo culturale e si riflette in un&#039;offerta cos\u00ec strutturata:<\/strong><\/p>\n\n\n\n<ul class=\"wp-block-list\">\n<li>Durante tutto l&#039;anno vengono organizzate attivit\u00e0 relative agli aspetti patrimoniali dei porti e dei villaggi di ostriche (esempio al porto di Larros a cura della Maison de l&#039;Hu\u00eetre).<\/li>\n\n\n\n<li>I comuni hanno sviluppato feste attorno ai valori tradizionali come \u201cCabanes en F\u00eate\u201d ad Andernos-les-Bains, \u201cTerra Ostra en lungomare\u201d a Gujan-Mestras, la \u201cF\u00eate de la Turlutte\u201d a Lanton, la \u201cF\u00eate de l L&#039;Ostrica ad Ar\u00e8s o il Festival dell&#039;Ostrica su Bassin! <\/li>\n\n\n\n<li>I comuni hanno delegato la gestione delle strutture strutturanti, dedicate allo sviluppo marittimo, al proprio Ufficio del Turismo per integrarle in una politica complessiva di sviluppo turistico: \u00e8 il caso della Maison de l&#039;Hu\u00eetre e del Faro di Cap Ferret.<\/li>\n<\/ul>\n\n\n\n<div class=\"wp-block-columns is-layout-flex wp-container-core-columns-is-layout-9d6595d7 wp-block-columns-is-layout-flex\">\n<div class=\"wp-block-column is-layout-flow wp-block-column-is-layout-flow\" style=\"flex-basis:100%\">\t\t\t\t\t<div\n\t\t\t\t\t\tclass=\"wp-block-uagb-image-gallery uagb-block-1b82caae\"\n\t\t\t\t\t\tstyle=\"\"\n\t\t\t\t\t>\n\t\t\t\t\t\t\t\t\t\t\t<div class=\"spectra-image-gallery spectra-image-gallery__layout--grid spectra-image-gallery__layout--grid-col-3 spectra-image-gallery__layout--grid-col-tab-3 spectra-image-gallery__layout--grid-col-mob-2\">\n\t\t\t\t\t\t\t\t\t\t\t<div class='spectra-image-gallery__media-wrapper' data-spectra-gallery-image-id='245603' tabindex=\"0\">\n\t\t\t\t\t\t\t<div class=\"spectra-image-gallery__media spectra-image-gallery__media--grid\">\n\t\t\t\t<picture>\n\t\t\t\t\t<source media=\"(min-width: 1024px)\" srcset=\"https:\/\/bassin-arcachon.com\/wp-content\/uploads\/2024\/03\/20180521_HD_Cap-Gourmand-Food-Tours-Cap-FerretMimbeau_CASSIAU-61-scaled-1-1024x683.jpg\">\n\t\t\t\t\t<source media=\"(min-width: 768px)\" srcset=\"https:\/\/bassin-arcachon.com\/wp-content\/uploads\/2024\/03\/20180521_HD_Cap-Gourmand-Food-Tours-Cap-FerretMimbeau_CASSIAU-61-scaled-1-1024x683.jpg\">\n\t\t\t\t\t<img decoding=\"async\" class=\"spectra-image-gallery__media-thumbnail spectra-image-gallery__media-thumbnail--grid\" src=\"https:\/\/bassin-arcachon.com\/wp-content\/uploads\/2024\/03\/20180521_HD_Cap-Gourmand-Food-Tours-Cap-FerretMimbeau_CASSIAU-61-scaled-1-600x400.jpg\" alt=\"Degustazione guidata di ostriche\" loading=\"lazy\" title=\"- - Bassin d&#039;Arcachon\">\n\t\t\t\t<\/picture>\n\t\t\t\t<div class=\"spectra-image-gallery__media-thumbnail-blurrer\"><\/div>\n\t\t\t\t\t\t\t\t\t\t\t<div class=\"spectra-image-gallery__media-thumbnail-caption-wrapper spectra-image-gallery__media-thumbnail-caption-wrapper--overlay\">\n\t\t\t\t\t\t\t\t\t\t\t<div class=\"spectra-image-gallery__media-thumbnail-caption spectra-image-gallery__media-thumbnail-caption--overlay\">\n\t\t\t\t\tDegustazione guidata di ostriche\t\t\t\t<\/div>\n\t\t\t\t\t\t\t\t\t\t<\/div>\n\t\t\t\t\t\t\t\t\t<\/div>\n\t\t\t\t\t\t<\/div>\n\t\t\t\t\t\t<div class='spectra-image-gallery__media-wrapper' data-spectra-gallery-image-id='245604' tabindex=\"0\">\n\t\t\t\t\t\t\t<div class=\"spectra-image-gallery__media spectra-image-gallery__media--grid\">\n\t\t\t\t<picture>\n\t\t\t\t\t<source media=\"(min-width: 1024px)\" srcset=\"https:\/\/bassin-arcachon.com\/wp-content\/uploads\/2024\/03\/20220517_HD_Couple-Maison-de-lHuitre_Karine-MEDINA-9-scaled-1-1024x684.jpg\">\n\t\t\t\t\t<source media=\"(min-width: 768px)\" srcset=\"https:\/\/bassin-arcachon.com\/wp-content\/uploads\/2024\/03\/20220517_HD_Couple-Maison-de-lHuitre_Karine-MEDINA-9-scaled-1-1024x684.jpg\">\n\t\t\t\t\t<img decoding=\"async\" class=\"spectra-image-gallery__media-thumbnail spectra-image-gallery__media-thumbnail--grid\" src=\"https:\/\/bassin-arcachon.com\/wp-content\/uploads\/2024\/03\/20220517_HD_Couple-Maison-de-lHuitre_Karine-MEDINA-9-scaled-1-600x401.jpg\" alt=\"Casa delle ostriche\" loading=\"lazy\" title=\"- - Bassin d&#039;Arcachon\">\n\t\t\t\t<\/picture>\n\t\t\t\t<div class=\"spectra-image-gallery__media-thumbnail-blurrer\"><\/div>\n\t\t\t\t\t\t\t\t\t\t\t<div class=\"spectra-image-gallery__media-thumbnail-caption-wrapper spectra-image-gallery__media-thumbnail-caption-wrapper--overlay\">\n\t\t\t\t\t\t\t\t\t\t\t<div class=\"spectra-image-gallery__media-thumbnail-caption spectra-image-gallery__media-thumbnail-caption--overlay\">\n\t\t\t\t\tCasa dell&#039;Ostrica\t\t\t\t<\/div>\n\t\t\t\t\t\t\t\t\t\t<\/div>\n\t\t\t\t\t\t\t\t\t<\/div>\n\t\t\t\t\t\t<\/div>\n\t\t\t\t\t\t<div class='spectra-image-gallery__media-wrapper' data-spectra-gallery-image-id='245605' tabindex=\"0\">\n\t\t\t\t\t\t\t<div class=\"spectra-image-gallery__media spectra-image-gallery__media--grid\">\n\t\t\t\t<picture>\n\t\t\t\t\t<source media=\"(min-width: 1024px)\" srcset=\"https:\/\/bassin-arcachon.com\/wp-content\/uploads\/2024\/03\/Cabanes-en-fete-credit-photo-MLPouey-Mairie-dAndernos-scaled-1-1024x729.jpg\">\n\t\t\t\t\t<source media=\"(min-width: 768px)\" srcset=\"https:\/\/bassin-arcachon.com\/wp-content\/uploads\/2024\/03\/Cabanes-en-fete-credit-photo-MLPouey-Mairie-dAndernos-scaled-1-1024x729.jpg\">\n\t\t\t\t\t<img decoding=\"async\" class=\"spectra-image-gallery__media-thumbnail spectra-image-gallery__media-thumbnail--grid\" src=\"https:\/\/bassin-arcachon.com\/wp-content\/uploads\/2024\/03\/Cabanes-en-fete-credit-photo-MLPouey-Mairie-dAndernos-scaled-1-600x427.jpg\" alt=\"Capanne festive\" loading=\"lazy\" title=\"- - Bassin d&#039;Arcachon\">\n\t\t\t\t<\/picture>\n\t\t\t\t<div class=\"spectra-image-gallery__media-thumbnail-blurrer\"><\/div>\n\t\t\t\t\t\t\t\t\t\t\t<div class=\"spectra-image-gallery__media-thumbnail-caption-wrapper spectra-image-gallery__media-thumbnail-caption-wrapper--overlay\">\n\t\t\t\t\t\t\t\t\t\t\t<div class=\"spectra-image-gallery__media-thumbnail-caption spectra-image-gallery__media-thumbnail-caption--overlay\">\n\t\t\t\t\tCapanne festive\t\t\t\t<\/div>\n\t\t\t\t\t\t\t\t\t\t<\/div>\n\t\t\t\t\t\t\t\t\t<\/div>\n\t\t\t\t\t\t<\/div>\n\t\t\t\t\t\t<div class='spectra-image-gallery__media-wrapper' data-spectra-gallery-image-id='245606' tabindex=\"0\">\n\t\t\t\t\t\t\t<div class=\"spectra-image-gallery__media spectra-image-gallery__media--grid\">\n\t\t\t\t<picture>\n\t\t\t\t\t<source media=\"(min-width: 1024px)\" srcset=\"https:\/\/bassin-arcachon.com\/wp-content\/uploads\/2024\/03\/Kevin-BIETTE-scaled-1-1024x683.jpg\">\n\t\t\t\t\t<source media=\"(min-width: 768px)\" srcset=\"https:\/\/bassin-arcachon.com\/wp-content\/uploads\/2024\/03\/Kevin-BIETTE-scaled-1-1024x683.jpg\">\n\t\t\t\t\t<img decoding=\"async\" class=\"spectra-image-gallery__media-thumbnail spectra-image-gallery__media-thumbnail--grid\" src=\"https:\/\/bassin-arcachon.com\/wp-content\/uploads\/2024\/03\/Kevin-BIETTE-scaled-1-600x400.jpg\" alt=\"Pescaturismo\" loading=\"lazy\" title=\"- - Bassin d&#039;Arcachon\">\n\t\t\t\t<\/picture>\n\t\t\t\t<div class=\"spectra-image-gallery__media-thumbnail-blurrer\"><\/div>\n\t\t\t\t\t\t\t\t\t\t\t<div class=\"spectra-image-gallery__media-thumbnail-caption-wrapper spectra-image-gallery__media-thumbnail-caption-wrapper--overlay\">\n\t\t\t\t\t\t\t\t\t\t\t<div class=\"spectra-image-gallery__media-thumbnail-caption spectra-image-gallery__media-thumbnail-caption--overlay\">\n\t\t\t\t\tPescaturismo\t\t\t\t<\/div>\n\t\t\t\t\t\t\t\t\t\t<\/div>\n\t\t\t\t\t\t\t\t\t<\/div>\n\t\t\t\t\t\t<\/div>\n\t\t\t\t\t\t<div class='spectra-image-gallery__media-wrapper' data-spectra-gallery-image-id='245607' tabindex=\"0\">\n\t\t\t\t\t\t\t<div class=\"spectra-image-gallery__media spectra-image-gallery__media--grid\">\n\t\t\t\t<picture>\n\t\t\t\t\t<source media=\"(min-width: 1024px)\" srcset=\"https:\/\/bassin-arcachon.com\/wp-content\/uploads\/2024\/03\/Regate-N0667-scaled-1-1024x683.jpg\">\n\t\t\t\t\t<source media=\"(min-width: 768px)\" srcset=\"https:\/\/bassin-arcachon.com\/wp-content\/uploads\/2024\/03\/Regate-N0667-scaled-1-1024x683.jpg\">\n\t\t\t\t\t<img decoding=\"async\" class=\"spectra-image-gallery__media-thumbnail spectra-image-gallery__media-thumbnail--grid\" src=\"https:\/\/bassin-arcachon.com\/wp-content\/uploads\/2024\/03\/Regate-N0667-scaled-1-600x400.jpg\" alt=\"Festa del Mare\" loading=\"lazy\" title=\"- - Bassin d&#039;Arcachon\">\n\t\t\t\t<\/picture>\n\t\t\t\t<div class=\"spectra-image-gallery__media-thumbnail-blurrer\"><\/div>\n\t\t\t\t\t\t\t\t\t\t\t<div class=\"spectra-image-gallery__media-thumbnail-caption-wrapper spectra-image-gallery__media-thumbnail-caption-wrapper--overlay\">\n\t\t\t\t\t\t\t\t\t\t\t<div class=\"spectra-image-gallery__media-thumbnail-caption spectra-image-gallery__media-thumbnail-caption--overlay\">\n\t\t\t\t\tFesta del Mare\t\t\t\t<\/div>\n\t\t\t\t\t\t\t\t\t\t<\/div>\n\t\t\t\t\t\t\t\t\t<\/div>\n\t\t\t\t\t\t<\/div>\n\t\t\t\t\t\t<div class='spectra-image-gallery__media-wrapper' data-spectra-gallery-image-id='245608' tabindex=\"0\">\n\t\t\t\t\t\t\t<div class=\"spectra-image-gallery__media spectra-image-gallery__media--grid\">\n\t\t\t\t<picture>\n\t\t\t\t\t<source media=\"(min-width: 1024px)\" srcset=\"https:\/\/bassin-arcachon.com\/wp-content\/uploads\/2024\/03\/2-scaled-1-681x1024.jpg\">\n\t\t\t\t\t<source media=\"(min-width: 768px)\" srcset=\"https:\/\/bassin-arcachon.com\/wp-content\/uploads\/2024\/03\/2-scaled-1-681x1024.jpg\">\n\t\t\t\t\t<img decoding=\"async\" class=\"spectra-image-gallery__media-thumbnail spectra-image-gallery__media-thumbnail--grid\" src=\"https:\/\/bassin-arcachon.com\/wp-content\/uploads\/2024\/03\/2-scaled-1-399x600.jpg\" alt=\"Festa del Mare\" loading=\"lazy\" title=\"- - Bassin d&#039;Arcachon\">\n\t\t\t\t<\/picture>\n\t\t\t\t<div class=\"spectra-image-gallery__media-thumbnail-blurrer\"><\/div>\n\t\t\t\t\t\t\t\t\t\t\t<div class=\"spectra-image-gallery__media-thumbnail-caption-wrapper spectra-image-gallery__media-thumbnail-caption-wrapper--overlay\">\n\t\t\t\t\t\t\t\t\t\t\t<div class=\"spectra-image-gallery__media-thumbnail-caption spectra-image-gallery__media-thumbnail-caption--overlay\">\n\t\t\t\t\tFesta del Mare\t\t\t\t<\/div>\n\t\t\t\t\t\t\t\t\t\t<\/div>\n\t\t\t\t\t\t\t\t\t<\/div>\n\t\t\t\t\t\t<\/div>\n\t\t\t\t\t\t\t\t\t\t<\/div>\n\t\t\t\t\t\t\t\t\t\t\t\t\t\t\t\t\t\t<\/div>\n\t\t\t\t\t\t\t\t\t<\/div>\n<\/div>\n\n\n\n<p>\u00a9 Municipio di Andernos, JC. Lauchas, K\u00e9vin Biette, Karine Medina, Gr\u00e9gory Cassiau<\/p>\n\n\n\n<div class=\"wp-block-uagb-container uagb-block-f03b699e alignfull uagb-is-root-container\"><div class=\"uagb-container-inner-blocks-wrap\"><\/div><\/div>\n\n\n\n<h2 class=\"wp-block-heading\">La 10a edizione del Salone Nautico di Arcachon: dal 18 al 21 aprile 2025 \u2013 ARCACHON<\/h2>\n\n\n\n<p>Vera vetrina per i professionisti del settore nautico, questo salone \u00e8 l&#039;occasione per svelare il<br>nuovi prodotti, creazioni, know-how e innovazioni. Numerosi espositori di fama locale, nazionale e internazionale faranno tappa ad Arcachon. Quest&#039;anno la fiera offre ai visitatori l&#039;opportunit\u00e0 di scoprire innovazione, turismo, artigianato, difesa, soccorso e prodotti locali. Saranno presenti imbarcazioni d&#039;eccezione: la Belem con a bordo la fiamma olimpica, la Belle Poule (nave scuola della Marina francese), la Lys Noir e i 4 Pen Duicks di Eric Tabarly.<\/p>\n\n\n\n<div class=\"wp-block-uagb-container uagb-block-0caaeb29 alignfull uagb-is-root-container\"><div class=\"uagb-container-inner-blocks-wrap\"><\/div><\/div>\n\n\n\n<h2 class=\"wp-block-heading\">Terra Ostra in viaggio: 14 giugno 2025 \u2013 ARCACHON <\/h2>\n\n\n\n<p>La passeggiata dei 7 porti diventa Terra Ostra a piedi! Una giornata dedicata al patrimonio marittimo e ostricoloso di Gujan-Mestras, alla scoperta dei porti della citt\u00e0 attraverso attivit\u00e0 gratuite. <\/p>\n\n\n\n<div class=\"wp-block-uagb-container uagb-block-ee36d9ed alignfull uagb-is-root-container\"><div class=\"uagb-container-inner-blocks-wrap\"><\/div><\/div>\n\n\n\n<h2 class=\"wp-block-heading\">Festival delle ostriche e del mare:<\/h2>\n\n\n\n<ul class=\"wp-block-list\">\n<li><strong>Festival Nautico a Lanton<\/strong> : 8 giugno 2025<\/li>\n\n\n\n<li><strong>Festival di Legge <\/strong>: 8 giugno 2025<\/li>\n\n\n\n<li><strong>Festa delle ostriche di Andernos les Bains: <\/strong>dal 18 al 20 luglio 2025<\/li>\n\n\n\n<li><strong>La Teste de Buch Festival del porto <\/strong>: dal 31 luglio al 3 agosto 2025<\/li>\n\n\n\n<li><strong>Festa di<\/strong> <strong>la penisola: <\/strong>dal 1 al 3 agosto 2025<\/li>\n\n\n\n<li><strong>Gujan-Mestras in festa: <\/strong>dal 7 al 10 agosto 2025<\/li>\n\n\n\n<li><strong>Festa del Mare di Arcachon: <\/strong>dal 14 al 15 agosto 2025<\/li>\n\n\n\n<li><strong>Festa del Canone: <\/strong>dal 14 al 17 agosto 2025<\/li>\n\n\n\n<li><strong>Festival delle ostriche di Ares:<\/strong> dal 14 al 17 agosto 2025<\/li>\n\n\n\n<li><strong>Festa del mare a Lanton: <\/strong>15 agosto 2025<\/li>\n\n\n\n<li><strong>Sardinades ad Andernos les Bains: <\/strong>dal 15 al 17 agosto 2025<\/li>\n\n\n\n<li><strong>Festa dell&#039;Erba:<\/strong> dal 22 al 24 agosto 2025<\/li>\n<\/ul>\n\n\n\n<div class=\"wp-block-uagb-container uagb-block-4c5b908e alignfull uagb-is-root-container\"><div class=\"uagb-container-inner-blocks-wrap\"><\/div><\/div>\n\n\n\n<h2 class=\"wp-block-heading\">Cabanes en f\u00eate, una festa imperdibile: 6 dicembre 2025 \u2013 ANDERNOS LES BAINS<\/h2>\n\n\n\n<p>\u00c8 l&#039;imperdibile FESTA sulla Bassin di Arcachon all&#039;inizio dell&#039;inverno. La ricetta? Organizzate una grande festa delle ostriche nelle 45 cabine e nei laboratori del porto ostricolo di Andernos-les-Bains, aggiungete un vino bianco di denominazione Bordeaux, Entre deux Mers, eccellenti ristoratori che prepareranno tapas a base esclusivamente di frutti di mare e artisti locali! Un evento in linea con le grandi feste del Sud-Ovest, dove bande, fanfare e concerti scandiscono la giornata che si conclude sotto le stelle con uno spettacolo pirotecnico!<\/p>\n\n\n\n<p>https:\/\/www.andernos-les-bains.fr<\/p>","protected":false},"excerpt":{"rendered":"<p>La culture r\u00e9sonne au c\u0153ur des paysages du Bassin d\u2019Arcachon. Un d\u00e9cor comme un \u00e9crin de nature, qui accueille avec po\u00e9sie et simplicit\u00e9 ce que l\u2019humain fait de plus beau [&hellip;]<\/p>\n","protected":false},"author":25,"featured_media":58052,"comment_status":"closed","ping_status":"open","sticky":false,"template":"","format":"standard","meta":{"_acf_changed":false,"_uag_custom_page_level_css":"","footnotes":""},"categories":[2133],"tags":[61,2134,2135],"class_list":["post-57951","post","type-post","status-publish","format-standard","has-post-thumbnail","hentry","category-culture","tag-bassin-arcachon","tag-culture","tag-evenements"],"acf":[],"uagb_featured_image_src":{"full":["https:\/\/bassin-arcachon.com\/wp-content\/uploads\/2024\/03\/Design-sans-titre-2024-03-01T122258.157.png",2000,2000,false],"thumbnail":["https:\/\/bassin-arcachon.com\/wp-content\/uploads\/2024\/03\/Design-sans-titre-2024-03-01T122258.157-150x150.png",150,150,true],"medium":["https:\/\/bassin-arcachon.com\/wp-content\/uploads\/2024\/03\/Design-sans-titre-2024-03-01T122258.157-600x600.png",600,600,true],"medium_large":["https:\/\/bassin-arcachon.com\/wp-content\/uploads\/2024\/03\/Design-sans-titre-2024-03-01T122258.157-768x768.png",768,768,true],"large":["https:\/\/bassin-arcachon.com\/wp-content\/uploads\/2024\/03\/Design-sans-titre-2024-03-01T122258.157-1024x1024.png",1024,1024,true],"1536x1536":["https:\/\/bassin-arcachon.com\/wp-content\/uploads\/2024\/03\/Design-sans-titre-2024-03-01T122258.157-1536x1536.png",1536,1536,true],"2048x2048":["https:\/\/bassin-arcachon.com\/wp-content\/uploads\/2024\/03\/Design-sans-titre-2024-03-01T122258.157.png",2000,2000,false],"trp-custom-language-flag":["https:\/\/bassin-arcachon.com\/wp-content\/uploads\/2024\/03\/Design-sans-titre-2024-03-01T122258.157-12x12.png",12,12,true]},"uagb_author_info":{"display_name":"Marie Clauzel","author_link":"https:\/\/bassin-arcachon.com\/it\/author\/mariesiba\/"},"uagb_comment_info":0,"uagb_excerpt":"La culture r\u00e9sonne au c\u0153ur des paysages du Bassin d\u2019Arcachon. Un d\u00e9cor comme un \u00e9crin de nature, qui accueille avec po\u00e9sie et simplicit\u00e9 ce que l\u2019humain fait de plus beau [&hellip;]","_links":{"self":[{"href":"https:\/\/bassin-arcachon.com\/it\/wp-json\/wp\/v2\/posts\/57951","targetHints":{"allow":["GET"]}}],"collection":[{"href":"https:\/\/bassin-arcachon.com\/it\/wp-json\/wp\/v2\/posts"}],"about":[{"href":"https:\/\/bassin-arcachon.com\/it\/wp-json\/wp\/v2\/types\/post"}],"author":[{"embeddable":true,"href":"https:\/\/bassin-arcachon.com\/it\/wp-json\/wp\/v2\/users\/25"}],"replies":[{"embeddable":true,"href":"https:\/\/bassin-arcachon.com\/it\/wp-json\/wp\/v2\/comments?post=57951"}],"version-history":[{"count":116,"href":"https:\/\/bassin-arcachon.com\/it\/wp-json\/wp\/v2\/posts\/57951\/revisions"}],"predecessor-version":[{"id":245609,"href":"https:\/\/bassin-arcachon.com\/it\/wp-json\/wp\/v2\/posts\/57951\/revisions\/245609"}],"wp:featuredmedia":[{"embeddable":true,"href":"https:\/\/bassin-arcachon.com\/it\/wp-json\/wp\/v2\/media\/58052"}],"wp:attachment":[{"href":"https:\/\/bassin-arcachon.com\/it\/wp-json\/wp\/v2\/media?parent=57951"}],"wp:term":[{"taxonomy":"category","embeddable":true,"href":"https:\/\/bassin-arcachon.com\/it\/wp-json\/wp\/v2\/categories?post=57951"},{"taxonomy":"post_tag","embeddable":true,"href":"https:\/\/bassin-arcachon.com\/it\/wp-json\/wp\/v2\/tags?post=57951"}],"curies":[{"name":"wp","href":"https:\/\/api.w.org\/{rel}","templated":true}]}}