{"id":58681,"date":"2024-06-18T15:05:05","date_gmt":"2024-06-18T13:05:05","guid":{"rendered":"https:\/\/bassin-arcachon.com\/?p=58681"},"modified":"2026-04-23T17:07:30","modified_gmt":"2026-04-23T15:07:30","slug":"i-grandi-eventi-estivi-nel-bacino-del-darcachon","status":"publish","type":"post","link":"https:\/\/bassin-arcachon.com\/it\/les-grands-evenements-de-lete-sur-le-bassin-darcachon\/","title":{"rendered":"I grandi eventi dell&#039;estate sull&#039;Bassin di Arcachon!"},"content":{"rendered":"<div class=\"wp-block-uagb-container uagb-block-28314f79 alignfull uagb-is-root-container\"><div class=\"uagb-container-inner-blocks-wrap\">\n<h2 class=\"wp-block-heading\">Ne manquez pas les \u00e9v\u00e9nements incontournables de l&rsquo;\u00e9t\u00e9sur le Bassin : <\/h2>\n<\/div><\/div>\n\n\n\n<div class=\"wp-block-uagb-container uagb-block-7bf5d301 alignfull uagb-is-root-container\"><div class=\"uagb-container-inner-blocks-wrap\">\n<h1 class=\"wp-block-heading has-text-align-center\"><mark style=\"background-color:#ffffff\" class=\"has-inline-color has-luminous-vivid-amber-color\">GIUGNO : <\/mark><\/h1>\n<\/div><\/div>\n\n\n\n<div class=\"wp-block-uagb-container uagb-block-bc8c6111 alignfull uagb-is-root-container\"><div class=\"uagb-container-inner-blocks-wrap\">\n<h2 class=\"wp-block-heading\"><strong>Les 12 et 13 juin : Fetarade &#8211; Gujan-Mestras<\/strong><\/h2>\n\n\n\n<p>Un pour un week-end rempli de musique, de bonne humeur et (on l\u2019esp\u00e8re tr\u00e8s fort) de soleil.<br>La programmation arrive tr\u00e8s vite\u2026 mais on peut d\u00e9j\u00e0 vous promettre une chose : vous allez pouvoir chanter \u00e0 tue-t\u00eate sur vos musiques pr\u00e9f\u00e9r\u00e9es.<br><strong>Maggiori informazioni : <a href=\"https:\/\/www.facebook.com\/lafetarade\/?locale=fr_FR\" target=\"_blank\" rel=\"noopener\">https:\/\/www.facebook.com\/lafetarade\/?locale=fr_FR<\/a><\/strong><\/p>\n<\/div><\/div>\n\n\n\n<div class=\"wp-block-uagb-container uagb-block-ffcef669 alignfull uagb-is-root-container\"><div class=\"uagb-container-inner-blocks-wrap\">\n<h2 class=\"wp-block-heading\"><strong>19 juin : Cali en concert &#8211; Ar\u00e8s<\/strong><\/h2>\n\n\n\n<p>Cali repart sur les routes avec un Band de comp\u00e9tition, pour une s\u00e9rie de concert debout ! Il passera \u00e0 l&rsquo;Espace Br\u00e9montier le 19 juin prochain \u00e0 20h30 <\/p>\n\n\n\n<p><strong>Pi\u00f9 informazioni : <a href=\"https:\/\/www.espacebremontier-ares.fr\/evenement\/cali\/\" target=\"_blank\" rel=\"noopener\"><\/a><a href=\"https:\/\/www.espacebremontier-ares.fr\/evenement\/cali\/\" target=\"_blank\" rel=\"noopener\">https:\/\/www.espacebremontier-ares.fr\/evenement\/cali\/<\/a><\/strong><\/p>\n\n\n\n<figure class=\"wp-block-image size-full is-resized\"><img loading=\"lazy\" decoding=\"async\" width=\"700\" height=\"355\" src=\"https:\/\/bassin-arcachon.com\/wp-content\/uploads\/2024\/06\/1.png\" alt=\"- - Bassin d&#039;Arcachon\" class=\"wp-image-248468\" style=\"width:795px;height:auto\" title=\"- - Bassin d&#039;Arcachon\" srcset=\"https:\/\/bassin-arcachon.com\/wp-content\/uploads\/2024\/06\/1.png 700w, https:\/\/bassin-arcachon.com\/wp-content\/uploads\/2024\/06\/1-600x304.png 600w, https:\/\/bassin-arcachon.com\/wp-content\/uploads\/2024\/06\/1-18x9.png 18w\" sizes=\"auto, (max-width: 700px) 100vw, 700px\" \/><figcaption class=\"wp-element-caption\">\u00a9 B\u00e9a GILLOT<\/figcaption><\/figure>\n<\/div><\/div>\n\n\n\n<div class=\"wp-block-uagb-container uagb-block-fd46290c alignfull uagb-is-root-container\"><div class=\"uagb-container-inner-blocks-wrap\">\n<h2 class=\"wp-block-heading\"><strong>19 juin : Musique en f\u00eate &#8211; Mios<\/strong><\/h2>\n\n\n\n<p>Soir\u00e9e musicale avec un concert de l\u2019\u00e9cole Music en L\u2019Eyre, suivi d\u2019un ap\u00e9ro concert \u00e9nergique qui saura vous mettre en app\u00e9tit.<br>Puis rendez-vous sous la halle o\u00f9 d\u2019autres concerts vous feront danser jusqu\u2019au bout de la nuit&nbsp;!<br>Le programme arrive bient\u00f4t&nbsp;!<br>Buvette et restauration sur place avec le Comit\u00e9 des F\u00eates, l\u2019Amicale des Sapeurs pompiers et l\u2019Elan Miossais&nbsp;!<\/p>\n<\/div><\/div>\n\n\n\n<div class=\"wp-block-uagb-container uagb-block-5a29eaa2 alignfull uagb-is-root-container\"><div class=\"uagb-container-inner-blocks-wrap\">\n<h2 class=\"wp-block-heading\"><strong>21 juin : On ouvre ! &#8211;  Cabanes ostr\u00e9icoles du Bassin<\/strong><\/h2>\n\n\n\n<p>#Onouvre promet un \u00e9v\u00e9nement festif autour des cabanes de d\u00e9gustation pour c\u00e9l\u00e9brer le r\u00e9veil de la saison ostr\u00e9icole et accueillir les visiteurs dans les cabanes pittoresques du Bassin. \u00ab\u00a0On ouvre\u00a0\u00bb la saison, \u00ab\u00a0on ouvre\u00a0\u00bb les hu\u00eetres, \u00ab\u00a0on ouvre\u00a0\u00bb les cabanes, \u00ab\u00a0on ouvre\u00a0\u00bb le bon vin de Bordeaux.<br><strong>Pi\u00f9 informazioni : <a href=\"https:\/\/huitres-arcachon-capferret.fr\/\" target=\"_blank\" rel=\"noopener\">https:\/\/huitres-arcachon-capferret.fr\/<\/a><\/strong><\/p>\n\n\n\n<figure class=\"wp-block-image size-full is-resized\"><img loading=\"lazy\" decoding=\"async\" width=\"700\" height=\"355\" src=\"https:\/\/bassin-arcachon.com\/wp-content\/uploads\/2024\/06\/1-1.png\" alt=\"- - Bassin d&#039;Arcachon\" class=\"wp-image-248471\" style=\"width:798px;height:auto\" title=\"- - Bassin d&#039;Arcachon\" srcset=\"https:\/\/bassin-arcachon.com\/wp-content\/uploads\/2024\/06\/1-1.png 700w, https:\/\/bassin-arcachon.com\/wp-content\/uploads\/2024\/06\/1-1-600x304.png 600w, https:\/\/bassin-arcachon.com\/wp-content\/uploads\/2024\/06\/1-1-18x9.png 18w\" sizes=\"auto, (max-width: 700px) 100vw, 700px\" \/><figcaption class=\"wp-element-caption\">Sandra HYGONNENC<\/figcaption><\/figure>\n<\/div><\/div>\n\n\n\n<div class=\"wp-block-uagb-container uagb-block-802ab75d alignfull uagb-is-root-container\"><div class=\"uagb-container-inner-blocks-wrap\">\n<h2 class=\"wp-block-heading\"><strong>23 juin : F\u00eate de la St Jean &#8211; Andernos<\/strong><\/h2>\n\n\n\n<p>Sur l\u2019esplanade de la Jet\u00e9e, vous pourrez profiter d\u2019une ambiance festive en dansant avec le groupe folklorique \u00ab&nbsp;Lous Pignots&nbsp;\u00bb d\u00e8s 21h. C\u2019est une excellente fa\u00e7on de d\u00e9couvrir les danses traditionnelles et de partager un moment convivial avec les autres participants.<\/p>\n<\/div><\/div>\n\n\n\n<div class=\"wp-block-uagb-container uagb-block-1674a3d1 alignfull uagb-is-root-container\"><div class=\"uagb-container-inner-blocks-wrap\">\n<h2 class=\"wp-block-heading\"><strong>27 juin : Soir\u00e9e Blanche &#8211; La Teste-de-Buch<\/strong><\/h2>\n\n\n\n<p>L&#039;evento che lancia la stagione estiva La Teste de Buch! In programma: una serata musicale tutta in bianco attorno al lago di Cazaux! <br><strong>Pi\u00f9 informazioni : <a href=\"https:\/\/tourisme-latestedebuch.com\/soiree-blanche-2025\/\" target=\"_blank\" rel=\"noopener\">https:\/\/tourisme-latestedebuch.com\/soiree-blanche-2025\/<\/a><\/strong><\/p>\n\n\n\n<p><strong>Guardando le foto dell\u2019anno scorso:<\/strong><\/p>\n\n\n\n<figure class=\"wp-block-embed is-type-video is-provider-youtube wp-block-embed-youtube wp-embed-aspect-16-9 wp-has-aspect-ratio\"><div class=\"wp-block-embed__wrapper\">\n<iframe loading=\"lazy\" title=\"4.500 persone per la Serata Bianca!\" width=\"500\" height=\"281\" src=\"https:\/\/www.youtube.com\/embed\/QwRm40dAbfw?feature=oembed\" frameborder=\"0\" allow=\"accelerometer; autoplay; clipboard-write; encrypted-media; gyroscope; picture-in-picture; web-share\" referrerpolicy=\"strict-origin-when-cross-origin\" allowfullscreen><\/iframe>\n<\/div><\/figure>\n<\/div><\/div>\n\n\n\n<div class=\"wp-block-uagb-container uagb-block-5f5aaaf5 alignfull uagb-is-root-container\"><div class=\"uagb-container-inner-blocks-wrap\">\n<h2 class=\"wp-block-heading\"><strong>Les 26 et 27 juin : Festival Regarde! &#8211; Ar\u00e8s<\/strong><\/h2>\n\n\n\n<p>Questo giovane festival si \u00e8 affermato come un appuntamento imperdibile della stagione culturale con spettacoli all&#039;aperto mozzafiato! 3 giorni durante i quali lo spazio pubblico di Ar\u00e8s tende a sublimarsi, invitare alla fantasticheria e unire le persone.<br><strong>Pi\u00f9 informazioni : <a href=\"https:\/\/www.espacebremontier-ares.fr\/evenement\/festival-regarde-2026\/\" target=\"_blank\" rel=\"noopener\">https:\/\/www.espacebremontier-ares.fr\/evenement\/festival-regarde-2026\/<\/a><\/strong><\/p>\n\n\n\n<figure class=\"wp-block-image size-full is-resized\"><img loading=\"lazy\" decoding=\"async\" width=\"700\" height=\"355\" src=\"https:\/\/bassin-arcachon.com\/wp-content\/uploads\/2024\/06\/Design-sans-titre-13.png\" alt=\"- - Bassin d&#039;Arcachon\" class=\"wp-image-163745\" style=\"width:798px;height:auto\" title=\"- - Bassin d&#039;Arcachon\" srcset=\"https:\/\/bassin-arcachon.com\/wp-content\/uploads\/2024\/06\/Design-sans-titre-13.png 700w, https:\/\/bassin-arcachon.com\/wp-content\/uploads\/2024\/06\/Design-sans-titre-13-600x304.png 600w, https:\/\/bassin-arcachon.com\/wp-content\/uploads\/2024\/06\/Design-sans-titre-13-18x9.png 18w\" sizes=\"auto, (max-width: 700px) 100vw, 700px\" \/><figcaption class=\"wp-element-caption\">\u00a9 Beno\u00eet MARTRENCHAR<\/figcaption><\/figure>\n<\/div><\/div>\n\n\n\n<h1 class=\"wp-block-heading has-text-align-center\"><mark style=\"background-color:rgba(0, 0, 0, 0)\" class=\"has-inline-color has-luminous-vivid-amber-color\">LUGLIO :<\/mark><\/h1>\n\n\n\n<div class=\"wp-block-uagb-container uagb-block-2b47a509 alignfull uagb-is-root-container\"><div class=\"uagb-container-inner-blocks-wrap\">\n<h2 class=\"wp-block-heading\"><strong>3 juillet : Soir\u00e9e Barr\u00e9e &#8211; Gujan-Mestras<\/strong><\/h2>\n\n\n\n<p><strong>Plus d&rsquo;infos \u00e0 venir<\/strong><\/p>\n<\/div><\/div>\n\n\n\n<div class=\"wp-block-uagb-container uagb-block-5bec84e5 alignfull uagb-is-root-container\"><div class=\"uagb-container-inner-blocks-wrap\">\n<h2 class=\"wp-block-heading\"><strong>Dal 19 giugno al 19 luglio: Musical Escapades \u2013 Concerti itineranti<\/strong><\/h2>\n\n\n\n<p>Il Festival celebra quest&#039;anno il suo sedicesimo anniversario. Per cinque settimane, i pi\u00f9 grandi artisti internazionali delizieranno un pubblico di appassionati di musica e spettatori curiosi, che verranno con le loro famiglie a scoprire le meraviglie della musica classica in questo viaggio lungo il fiume Leyre e intorno al quartiere di Arcachon Bassin.<br><strong>Pi\u00f9 informazioni : <a href=\"https:\/\/www.lesescapadesmusicales.com\/\" target=\"_blank\" rel=\"noopener\">https:\/\/www.lesescapadesmusicales.com\/<\/a><\/strong><\/p>\n<\/div><\/div>\n\n\n\n<div class=\"wp-block-uagb-container uagb-block-efdf3a3d alignfull uagb-is-root-container\"><div class=\"uagb-container-inner-blocks-wrap\">\n<h2 class=\"wp-block-heading\"><strong>Venerd\u00ec dal 4 al 25 luglio: Les Lantonnales \u2013 Lanton<\/strong><\/h2>\n\n\n\n<p>Ben inserito nel panorama culturale della citt\u00e0, il Festival \u201cLes Lantonnales\u201d mette sotto i riflettori la musica classica, attraverso un invito al viaggio. L&#039;ingresso \u00e8 libero e gratuito.<br><strong>Pi\u00f9 informazioni : <a href=\"https:\/\/www.mairie-lanton.fr\/les-lantonnales\/\" target=\"_blank\" rel=\"noopener\">https:\/\/www.mairie-lanton.fr\/les-lantonnales\/<\/a><\/strong><\/p>\n<\/div><\/div>\n\n\n\n<div class=\"wp-block-uagb-container uagb-block-a7535b2d alignfull uagb-is-root-container\"><div class=\"uagb-container-inner-blocks-wrap\">\n<h2 class=\"wp-block-heading\"><strong>Du 4 au 5 juillet : Les Sc\u00e8nes Musicales &#8211; La Teste-de-Buch<\/strong><\/h2>\n\n\n\n<p>Per il secondo anno, l&#039;evento ospiter\u00e0 l&#039;African Vibes Festival al Cravey Theatre, con numerosi concerti. Sar\u00e0 inoltre allestito un villaggio all&#039;aperto con cibo, bevande e concerti.<br><strong>Pi\u00f9 informazioni : <a href=\"https:\/\/www.latestedebuch.fr\/actualites\/african-vibes-festival\/\" target=\"_blank\" rel=\"noopener\">https:\/\/www.latestedebuch.fr\/actualites\/african-vibes-festival\/<\/a><\/strong><\/p>\n<\/div><\/div>\n\n\n\n<div class=\"wp-block-uagb-container uagb-block-dbe972e6 alignfull uagb-is-root-container\"><div class=\"uagb-container-inner-blocks-wrap\">\n<h2 class=\"wp-block-heading\"><strong><strong><strong>Du 4 au 5 juillet : les 18h \u00e0 la voile &#8211; Arcachon<\/strong><\/strong><\/strong><\/h2>\n\n\n\n<p>Dal 1969, ogni anno nel mese di luglio, il&nbsp;<a href=\"https:\/\/www.voile-arcachon.fr\/\" target=\"_blank\" rel=\"noopener\">Circolo Velico di Arcachon<\/a>&nbsp;organizza l&#039;imperdibile evento velico delle 18:00 ad Arcachon. Sulla linea di partenza sono schierate quasi un centinaio di imbarcazioni, pronte a darsi battaglia durante 18 ore di regata senza sosta.<br><strong>Pi\u00f9 informazioni : <a href=\"https:\/\/www.voile-arcachon.fr\/agenda-du-regatier\/18-heures-darcachon\/\" target=\"_blank\" rel=\"noopener\">https:\/\/www.voile-arcachon.fr\/agenda-du-regatier\/18-heures-darcachon\/<\/a><\/strong><\/p>\n\n\n\n<figure class=\"wp-block-embed is-type-video is-provider-youtube wp-block-embed-youtube wp-embed-aspect-16-9 wp-has-aspect-ratio\"><div class=\"wp-block-embed__wrapper\">\n<iframe loading=\"lazy\" title=\"108 barche alla partenza della 18h Arcachon Sailing Race!\" width=\"500\" height=\"281\" src=\"https:\/\/www.youtube.com\/embed\/jstbP4Tw9v4?feature=oembed\" frameborder=\"0\" allow=\"accelerometer; autoplay; clipboard-write; encrypted-media; gyroscope; picture-in-picture; web-share\" referrerpolicy=\"strict-origin-when-cross-origin\" allowfullscreen><\/iframe>\n<\/div><\/figure>\n<\/div><\/div>\n\n\n\n<div class=\"wp-block-uagb-container uagb-block-e2d02181 alignfull uagb-is-root-container\"><div class=\"uagb-container-inner-blocks-wrap\">\n<h2 class=\"wp-block-heading\"><strong>Du 4 au 5 juillet : Festival Bee Out &#8211; Mios<\/strong><\/h2>\n\n\n\n<p>Le pratiche dell&#039;arte urbana sono al centro dell&#039;attenzione in questo imperdibile evento di inizio stagione estiva.<br>Il Centro Giovanile, il DITEP (Centro di Istruzione e Formazione Distrettuale e Regionale) e l&#039;Assessorato alla Cultura del Comune stanno organizzando un programma per tutti gli adolescenti della zona: sport, attivit\u00e0 culturali, scoperte e spettacoli. Non mancher\u00e0 nulla per rendere questa giornata indimenticabile!<br>Nouveaut\u00e9 cette ann\u00e9e : le samedi 5 juillet, place aux artistes ! De 15h \u00e0 18h concours de graff pour les 16-25 ans. Inscriptions aupr\u00e8s de l&rsquo;Espace Jeunes \u00e0 espacejeunes@villemios.fr<br><strong>Pi\u00f9 informazioni : <a href=\"https:\/\/www.villemios.fr\/festival-bee-out\/\" target=\"_blank\" rel=\"noopener\">https:\/\/www.villemios.fr\/festival-bee-out\/<\/a><\/strong><\/p>\n<\/div><\/div>\n\n\n\n<div class=\"wp-block-uagb-container uagb-block-6d1c5fb6 alignfull uagb-is-root-container\"><div class=\"uagb-container-inner-blocks-wrap\">\n<h2 class=\"wp-block-heading\"><strong>Du 7 au 10 juillet : Festival Partir en Livres &#8211; Andernos<\/strong><\/h2>\n\n\n\n<p>En 2026, les h\u00e9ros ouvrent la voie de l\u2019imaginaire \u00e0 l\u2019occasion de \u00ab Partir en livre \u00bb. Du 7 au 10 juillet, la m\u00e9diath\u00e8que Andr\u00e9e Ch\u00e9did devient un territoire d\u2019aventures, de mots et de r\u00eaves partag\u00e9s.<br>Au programme de cette 12\u00e8me \u00e9dition organis\u00e9e par la M\u00e9diath\u00e8que Andr\u00e9e Chedid : rencontres, ateliers, quizz, lectures \u00e0 haute voix ou musicales et jeux en plein air pour c\u00e9l\u00e9brer la Litt\u00e9rature en famille. Gouter d&rsquo;inauguration le mardi 7 juillet \u00e0 16h30 pour les enfants et leurs familles.<br>En partenariat avec les associations culturelle Grandilire et Lire et faire lire ainsi que la Librairie ind\u00e9pendante Le jardin des Lettres. <br><strong>Pi\u00f9 informazioni : <a href=\"https:\/\/www.gironde-tourisme.com\/fetes-manifestations\/festival-partir-en-livres\/\" target=\"_blank\" rel=\"noopener\">https:\/\/www.gironde-tourisme.com\/fetes-manifestations\/festival-partir-en-livres\/<\/a><\/strong><\/p>\n<\/div><\/div>\n\n\n\n<div class=\"wp-block-uagb-container uagb-block-6361c267 alignfull uagb-is-root-container\"><div class=\"uagb-container-inner-blocks-wrap\">\n<h2 class=\"wp-block-heading\"><strong>Dal 5 all&#039;11 luglio: Festival Musicale di Cap Ferret \u2013 L\u00e8ge-Cap Ferret<\/strong><\/h2>\n\n\n\n<p>Cap Ferret ospita il Cap Ferret Music Festival. Dedicato alla musica classica, questo evento culturale e musicale annuale divenuto cult, offre ai suoi visitatori l&#039;opportunit\u00e0 di immergersi in un mondo di virtuosismo in un ambiente idilliaco.<br><strong>Pi\u00f9 informazioni : <a href=\"https:\/\/www.capferretmusicfestival.com\/\" target=\"_blank\" rel=\"noopener\">https:\/\/www.capferretmusicfestival.com\/<\/a><\/strong><\/p>\n\n\n\n<figure class=\"wp-block-image size-full is-resized\"><img loading=\"lazy\" decoding=\"async\" width=\"700\" height=\"355\" src=\"https:\/\/bassin-arcachon.com\/wp-content\/uploads\/2024\/05\/Design-sans-titre-2024-05-30T141020.649.png\" alt=\"- - Bassin d&#039;Arcachon\" class=\"wp-image-58690\" style=\"width:798px;height:auto\" title=\"- - Bassin d&#039;Arcachon\" srcset=\"https:\/\/bassin-arcachon.com\/wp-content\/uploads\/2024\/05\/Design-sans-titre-2024-05-30T141020.649.png 700w, https:\/\/bassin-arcachon.com\/wp-content\/uploads\/2024\/05\/Design-sans-titre-2024-05-30T141020.649-600x304.png 600w, https:\/\/bassin-arcachon.com\/wp-content\/uploads\/2024\/05\/Design-sans-titre-2024-05-30T141020.649-18x9.png 18w\" sizes=\"auto, (max-width: 700px) 100vw, 700px\" \/><figcaption class=\"wp-element-caption\">\u00a9 H\u00e9l\u00e8ne BERGER<\/figcaption><\/figure>\n<\/div><\/div>\n\n\n\n<div class=\"wp-block-uagb-container uagb-block-6ae63cee alignfull uagb-is-root-container\"><div class=\"uagb-container-inner-blocks-wrap\">\n<h2 class=\"wp-block-heading\"><strong>8 juillet : March\u00e9 de nuit<\/strong> \u2013 <strong>Anderno<\/strong><\/h2>\n\n\n\n<p>Un'atmosfera festosa e amichevole, prodotti gastronomici di qualit\u00e0 e una vasta gamma di arti e mestieri: sar\u00e0 sicuramente una grande serata estiva!<br>Animation musicale par la Band&rsquo; a7<br>Catering in loco su grandi tavoli.<br><strong>Pi\u00f9 informazioni : <a href=\"https:\/\/www.andernos-tourisme.fr\/fiche-sit\/fmaaqu033v516ou0\/\" target=\"_blank\" rel=\"noopener\">https:\/\/www.andernos-tourisme.fr\/fiche-sit\/fmaaqu033v516ou0\/<\/a><\/strong><\/p>\n<\/div><\/div>\n\n\n\n<div class=\"wp-block-uagb-container uagb-block-6bb15320 alignfull uagb-is-root-container\"><div class=\"uagb-container-inner-blocks-wrap\">\n<h2 class=\"wp-block-heading\"><strong>Les 9, 16 et 23 juillet : Les Jeudis de Larros &#8211; Gujan-Mestras<\/strong><\/h2>\n\n\n\n<p>Dal 2006 al Port de Larros, luogo dal carattere autentico, ricco di storia e passione, trovate serate che propongono musica, teatro, danza, cinema all&#039;aperto e circo contemporaneo. Questi incontri si svolgono ogni gioved\u00ec sera nei mesi di luglio e agosto.<br><strong>Pi\u00f9 informazioni : <a href=\"https:\/\/www.gujanmestras.com\/\" target=\"_blank\" rel=\"noopener\">https:\/\/www.gujanmestras.com\/<\/a><\/strong><\/p>\n<\/div><\/div>\n\n\n\n<div class=\"wp-block-uagb-container uagb-block-f1769bfc alignfull uagb-is-root-container\"><div class=\"uagb-container-inner-blocks-wrap\">\n<h2 class=\"wp-block-heading\"><strong>Dal 12 al 14 luglio: Audenge ha il suo festival<\/strong><\/h2>\n\n\n\n<p>\u201cAudenge fait son festival\u201d torna per la sua seconda edizione, con tre giorni di concerti in una cornice atipica e a grandezza naturale. Concerti gratuiti, spettacoli di danza, food truck e tante altre attivit\u00e0 da scoprire nel parco pubblico.<br><strong>Pi\u00f9 informazioni : <a href=\"https:\/\/www.ville-audenge.fr\/audenge-fait-son-festival\/\" target=\"_blank\" rel=\"noopener\">https:\/\/www.ville-audenge.fr\/audenge-fait-son-festival\/<\/a><\/strong><\/p>\n\n\n\n<figure class=\"wp-block-image size-full is-resized\"><img loading=\"lazy\" decoding=\"async\" width=\"700\" height=\"355\" src=\"https:\/\/bassin-arcachon.com\/wp-content\/uploads\/2024\/05\/Design-sans-titre-2024-05-30T143158.471.png\" alt=\"- - Bassin d&#039;Arcachon\" class=\"wp-image-58692\" style=\"aspect-ratio:1.971855278115323;width:796px;height:auto\" title=\"- - Bassin d&#039;Arcachon\" srcset=\"https:\/\/bassin-arcachon.com\/wp-content\/uploads\/2024\/05\/Design-sans-titre-2024-05-30T143158.471.png 700w, https:\/\/bassin-arcachon.com\/wp-content\/uploads\/2024\/05\/Design-sans-titre-2024-05-30T143158.471-600x304.png 600w, https:\/\/bassin-arcachon.com\/wp-content\/uploads\/2024\/05\/Design-sans-titre-2024-05-30T143158.471-18x9.png 18w\" sizes=\"auto, (max-width: 700px) 100vw, 700px\" \/><figcaption class=\"wp-element-caption\">\u00a9 Citt\u00e0 di Audenge<\/figcaption><\/figure>\n<\/div><\/div>\n\n\n\n<div class=\"wp-block-uagb-container uagb-block-da05f6f3 alignfull uagb-is-root-container\"><div class=\"uagb-container-inner-blocks-wrap\">\n<h2 class=\"wp-block-heading\"><strong>Du 11 au 14 juillet : F\u00eates du Betey &#8211; Andernos<\/strong><\/h2>\n\n\n\n<p>Un evento festoso con concerti e cibo al porto di B\u00e9tey!<br>Un&#039;ottima occasione per ritrovarsi e godersi la musica gustando deliziose specialit\u00e0.<br>Organizzato dal Comitato Spagnolo di Gemellaggio Andernos Segorbe.<br><strong>Pi\u00f9 informazioni : <a href=\"https:\/\/www.andernos-tourisme.fr\/fiche-sit\/fmaaqu033v512pn0\/\" target=\"_blank\" rel=\"noopener\">https:\/\/www.andernos-tourisme.fr\/fiche-sit\/fmaaqu033v512pn0\/<\/a><\/strong><\/p>\n<\/div><\/div>\n\n\n\n<div class=\"wp-block-uagb-container uagb-block-fa213d50 alignfull uagb-is-root-container\"><div class=\"uagb-container-inner-blocks-wrap\">\n<h2 class=\"wp-block-heading\"><strong>Dal 12 al 14 luglio: Music&#039;O Teich \u2013 Le Teich<\/strong><\/h2>\n\n\n\n<p>3 giorni di concerti in un&#039;atmosfera familiare e rurale alla Marina, questa \u00e8 la ricetta ineguagliabile del festival Music O&#039;Teich. Concerti gratuiti, fuochi d&#039;artificio.<br><strong>Pi\u00f9 informazioni :<a href=\"https:\/\/leteich.fr\/agenda\/musico-teich\/\" target=\"_blank\" rel=\"noopener\">https:\/\/leteich.fr\/agenda\/musico-teich\/<\/a><\/strong><\/p>\n\n\n\n<figure class=\"wp-block-embed is-type-video is-provider-youtube wp-block-embed-youtube wp-embed-aspect-16-9 wp-has-aspect-ratio\"><div class=\"wp-block-embed__wrapper\">\n<iframe loading=\"lazy\" title=\"Uno sguardo al passato di Music O Teich!\" width=\"500\" height=\"281\" src=\"https:\/\/www.youtube.com\/embed\/YpiHRn1ylq0?feature=oembed\" frameborder=\"0\" allow=\"accelerometer; autoplay; clipboard-write; encrypted-media; gyroscope; picture-in-picture; web-share\" referrerpolicy=\"strict-origin-when-cross-origin\" allowfullscreen><\/iframe>\n<\/div><\/figure>\n<\/div><\/div>\n\n\n\n<div class=\"wp-block-uagb-container uagb-block-d3f7f661 alignfull uagb-is-root-container\"><div class=\"uagb-container-inner-blocks-wrap\">\n<h2 class=\"wp-block-heading\"><strong>Du 17 au 19 juillet : F\u00eate de l&rsquo;Hu\u00eetre d&rsquo;Andernos <\/strong><\/h2>\n\n\n\n<p>La festa delle ostriche sul porto delle ostriche, un evento imperdibile!<br>Degustazioni di ostriche, salsicce, sarde, cozze, patatine fritte e dolci, offerte dal comitato sagra dell&#039;ostrica.<br><strong>Pi\u00f9 informazioni : <a href=\"https:\/\/www.andernos-tourisme.fr\/\" target=\"_blank\" rel=\"noopener\">https:\/\/www.andernos-tourisme.fr<\/a><\/strong><\/p>\n<\/div><\/div>\n\n\n\n<div class=\"wp-block-uagb-container uagb-block-dcd6e710 alignfull uagb-is-root-container\"><div class=\"uagb-container-inner-blocks-wrap\">\n<h2 class=\"wp-block-heading\"><strong>18 juillet : Sardinade &#8211; Gujan-Mestras<\/strong><\/h2>\n\n\n\n<p>Bal populaire, Sardinade avec animation dansante.<\/p>\n\n\n\n<p><strong>Pi\u00f9 informazioni : <a href=\"https:\/\/www.tourisme-gujanmestras.com\/agenda\/sardinade-bal-populaire-gujan-mestras-fr-5664452\/\" target=\"_blank\" rel=\"noopener\">https:\/\/www.tourisme-gujanmestras.com\/agenda\/sardinade-bal-populaire-gujan-mestras-fr-5664452\/<\/a><\/strong><\/p>\n<\/div><\/div>\n\n\n\n<div class=\"wp-block-uagb-container uagb-block-a02ef669 alignfull uagb-is-root-container\"><div class=\"uagb-container-inner-blocks-wrap\">\n<h2 class=\"wp-block-heading\"><strong>Du 24 au 26 juillet : Andernos Jazz Festival<\/strong><\/h2>\n\n\n\n<p>Tre giorni di jazz, con concerti gratuiti all&#039;aperto, diurni e serali. La 52a edizione di questo leggendario festival, dedicato alla ricchezza della musica e alla diversit\u00e0 dei musicisti della scena regionale e internazionale, sar\u00e0 sicuramente vissuta al meglio sull&#039;Esplanade de la Jet\u00e9e, sulla spiaggia di B\u00e9tey, in Place du 14 Juillet o ai Giardini Louis David.<br><strong>Maggiori informazioni:&nbsp;<a href=\"https:\/\/www.andernos-jazz-festival.fr\" target=\"_blank\" rel=\"noopener\">https:\/\/www.andernos-jazz-festival.fr<\/a><\/strong><\/p>\n\n\n\n<figure class=\"wp-block-image size-full\"><img loading=\"lazy\" decoding=\"async\" width=\"700\" height=\"355\" src=\"https:\/\/bassin-arcachon.com\/wp-content\/uploads\/2024\/06\/Design-sans-titre-14.png\" alt=\"- - Bassin d&#039;Arcachon\" class=\"wp-image-164007\" title=\"- - Bassin d&#039;Arcachon\" srcset=\"https:\/\/bassin-arcachon.com\/wp-content\/uploads\/2024\/06\/Design-sans-titre-14.png 700w, https:\/\/bassin-arcachon.com\/wp-content\/uploads\/2024\/06\/Design-sans-titre-14-600x304.png 600w, https:\/\/bassin-arcachon.com\/wp-content\/uploads\/2024\/06\/Design-sans-titre-14-18x9.png 18w\" sizes=\"auto, (max-width: 700px) 100vw, 700px\" \/><figcaption class=\"wp-element-caption\">\u00a9V\u00e9ronique ALMANSA<\/figcaption><\/figure>\n<\/div><\/div>\n\n\n\n<div class=\"wp-block-uagb-container uagb-block-ebc447a6 alignfull uagb-is-root-container\"><div class=\"uagb-container-inner-blocks-wrap\">\n<h2 class=\"wp-block-heading\"><strong>Du 24 au 26 juillet : Mios en f\u00eate<\/strong><\/h2>\n\n\n\n<p>Le festival miossais aux accents pop rock revient donc pour une 31eme \u00e9dition. Durant ces 3 jours,&nbsp;<strong>Sono previsti 10 concerti<\/strong>, cos\u00ec come un&nbsp;<strong>mercato notturno con pi\u00f9 di 50 espositori<\/strong>&nbsp;e un&#039;area catering. Il festival si concluder\u00e0 con il tradizionale spettacolo pirotecnico alle 23:30.<br><strong>Pi\u00f9 informazioni : <a href=\"https:\/\/tvba.fr\/actu-concert-mios-en-fete-ete-2025\/\" target=\"_blank\" rel=\"noopener\">https:\/\/tvba.fr\/actu-concert-mios-en-fete-ete-2025\/<\/a><\/strong><\/p>\n<\/div><\/div>\n\n\n\n<div class=\"wp-block-uagb-container uagb-block-c1739eff alignfull uagb-is-root-container\"><div class=\"uagb-container-inner-blocks-wrap\">\n<h2 class=\"wp-block-heading\"><strong>25 juillet : Op\u00e9ra Les P\u00eacheurs de Perle (Georges BIZET) &#8211; Gujan-Mestras<\/strong><\/h2>\n\n\n\n<p>Il tuo appuntamento con l&#039;opera per scoprire o riscoprire famosi standard operistici all&#039;aria aperta, con la tua famiglia. Uno spettacolo gratuito, imperdibile dal 2009!<br><strong>Pi\u00f9 informazioni : <a href=\"https:\/\/www.tourisme-gujanmestras.com\/agenda\/opera-en-plein-air-gujan-mestras-fr-5656578\/\" target=\"_blank\" rel=\"noopener\">https:\/\/www.tourisme-gujanmestras.com\/agenda\/opera-en-plein-air-gujan-mestras-fr-5656578\/<\/a><\/strong><\/p>\n<\/div><\/div>\n\n\n\n<div class=\"wp-block-uagb-container uagb-block-0de13284 alignfull uagb-is-root-container\"><div class=\"uagb-container-inner-blocks-wrap\">\n<h2 class=\"wp-block-heading\"><strong>29 juillet : March\u00e9 nocturne &#8211; Gujan-Mestras<\/strong><\/h2>\n\n\n\n<p><strong>Plus d&rsquo;informations \u00e0 venir<\/strong><\/p>\n<\/div><\/div>\n\n\n\n<div class=\"wp-block-uagb-container uagb-block-6a7c45bd alignfull uagb-is-root-container\"><div class=\"uagb-container-inner-blocks-wrap\">\n<h2 class=\"wp-block-heading\"><strong>29 juillet : Concert de l&rsquo;\u00e9t\u00e9 &#8211; Ar\u00e8s<\/strong><\/h2>\n\n\n\n<p>Le concert de l&rsquo;\u00e9t\u00e9 d&rsquo;Ar\u00e8s est de retour ! C&rsquo;est St\u00e9phane Eicher qui se produira au Domaine des Lug\u00e9es \u00e0 21h. Concert debout et places assises limit\u00e9es (voir tarif). <strong>Personnes \u00e0 mobilit\u00e9 r\u00e9duite d\u00e9tentrice d\u2019une carte :<br>aucun acc\u00e8s possible sans justificatif et sans inscription en amont (zone PMR limit\u00e9e)<\/strong><br>merci de vous signaler au 06 20 83 87 15&nbsp;<strong>avant le 1<sup>ehm<\/sup>&nbsp;juillet 2026<\/strong>&nbsp;afin d\u2019organiser votre accueil.<br><strong>Pi\u00f9 informazioni :<\/strong> <strong><a href=\"https:\/\/www.espacebremontier-ares.fr\/evenement\/stephan-eicher\/\" target=\"_blank\" rel=\"noopener\">https:\/\/www.espacebremontier-ares.fr\/evenement\/stephan-eicher\/<\/a><\/strong><\/p>\n<\/div><\/div>\n\n\n\n<div class=\"wp-block-uagb-container uagb-block-407c9786 alignfull uagb-is-root-container\"><div class=\"uagb-container-inner-blocks-wrap\">\n<h2 class=\"wp-block-heading\"><strong>Du 31 juillet au 3 ao\u00fbt : F\u00eates du port de La Teste-de-Buch<\/strong><\/h2>\n\n\n\n<p>Per 4 giorni, il porto si trasforma e ospita un luna park, un palcoscenico o addirittura un enorme ristorante!<br>Ogni sera intrattenimento garantito durante tutta la festa con numerosi concerti ed intrattenimenti.<br><strong>Pi\u00f9 informazioni : <a href=\"https:\/\/tvba.fr\/fetes-du-port-le-concours-daffiches-est-de-retour\/\" target=\"_blank\" rel=\"noopener\">https:\/\/tvba.fr\/fetes-du-port-le-concours-daffiches-est-de-retour\/<\/a><\/strong><\/p>\n\n\n\n<figure class=\"wp-block-embed is-type-video is-provider-youtube wp-block-embed-youtube wp-embed-aspect-16-9 wp-has-aspect-ratio\"><div class=\"wp-block-embed__wrapper\">\n<iframe loading=\"lazy\" title=\"Il 55esimo festival portuale viene lanciato al La Teste de Buch\" width=\"500\" height=\"281\" src=\"https:\/\/www.youtube.com\/embed\/2BurlKjEzWc?feature=oembed\" frameborder=\"0\" allow=\"accelerometer; autoplay; clipboard-write; encrypted-media; gyroscope; picture-in-picture; web-share\" referrerpolicy=\"strict-origin-when-cross-origin\" allowfullscreen><\/iframe>\n<\/div><\/figure>\n<\/div><\/div>\n\n\n\n<h1 class=\"wp-block-heading has-text-align-center\"><mark style=\"background-color:rgba(0, 0, 0, 0)\" class=\"has-inline-color has-luminous-vivid-amber-color\">AGOSTO :  <\/mark><\/h1>\n\n\n\n<div class=\"wp-block-uagb-container uagb-block-4d9c72e9 alignfull uagb-is-root-container\"><div class=\"uagb-container-inner-blocks-wrap\">\n<h2 class=\"wp-block-heading\"><strong>Venerd\u00ec 1 e 22 agosto: Les Lantonnales \u2013 Lanton<\/strong><\/h2>\n\n\n\n<p>Ben inserito nel panorama culturale della citt\u00e0, il Festival \u201cLes Lantonnales\u201d mette sotto i riflettori la musica classica, attraverso un invito al viaggio. L&#039;ingresso \u00e8 libero e gratuito.<br><strong>Pi\u00f9 informazioni : <a href=\"https:\/\/www.mairie-lanton.fr\/les-lantonnales\/\" target=\"_blank\" rel=\"noopener\">https:\/\/www.mairie-lanton.fr\/les-lantonnales\/<\/a><\/strong><\/p>\n\n\n\n<h2 class=\"wp-block-heading\"><strong>Dal 1 al 3 agosto: Festival della Penisola \u2013 L\u00e8ge-Cap Ferret<\/strong><\/h2>\n\n\n\n<p>Questa grande festa, in cui l&#039;ostrica \u00e8 regina, si svolge tradizionalmente il primo fine settimana di agosto a Claouey, in Place Bertic, di fronte al Bassin. Si svolge nell&#039;arco di tre giorni, con la partecipazione dei club di pallamano e judo di L\u00e8ge-Cap Ferret, della Boule Ferret-Capienne, dell&#039;Amicale des b\u00e9n\u00e9voles de la Presqu&#039;\u00eele e del SNSM.<br><strong>Pi\u00f9 informazioni : <a href=\"https:\/\/www.ville-lege-capferret.fr\/municipalite\/les-services\/liste\/les-fetes-dans-les-villages\/#:~:text=F%C3%AAte%20de%20la%20presqu&#039;%C3%AEle,place%20Bertic%2C%20face%20au%20Bassin.\" target=\"_blank\" rel=\"noopener\">https:\/\/www.ville-lege-capferret.fr\/<\/a><\/strong><\/p>\n\n\n\n<h2 class=\"wp-block-heading\"><strong>Dal 2 al 3 agosto: Festa Contadina \u2013 Biganos<\/strong><\/h2>\n\n\n\n<p>Dirigetevi al Parco Lecoq, il polmone verde di Biganos, per questo festival che celebra il mondo agricolo e il legno. Il programma include una mostra di attrezzi d&#039;epoca, una fattoria mobile, un mercato artigianale, un laboratorio di falegnameria, dimostrazioni di mietitrebbia e numerose attivit\u00e0 incentrate su agricoltura, natura e abilit\u00e0 artigianali.<br><strong>Pi\u00f9 informazioni : <a href=\"https:\/\/lebassindespetits.fr\/events\/fete-de-la-ruralite-et-festival-du-bois-biganos\/\" target=\"_blank\" rel=\"noopener\">https:\/\/lebassindespetits.fr\/events\/fete-de-la-ruralite-et-festival-du-bois-biganos\/<\/a><\/strong><\/p>\n\n\n\n<figure class=\"wp-block-image size-full\"><img loading=\"lazy\" decoding=\"async\" width=\"700\" height=\"355\" src=\"https:\/\/bassin-arcachon.com\/wp-content\/uploads\/2024\/06\/Design-sans-titre-15.png\" alt=\"- - Bassin d&#039;Arcachon\" class=\"wp-image-164009\" title=\"- - Bassin d&#039;Arcachon\" srcset=\"https:\/\/bassin-arcachon.com\/wp-content\/uploads\/2024\/06\/Design-sans-titre-15.png 700w, https:\/\/bassin-arcachon.com\/wp-content\/uploads\/2024\/06\/Design-sans-titre-15-600x304.png 600w, https:\/\/bassin-arcachon.com\/wp-content\/uploads\/2024\/06\/Design-sans-titre-15-18x9.png 18w\" sizes=\"auto, (max-width: 700px) 100vw, 700px\" \/><figcaption class=\"wp-element-caption\">\u00a9 Comune di Biganos<\/figcaption><\/figure>\n\n\n\n<h2 class=\"wp-block-heading\"><strong>Les 3 et 4 ao\u00fbt : Arcachon en Sc\u00e8ne<\/strong><\/h2>\n\n\n\n<p>Ces grandes soir\u00e9es en plein air &#8211; au coeur du V\u00e9lodrome d&rsquo;Arcachon &#8211; rythment les \u00e9t\u00e9s des habitants et des vacanciers, qui embarquent munis d&rsquo;un aller-simple, pour 2 concerts exceptionnels. V\u00e9ritable voyage multi-g\u00e9n\u00e9rationnel, ces concerts uniques rassemblent autour d&rsquo;un langage commun et f\u00e9d\u00e9rateur : la musique. Artistes pr\u00e9sents cette ann\u00e9e : Mika et Suzanne<br><strong>Pi\u00f9 informazioni : <a href=\"https:\/\/www.arcachon.com\/tourisme\/je-bouge\/culture-et-evenements\/arcachonenscene\/\" target=\"_blank\" rel=\"noopener\">https:\/\/www.arcachon.com\/tourisme\/je-bouge\/culture-et-evenements\/arcachonenscene\/<\/a><\/strong><\/p>\n\n\n\n<h2 class=\"wp-block-heading\"><strong>Les 5 et 9 ao\u00fbt : March\u00e9 de nuit &#8211; Andernos<\/strong><\/h2>\n\n\n\n<p>Un'atmosfera festosa e amichevole, prodotti gastronomici di qualit\u00e0 e una vasta gamma di arti e mestieri: sar\u00e0 sicuramente una grande serata estiva!<br>Animation musicale par la Band&rsquo; a7<br>Catering in loco su grandi tavoli.<br><strong>Pi\u00f9 informazioni : <a href=\"https:\/\/www.andernos-tourisme.fr\/fiche-sit\/fmaaqu033v516ou0\/\" target=\"_blank\" rel=\"noopener\">https:\/\/www.andernos-tourisme.fr\/fiche-sit\/fmaaqu033v516ou0\/<\/a><\/strong><\/p>\n\n\n\n<h2 class=\"wp-block-heading\"><strong>Les 5 et 26 ao\u00fbt : Les impromptus du Lundi &#8211; Gujan-Mestras<\/strong><\/h2>\n\n\n\n<p>Godetevi un aperitivo con musica! Scoprite tre locali che ospitano tre concerti simultanei in prima serata, in diverse zone della citt\u00e0. Il ritrovo \u00e8 a Place de la Claire, Place de l&#039;H\u00f4tel de Ville e Plage de la Hume.<br><strong>Pi\u00f9 informazioni : <a href=\"https:\/\/www.gujanmestras.com\/\" target=\"_blank\" rel=\"noopener\">https:\/\/www.gujanmestras.com\/<\/a><\/strong><\/p>\n\n\n\n<h2 class=\"wp-block-heading\"><strong>Du 6 au 9 ao\u00fbt : Gujan-Mestras en F\u00eate<\/strong><\/h2>\n\n\n\n<p>Gita di famiglia. Ogni anno ad agosto la citt\u00e0 si trasforma in un luogo vivace con musica, bodegas e ristoranti, bandas, giostre da brivido per grandi e piccini, il tutto nell&#039;incantevole cornice del Lac de la Magdeleine.<br><strong>Pi\u00f9 informazioni : <a href=\"https:\/\/www.tourisme-gujanmestras.com\/agenda\/gujan-mestras-en-fetes-gujan-mestras-fr-5656579\/\" target=\"_blank\" rel=\"noopener\">https:\/\/www.tourisme-gujanmestras.com\/agenda\/gujan-mestras-en-fetes-gujan-mestras-fr-5656579\/<\/a><\/strong><\/p>\n\n\n\n<figure class=\"wp-block-image size-full is-resized\"><img loading=\"lazy\" decoding=\"async\" width=\"700\" height=\"355\" src=\"https:\/\/bassin-arcachon.com\/wp-content\/uploads\/2024\/06\/Design-sans-titre-16.png\" alt=\"- - Bassin d&#039;Arcachon\" class=\"wp-image-164013\" style=\"width:700px;height:auto\" title=\"- - Bassin d&#039;Arcachon\" srcset=\"https:\/\/bassin-arcachon.com\/wp-content\/uploads\/2024\/06\/Design-sans-titre-16.png 700w, https:\/\/bassin-arcachon.com\/wp-content\/uploads\/2024\/06\/Design-sans-titre-16-600x304.png 600w, https:\/\/bassin-arcachon.com\/wp-content\/uploads\/2024\/06\/Design-sans-titre-16-18x9.png 18w\" sizes=\"auto, (max-width: 700px) 100vw, 700px\" \/><figcaption class=\"wp-element-caption\">\u00a9 A. MOUSTIE<\/figcaption><\/figure>\n\n\n\n<h2 class=\"wp-block-heading\"><strong>12 ao\u00fbt : March\u00e9 nocturne &#8211; Gujan-Mestras<\/strong><\/h2>\n\n\n\n<p><strong>Plus d&rsquo;infos \u00e0 venir<\/strong><\/p>\n\n\n\n<h2 class=\"wp-block-heading\"><strong>Dal 14 al 15 agosto: Feste del Mare di Arcachon<\/strong><\/h2>\n\n\n\n<p>Per due giorni gli amanti di Bassin si riuniscono per celebrare il mare con attivit\u00e0, tradizioni e celebrazioni religiose. Puoi partecipare con la famiglia o gli amici al gigantesco picnic sul Lungomare, assistere alla sfilata nautica... Non dimenticare la sciarpa gialla!<br><strong>Pi\u00f9 informazioni : <a href=\"https:\/\/www.arcachon.com\/tourisme\/je-bouge\/culture-et-evenements\/les-grands-evenements\/\" target=\"_blank\" rel=\"noopener\">https:\/\/www.arcachon.com\/tourisme\/je-bouge\/culture-et-evenements\/les-grands-evenements\/<\/a><\/strong><\/p>\n\n\n\n<figure class=\"wp-block-image size-full\"><img loading=\"lazy\" decoding=\"async\" width=\"700\" height=\"355\" src=\"https:\/\/bassin-arcachon.com\/wp-content\/uploads\/2024\/06\/Design-sans-titre-17.png\" alt=\"- - Bassin d&#039;Arcachon\" class=\"wp-image-164015\" title=\"- - Bassin d&#039;Arcachon\" srcset=\"https:\/\/bassin-arcachon.com\/wp-content\/uploads\/2024\/06\/Design-sans-titre-17.png 700w, https:\/\/bassin-arcachon.com\/wp-content\/uploads\/2024\/06\/Design-sans-titre-17-600x304.png 600w, https:\/\/bassin-arcachon.com\/wp-content\/uploads\/2024\/06\/Design-sans-titre-17-18x9.png 18w\" sizes=\"auto, (max-width: 700px) 100vw, 700px\" \/><figcaption class=\"wp-element-caption\">\u00a9 JC. LAUCHAS<\/figcaption><\/figure>\n\n\n\n<h2 class=\"wp-block-heading\"><strong>Du 13 au 16 ao\u00fbt : F\u00eate de l&rsquo;Hu\u00eetre d&rsquo;Ar\u00e8s<\/strong><\/h2>\n\n\n\n<p>La ville d\u2019Ar\u00e8s est fi\u00e8re d\u2019annoncer la c\u00e9l\u00e9bration de la 53\u1d49 \u00e9dition de la c\u00e9l\u00e8bre F\u00eate de l\u2019Hu\u00eetre qui se d\u00e9roulera du 13 au 16 ao\u00fbt 2026 sur l\u2019Esplanade Georges Dartiguelongue. Cette manifestation, organis\u00e9e en collaboration entre la Mairie d\u2019Ar\u00e8s et le Comit\u00e9 des f\u00eates Ar\u00e9sien, promet d\u2019\u00eatre une exp\u00e9rience gustative, culturelle et festive inoubliable pour tous les visiteurs.<br><strong>Pi\u00f9 informazioni : <a href=\"https:\/\/ville-ares.fr\/50eme-fete-de-lhuitre-dares-du-12-au-15-aout-2023-4\/#:~:text=La%20ville%20d&#039;Ar%C3%A8s%20est,sur%20l&#039;Esplanade%20Georges%20Dartiguelongue.\" target=\"_blank\" rel=\"noopener\">https:\/\/ville-ares.fr<\/a><\/strong><\/p>\n\n\n\n<h2 class=\"wp-block-heading\"><strong>Les 13, 20 et 27 ao\u00fbt : Les Jeudis de Larros &#8211; Gujan-Mestras<\/strong><\/h2>\n\n\n\n<p>Dal 2006 al Port de Larros, luogo dal carattere autentico, ricco di storia e passione, trovate serate che propongono musica, teatro, danza, cinema all&#039;aperto e circo contemporaneo. Questi incontri si svolgono ogni gioved\u00ec sera nei mesi di luglio e agosto.<br><strong>Pi\u00f9 informazioni : <a href=\"https:\/\/www.gujanmestras.com\/\" target=\"_blank\" rel=\"noopener\">https:\/\/www.gujanmestras.com\/<\/a><\/strong><\/p>\n\n\n\n<h2 class=\"wp-block-heading\"><strong>Dal 14 al 17 agosto: Festa del Mare \u2013 L\u00e8ge-Cap Ferret<\/strong><\/h2>\n\n\n\n<p>Il villaggio di Canon si anima dal 14 al 17 agosto con quattro giorni di festa ricchi di musica, convivialit\u00e0 e intrattenimento per tutti! Tra concerti, DJ set, luna park, cibo e l&#039;atmosfera di una banda musicale, tutto \u00e8 pronto per far esplodere le vostre serate estive.<br><strong>Pi\u00f9 informazioni : <a href=\"https:\/\/www.ville-lege-capferret.fr\/agenda\/fete-de-la-mer\/\" target=\"_blank\" rel=\"noopener\">https:\/\/www.ville-lege-capferret.fr\/agenda\/fete-de-la-mer\/<\/a><\/strong><\/p>\n\n\n\n<h2 class=\"wp-block-heading\"><strong>Du 14 au 16 ao\u00fbt : Sardinades &#8211; Andernos<\/strong><\/h2>\n\n\n\n<p>Degustazione di sardine accompagnata da intrattenimento musicale in un&#039;atmosfera rilassata e conviviale al Port du B\u00e9tey!<br>Oltre 3 giorni con degustazione: sardine, gamberi, frittelle di calamari, salsicce, pancake e gelato.<br>Intrattenimento musicale con i Tontons Swingers dalle 12:00 alle 14:30 e Fashion Music dalle 19:30 alle 00:30.<br><strong>Pi\u00f9 informazioni : <a href=\"https:\/\/www.andernos-tourisme.fr\/fiche-sit\/fmaaqu033v50qlf6\/\" target=\"_blank\" rel=\"noopener\">https:\/\/www.andernos-tourisme.fr\/fiche-sit\/fmaaqu033v50qlf6\/<\/a><\/strong><\/p>\n\n\n\n<h2 class=\"wp-block-heading\"><strong>Du 21 au 22 ao\u00fbt : Festival Be(e) Holiday &#8211; Mios<\/strong><\/h2>\n\n\n\n<p>Mios si tinge di jazz! Per la sua quarta edizione, il festival si rinnova, trasferendosi nella nuovissima Halle per offrire due serate di concerti, un ballo swing, un&#039;introduzione alla danza con MT Danses e una conferenza d&#039;eccezione con il mecenate Serge Balsamo, figura chiave del jazz francese. La citt\u00e0 \u00e8 onorata di accoglierlo quest&#039;anno, insieme a molti musicisti di talento che condivideranno il palco.<br><strong>Pi\u00f9 informazioni : <a href=\"https:\/\/tvba.fr\/actu-mios-beeholiday-jazz-2025\/\" target=\"_blank\" rel=\"noopener\">https:\/\/tvba.fr\/actu-mios-beeholiday-jazz-2025\/<\/a><\/strong><\/p>\n\n\n\n<figure class=\"wp-block-embed is-type-video is-provider-youtube wp-block-embed-youtube wp-embed-aspect-16-9 wp-has-aspect-ratio\"><div class=\"wp-block-embed__wrapper\">\n<iframe loading=\"lazy\" title=\"Swing ball: una novit\u00e0 che detta il ritmo a Mios\" width=\"500\" height=\"281\" src=\"https:\/\/www.youtube.com\/embed\/A9kTurvoQU4?feature=oembed\" frameborder=\"0\" allow=\"accelerometer; autoplay; clipboard-write; encrypted-media; gyroscope; picture-in-picture; web-share\" referrerpolicy=\"strict-origin-when-cross-origin\" allowfullscreen><\/iframe>\n<\/div><\/figure>\n\n\n\n<h2 class=\"wp-block-heading\"><strong>Du 21 au 23 ao\u00fbt : F\u00eates de l&rsquo;\u00e9t\u00e9 &#8211; Marcheprime<\/strong><\/h2>\n\n\n\n<p>\u00c9v\u00e8nement immanquable de la ville de Macheprime. Venez cl\u00f4turer votre \u00e9t\u00e9 avec bonheur et convivialit\u00e9 le dernier week-end d&rsquo;ao\u00fbt de chaque ann\u00e9e.<br><strong>Pi\u00f9 informazioni :<\/strong> <strong><a href=\"https:\/\/www.marcheprime-evenements.fr\/\" target=\"_blank\" rel=\"noopener\">https:\/\/www.marcheprime-evenements.fr\/<\/a><\/strong><\/p>\n\n\n\n<h2 class=\"wp-block-heading\"><strong>22 ao\u00fbt : Sardinade &#8211; Gujan-Mestras<\/strong><\/h2>\n\n\n\n<h2 class=\"wp-block-heading\"><strong>Dal 22 al 24 agosto: Festa dell&#039;Erba \u2013 L\u00e8ge-Cap Ferret<\/strong><\/h2>\n\n\n\n<p>Al Village de l&#039;Herbe l&#039;atmosfera estiva \u00e8 assicurata per un week-end festoso e molto apprezzato, da trascorrere in famiglia o con gli amici!<br><strong>Pi\u00f9 informazioni : <a href=\"https:\/\/www.lege-capferret.com\/tempsfort\/fete-de-lherbe\/\" target=\"_blank\" rel=\"noopener\">https:\/\/www.lege-capferret.com\/tempsfort\/fete-de-lherbe\/<\/a><\/strong><\/p>\n<\/div><\/div>","protected":false},"excerpt":{"rendered":"<p>Ne manquez pas les \u00e9v\u00e9nements incontournables de l&rsquo;\u00e9t\u00e9sur le Bassin : JUIN : Les 12 et 13 juin : Fetarade &#8211; Gujan-Mestras Un pour un week-end rempli de musique, de [&hellip;]<\/p>\n","protected":false},"author":25,"featured_media":58691,"comment_status":"closed","ping_status":"open","sticky":false,"template":"","format":"standard","meta":{"_acf_changed":false,"_uag_custom_page_level_css":"","footnotes":""},"categories":[2133],"tags":[],"class_list":["post-58681","post","type-post","status-publish","format-standard","has-post-thumbnail","hentry","category-culture"],"acf":[],"uagb_featured_image_src":{"full":["https:\/\/bassin-arcachon.com\/wp-content\/uploads\/2024\/05\/Design-sans-titre-2024-05-30T142353.627.png",700,355,false],"thumbnail":["https:\/\/bassin-arcachon.com\/wp-content\/uploads\/2024\/05\/Design-sans-titre-2024-05-30T142353.627-150x150.png",150,150,true],"medium":["https:\/\/bassin-arcachon.com\/wp-content\/uploads\/2024\/05\/Design-sans-titre-2024-05-30T142353.627-600x304.png",600,304,true],"medium_large":["https:\/\/bassin-arcachon.com\/wp-content\/uploads\/2024\/05\/Design-sans-titre-2024-05-30T142353.627.png",700,355,false],"large":["https:\/\/bassin-arcachon.com\/wp-content\/uploads\/2024\/05\/Design-sans-titre-2024-05-30T142353.627.png",700,355,false],"1536x1536":["https:\/\/bassin-arcachon.com\/wp-content\/uploads\/2024\/05\/Design-sans-titre-2024-05-30T142353.627.png",700,355,false],"2048x2048":["https:\/\/bassin-arcachon.com\/wp-content\/uploads\/2024\/05\/Design-sans-titre-2024-05-30T142353.627.png",700,355,false],"trp-custom-language-flag":["https:\/\/bassin-arcachon.com\/wp-content\/uploads\/2024\/05\/Design-sans-titre-2024-05-30T142353.627-18x9.png",18,9,true]},"uagb_author_info":{"display_name":"Marie Clauzel","author_link":"https:\/\/bassin-arcachon.com\/it\/author\/mariesiba\/"},"uagb_comment_info":0,"uagb_excerpt":"Ne manquez pas les \u00e9v\u00e9nements incontournables de l&rsquo;\u00e9t\u00e9sur le Bassin : JUIN : Les 12 et 13 juin : Fetarade &#8211; Gujan-Mestras Un pour un week-end rempli de musique, de [&hellip;]","_links":{"self":[{"href":"https:\/\/bassin-arcachon.com\/it\/wp-json\/wp\/v2\/posts\/58681","targetHints":{"allow":["GET"]}}],"collection":[{"href":"https:\/\/bassin-arcachon.com\/it\/wp-json\/wp\/v2\/posts"}],"about":[{"href":"https:\/\/bassin-arcachon.com\/it\/wp-json\/wp\/v2\/types\/post"}],"author":[{"embeddable":true,"href":"https:\/\/bassin-arcachon.com\/it\/wp-json\/wp\/v2\/users\/25"}],"replies":[{"embeddable":true,"href":"https:\/\/bassin-arcachon.com\/it\/wp-json\/wp\/v2\/comments?post=58681"}],"version-history":[{"count":91,"href":"https:\/\/bassin-arcachon.com\/it\/wp-json\/wp\/v2\/posts\/58681\/revisions"}],"predecessor-version":[{"id":249302,"href":"https:\/\/bassin-arcachon.com\/it\/wp-json\/wp\/v2\/posts\/58681\/revisions\/249302"}],"wp:featuredmedia":[{"embeddable":true,"href":"https:\/\/bassin-arcachon.com\/it\/wp-json\/wp\/v2\/media\/58691"}],"wp:attachment":[{"href":"https:\/\/bassin-arcachon.com\/it\/wp-json\/wp\/v2\/media?parent=58681"}],"wp:term":[{"taxonomy":"category","embeddable":true,"href":"https:\/\/bassin-arcachon.com\/it\/wp-json\/wp\/v2\/categories?post=58681"},{"taxonomy":"post_tag","embeddable":true,"href":"https:\/\/bassin-arcachon.com\/it\/wp-json\/wp\/v2\/tags?post=58681"}],"curies":[{"name":"wp","href":"https:\/\/api.w.org\/{rel}","templated":true}]}}