{"id":59031,"date":"2024-09-16T16:08:27","date_gmt":"2024-09-16T14:08:27","guid":{"rendered":"https:\/\/bassin-arcachon.com\/?p=59031"},"modified":"2024-09-20T12:08:54","modified_gmt":"2024-09-20T10:08:54","slug":"il-bacino-del-darcachon-verso-un-futuro-verde","status":"publish","type":"post","link":"https:\/\/bassin-arcachon.com\/it\/bassin-darcachon-cap-sur-un-avenir-vert\/","title":{"rendered":"Bassin ad Arcachon: verso un futuro verde!"},"content":{"rendered":"<div class=\"wp-block-uagb-container uagb-block-b4ce7534 alignfull uagb-is-root-container\"><div class=\"uagb-container-inner-blocks-wrap\">\n<p>Per diversi anni, <strong>gli attori locali del Bassin di Arcachon<\/strong>, sia del settore turistico che agricolo, si stanno mobilitando con passione per promuovere <strong>pratiche sostenibili e responsabili.<\/strong> I loro sforzi combinati lo rendono possibile <strong>scoprire l&#039;Bassin in modo diverso, con uno sguardo pi\u00f9 attento e rispettoso verso questa natura preservata.\u00a0<\/strong><\/p>\n<\/div><\/div>\n\n\n\n<h2 class=\"wp-block-heading\"><strong> Mobilitazione collettiva<\/strong><\/h2>\n\n\n\n<div class=\"wp-block-uagb-container uagb-block-1aab4f29 alignfull uagb-is-root-container\"><div class=\"uagb-container-inner-blocks-wrap\">\n<div class=\"wp-block-uagb-container uagb-block-9a7d9ca5\">\n<figure class=\"wp-block-image size-full\"><img loading=\"lazy\" decoding=\"async\" width=\"1024\" height=\"1024\" src=\"https:\/\/bassin-arcachon.com\/wp-content\/uploads\/2024\/09\/IMG_0071-1024x1024-1.jpg\" alt=\"Piante in una serra a Biganos chiamata Serre \u00d4 D\u00e9lices.\" class=\"wp-image-59033\" title=\"- - Bassin d&#039;Arcachon\" srcset=\"https:\/\/bassin-arcachon.com\/wp-content\/uploads\/2024\/09\/IMG_0071-1024x1024-1.jpg 1024w, https:\/\/bassin-arcachon.com\/wp-content\/uploads\/2024\/09\/IMG_0071-1024x1024-1-600x600.jpg 600w, https:\/\/bassin-arcachon.com\/wp-content\/uploads\/2024\/09\/IMG_0071-1024x1024-1-150x150.jpg 150w, https:\/\/bassin-arcachon.com\/wp-content\/uploads\/2024\/09\/IMG_0071-1024x1024-1-768x768.jpg 768w, https:\/\/bassin-arcachon.com\/wp-content\/uploads\/2024\/09\/IMG_0071-1024x1024-1-12x12.jpg 12w\" sizes=\"auto, (max-width: 1024px) 100vw, 1024px\" \/><figcaption class=\"wp-element-caption\">Serre \u00d4 D\u00e9lices<\/figcaption><\/figure>\n<\/div>\n\n\n\n<div class=\"wp-block-uagb-container uagb-block-d9eae3e2\">\n<p>Il successo di questa transizione verso il turismo sostenibile dipende dalla cooperazione tra le diverse parti interessate nella regione.&nbsp;<\/p>\n\n\n\n<p>Uffici turistici, come\u00a0<a href=\"https:\/\/tourisme-coeurdubassin.com\/\" target=\"_blank\" rel=\"noreferrer noopener\"><strong>Cuore dell&#039;Bassin<\/strong><\/a>\u00a0con un approccio impegnato anche all&#039;ecoturismo\u00a0<strong><a href=\"https:\/\/www.arcachonecotours.com\/\" target=\"_blank\" rel=\"noopener\">Ecotour di Arcachon<\/a><\/strong>\u00a0con un turismo d&#039;affari eco-responsabile e coinvolto nel territorio locale; associazioni ambientaliste e imprese locali come l&#039;agenzia\u00a0<strong><a href=\"https:\/\/www.khapevent.fr\/\" target=\"_blank\" rel=\"noopener\">Evento Khap<\/a><\/strong>\u00a0con un vero approccio CSR, lavorare fianco a fianco per offrire attivit\u00e0 rispettose dell\u2019ambiente.\u00a0<\/p>\n<\/div>\n<\/div><\/div>\n\n\n\n<div class=\"wp-block-uagb-container uagb-block-5d925c03 alignfull uagb-is-root-container\"><div class=\"uagb-container-inner-blocks-wrap\">\n<h2 class=\"wp-block-heading\"><strong>Consapevolezza e permacultura<\/strong><\/h2>\n<\/div><\/div>\n\n\n\n<div class=\"wp-block-uagb-container uagb-block-a94764c0 alignfull uagb-is-root-container\"><div class=\"uagb-container-inner-blocks-wrap\">\n<div class=\"wp-block-uagb-container uagb-block-c4ed16a9\">\n<p>Il successo di questa transizione verso <strong>turismo sostenibile<\/strong> poggia su <strong>cooperazione tra i diversi attori del territorio.\u00a0<\/strong><\/p>\n\n\n\n<p>Per incoraggiare le buone pratiche, <strong>il Bassin di Arcachon si concentra sulla sensibilizzazione.\u00a0<\/strong><\/p>\n\n\n\n<p>Delle<strong> laboratori di permacultura<\/strong> sono regolarmente organizzati per <strong>residenti e visitatori<\/strong> per permettere a tutti di imparare<strong> azioni eco-responsabili <\/strong>e facile da adottare quotidianamente.<\/p>\n<\/div>\n\n\n\n<div class=\"wp-block-uagb-container uagb-block-0d290386\">\n<figure class=\"wp-block-image size-full\"><img loading=\"lazy\" decoding=\"async\" width=\"1024\" height=\"1024\" src=\"https:\/\/bassin-arcachon.com\/wp-content\/uploads\/2024\/09\/IMG_0088-1024x1024-1.jpg\" alt=\"Una farfalla su una pianta nella serra Biganos \" class=\"wp-image-59036\" title=\"- - Bassin d&#039;Arcachon\" srcset=\"https:\/\/bassin-arcachon.com\/wp-content\/uploads\/2024\/09\/IMG_0088-1024x1024-1.jpg 1024w, https:\/\/bassin-arcachon.com\/wp-content\/uploads\/2024\/09\/IMG_0088-1024x1024-1-600x600.jpg 600w, https:\/\/bassin-arcachon.com\/wp-content\/uploads\/2024\/09\/IMG_0088-1024x1024-1-150x150.jpg 150w, https:\/\/bassin-arcachon.com\/wp-content\/uploads\/2024\/09\/IMG_0088-1024x1024-1-768x768.jpg 768w, https:\/\/bassin-arcachon.com\/wp-content\/uploads\/2024\/09\/IMG_0088-1024x1024-1-12x12.jpg 12w\" sizes=\"auto, (max-width: 1024px) 100vw, 1024px\" \/><figcaption class=\"wp-element-caption\">Serre \u00d4 D\u00e9lices<\/figcaption><\/figure>\n<\/div>\n<\/div><\/div>\n\n\n\n<figure class=\"wp-block-image size-full\"><img loading=\"lazy\" decoding=\"async\" width=\"1024\" height=\"768\" src=\"https:\/\/bassin-arcachon.com\/wp-content\/uploads\/2024\/09\/IMG_8964-1024x768-1.jpg\" alt=\"Un uomo in un campo che coltiva verdure\" class=\"wp-image-59037\" title=\"- - Bassin d&#039;Arcachon\" srcset=\"https:\/\/bassin-arcachon.com\/wp-content\/uploads\/2024\/09\/IMG_8964-1024x768-1.jpg 1024w, https:\/\/bassin-arcachon.com\/wp-content\/uploads\/2024\/09\/IMG_8964-1024x768-1-600x450.jpg 600w, https:\/\/bassin-arcachon.com\/wp-content\/uploads\/2024\/09\/IMG_8964-1024x768-1-768x576.jpg 768w, https:\/\/bassin-arcachon.com\/wp-content\/uploads\/2024\/09\/IMG_8964-1024x768-1-16x12.jpg 16w\" sizes=\"auto, (max-width: 1024px) 100vw, 1024px\" \/><figcaption class=\"wp-element-caption\">BardoBio<\/figcaption><\/figure>\n\n\n\n<h2 class=\"wp-block-heading\"><strong>Cos&#039;\u00e8 la permacultura?<\/strong><\/h2>\n\n\n\n<div class=\"wp-block-uagb-container uagb-block-48c8c974 alignfull uagb-is-root-container\"><div class=\"uagb-container-inner-blocks-wrap\">\n<p>\u00c8 un metodo di coltivazione che imita gli ecosistemi naturali, promuovendo cos\u00ec la biodiversit\u00e0 e la salute del suolo.&nbsp;<\/p>\n<\/div><\/div>\n\n\n\n<div class=\"wp-block-uagb-container uagb-block-d9b0adc1 alignfull uagb-is-root-container\"><div class=\"uagb-container-inner-blocks-wrap\">\n<div class=\"wp-block-uagb-container uagb-block-8445589e\">\n<figure class=\"wp-block-image size-full\"><img loading=\"lazy\" decoding=\"async\" width=\"768\" height=\"576\" src=\"https:\/\/bassin-arcachon.com\/wp-content\/uploads\/2024\/09\/IMG_8838-edited-1-1-768x576-1.jpg\" alt=\"Una serra piena di verdure compresi i pomodori\" class=\"wp-image-59039\" title=\"- - Bassin d&#039;Arcachon\" srcset=\"https:\/\/bassin-arcachon.com\/wp-content\/uploads\/2024\/09\/IMG_8838-edited-1-1-768x576-1.jpg 768w, https:\/\/bassin-arcachon.com\/wp-content\/uploads\/2024\/09\/IMG_8838-edited-1-1-768x576-1-600x450.jpg 600w, https:\/\/bassin-arcachon.com\/wp-content\/uploads\/2024\/09\/IMG_8838-edited-1-1-768x576-1-16x12.jpg 16w\" sizes=\"auto, (max-width: 768px) 100vw, 768px\" \/><figcaption class=\"wp-element-caption\">Orto Lanton<\/figcaption><\/figure>\n<\/div>\n\n\n\n<div class=\"wp-block-uagb-container uagb-block-8596149a\">\n<figure class=\"wp-block-image size-full\"><img loading=\"lazy\" decoding=\"async\" width=\"1024\" height=\"768\" src=\"https:\/\/bassin-arcachon.com\/wp-content\/uploads\/2024\/09\/IMG_9109-1024x768-1.jpg\" alt=\"Campi vegetali\" class=\"wp-image-59040\" title=\"- - Bassin d&#039;Arcachon\" srcset=\"https:\/\/bassin-arcachon.com\/wp-content\/uploads\/2024\/09\/IMG_9109-1024x768-1.jpg 1024w, https:\/\/bassin-arcachon.com\/wp-content\/uploads\/2024\/09\/IMG_9109-1024x768-1-600x450.jpg 600w, https:\/\/bassin-arcachon.com\/wp-content\/uploads\/2024\/09\/IMG_9109-1024x768-1-768x576.jpg 768w, https:\/\/bassin-arcachon.com\/wp-content\/uploads\/2024\/09\/IMG_9109-1024x768-1-16x12.jpg 16w\" sizes=\"auto, (max-width: 1024px) 100vw, 1024px\" \/><figcaption class=\"wp-element-caption\">BardoBio<\/figcaption><\/figure>\n<\/div>\n<\/div><\/div>\n\n\n\n<div class=\"wp-block-uagb-container uagb-block-212b8e2c alignfull uagb-is-root-container\"><div class=\"uagb-container-inner-blocks-wrap\">\n<p>Vengono cos\u00ec organizzati numerosi workshop presso<strong> &quot;\u00a0<a href=\"https:\/\/lepotagerdelanton.fr\/\" target=\"_blank\" rel=\"noopener\">Orto Lanton<\/a>\u00a0\u00bb <\/strong>cos\u00ec come <a href=\"https:\/\/tvba.fr\/bardobio-la-ferme-100-permaculture\/\" target=\"_blank\" rel=\"noopener\"><strong>\u201cBardobio\u201d<\/strong><\/a> scoprire e praticare metodi agricoli sostenibili. Questi luoghi poi diventano <strong>oasi di serenit\u00e0 e apprendimento<\/strong>, dove ogni gesto contribuisce alla preservazione di questo ambiente.\u00a0<\/p>\n<\/div><\/div>\n\n\n\n<h2 class=\"wp-block-heading\"><strong>Agricoltura sostenibile e biologica<\/strong><\/h2>\n\n\n\n<div class=\"wp-block-uagb-container uagb-block-648a3ce0 alignfull uagb-is-root-container\"><div class=\"uagb-container-inner-blocks-wrap\">\n<div class=\"wp-block-uagb-container uagb-block-1463a43c\">\n<p>Nell&#039;a <strong>approccio alla preservazione dell\u2019ambiente,<\/strong> dal 2010, e ben prima degli obblighi di legge, i comuni del Bassin di Arcachon cos\u00ec come numerosi attori del territorio si sono impegnati in <strong><a href=\"https:\/\/www.siba-bassin-arcachon.fr\/qualite-de-l-eau\/zero-pesticide\" target=\"_blank\" rel=\"noopener\">l\u2019approccio zero pesticidi.<\/a><\/strong><\/p>\n\n\n\n<p>I Comuni di Bassin, infatti, si impegnano a farlo <strong>mantenere gli spazi verdi<\/strong> cos\u00ec come il <strong>strade in modo responsabile, delicato e senza pesticidi<\/strong>. Questo approccio consente il <strong>tutela della qualit\u00e0 dell\u2019acqua e preservazione della salute<\/strong> abitanti ed ecosistemi.\u00a0<\/p>\n<\/div>\n\n\n\n<div class=\"wp-block-uagb-container uagb-block-713e84b8\">\n<figure class=\"wp-block-image size-full\"><img loading=\"lazy\" decoding=\"async\" width=\"1024\" height=\"1024\" src=\"https:\/\/bassin-arcachon.com\/wp-content\/uploads\/2024\/09\/IMG_8825-1024x1024-1.jpg\" alt=\"Coltivare le melanzane\" class=\"wp-image-59043\" title=\"- - Bassin d&#039;Arcachon\" srcset=\"https:\/\/bassin-arcachon.com\/wp-content\/uploads\/2024\/09\/IMG_8825-1024x1024-1.jpg 1024w, https:\/\/bassin-arcachon.com\/wp-content\/uploads\/2024\/09\/IMG_8825-1024x1024-1-600x600.jpg 600w, https:\/\/bassin-arcachon.com\/wp-content\/uploads\/2024\/09\/IMG_8825-1024x1024-1-150x150.jpg 150w, https:\/\/bassin-arcachon.com\/wp-content\/uploads\/2024\/09\/IMG_8825-1024x1024-1-768x768.jpg 768w, https:\/\/bassin-arcachon.com\/wp-content\/uploads\/2024\/09\/IMG_8825-1024x1024-1-12x12.jpg 12w\" sizes=\"auto, (max-width: 1024px) 100vw, 1024px\" \/><figcaption class=\"wp-element-caption\">Orto Lanton<br><\/figcaption><\/figure>\n<\/div>\n<\/div><\/div>\n\n\n\n<div class=\"wp-block-uagb-container uagb-block-d95cde47 alignfull uagb-is-root-container\"><div class=\"uagb-container-inner-blocks-wrap\">\n<figure class=\"wp-block-image size-full\"><img loading=\"lazy\" decoding=\"async\" width=\"768\" height=\"576\" src=\"https:\/\/bassin-arcachon.com\/wp-content\/uploads\/2024\/09\/IMG_0137-edited-1-768x576-1.jpg\" alt=\"Cyril, il capo delle Serre \u00d4 D\u00e9lices che installa le pentole\" class=\"wp-image-59045\" title=\"- - Bassin d&#039;Arcachon\" srcset=\"https:\/\/bassin-arcachon.com\/wp-content\/uploads\/2024\/09\/IMG_0137-edited-1-768x576-1.jpg 768w, https:\/\/bassin-arcachon.com\/wp-content\/uploads\/2024\/09\/IMG_0137-edited-1-768x576-1-600x450.jpg 600w, https:\/\/bassin-arcachon.com\/wp-content\/uploads\/2024\/09\/IMG_0137-edited-1-768x576-1-16x12.jpg 16w\" sizes=\"auto, (max-width: 768px) 100vw, 768px\" \/><figcaption class=\"wp-element-caption\">Serre \u00d4 D\u00e9lices<\/figcaption><\/figure>\n<\/div><\/div>\n\n\n\n<p>Organizzazioni locali come la <a href=\"https:\/\/www.siba-bassin-arcachon.fr\/\" target=\"_blank\" rel=\"noopener\"><strong>SIBA<\/strong><\/a>, si impegnano inoltre a incoraggiare e sostenere i residenti in questi approcci pi\u00f9 responsabili. Per esempio &quot;\u00a0<a href=\"https:\/\/www.siba-bassin-arcachon.fr\/qualite-de-leau\/rempar\/diminuer-notre-empreinte\/guide-accueillir-la-biodiversite-dans-les-jardins\" target=\"_blank\" rel=\"noopener\"><strong>Una guida alla biodiversit\u00e0<\/strong><\/a>\u00a0\u00bb \u00e8 stato creato per <strong>sensibilizzare e informare i residenti sulle buone pratiche da adottare.\u00a0<\/strong><\/p>\n\n\n\n<p>Per saperne di pi\u00f9 e scoprire come partecipare, visita\u00a0<strong><a href=\"https:\/\/www.siba-bassin-arcachon.fr\/qualite-de-leau\/rempar\/diminuer-notre-empreinte\/guide-accueillir-la-biodiversite-dans-les-jardins\" target=\"_blank\" rel=\"noreferrer noopener\">Il libro della biodiversit\u00e0<\/a>\u00a0<\/strong>della SIBA.<\/p>\n\n\n\n<p><\/p>\n\n\n\n<h2 class=\"wp-block-heading\"><strong>Turismo responsabile<\/strong><\/h2>\n\n\n\n<div class=\"wp-block-uagb-container uagb-block-e3c85e86 alignfull uagb-is-root-container\"><div class=\"uagb-container-inner-blocks-wrap\">\n<div class=\"wp-block-uagb-container uagb-block-40db4ea6\">\n<figure class=\"wp-block-image size-full\"><img loading=\"lazy\" decoding=\"async\" width=\"1024\" height=\"1024\" src=\"https:\/\/bassin-arcachon.com\/wp-content\/uploads\/2024\/09\/IMG_8768-1-1024x1024-1.jpg\" alt=\"Cavalli in un campo\" class=\"wp-image-59047\" title=\"- - Bassin d&#039;Arcachon\" srcset=\"https:\/\/bassin-arcachon.com\/wp-content\/uploads\/2024\/09\/IMG_8768-1-1024x1024-1.jpg 1024w, https:\/\/bassin-arcachon.com\/wp-content\/uploads\/2024\/09\/IMG_8768-1-1024x1024-1-600x600.jpg 600w, https:\/\/bassin-arcachon.com\/wp-content\/uploads\/2024\/09\/IMG_8768-1-1024x1024-1-150x150.jpg 150w, https:\/\/bassin-arcachon.com\/wp-content\/uploads\/2024\/09\/IMG_8768-1-1024x1024-1-768x768.jpg 768w, https:\/\/bassin-arcachon.com\/wp-content\/uploads\/2024\/09\/IMG_8768-1-1024x1024-1-12x12.jpg 12w\" sizes=\"auto, (max-width: 1024px) 100vw, 1024px\" \/><figcaption class=\"wp-element-caption\">Orto Lanton<\/figcaption><\/figure>\n<\/div>\n\n\n\n<div class=\"wp-block-uagb-container uagb-block-1243828f\">\n<p>Il <strong>attori del turismo nel Bassin di Arcachon<\/strong> sono sempre pi\u00f9 numerosi <strong>adottare pratiche sostenibili per ridurre al minimo l\u2019impatto delle attivit\u00e0 sull\u2019ambiente.\u00a0<\/strong><\/p>\n\n\n\n<p>Molte attivit\u00e0 sono disponibili su Bassin per incoraggiare <strong>la sua scoperta con mobilit\u00e0 dolce:\u00a0<\/strong><\/p>\n<\/div>\n<\/div><\/div>\n\n\n\n<div class=\"wp-block-uagb-container uagb-block-e8e8a20e alignfull uagb-is-root-container\"><div class=\"uagb-container-inner-blocks-wrap\">\n<ul class=\"wp-block-list\">\n<li><strong>Discesa del Leyre in canoa-kayak<\/strong>\u00a0per scivolare dolcemente sulle acque, immersi nella tranquillit\u00e0 dei paesaggi e nel canto degli uccelli.<br><\/li>\n\n\n\n<li><strong>320 chilometri di piste ciclabili<\/strong>\u00a0per attraversare la Bassin di Arcachon e pedalare lungo i sentieri ombreggiati, con il vento marino come unico compagno.<br><\/li>\n\n\n\n<li><strong>Visite guidate e commentate<\/strong>\u00a0organizzati dagli uffici del turismo per scoprire e dedicarsi a siti naturali come la Dune du Pilat, il Banc d&#039;Arguin, l&#039;Isola degli Uccelli...<br><\/li>\n\n\n\n<li><strong>Agenzie ricettive\u00a0<\/strong>COME\u00a0<a href=\"https:\/\/www.arcachonecotours.com\/\" target=\"_blank\" rel=\"noreferrer noopener\">Ecotour di Arcachon<\/a>s o\u00a0<a href=\"https:\/\/www.khapevent.fr\/\" target=\"_blank\" rel=\"noreferrer noopener\">KhapEvent<\/a>\u00a0per scoprire l&#039;Bassin di Arcachon in modo eco-responsabile\u00a0<\/li>\n<\/ul>\n\n\n\n<p>L&#039;insieme di queste pratiche permettono quindi di promuovere a<strong> turismo generativo e rigenerazione degli ecosistemi.<\/strong> Tutte queste attivit\u00e0 le potete trovare nel ns <strong><a href=\"https:\/\/www.calameo.com\/read\/000024421aa7e5a3e7faf\" target=\"_blank\" rel=\"noopener\">guida per il tempo libero e le attivit\u00e0<\/a><\/strong>o sulla nostra applicazione mobile <strong>Bassin di Arcachon<\/strong> disponibile su <a href=\"https:\/\/bassin-arcachon.com\/it\/scarica-la-nostra-applicazione\/\"><strong>Mela<\/strong><\/a> &amp; <strong><a href=\"https:\/\/play.google.com\/store\/apps\/details?id=com.youteam.sibav2&amp;hl=fr\" target=\"_blank\" rel=\"noopener\">Google Play<\/a>.<\/strong> <\/p>\n\n\n\n<p><\/p>\n<\/div><\/div>\n\n\n\n<h2 class=\"wp-block-heading\"><strong>Iniziative locali<\/strong><\/h2>\n\n\n\n<div class=\"wp-block-uagb-container uagb-block-f5af7b8e alignfull uagb-is-root-container\"><div class=\"uagb-container-inner-blocks-wrap\">\n<p>Ecco un elenco non esaustivo di <strong>principali iniziative e attori locali <\/strong>partecipando a questa dinamica. Non esitate a raccontarci le vostre iniziative, saremo felici di aggiungerle \ud83d\ude42\u00a0<\/p>\n\n\n\n<p><strong>Arcachon<\/strong><\/p>\n\n\n\n<ul class=\"wp-block-list\">\n<li><strong>Giardino Dulas:<\/strong> Giardino condiviso di permacultura, visite e laboratori.\u00a0<a href=\"https:\/\/www.facebook.com\/jardindulasarcachon\/?locale=fr_FR\" target=\"_blank\" rel=\"noreferrer noopener\"><strong>pagina Facebook<\/strong><\/a><\/li>\n\n\n\n<li><strong>Arcacrok: <\/strong>Primeur con una parte organica.\u00a0<a href=\"https:\/\/primeurarcacrok.fr\/\" target=\"_blank\" rel=\"noreferrer noopener\"><strong>Sito web<\/strong><\/a><\/li>\n\n\n\n<li><strong>Giardino condiviso delle 4 stagioni:<\/strong> Laboratori di piantagione e giardinaggio, partner del marchio Bassin ad Arcachon.\u00a0<a href=\"https:\/\/www.ville-arcachon.fr\/centre-social\/\" target=\"_blank\" rel=\"noreferrer noopener\"><strong>Sito web<\/strong><\/a><\/li>\n<\/ul>\n\n\n\n<p><strong>La Teste de Buch<\/strong><\/p>\n\n\n\n<ul class=\"wp-block-list\">\n<li><strong>Quindi organico:<\/strong> Cortocircuiti, prodotti biologici.<strong>\u00a0<a href=\"https:\/\/www.sobio.fr\/magasin\/so-bio-la-teste-de-buch\" target=\"_blank\" rel=\"noreferrer noopener\">Sito web<\/a><\/strong><\/li>\n\n\n\n<li><strong>BioCoop:<\/strong> Prodotti biologici, commercio equo e solidale.<strong>\u00a0<a href=\"https:\/\/www.biocoop-latestedebuch.fr\/\" target=\"_blank\" rel=\"noreferrer noopener\">Sito web<\/a><\/strong><\/li>\n\n\n\n<li><strong>Acqua viva: <\/strong>Agricoltura biologica, prodotti locali e stagionali.\u00a0<a href=\"https:\/\/www.eau-vive.com\/\" target=\"_blank\" rel=\"noreferrer noopener\"><strong>Sito web<\/strong><\/a><\/li>\n\n\n\n<li><strong>La Vie Claire: <\/strong>Agricoltura biologica.<strong>\u00a0<a href=\"https:\/\/www.epiceriebiolateste.fr\/\" target=\"_blank\" rel=\"noreferrer noopener\">Sito web<\/a><\/strong><\/li>\n<\/ul>\n\n\n\n<p><strong>Gujan-Mestras<\/strong><\/p>\n\n\n\n<ul class=\"wp-block-list\">\n<li><strong>Giardino Gourmet: <\/strong>Vivaio biologico, aromatico, orto condiviso, verdure di stagione.\u00a0<a href=\"https:\/\/jardin-bio-gujan.fr\/\" target=\"_blank\" rel=\"noreferrer noopener\"><strong>Sito web<\/strong><\/a><\/li>\n\n\n\n<li><strong>Il bios di Bassin: <\/strong>Negozio di alimentari biologici, fruttivendolo, partner della marca Bassin ad Arcachon.\u00a0<a href=\"https:\/\/lesbiodubassin.com\/3420\/epicerie-bio-gujan-mestras-primeur-viande-panier-en-ligne.html\" target=\"_blank\" rel=\"noreferrer noopener\"><strong>Sito web<\/strong><\/a><\/li>\n\n\n\n<li>Giardini condivisi (Chante Cigale): Permacultura.\u00a0<a href=\"https:\/\/ville-gujanmestras.fr\/mon-quotidien-2\/environnement-developpement-durable\/biodiversite\/jardins-partages\/\" target=\"_blank\" rel=\"noreferrer noopener\"><strong>Pagina Web<\/strong><\/a><\/li>\n\n\n\n<li><strong>Il mercato di Leopoldo: <\/strong>Organico, cortocircuito.\u00a0<a href=\"https:\/\/www.leopold.fr\/?utm_source=gmb\" target=\"_blank\" rel=\"noreferrer noopener\"><strong>Sito web<\/strong><\/a><\/li>\n\n\n\n<li><strong>Ferme St Henri: <\/strong>Azienda agricola a conduzione familiare, cortocircuito, laboratorio di raccolta.\u00a0<a href=\"https:\/\/www.fermesainthenri.fr\/\" target=\"_blank\" rel=\"noreferrer noopener\"><strong>Sito web<\/strong><\/a><\/li>\n\n\n\n<li><strong>Bardobio: <\/strong>Fattoria, laboratorio di permacultura, cesto di verdure.\u00a0<strong><a href=\"tel:06%2081%2050%2034%2014\" target=\"_blank\" rel=\"noreferrer noopener\">06 81 50 34 14<\/a>\u00a0<\/strong><\/li>\n<\/ul>\n\n\n\n<p><strong>Le Teich<\/strong><\/p>\n\n\n\n<ul class=\"wp-block-list\">\n<li><strong>Teich e tu:<\/strong> Organizza Le P&#039;tit Mercat, agricoltori biologici e agricoltura sostenibile.\u00a0<a href=\"https:\/\/www.facebook.com\/leptitmercat\/?locale=fr_FR\" target=\"_blank\" rel=\"noreferrer noopener\"><strong>pagina Facebook<\/strong><\/a><\/li>\n<\/ul>\n\n\n\n<p><strong>Biganos<\/strong><\/p>\n\n\n\n<ul class=\"wp-block-list\">\n<li><strong>La Serre \u00d4 D\u00e9lices:<\/strong> Piante aromatiche biologiche, vivai, ostriche vegetali, partner del marchio Bassin ad Arcachon.\u00a0<a href=\"https:\/\/mag.serreodelices.com\/\" target=\"_blank\" rel=\"noreferrer noopener\"><strong>Sito web<\/strong><\/a><\/li>\n\n\n\n<li><strong>Quindi organico: <\/strong>Cortocircuiti, prodotti biologici.\u00a0<a href=\"https:\/\/www.sobio.fr\/magasin\/so-bio-biganos\" target=\"_blank\" rel=\"noreferrer noopener\"><strong>Sito web<\/strong><\/a><\/li>\n\n\n\n<li><strong>Giardino condiviso della scuola elementare Lac Vert:<\/strong> Giardino condiviso.\u00a0<a href=\"https:\/\/tvba.fr\/biganos-lance-jardins-partages-2019\/\" target=\"_blank\" rel=\"noreferrer noopener\"><strong>Pagina Web<\/strong><\/a><\/li>\n\n\n\n<li><strong>Gli spazi di Gaia:<\/strong> Spazi di biodiversit\u00e0 ispirati ai principi della permacultura e dell&#039;agricoltura sostenibile, laboratori.\u00a0<a href=\"https:\/\/www.facebook.com\/lesespacesdegaia\/?locale=fr_FR\" target=\"_blank\" rel=\"noreferrer noopener\"><strong>pagina Facebook<\/strong><\/a><\/li>\n\n\n\n<li><strong>Giardino condiviso al Parc du Pin:<\/strong> Giardino condiviso.\u00a0<a href=\"https:\/\/tvba.fr\/plantation-darbres-dans-le-parc-du-pin-par-les-enfants-de-biganos\/?print=print\" target=\"_blank\" rel=\"noreferrer noopener\"><strong>Pagina Web<\/strong><\/a><\/li>\n\n\n\n<li><strong>Giardino Mol\u00e8ne: <\/strong>Associazione, workshop.\u00a0<a href=\"https:\/\/www.plantezcheznous.com\/evenements-jardin\/fete-des-jardins-de-la-molene\/\" target=\"_blank\" rel=\"noreferrer noopener\"><strong>Pagina Web<\/strong><\/a><\/li>\n\n\n\n<li><strong>AMAP Core di Bassin: <\/strong>Biologico, \u201cIl piccolo cestino biologico\u201d.<strong>\u00a0<a href=\"https:\/\/amapcoeurbassin.wixsite.com\/amap\" target=\"_blank\" rel=\"noreferrer noopener\">Sito web<\/a><\/strong><\/li>\n<\/ul>\n\n\n\n<p><strong>Marketprime<\/strong><\/p>\n\n\n\n<ul class=\"wp-block-list\">\n<li><strong>Giardini condivisi nel quartiere Olivine: <\/strong>Giardini condivisi.\u00a0<a href=\"https:\/\/www.sudouest.fr\/gironde\/marcheprime\/marcheprime-des-jardins-partages-dans-le-quartier-de-l-olivine-10881936.php\" target=\"_blank\" rel=\"noreferrer noopener\"><strong>Articolo<\/strong><\/a><\/li>\n\n\n\n<li><strong>Giardino condiviso di Biard:<\/strong> Giardino condiviso.\u00a0<a href=\"https:\/\/www.facebook.com\/jardinsalimentaires\/\" target=\"_blank\" rel=\"noreferrer noopener\"><strong>pagina Facebook<\/strong><\/a><\/li>\n\n\n\n<li><strong>AMAP <\/strong>(Associazione per il Mantenimento dell&#039;Agricoltura Contadina):\u00a0<a href=\"https:\/\/www.amap-marcheprime.fr\/\" target=\"_blank\" rel=\"noreferrer noopener\"><strong>Sito web<\/strong><\/a><\/li>\n\n\n\n<li><strong>Gioved\u00ec AMAP:\u00a0<a href=\"https:\/\/amap-lesoliviers-marcheprime.jimdofree.com\/\" target=\"_blank\" rel=\"noreferrer noopener\">Sito web<\/a><\/strong><\/li>\n\n\n\n<li><strong>AMAP Bassin Cesti porta:\u00a0<a href=\"https:\/\/www.amap-marcheprime.fr\/\" target=\"_blank\" rel=\"noreferrer noopener\">Sito web<\/a><\/strong><\/li>\n<\/ul>\n\n\n\n<p><strong>Audenge<\/strong><\/p>\n\n\n\n<ul class=\"wp-block-list\">\n<li><strong>Certland: <\/strong>Agricoltura sostenibile.\u00a0<a href=\"https:\/\/sophie-panonacle.fr\/visite-de-deux-fermes-basees-a-audenge-lanton\/\" target=\"_blank\" rel=\"noreferrer noopener\"><strong>Articolo<\/strong><\/a><\/li>\n\n\n\n<li><strong>Giardino condiviso\/giardini familiari:<\/strong> partner del marchio Bassin di Arcachon.\u00a0<a href=\"https:\/\/coban-atlantique.fr\/remise-de-composteurs-aux-jardins-familiaux-daudenge\/\" target=\"_blank\" rel=\"noreferrer noopener\"><strong>Pagina Web<\/strong><\/a><\/li>\n\n\n\n<li><strong>AMAP (Associazione per il Mantenimento dell&#039;Agricoltura Contadina)<\/strong><\/li>\n<\/ul>\n\n\n\n<p><strong>Anderno<\/strong><\/p>\n\n\n\n<ul class=\"wp-block-list\">\n<li><strong>Giardino dei racconti:<\/strong> Giardino condiviso, laboratori di permacultura.<strong>\u00a0<a href=\"https:\/\/tvba.fr\/un-atelier-de-permaculture-au-jardin-des-contes\/\" target=\"_blank\" rel=\"noreferrer noopener\">Articolo<\/a><\/strong><\/li>\n\n\n\n<li><strong>BioCoop: <\/strong>Prodotti biologici, commercio equo e solidale.\u00a0<strong><a href=\"https:\/\/www.biocoop-andernos.fr\/\" target=\"_blank\" rel=\"noreferrer noopener\">Sito web<\/a>\u00a0<a href=\"https:\/\/www.facebook.com\/Andernos.les.Bains\/posts\/-le-jardin-des-contes-jardin-partag%C3%A9-cr%C3%A9%C3%A9-%C3%A0-linitiative-de-la-ville-dandernos-po\/1107967985932419\/\" target=\"_blank\" rel=\"noreferrer noopener\">pagina Facebook<\/a><\/strong><\/li>\n<\/ul>\n\n\n\n<p><strong>lanto<\/strong><\/p>\n\n\n\n<ul class=\"wp-block-list\">\n<li><strong>L&#039;orto di Lanton: P<\/strong>ostaggi, permacultura, agricoltura biologica, orticoltura, laboratori di raccolta, partner del marchio Bassin ad Arcachon.\u00a0<a href=\"https:\/\/lepotagerdelanton.fr\/\" target=\"_blank\" rel=\"noreferrer noopener\"><strong>Sito web<\/strong><\/a><\/li>\n\n\n\n<li><strong>I Giardini di VYMM:<\/strong> Ortolani, agricoltura sostenibile e biologica, laboratorio di raccolta.\u00a0<a href=\"https:\/\/www.facebook.com\/Lesjardinsdevymm\/?locale=fr_FR\" target=\"_blank\" rel=\"noreferrer noopener\"><strong>pagina Facebook<\/strong><\/a><\/li>\n\n\n\n<li><strong>Il caff\u00e8 nel giardino: <\/strong>Giardino in comune, orto collettivo.\u00a0<a href=\"https:\/\/www.mairie-lanton.fr\/le-cafe-jardin-de-lanton-rejoignez-laventure\/\" target=\"_blank\" rel=\"noreferrer noopener\"><strong>Pagina Web<\/strong><\/a><\/li>\n\n\n\n<li><strong> AMAP Les Agues (Associazione per il mantenimento dell&#039;agricoltura contadina)<\/strong><\/li>\n<\/ul>\n\n\n\n<p><strong>Ares<\/strong><\/p>\n\n\n\n<ul class=\"wp-block-list\">\n<li><strong>S\u00e8me: negozio biologico (disponibile anche su ordinazione ad Andernos).\u00a0<a href=\"https:\/\/onseme.bio\/\" target=\"_blank\" rel=\"noreferrer noopener\">Sito web<\/a><\/strong><\/li>\n\n\n\n<li><strong>Giardino condiviso Chemin des Lapins: <\/strong>Permacultura, laboratori.<strong>\u00a0<a href=\"https:\/\/asso-semoperma.fr\/ville\/\" target=\"_blank\" rel=\"noreferrer noopener\">Pagina Web<\/a><\/strong><\/li>\n\n\n\n<li><strong>La P&#039;tite Halle: biologico.\u00a0<a href=\"https:\/\/www.laptitehalle.fr\/\" target=\"_blank\" rel=\"noreferrer noopener\">Sito web<\/a><\/strong><\/li>\n\n\n\n<li><strong>Localit\u00e0: <\/strong>guida del contadino, agricoltura locale, cortocircuito:<strong>\u00a0<a href=\"https:\/\/locavor.fr\/200-locavor-ares\" target=\"_blank\" rel=\"noreferrer noopener\">Pagina Web<\/a><\/strong><\/li>\n<\/ul>\n\n\n\n<p><strong>Furetto della nave faro<\/strong><\/p>\n\n\n\n<ul class=\"wp-block-list\">\n<li><strong>La P&#039;tite Halle<\/strong> : Biologico.\u00a0<a href=\"https:\/\/www.laptitehalle.fr\/\" target=\"_blank\" rel=\"noreferrer noopener\"><strong>Sito web<\/strong><\/a><\/li>\n\n\n\n<li><strong>I laboratori di La Cabane du Canon:<\/strong> Workshop.\u00a0<a href=\"https:\/\/moncapferret.fr\/ateliers-de-la-cabane-a-lege-cap-ferret-programme-ecologique-et-convivial-pour-les-habitants\/\" target=\"_blank\" rel=\"noreferrer noopener\"><strong>Pagina Web<\/strong><\/a><\/li>\n\n\n\n<li><strong>L&#039;Alveare che dice S\u00ec:\u00a0<a href=\"https:\/\/laruchequiditoui.fr\/fr-FR\/assemblies\/13198\" target=\"_blank\" rel=\"noreferrer noopener\">Pagina Web<\/a><\/strong><\/li>\n<\/ul>\n<\/div><\/div>","protected":false},"excerpt":{"rendered":"<p>Depuis plusieurs ann\u00e9es, les acteurs locaux du Bassin d\u2019Arcachon, qu\u2019ils soient du secteur touristique ou agricole, se mobilisent avec passion pour promouvoir des pratiques durables et responsables. Leurs efforts combin\u00e9s [&hellip;]<\/p>\n","protected":false},"author":25,"featured_media":59052,"comment_status":"closed","ping_status":"open","sticky":false,"template":"","format":"standard","meta":{"_acf_changed":false,"_uag_custom_page_level_css":"","footnotes":""},"categories":[2129],"tags":[2138,2139,2141,2140],"class_list":["post-59031","post","type-post","status-publish","format-standard","has-post-thumbnail","hentry","category-nature-art-de-vivre","tag-durable","tag-ecotourisme","tag-regeneratif","tag-slowtourism"],"acf":[],"uagb_featured_image_src":{"full":["https:\/\/bassin-arcachon.com\/wp-content\/uploads\/2024\/09\/20160531_HD_Domaine-de-Certes_CASSIAU-10-scaled.jpg",2560,1707,false],"thumbnail":["https:\/\/bassin-arcachon.com\/wp-content\/uploads\/2024\/09\/20160531_HD_Domaine-de-Certes_CASSIAU-10-scaled-150x150.jpg",150,150,true],"medium":["https:\/\/bassin-arcachon.com\/wp-content\/uploads\/2024\/09\/20160531_HD_Domaine-de-Certes_CASSIAU-10-scaled-600x400.jpg",600,400,true],"medium_large":["https:\/\/bassin-arcachon.com\/wp-content\/uploads\/2024\/09\/20160531_HD_Domaine-de-Certes_CASSIAU-10-scaled-768x512.jpg",768,512,true],"large":["https:\/\/bassin-arcachon.com\/wp-content\/uploads\/2024\/09\/20160531_HD_Domaine-de-Certes_CASSIAU-10-scaled-1024x683.jpg",1024,683,true],"1536x1536":["https:\/\/bassin-arcachon.com\/wp-content\/uploads\/2024\/09\/20160531_HD_Domaine-de-Certes_CASSIAU-10-scaled-1536x1024.jpg",1536,1024,true],"2048x2048":["https:\/\/bassin-arcachon.com\/wp-content\/uploads\/2024\/09\/20160531_HD_Domaine-de-Certes_CASSIAU-10-scaled-2048x1366.jpg",2048,1366,true],"trp-custom-language-flag":["https:\/\/bassin-arcachon.com\/wp-content\/uploads\/2024\/09\/20160531_HD_Domaine-de-Certes_CASSIAU-10-scaled-18x12.jpg",18,12,true]},"uagb_author_info":{"display_name":"Marie Clauzel","author_link":"https:\/\/bassin-arcachon.com\/it\/author\/mariesiba\/"},"uagb_comment_info":0,"uagb_excerpt":"Depuis plusieurs ann\u00e9es, les acteurs locaux du Bassin d\u2019Arcachon, qu\u2019ils soient du secteur touristique ou agricole, se mobilisent avec passion pour promouvoir des pratiques durables et responsables. Leurs efforts combin\u00e9s [&hellip;]","_links":{"self":[{"href":"https:\/\/bassin-arcachon.com\/it\/wp-json\/wp\/v2\/posts\/59031","targetHints":{"allow":["GET"]}}],"collection":[{"href":"https:\/\/bassin-arcachon.com\/it\/wp-json\/wp\/v2\/posts"}],"about":[{"href":"https:\/\/bassin-arcachon.com\/it\/wp-json\/wp\/v2\/types\/post"}],"author":[{"embeddable":true,"href":"https:\/\/bassin-arcachon.com\/it\/wp-json\/wp\/v2\/users\/25"}],"replies":[{"embeddable":true,"href":"https:\/\/bassin-arcachon.com\/it\/wp-json\/wp\/v2\/comments?post=59031"}],"version-history":[{"count":0,"href":"https:\/\/bassin-arcachon.com\/it\/wp-json\/wp\/v2\/posts\/59031\/revisions"}],"wp:featuredmedia":[{"embeddable":true,"href":"https:\/\/bassin-arcachon.com\/it\/wp-json\/wp\/v2\/media\/59052"}],"wp:attachment":[{"href":"https:\/\/bassin-arcachon.com\/it\/wp-json\/wp\/v2\/media?parent=59031"}],"wp:term":[{"taxonomy":"category","embeddable":true,"href":"https:\/\/bassin-arcachon.com\/it\/wp-json\/wp\/v2\/categories?post=59031"},{"taxonomy":"post_tag","embeddable":true,"href":"https:\/\/bassin-arcachon.com\/it\/wp-json\/wp\/v2\/tags?post=59031"}],"curies":[{"name":"wp","href":"https:\/\/api.w.org\/{rel}","templated":true}]}}