{"id":58681,"date":"2024-06-18T15:05:05","date_gmt":"2024-06-18T13:05:05","guid":{"rendered":"https:\/\/bassin-arcachon.com\/?p=58681"},"modified":"2026-04-23T17:07:30","modified_gmt":"2026-04-23T15:07:30","slug":"%d0%b1%d0%be%d0%bb%d1%8c%d1%88%d0%b8%d0%b5-%d0%bb%d0%b5%d1%82%d0%bd%d0%b8%d0%b5-%d1%81%d0%be%d0%b1%d1%8b%d1%82%d0%b8%d1%8f-%d0%b2-%d0%b1%d0%b0%d1%81%d1%81%d0%b5%d0%b9%d0%bd%d0%b5-%d0%b4%d0%b0%d1%80","status":"publish","type":"post","link":"https:\/\/bassin-arcachon.com\/ru\/les-grands-evenements-de-lete-sur-le-bassin-darcachon\/","title":{"rendered":"\u0411\u043e\u043b\u044c\u0448\u0438\u0435 \u043b\u0435\u0442\u043d\u0438\u0435 \u043c\u0435\u0440\u043e\u043f\u0440\u0438\u044f\u0442\u0438\u044f \u043d\u0430 Bassin \u0432 \u0410\u0440\u043a\u0430\u0448\u043e\u043d\u0435!"},"content":{"rendered":"<div class=\"wp-block-uagb-container uagb-block-28314f79 alignfull uagb-is-root-container\"><div class=\"uagb-container-inner-blocks-wrap\">\n<h2 class=\"wp-block-heading\">Ne manquez pas les \u00e9v\u00e9nements incontournables de l&rsquo;\u00e9t\u00e9sur le Bassin : <\/h2>\n<\/div><\/div>\n\n\n\n<div class=\"wp-block-uagb-container uagb-block-7bf5d301 alignfull uagb-is-root-container\"><div class=\"uagb-container-inner-blocks-wrap\">\n<h1 class=\"wp-block-heading has-text-align-center\"><mark style=\"background-color:#ffffff\" class=\"has-inline-color has-luminous-vivid-amber-color\">\u0418\u042e\u041d\u042c : <\/mark><\/h1>\n<\/div><\/div>\n\n\n\n<div class=\"wp-block-uagb-container uagb-block-bc8c6111 alignfull uagb-is-root-container\"><div class=\"uagb-container-inner-blocks-wrap\">\n<h2 class=\"wp-block-heading\"><strong>Les 12 et 13 juin : Fetarade &#8211; Gujan-Mestras<\/strong><\/h2>\n\n\n\n<p>Un pour un week-end rempli de musique, de bonne humeur et (on l\u2019esp\u00e8re tr\u00e8s fort) de soleil.<br>La programmation arrive tr\u00e8s vite\u2026 mais on peut d\u00e9j\u00e0 vous promettre une chose : vous allez pouvoir chanter \u00e0 tue-t\u00eate sur vos musiques pr\u00e9f\u00e9r\u00e9es.<br><strong>\u0414\u043e\u043f\u043e\u043b\u043d\u0438\u0442\u0435\u043b\u044c\u043d\u0430\u044f \u0438\u043d\u0444\u043e\u0440\u043c\u0430\u0446\u0438\u044f : <a href=\"https:\/\/www.facebook.com\/lafetarade\/?locale=fr_FR\" target=\"_blank\" rel=\"noopener\">https:\/\/www.facebook.com\/lafetarade\/?locale=fr_FR<\/a><\/strong><\/p>\n<\/div><\/div>\n\n\n\n<div class=\"wp-block-uagb-container uagb-block-ffcef669 alignfull uagb-is-root-container\"><div class=\"uagb-container-inner-blocks-wrap\">\n<h2 class=\"wp-block-heading\"><strong>19 juin : Cali en concert &#8211; Ar\u00e8s<\/strong><\/h2>\n\n\n\n<p>Cali repart sur les routes avec un Band de comp\u00e9tition, pour une s\u00e9rie de concert debout ! Il passera \u00e0 l&rsquo;Espace Br\u00e9montier le 19 juin prochain \u00e0 20h30 <\/p>\n\n\n\n<p><strong>\u0411\u043e\u043b\u044c\u0448\u0435 \u0438\u043d\u0444\u043e\u0440\u043c\u0430\u0446\u0438\u0438: <a href=\"https:\/\/www.espacebremontier-ares.fr\/evenement\/cali\/\" target=\"_blank\" rel=\"noopener\"><\/a><a href=\"https:\/\/www.espacebremontier-ares.fr\/evenement\/cali\/\" target=\"_blank\" rel=\"noopener\">https:\/\/www.espacebremontier-ares.fr\/evenement\/cali\/<\/a><\/strong><\/p>\n\n\n\n<figure class=\"wp-block-image size-full is-resized\"><img loading=\"lazy\" decoding=\"async\" width=\"700\" height=\"355\" src=\"https:\/\/bassin-arcachon.com\/wp-content\/uploads\/2024\/06\/1.png\" alt=\"- - Bassin d&#039;Arcachon\" class=\"wp-image-248468\" style=\"width:795px;height:auto\" title=\"- - Bassin d&#039;Arcachon\" srcset=\"https:\/\/bassin-arcachon.com\/wp-content\/uploads\/2024\/06\/1.png 700w, https:\/\/bassin-arcachon.com\/wp-content\/uploads\/2024\/06\/1-600x304.png 600w, https:\/\/bassin-arcachon.com\/wp-content\/uploads\/2024\/06\/1-18x9.png 18w\" sizes=\"auto, (max-width: 700px) 100vw, 700px\" \/><figcaption class=\"wp-element-caption\">\u00a9 B\u00e9a GILLOT<\/figcaption><\/figure>\n<\/div><\/div>\n\n\n\n<div class=\"wp-block-uagb-container uagb-block-fd46290c alignfull uagb-is-root-container\"><div class=\"uagb-container-inner-blocks-wrap\">\n<h2 class=\"wp-block-heading\"><strong>19 juin : Musique en f\u00eate &#8211; Mios<\/strong><\/h2>\n\n\n\n<p>Soir\u00e9e musicale avec un concert de l\u2019\u00e9cole Music en L\u2019Eyre, suivi d\u2019un ap\u00e9ro concert \u00e9nergique qui saura vous mettre en app\u00e9tit.<br>Puis rendez-vous sous la halle o\u00f9 d\u2019autres concerts vous feront danser jusqu\u2019au bout de la nuit&nbsp;!<br>Le programme arrive bient\u00f4t&nbsp;!<br>Buvette et restauration sur place avec le Comit\u00e9 des F\u00eates, l\u2019Amicale des Sapeurs pompiers et l\u2019Elan Miossais&nbsp;!<\/p>\n<\/div><\/div>\n\n\n\n<div class=\"wp-block-uagb-container uagb-block-5a29eaa2 alignfull uagb-is-root-container\"><div class=\"uagb-container-inner-blocks-wrap\">\n<h2 class=\"wp-block-heading\"><strong>21 juin : On ouvre ! &#8211;  Cabanes ostr\u00e9icoles du Bassin<\/strong><\/h2>\n\n\n\n<p>#Onouvre promet un \u00e9v\u00e9nement festif autour des cabanes de d\u00e9gustation pour c\u00e9l\u00e9brer le r\u00e9veil de la saison ostr\u00e9icole et accueillir les visiteurs dans les cabanes pittoresques du Bassin. \u00ab\u00a0On ouvre\u00a0\u00bb la saison, \u00ab\u00a0on ouvre\u00a0\u00bb les hu\u00eetres, \u00ab\u00a0on ouvre\u00a0\u00bb les cabanes, \u00ab\u00a0on ouvre\u00a0\u00bb le bon vin de Bordeaux.<br><strong>\u0411\u043e\u043b\u044c\u0448\u0435 \u0438\u043d\u0444\u043e\u0440\u043c\u0430\u0446\u0438\u0438: <a href=\"https:\/\/huitres-arcachon-capferret.fr\/\" target=\"_blank\" rel=\"noopener\">https:\/\/huitres-arcachon-capferret.fr\/<\/a><\/strong><\/p>\n\n\n\n<figure class=\"wp-block-image size-full is-resized\"><img loading=\"lazy\" decoding=\"async\" width=\"700\" height=\"355\" src=\"https:\/\/bassin-arcachon.com\/wp-content\/uploads\/2024\/06\/1-1.png\" alt=\"- - Bassin d&#039;Arcachon\" class=\"wp-image-248471\" style=\"width:798px;height:auto\" title=\"- - Bassin d&#039;Arcachon\" srcset=\"https:\/\/bassin-arcachon.com\/wp-content\/uploads\/2024\/06\/1-1.png 700w, https:\/\/bassin-arcachon.com\/wp-content\/uploads\/2024\/06\/1-1-600x304.png 600w, https:\/\/bassin-arcachon.com\/wp-content\/uploads\/2024\/06\/1-1-18x9.png 18w\" sizes=\"auto, (max-width: 700px) 100vw, 700px\" \/><figcaption class=\"wp-element-caption\">\u00a9 \u0421\u0430\u043d\u0434\u0440\u0430 \u0425\u0418\u0413\u041e\u041d\u041d\u0415\u041d\u041a<\/figcaption><\/figure>\n<\/div><\/div>\n\n\n\n<div class=\"wp-block-uagb-container uagb-block-802ab75d alignfull uagb-is-root-container\"><div class=\"uagb-container-inner-blocks-wrap\">\n<h2 class=\"wp-block-heading\"><strong>23 juin : F\u00eate de la St Jean &#8211; Andernos<\/strong><\/h2>\n\n\n\n<p>Sur l\u2019esplanade de la Jet\u00e9e, vous pourrez profiter d\u2019une ambiance festive en dansant avec le groupe folklorique \u00ab&nbsp;Lous Pignots&nbsp;\u00bb d\u00e8s 21h. C\u2019est une excellente fa\u00e7on de d\u00e9couvrir les danses traditionnelles et de partager un moment convivial avec les autres participants.<\/p>\n<\/div><\/div>\n\n\n\n<div class=\"wp-block-uagb-container uagb-block-1674a3d1 alignfull uagb-is-root-container\"><div class=\"uagb-container-inner-blocks-wrap\">\n<h2 class=\"wp-block-heading\"><strong>27 juin : Soir\u00e9e Blanche &#8211; La Teste-de-Buch<\/strong><\/h2>\n\n\n\n<p>\u0421\u043e\u0431\u044b\u0442\u0438\u0435, \u043e\u0442\u043a\u0440\u044b\u0432\u0430\u044e\u0449\u0435\u0435 \u043b\u0435\u0442\u043d\u0438\u0439 \u0441\u0435\u0437\u043e\u043d La Teste de Buch! \u0412 \u043f\u0440\u043e\u0433\u0440\u0430\u043c\u043c\u0435: \u043c\u0443\u0437\u044b\u043a\u0430\u043b\u044c\u043d\u044b\u0439 \u0432\u0435\u0447\u0435\u0440, \u0432\u0441\u0435 \u0432 \u0431\u0435\u043b\u043e\u043c \u0432\u043e\u043a\u0440\u0443\u0433 \u043e\u0437\u0435\u0440\u0430 \u041a\u0430\u0437\u043e! <br><strong>\u0411\u043e\u043b\u044c\u0448\u0435 \u0438\u043d\u0444\u043e\u0440\u043c\u0430\u0446\u0438\u0438: <a href=\"https:\/\/tourisme-latestedebuch.com\/soiree-blanche-2025\/\" target=\"_blank\" rel=\"noopener\">https:\/\/tourisme-latestedebuch.com\/soiree-blanche-2025\/<\/a><\/strong><\/p>\n\n\n\n<p><strong>\u0412\u0441\u043f\u043e\u043c\u0438\u043d\u0430\u044f \u043f\u0440\u043e\u0448\u043b\u043e\u0433\u043e\u0434\u043d\u0438\u0435 \u0444\u043e\u0442\u043e\u0433\u0440\u0430\u0444\u0438\u0438:<\/strong><\/p>\n\n\n\n<figure class=\"wp-block-embed is-type-video is-provider-youtube wp-block-embed-youtube wp-embed-aspect-16-9 wp-has-aspect-ratio\"><div class=\"wp-block-embed__wrapper\">\n<iframe loading=\"lazy\" title=\"4500 \u0447\u0435\u043b\u043e\u0432\u0435\u043a \u043d\u0430 \u0411\u0435\u043b\u044b\u0439 \u0432\u0435\u0447\u0435\u0440!\" width=\"500\" height=\"281\" src=\"https:\/\/www.youtube.com\/embed\/QwRm40dAbfw?feature=oembed\" frameborder=\"0\" allow=\"accelerometer; autoplay; clipboard-write; encrypted-media; gyroscope; picture-in-picture; web-share\" referrerpolicy=\"strict-origin-when-cross-origin\" allowfullscreen><\/iframe>\n<\/div><\/figure>\n<\/div><\/div>\n\n\n\n<div class=\"wp-block-uagb-container uagb-block-5f5aaaf5 alignfull uagb-is-root-container\"><div class=\"uagb-container-inner-blocks-wrap\">\n<h2 class=\"wp-block-heading\"><strong>Les 26 et 27 juin : Festival Regarde! &#8211; Ar\u00e8s<\/strong><\/h2>\n\n\n\n<p>\u042d\u0442\u043e\u0442 \u043c\u043e\u043b\u043e\u0434\u043e\u0439 \u0444\u0435\u0441\u0442\u0438\u0432\u0430\u043b\u044c \u0437\u0430\u0440\u0435\u043a\u043e\u043c\u0435\u043d\u0434\u043e\u0432\u0430\u043b \u0441\u0435\u0431\u044f \u043a\u0430\u043a \u043e\u0431\u044f\u0437\u0430\u0442\u0435\u043b\u044c\u043d\u044b\u0439 \u043f\u0443\u043d\u043a\u0442 \u043a\u0443\u043b\u044c\u0442\u0443\u0440\u043d\u043e\u0433\u043e \u0441\u0435\u0437\u043e\u043d\u0430 \u0441 \u0437\u0430\u0445\u0432\u0430\u0442\u044b\u0432\u0430\u044e\u0449\u0438\u043c\u0438 \u0434\u0443\u0445 \u0448\u043e\u0443 \u043d\u0430 \u043e\u0442\u043a\u0440\u044b\u0442\u043e\u043c \u0432\u043e\u0437\u0434\u0443\u0445\u0435! 3 \u0434\u043d\u044f, \u0432 \u0442\u0435\u0447\u0435\u043d\u0438\u0435 \u043a\u043e\u0442\u043e\u0440\u044b\u0445 \u043e\u0431\u0449\u0435\u0441\u0442\u0432\u0435\u043d\u043d\u043e\u0435 \u043f\u0440\u043e\u0441\u0442\u0440\u0430\u043d\u0441\u0442\u0432\u043e \u0432 \u0410\u0440\u0435\u0441\u0435 \u0441\u0443\u0431\u043b\u0438\u043c\u0438\u0440\u0443\u0435\u0442, \u043d\u0430\u0432\u043e\u0434\u0438\u0442 \u043d\u0430 \u0440\u0430\u0437\u043c\u044b\u0448\u043b\u0435\u043d\u0438\u044f \u0438 \u043e\u0431\u044a\u0435\u0434\u0438\u043d\u044f\u0435\u0442 \u043b\u044e\u0434\u0435\u0439.<br><strong>\u0411\u043e\u043b\u044c\u0448\u0435 \u0438\u043d\u0444\u043e\u0440\u043c\u0430\u0446\u0438\u0438: <a href=\"https:\/\/www.espacebremontier-ares.fr\/evenement\/festival-regarde-2026\/\" target=\"_blank\" rel=\"noopener\">https:\/\/www.espacebremontier-ares.fr\/evenement\/festival-regarde-2026\/<\/a><\/strong><\/p>\n\n\n\n<figure class=\"wp-block-image size-full is-resized\"><img loading=\"lazy\" decoding=\"async\" width=\"700\" height=\"355\" src=\"https:\/\/bassin-arcachon.com\/wp-content\/uploads\/2024\/06\/Design-sans-titre-13.png\" alt=\"- - Bassin d&#039;Arcachon\" class=\"wp-image-163745\" style=\"width:798px;height:auto\" title=\"- - Bassin d&#039;Arcachon\" srcset=\"https:\/\/bassin-arcachon.com\/wp-content\/uploads\/2024\/06\/Design-sans-titre-13.png 700w, https:\/\/bassin-arcachon.com\/wp-content\/uploads\/2024\/06\/Design-sans-titre-13-600x304.png 600w, https:\/\/bassin-arcachon.com\/wp-content\/uploads\/2024\/06\/Design-sans-titre-13-18x9.png 18w\" sizes=\"auto, (max-width: 700px) 100vw, 700px\" \/><figcaption class=\"wp-element-caption\">\u00a9 \u0411\u0435\u043d\u0443\u0430 \u041c\u0410\u0420\u0422\u0420\u0415\u041d\u0428\u0410\u0420<\/figcaption><\/figure>\n<\/div><\/div>\n\n\n\n<h1 class=\"wp-block-heading has-text-align-center\"><mark style=\"background-color:rgba(0, 0, 0, 0)\" class=\"has-inline-color has-luminous-vivid-amber-color\">\u0418\u042e\u041b\u042c :<\/mark><\/h1>\n\n\n\n<div class=\"wp-block-uagb-container uagb-block-2b47a509 alignfull uagb-is-root-container\"><div class=\"uagb-container-inner-blocks-wrap\">\n<h2 class=\"wp-block-heading\"><strong>3 juillet : Soir\u00e9e Barr\u00e9e &#8211; Gujan-Mestras<\/strong><\/h2>\n\n\n\n<p><strong>Plus d&rsquo;infos \u00e0 venir<\/strong><\/p>\n<\/div><\/div>\n\n\n\n<div class=\"wp-block-uagb-container uagb-block-5bec84e5 alignfull uagb-is-root-container\"><div class=\"uagb-container-inner-blocks-wrap\">\n<h2 class=\"wp-block-heading\"><strong>\u0421 19 \u0438\u044e\u043d\u044f \u043f\u043e 19 \u0438\u044e\u043b\u044f: \u041c\u0443\u0437\u044b\u043a\u0430\u043b\u044c\u043d\u044b\u0435 \u043f\u0440\u0438\u043a\u043b\u044e\u0447\u0435\u043d\u0438\u044f \u2013 \u041f\u0435\u0440\u0435\u0434\u0432\u0438\u0436\u043d\u044b\u0435 \u043a\u043e\u043d\u0446\u0435\u0440\u0442\u044b<\/strong><\/h2>\n\n\n\n<p>\u0412 \u044d\u0442\u043e\u043c \u0433\u043e\u0434\u0443 \u0444\u0435\u0441\u0442\u0438\u0432\u0430\u043b\u044c \u043e\u0442\u043c\u0435\u0447\u0430\u0435\u0442 \u0441\u0432\u043e\u0439 16-\u0439 \u044e\u0431\u0438\u043b\u0435\u0439. \u0412 \u0442\u0435\u0447\u0435\u043d\u0438\u0435 \u043f\u044f\u0442\u0438 \u043d\u0435\u0434\u0435\u043b\u044c \u0432\u0435\u043b\u0438\u0447\u0430\u0439\u0448\u0438\u0435 \u043c\u0435\u0436\u0434\u0443\u043d\u0430\u0440\u043e\u0434\u043d\u044b\u0435 \u0430\u0440\u0442\u0438\u0441\u0442\u044b \u0431\u0443\u0434\u0443\u0442 \u0440\u0430\u0434\u043e\u0432\u0430\u0442\u044c \u043f\u0443\u0431\u043b\u0438\u043a\u0443, \u0441\u043e\u0441\u0442\u043e\u044f\u0449\u0443\u044e \u043a\u0430\u043a \u0438\u0437 \u0432\u0437\u044b\u0441\u043a\u0430\u0442\u0435\u043b\u044c\u043d\u044b\u0445 \u043b\u044e\u0431\u0438\u0442\u0435\u043b\u0435\u0439 \u043c\u0443\u0437\u044b\u043a\u0438, \u0442\u0430\u043a \u0438 \u0438\u0437 \u043b\u044e\u0431\u043e\u043f\u044b\u0442\u043d\u044b\u0445 \u0437\u0440\u0438\u0442\u0435\u043b\u0435\u0439, \u043a\u043e\u0442\u043e\u0440\u044b\u0435 \u043f\u0440\u0438\u0435\u0437\u0436\u0430\u044e\u0442 \u0441\u043e \u0441\u0432\u043e\u0438\u043c\u0438 \u0441\u0435\u043c\u044c\u044f\u043c\u0438, \u0447\u0442\u043e\u0431\u044b \u043e\u0442\u043a\u0440\u044b\u0442\u044c \u0434\u043b\u044f \u0441\u0435\u0431\u044f \u0447\u0443\u0434\u0435\u0441\u0430 \u043a\u043b\u0430\u0441\u0441\u0438\u0447\u0435\u0441\u043a\u043e\u0439 \u043c\u0443\u0437\u044b\u043a\u0438 \u0432 \u044d\u0442\u043e\u043c \u043f\u0443\u0442\u0435\u0448\u0435\u0441\u0442\u0432\u0438\u0438 \u0432\u0434\u043e\u043b\u044c \u0440\u0435\u043a\u0438 \u041b\u0435\u0439\u0440 \u0438 \u0432\u043e\u043a\u0440\u0443\u0433 \u0410\u0440\u043a\u0430\u0448\u043e\u043d\u0430 Bassin.<br><strong>\u0411\u043e\u043b\u044c\u0448\u0435 \u0438\u043d\u0444\u043e\u0440\u043c\u0430\u0446\u0438\u0438: <a href=\"https:\/\/www.lesescapadesmusicales.com\/\" target=\"_blank\" rel=\"noopener\">https:\/\/www.lesescapadesmusicales.com\/<\/a><\/strong><\/p>\n<\/div><\/div>\n\n\n\n<div class=\"wp-block-uagb-container uagb-block-efdf3a3d alignfull uagb-is-root-container\"><div class=\"uagb-container-inner-blocks-wrap\">\n<h2 class=\"wp-block-heading\"><strong>\u041f\u044f\u0442\u043d\u0438\u0446\u0430 4-25 \u0438\u044e\u043b\u044f: Les Lantonnales \u2013 \u041b\u0430\u043d\u0442\u043e\u043d<\/strong><\/h2>\n\n\n\n<p>\u0424\u0435\u0441\u0442\u0438\u0432\u0430\u043b\u044c Les Lantonnales, \u0445\u043e\u0440\u043e\u0448\u043e \u0437\u0430\u0440\u0435\u043a\u043e\u043c\u0435\u043d\u0434\u043e\u0432\u0430\u0432\u0448\u0438\u0439 \u0441\u0435\u0431\u044f \u0432 \u043a\u0443\u043b\u044c\u0442\u0443\u0440\u043d\u043e\u043c \u043b\u0430\u043d\u0434\u0448\u0430\u0444\u0442\u0435 \u0433\u043e\u0440\u043e\u0434\u0430, \u0441\u0442\u0430\u0432\u0438\u0442 \u043a\u043b\u0430\u0441\u0441\u0438\u0447\u0435\u0441\u043a\u0443\u044e \u043c\u0443\u0437\u044b\u043a\u0443 \u0432 \u0446\u0435\u043d\u0442\u0440 \u0432\u043d\u0438\u043c\u0430\u043d\u0438\u044f, \u043f\u0440\u0438\u0433\u043b\u0430\u0448\u0430\u044f \u043a \u043f\u0443\u0442\u0435\u0448\u0435\u0441\u0442\u0432\u0438\u044e. \u0412\u0445\u043e\u0434 \u0441\u0432\u043e\u0431\u043e\u0434\u043d\u044b\u0439 \u0438 \u0431\u0435\u0441\u043f\u043b\u0430\u0442\u043d\u044b\u0439.<br><strong>\u0411\u043e\u043b\u044c\u0448\u0435 \u0438\u043d\u0444\u043e\u0440\u043c\u0430\u0446\u0438\u0438: <a href=\"https:\/\/www.mairie-lanton.fr\/les-lantonnales\/\" target=\"_blank\" rel=\"noopener\">https:\/\/www.mairie-lanton.fr\/les-lantonnales\/<\/a><\/strong><\/p>\n<\/div><\/div>\n\n\n\n<div class=\"wp-block-uagb-container uagb-block-a7535b2d alignfull uagb-is-root-container\"><div class=\"uagb-container-inner-blocks-wrap\">\n<h2 class=\"wp-block-heading\"><strong>Du 4 au 5 juillet : Les Sc\u00e8nes Musicales &#8211; La Teste-de-Buch<\/strong><\/h2>\n\n\n\n<p>\u0412\u043e \u0432\u0442\u043e\u0440\u043e\u0439 \u0433\u043e\u0434 \u0432 \u0440\u0430\u043c\u043a\u0430\u0445 \u043c\u0435\u0440\u043e\u043f\u0440\u0438\u044f\u0442\u0438\u044f \u043f\u0440\u043e\u0439\u0434\u0435\u0442 African Vibes Festival \u0432 \u0442\u0435\u0430\u0442\u0440\u0435 Cravey Theatre, \u0433\u0434\u0435 \u043f\u0440\u043e\u0439\u0434\u0443\u0442 \u043c\u043d\u043e\u0433\u043e\u0447\u0438\u0441\u043b\u0435\u043d\u043d\u044b\u0435 \u043a\u043e\u043d\u0446\u0435\u0440\u0442\u044b. \u0422\u0430\u043a\u0436\u0435 \u0431\u0443\u0434\u0435\u0442 \u043e\u0440\u0433\u0430\u043d\u0438\u0437\u043e\u0432\u0430\u043d\u0430 \u0434\u0435\u0440\u0435\u0432\u043d\u044f \u043d\u0430 \u043e\u0442\u043a\u0440\u044b\u0442\u043e\u043c \u0432\u043e\u0437\u0434\u0443\u0445\u0435 \u0441 \u0435\u0434\u043e\u0439, \u043f\u0440\u043e\u0445\u043b\u0430\u0434\u0438\u0442\u0435\u043b\u044c\u043d\u044b\u043c\u0438 \u043d\u0430\u043f\u0438\u0442\u043a\u0430\u043c\u0438 \u0438 \u043a\u043e\u043d\u0446\u0435\u0440\u0442\u0430\u043c\u0438.<br><strong>\u0411\u043e\u043b\u044c\u0448\u0435 \u0438\u043d\u0444\u043e\u0440\u043c\u0430\u0446\u0438\u0438: <a href=\"https:\/\/www.latestedebuch.fr\/actualites\/african-vibes-festival\/\" target=\"_blank\" rel=\"noopener\">https:\/\/www.latestedebuch.fr\/actualites\/african-vibes-festival\/<\/a><\/strong><\/p>\n<\/div><\/div>\n\n\n\n<div class=\"wp-block-uagb-container uagb-block-dbe972e6 alignfull uagb-is-root-container\"><div class=\"uagb-container-inner-blocks-wrap\">\n<h2 class=\"wp-block-heading\"><strong><strong><strong>Du 4 au 5 juillet : les 18h \u00e0 la voile &#8211; Arcachon<\/strong><\/strong><\/strong><\/h2>\n\n\n\n<p>\u0421 1969 \u0433\u043e\u0434\u0430 \u0435\u0436\u0435\u0433\u043e\u0434\u043d\u043e \u0432 \u0438\u044e\u043b\u0435&nbsp;<a href=\"https:\/\/www.voile-arcachon.fr\/\" target=\"_blank\" rel=\"noopener\">\u041f\u0430\u0440\u0443\u0441\u043d\u044b\u0439 \u043a\u0440\u0443\u0433 \u0410\u0440\u043a\u0430\u0448\u043e\u043d\u0430<\/a>&nbsp;\u043e\u0440\u0433\u0430\u043d\u0438\u0437\u0443\u0435\u0442 \u043d\u0435\u0437\u0430\u0431\u044b\u0432\u0430\u0435\u043c\u043e\u0435 \u043f\u0430\u0440\u0443\u0441\u043d\u043e\u0435 \u043c\u0435\u0440\u043e\u043f\u0440\u0438\u044f\u0442\u0438\u0435 \u0432 \u0410\u0440\u043a\u0430\u0448\u043e\u043d\u0435 \u0432 18:00. \u041d\u0430 \u0441\u0442\u0430\u0440\u0442\u043e\u0432\u043e\u0439 \u043b\u0438\u043d\u0438\u0438 \u0432\u044b\u0441\u0442\u0440\u043e\u0438\u043b\u0438\u0441\u044c \u043e\u043a\u043e\u043b\u043e \u0441\u043e\u0442\u043d\u0438 \u043b\u043e\u0434\u043e\u043a, \u0433\u043e\u0442\u043e\u0432\u044b\u0445 \u0441\u0440\u0430\u0436\u0430\u0442\u044c\u0441\u044f \u0432 \u0442\u0435\u0447\u0435\u043d\u0438\u0435 18 \u0447\u0430\u0441\u043e\u0432 \u043d\u0435\u043f\u0440\u0435\u0440\u044b\u0432\u043d\u043e\u0439 \u0440\u0435\u0433\u0430\u0442\u044b.<br><strong>\u0411\u043e\u043b\u044c\u0448\u0435 \u0438\u043d\u0444\u043e\u0440\u043c\u0430\u0446\u0438\u0438: <a href=\"https:\/\/www.voile-arcachon.fr\/agenda-du-regatier\/18-heures-darcachon\/\" target=\"_blank\" rel=\"noopener\">https:\/\/www.voile-arcachon.fr\/agenda-du-regatier\/18-heures-darcachon\/<\/a><\/strong><\/p>\n\n\n\n<figure class=\"wp-block-embed is-type-video is-provider-youtube wp-block-embed-youtube wp-embed-aspect-16-9 wp-has-aspect-ratio\"><div class=\"wp-block-embed__wrapper\">\n<iframe loading=\"lazy\" title=\"108 \u043b\u043e\u0434\u043e\u043a \u043d\u0430 \u0441\u0442\u0430\u0440\u0442\u0435 \u043f\u0430\u0440\u0443\u0441\u043d\u043e\u0439 \u0433\u043e\u043d\u043a\u0438 \u0432 18:00 \u0432 \u0410\u0440\u043a\u0430\u0448\u043e\u043d\u0435!\" width=\"500\" height=\"281\" src=\"https:\/\/www.youtube.com\/embed\/jstbP4Tw9v4?feature=oembed\" frameborder=\"0\" allow=\"accelerometer; autoplay; clipboard-write; encrypted-media; gyroscope; picture-in-picture; web-share\" referrerpolicy=\"strict-origin-when-cross-origin\" allowfullscreen><\/iframe>\n<\/div><\/figure>\n<\/div><\/div>\n\n\n\n<div class=\"wp-block-uagb-container uagb-block-e2d02181 alignfull uagb-is-root-container\"><div class=\"uagb-container-inner-blocks-wrap\">\n<h2 class=\"wp-block-heading\"><strong>Du 4 au 5 juillet : Festival Bee Out &#8211; Mios<\/strong><\/h2>\n\n\n\n<p>\u0413\u043e\u0440\u043e\u0434\u0441\u043a\u0438\u0435 \u0445\u0443\u0434\u043e\u0436\u0435\u0441\u0442\u0432\u0435\u043d\u043d\u044b\u0435 \u043f\u0440\u0430\u043a\u0442\u0438\u043a\u0438 \u043d\u0430\u0445\u043e\u0434\u044f\u0442\u0441\u044f \u0432 \u0446\u0435\u043d\u0442\u0440\u0435 \u0432\u043d\u0438\u043c\u0430\u043d\u0438\u044f \u044d\u0442\u043e\u0433\u043e \u043d\u0435\u0437\u0430\u0431\u044b\u0432\u0430\u0435\u043c\u043e\u0433\u043e \u0441\u043e\u0431\u044b\u0442\u0438\u044f \u0432 \u043d\u0430\u0447\u0430\u043b\u0435 \u043b\u0435\u0442\u043d\u0435\u0433\u043e \u0441\u0435\u0437\u043e\u043d\u0430.<br>\u041c\u043e\u043b\u043e\u0434\u0435\u0436\u043d\u044b\u0439 \u0446\u0435\u043d\u0442\u0440, DITEP (\u0440\u0430\u0439\u043e\u043d\u043d\u044b\u0439 \u0438 \u0440\u0435\u0433\u0438\u043e\u043d\u0430\u043b\u044c\u043d\u044b\u0439 \u0446\u0435\u043d\u0442\u0440 \u043e\u0431\u0440\u0430\u0437\u043e\u0432\u0430\u043d\u0438\u044f \u0438 \u043e\u0431\u0443\u0447\u0435\u043d\u0438\u044f) \u0438 \u043a\u0443\u043b\u044c\u0442\u0443\u0440\u043d\u044b\u0439 \u043e\u0442\u0434\u0435\u043b \u043c\u044d\u0440\u0438\u0438 \u0433\u043e\u0442\u043e\u0432\u044f\u0442 \u043f\u0440\u043e\u0433\u0440\u0430\u043c\u043c\u0443 \u0434\u043b\u044f \u0432\u0441\u0435\u0445 \u043f\u043e\u0434\u0440\u043e\u0441\u0442\u043a\u043e\u0432 \u0440\u0430\u0439\u043e\u043d\u0430: \u0441\u043f\u043e\u0440\u0442, \u043a\u0443\u043b\u044c\u0442\u0443\u0440\u043d\u044b\u0435 \u043c\u0435\u0440\u043e\u043f\u0440\u0438\u044f\u0442\u0438\u044f, \u043e\u0442\u043a\u0440\u044b\u0442\u0438\u044f \u0438 \u0448\u043e\u0443. \u041d\u0438\u0447\u0435\u0433\u043e \u043d\u0435 \u0431\u0443\u0434\u0435\u0442 \u0443\u043f\u0443\u0449\u0435\u043d\u043e, \u0447\u0442\u043e\u0431\u044b \u0441\u0434\u0435\u043b\u0430\u0442\u044c \u044d\u0442\u043e\u0442 \u0434\u0435\u043d\u044c \u043d\u0435\u0437\u0430\u0431\u044b\u0432\u0430\u0435\u043c\u044b\u043c!<br>Nouveaut\u00e9 cette ann\u00e9e : le samedi 5 juillet, place aux artistes ! De 15h \u00e0 18h concours de graff pour les 16-25 ans. Inscriptions aupr\u00e8s de l&rsquo;Espace Jeunes \u00e0 espacejeunes@villemios.fr<br><strong>\u0411\u043e\u043b\u044c\u0448\u0435 \u0438\u043d\u0444\u043e\u0440\u043c\u0430\u0446\u0438\u0438: <a href=\"https:\/\/www.villemios.fr\/festival-bee-out\/\" target=\"_blank\" rel=\"noopener\">https:\/\/www.villemios.fr\/festival-bee-out\/<\/a><\/strong><\/p>\n<\/div><\/div>\n\n\n\n<div class=\"wp-block-uagb-container uagb-block-6d1c5fb6 alignfull uagb-is-root-container\"><div class=\"uagb-container-inner-blocks-wrap\">\n<h2 class=\"wp-block-heading\"><strong>Du 7 au 10 juillet : Festival Partir en Livres &#8211; Andernos<\/strong><\/h2>\n\n\n\n<p>En 2026, les h\u00e9ros ouvrent la voie de l\u2019imaginaire \u00e0 l\u2019occasion de \u00ab Partir en livre \u00bb. Du 7 au 10 juillet, la m\u00e9diath\u00e8que Andr\u00e9e Ch\u00e9did devient un territoire d\u2019aventures, de mots et de r\u00eaves partag\u00e9s.<br>Au programme de cette 12\u00e8me \u00e9dition organis\u00e9e par la M\u00e9diath\u00e8que Andr\u00e9e Chedid : rencontres, ateliers, quizz, lectures \u00e0 haute voix ou musicales et jeux en plein air pour c\u00e9l\u00e9brer la Litt\u00e9rature en famille. Gouter d&rsquo;inauguration le mardi 7 juillet \u00e0 16h30 pour les enfants et leurs familles.<br>En partenariat avec les associations culturelle Grandilire et Lire et faire lire ainsi que la Librairie ind\u00e9pendante Le jardin des Lettres. <br><strong>\u0411\u043e\u043b\u044c\u0448\u0435 \u0438\u043d\u0444\u043e\u0440\u043c\u0430\u0446\u0438\u0438: <a href=\"https:\/\/www.gironde-tourisme.com\/fetes-manifestations\/festival-partir-en-livres\/\" target=\"_blank\" rel=\"noopener\">https:\/\/www.gironde-tourisme.com\/fetes-manifestations\/festival-partir-en-livres\/<\/a><\/strong><\/p>\n<\/div><\/div>\n\n\n\n<div class=\"wp-block-uagb-container uagb-block-6361c267 alignfull uagb-is-root-container\"><div class=\"uagb-container-inner-blocks-wrap\">\n<h2 class=\"wp-block-heading\"><strong>\u0421 5 \u043f\u043e 11 \u0438\u044e\u043b\u044f: \u041c\u0443\u0437\u044b\u043a\u0430\u043b\u044c\u043d\u044b\u0439 \u0444\u0435\u0441\u0442\u0438\u0432\u0430\u043b\u044c \u041a\u0430\u043f-\u0424\u0435\u0440\u0440\u0435 \u2013 L\u00e8ge-Cap Ferret<\/strong><\/h2>\n\n\n\n<p>\u0412 \u041a\u0430\u043f-\u0424\u0435\u0440\u0440\u0435 \u043f\u0440\u043e\u0445\u043e\u0434\u0438\u0442 \u043c\u0443\u0437\u044b\u043a\u0430\u043b\u044c\u043d\u044b\u0439 \u0444\u0435\u0441\u0442\u0438\u0432\u0430\u043b\u044c \u041a\u0430\u043f-\u0424\u0435\u0440\u0440\u0435. \u042d\u0442\u043e \u0441\u0442\u0430\u0432\u0448\u0435\u0435 \u043a\u0443\u043b\u044c\u0442\u043e\u0432\u044b\u043c \u0435\u0436\u0435\u0433\u043e\u0434\u043d\u043e\u0435 \u043a\u0443\u043b\u044c\u0442\u0443\u0440\u043d\u043e-\u043c\u0443\u0437\u044b\u043a\u0430\u043b\u044c\u043d\u043e\u0435 \u043c\u0435\u0440\u043e\u043f\u0440\u0438\u044f\u0442\u0438\u0435, \u043f\u043e\u0441\u0432\u044f\u0449\u0435\u043d\u043d\u043e\u0435 \u043a\u043b\u0430\u0441\u0441\u0438\u0447\u0435\u0441\u043a\u043e\u0439 \u043c\u0443\u0437\u044b\u043a\u0435, \u043f\u0440\u0435\u0434\u043b\u0430\u0433\u0430\u0435\u0442 \u0441\u0432\u043e\u0438\u043c \u043f\u043e\u0441\u0435\u0442\u0438\u0442\u0435\u043b\u044f\u043c \u0432\u043e\u0437\u043c\u043e\u0436\u043d\u043e\u0441\u0442\u044c \u043f\u043e\u0433\u0440\u0443\u0437\u0438\u0442\u044c\u0441\u044f \u0432 \u043c\u0438\u0440 \u0432\u0438\u0440\u0442\u0443\u043e\u0437\u043d\u043e\u0441\u0442\u0438 \u0432 \u0438\u0434\u0438\u043b\u043b\u0438\u0447\u0435\u0441\u043a\u043e\u0439 \u043e\u0431\u0441\u0442\u0430\u043d\u043e\u0432\u043a\u0435.<br><strong>\u0411\u043e\u043b\u044c\u0448\u0435 \u0438\u043d\u0444\u043e\u0440\u043c\u0430\u0446\u0438\u0438: <a href=\"https:\/\/www.capferretmusicfestival.com\/\" target=\"_blank\" rel=\"noopener\">https:\/\/www.capferretmusicfestival.com\/<\/a><\/strong><\/p>\n\n\n\n<figure class=\"wp-block-image size-full is-resized\"><img loading=\"lazy\" decoding=\"async\" width=\"700\" height=\"355\" src=\"https:\/\/bassin-arcachon.com\/wp-content\/uploads\/2024\/05\/Design-sans-titre-2024-05-30T141020.649.png\" alt=\"- - Bassin d&#039;Arcachon\" class=\"wp-image-58690\" style=\"width:798px;height:auto\" title=\"- - Bassin d&#039;Arcachon\" srcset=\"https:\/\/bassin-arcachon.com\/wp-content\/uploads\/2024\/05\/Design-sans-titre-2024-05-30T141020.649.png 700w, https:\/\/bassin-arcachon.com\/wp-content\/uploads\/2024\/05\/Design-sans-titre-2024-05-30T141020.649-600x304.png 600w, https:\/\/bassin-arcachon.com\/wp-content\/uploads\/2024\/05\/Design-sans-titre-2024-05-30T141020.649-18x9.png 18w\" sizes=\"auto, (max-width: 700px) 100vw, 700px\" \/><figcaption class=\"wp-element-caption\">\u00a9 \u042d\u043b\u0435\u043d \u0411\u0415\u0420\u0416\u0415\u0420<\/figcaption><\/figure>\n<\/div><\/div>\n\n\n\n<div class=\"wp-block-uagb-container uagb-block-6ae63cee alignfull uagb-is-root-container\"><div class=\"uagb-container-inner-blocks-wrap\">\n<h2 class=\"wp-block-heading\"><strong>8 juillet : March\u00e9 de nuit<\/strong> \u2013 <strong>\u0410\u043d\u0434\u0435\u0440\u043d\u043e\u0441<\/strong><\/h2>\n\n\n\n<p>\u041f\u0440\u0430\u0437\u0434\u043d\u0438\u0447\u043d\u0430\u044f, \u0434\u0440\u0443\u0436\u0435\u0441\u043a\u0430\u044f \u0430\u0442\u043c\u043e\u0441\u0444\u0435\u0440\u0430, \u043a\u0430\u0447\u0435\u0441\u0442\u0432\u0435\u043d\u043d\u044b\u0435 \u0434\u0435\u043b\u0438\u043a\u0430\u0442\u0435\u0441\u044b \u0438 \u0448\u0438\u0440\u043e\u043a\u0438\u0439 \u0432\u044b\u0431\u043e\u0440 \u0438\u0437\u0434\u0435\u043b\u0438\u0439 \u0434\u0435\u043a\u043e\u0440\u0430\u0442\u0438\u0432\u043d\u043e-\u043f\u0440\u0438\u043a\u043b\u0430\u0434\u043d\u043e\u0433\u043e \u0438\u0441\u043a\u0443\u0441\u0441\u0442\u0432\u0430 - \u044d\u0442\u043e, \u043d\u0435\u0441\u043e\u043c\u043d\u0435\u043d\u043d\u043e, \u043e\u0442\u043b\u0438\u0447\u043d\u044b\u0439 \u043b\u0435\u0442\u043d\u0438\u0439 \u0432\u0435\u0447\u0435\u0440!<br>Animation musicale par la Band&rsquo; a7<br>\u041a\u0435\u0439\u0442\u0435\u0440\u0438\u043d\u0433 \u043d\u0430 \u043c\u0435\u0441\u0442\u0435 \u0434\u043b\u044f \u0431\u043e\u043b\u044c\u0448\u0438\u0445 \u0441\u0442\u043e\u043b\u043e\u0432.<br><strong>\u0411\u043e\u043b\u044c\u0448\u0435 \u0438\u043d\u0444\u043e\u0440\u043c\u0430\u0446\u0438\u0438: <a href=\"https:\/\/www.andernos-tourisme.fr\/fiche-sit\/fmaaqu033v516ou0\/\" target=\"_blank\" rel=\"noopener\">https:\/\/www.andernos-tourisme.fr\/fiche-sit\/fmaaqu033v516ou0\/<\/a><\/strong><\/p>\n<\/div><\/div>\n\n\n\n<div class=\"wp-block-uagb-container uagb-block-6bb15320 alignfull uagb-is-root-container\"><div class=\"uagb-container-inner-blocks-wrap\">\n<h2 class=\"wp-block-heading\"><strong>Les 9, 16 et 23 juillet : Les Jeudis de Larros &#8211; Gujan-Mestras<\/strong><\/h2>\n\n\n\n<p>\u0421 2006 \u0433\u043e\u0434\u0430 \u0432 \u041f\u043e\u0440\u0442-\u0434\u0435-\u041b\u0430\u0440\u0440\u043e\u0441, \u043c\u0435\u0441\u0442\u0435 \u0441 \u0430\u0443\u0442\u0435\u043d\u0442\u0438\u0447\u043d\u044b\u043c \u0445\u0430\u0440\u0430\u043a\u0442\u0435\u0440\u043e\u043c, \u043f\u043e\u043b\u043d\u044b\u043c \u0438\u0441\u0442\u043e\u0440\u0438\u0438 \u0438 \u0441\u0442\u0440\u0430\u0441\u0442\u0438, \u043f\u0440\u043e\u0432\u043e\u0434\u044f\u0442\u0441\u044f \u0432\u0435\u0447\u0435\u0440\u0430 \u043c\u0443\u0437\u044b\u043a\u0438, \u0442\u0435\u0430\u0442\u0440\u0430, \u0442\u0430\u043d\u0446\u0435\u0432, \u043a\u0438\u043d\u043e \u043f\u043e\u0434 \u043e\u0442\u043a\u0440\u044b\u0442\u044b\u043c \u043d\u0435\u0431\u043e\u043c \u0438 \u0441\u043e\u0432\u0440\u0435\u043c\u0435\u043d\u043d\u043e\u0433\u043e \u0446\u0438\u0440\u043a\u0430. \u042d\u0442\u0438 \u0432\u0441\u0442\u0440\u0435\u0447\u0438 \u043f\u0440\u043e\u0432\u043e\u0434\u044f\u0442\u0441\u044f \u043a\u0430\u0436\u0434\u044b\u0439 \u0447\u0435\u0442\u0432\u0435\u0440\u0433 \u0432\u0435\u0447\u0435\u0440\u043e\u043c \u0432 \u0438\u044e\u043b\u0435 \u0438 \u0430\u0432\u0433\u0443\u0441\u0442\u0435.<br><strong>\u0411\u043e\u043b\u044c\u0448\u0435 \u0438\u043d\u0444\u043e\u0440\u043c\u0430\u0446\u0438\u0438: <a href=\"https:\/\/www.gujanmestras.com\/\" target=\"_blank\" rel=\"noopener\">https:\/\/www.gujanmestras.com\/<\/a><\/strong><\/p>\n<\/div><\/div>\n\n\n\n<div class=\"wp-block-uagb-container uagb-block-f1769bfc alignfull uagb-is-root-container\"><div class=\"uagb-container-inner-blocks-wrap\">\n<h2 class=\"wp-block-heading\"><strong>\u0421 12 \u043f\u043e 14 \u0438\u044e\u043b\u044f: \u0432 \u041e\u0434\u0435\u043d\u0436\u0435 \u043f\u0440\u043e\u0445\u043e\u0434\u0438\u0442 \u0444\u0435\u0441\u0442\u0438\u0432\u0430\u043b\u044c.<\/strong><\/h2>\n\n\n\n<p>\u00ab\u0424\u0435\u0441\u0442\u0438\u0432\u0430\u043b\u044c Audenge fait son\u00bb \u0432\u043e\u0437\u0432\u0440\u0430\u0449\u0430\u0435\u0442\u0441\u044f \u0432\u043e \u0432\u0442\u043e\u0440\u043e\u0439 \u0440\u0430\u0437 \u0441 \u0442\u0440\u0435\u0445\u0434\u043d\u0435\u0432\u043d\u044b\u043c\u0438 \u043a\u043e\u043d\u0446\u0435\u0440\u0442\u0430\u043c\u0438 \u0432 \u043d\u0435\u0442\u0438\u043f\u0438\u0447\u043d\u043e\u0439 \u043e\u0431\u0441\u0442\u0430\u043d\u043e\u0432\u043a\u0435 \u0432 \u043d\u0430\u0442\u0443\u0440\u0430\u043b\u044c\u043d\u0443\u044e \u0432\u0435\u043b\u0438\u0447\u0438\u043d\u0443. \u0411\u0435\u0441\u043f\u043b\u0430\u0442\u043d\u044b\u0435 \u043a\u043e\u043d\u0446\u0435\u0440\u0442\u044b, \u0442\u0430\u043d\u0446\u0435\u0432\u0430\u043b\u044c\u043d\u044b\u0435 \u0448\u043e\u0443, \u0444\u0443\u0440\u0433\u043e\u043d\u044b \u0441 \u0435\u0434\u043e\u0439 \u0438 \u043c\u043d\u043e\u0433\u0438\u0435 \u0434\u0440\u0443\u0433\u0438\u0435 \u0440\u0430\u0437\u0432\u043b\u0435\u0447\u0435\u043d\u0438\u044f \u0432 \u043e\u0431\u0449\u0435\u0441\u0442\u0432\u0435\u043d\u043d\u043e\u043c \u043f\u0430\u0440\u043a\u0435.<br><strong>\u0411\u043e\u043b\u044c\u0448\u0435 \u0438\u043d\u0444\u043e\u0440\u043c\u0430\u0446\u0438\u0438: <a href=\"https:\/\/www.ville-audenge.fr\/audenge-fait-son-festival\/\" target=\"_blank\" rel=\"noopener\">https:\/\/www.ville-audenge.fr\/audenge-fait-son-festival\/<\/a><\/strong><\/p>\n\n\n\n<figure class=\"wp-block-image size-full is-resized\"><img loading=\"lazy\" decoding=\"async\" width=\"700\" height=\"355\" src=\"https:\/\/bassin-arcachon.com\/wp-content\/uploads\/2024\/05\/Design-sans-titre-2024-05-30T143158.471.png\" alt=\"- - Bassin d&#039;Arcachon\" class=\"wp-image-58692\" style=\"aspect-ratio:1.971855278115323;width:796px;height:auto\" title=\"- - Bassin d&#039;Arcachon\" srcset=\"https:\/\/bassin-arcachon.com\/wp-content\/uploads\/2024\/05\/Design-sans-titre-2024-05-30T143158.471.png 700w, https:\/\/bassin-arcachon.com\/wp-content\/uploads\/2024\/05\/Design-sans-titre-2024-05-30T143158.471-600x304.png 600w, https:\/\/bassin-arcachon.com\/wp-content\/uploads\/2024\/05\/Design-sans-titre-2024-05-30T143158.471-18x9.png 18w\" sizes=\"auto, (max-width: 700px) 100vw, 700px\" \/><figcaption class=\"wp-element-caption\">\u00a9 \u0413\u043e\u0440\u043e\u0434 \u041e\u0434\u0435\u043d\u0436<\/figcaption><\/figure>\n<\/div><\/div>\n\n\n\n<div class=\"wp-block-uagb-container uagb-block-da05f6f3 alignfull uagb-is-root-container\"><div class=\"uagb-container-inner-blocks-wrap\">\n<h2 class=\"wp-block-heading\"><strong>Du 11 au 14 juillet : F\u00eates du Betey &#8211; Andernos<\/strong><\/h2>\n\n\n\n<p>\u041f\u0440\u0430\u0437\u0434\u043d\u0438\u0447\u043d\u043e\u0435 \u043c\u0435\u0440\u043e\u043f\u0440\u0438\u044f\u0442\u0438\u0435 \u0441 \u043a\u043e\u043d\u0446\u0435\u0440\u0442\u0430\u043c\u0438 \u0438 \u0435\u0434\u043e\u0439 \u0432 \u043f\u043e\u0440\u0442\u0443 \u0411\u0435\u0442\u0435!<br>\u041f\u0440\u0435\u043a\u0440\u0430\u0441\u043d\u0430\u044f \u0432\u043e\u0437\u043c\u043e\u0436\u043d\u043e\u0441\u0442\u044c \u0441\u043e\u0431\u0440\u0430\u0442\u044c\u0441\u044f \u0432\u043c\u0435\u0441\u0442\u0435 \u0438 \u043d\u0430\u0441\u043b\u0430\u0434\u0438\u0442\u044c\u0441\u044f \u043c\u0443\u0437\u044b\u043a\u043e\u0439, \u043d\u0430\u0441\u043b\u0430\u0436\u0434\u0430\u044f\u0441\u044c \u0438\u0437\u044b\u0441\u043a\u0430\u043d\u043d\u044b\u043c\u0438 \u0431\u043b\u044e\u0434\u0430\u043c\u0438.<br>\u041e\u0440\u0433\u0430\u043d\u0438\u0437\u0430\u0442\u043e\u0440: \u0418\u0441\u043f\u0430\u043d\u0441\u043a\u0438\u0439 \u043a\u043e\u043c\u0438\u0442\u0435\u0442 \u043f\u043e\u0431\u0440\u0430\u0442\u0438\u043c\u0441\u0442\u0432\u0430 Andernos Segorbe.<br><strong>\u0411\u043e\u043b\u044c\u0448\u0435 \u0438\u043d\u0444\u043e\u0440\u043c\u0430\u0446\u0438\u0438: <a href=\"https:\/\/www.andernos-tourisme.fr\/fiche-sit\/fmaaqu033v512pn0\/\" target=\"_blank\" rel=\"noopener\">https:\/\/www.andernos-tourisme.fr\/fiche-sit\/fmaaqu033v512pn0\/<\/a><\/strong><\/p>\n<\/div><\/div>\n\n\n\n<div class=\"wp-block-uagb-container uagb-block-fa213d50 alignfull uagb-is-root-container\"><div class=\"uagb-container-inner-blocks-wrap\">\n<h2 class=\"wp-block-heading\"><strong>\u0421 12 \u043f\u043e 14 \u0438\u044e\u043b\u044f: Music&#039;O Teich \u2013 Le Teich<\/strong><\/h2>\n\n\n\n<p>3 \u0434\u043d\u044f \u043a\u043e\u043d\u0446\u0435\u0440\u0442\u043e\u0432 \u0432 \u0441\u0435\u043c\u0435\u0439\u043d\u043e\u0439 \u0438 \u0441\u0435\u043b\u044c\u0441\u043a\u043e\u0439 \u0430\u0442\u043c\u043e\u0441\u0444\u0435\u0440\u0435 \u0432 \u041c\u0430\u0440\u0438\u043d\u0435 \u2013 \u044d\u0442\u043e \u043d\u0435\u043f\u0440\u0435\u0432\u0437\u043e\u0439\u0434\u0435\u043d\u043d\u044b\u0439 \u0440\u0435\u0446\u0435\u043f\u0442 \u0444\u0435\u0441\u0442\u0438\u0432\u0430\u043b\u044f Music O&#039;Teich. \u0411\u0435\u0441\u043f\u043b\u0430\u0442\u043d\u044b\u0435 \u043a\u043e\u043d\u0446\u0435\u0440\u0442\u044b, \u0444\u0435\u0439\u0435\u0440\u0432\u0435\u0440\u043a\u0438.<br><strong>\u0411\u043e\u043b\u044c\u0448\u0435 \u0438\u043d\u0444\u043e\u0440\u043c\u0430\u0446\u0438\u0438:<a href=\"https:\/\/leteich.fr\/agenda\/musico-teich\/\" target=\"_blank\" rel=\"noopener\">https:\/\/leteich.fr\/agenda\/musico-teich\/<\/a><\/strong><\/p>\n\n\n\n<figure class=\"wp-block-embed is-type-video is-provider-youtube wp-block-embed-youtube wp-embed-aspect-16-9 wp-has-aspect-ratio\"><div class=\"wp-block-embed__wrapper\">\n<iframe loading=\"lazy\" title=\"\u0412\u0441\u043f\u043e\u043c\u0438\u043d\u0430\u0435\u043c \u043d\u0435\u0437\u0430\u0431\u044b\u0432\u0430\u0435\u043c\u044b\u0439 Music O Teich!\" width=\"500\" height=\"281\" src=\"https:\/\/www.youtube.com\/embed\/YpiHRn1ylq0?feature=oembed\" frameborder=\"0\" allow=\"accelerometer; autoplay; clipboard-write; encrypted-media; gyroscope; picture-in-picture; web-share\" referrerpolicy=\"strict-origin-when-cross-origin\" allowfullscreen><\/iframe>\n<\/div><\/figure>\n<\/div><\/div>\n\n\n\n<div class=\"wp-block-uagb-container uagb-block-d3f7f661 alignfull uagb-is-root-container\"><div class=\"uagb-container-inner-blocks-wrap\">\n<h2 class=\"wp-block-heading\"><strong>Du 17 au 19 juillet : F\u00eate de l&rsquo;Hu\u00eetre d&rsquo;Andernos <\/strong><\/h2>\n\n\n\n<p>\u0424\u0435\u0441\u0442\u0438\u0432\u0430\u043b\u044c \u0443\u0441\u0442\u0440\u0438\u0446 \u0432 \u0443\u0441\u0442\u0440\u0438\u0447\u043d\u043e\u043c \u043f\u043e\u0440\u0442\u0443 \u2013 \u0441\u043e\u0431\u044b\u0442\u0438\u0435, \u043a\u043e\u0442\u043e\u0440\u043e\u0435 \u043d\u0435\u043b\u044c\u0437\u044f \u043f\u0440\u043e\u043f\u0443\u0441\u0442\u0438\u0442\u044c!<br>\u0414\u0435\u0433\u0443\u0441\u0442\u0430\u0446\u0438\u0438 \u0443\u0441\u0442\u0440\u0438\u0446, \u043a\u043e\u043b\u0431\u0430\u0441, \u0441\u0430\u0440\u0434\u0438\u043d, \u043c\u0438\u0434\u0438\u0439, \u043a\u0430\u0440\u0442\u043e\u0444\u0435\u043b\u044f \u0444\u0440\u0438 \u0438 \u0434\u0435\u0441\u0435\u0440\u0442\u043e\u0432, \u043f\u0440\u0435\u0434\u043b\u0430\u0433\u0430\u0435\u043c\u044b\u0435 \u043a\u043e\u043c\u0438\u0442\u0435\u0442\u043e\u043c \u0444\u0435\u0441\u0442\u0438\u0432\u0430\u043b\u044f \u0443\u0441\u0442\u0440\u0438\u0446.<br><strong>\u0411\u043e\u043b\u044c\u0448\u0435 \u0438\u043d\u0444\u043e\u0440\u043c\u0430\u0446\u0438\u0438: <a href=\"https:\/\/www.andernos-tourisme.fr\/\" target=\"_blank\" rel=\"noopener\">https:\/\/www.andernos-tourisme.fr<\/a><\/strong><\/p>\n<\/div><\/div>\n\n\n\n<div class=\"wp-block-uagb-container uagb-block-dcd6e710 alignfull uagb-is-root-container\"><div class=\"uagb-container-inner-blocks-wrap\">\n<h2 class=\"wp-block-heading\"><strong>18 juillet : Sardinade &#8211; Gujan-Mestras<\/strong><\/h2>\n\n\n\n<p>Bal populaire, Sardinade avec animation dansante.<\/p>\n\n\n\n<p><strong>\u0411\u043e\u043b\u044c\u0448\u0435 \u0438\u043d\u0444\u043e\u0440\u043c\u0430\u0446\u0438\u0438: <a href=\"https:\/\/www.tourisme-gujanmestras.com\/agenda\/sardinade-bal-populaire-gujan-mestras-fr-5664452\/\" target=\"_blank\" rel=\"noopener\">https:\/\/www.tourisme-gujanmestras.com\/agenda\/sardinade-bal-populaire-gujan-mestras-fr-5664452\/<\/a><\/strong><\/p>\n<\/div><\/div>\n\n\n\n<div class=\"wp-block-uagb-container uagb-block-a02ef669 alignfull uagb-is-root-container\"><div class=\"uagb-container-inner-blocks-wrap\">\n<h2 class=\"wp-block-heading\"><strong>Du 24 au 26 juillet : Andernos Jazz Festival<\/strong><\/h2>\n\n\n\n<p>\u0422\u0440\u0438 \u0434\u043d\u044f \u0434\u0436\u0430\u0437\u0430 \u0441 \u0431\u0435\u0441\u043f\u043b\u0430\u0442\u043d\u044b\u043c\u0438 \u043a\u043e\u043d\u0446\u0435\u0440\u0442\u0430\u043c\u0438 \u043d\u0430 \u043e\u0442\u043a\u0440\u044b\u0442\u043e\u043c \u0432\u043e\u0437\u0434\u0443\u0445\u0435, \u0434\u043d\u0435\u043c \u0438 \u0432\u0435\u0447\u0435\u0440\u043e\u043c. 52-\u0439 \u0432\u044b\u043f\u0443\u0441\u043a \u044d\u0442\u043e\u0433\u043e \u043b\u0435\u0433\u0435\u043d\u0434\u0430\u0440\u043d\u043e\u0433\u043e \u0444\u0435\u0441\u0442\u0438\u0432\u0430\u043b\u044f, \u043f\u043e\u0441\u0432\u044f\u0449\u0435\u043d\u043d\u043e\u0433\u043e \u0431\u043e\u0433\u0430\u0442\u0441\u0442\u0432\u0443 \u043c\u0443\u0437\u044b\u043a\u0438 \u0438 \u0440\u0430\u0437\u043d\u043e\u043e\u0431\u0440\u0430\u0437\u0438\u044e \u043c\u0443\u0437\u044b\u043a\u0430\u043d\u0442\u043e\u0432 \u0440\u0435\u0433\u0438\u043e\u043d\u0430\u043b\u044c\u043d\u043e\u0439 \u0438 \u043c\u0435\u0436\u0434\u0443\u043d\u0430\u0440\u043e\u0434\u043d\u043e\u0439 \u0441\u0446\u0435\u043d\u044b, \u043d\u0435\u0441\u043e\u043c\u043d\u0435\u043d\u043d\u043e, \u0431\u0443\u0434\u0435\u0442 \u0432 \u043f\u043e\u043b\u043d\u043e\u0439 \u043c\u0435\u0440\u0435 \u043f\u0440\u043e\u0436\u0438\u0442 \u043d\u0430 \u042d\u0441\u043f\u043b\u0430\u043d\u0430\u0434\u0435 \u0434\u0435 \u043b\u0430 \u0416\u0435\u0442\u0435, \u043f\u043b\u044f\u0436\u0435 \u0411\u0435\u0442\u0435\u0439, \u043f\u043b\u043e\u0449\u0430\u0434\u0438 14 \u0438\u044e\u043b\u044f \u0438\u043b\u0438 \u0432 \u0441\u0430\u0434\u0430\u0445 \u041b\u0443\u0438 \u0414\u0430\u0432\u0438\u0434\u0430.<br><strong>\u0414\u043e\u043f\u043e\u043b\u043d\u0438\u0442\u0435\u043b\u044c\u043d\u0430\u044f \u0438\u043d\u0444\u043e\u0440\u043c\u0430\u0446\u0438\u044f:&nbsp;<a href=\"https:\/\/www.andernos-jazz-festival.fr\" target=\"_blank\" rel=\"noopener\">https:\/\/www.andernos-jazz-festival.fr<\/a><\/strong><\/p>\n\n\n\n<figure class=\"wp-block-image size-full\"><img loading=\"lazy\" decoding=\"async\" width=\"700\" height=\"355\" src=\"https:\/\/bassin-arcachon.com\/wp-content\/uploads\/2024\/06\/Design-sans-titre-14.png\" alt=\"- - Bassin d&#039;Arcachon\" class=\"wp-image-164007\" title=\"- - Bassin d&#039;Arcachon\" srcset=\"https:\/\/bassin-arcachon.com\/wp-content\/uploads\/2024\/06\/Design-sans-titre-14.png 700w, https:\/\/bassin-arcachon.com\/wp-content\/uploads\/2024\/06\/Design-sans-titre-14-600x304.png 600w, https:\/\/bassin-arcachon.com\/wp-content\/uploads\/2024\/06\/Design-sans-titre-14-18x9.png 18w\" sizes=\"auto, (max-width: 700px) 100vw, 700px\" \/><figcaption class=\"wp-element-caption\">\u00a9 \u0412\u0435\u0440\u043e\u043d\u0438\u043a \u0410\u041b\u042c\u041c\u0410\u041d\u0421\u0410<\/figcaption><\/figure>\n<\/div><\/div>\n\n\n\n<div class=\"wp-block-uagb-container uagb-block-ebc447a6 alignfull uagb-is-root-container\"><div class=\"uagb-container-inner-blocks-wrap\">\n<h2 class=\"wp-block-heading\"><strong>Du 24 au 26 juillet : Mios en f\u00eate<\/strong><\/h2>\n\n\n\n<p>Le festival miossais aux accents pop rock revient donc pour une 31eme \u00e9dition. Durant ces 3 jours,&nbsp;<strong>\u0417\u0430\u043f\u043b\u0430\u043d\u0438\u0440\u043e\u0432\u0430\u043d\u043e 10 \u043a\u043e\u043d\u0446\u0435\u0440\u0442\u043e\u0432<\/strong>, \u0430 \u0442\u0430\u043a\u0436\u0435&nbsp;<strong>\u043d\u043e\u0447\u043d\u043e\u0439 \u0440\u044b\u043d\u043e\u043a \u0441 \u0431\u043e\u043b\u0435\u0435 \u0447\u0435\u043c 50 \u044d\u043a\u0441\u043f\u043e\u043d\u0435\u043d\u0442\u0430\u043c\u0438<\/strong>&nbsp;\u0438 \u0437\u043e\u043d\u0430 \u043e\u0431\u0449\u0435\u0441\u0442\u0432\u0435\u043d\u043d\u043e\u0433\u043e \u043f\u0438\u0442\u0430\u043d\u0438\u044f. \u0424\u0435\u0441\u0442\u0438\u0432\u0430\u043b\u044c \u0437\u0430\u0432\u0435\u0440\u0448\u0438\u0442\u0441\u044f \u0442\u0440\u0430\u0434\u0438\u0446\u0438\u043e\u043d\u043d\u044b\u043c \u0444\u0435\u0439\u0435\u0440\u0432\u0435\u0440\u043a\u043e\u043c \u0432 23:30.<br><strong>\u0411\u043e\u043b\u044c\u0448\u0435 \u0438\u043d\u0444\u043e\u0440\u043c\u0430\u0446\u0438\u0438: <a href=\"https:\/\/tvba.fr\/actu-concert-mios-en-fete-ete-2025\/\" target=\"_blank\" rel=\"noopener\">https:\/\/tvba.fr\/actu-concert-mios-en-fete-ete-2025\/<\/a><\/strong><\/p>\n<\/div><\/div>\n\n\n\n<div class=\"wp-block-uagb-container uagb-block-c1739eff alignfull uagb-is-root-container\"><div class=\"uagb-container-inner-blocks-wrap\">\n<h2 class=\"wp-block-heading\"><strong>25 juillet : Op\u00e9ra Les P\u00eacheurs de Perle (Georges BIZET) &#8211; Gujan-Mestras<\/strong><\/h2>\n\n\n\n<p>\u0412\u0430\u0448\u0430 \u0432\u0441\u0442\u0440\u0435\u0447\u0430 \u0441 \u043e\u043f\u0435\u0440\u043e\u0439, \u0447\u0442\u043e\u0431\u044b \u043e\u0442\u043a\u0440\u044b\u0442\u044c \u0438\u043b\u0438 \u0437\u0430\u043d\u043e\u0432\u043e \u043e\u0442\u043a\u0440\u044b\u0442\u044c \u0434\u043b\u044f \u0441\u0435\u0431\u044f \u0437\u043d\u0430\u043c\u0435\u043d\u0438\u0442\u044b\u0435 \u043e\u043f\u0435\u0440\u043d\u044b\u0435 \u0441\u0442\u0430\u043d\u0434\u0430\u0440\u0442\u044b \u043d\u0430 \u043e\u0442\u043a\u0440\u044b\u0442\u043e\u043c \u0432\u043e\u0437\u0434\u0443\u0445\u0435, \u0441 \u0441\u0435\u043c\u044c\u0435\u0439. \u0411\u0435\u0441\u043f\u043b\u0430\u0442\u043d\u043e\u0435 \u0448\u043e\u0443, \u043a\u043e\u0442\u043e\u0440\u043e\u0435 \u043d\u0435\u043b\u044c\u0437\u044f \u043f\u0440\u043e\u043f\u0443\u0441\u0442\u0438\u0442\u044c \u0441 2009 \u0433\u043e\u0434\u0430!<br><strong>\u0411\u043e\u043b\u044c\u0448\u0435 \u0438\u043d\u0444\u043e\u0440\u043c\u0430\u0446\u0438\u0438: <a href=\"https:\/\/www.tourisme-gujanmestras.com\/agenda\/opera-en-plein-air-gujan-mestras-fr-5656578\/\" target=\"_blank\" rel=\"noopener\">https:\/\/www.tourisme-gujanmestras.com\/agenda\/opera-en-plein-air-gujan-mestras-fr-5656578\/<\/a><\/strong><\/p>\n<\/div><\/div>\n\n\n\n<div class=\"wp-block-uagb-container uagb-block-0de13284 alignfull uagb-is-root-container\"><div class=\"uagb-container-inner-blocks-wrap\">\n<h2 class=\"wp-block-heading\"><strong>29 juillet : March\u00e9 nocturne &#8211; Gujan-Mestras<\/strong><\/h2>\n\n\n\n<p><strong>Plus d&rsquo;informations \u00e0 venir<\/strong><\/p>\n<\/div><\/div>\n\n\n\n<div class=\"wp-block-uagb-container uagb-block-6a7c45bd alignfull uagb-is-root-container\"><div class=\"uagb-container-inner-blocks-wrap\">\n<h2 class=\"wp-block-heading\"><strong>29 juillet : Concert de l&rsquo;\u00e9t\u00e9 &#8211; Ar\u00e8s<\/strong><\/h2>\n\n\n\n<p>Le concert de l&rsquo;\u00e9t\u00e9 d&rsquo;Ar\u00e8s est de retour ! C&rsquo;est St\u00e9phane Eicher qui se produira au Domaine des Lug\u00e9es \u00e0 21h. Concert debout et places assises limit\u00e9es (voir tarif). <strong>Personnes \u00e0 mobilit\u00e9 r\u00e9duite d\u00e9tentrice d\u2019une carte :<br>aucun acc\u00e8s possible sans justificatif et sans inscription en amont (zone PMR limit\u00e9e)<\/strong><br>merci de vous signaler au 06 20 83 87 15&nbsp;<strong>avant le 1<sup>\u044d\u044d\u044d<\/sup>&nbsp;juillet 2026<\/strong>&nbsp;afin d\u2019organiser votre accueil.<br><strong>\u0411\u043e\u043b\u044c\u0448\u0435 \u0438\u043d\u0444\u043e\u0440\u043c\u0430\u0446\u0438\u0438:<\/strong> <strong><a href=\"https:\/\/www.espacebremontier-ares.fr\/evenement\/stephan-eicher\/\" target=\"_blank\" rel=\"noopener\">https:\/\/www.espacebremontier-ares.fr\/evenement\/stephan-eicher\/<\/a><\/strong><\/p>\n<\/div><\/div>\n\n\n\n<div class=\"wp-block-uagb-container uagb-block-407c9786 alignfull uagb-is-root-container\"><div class=\"uagb-container-inner-blocks-wrap\">\n<h2 class=\"wp-block-heading\"><strong>Du 31 juillet au 3 ao\u00fbt : F\u00eates du port de La Teste-de-Buch<\/strong><\/h2>\n\n\n\n<p>\u0417\u0430 4 \u0434\u043d\u044f \u043f\u043e\u0440\u0442 \u043f\u0440\u0435\u043e\u0431\u0440\u0430\u0436\u0430\u0435\u0442\u0441\u044f: \u0437\u0434\u0435\u0441\u044c \u043f\u0440\u043e\u0445\u043e\u0434\u0438\u0442 \u044f\u0440\u043c\u0430\u0440\u043a\u0430, \u043f\u0440\u0435\u0434\u0441\u0442\u0430\u0432\u043b\u0435\u043d\u0438\u0435 \u0438\u043b\u0438 \u0434\u0430\u0436\u0435 \u043e\u0433\u0440\u043e\u043c\u043d\u044b\u0439 \u0440\u0435\u0441\u0442\u043e\u0440\u0430\u043d!<br>\u041a\u0430\u0436\u0434\u044b\u0439 \u0432\u0435\u0447\u0435\u0440 \u0433\u0430\u0440\u0430\u043d\u0442\u0438\u0440\u043e\u0432\u0430\u043d\u043e \u0440\u0430\u0437\u0432\u043b\u0435\u0447\u0435\u043d\u0438\u0435 \u043d\u0430 \u043f\u0440\u043e\u0442\u044f\u0436\u0435\u043d\u0438\u0438 \u0432\u0441\u0435\u0439 \u0432\u0435\u0447\u0435\u0440\u0438\u043d\u043a\u0438 \u0441 \u043c\u043d\u043e\u0433\u043e\u0447\u0438\u0441\u043b\u0435\u043d\u043d\u044b\u043c\u0438 \u043a\u043e\u043d\u0446\u0435\u0440\u0442\u0430\u043c\u0438 \u0438 \u0440\u0430\u0437\u0432\u043b\u0435\u0447\u0435\u043d\u0438\u044f\u043c\u0438.<br><strong>\u0411\u043e\u043b\u044c\u0448\u0435 \u0438\u043d\u0444\u043e\u0440\u043c\u0430\u0446\u0438\u0438: <a href=\"https:\/\/tvba.fr\/fetes-du-port-le-concours-daffiches-est-de-retour\/\" target=\"_blank\" rel=\"noopener\">https:\/\/tvba.fr\/fetes-du-port-le-concours-daffiches-est-de-retour\/<\/a><\/strong><\/p>\n\n\n\n<figure class=\"wp-block-embed is-type-video is-provider-youtube wp-block-embed-youtube wp-embed-aspect-16-9 wp-has-aspect-ratio\"><div class=\"wp-block-embed__wrapper\">\n<iframe loading=\"lazy\" title=\"55-\u0439 \u043f\u043e\u0440\u0442\u043e\u0432\u044b\u0439 \u0444\u0435\u0441\u0442\u0438\u0432\u0430\u043b\u044c \u0441\u0442\u0430\u0440\u0442\u0443\u0435\u0442 \u043d\u0430 1\u0422\u041f2\u0422\" width=\"500\" height=\"281\" src=\"https:\/\/www.youtube.com\/embed\/2BurlKjEzWc?feature=oembed\" frameborder=\"0\" allow=\"accelerometer; autoplay; clipboard-write; encrypted-media; gyroscope; picture-in-picture; web-share\" referrerpolicy=\"strict-origin-when-cross-origin\" allowfullscreen><\/iframe>\n<\/div><\/figure>\n<\/div><\/div>\n\n\n\n<h1 class=\"wp-block-heading has-text-align-center\"><mark style=\"background-color:rgba(0, 0, 0, 0)\" class=\"has-inline-color has-luminous-vivid-amber-color\">\u0410\u0412\u0413\u0423\u0421\u0422 :  <\/mark><\/h1>\n\n\n\n<div class=\"wp-block-uagb-container uagb-block-4d9c72e9 alignfull uagb-is-root-container\"><div class=\"uagb-container-inner-blocks-wrap\">\n<h2 class=\"wp-block-heading\"><strong>\u041f\u044f\u0442\u043d\u0438\u0446\u0430, 1 \u0438 22 \u0430\u0432\u0433\u0443\u0441\u0442\u0430: Les Lantonnales \u2013 \u041b\u0430\u043d\u0442\u043e\u043d<\/strong><\/h2>\n\n\n\n<p>\u0424\u0435\u0441\u0442\u0438\u0432\u0430\u043b\u044c Les Lantonnales, \u0445\u043e\u0440\u043e\u0448\u043e \u0437\u0430\u0440\u0435\u043a\u043e\u043c\u0435\u043d\u0434\u043e\u0432\u0430\u0432\u0448\u0438\u0439 \u0441\u0435\u0431\u044f \u0432 \u043a\u0443\u043b\u044c\u0442\u0443\u0440\u043d\u043e\u043c \u043b\u0430\u043d\u0434\u0448\u0430\u0444\u0442\u0435 \u0433\u043e\u0440\u043e\u0434\u0430, \u0441\u0442\u0430\u0432\u0438\u0442 \u043a\u043b\u0430\u0441\u0441\u0438\u0447\u0435\u0441\u043a\u0443\u044e \u043c\u0443\u0437\u044b\u043a\u0443 \u0432 \u0446\u0435\u043d\u0442\u0440 \u0432\u043d\u0438\u043c\u0430\u043d\u0438\u044f, \u043f\u0440\u0438\u0433\u043b\u0430\u0448\u0430\u044f \u043a \u043f\u0443\u0442\u0435\u0448\u0435\u0441\u0442\u0432\u0438\u044e. \u0412\u0445\u043e\u0434 \u0441\u0432\u043e\u0431\u043e\u0434\u043d\u044b\u0439 \u0438 \u0431\u0435\u0441\u043f\u043b\u0430\u0442\u043d\u044b\u0439.<br><strong>\u0411\u043e\u043b\u044c\u0448\u0435 \u0438\u043d\u0444\u043e\u0440\u043c\u0430\u0446\u0438\u0438: <a href=\"https:\/\/www.mairie-lanton.fr\/les-lantonnales\/\" target=\"_blank\" rel=\"noopener\">https:\/\/www.mairie-lanton.fr\/les-lantonnales\/<\/a><\/strong><\/p>\n\n\n\n<h2 class=\"wp-block-heading\"><strong>\u0421 1 \u043f\u043e 3 \u0430\u0432\u0433\u0443\u0441\u0442\u0430: Peninsula Festival \u2013 \u041b\u0435\u0436-\u041a\u0430\u043f-\u0424\u0435\u0440\u0440\u0435<\/strong><\/h2>\n\n\n\n<p>\u042d\u0442\u043e\u0442 \u0431\u043e\u043b\u044c\u0448\u043e\u0439 \u0444\u0435\u0441\u0442\u0438\u0432\u0430\u043b\u044c, \u0433\u0434\u0435 \u043a\u043e\u0440\u043e\u043b\u0435\u0432\u043e\u0439 \u044f\u0432\u043b\u044f\u0435\u0442\u0441\u044f \u0443\u0441\u0442\u0440\u0438\u0446\u0430, \u0442\u0440\u0430\u0434\u0438\u0446\u0438\u043e\u043d\u043d\u043e \u043f\u0440\u043e\u0445\u043e\u0434\u0438\u0442 \u0432 \u043f\u0435\u0440\u0432\u044b\u0435 \u0432\u044b\u0445\u043e\u0434\u043d\u044b\u0435 \u0430\u0432\u0433\u0443\u0441\u0442\u0430 \u0432 \u041a\u043b\u0430\u0443\u044d, \u043d\u0430 \u043f\u043b\u043e\u0449\u0430\u0434\u0438 \u0411\u0435\u0440\u0442\u0438\u043a, \u043d\u0430\u043f\u0440\u043e\u0442\u0438\u0432 Bassin. \u041e\u043d \u043f\u0440\u043e\u0445\u043e\u0434\u0438\u0442 \u0432 \u0442\u0435\u0447\u0435\u043d\u0438\u0435 3 \u0434\u043d\u0435\u0439, \u0432 \u043d\u0435\u043c \u043f\u0440\u0438\u043d\u0438\u043c\u0430\u044e\u0442 \u0443\u0447\u0430\u0441\u0442\u0438\u0435 \u043a\u043b\u0443\u0431\u044b \u0433\u0430\u043d\u0434\u0431\u043e\u043b\u0430 \u0438 \u0434\u0437\u044e\u0434\u043e L\u00e8ge-Cap Ferret, Boule Ferret-Capienne, Amicale des b\u00e9n\u00e9voles de la Presqu&#039;\u00eele \u0438 SNSM.<br><strong>\u0411\u043e\u043b\u044c\u0448\u0435 \u0438\u043d\u0444\u043e\u0440\u043c\u0430\u0446\u0438\u0438: <a href=\"https:\/\/www.ville-lege-capferret.fr\/municipalite\/les-services\/liste\/les-fetes-dans-les-villages\/#:~:text=F%C3%AAte%20de%20la%20presqu&#039;%C3%AEle,place%20Bertic%2C%20face%20au%20Bassin.\" target=\"_blank\" rel=\"noopener\">https:\/\/www.ville-lege-capferret.fr\/<\/a><\/strong><\/p>\n\n\n\n<h2 class=\"wp-block-heading\"><strong>\u0421 2 \u043f\u043e 3 \u0430\u0432\u0433\u0443\u0441\u0442\u0430: \u0421\u0435\u043b\u044c\u0441\u043a\u0438\u0439 \u0444\u0435\u0441\u0442\u0438\u0432\u0430\u043b\u044c \u2013 \u0411\u0438\u0433\u0430\u043d\u043e\u0441<\/strong><\/h2>\n\n\n\n<p>\u041e\u0442\u043f\u0440\u0430\u0432\u043b\u044f\u0439\u0442\u0435\u0441\u044c \u0432 \u043f\u0430\u0440\u043a Lecoq, \u0437\u0435\u043b\u0435\u043d\u044b\u0435 \u043b\u0435\u0433\u043a\u0438\u0435 \u0411\u0438\u0433\u0430\u043d\u043e\u0441\u0430, \u043d\u0430 \u044d\u0442\u043e\u0442 \u0444\u0435\u0441\u0442\u0438\u0432\u0430\u043b\u044c, \u043f\u043e\u0441\u0432\u044f\u0449\u0435\u043d\u043d\u044b\u0439 \u0441\u0435\u043b\u044c\u0441\u043a\u043e\u043c\u0443 \u0445\u043e\u0437\u044f\u0439\u0441\u0442\u0432\u0443 \u0438 \u0434\u0435\u0440\u0435\u0432\u0443. \u041f\u0440\u043e\u0433\u0440\u0430\u043c\u043c\u0430 \u0432\u043a\u043b\u044e\u0447\u0430\u0435\u0442 \u0432\u044b\u0441\u0442\u0430\u0432\u043a\u0443 \u0441\u0442\u0430\u0440\u0438\u043d\u043d\u044b\u0445 \u0438\u043d\u0441\u0442\u0440\u0443\u043c\u0435\u043d\u0442\u043e\u0432, \u043f\u0435\u0440\u0435\u0434\u0432\u0438\u0436\u043d\u0443\u044e \u0444\u0435\u0440\u043c\u0443, \u0440\u044b\u043d\u043e\u043a \u0440\u0435\u043c\u0435\u0441\u0435\u043b, \u043c\u0430\u0441\u0442\u0435\u0440\u0441\u043a\u0443\u044e \u043f\u043e \u0434\u0435\u0440\u0435\u0432\u043e\u043e\u0431\u0440\u0430\u0431\u043e\u0442\u043a\u0435, \u0434\u0435\u043c\u043e\u043d\u0441\u0442\u0440\u0430\u0446\u0438\u0438 \u043a\u043e\u043c\u0431\u0430\u0439\u043d\u043e\u0432 \u0438 \u043c\u043d\u043e\u0433\u043e\u0447\u0438\u0441\u043b\u0435\u043d\u043d\u044b\u0435 \u043c\u0435\u0440\u043e\u043f\u0440\u0438\u044f\u0442\u0438\u044f, \u043f\u043e\u0441\u0432\u044f\u0449\u0435\u043d\u043d\u044b\u0435 \u0441\u0435\u043b\u044c\u0441\u043a\u043e\u043c\u0443 \u0445\u043e\u0437\u044f\u0439\u0441\u0442\u0432\u0443, \u043f\u0440\u0438\u0440\u043e\u0434\u0435 \u0438 \u0440\u0435\u043c\u0435\u0441\u043b\u0435\u043d\u043d\u044b\u043c \u043d\u0430\u0432\u044b\u043a\u0430\u043c.<br><strong>\u0411\u043e\u043b\u044c\u0448\u0435 \u0438\u043d\u0444\u043e\u0440\u043c\u0430\u0446\u0438\u0438: <a href=\"https:\/\/lebassindespetits.fr\/events\/fete-de-la-ruralite-et-festival-du-bois-biganos\/\" target=\"_blank\" rel=\"noopener\">https:\/\/lebassindespetits.fr\/events\/fete-de-la-ruralite-et-festival-du-bois-biganos\/<\/a><\/strong><\/p>\n\n\n\n<figure class=\"wp-block-image size-full\"><img loading=\"lazy\" decoding=\"async\" width=\"700\" height=\"355\" src=\"https:\/\/bassin-arcachon.com\/wp-content\/uploads\/2024\/06\/Design-sans-titre-15.png\" alt=\"- - Bassin d&#039;Arcachon\" class=\"wp-image-164009\" title=\"- - Bassin d&#039;Arcachon\" srcset=\"https:\/\/bassin-arcachon.com\/wp-content\/uploads\/2024\/06\/Design-sans-titre-15.png 700w, https:\/\/bassin-arcachon.com\/wp-content\/uploads\/2024\/06\/Design-sans-titre-15-600x304.png 600w, https:\/\/bassin-arcachon.com\/wp-content\/uploads\/2024\/06\/Design-sans-titre-15-18x9.png 18w\" sizes=\"auto, (max-width: 700px) 100vw, 700px\" \/><figcaption class=\"wp-element-caption\">\u00a9 \u0413\u043e\u0440\u043e\u0434 \u0411\u0438\u0433\u0430\u043d\u043e\u0441<\/figcaption><\/figure>\n\n\n\n<h2 class=\"wp-block-heading\"><strong>Les 3 et 4 ao\u00fbt : Arcachon en Sc\u00e8ne<\/strong><\/h2>\n\n\n\n<p>Ces grandes soir\u00e9es en plein air &#8211; au coeur du V\u00e9lodrome d&rsquo;Arcachon &#8211; rythment les \u00e9t\u00e9s des habitants et des vacanciers, qui embarquent munis d&rsquo;un aller-simple, pour 2 concerts exceptionnels. V\u00e9ritable voyage multi-g\u00e9n\u00e9rationnel, ces concerts uniques rassemblent autour d&rsquo;un langage commun et f\u00e9d\u00e9rateur : la musique. Artistes pr\u00e9sents cette ann\u00e9e : Mika et Suzanne<br><strong>\u0411\u043e\u043b\u044c\u0448\u0435 \u0438\u043d\u0444\u043e\u0440\u043c\u0430\u0446\u0438\u0438: <a href=\"https:\/\/www.arcachon.com\/tourisme\/je-bouge\/culture-et-evenements\/arcachonenscene\/\" target=\"_blank\" rel=\"noopener\">https:\/\/www.arcachon.com\/tourisme\/je-bouge\/culture-et-evenements\/arcachonenscene\/<\/a><\/strong><\/p>\n\n\n\n<h2 class=\"wp-block-heading\"><strong>Les 5 et 9 ao\u00fbt : March\u00e9 de nuit &#8211; Andernos<\/strong><\/h2>\n\n\n\n<p>\u041f\u0440\u0430\u0437\u0434\u043d\u0438\u0447\u043d\u0430\u044f, \u0434\u0440\u0443\u0436\u0435\u0441\u043a\u0430\u044f \u0430\u0442\u043c\u043e\u0441\u0444\u0435\u0440\u0430, \u043a\u0430\u0447\u0435\u0441\u0442\u0432\u0435\u043d\u043d\u044b\u0435 \u0434\u0435\u043b\u0438\u043a\u0430\u0442\u0435\u0441\u044b \u0438 \u0448\u0438\u0440\u043e\u043a\u0438\u0439 \u0432\u044b\u0431\u043e\u0440 \u0438\u0437\u0434\u0435\u043b\u0438\u0439 \u0434\u0435\u043a\u043e\u0440\u0430\u0442\u0438\u0432\u043d\u043e-\u043f\u0440\u0438\u043a\u043b\u0430\u0434\u043d\u043e\u0433\u043e \u0438\u0441\u043a\u0443\u0441\u0441\u0442\u0432\u0430 - \u044d\u0442\u043e, \u043d\u0435\u0441\u043e\u043c\u043d\u0435\u043d\u043d\u043e, \u043e\u0442\u043b\u0438\u0447\u043d\u044b\u0439 \u043b\u0435\u0442\u043d\u0438\u0439 \u0432\u0435\u0447\u0435\u0440!<br>Animation musicale par la Band&rsquo; a7<br>\u041a\u0435\u0439\u0442\u0435\u0440\u0438\u043d\u0433 \u043d\u0430 \u043c\u0435\u0441\u0442\u0435 \u0434\u043b\u044f \u0431\u043e\u043b\u044c\u0448\u0438\u0445 \u0441\u0442\u043e\u043b\u043e\u0432.<br><strong>\u0411\u043e\u043b\u044c\u0448\u0435 \u0438\u043d\u0444\u043e\u0440\u043c\u0430\u0446\u0438\u0438: <a href=\"https:\/\/www.andernos-tourisme.fr\/fiche-sit\/fmaaqu033v516ou0\/\" target=\"_blank\" rel=\"noopener\">https:\/\/www.andernos-tourisme.fr\/fiche-sit\/fmaaqu033v516ou0\/<\/a><\/strong><\/p>\n\n\n\n<h2 class=\"wp-block-heading\"><strong>Les 5 et 26 ao\u00fbt : Les impromptus du Lundi &#8211; Gujan-Mestras<\/strong><\/h2>\n\n\n\n<p>\u041d\u0430\u0441\u043b\u0430\u0436\u0434\u0430\u0439\u0442\u0435\u0441\u044c \u0430\u043f\u0435\u0440\u0438\u0442\u0438\u0432\u0430\u043c\u0438 \u0441 \u043c\u0443\u0437\u044b\u043a\u043e\u0439! \u041e\u0442\u043a\u0440\u043e\u0439\u0442\u0435 \u0434\u043b\u044f \u0441\u0435\u0431\u044f \u0442\u0440\u0438 \u043f\u043b\u043e\u0449\u0430\u0434\u043a\u0438, \u0433\u0434\u0435 \u043e\u0434\u043d\u043e\u0432\u0440\u0435\u043c\u0435\u043d\u043d\u043e \u043f\u0440\u043e\u0445\u043e\u0434\u044f\u0442 \u0442\u0440\u0438 \u043a\u043e\u043d\u0446\u0435\u0440\u0442\u0430 \u0440\u0430\u043d\u043d\u0438\u043c \u0432\u0435\u0447\u0435\u0440\u043e\u043c \u0432 \u0440\u0430\u0437\u043d\u044b\u0445 \u0447\u0430\u0441\u0442\u044f\u0445 \u0433\u043e\u0440\u043e\u0434\u0430. \u0412\u0441\u0442\u0440\u0435\u0447\u0430\u0435\u043c\u0441\u044f \u043d\u0430 Place de la Claire, Place de l&#039;H\u00f4tel de Ville \u0438 Plage de la Hume.<br><strong>\u0411\u043e\u043b\u044c\u0448\u0435 \u0438\u043d\u0444\u043e\u0440\u043c\u0430\u0446\u0438\u0438: <a href=\"https:\/\/www.gujanmestras.com\/\" target=\"_blank\" rel=\"noopener\">https:\/\/www.gujanmestras.com\/<\/a><\/strong><\/p>\n\n\n\n<h2 class=\"wp-block-heading\"><strong>Du 6 au 9 ao\u00fbt : Gujan-Mestras en F\u00eate<\/strong><\/h2>\n\n\n\n<p>\u0421\u0435\u043c\u0435\u0439\u043d\u044b\u0439 \u0432\u044b\u0435\u0437\u0434. \u041a\u0430\u0436\u0434\u044b\u0439 \u0433\u043e\u0434 \u0432 \u0430\u0432\u0433\u0443\u0441\u0442\u0435 \u0433\u043e\u0440\u043e\u0434 \u043f\u0440\u0435\u0432\u0440\u0430\u0449\u0430\u0435\u0442\u0441\u044f \u0432 \u043e\u0436\u0438\u0432\u043b\u0435\u043d\u043d\u043e\u0435 \u043c\u0435\u0441\u0442\u043e \u0441 \u043c\u0443\u0437\u044b\u043a\u043e\u0439, \u0432\u0438\u043d\u043d\u044b\u043c\u0438 \u043f\u043e\u0433\u0440\u0435\u0431\u0430\u043c\u0438 \u0438 \u0440\u0435\u0441\u0442\u043e\u0440\u0430\u043d\u0430\u043c\u0438, \u0431\u0430\u043d\u0434\u0430\u043c\u0438, \u0437\u0430\u0445\u0432\u0430\u0442\u044b\u0432\u0430\u044e\u0449\u0438\u043c\u0438 \u0430\u0442\u0442\u0440\u0430\u043a\u0446\u0438\u043e\u043d\u0430\u043c\u0438 \u0434\u043b\u044f \u043c\u043e\u043b\u043e\u0434\u044b\u0445 \u0438 \u0441\u0442\u0430\u0440\u044b\u0445, \u0438 \u0432\u0441\u0435 \u044d\u0442\u043e \u0432 \u043e\u0447\u0430\u0440\u043e\u0432\u0430\u0442\u0435\u043b\u044c\u043d\u043e\u043c \u043e\u043a\u0440\u0443\u0436\u0435\u043d\u0438\u0438 \u041b\u0430\u043a-\u0434\u0435-\u043b\u0430-\u041c\u0430\u0434\u043b\u0435\u043d.<br><strong>\u0411\u043e\u043b\u044c\u0448\u0435 \u0438\u043d\u0444\u043e\u0440\u043c\u0430\u0446\u0438\u0438: <a href=\"https:\/\/www.tourisme-gujanmestras.com\/agenda\/gujan-mestras-en-fetes-gujan-mestras-fr-5656579\/\" target=\"_blank\" rel=\"noopener\">https:\/\/www.tourisme-gujanmestras.com\/agenda\/gujan-mestras-en-fetes-gujan-mestras-fr-5656579\/<\/a><\/strong><\/p>\n\n\n\n<figure class=\"wp-block-image size-full is-resized\"><img loading=\"lazy\" decoding=\"async\" width=\"700\" height=\"355\" src=\"https:\/\/bassin-arcachon.com\/wp-content\/uploads\/2024\/06\/Design-sans-titre-16.png\" alt=\"- - Bassin d&#039;Arcachon\" class=\"wp-image-164013\" style=\"width:700px;height:auto\" title=\"- - Bassin d&#039;Arcachon\" srcset=\"https:\/\/bassin-arcachon.com\/wp-content\/uploads\/2024\/06\/Design-sans-titre-16.png 700w, https:\/\/bassin-arcachon.com\/wp-content\/uploads\/2024\/06\/Design-sans-titre-16-600x304.png 600w, https:\/\/bassin-arcachon.com\/wp-content\/uploads\/2024\/06\/Design-sans-titre-16-18x9.png 18w\" sizes=\"auto, (max-width: 700px) 100vw, 700px\" \/><figcaption class=\"wp-element-caption\">\u00a9 \u0410. \u041c\u0423\u0421\u0422\u0418<\/figcaption><\/figure>\n\n\n\n<h2 class=\"wp-block-heading\"><strong>12 ao\u00fbt : March\u00e9 nocturne &#8211; Gujan-Mestras<\/strong><\/h2>\n\n\n\n<p><strong>Plus d&rsquo;infos \u00e0 venir<\/strong><\/p>\n\n\n\n<h2 class=\"wp-block-heading\"><strong>\u0421 14 \u043f\u043e 15 \u0430\u0432\u0433\u0443\u0441\u0442\u0430: \u041c\u043e\u0440\u0441\u043a\u0438\u0435 \u0444\u0435\u0441\u0442\u0438\u0432\u0430\u043b\u0438 \u0432 \u0410\u0440\u043a\u0430\u0448\u043e\u043d\u0435.<\/strong><\/h2>\n\n\n\n<p>\u0412 \u0442\u0435\u0447\u0435\u043d\u0438\u0435 \u0434\u0432\u0443\u0445 \u0434\u043d\u0435\u0439 \u043b\u044e\u0431\u0438\u0442\u0435\u043b\u0438 Bassin \u0441\u043e\u0431\u0438\u0440\u0430\u044e\u0442\u0441\u044f \u0432\u043c\u0435\u0441\u0442\u0435, \u0447\u0442\u043e\u0431\u044b \u043e\u0442\u043f\u0440\u0430\u0437\u0434\u043d\u043e\u0432\u0430\u0442\u044c \u043c\u043e\u0440\u0435 \u0440\u0430\u0437\u0432\u043b\u0435\u0447\u0435\u043d\u0438\u044f\u043c\u0438, \u0442\u0440\u0430\u0434\u0438\u0446\u0438\u044f\u043c\u0438 \u0438 \u0440\u0435\u043b\u0438\u0433\u0438\u043e\u0437\u043d\u044b\u043c\u0438 \u043f\u0440\u0430\u0437\u0434\u043d\u0438\u043a\u0430\u043c\u0438. \u0412\u044b \u043c\u043e\u0436\u0435\u0442\u0435 \u043f\u0440\u0438\u043d\u044f\u0442\u044c \u0443\u0447\u0430\u0441\u0442\u0438\u0435 \u0441 \u0441\u0435\u043c\u044c\u0435\u0439 \u0438\u043b\u0438 \u0434\u0440\u0443\u0437\u044c\u044f\u043c\u0438 \u0432 \u0433\u0438\u0433\u0430\u043d\u0442\u0441\u043a\u043e\u043c \u043f\u0438\u043a\u043d\u0438\u043a\u0435 \u043d\u0430 \u043d\u0430\u0431\u0435\u0440\u0435\u0436\u043d\u043e\u0439, \u043f\u043e\u0441\u0435\u0442\u0438\u0442\u044c \u043c\u043e\u0440\u0441\u043a\u043e\u0439 \u043f\u0430\u0440\u0430\u0434... \u041d\u0435 \u0437\u0430\u0431\u0443\u0434\u044c\u0442\u0435 \u0441\u0432\u043e\u0439 \u0436\u0435\u043b\u0442\u044b\u0439 \u0448\u0430\u0440\u0444!<br><strong>\u0411\u043e\u043b\u044c\u0448\u0435 \u0438\u043d\u0444\u043e\u0440\u043c\u0430\u0446\u0438\u0438: <a href=\"https:\/\/www.arcachon.com\/tourisme\/je-bouge\/culture-et-evenements\/les-grands-evenements\/\" target=\"_blank\" rel=\"noopener\">https:\/\/www.arcachon.com\/tourisme\/je-bouge\/culture-et-evenements\/les-grands-evenements\/<\/a><\/strong><\/p>\n\n\n\n<figure class=\"wp-block-image size-full\"><img loading=\"lazy\" decoding=\"async\" width=\"700\" height=\"355\" src=\"https:\/\/bassin-arcachon.com\/wp-content\/uploads\/2024\/06\/Design-sans-titre-17.png\" alt=\"- - Bassin d&#039;Arcachon\" class=\"wp-image-164015\" title=\"- - Bassin d&#039;Arcachon\" srcset=\"https:\/\/bassin-arcachon.com\/wp-content\/uploads\/2024\/06\/Design-sans-titre-17.png 700w, https:\/\/bassin-arcachon.com\/wp-content\/uploads\/2024\/06\/Design-sans-titre-17-600x304.png 600w, https:\/\/bassin-arcachon.com\/wp-content\/uploads\/2024\/06\/Design-sans-titre-17-18x9.png 18w\" sizes=\"auto, (max-width: 700px) 100vw, 700px\" \/><figcaption class=\"wp-element-caption\">\u00a9 JC. LAUCHAS<\/figcaption><\/figure>\n\n\n\n<h2 class=\"wp-block-heading\"><strong>Du 13 au 16 ao\u00fbt : F\u00eate de l&rsquo;Hu\u00eetre d&rsquo;Ar\u00e8s<\/strong><\/h2>\n\n\n\n<p>La ville d\u2019Ar\u00e8s est fi\u00e8re d\u2019annoncer la c\u00e9l\u00e9bration de la 53\u1d49 \u00e9dition de la c\u00e9l\u00e8bre F\u00eate de l\u2019Hu\u00eetre qui se d\u00e9roulera du 13 au 16 ao\u00fbt 2026 sur l\u2019Esplanade Georges Dartiguelongue. Cette manifestation, organis\u00e9e en collaboration entre la Mairie d\u2019Ar\u00e8s et le Comit\u00e9 des f\u00eates Ar\u00e9sien, promet d\u2019\u00eatre une exp\u00e9rience gustative, culturelle et festive inoubliable pour tous les visiteurs.<br><strong>\u0411\u043e\u043b\u044c\u0448\u0435 \u0438\u043d\u0444\u043e\u0440\u043c\u0430\u0446\u0438\u0438: <a href=\"https:\/\/ville-ares.fr\/50eme-fete-de-lhuitre-dares-du-12-au-15-aout-2023-4\/#:~:text=La%20ville%20d&#039;Ar%C3%A8s%20est,sur%20l&#039;Esplanade%20Georges%20Dartiguelongue.\" target=\"_blank\" rel=\"noopener\">https:\/\/ville-ares.fr<\/a><\/strong><\/p>\n\n\n\n<h2 class=\"wp-block-heading\"><strong>Les 13, 20 et 27 ao\u00fbt : Les Jeudis de Larros &#8211; Gujan-Mestras<\/strong><\/h2>\n\n\n\n<p>\u0421 2006 \u0433\u043e\u0434\u0430 \u0432 \u041f\u043e\u0440\u0442-\u0434\u0435-\u041b\u0430\u0440\u0440\u043e\u0441, \u043c\u0435\u0441\u0442\u0435 \u0441 \u0430\u0443\u0442\u0435\u043d\u0442\u0438\u0447\u043d\u044b\u043c \u0445\u0430\u0440\u0430\u043a\u0442\u0435\u0440\u043e\u043c, \u043f\u043e\u043b\u043d\u044b\u043c \u0438\u0441\u0442\u043e\u0440\u0438\u0438 \u0438 \u0441\u0442\u0440\u0430\u0441\u0442\u0438, \u043f\u0440\u043e\u0432\u043e\u0434\u044f\u0442\u0441\u044f \u0432\u0435\u0447\u0435\u0440\u0430 \u043c\u0443\u0437\u044b\u043a\u0438, \u0442\u0435\u0430\u0442\u0440\u0430, \u0442\u0430\u043d\u0446\u0435\u0432, \u043a\u0438\u043d\u043e \u043f\u043e\u0434 \u043e\u0442\u043a\u0440\u044b\u0442\u044b\u043c \u043d\u0435\u0431\u043e\u043c \u0438 \u0441\u043e\u0432\u0440\u0435\u043c\u0435\u043d\u043d\u043e\u0433\u043e \u0446\u0438\u0440\u043a\u0430. \u042d\u0442\u0438 \u0432\u0441\u0442\u0440\u0435\u0447\u0438 \u043f\u0440\u043e\u0432\u043e\u0434\u044f\u0442\u0441\u044f \u043a\u0430\u0436\u0434\u044b\u0439 \u0447\u0435\u0442\u0432\u0435\u0440\u0433 \u0432\u0435\u0447\u0435\u0440\u043e\u043c \u0432 \u0438\u044e\u043b\u0435 \u0438 \u0430\u0432\u0433\u0443\u0441\u0442\u0435.<br><strong>\u0411\u043e\u043b\u044c\u0448\u0435 \u0438\u043d\u0444\u043e\u0440\u043c\u0430\u0446\u0438\u0438: <a href=\"https:\/\/www.gujanmestras.com\/\" target=\"_blank\" rel=\"noopener\">https:\/\/www.gujanmestras.com\/<\/a><\/strong><\/p>\n\n\n\n<h2 class=\"wp-block-heading\"><strong>\u0421 14 \u043f\u043e 17 \u0430\u0432\u0433\u0443\u0441\u0442\u0430: \u041c\u043e\u0440\u0441\u043a\u043e\u0439 \u0444\u0435\u0441\u0442\u0438\u0432\u0430\u043b\u044c \u2013 \u041b\u0435\u0436-\u041a\u0430\u043f-\u0424\u0435\u0440\u0440\u0435.<\/strong><\/h2>\n\n\n\n<p>\u0414\u0435\u0440\u0435\u0432\u043d\u044f \u041a\u044d\u043d\u043e\u043d \u043e\u0436\u0438\u0432\u0430\u0435\u0442 \u0441 14 \u043f\u043e 17 \u0430\u0432\u0433\u0443\u0441\u0442\u0430 \u0447\u0435\u0442\u044b\u0440\u044c\u043c\u044f \u0434\u043d\u044f\u043c\u0438 \u043f\u0440\u0430\u0437\u0434\u043d\u0438\u043a\u043e\u0432, \u043d\u0430\u043f\u043e\u043b\u043d\u0435\u043d\u043d\u044b\u0445 \u043c\u0443\u0437\u044b\u043a\u043e\u0439, \u0432\u0435\u0441\u0435\u043b\u044c\u0435\u043c \u0438 \u0440\u0430\u0437\u0432\u043b\u0435\u0447\u0435\u043d\u0438\u044f\u043c\u0438 \u0434\u043b\u044f \u0432\u0441\u0435\u0445! \u041a\u043e\u043d\u0446\u0435\u0440\u0442\u044b, \u0434\u0438\u0434\u0436\u0435\u0439\u0441\u043a\u0438\u0435 \u0441\u0435\u0442\u044b, \u044f\u0440\u043c\u0430\u0440\u043a\u0430, \u0435\u0434\u0430 \u0438 \u0430\u0442\u043c\u043e\u0441\u0444\u0435\u0440\u0430 \u0431\u0430\u043d\u0434\u044b \u2014 \u0432\u0441\u0435 \u0433\u043e\u0442\u043e\u0432\u043e, \u0447\u0442\u043e\u0431\u044b \u0441\u0434\u0435\u043b\u0430\u0442\u044c \u0432\u0430\u0448\u0438 \u043b\u0435\u0442\u043d\u0438\u0435 \u0432\u0435\u0447\u0435\u0440\u0430 \u0437\u0430\u0436\u0438\u0433\u0430\u0442\u0435\u043b\u044c\u043d\u044b\u043c\u0438.<br><strong>\u0411\u043e\u043b\u044c\u0448\u0435 \u0438\u043d\u0444\u043e\u0440\u043c\u0430\u0446\u0438\u0438: <a href=\"https:\/\/www.ville-lege-capferret.fr\/agenda\/fete-de-la-mer\/\" target=\"_blank\" rel=\"noopener\">https:\/\/www.ville-lege-capferret.fr\/agenda\/fete-de-la-mer\/<\/a><\/strong><\/p>\n\n\n\n<h2 class=\"wp-block-heading\"><strong>Du 14 au 16 ao\u00fbt : Sardinades &#8211; Andernos<\/strong><\/h2>\n\n\n\n<p>\u0414\u0435\u0433\u0443\u0441\u0442\u0430\u0446\u0438\u044f \u0441\u0430\u0440\u0434\u0438\u043d \u0432 \u0441\u043e\u043f\u0440\u043e\u0432\u043e\u0436\u0434\u0435\u043d\u0438\u0438 \u043c\u0443\u0437\u044b\u043a\u0430\u043b\u044c\u043d\u043e\u0433\u043e \u0440\u0430\u0437\u0432\u043b\u0435\u0447\u0435\u043d\u0438\u044f \u0432 \u043d\u0435\u043f\u0440\u0438\u043d\u0443\u0436\u0434\u0435\u043d\u043d\u043e\u0439 \u0438 \u0434\u0440\u0443\u0436\u0435\u0441\u0442\u0432\u0435\u043d\u043d\u043e\u0439 \u0430\u0442\u043c\u043e\u0441\u0444\u0435\u0440\u0435 \u0432 \u041f\u043e\u0440\u0442-\u0434\u044e-\u0411\u0435\u0442\u0435\u0439!<br>\u0411\u043e\u043b\u0435\u0435 3 \u0434\u043d\u0435\u0439 \u0441 \u0434\u0435\u0433\u0443\u0441\u0442\u0430\u0446\u0438\u0435\u0439: \u0441\u0430\u0440\u0434\u0438\u043d\u044b, \u043a\u0440\u0435\u0432\u0435\u0442\u043a\u0438, \u043e\u043b\u0430\u0434\u044c\u0438 \u0438\u0437 \u043a\u0430\u043b\u044c\u043c\u0430\u0440\u043e\u0432, \u0441\u043e\u0441\u0438\u0441\u043a\u0438, \u0431\u043b\u0438\u043d\u044b \u0438 \u043c\u043e\u0440\u043e\u0436\u0435\u043d\u043e\u0435.<br>\u041c\u0443\u0437\u044b\u043a\u0430\u043b\u044c\u043d\u043e\u0435 \u0440\u0430\u0437\u0432\u043b\u0435\u0447\u0435\u043d\u0438\u0435 \u0441 \u0443\u0447\u0430\u0441\u0442\u0438\u0435\u043c Tontons Swingers \u0441 12:00 \u0434\u043e 14:30 \u0438 Fashion Music \u0441 19:30 \u0434\u043e 00:30.<br><strong>\u0411\u043e\u043b\u044c\u0448\u0435 \u0438\u043d\u0444\u043e\u0440\u043c\u0430\u0446\u0438\u0438: <a href=\"https:\/\/www.andernos-tourisme.fr\/fiche-sit\/fmaaqu033v50qlf6\/\" target=\"_blank\" rel=\"noopener\">https:\/\/www.andernos-tourisme.fr\/fiche-sit\/fmaaqu033v50qlf6\/<\/a><\/strong><\/p>\n\n\n\n<h2 class=\"wp-block-heading\"><strong>Du 21 au 22 ao\u00fbt : Festival Be(e) Holiday &#8211; Mios<\/strong><\/h2>\n\n\n\n<p>Mios \u0441\u0442\u0430\u043d\u043e\u0432\u0438\u0442\u0441\u044f \u0434\u0436\u0430\u0437\u043e\u0432\u044b\u043c! \u0412 \u0447\u0435\u0442\u0432\u0435\u0440\u0442\u044b\u0439 \u0440\u0430\u0437 \u0444\u0435\u0441\u0442\u0438\u0432\u0430\u043b\u044c \u043e\u0431\u0440\u0435\u0442\u0430\u0435\u0442 \u043d\u043e\u0432\u0443\u044e \u0436\u0438\u0437\u043d\u044c, \u043f\u0435\u0440\u0435\u0435\u0437\u0436\u0430\u044f \u0432 \u0441\u043e\u0432\u0435\u0440\u0448\u0435\u043d\u043d\u043e \u043d\u043e\u0432\u044b\u0439 Halle, \u0447\u0442\u043e\u0431\u044b \u043f\u0440\u0435\u0434\u043b\u043e\u0436\u0438\u0442\u044c \u0434\u0432\u0430 \u0432\u0435\u0447\u0435\u0440\u0430 \u043a\u043e\u043d\u0446\u0435\u0440\u0442\u043e\u0432, \u0441\u0432\u0438\u043d\u0433-\u0431\u0430\u043b, \u0432\u0432\u0435\u0434\u0435\u043d\u0438\u0435 \u0432 \u0442\u0430\u043d\u0435\u0446 \u0441 MT Danses \u0438 \u0438\u0441\u043a\u043b\u044e\u0447\u0438\u0442\u0435\u043b\u044c\u043d\u0443\u044e \u043b\u0435\u043a\u0446\u0438\u044e \u043f\u043e\u043a\u0440\u043e\u0432\u0438\u0442\u0435\u043b\u044f \u0421\u0435\u0440\u0436\u0430 \u0411\u0430\u043b\u044c\u0437\u0430\u043c\u043e, \u043a\u043b\u044e\u0447\u0435\u0432\u043e\u0439 \u0444\u0438\u0433\u0443\u0440\u044b \u0444\u0440\u0430\u043d\u0446\u0443\u0437\u0441\u043a\u043e\u0433\u043e \u0434\u0436\u0430\u0437\u0430. \u0413\u043e\u0440\u043e\u0434\u0443 \u0432\u044b\u043f\u0430\u043b\u0430 \u0447\u0435\u0441\u0442\u044c \u043f\u0440\u0438\u0432\u0435\u0442\u0441\u0442\u0432\u043e\u0432\u0430\u0442\u044c \u0435\u0433\u043e \u0432 \u044d\u0442\u043e\u043c \u0433\u043e\u0434\u0443 \u0432\u043c\u0435\u0441\u0442\u0435 \u0441\u043e \u043c\u043d\u043e\u0433\u0438\u043c\u0438 \u0442\u0430\u043b\u0430\u043d\u0442\u043b\u0438\u0432\u044b\u043c\u0438 \u043c\u0443\u0437\u044b\u043a\u0430\u043d\u0442\u0430\u043c\u0438, \u043a\u043e\u0442\u043e\u0440\u044b\u0435 \u0440\u0430\u0437\u0434\u0435\u043b\u044f\u0442 \u0441\u0446\u0435\u043d\u0443.<br><strong>\u0411\u043e\u043b\u044c\u0448\u0435 \u0438\u043d\u0444\u043e\u0440\u043c\u0430\u0446\u0438\u0438: <a href=\"https:\/\/tvba.fr\/actu-mios-beeholiday-jazz-2025\/\" target=\"_blank\" rel=\"noopener\">https:\/\/tvba.fr\/actu-mios-beeholiday-jazz-2025\/<\/a><\/strong><\/p>\n\n\n\n<figure class=\"wp-block-embed is-type-video is-provider-youtube wp-block-embed-youtube wp-embed-aspect-16-9 wp-has-aspect-ratio\"><div class=\"wp-block-embed__wrapper\">\n<iframe loading=\"lazy\" title=\"\u0421\u0432\u0438\u043d\u0433-\u0431\u043e\u043b: \u043d\u043e\u0432\u0438\u043d\u043a\u0430, \u043a\u043e\u0442\u043e\u0440\u0430\u044f \u0437\u0430\u0434\u0430\u0435\u0442 \u0442\u0435\u043c\u043f \u0432 \u041c\u0438\u043e\u0441\u0435\" width=\"500\" height=\"281\" src=\"https:\/\/www.youtube.com\/embed\/A9kTurvoQU4?feature=oembed\" frameborder=\"0\" allow=\"accelerometer; autoplay; clipboard-write; encrypted-media; gyroscope; picture-in-picture; web-share\" referrerpolicy=\"strict-origin-when-cross-origin\" allowfullscreen><\/iframe>\n<\/div><\/figure>\n\n\n\n<h2 class=\"wp-block-heading\"><strong>Du 21 au 23 ao\u00fbt : F\u00eates de l&rsquo;\u00e9t\u00e9 &#8211; Marcheprime<\/strong><\/h2>\n\n\n\n<p>\u00c9v\u00e8nement immanquable de la ville de Macheprime. Venez cl\u00f4turer votre \u00e9t\u00e9 avec bonheur et convivialit\u00e9 le dernier week-end d&rsquo;ao\u00fbt de chaque ann\u00e9e.<br><strong>\u0411\u043e\u043b\u044c\u0448\u0435 \u0438\u043d\u0444\u043e\u0440\u043c\u0430\u0446\u0438\u0438:<\/strong> <strong><a href=\"https:\/\/www.marcheprime-evenements.fr\/\" target=\"_blank\" rel=\"noopener\">https:\/\/www.marcheprime-evenements.fr\/<\/a><\/strong><\/p>\n\n\n\n<h2 class=\"wp-block-heading\"><strong>22 ao\u00fbt : Sardinade &#8211; Gujan-Mestras<\/strong><\/h2>\n\n\n\n<h2 class=\"wp-block-heading\"><strong>\u0421 22 \u043f\u043e 24 \u0430\u0432\u0433\u0443\u0441\u0442\u0430: \u0424\u0435\u0441\u0442\u0438\u0432\u0430\u043b\u044c \u0442\u0440\u0430\u0432\u044b \u2013 \u041b\u0435\u0436-\u041a\u0430\u043f-\u0424\u0435\u0440\u0440\u0435<\/strong><\/h2>\n\n\n\n<p>\u0412 Village de l&#039;Herbe \u0433\u0430\u0440\u0430\u043d\u0442\u0438\u0440\u043e\u0432\u0430\u043d\u0430 \u043b\u0435\u0442\u043d\u044f\u044f \u0430\u0442\u043c\u043e\u0441\u0444\u0435\u0440\u0430 \u0434\u043b\u044f \u043f\u0440\u0430\u0437\u0434\u043d\u0438\u0447\u043d\u043e\u0433\u043e \u0438 \u043f\u043e\u043f\u0443\u043b\u044f\u0440\u043d\u043e\u0433\u043e \u043e\u0442\u0434\u044b\u0445\u0430 \u0432 \u043a\u043e\u043c\u043f\u0430\u043d\u0438\u0438 \u0441\u0435\u043c\u044c\u0438 \u0438\u043b\u0438 \u0434\u0440\u0443\u0437\u0435\u0439!<br><strong>\u0411\u043e\u043b\u044c\u0448\u0435 \u0438\u043d\u0444\u043e\u0440\u043c\u0430\u0446\u0438\u0438: <a href=\"https:\/\/www.lege-capferret.com\/tempsfort\/fete-de-lherbe\/\" target=\"_blank\" rel=\"noopener\">https:\/\/www.lege-capferret.com\/tempsfort\/fete-de-lherbe\/<\/a><\/strong><\/p>\n<\/div><\/div>","protected":false},"excerpt":{"rendered":"<p>Ne manquez pas les \u00e9v\u00e9nements incontournables de l&rsquo;\u00e9t\u00e9sur le Bassin : JUIN : Les 12 et 13 juin : Fetarade &#8211; Gujan-Mestras Un pour un week-end rempli de musique, de [&hellip;]<\/p>\n","protected":false},"author":25,"featured_media":58691,"comment_status":"closed","ping_status":"open","sticky":false,"template":"","format":"standard","meta":{"_acf_changed":false,"_uag_custom_page_level_css":"","footnotes":""},"categories":[2133],"tags":[],"class_list":["post-58681","post","type-post","status-publish","format-standard","has-post-thumbnail","hentry","category-culture"],"acf":[],"uagb_featured_image_src":{"full":["https:\/\/bassin-arcachon.com\/wp-content\/uploads\/2024\/05\/Design-sans-titre-2024-05-30T142353.627.png",700,355,false],"thumbnail":["https:\/\/bassin-arcachon.com\/wp-content\/uploads\/2024\/05\/Design-sans-titre-2024-05-30T142353.627-150x150.png",150,150,true],"medium":["https:\/\/bassin-arcachon.com\/wp-content\/uploads\/2024\/05\/Design-sans-titre-2024-05-30T142353.627-600x304.png",600,304,true],"medium_large":["https:\/\/bassin-arcachon.com\/wp-content\/uploads\/2024\/05\/Design-sans-titre-2024-05-30T142353.627.png",700,355,false],"large":["https:\/\/bassin-arcachon.com\/wp-content\/uploads\/2024\/05\/Design-sans-titre-2024-05-30T142353.627.png",700,355,false],"1536x1536":["https:\/\/bassin-arcachon.com\/wp-content\/uploads\/2024\/05\/Design-sans-titre-2024-05-30T142353.627.png",700,355,false],"2048x2048":["https:\/\/bassin-arcachon.com\/wp-content\/uploads\/2024\/05\/Design-sans-titre-2024-05-30T142353.627.png",700,355,false],"trp-custom-language-flag":["https:\/\/bassin-arcachon.com\/wp-content\/uploads\/2024\/05\/Design-sans-titre-2024-05-30T142353.627-18x9.png",18,9,true]},"uagb_author_info":{"display_name":"Marie Clauzel","author_link":"https:\/\/bassin-arcachon.com\/ru\/author\/mariesiba\/"},"uagb_comment_info":0,"uagb_excerpt":"Ne manquez pas les \u00e9v\u00e9nements incontournables de l&rsquo;\u00e9t\u00e9sur le Bassin : JUIN : Les 12 et 13 juin : Fetarade &#8211; Gujan-Mestras Un pour un week-end rempli de musique, de [&hellip;]","_links":{"self":[{"href":"https:\/\/bassin-arcachon.com\/ru\/wp-json\/wp\/v2\/posts\/58681","targetHints":{"allow":["GET"]}}],"collection":[{"href":"https:\/\/bassin-arcachon.com\/ru\/wp-json\/wp\/v2\/posts"}],"about":[{"href":"https:\/\/bassin-arcachon.com\/ru\/wp-json\/wp\/v2\/types\/post"}],"author":[{"embeddable":true,"href":"https:\/\/bassin-arcachon.com\/ru\/wp-json\/wp\/v2\/users\/25"}],"replies":[{"embeddable":true,"href":"https:\/\/bassin-arcachon.com\/ru\/wp-json\/wp\/v2\/comments?post=58681"}],"version-history":[{"count":91,"href":"https:\/\/bassin-arcachon.com\/ru\/wp-json\/wp\/v2\/posts\/58681\/revisions"}],"predecessor-version":[{"id":249302,"href":"https:\/\/bassin-arcachon.com\/ru\/wp-json\/wp\/v2\/posts\/58681\/revisions\/249302"}],"wp:featuredmedia":[{"embeddable":true,"href":"https:\/\/bassin-arcachon.com\/ru\/wp-json\/wp\/v2\/media\/58691"}],"wp:attachment":[{"href":"https:\/\/bassin-arcachon.com\/ru\/wp-json\/wp\/v2\/media?parent=58681"}],"wp:term":[{"taxonomy":"category","embeddable":true,"href":"https:\/\/bassin-arcachon.com\/ru\/wp-json\/wp\/v2\/categories?post=58681"},{"taxonomy":"post_tag","embeddable":true,"href":"https:\/\/bassin-arcachon.com\/ru\/wp-json\/wp\/v2\/tags?post=58681"}],"curies":[{"name":"WP","href":"https:\/\/api.w.org\/{rel}","templated":true}]}}