{"id":47343,"date":"2020-09-03T10:00:13","date_gmt":"2020-09-03T08:00:13","guid":{"rendered":"https:\/\/bassin-arcachon.com\/\/?p=47343"},"modified":"2023-12-21T17:05:53","modified_gmt":"2023-12-21T16:05:53","slug":"%e5%89%8d%e5%be%80%e6%b3%b0%e5%85%8b","status":"publish","type":"post","link":"https:\/\/bassin-arcachon.com\/zh\/cap-sur-le-teich\/","title":{"rendered":"\u524d\u5f80 Teich \u9e1f\u7c7b\u4fdd\u62a4\u533a\uff01"},"content":{"rendered":"<p>\u5047\u671f\u7ed3\u675f\u4e86\uff0c\u5b69\u5b50\u4eec\u53c8\u56de\u5230\u4e86\u5b66\u6821\uff0c\u7136\u800c\u2026\u2026\u590f\u5929\u603b\u662f\u8ba9\u4f60\u60f3\u8981\u81ea\u7531\u81ea\u5728 <strong>\u6765\u81ea\u963f\u5361\u96c4\u7684 Bassin<\/strong> \uff01\u7cfb\u597d\u4f60\u7684\u80cc\u5305\uff0c\u8e0f\u4e0a\u7eff\u8272\u4e4b\u65c5\uff0c\u524d\u5f80\u8fd9\u5ea7\u57ce\u5e02\u7684\u4e2d\u5fc3 <strong>\u6cf0\u5947<\/strong>.<\/p>\n\n\n\n<figure class=\"wp-block-image\"><img loading=\"lazy\" decoding=\"async\" width=\"1754\" height=\"1110\" src=\"https:\/\/bassin-arcachon.com\/\/wp-content\/uploads\/2020\/08\/le-teich.jpg\" alt=\"- - Bassin d&#039;Arcachon\" class=\"wp-image-47348\" title=\"- - Bassin d&#039;Arcachon\" srcset=\"https:\/\/bassin-arcachon.com\/wp-content\/uploads\/2020\/08\/le-teich.jpg 1754w, https:\/\/bassin-arcachon.com\/wp-content\/uploads\/2020\/08\/le-teich-600x380.jpg 600w, https:\/\/bassin-arcachon.com\/wp-content\/uploads\/2020\/08\/le-teich-1024x648.jpg 1024w, https:\/\/bassin-arcachon.com\/wp-content\/uploads\/2020\/08\/le-teich-768x486.jpg 768w, https:\/\/bassin-arcachon.com\/wp-content\/uploads\/2020\/08\/le-teich-1536x972.jpg 1536w, https:\/\/bassin-arcachon.com\/wp-content\/uploads\/2020\/08\/le-teich-18x12.jpg 18w\" sizes=\"auto, (max-width: 1754px) 100vw, 1754px\" \/><\/figure>\n\n\n\n<p>\u5f53\u60a8\u4e58\u5750\u706b\u8f66\u5230\u8fbe Le Teich \u7ad9\u65f6\uff0c\u79df\u4e00\u8f86\u5b8c\u7f8e\u7684\u81ea\u884c\u8f66\u5230\u8fbe <strong>\u81ea\u7136\u4e4b\u5bb6<\/strong>.\u5728\u4e0a\u5348\u7684\u8282\u76ee\u4e2d\uff1a\u6cbf\u7740\u83b1\u5c14\u6cb3\u5212\u72ec\u6728\u821f\u3002<\/p>\n\n\n\n<figure class=\"wp-block-image\"><img loading=\"lazy\" decoding=\"async\" width=\"1200\" height=\"800\" src=\"https:\/\/bassin-arcachon.com\/\/wp-content\/uploads\/2020\/08\/canoe-SIBA-agence-les-conteurs-5.jpg\" alt=\"- - Bassin d&#039;Arcachon\" class=\"wp-image-47346\" title=\"- - Bassin d&#039;Arcachon\" srcset=\"https:\/\/bassin-arcachon.com\/wp-content\/uploads\/2020\/08\/canoe-SIBA-agence-les-conteurs-5.jpg 1200w, https:\/\/bassin-arcachon.com\/wp-content\/uploads\/2020\/08\/canoe-SIBA-agence-les-conteurs-5-600x400.jpg 600w, https:\/\/bassin-arcachon.com\/wp-content\/uploads\/2020\/08\/canoe-SIBA-agence-les-conteurs-5-1024x683.jpg 1024w, https:\/\/bassin-arcachon.com\/wp-content\/uploads\/2020\/08\/canoe-SIBA-agence-les-conteurs-5-768x512.jpg 768w, https:\/\/bassin-arcachon.com\/wp-content\/uploads\/2020\/08\/canoe-SIBA-agence-les-conteurs-5-18x12.jpg 18w\" sizes=\"auto, (max-width: 1200px) 100vw, 1200px\" \/><\/figure>\n\n\n\n<p>\u4e2d\u5348\uff0c <a href=\"https:\/\/leteich-ecotourisme.fr\/ou-manger\/brasserie-du-delta\/\" target=\"_blank\" rel=\"noopener noreferrer\">\u4e09\u89d2\u6d32\u5564\u9152\u5382<\/a>\uff0c\u4f4d\u4e8e\u9e1f\u7c7b\u4fdd\u62a4\u533a\u5165\u53e3\u5904\uff0c\u6b22\u8fce\u5149\u4e34\uff01<\/p>\n\n\n\n<p>\u4e0b\u5348\uff0c\u5982\u679c\u6da8\u6f6e\uff0c\u53ef\u4ee5\u4e58\u5750\u514d\u724c\u7167\u7684\u7535\u52a8\u8239 <strong>\u83b1\u5c14\u4e09\u89d2\u6d32<\/strong>, \u4ece Le Teich \u6e2f\u53e3\u51fa\u53d1\u3002<\/p>\n\n\n\n<figure class=\"wp-block-image\"><img loading=\"lazy\" decoding=\"async\" width=\"2560\" height=\"1917\" src=\"https:\/\/bassin-arcachon.com\/\/wp-content\/uploads\/2020\/03\/bateau-electrique-sans-permis-port-du-teich-delta-de-la-leyre-scaled.jpg\" alt=\"- - Bassin d&#039;Arcachon\" class=\"wp-image-42880\" title=\"- - Bassin d&#039;Arcachon\" srcset=\"https:\/\/bassin-arcachon.com\/wp-content\/uploads\/2020\/03\/bateau-electrique-sans-permis-port-du-teich-delta-de-la-leyre-scaled.jpg 2560w, https:\/\/bassin-arcachon.com\/wp-content\/uploads\/2020\/03\/bateau-electrique-sans-permis-port-du-teich-delta-de-la-leyre-scaled-600x449.jpg 600w, https:\/\/bassin-arcachon.com\/wp-content\/uploads\/2020\/03\/bateau-electrique-sans-permis-port-du-teich-delta-de-la-leyre-scaled-1024x767.jpg 1024w, https:\/\/bassin-arcachon.com\/wp-content\/uploads\/2020\/03\/bateau-electrique-sans-permis-port-du-teich-delta-de-la-leyre-scaled-768x575.jpg 768w, https:\/\/bassin-arcachon.com\/wp-content\/uploads\/2020\/03\/bateau-electrique-sans-permis-port-du-teich-delta-de-la-leyre-scaled-1536x1150.jpg 1536w, https:\/\/bassin-arcachon.com\/wp-content\/uploads\/2020\/03\/bateau-electrique-sans-permis-port-du-teich-delta-de-la-leyre-scaled-2048x1534.jpg 2048w, https:\/\/bassin-arcachon.com\/wp-content\/uploads\/2020\/03\/bateau-electrique-sans-permis-port-du-teich-delta-de-la-leyre-scaled-16x12.jpg 16w\" sizes=\"auto, (max-width: 2560px) 100vw, 2560px\" \/><\/figure>\n\n\n\n<p>\u6216\u8005\u7cfb\u597d\u4f60\u7684\u8fd0\u52a8\u978b\uff0c\u5728\u4e2d\u5fc3\u505a\u4e00\u4e2a\u6f02\u4eae\u7684\u73af <a href=\"https:\/\/bassin-arcachon.com\/zh\/%e6%88%91%e4%bb%ac%e7%9a%84%e5%bf%85%e9%9c%80%e5%93%81\/%e9%b8%9f%e7%b1%bb%e4%bf%9d%e6%8a%a4%e5%8c%ba\/\">\u6cf0\u514b\u9e1f\u7c7b\u4fdd\u62a4\u533a<\/a>.<\/p>\n\n\n\n<figure class=\"wp-block-image\"><img loading=\"lazy\" decoding=\"async\" width=\"1200\" height=\"800\" src=\"https:\/\/bassin-arcachon.com\/\/wp-content\/uploads\/2020\/06\/reserve-ornithologique-bassin-arcachon-agence-les-conteurs-23.jpg\" alt=\"- - Bassin d&#039;Arcachon\" class=\"wp-image-46886\" title=\"- - Bassin d&#039;Arcachon\" srcset=\"https:\/\/bassin-arcachon.com\/wp-content\/uploads\/2020\/06\/reserve-ornithologique-bassin-arcachon-agence-les-conteurs-23.jpg 1200w, https:\/\/bassin-arcachon.com\/wp-content\/uploads\/2020\/06\/reserve-ornithologique-bassin-arcachon-agence-les-conteurs-23-600x400.jpg 600w, https:\/\/bassin-arcachon.com\/wp-content\/uploads\/2020\/06\/reserve-ornithologique-bassin-arcachon-agence-les-conteurs-23-1024x683.jpg 1024w, https:\/\/bassin-arcachon.com\/wp-content\/uploads\/2020\/06\/reserve-ornithologique-bassin-arcachon-agence-les-conteurs-23-768x512.jpg 768w, https:\/\/bassin-arcachon.com\/wp-content\/uploads\/2020\/06\/reserve-ornithologique-bassin-arcachon-agence-les-conteurs-23-18x12.jpg 18w\" sizes=\"auto, (max-width: 1200px) 100vw, 1200px\" \/><\/figure>","protected":false},"excerpt":{"rendered":"<p>Les vacances sont finies, les enfants ont repris les chemins de l\u2019\u00e9cole et pourtant&#8230; L&rsquo;\u00e9t\u00e9 donne toujours des envies de libert\u00e9 sur le Bassin d&rsquo;Arcachon ! Bouclez votre sac \u00e0 [&hellip;]<\/p>\n","protected":false},"author":12,"featured_media":23572,"comment_status":"open","ping_status":"closed","sticky":false,"template":"","format":"standard","meta":{"_acf_changed":false,"_uag_custom_page_level_css":"","footnotes":""},"categories":[2133,2129],"tags":[1673,1671,212,1669],"class_list":["post-47343","post","type-post","status-publish","format-standard","has-post-thumbnail","hentry","category-culture","category-nature-art-de-vivre","tag-canoe","tag-ecoplaisance-du-delta","tag-leyre","tag-reserve-ornithologique"],"acf":[],"uagb_featured_image_src":{"full":["https:\/\/bassin-arcachon.com\/wp-content\/uploads\/2017\/02\/reserve-ornithologique-le-teich-bassin-darcachon-2.jpg",1000,666,false],"thumbnail":["https:\/\/bassin-arcachon.com\/wp-content\/uploads\/2017\/02\/reserve-ornithologique-le-teich-bassin-darcachon-2-150x150.jpg",150,150,true],"medium":["https:\/\/bassin-arcachon.com\/wp-content\/uploads\/2017\/02\/reserve-ornithologique-le-teich-bassin-darcachon-2-600x400.jpg",600,400,true],"medium_large":["https:\/\/bassin-arcachon.com\/wp-content\/uploads\/2017\/02\/reserve-ornithologique-le-teich-bassin-darcachon-2-768x511.jpg",768,511,true],"large":["https:\/\/bassin-arcachon.com\/wp-content\/uploads\/2017\/02\/reserve-ornithologique-le-teich-bassin-darcachon-2.jpg",1000,666,false],"1536x1536":["https:\/\/bassin-arcachon.com\/wp-content\/uploads\/2017\/02\/reserve-ornithologique-le-teich-bassin-darcachon-2.jpg",1000,666,false],"2048x2048":["https:\/\/bassin-arcachon.com\/wp-content\/uploads\/2017\/02\/reserve-ornithologique-le-teich-bassin-darcachon-2.jpg",1000,666,false],"trp-custom-language-flag":["https:\/\/bassin-arcachon.com\/wp-content\/uploads\/2017\/02\/reserve-ornithologique-le-teich-bassin-darcachon-2-18x12.jpg",18,12,true]},"uagb_author_info":{"display_name":"Marine, habitante du Bassin d'Arcachon","author_link":"https:\/\/bassin-arcachon.com\/zh\/author\/marinesiba\/"},"uagb_comment_info":0,"uagb_excerpt":"Les vacances sont finies, les enfants ont repris les chemins de l\u2019\u00e9cole et pourtant&#8230; L&rsquo;\u00e9t\u00e9 donne toujours des envies de libert\u00e9 sur le Bassin d&rsquo;Arcachon ! Bouclez votre sac \u00e0 [&hellip;]","_links":{"self":[{"href":"https:\/\/bassin-arcachon.com\/zh\/wp-json\/wp\/v2\/posts\/47343","targetHints":{"allow":["GET"]}}],"collection":[{"href":"https:\/\/bassin-arcachon.com\/zh\/wp-json\/wp\/v2\/posts"}],"about":[{"href":"https:\/\/bassin-arcachon.com\/zh\/wp-json\/wp\/v2\/types\/post"}],"author":[{"embeddable":true,"href":"https:\/\/bassin-arcachon.com\/zh\/wp-json\/wp\/v2\/users\/12"}],"replies":[{"embeddable":true,"href":"https:\/\/bassin-arcachon.com\/zh\/wp-json\/wp\/v2\/comments?post=47343"}],"version-history":[{"count":0,"href":"https:\/\/bassin-arcachon.com\/zh\/wp-json\/wp\/v2\/posts\/47343\/revisions"}],"wp:featuredmedia":[{"embeddable":true,"href":"https:\/\/bassin-arcachon.com\/zh\/wp-json\/wp\/v2\/media\/23572"}],"wp:attachment":[{"href":"https:\/\/bassin-arcachon.com\/zh\/wp-json\/wp\/v2\/media?parent=47343"}],"wp:term":[{"taxonomy":"category","embeddable":true,"href":"https:\/\/bassin-arcachon.com\/zh\/wp-json\/wp\/v2\/categories?post=47343"},{"taxonomy":"post_tag","embeddable":true,"href":"https:\/\/bassin-arcachon.com\/zh\/wp-json\/wp\/v2\/tags?post=47343"}],"curies":[{"name":"\u53ef\u6e7f\u6027\u7c89\u5242","href":"https:\/\/api.w.org\/{rel}","templated":true}]}}