{"id":58681,"date":"2024-06-18T15:05:05","date_gmt":"2024-06-18T13:05:05","guid":{"rendered":"https:\/\/bassin-arcachon.com\/?p=58681"},"modified":"2026-04-23T17:07:30","modified_gmt":"2026-04-23T15:07:30","slug":"%e8%be%be%e5%b0%94%e5%8d%a1%e9%9b%84%e7%9b%86%e5%9c%b0%e7%9a%84%e5%a4%8f%e5%ad%a3%e5%a4%a7%e5%9e%8b%e6%b4%bb%e5%8a%a8","status":"publish","type":"post","link":"https:\/\/bassin-arcachon.com\/zh\/les-grands-evenements-de-lete-sur-le-bassin-darcachon\/","title":{"rendered":"\u963f\u5361\u96c4 Bassin \u590f\u5b63\u5927\u578b\u6d3b\u52a8\uff01"},"content":{"rendered":"<div class=\"wp-block-uagb-container uagb-block-28314f79 alignfull uagb-is-root-container\"><div class=\"uagb-container-inner-blocks-wrap\">\n<h2 class=\"wp-block-heading\">Ne manquez pas les \u00e9v\u00e9nements incontournables de l&rsquo;\u00e9t\u00e9sur le Bassin : <\/h2>\n<\/div><\/div>\n\n\n\n<div class=\"wp-block-uagb-container uagb-block-7bf5d301 alignfull uagb-is-root-container\"><div class=\"uagb-container-inner-blocks-wrap\">\n<h1 class=\"wp-block-heading has-text-align-center\"><mark style=\"background-color:#ffffff\" class=\"has-inline-color has-luminous-vivid-amber-color\">\u516d\u6708 \uff1a <\/mark><\/h1>\n<\/div><\/div>\n\n\n\n<div class=\"wp-block-uagb-container uagb-block-bc8c6111 alignfull uagb-is-root-container\"><div class=\"uagb-container-inner-blocks-wrap\">\n<h2 class=\"wp-block-heading\"><strong>Les 12 et 13 juin : Fetarade &#8211; Gujan-Mestras<\/strong><\/h2>\n\n\n\n<p>Un pour un week-end rempli de musique, de bonne humeur et (on l\u2019esp\u00e8re tr\u00e8s fort) de soleil.<br>La programmation arrive tr\u00e8s vite\u2026 mais on peut d\u00e9j\u00e0 vous promettre une chose : vous allez pouvoir chanter \u00e0 tue-t\u00eate sur vos musiques pr\u00e9f\u00e9r\u00e9es.<br><strong>\u66f4\u591a\u4fe1\u606f \uff1a <a href=\"https:\/\/www.facebook.com\/lafetarade\/?locale=fr_FR\" target=\"_blank\" rel=\"noopener\">https:\/\/www.facebook.com\/lafetarade\/?locale=fr_FR<\/a><\/strong><\/p>\n<\/div><\/div>\n\n\n\n<div class=\"wp-block-uagb-container uagb-block-ffcef669 alignfull uagb-is-root-container\"><div class=\"uagb-container-inner-blocks-wrap\">\n<h2 class=\"wp-block-heading\"><strong>19 juin : Cali en concert &#8211; Ar\u00e8s<\/strong><\/h2>\n\n\n\n<p>Cali repart sur les routes avec un Band de comp\u00e9tition, pour une s\u00e9rie de concert debout ! Il passera \u00e0 l&rsquo;Espace Br\u00e9montier le 19 juin prochain \u00e0 20h30 <\/p>\n\n\n\n<p><strong>\u66f4\u591a\u4fe1\u606f\uff1a <a href=\"https:\/\/www.espacebremontier-ares.fr\/evenement\/cali\/\" target=\"_blank\" rel=\"noopener\"><\/a><a href=\"https:\/\/www.espacebremontier-ares.fr\/evenement\/cali\/\" target=\"_blank\" rel=\"noopener\">https:\/\/www.espacebremontier-ares.fr\/evenement\/cali\/<\/a><\/strong><\/p>\n\n\n\n<figure class=\"wp-block-image size-full is-resized\"><img loading=\"lazy\" decoding=\"async\" width=\"700\" height=\"355\" src=\"https:\/\/bassin-arcachon.com\/wp-content\/uploads\/2024\/06\/1.png\" alt=\"- - Bassin d&#039;Arcachon\" class=\"wp-image-248468\" style=\"width:795px;height:auto\" title=\"- - Bassin d&#039;Arcachon\" srcset=\"https:\/\/bassin-arcachon.com\/wp-content\/uploads\/2024\/06\/1.png 700w, https:\/\/bassin-arcachon.com\/wp-content\/uploads\/2024\/06\/1-600x304.png 600w, https:\/\/bassin-arcachon.com\/wp-content\/uploads\/2024\/06\/1-18x9.png 18w\" sizes=\"auto, (max-width: 700px) 100vw, 700px\" \/><figcaption class=\"wp-element-caption\">\u00a9 B\u00e9a GILLOT<\/figcaption><\/figure>\n<\/div><\/div>\n\n\n\n<div class=\"wp-block-uagb-container uagb-block-fd46290c alignfull uagb-is-root-container\"><div class=\"uagb-container-inner-blocks-wrap\">\n<h2 class=\"wp-block-heading\"><strong>19 juin : Musique en f\u00eate &#8211; Mios<\/strong><\/h2>\n\n\n\n<p>Soir\u00e9e musicale avec un concert de l\u2019\u00e9cole Music en L\u2019Eyre, suivi d\u2019un ap\u00e9ro concert \u00e9nergique qui saura vous mettre en app\u00e9tit.<br>Puis rendez-vous sous la halle o\u00f9 d\u2019autres concerts vous feront danser jusqu\u2019au bout de la nuit&nbsp;!<br>Le programme arrive bient\u00f4t&nbsp;!<br>Buvette et restauration sur place avec le Comit\u00e9 des F\u00eates, l\u2019Amicale des Sapeurs pompiers et l\u2019Elan Miossais&nbsp;!<\/p>\n<\/div><\/div>\n\n\n\n<div class=\"wp-block-uagb-container uagb-block-5a29eaa2 alignfull uagb-is-root-container\"><div class=\"uagb-container-inner-blocks-wrap\">\n<h2 class=\"wp-block-heading\"><strong>21 juin : On ouvre ! &#8211;  Cabanes ostr\u00e9icoles du Bassin<\/strong><\/h2>\n\n\n\n<p>#Onouvre promet un \u00e9v\u00e9nement festif autour des cabanes de d\u00e9gustation pour c\u00e9l\u00e9brer le r\u00e9veil de la saison ostr\u00e9icole et accueillir les visiteurs dans les cabanes pittoresques du Bassin. \u00ab\u00a0On ouvre\u00a0\u00bb la saison, \u00ab\u00a0on ouvre\u00a0\u00bb les hu\u00eetres, \u00ab\u00a0on ouvre\u00a0\u00bb les cabanes, \u00ab\u00a0on ouvre\u00a0\u00bb le bon vin de Bordeaux.<br><strong>\u66f4\u591a\u4fe1\u606f\uff1a <a href=\"https:\/\/huitres-arcachon-capferret.fr\/\" target=\"_blank\" rel=\"noopener\">https:\/\/huitres-arcachon-capferret.fr\/<\/a><\/strong><\/p>\n\n\n\n<figure class=\"wp-block-image size-full is-resized\"><img loading=\"lazy\" decoding=\"async\" width=\"700\" height=\"355\" src=\"https:\/\/bassin-arcachon.com\/wp-content\/uploads\/2024\/06\/1-1.png\" alt=\"- - Bassin d&#039;Arcachon\" class=\"wp-image-248471\" style=\"width:798px;height:auto\" title=\"- - Bassin d&#039;Arcachon\" srcset=\"https:\/\/bassin-arcachon.com\/wp-content\/uploads\/2024\/06\/1-1.png 700w, https:\/\/bassin-arcachon.com\/wp-content\/uploads\/2024\/06\/1-1-600x304.png 600w, https:\/\/bassin-arcachon.com\/wp-content\/uploads\/2024\/06\/1-1-18x9.png 18w\" sizes=\"auto, (max-width: 700px) 100vw, 700px\" \/><figcaption class=\"wp-element-caption\">Sandra HYGONNENC<\/figcaption><\/figure>\n<\/div><\/div>\n\n\n\n<div class=\"wp-block-uagb-container uagb-block-802ab75d alignfull uagb-is-root-container\"><div class=\"uagb-container-inner-blocks-wrap\">\n<h2 class=\"wp-block-heading\"><strong>23 juin : F\u00eate de la St Jean &#8211; Andernos<\/strong><\/h2>\n\n\n\n<p>Sur l\u2019esplanade de la Jet\u00e9e, vous pourrez profiter d\u2019une ambiance festive en dansant avec le groupe folklorique \u00ab&nbsp;Lous Pignots&nbsp;\u00bb d\u00e8s 21h. C\u2019est une excellente fa\u00e7on de d\u00e9couvrir les danses traditionnelles et de partager un moment convivial avec les autres participants.<\/p>\n<\/div><\/div>\n\n\n\n<div class=\"wp-block-uagb-container uagb-block-1674a3d1 alignfull uagb-is-root-container\"><div class=\"uagb-container-inner-blocks-wrap\">\n<h2 class=\"wp-block-heading\"><strong>27 juin : Soir\u00e9e Blanche &#8211; La Teste-de-Buch<\/strong><\/h2>\n\n\n\n<p>\u5f00\u542fLa Teste de Buch\u590f\u5b63\u8d5b\u7684\u6d3b\u52a8\uff01\u8282\u76ee\u5185\u5bb9\uff1a\u5361\u4f50\u6e56\u5468\u56f4\u4e00\u8eab\u767d\u8272\u7684\u97f3\u4e50\u4e4b\u591c\uff01 <br><strong>\u66f4\u591a\u4fe1\u606f\uff1a <a href=\"https:\/\/tourisme-latestedebuch.com\/soiree-blanche-2025\/\" target=\"_blank\" rel=\"noopener\">https:\/\/tourisme-latestedebuch.com\/soiree-blanche-2025\/<\/a><\/strong><\/p>\n\n\n\n<p><strong>\u56de\u987e\u4e00\u4e0b\u53bb\u5e74\u7684\u7167\u7247\uff1a<\/strong><\/p>\n\n\n\n<figure class=\"wp-block-embed is-type-video is-provider-youtube wp-block-embed-youtube wp-embed-aspect-16-9 wp-has-aspect-ratio\"><div class=\"wp-block-embed__wrapper\">\n<iframe loading=\"lazy\" title=\"4,500\u4eba\u53c2\u52a0\u767d\u8272\u4e4b\u591c\uff01\" width=\"500\" height=\"281\" src=\"https:\/\/www.youtube.com\/embed\/QwRm40dAbfw?feature=oembed\" frameborder=\"0\" allow=\"accelerometer; autoplay; clipboard-write; encrypted-media; gyroscope; picture-in-picture; web-share\" referrerpolicy=\"strict-origin-when-cross-origin\" allowfullscreen><\/iframe>\n<\/div><\/figure>\n<\/div><\/div>\n\n\n\n<div class=\"wp-block-uagb-container uagb-block-5f5aaaf5 alignfull uagb-is-root-container\"><div class=\"uagb-container-inner-blocks-wrap\">\n<h2 class=\"wp-block-heading\"><strong>Les 26 et 27 juin : Festival Regarde! &#8211; Ar\u00e8s<\/strong><\/h2>\n\n\n\n<p>\u8fd9\u4e2a\u5e74\u8f7b\u7684\u8282\u65e5\u4ee5\u5176\u4ee4\u4eba\u60ca\u53f9\u7684\u6237\u5916\u8868\u6f14\u800c\u6210\u4e3a\u6587\u5316\u5b63\u7684\u5fc5\u770b\u666f\u70b9\uff01\u5728\u8fd9\u4e09\u5929\u91cc\uff0c\u963f\u96f7\u65af\u7684\u516c\u5171\u7a7a\u95f4\u8d8b\u4e8e\u5347\u534e\uff0c\u5f15\u53d1\u9050\u60f3\uff0c\u8ba9\u4eba\u4eec\u805a\u96c6\u5728\u4e00\u8d77\u3002<br><strong>\u66f4\u591a\u4fe1\u606f\uff1a <a href=\"https:\/\/www.espacebremontier-ares.fr\/evenement\/festival-regarde-2026\/\" target=\"_blank\" rel=\"noopener\">https:\/\/www.espacebremontier-ares.fr\/evenement\/festival-regarde-2026\/<\/a><\/strong><\/p>\n\n\n\n<figure class=\"wp-block-image size-full is-resized\"><img loading=\"lazy\" decoding=\"async\" width=\"700\" height=\"355\" src=\"https:\/\/bassin-arcachon.com\/wp-content\/uploads\/2024\/06\/Design-sans-titre-13.png\" alt=\"- - Bassin d&#039;Arcachon\" class=\"wp-image-163745\" style=\"width:798px;height:auto\" title=\"- - Bassin d&#039;Arcachon\" srcset=\"https:\/\/bassin-arcachon.com\/wp-content\/uploads\/2024\/06\/Design-sans-titre-13.png 700w, https:\/\/bassin-arcachon.com\/wp-content\/uploads\/2024\/06\/Design-sans-titre-13-600x304.png 600w, https:\/\/bassin-arcachon.com\/wp-content\/uploads\/2024\/06\/Design-sans-titre-13-18x9.png 18w\" sizes=\"auto, (max-width: 700px) 100vw, 700px\" \/><figcaption class=\"wp-element-caption\">\u00a9 \u4f2f\u52aa\u74e6\u00b7\u9a6c\u7279\u4f26\u67e5\u5c14<\/figcaption><\/figure>\n<\/div><\/div>\n\n\n\n<h1 class=\"wp-block-heading has-text-align-center\"><mark style=\"background-color:rgba(0, 0, 0, 0)\" class=\"has-inline-color has-luminous-vivid-amber-color\">\u4e03\u6708 \uff1a<\/mark><\/h1>\n\n\n\n<div class=\"wp-block-uagb-container uagb-block-2b47a509 alignfull uagb-is-root-container\"><div class=\"uagb-container-inner-blocks-wrap\">\n<h2 class=\"wp-block-heading\"><strong>3 juillet : Soir\u00e9e Barr\u00e9e &#8211; Gujan-Mestras<\/strong><\/h2>\n\n\n\n<p><strong>Plus d&rsquo;infos \u00e0 venir<\/strong><\/p>\n<\/div><\/div>\n\n\n\n<div class=\"wp-block-uagb-container uagb-block-5bec84e5 alignfull uagb-is-root-container\"><div class=\"uagb-container-inner-blocks-wrap\">\n<h2 class=\"wp-block-heading\"><strong>6\u670819\u65e5\u81f37\u670819\u65e5\uff1a\u97f3\u4e50\u4e4b\u65c5\u2014\u2014\u5de1\u56de\u97f3\u4e50\u4f1a<\/strong><\/h2>\n\n\n\n<p>\u4eca\u5e74\u662f\u97f3\u4e50\u8282\u4e3e\u529e\u7684\u7b2c16\u5468\u5e74\u3002\u4e3a\u671f\u4e94\u5468\uff0c\u56fd\u9645\u9876\u5c16\u827a\u672f\u5bb6\u5c06\u4e3a\u9274\u8d4f\u529b\u6781\u5f3a\u7684\u97f3\u4e50\u7231\u597d\u8005\u548c\u5145\u6ee1\u597d\u5947\u5fc3\u7684\u89c2\u4f17\u5e26\u6765\u7cbe\u5f69\u6f14\u51fa\u3002\u4ed6\u4eec\u643a\u5bb6\u4eba\u4e00\u540c\u6cbf\u7740\u83b1\u5c14\u6cb3\uff0c\u73af\u7ed5\u963f\u5c14\u5361\u96c4Bassin\u5730\u533a\uff0c\u63a2\u7d22\u53e4\u5178\u97f3\u4e50\u7684\u9b45\u529b\u3002<br><strong>\u66f4\u591a\u4fe1\u606f\uff1a <a href=\"https:\/\/www.lesescapadesmusicales.com\/\" target=\"_blank\" rel=\"noopener\">https:\/\/www.lesescapadesmusicales.com\/<\/a><\/strong><\/p>\n<\/div><\/div>\n\n\n\n<div class=\"wp-block-uagb-container uagb-block-efdf3a3d alignfull uagb-is-root-container\"><div class=\"uagb-container-inner-blocks-wrap\">\n<h2 class=\"wp-block-heading\"><strong>7\u67084\u65e5\u81f325\u65e5\uff0c\u661f\u671f\u4e94\uff1aLes Lantonnales \u2013 Lanton<\/strong><\/h2>\n\n\n\n<p>\u201cLes Lantonnales\u201d\u97f3\u4e50\u8282\u5728\u8be5\u9547\u7684\u6587\u5316\u666f\u89c2\u4e2d\u5360\u6709\u4e00\u5e2d\u4e4b\u5730\uff0c\u901a\u8fc7\u9080\u8bf7\u65c5\u884c\u7684\u65b9\u5f0f\u5c06\u53e4\u5178\u97f3\u4e50\u7f6e\u4e8e\u805a\u5149\u706f\u4e0b\u3002\u5165\u573a\u514d\u8d39\u4e14\u514d\u8d39\u3002<br><strong>\u66f4\u591a\u4fe1\u606f\uff1a <a href=\"https:\/\/www.mairie-lanton.fr\/les-lantonnales\/\" target=\"_blank\" rel=\"noopener\">https:\/\/www.mairie-lanton.fr\/les-lantonnales\/<\/a><\/strong><\/p>\n<\/div><\/div>\n\n\n\n<div class=\"wp-block-uagb-container uagb-block-a7535b2d alignfull uagb-is-root-container\"><div class=\"uagb-container-inner-blocks-wrap\">\n<h2 class=\"wp-block-heading\"><strong>Du 4 au 5 juillet : Les Sc\u00e8nes Musicales &#8211; La Teste-de-Buch<\/strong><\/h2>\n\n\n\n<p>\u4eca\u5e74\u662f\u8be5\u6d3b\u52a8\u7684\u7b2c\u4e8c\u5e74\uff0c\u6d3b\u52a8\u5c06\u5728\u514b\u96f7\u7ef4\u5267\u9662\u4e3e\u529e\u975e\u6d32\u98ce\u60c5\u8282\uff0c\u5c4a\u65f6\u5c06\u6709\u591a\u573a\u97f3\u4e50\u4f1a\u3002\u6b64\u5916\uff0c\u8fd8\u5c06\u8bbe\u7acb\u4e00\u4e2a\u6237\u5916\u6751\uff0c\u63d0\u4f9b\u7f8e\u98df\u3001\u8336\u70b9\u548c\u97f3\u4e50\u4f1a\u3002<br><strong>\u66f4\u591a\u4fe1\u606f\uff1a <a href=\"https:\/\/www.latestedebuch.fr\/actualites\/african-vibes-festival\/\" target=\"_blank\" rel=\"noopener\">https:\/\/www.latestedebuch.fr\/actualites\/african-vibes-festival\/<\/a><\/strong><\/p>\n<\/div><\/div>\n\n\n\n<div class=\"wp-block-uagb-container uagb-block-dbe972e6 alignfull uagb-is-root-container\"><div class=\"uagb-container-inner-blocks-wrap\">\n<h2 class=\"wp-block-heading\"><strong><strong><strong>Du 4 au 5 juillet : les 18h \u00e0 la voile &#8211; Arcachon<\/strong><\/strong><\/strong><\/h2>\n\n\n\n<p>\u81ea1969\u5e74\u4ee5\u6765\uff0c\u6bcf\u5e747\u6708\uff0c&nbsp;<a href=\"https:\/\/www.voile-arcachon.fr\/\" target=\"_blank\" rel=\"noopener\">\u963f\u5361\u96c4\u5e06\u8239\u5708<\/a>&nbsp;\u5728\u963f\u5361\u96c4\u4e3e\u529e\u4e0d\u5bb9\u9519\u8fc7\u7684\u4e0b\u5348 6 \u70b9\u5e06\u8239\u6d3b\u52a8\u3002\u8d77\u8dd1\u7ebf\u4e0a\uff0c\u8fd1\u767e\u8258\u8239\u53ea\u4e00\u5b57\u6392\u5f00\uff0c\u51c6\u5907\u572818\u5c0f\u65f6\u4e0d\u95f4\u65ad\u7684\u8d5b\u8247\u6bd4\u8d5b\u4e2d\u594b\u6218\u3002<br><strong>\u66f4\u591a\u4fe1\u606f\uff1a <a href=\"https:\/\/www.voile-arcachon.fr\/agenda-du-regatier\/18-heures-darcachon\/\" target=\"_blank\" rel=\"noopener\">https:\/\/www.voile-arcachon.fr\/agenda-du-regatier\/18-heures-darcachon\/<\/a><\/strong><\/p>\n\n\n\n<figure class=\"wp-block-embed is-type-video is-provider-youtube wp-block-embed-youtube wp-embed-aspect-16-9 wp-has-aspect-ratio\"><div class=\"wp-block-embed__wrapper\">\n<iframe loading=\"lazy\" title=\"\u4e0b\u5348 6 \u70b9\uff0c108 \u8258\u5e06\u8239\u5728\u963f\u5361\u96c4\u5e06\u8239\u6bd4\u8d5b\u5f00\u5e55\uff01\" width=\"500\" height=\"281\" src=\"https:\/\/www.youtube.com\/embed\/jstbP4Tw9v4?feature=oembed\" frameborder=\"0\" allow=\"accelerometer; autoplay; clipboard-write; encrypted-media; gyroscope; picture-in-picture; web-share\" referrerpolicy=\"strict-origin-when-cross-origin\" allowfullscreen><\/iframe>\n<\/div><\/figure>\n<\/div><\/div>\n\n\n\n<div class=\"wp-block-uagb-container uagb-block-e2d02181 alignfull uagb-is-root-container\"><div class=\"uagb-container-inner-blocks-wrap\">\n<h2 class=\"wp-block-heading\"><strong>Du 4 au 5 juillet : Festival Bee Out &#8211; Mios<\/strong><\/h2>\n\n\n\n<p>\u5728\u590f\u5b63\u4f0a\u59cb\u7684\u8fd9\u573a\u4e0d\u5bb9\u9519\u8fc7\u7684\u6d3b\u52a8\u4e2d\uff0c\u57ce\u5e02\u827a\u672f\u5b9e\u8df5\u6210\u4e3a\u7126\u70b9\u3002<br>\u9752\u5c11\u5e74\u4e2d\u5fc3\u3001\u5730\u533a\u548c\u533a\u57df\u6559\u80b2\u57f9\u8bad\u4e2d\u5fc3\uff08DITEP\uff09\u4ee5\u53ca\u5e02\u653f\u5385\u6587\u5316\u90e8\u95e8\u6b63\u5728\u4e3a\u8be5\u5730\u533a\u6240\u6709\u9752\u5c11\u5e74\u7b56\u5212\u4e00\u9879\u6d3b\u52a8\uff0c\u6db5\u76d6\u4f53\u80b2\u3001\u6587\u5316\u3001\u63a2\u7d22\u548c\u8868\u6f14\u7b49\u5404\u5f0f\u6d3b\u52a8\u3002\u7cbe\u5f69\u7eb7\u5448\uff0c\u5b9a\u4f1a\u8ba9\u60a8\u5ea6\u8fc7\u96be\u5fd8\u7684\u4e00\u5929\uff01<br>Nouveaut\u00e9 cette ann\u00e9e : le samedi 5 juillet, place aux artistes ! De 15h \u00e0 18h concours de graff pour les 16-25 ans. Inscriptions aupr\u00e8s de l&rsquo;Espace Jeunes \u00e0 espacejeunes@villemios.fr<br><strong>\u66f4\u591a\u4fe1\u606f\uff1a <a href=\"https:\/\/www.villemios.fr\/festival-bee-out\/\" target=\"_blank\" rel=\"noopener\">https:\/\/www.villemios.fr\/festival-bee-out\/<\/a><\/strong><\/p>\n<\/div><\/div>\n\n\n\n<div class=\"wp-block-uagb-container uagb-block-6d1c5fb6 alignfull uagb-is-root-container\"><div class=\"uagb-container-inner-blocks-wrap\">\n<h2 class=\"wp-block-heading\"><strong>Du 7 au 10 juillet : Festival Partir en Livres &#8211; Andernos<\/strong><\/h2>\n\n\n\n<p>En 2026, les h\u00e9ros ouvrent la voie de l\u2019imaginaire \u00e0 l\u2019occasion de \u00ab Partir en livre \u00bb. Du 7 au 10 juillet, la m\u00e9diath\u00e8que Andr\u00e9e Ch\u00e9did devient un territoire d\u2019aventures, de mots et de r\u00eaves partag\u00e9s.<br>Au programme de cette 12\u00e8me \u00e9dition organis\u00e9e par la M\u00e9diath\u00e8que Andr\u00e9e Chedid : rencontres, ateliers, quizz, lectures \u00e0 haute voix ou musicales et jeux en plein air pour c\u00e9l\u00e9brer la Litt\u00e9rature en famille. Gouter d&rsquo;inauguration le mardi 7 juillet \u00e0 16h30 pour les enfants et leurs familles.<br>En partenariat avec les associations culturelle Grandilire et Lire et faire lire ainsi que la Librairie ind\u00e9pendante Le jardin des Lettres. <br><strong>\u66f4\u591a\u4fe1\u606f\uff1a <a href=\"https:\/\/www.gironde-tourisme.com\/fetes-manifestations\/festival-partir-en-livres\/\" target=\"_blank\" rel=\"noopener\">https:\/\/www.gironde-tourisme.com\/fetes-manifestations\/festival-partir-en-livres\/<\/a><\/strong><\/p>\n<\/div><\/div>\n\n\n\n<div class=\"wp-block-uagb-container uagb-block-6361c267 alignfull uagb-is-root-container\"><div class=\"uagb-container-inner-blocks-wrap\">\n<h2 class=\"wp-block-heading\"><strong>7\u67085\u65e5\u81f311\u65e5\uff1aCap Ferret\u97f3\u4e50\u8282\u2014\u2014L\u00e8ge-Cap Ferret<\/strong><\/h2>\n\n\n\n<p>\u5361\u666e\u8d39\u96f7\u7279\u4e3e\u529e\u5361\u666e\u8d39\u96f7\u7279\u97f3\u4e50\u8282\u3002\u8fd9\u9879\u4e00\u5e74\u4e00\u5ea6\u7684\u6587\u5316\u548c\u97f3\u4e50\u6d3b\u52a8\u4ee5\u53e4\u5178\u97f3\u4e50\u4e3a\u4e3b\u9898\uff0c\u5df2\u6210\u4e3a\u4eba\u4eec\u7684\u5d07\u62dc\u5bf9\u8c61\uff0c\u4e3a\u6e38\u5ba2\u63d0\u4f9b\u4e86\u5728\u7530\u56ed\u8bd7\u822c\u7684\u73af\u5883\u4e2d\u6c89\u6d78\u5728\u7cbe\u6e5b\u6280\u827a\u7684\u4e16\u754c\u4e2d\u7684\u673a\u4f1a\u3002<br><strong>\u66f4\u591a\u4fe1\u606f\uff1a <a href=\"https:\/\/www.capferretmusicfestival.com\/\" target=\"_blank\" rel=\"noopener\">https:\/\/www.capferretmusicfestival.com\/<\/a><\/strong><\/p>\n\n\n\n<figure class=\"wp-block-image size-full is-resized\"><img loading=\"lazy\" decoding=\"async\" width=\"700\" height=\"355\" src=\"https:\/\/bassin-arcachon.com\/wp-content\/uploads\/2024\/05\/Design-sans-titre-2024-05-30T141020.649.png\" alt=\"- - Bassin d&#039;Arcachon\" class=\"wp-image-58690\" style=\"width:798px;height:auto\" title=\"- - Bassin d&#039;Arcachon\" srcset=\"https:\/\/bassin-arcachon.com\/wp-content\/uploads\/2024\/05\/Design-sans-titre-2024-05-30T141020.649.png 700w, https:\/\/bassin-arcachon.com\/wp-content\/uploads\/2024\/05\/Design-sans-titre-2024-05-30T141020.649-600x304.png 600w, https:\/\/bassin-arcachon.com\/wp-content\/uploads\/2024\/05\/Design-sans-titre-2024-05-30T141020.649-18x9.png 18w\" sizes=\"auto, (max-width: 700px) 100vw, 700px\" \/><figcaption class=\"wp-element-caption\">\u00a9 \u6d77\u4f26\u00b7\u4f2f\u6770<\/figcaption><\/figure>\n<\/div><\/div>\n\n\n\n<div class=\"wp-block-uagb-container uagb-block-6ae63cee alignfull uagb-is-root-container\"><div class=\"uagb-container-inner-blocks-wrap\">\n<h2 class=\"wp-block-heading\"><strong>8 juillet : March\u00e9 de nuit<\/strong> - <strong>\u5b89\u5fb7\u8bfa\u65af<\/strong><\/h2>\n\n\n\n<p>\u8282\u65e5\u53cb\u597d\u7684\u6c1b\u56f4\u3001\u4f18\u8d28\u7684\u7f8e\u98df\u3001\u591a\u6837\u7684\u5de5\u5320\uff1a\u8fd9\u91cc\u6709\u60a8\u4eab\u53d7\u7f8e\u4e3d\u590f\u591c\u6240\u9700\u7684\u4e00\u5207\uff01<br>Animation musicale par la Band&rsquo; a7<br>\u56f4\u7ed5\u5927\u9910\u684c\u7684\u73b0\u573a\u9910\u996e\u670d\u52a1\u3002.<br><strong>\u66f4\u591a\u4fe1\u606f\uff1a <a href=\"https:\/\/www.andernos-tourisme.fr\/fiche-sit\/fmaaqu033v516ou0\/\" target=\"_blank\" rel=\"noopener\">https:\/\/www.andernos-tourisme.fr\/fiche-sit\/fmaaqu033v516ou0\/<\/a><\/strong><\/p>\n<\/div><\/div>\n\n\n\n<div class=\"wp-block-uagb-container uagb-block-6bb15320 alignfull uagb-is-root-container\"><div class=\"uagb-container-inner-blocks-wrap\">\n<h2 class=\"wp-block-heading\"><strong>Les 9, 16 et 23 juillet : Les Jeudis de Larros &#8211; Gujan-Mestras<\/strong><\/h2>\n\n\n\n<p>\u81ea 2006 \u5e74\u4ee5\u6765\uff0c\u62c9\u7f57\u65af\u6e2f (Port de Larros) \u4e00\u76f4\u662f\u4e00\u4e2a\u5145\u6ee1\u5386\u53f2\u548c\u6fc0\u60c5\u7684\u5730\u65b9\uff0c\u8fd9\u91cc\u7684\u591c\u665a\u63d0\u4f9b\u97f3\u4e50\u3001\u620f\u5267\u3001\u821e\u8e48\u3001\u9732\u5929\u7535\u5f71\u548c\u5f53\u4ee3\u9a6c\u620f\u8868\u6f14\u3002\u8fd9\u4e9b\u4f1a\u8bae\u5728\u4e03\u6708\u548c\u516b\u6708\u7684\u6bcf\u5468\u56db\u665a\u4e0a\u4e3e\u884c\u3002<br><strong>\u66f4\u591a\u4fe1\u606f\uff1a <a href=\"https:\/\/www.gujanmestras.com\/\" target=\"_blank\" rel=\"noopener\">https:\/\/www.gujanmestras.com\/<\/a><\/strong><\/p>\n<\/div><\/div>\n\n\n\n<div class=\"wp-block-uagb-container uagb-block-f1769bfc alignfull uagb-is-root-container\"><div class=\"uagb-container-inner-blocks-wrap\">\n<h2 class=\"wp-block-heading\"><strong>7 \u6708 12 \u65e5\u81f3 14 \u65e5\uff1a\u5965\u767b\u65e5\u8282\u65e5<\/strong><\/h2>\n\n\n\n<p>\u201cAudenge fait son \u97f3\u4e50\u8282\u201d\u7b2c\u4e8c\u5c4a\u56de\u5f52\uff0c\u5728\u975e\u5178\u578b\u7684\u771f\u4eba\u5927\u5c0f\u73af\u5883\u4e2d\u4e3e\u529e\u4e3a\u671f\u4e09\u5929\u7684\u97f3\u4e50\u4f1a\u3002\u516c\u56ed\u5185\u6709\u514d\u8d39\u97f3\u4e50\u4f1a\u3001\u821e\u8e48\u8868\u6f14\u3001\u7f8e\u98df\u8f66\u548c\u8bb8\u591a\u5176\u4ed6\u6d3b\u52a8\u3002<br><strong>\u66f4\u591a\u4fe1\u606f\uff1a <a href=\"https:\/\/www.ville-audenge.fr\/audenge-fait-son-festival\/\" target=\"_blank\" rel=\"noopener\">https:\/\/www.ville-audenge.fr\/audenge-fait-son-festival\/<\/a><\/strong><\/p>\n\n\n\n<figure class=\"wp-block-image size-full is-resized\"><img loading=\"lazy\" decoding=\"async\" width=\"700\" height=\"355\" src=\"https:\/\/bassin-arcachon.com\/wp-content\/uploads\/2024\/05\/Design-sans-titre-2024-05-30T143158.471.png\" alt=\"- - Bassin d&#039;Arcachon\" class=\"wp-image-58692\" style=\"aspect-ratio:1.971855278115323;width:796px;height:auto\" title=\"- - Bassin d&#039;Arcachon\" srcset=\"https:\/\/bassin-arcachon.com\/wp-content\/uploads\/2024\/05\/Design-sans-titre-2024-05-30T143158.471.png 700w, https:\/\/bassin-arcachon.com\/wp-content\/uploads\/2024\/05\/Design-sans-titre-2024-05-30T143158.471-600x304.png 600w, https:\/\/bassin-arcachon.com\/wp-content\/uploads\/2024\/05\/Design-sans-titre-2024-05-30T143158.471-18x9.png 18w\" sizes=\"auto, (max-width: 700px) 100vw, 700px\" \/><figcaption class=\"wp-element-caption\">\u00a9 \u6b27\u767b\u65e5\u5e02<\/figcaption><\/figure>\n<\/div><\/div>\n\n\n\n<div class=\"wp-block-uagb-container uagb-block-da05f6f3 alignfull uagb-is-root-container\"><div class=\"uagb-container-inner-blocks-wrap\">\n<h2 class=\"wp-block-heading\"><strong>Du 11 au 14 juillet : F\u00eates du Betey &#8211; Andernos<\/strong><\/h2>\n\n\n\n<p>\u8d1d\u6cf0\u6e2f\u4e3e\u529e\u6709\u97f3\u4e50\u4f1a\u548c\u7f8e\u98df\u7684\u8282\u65e5\u6d3b\u52a8\uff01<br>\u8fd9\u662f\u4e00\u4e2a\u805a\u5728\u4e00\u8d77\u6b23\u8d4f\u97f3\u4e50\u5e76\u54c1\u5c1d\u7f8e\u5473\u7279\u8272\u83dc\u7684\u597d\u673a\u4f1a\u3002<br>\u7531\u897f\u73ed\u7259\u53cb\u597d\u59d4\u5458\u4f1a\u5b89\u5fb7\u8bfa\u65af\u00b7\u585e\u6208\u5c14\u8d1d (Andernos Segorbe) \u7ec4\u7ec7\u3002<br><strong>\u66f4\u591a\u4fe1\u606f\uff1a <a href=\"https:\/\/www.andernos-tourisme.fr\/fiche-sit\/fmaaqu033v512pn0\/\" target=\"_blank\" rel=\"noopener\">https:\/\/www.andernos-tourisme.fr\/fiche-sit\/fmaaqu033v512pn0\/<\/a><\/strong><\/p>\n<\/div><\/div>\n\n\n\n<div class=\"wp-block-uagb-container uagb-block-fa213d50 alignfull uagb-is-root-container\"><div class=\"uagb-container-inner-blocks-wrap\">\n<h2 class=\"wp-block-heading\"><strong>7 \u6708 12 \u65e5\u81f3 14 \u65e5\uff1aMusic&#039;O Teich \u2013 Le Teich<\/strong><\/h2>\n\n\n\n<p>\u5728\u7801\u5934\u4e3e\u529e\u4e3a\u671f 3 \u5929\u7684\u97f3\u4e50\u4f1a\uff0c\u5145\u6ee1\u5bb6\u5ead\u548c\u4e61\u6751\u6c1b\u56f4\uff0c\u8fd9\u662f Music O&#039;Teich \u97f3\u4e50\u8282\u65e0\u4e0e\u4f26\u6bd4\u7684\u79d8\u8bc0\u3002\u514d\u8d39\u97f3\u4e50\u4f1a\u3001\u70df\u82b1\u8868\u6f14\u3002<br><strong>\u66f4\u591a\u4fe1\u606f\uff1a<a href=\"https:\/\/leteich.fr\/agenda\/musico-teich\/\" target=\"_blank\" rel=\"noopener\">https:\/\/leteich.fr\/agenda\/musico-teich\/<\/a><\/strong><\/p>\n\n\n\n<figure class=\"wp-block-embed is-type-video is-provider-youtube wp-block-embed-youtube wp-embed-aspect-16-9 wp-has-aspect-ratio\"><div class=\"wp-block-embed__wrapper\">\n<iframe loading=\"lazy\" title=\"\u56de\u987e\u4e0d\u5bb9\u9519\u8fc7\u7684 Music O Teich\uff01\" width=\"500\" height=\"281\" src=\"https:\/\/www.youtube.com\/embed\/YpiHRn1ylq0?feature=oembed\" frameborder=\"0\" allow=\"accelerometer; autoplay; clipboard-write; encrypted-media; gyroscope; picture-in-picture; web-share\" referrerpolicy=\"strict-origin-when-cross-origin\" allowfullscreen><\/iframe>\n<\/div><\/figure>\n<\/div><\/div>\n\n\n\n<div class=\"wp-block-uagb-container uagb-block-d3f7f661 alignfull uagb-is-root-container\"><div class=\"uagb-container-inner-blocks-wrap\">\n<h2 class=\"wp-block-heading\"><strong>Du 17 au 19 juillet : F\u00eate de l&rsquo;Hu\u00eetre d&rsquo;Andernos <\/strong><\/h2>\n\n\n\n<p>\u7261\u86ce\u6e2f\u7684\u7261\u86ce\u8282\uff0c\u4e0d\u5bb9\u9519\u8fc7\u7684\u6d3b\u52a8\uff01<br>\u7261\u86ce\u8282\u59d4\u5458\u4f1a\u63d0\u4f9b\u7261\u86ce\u3001\u9999\u80a0\u3001\u6c99\u4e01\u9c7c\u3001\u8d3b\u8d1d\u3001\u85af\u6761\u548c\u751c\u70b9\u7684\u54c1\u5c1d\u6d3b\u52a8\u3002<br><strong>\u66f4\u591a\u4fe1\u606f\uff1a <a href=\"https:\/\/www.andernos-tourisme.fr\/\" target=\"_blank\" rel=\"noopener\">https:\/\/www.andernos-tourisme.fr<\/a><\/strong><\/p>\n<\/div><\/div>\n\n\n\n<div class=\"wp-block-uagb-container uagb-block-dcd6e710 alignfull uagb-is-root-container\"><div class=\"uagb-container-inner-blocks-wrap\">\n<h2 class=\"wp-block-heading\"><strong>18 juillet : Sardinade &#8211; Gujan-Mestras<\/strong><\/h2>\n\n\n\n<p>Bal populaire, Sardinade avec animation dansante.<\/p>\n\n\n\n<p><strong>\u66f4\u591a\u4fe1\u606f\uff1a <a href=\"https:\/\/www.tourisme-gujanmestras.com\/agenda\/sardinade-bal-populaire-gujan-mestras-fr-5664452\/\" target=\"_blank\" rel=\"noopener\">https:\/\/www.tourisme-gujanmestras.com\/agenda\/sardinade-bal-populaire-gujan-mestras-fr-5664452\/<\/a><\/strong><\/p>\n<\/div><\/div>\n\n\n\n<div class=\"wp-block-uagb-container uagb-block-a02ef669 alignfull uagb-is-root-container\"><div class=\"uagb-container-inner-blocks-wrap\">\n<h2 class=\"wp-block-heading\"><strong>Du 24 au 26 juillet : Andernos Jazz Festival<\/strong><\/h2>\n\n\n\n<p>\u7235\u58eb\u4e50\u76db\u4f1a\u5c06\u6301\u7eed\u4e09\u5929\uff0c\u5305\u62ec\u767d\u5929\u548c\u665a\u4e0a\u7684\u514d\u8d39\u6237\u5916\u97f3\u4e50\u4f1a\u3002\u7b2c52\u5c4a\u7235\u58eb\u4e50\u8282\u81f4\u529b\u4e8e\u5c55\u73b0\u97f3\u4e50\u7684\u4e30\u5bcc\u6027\uff0c\u6c47\u805a\u6765\u81ea\u5730\u533a\u548c\u56fd\u9645\u821e\u53f0\u7684\u591a\u5143\u5316\u97f3\u4e50\u5bb6\uff0c\u5728\u5824\u5cb8\u5e7f\u573a\u3001\u8d1d\u6cf0\u6d77\u6ee9\u3001\u4e03\u6708\u5341\u56db\u65e5\u5e7f\u573a\u6216\u8def\u6613\u00b7\u5927\u536b\u82b1\u56ed\uff0c\u5b9a\u80fd\u8ba9\u60a8\u5c3d\u4eab\u7235\u58eb\u4e50\u76db\u5bb4\u3002<br><strong>\u66f4\u591a\u4fe1\u606f\uff1a&nbsp;<a href=\"https:\/\/www.andernos-jazz-festival.fr\" target=\"_blank\" rel=\"noopener\">https:\/\/www.andernos-jazz-festival.fr<\/a><\/strong><\/p>\n\n\n\n<figure class=\"wp-block-image size-full\"><img loading=\"lazy\" decoding=\"async\" width=\"700\" height=\"355\" src=\"https:\/\/bassin-arcachon.com\/wp-content\/uploads\/2024\/06\/Design-sans-titre-14.png\" alt=\"- - Bassin d&#039;Arcachon\" class=\"wp-image-164007\" title=\"- - Bassin d&#039;Arcachon\" srcset=\"https:\/\/bassin-arcachon.com\/wp-content\/uploads\/2024\/06\/Design-sans-titre-14.png 700w, https:\/\/bassin-arcachon.com\/wp-content\/uploads\/2024\/06\/Design-sans-titre-14-600x304.png 600w, https:\/\/bassin-arcachon.com\/wp-content\/uploads\/2024\/06\/Design-sans-titre-14-18x9.png 18w\" sizes=\"auto, (max-width: 700px) 100vw, 700px\" \/><figcaption class=\"wp-element-caption\">\u00a9 \u7ef4\u7f57\u5c3c\u514b\u00b7\u963f\u5c14\u66fc\u8428<\/figcaption><\/figure>\n<\/div><\/div>\n\n\n\n<div class=\"wp-block-uagb-container uagb-block-ebc447a6 alignfull uagb-is-root-container\"><div class=\"uagb-container-inner-blocks-wrap\">\n<h2 class=\"wp-block-heading\"><strong>Du 24 au 26 juillet : Mios en f\u00eate<\/strong><\/h2>\n\n\n\n<p>Le festival miossais aux accents pop rock revient donc pour une 31eme \u00e9dition. Durant ces 3 jours,&nbsp;<strong>\u8ba1\u5212\u4e3e\u529e10\u573a\u97f3\u4e50\u4f1a<\/strong>\uff0c\u4ee5\u53ca&nbsp;<strong>\u62e5\u6709 50 \u591a\u5bb6\u53c2\u5c55\u5546\u7684\u591c\u5e02<\/strong>&nbsp;\u4ee5\u53ca\u9910\u996e\u533a\u3002\u8282\u65e5\u5c06\u4e8e\u665a\u4e0a11:30\u4ee5\u4f20\u7edf\u70df\u82b1\u8868\u6f14\u7ed3\u675f\u3002<br><strong>\u66f4\u591a\u4fe1\u606f\uff1a <a href=\"https:\/\/tvba.fr\/actu-concert-mios-en-fete-ete-2025\/\" target=\"_blank\" rel=\"noopener\">https:\/\/tvba.fr\/actu-concert-mios-en-fete-ete-2025\/<\/a><\/strong><\/p>\n<\/div><\/div>\n\n\n\n<div class=\"wp-block-uagb-container uagb-block-c1739eff alignfull uagb-is-root-container\"><div class=\"uagb-container-inner-blocks-wrap\">\n<h2 class=\"wp-block-heading\"><strong>25 juillet : Op\u00e9ra Les P\u00eacheurs de Perle (Georges BIZET) &#8211; Gujan-Mestras<\/strong><\/h2>\n\n\n\n<p>\u60a8\u4e0e\u6b4c\u5267\u7684\u7ea6\u4f1a\uff0c\u4e0e\u5bb6\u4eba\u4e00\u8d77\u5728\u9732\u5929\u53d1\u73b0\u6216\u91cd\u65b0\u53d1\u73b0\u8457\u540d\u7684\u6b4c\u5267\u6807\u51c6\u3002\u514d\u8d39\u6f14\u51fa\uff0c\u81ea 2009 \u5e74\u8d77\u4e0d\u5bb9\u9519\u8fc7\uff01<br><strong>\u66f4\u591a\u4fe1\u606f\uff1a <a href=\"https:\/\/www.tourisme-gujanmestras.com\/agenda\/opera-en-plein-air-gujan-mestras-fr-5656578\/\" target=\"_blank\" rel=\"noopener\">https:\/\/www.tourisme-gujanmestras.com\/agenda\/opera-en-plein-air-gujan-mestras-fr-5656578\/<\/a><\/strong><\/p>\n<\/div><\/div>\n\n\n\n<div class=\"wp-block-uagb-container uagb-block-0de13284 alignfull uagb-is-root-container\"><div class=\"uagb-container-inner-blocks-wrap\">\n<h2 class=\"wp-block-heading\"><strong>29 juillet : March\u00e9 nocturne &#8211; Gujan-Mestras<\/strong><\/h2>\n\n\n\n<p><strong>Plus d&rsquo;informations \u00e0 venir<\/strong><\/p>\n<\/div><\/div>\n\n\n\n<div class=\"wp-block-uagb-container uagb-block-6a7c45bd alignfull uagb-is-root-container\"><div class=\"uagb-container-inner-blocks-wrap\">\n<h2 class=\"wp-block-heading\"><strong>29 juillet : Concert de l&rsquo;\u00e9t\u00e9 &#8211; Ar\u00e8s<\/strong><\/h2>\n\n\n\n<p>Le concert de l&rsquo;\u00e9t\u00e9 d&rsquo;Ar\u00e8s est de retour ! C&rsquo;est St\u00e9phane Eicher qui se produira au Domaine des Lug\u00e9es \u00e0 21h. Concert debout et places assises limit\u00e9es (voir tarif). <strong>Personnes \u00e0 mobilit\u00e9 r\u00e9duite d\u00e9tentrice d\u2019une carte :<br>aucun acc\u00e8s possible sans justificatif et sans inscription en amont (zone PMR limit\u00e9e)<\/strong><br>merci de vous signaler au 06 20 83 87 15&nbsp;<strong>avant le 1<sup>\u5443<\/sup>&nbsp;juillet 2026<\/strong>&nbsp;afin d\u2019organiser votre accueil.<br><strong>\u66f4\u591a\u4fe1\u606f\uff1a<\/strong> <strong><a href=\"https:\/\/www.espacebremontier-ares.fr\/evenement\/stephan-eicher\/\" target=\"_blank\" rel=\"noopener\">https:\/\/www.espacebremontier-ares.fr\/evenement\/stephan-eicher\/<\/a><\/strong><\/p>\n<\/div><\/div>\n\n\n\n<div class=\"wp-block-uagb-container uagb-block-407c9786 alignfull uagb-is-root-container\"><div class=\"uagb-container-inner-blocks-wrap\">\n<h2 class=\"wp-block-heading\"><strong>Du 31 juillet au 3 ao\u00fbt : F\u00eates du port de La Teste-de-Buch<\/strong><\/h2>\n\n\n\n<p>\u5728 4 \u5929\u7684\u65f6\u95f4\u91cc\uff0c\u6e2f\u53e3\u7115\u7136\u4e00\u65b0\uff0c\u4e3e\u529e\u6e38\u4e50\u573a\u3001\u8868\u6f14\u821e\u53f0\u751a\u81f3\u5927\u578b\u9910\u5385\uff01<br>\u6bcf\u5929\u665a\u4e0a\u90fd\u4f1a\u4e3e\u529e\u4f17\u591a\u97f3\u4e50\u4f1a\u548c\u5a31\u4e50\u6d3b\u52a8\uff0c\u4fdd\u8bc1\u6574\u4e2a\u6d3e\u5bf9\u7684\u5a31\u4e50\u6027\u3002<br><strong>\u66f4\u591a\u4fe1\u606f\uff1a <a href=\"https:\/\/tvba.fr\/fetes-du-port-le-concours-daffiches-est-de-retour\/\" target=\"_blank\" rel=\"noopener\">https:\/\/tvba.fr\/fetes-du-port-le-concours-daffiches-est-de-retour\/<\/a><\/strong><\/p>\n\n\n\n<figure class=\"wp-block-embed is-type-video is-provider-youtube wp-block-embed-youtube wp-embed-aspect-16-9 wp-has-aspect-ratio\"><div class=\"wp-block-embed__wrapper\">\n<iframe loading=\"lazy\" title=\"\u7b2c55\u5c4a\u6e2f\u53e3\u8282La Teste de Buch\u542f\u52a8\" width=\"500\" height=\"281\" src=\"https:\/\/www.youtube.com\/embed\/2BurlKjEzWc?feature=oembed\" frameborder=\"0\" allow=\"accelerometer; autoplay; clipboard-write; encrypted-media; gyroscope; picture-in-picture; web-share\" referrerpolicy=\"strict-origin-when-cross-origin\" allowfullscreen><\/iframe>\n<\/div><\/figure>\n<\/div><\/div>\n\n\n\n<h1 class=\"wp-block-heading has-text-align-center\"><mark style=\"background-color:rgba(0, 0, 0, 0)\" class=\"has-inline-color has-luminous-vivid-amber-color\">\u516b\u6708 \uff1a  <\/mark><\/h1>\n\n\n\n<div class=\"wp-block-uagb-container uagb-block-4d9c72e9 alignfull uagb-is-root-container\"><div class=\"uagb-container-inner-blocks-wrap\">\n<h2 class=\"wp-block-heading\"><strong>8 \u6708 1 \u65e5\u548c 22 \u65e5\u661f\u671f\u4e94\uff1aLes Lantonnales \u2013 Lanton<\/strong><\/h2>\n\n\n\n<p>\u201cLes Lantonnales\u201d\u97f3\u4e50\u8282\u5728\u8be5\u9547\u7684\u6587\u5316\u666f\u89c2\u4e2d\u5360\u6709\u4e00\u5e2d\u4e4b\u5730\uff0c\u901a\u8fc7\u9080\u8bf7\u65c5\u884c\u7684\u65b9\u5f0f\u5c06\u53e4\u5178\u97f3\u4e50\u7f6e\u4e8e\u805a\u5149\u706f\u4e0b\u3002\u5165\u573a\u514d\u8d39\u4e14\u514d\u8d39\u3002<br><strong>\u66f4\u591a\u4fe1\u606f\uff1a <a href=\"https:\/\/www.mairie-lanton.fr\/les-lantonnales\/\" target=\"_blank\" rel=\"noopener\">https:\/\/www.mairie-lanton.fr\/les-lantonnales\/<\/a><\/strong><\/p>\n\n\n\n<h2 class=\"wp-block-heading\"><strong>8\u67081\u65e5\u81f33\u65e5\uff1a\u534a\u5c9b\u8282\u2014\u2014L\u00e8ge-Cap Ferret<\/strong><\/h2>\n\n\n\n<p>\u8fd9\u4e2a\u76db\u5927\u7684\u8282\u65e5\uff0c\u7261\u86ce\u662f\u5973\u738b\uff0c\u4f20\u7edf\u4e0a\u4e8e\u516b\u6708\u7684\u7b2c\u4e00\u4e2a\u5468\u672b\u5728Claouey\u7684Bertic\u5e7f\u573a\uff08Bassin\u5bf9\u9762\uff09\u4e3e\u884c\u3002\u6d3b\u52a8\u6301\u7eed\u4e09\u5929\uff0cL\u00e8ge-Cap Ferret\u624b\u7403\u548c\u67d4\u9053\u4ff1\u4e50\u90e8\u3001Boule Ferret-Capienne\u3001Presqu&#039;\u00eele\u7684B\u00e9n\u00e9voles\u534f\u4f1a\u4ee5\u53caSNSM\u90fd\u4f1a\u53c2\u4e0e\u5176\u4e2d\u3002<br><strong>\u66f4\u591a\u4fe1\u606f\uff1a <a href=\"https:\/\/www.ville-lege-capferret.fr\/municipalite\/les-services\/liste\/les-fetes-dans-les-villages\/#:~:text=F%C3%AAte%20de%20la%20presqu&#039;%C3%AEle,place%20Bertic%2C%20face%20au%20Bassin.\" target=\"_blank\" rel=\"noopener\">https:\/\/www.ville-lege-capferret.fr\/<\/a><\/strong><\/p>\n\n\n\n<h2 class=\"wp-block-heading\"><strong>8\u67082\u65e5\u81f33\u65e5\uff1a\u4e61\u6751\u8282\u2014\u2014\u6bd4\u52a0\u8bfa\u65af<\/strong><\/h2>\n\n\n\n<p>\u524d\u5f80\u6bd4\u52a0\u8bfa\u65af\u7684\u7eff\u80ba\u52d2\u79d1\u514b\u516c\u56ed\uff0c\u53c2\u52a0\u8fd9\u573a\u5e86\u795d\u519c\u4e1a\u4e16\u754c\u548c\u6728\u6750\u7684\u8282\u65e5\u3002\u6d3b\u52a8\u5185\u5bb9\u5305\u62ec\u53e4\u8463\u5de5\u5177\u5c55\u89c8\u3001\u79fb\u52a8\u519c\u573a\u3001\u624b\u5de5\u827a\u54c1\u5e02\u573a\u3001\u6728\u5de5\u5de5\u4f5c\u574a\u3001\u8054\u5408\u6536\u5272\u673a\u6f14\u793a\uff0c\u4ee5\u53ca\u4f17\u591a\u4ee5\u519c\u4e1a\u3001\u81ea\u7136\u548c\u624b\u5de5\u6280\u827a\u4e3a\u4e2d\u5fc3\u7684\u6d3b\u52a8\u3002<br><strong>\u66f4\u591a\u4fe1\u606f\uff1a <a href=\"https:\/\/lebassindespetits.fr\/events\/fete-de-la-ruralite-et-festival-du-bois-biganos\/\" target=\"_blank\" rel=\"noopener\">https:\/\/lebassindespetits.fr\/events\/fete-de-la-ruralite-et-festival-du-bois-biganos\/<\/a><\/strong><\/p>\n\n\n\n<figure class=\"wp-block-image size-full\"><img loading=\"lazy\" decoding=\"async\" width=\"700\" height=\"355\" src=\"https:\/\/bassin-arcachon.com\/wp-content\/uploads\/2024\/06\/Design-sans-titre-15.png\" alt=\"- - Bassin d&#039;Arcachon\" class=\"wp-image-164009\" title=\"- - Bassin d&#039;Arcachon\" srcset=\"https:\/\/bassin-arcachon.com\/wp-content\/uploads\/2024\/06\/Design-sans-titre-15.png 700w, https:\/\/bassin-arcachon.com\/wp-content\/uploads\/2024\/06\/Design-sans-titre-15-600x304.png 600w, https:\/\/bassin-arcachon.com\/wp-content\/uploads\/2024\/06\/Design-sans-titre-15-18x9.png 18w\" sizes=\"auto, (max-width: 700px) 100vw, 700px\" \/><figcaption class=\"wp-element-caption\">\u00a9 \u6bd4\u52a0\u8bfa\u65af\u9547<\/figcaption><\/figure>\n\n\n\n<h2 class=\"wp-block-heading\"><strong>Les 3 et 4 ao\u00fbt : Arcachon en Sc\u00e8ne<\/strong><\/h2>\n\n\n\n<p>Ces grandes soir\u00e9es en plein air &#8211; au coeur du V\u00e9lodrome d&rsquo;Arcachon &#8211; rythment les \u00e9t\u00e9s des habitants et des vacanciers, qui embarquent munis d&rsquo;un aller-simple, pour 2 concerts exceptionnels. V\u00e9ritable voyage multi-g\u00e9n\u00e9rationnel, ces concerts uniques rassemblent autour d&rsquo;un langage commun et f\u00e9d\u00e9rateur : la musique. Artistes pr\u00e9sents cette ann\u00e9e : Mika et Suzanne<br><strong>\u66f4\u591a\u4fe1\u606f\uff1a <a href=\"https:\/\/www.arcachon.com\/tourisme\/je-bouge\/culture-et-evenements\/arcachonenscene\/\" target=\"_blank\" rel=\"noopener\">https:\/\/www.arcachon.com\/tourisme\/je-bouge\/culture-et-evenements\/arcachonenscene\/<\/a><\/strong><\/p>\n\n\n\n<h2 class=\"wp-block-heading\"><strong>Les 5 et 9 ao\u00fbt : March\u00e9 de nuit &#8211; Andernos<\/strong><\/h2>\n\n\n\n<p>\u8282\u65e5\u53cb\u597d\u7684\u6c1b\u56f4\u3001\u4f18\u8d28\u7684\u7f8e\u98df\u3001\u591a\u6837\u7684\u5de5\u5320\uff1a\u8fd9\u91cc\u6709\u60a8\u4eab\u53d7\u7f8e\u4e3d\u590f\u591c\u6240\u9700\u7684\u4e00\u5207\uff01<br>Animation musicale par la Band&rsquo; a7<br>\u56f4\u7ed5\u5927\u9910\u684c\u7684\u73b0\u573a\u9910\u996e\u670d\u52a1\u3002.<br><strong>\u66f4\u591a\u4fe1\u606f\uff1a <a href=\"https:\/\/www.andernos-tourisme.fr\/fiche-sit\/fmaaqu033v516ou0\/\" target=\"_blank\" rel=\"noopener\">https:\/\/www.andernos-tourisme.fr\/fiche-sit\/fmaaqu033v516ou0\/<\/a><\/strong><\/p>\n\n\n\n<h2 class=\"wp-block-heading\"><strong>Les 5 et 26 ao\u00fbt : Les impromptus du Lundi &#8211; Gujan-Mestras<\/strong><\/h2>\n\n\n\n<p>\u4e00\u8fb9\u4eab\u7528\u5f00\u80c3\u9152\uff0c\u4e00\u8fb9\u6b23\u8d4f\u97f3\u4e50\uff01\u63a2\u7d22\u4e09\u4e2a\u573a\u5730\uff0c\u5b83\u4eec\u5728\u508d\u665a\u65f6\u5206\u5728\u57ce\u5e02\u7684\u4e0d\u540c\u89d2\u843d\u540c\u65f6\u4e3e\u529e\u4e09\u573a\u97f3\u4e50\u4f1a\u3002\u96c6\u5408\u5730\u70b9\uff1a\u514b\u83b1\u5c14\u5e7f\u573a\u3001\u5e02\u653f\u5385\u5e7f\u573a\u548c\u4f11\u59c6\u6d77\u6ee9\u3002<br><strong>\u66f4\u591a\u4fe1\u606f\uff1a <a href=\"https:\/\/www.gujanmestras.com\/\" target=\"_blank\" rel=\"noopener\">https:\/\/www.gujanmestras.com\/<\/a><\/strong><\/p>\n\n\n\n<h2 class=\"wp-block-heading\"><strong>Du 6 au 9 ao\u00fbt : Gujan-Mestras en F\u00eate<\/strong><\/h2>\n\n\n\n<p>\u5bb6\u5ead\u51fa\u6e38\u3002\u6bcf\u5e74\u516b\u6708\uff0c\u8fd9\u5ea7\u57ce\u5e02\u90fd\u4f1a\u53d8\u6210\u4e00\u4e2a\u5145\u6ee1\u6d3b\u529b\u7684\u5730\u65b9\uff0c\u8fd9\u91cc\u6709\u97f3\u4e50\u3001\u9152\u9986\u548c\u9910\u5385\u3001\u73ed\u8fbe\u821e\u4ee5\u53ca\u8001\u5c11\u7686\u5b9c\u7684\u60ca\u9669\u6e38\u4e50\u8bbe\u65bd\uff0c\u6240\u6709\u8fd9\u4e9b\u90fd\u5728\u9a6c\u683c\u5fb7\u83b1\u5a1c\u6e56 (Lac de la Magdeleine) \u7684\u8ff7\u4eba\u73af\u5883\u4e2d\u8fdb\u884c\u3002<br><strong>\u66f4\u591a\u4fe1\u606f\uff1a <a href=\"https:\/\/www.tourisme-gujanmestras.com\/agenda\/gujan-mestras-en-fetes-gujan-mestras-fr-5656579\/\" target=\"_blank\" rel=\"noopener\">https:\/\/www.tourisme-gujanmestras.com\/agenda\/gujan-mestras-en-fetes-gujan-mestras-fr-5656579\/<\/a><\/strong><\/p>\n\n\n\n<figure class=\"wp-block-image size-full is-resized\"><img loading=\"lazy\" decoding=\"async\" width=\"700\" height=\"355\" src=\"https:\/\/bassin-arcachon.com\/wp-content\/uploads\/2024\/06\/Design-sans-titre-16.png\" alt=\"- - Bassin d&#039;Arcachon\" class=\"wp-image-164013\" style=\"width:700px;height:auto\" title=\"- - Bassin d&#039;Arcachon\" srcset=\"https:\/\/bassin-arcachon.com\/wp-content\/uploads\/2024\/06\/Design-sans-titre-16.png 700w, https:\/\/bassin-arcachon.com\/wp-content\/uploads\/2024\/06\/Design-sans-titre-16-600x304.png 600w, https:\/\/bassin-arcachon.com\/wp-content\/uploads\/2024\/06\/Design-sans-titre-16-18x9.png 18w\" sizes=\"auto, (max-width: 700px) 100vw, 700px\" \/><figcaption class=\"wp-element-caption\">\u00a9 A. MOUSTIE<\/figcaption><\/figure>\n\n\n\n<h2 class=\"wp-block-heading\"><strong>12 ao\u00fbt : March\u00e9 nocturne &#8211; Gujan-Mestras<\/strong><\/h2>\n\n\n\n<p><strong>Plus d&rsquo;infos \u00e0 venir<\/strong><\/p>\n\n\n\n<h2 class=\"wp-block-heading\"><strong>8 \u6708 14 \u65e5\u81f3 15 \u65e5\uff1a\u963f\u5361\u96c4\u6d77\u6d0b\u8282<\/strong><\/h2>\n\n\n\n<p>\u4e3a\u671f\u4e24\u5929\uff0cBassin \u7231\u597d\u8005\u9f50\u805a\u4e00\u5802\uff0c\u901a\u8fc7\u6d3b\u52a8\u3001\u4f20\u7edf\u548c\u5b97\u6559\u5e86\u795d\u6d3b\u52a8\u6765\u5e86\u795d\u6d77\u6d0b\u3002\u60a8\u53ef\u4ee5\u4e0e\u5bb6\u4eba\u6216\u670b\u53cb\u4e00\u8d77\u53c2\u52a0\u6d77\u6ee8\u7684\u5927\u578b\u91ce\u9910\u3001\u53c2\u52a0\u822a\u6d77\u6e38\u884c\u2026\u2026\u522b\u5fd8\u4e86\u5e26\u4e0a\u60a8\u7684\u9ec4\u56f4\u5dfe\uff01<br><strong>\u66f4\u591a\u4fe1\u606f\uff1a <a href=\"https:\/\/www.arcachon.com\/tourisme\/je-bouge\/culture-et-evenements\/les-grands-evenements\/\" target=\"_blank\" rel=\"noopener\">https:\/\/www.arcachon.com\/tourisme\/je-bouge\/culture-et-evenements\/les-grands-evenements\/<\/a><\/strong><\/p>\n\n\n\n<figure class=\"wp-block-image size-full\"><img loading=\"lazy\" decoding=\"async\" width=\"700\" height=\"355\" src=\"https:\/\/bassin-arcachon.com\/wp-content\/uploads\/2024\/06\/Design-sans-titre-17.png\" alt=\"- - Bassin d&#039;Arcachon\" class=\"wp-image-164015\" title=\"- - Bassin d&#039;Arcachon\" srcset=\"https:\/\/bassin-arcachon.com\/wp-content\/uploads\/2024\/06\/Design-sans-titre-17.png 700w, https:\/\/bassin-arcachon.com\/wp-content\/uploads\/2024\/06\/Design-sans-titre-17-600x304.png 600w, https:\/\/bassin-arcachon.com\/wp-content\/uploads\/2024\/06\/Design-sans-titre-17-18x9.png 18w\" sizes=\"auto, (max-width: 700px) 100vw, 700px\" \/><figcaption class=\"wp-element-caption\">\u00a9 JC. LAUCHAS<\/figcaption><\/figure>\n\n\n\n<h2 class=\"wp-block-heading\"><strong>Du 13 au 16 ao\u00fbt : F\u00eate de l&rsquo;Hu\u00eetre d&rsquo;Ar\u00e8s<\/strong><\/h2>\n\n\n\n<p>La ville d\u2019Ar\u00e8s est fi\u00e8re d\u2019annoncer la c\u00e9l\u00e9bration de la 53\u1d49 \u00e9dition de la c\u00e9l\u00e8bre F\u00eate de l\u2019Hu\u00eetre qui se d\u00e9roulera du 13 au 16 ao\u00fbt 2026 sur l\u2019Esplanade Georges Dartiguelongue. Cette manifestation, organis\u00e9e en collaboration entre la Mairie d\u2019Ar\u00e8s et le Comit\u00e9 des f\u00eates Ar\u00e9sien, promet d\u2019\u00eatre une exp\u00e9rience gustative, culturelle et festive inoubliable pour tous les visiteurs.<br><strong>\u66f4\u591a\u4fe1\u606f\uff1a <a href=\"https:\/\/ville-ares.fr\/50eme-fete-de-lhuitre-dares-du-12-au-15-aout-2023-4\/#:~:text=La%20ville%20d&#039;Ar%C3%A8s%20est,sur%20l&#039;Esplanade%20Georges%20Dartiguelongue.\" target=\"_blank\" rel=\"noopener\">https:\/\/ville-ares.fr<\/a><\/strong><\/p>\n\n\n\n<h2 class=\"wp-block-heading\"><strong>Les 13, 20 et 27 ao\u00fbt : Les Jeudis de Larros &#8211; Gujan-Mestras<\/strong><\/h2>\n\n\n\n<p>\u81ea 2006 \u5e74\u4ee5\u6765\uff0c\u62c9\u7f57\u65af\u6e2f (Port de Larros) \u4e00\u76f4\u662f\u4e00\u4e2a\u5145\u6ee1\u5386\u53f2\u548c\u6fc0\u60c5\u7684\u5730\u65b9\uff0c\u8fd9\u91cc\u7684\u591c\u665a\u63d0\u4f9b\u97f3\u4e50\u3001\u620f\u5267\u3001\u821e\u8e48\u3001\u9732\u5929\u7535\u5f71\u548c\u5f53\u4ee3\u9a6c\u620f\u8868\u6f14\u3002\u8fd9\u4e9b\u4f1a\u8bae\u5728\u4e03\u6708\u548c\u516b\u6708\u7684\u6bcf\u5468\u56db\u665a\u4e0a\u4e3e\u884c\u3002<br><strong>\u66f4\u591a\u4fe1\u606f\uff1a <a href=\"https:\/\/www.gujanmestras.com\/\" target=\"_blank\" rel=\"noopener\">https:\/\/www.gujanmestras.com\/<\/a><\/strong><\/p>\n\n\n\n<h2 class=\"wp-block-heading\"><strong>8 \u6708 14 \u65e5\u81f3 17 \u65e5\uff1a\u6d77\u6d0b\u8282 \u2013 L\u00e8ge-Cap Ferret<\/strong><\/h2>\n\n\n\n<p>8\u670814\u65e5\u81f317\u65e5\uff0c\u5361\u519c\u6751\u5c06\u70ed\u95f9\u975e\u51e1\uff0c\u4e3a\u671f\u56db\u5929\u7684\u5e86\u795d\u6d3b\u52a8\u5c06\u4e3a\u6bcf\u4e2a\u4eba\u5e26\u6765\u7cbe\u5f69\u7eb7\u5448\u7684\u97f3\u4e50\u3001\u6b22\u4e50\u548c\u5a31\u4e50\uff01\u97f3\u4e50\u4f1a\u3001DJ\u8868\u6f14\u3001\u6e38\u4e50\u573a\u3001\u7f8e\u98df\u4ee5\u53ca\u73ed\u8fbe\u6c1b\u56f4\uff0c\u4e00\u5207\u90fd\u51c6\u5907\u5c31\u7eea\uff0c\u5b9a\u4f1a\u8ba9\u60a8\u7684\u590f\u591c\u6447\u6eda\u8d77\u6765\u3002<br><strong>\u66f4\u591a\u4fe1\u606f\uff1a <a href=\"https:\/\/www.ville-lege-capferret.fr\/agenda\/fete-de-la-mer\/\" target=\"_blank\" rel=\"noopener\">https:\/\/www.ville-lege-capferret.fr\/agenda\/fete-de-la-mer\/<\/a><\/strong><\/p>\n\n\n\n<h2 class=\"wp-block-heading\"><strong>Du 14 au 16 ao\u00fbt : Sardinades &#8211; Andernos<\/strong><\/h2>\n\n\n\n<p>\u5728 Port du B\u00e9tey \u8f7b\u677e\u53cb\u597d\u7684\u6c1b\u56f4\u4e2d\u54c1\u5c1d\u6c99\u4e01\u9c7c\u5e76\u6b23\u8d4f\u97f3\u4e50\u5a31\u4e50\uff01<br>\u4e09\u5929\u5185\u53ef\u54c1\u5c1d\uff1a\u6c99\u4e01\u9c7c\u3001\u867e\u3001\u9c7f\u9c7c\u997c\u3001\u9999\u80a0\u3001\u714e\u997c\u548c\u51b0\u6dc7\u6dcb\u3002<br>\u4e2d\u5348 12 \u70b9\u81f3\u4e0b\u5348 2 \u70b9 30 \u5206\u6709 Tontons Swingers \u7684\u97f3\u4e50\u5a31\u4e50\uff0c\u665a\u4e0a 7 \u70b9 30 \u5206\u81f3\u51cc\u6668 12 \u70b9 30 \u5206\u6709\u65f6\u5c1a\u97f3\u4e50\u8868\u6f14\u3002<br><strong>\u66f4\u591a\u4fe1\u606f\uff1a <a href=\"https:\/\/www.andernos-tourisme.fr\/fiche-sit\/fmaaqu033v50qlf6\/\" target=\"_blank\" rel=\"noopener\">https:\/\/www.andernos-tourisme.fr\/fiche-sit\/fmaaqu033v50qlf6\/<\/a><\/strong><\/p>\n\n\n\n<h2 class=\"wp-block-heading\"><strong>Du 21 au 22 ao\u00fbt : Festival Be(e) Holiday &#8211; Mios<\/strong><\/h2>\n\n\n\n<p>Mios \u7235\u58eb\u4e50\u8282\u706b\u70ed\u6765\u88ad\uff01\u7b2c\u56db\u5c4a\u97f3\u4e50\u8282\u7115\u7136\u4e00\u65b0\uff0c\u79fb\u5e08\u5168\u65b0\u54c8\u96f7\uff0c\u4e3a\u60a8\u5e26\u6765\u4e24\u665a\u97f3\u4e50\u4f1a\u3001\u4e00\u573a\u6447\u6446\u821e\u4f1a\u3001MT Danses \u821e\u8e48\u5165\u95e8\uff0c\u4ee5\u53ca\u4e00\u573a\u7531\u6cd5\u56fd\u7235\u58eb\u4e50\u754c\u91cd\u8981\u4eba\u7269\u2014\u2014\u8d5e\u52a9\u4eba Serge Balsamo \u4e3b\u6301\u7684\u7cbe\u5f69\u7814\u8ba8\u4f1a\u3002\u4eca\u5e74\uff0c\u8fd9\u5ea7\u57ce\u5e02\u8363\u5e78\u5730\u8fce\u6765\u4ed6\uff0c\u4ee5\u53ca\u4f17\u591a\u624d\u534e\u6a2a\u6ea2\u7684\u97f3\u4e50\u5bb6\u540c\u53f0\u6f14\u51fa\u3002<br><strong>\u66f4\u591a\u4fe1\u606f\uff1a <a href=\"https:\/\/tvba.fr\/actu-mios-beeholiday-jazz-2025\/\" target=\"_blank\" rel=\"noopener\">https:\/\/tvba.fr\/actu-mios-beeholiday-jazz-2025\/<\/a><\/strong><\/p>\n\n\n\n<figure class=\"wp-block-embed is-type-video is-provider-youtube wp-block-embed-youtube wp-embed-aspect-16-9 wp-has-aspect-ratio\"><div class=\"wp-block-embed__wrapper\">\n<iframe loading=\"lazy\" title=\"\u65cb\u8f6c\u7403\uff1a\u7c73\u5965\u65af (Mios) \u4e2d\u9996\u521b\u7684\u8282\u594f\" width=\"500\" height=\"281\" src=\"https:\/\/www.youtube.com\/embed\/A9kTurvoQU4?feature=oembed\" frameborder=\"0\" allow=\"accelerometer; autoplay; clipboard-write; encrypted-media; gyroscope; picture-in-picture; web-share\" referrerpolicy=\"strict-origin-when-cross-origin\" allowfullscreen><\/iframe>\n<\/div><\/figure>\n\n\n\n<h2 class=\"wp-block-heading\"><strong>Du 21 au 23 ao\u00fbt : F\u00eates de l&rsquo;\u00e9t\u00e9 &#8211; Marcheprime<\/strong><\/h2>\n\n\n\n<p>\u00c9v\u00e8nement immanquable de la ville de Macheprime. Venez cl\u00f4turer votre \u00e9t\u00e9 avec bonheur et convivialit\u00e9 le dernier week-end d&rsquo;ao\u00fbt de chaque ann\u00e9e.<br><strong>\u66f4\u591a\u4fe1\u606f\uff1a<\/strong> <strong><a href=\"https:\/\/www.marcheprime-evenements.fr\/\" target=\"_blank\" rel=\"noopener\">https:\/\/www.marcheprime-evenements.fr\/<\/a><\/strong><\/p>\n\n\n\n<h2 class=\"wp-block-heading\"><strong>22 ao\u00fbt : Sardinade &#8211; Gujan-Mestras<\/strong><\/h2>\n\n\n\n<h2 class=\"wp-block-heading\"><strong>8\u670822\u65e5\u81f324\u65e5\uff1a\u8349\u8282\u2014\u2014L\u00e8ge-Cap Ferret<\/strong><\/h2>\n\n\n\n<p>\u8349\u5730\u6751 (Village de l&#039;Herbe) \u5145\u6ee1\u590f\u65e5\u6c1b\u56f4\uff0c\u662f\u60a8\u4e0e\u5bb6\u4eba\u6216\u670b\u53cb\u5171\u5ea6\u6b22\u4e50\u800c\u53d7\u6b22\u8fce\u7684\u5468\u672b\u7684\u597d\u53bb\u5904\uff01<br><strong>\u66f4\u591a\u4fe1\u606f\uff1a <a href=\"https:\/\/www.lege-capferret.com\/tempsfort\/fete-de-lherbe\/\" target=\"_blank\" rel=\"noopener\">https:\/\/www.lege-capferret.com\/tempsfort\/fete-de-lherbe\/<\/a><\/strong><\/p>\n<\/div><\/div>","protected":false},"excerpt":{"rendered":"<p>Ne manquez pas les \u00e9v\u00e9nements incontournables de l&rsquo;\u00e9t\u00e9sur le Bassin : JUIN : Les 12 et 13 juin : Fetarade &#8211; Gujan-Mestras Un pour un week-end rempli de musique, de [&hellip;]<\/p>\n","protected":false},"author":25,"featured_media":58691,"comment_status":"closed","ping_status":"open","sticky":false,"template":"","format":"standard","meta":{"_acf_changed":false,"_uag_custom_page_level_css":"","footnotes":""},"categories":[2133],"tags":[],"class_list":["post-58681","post","type-post","status-publish","format-standard","has-post-thumbnail","hentry","category-culture"],"acf":[],"uagb_featured_image_src":{"full":["https:\/\/bassin-arcachon.com\/wp-content\/uploads\/2024\/05\/Design-sans-titre-2024-05-30T142353.627.png",700,355,false],"thumbnail":["https:\/\/bassin-arcachon.com\/wp-content\/uploads\/2024\/05\/Design-sans-titre-2024-05-30T142353.627-150x150.png",150,150,true],"medium":["https:\/\/bassin-arcachon.com\/wp-content\/uploads\/2024\/05\/Design-sans-titre-2024-05-30T142353.627-600x304.png",600,304,true],"medium_large":["https:\/\/bassin-arcachon.com\/wp-content\/uploads\/2024\/05\/Design-sans-titre-2024-05-30T142353.627.png",700,355,false],"large":["https:\/\/bassin-arcachon.com\/wp-content\/uploads\/2024\/05\/Design-sans-titre-2024-05-30T142353.627.png",700,355,false],"1536x1536":["https:\/\/bassin-arcachon.com\/wp-content\/uploads\/2024\/05\/Design-sans-titre-2024-05-30T142353.627.png",700,355,false],"2048x2048":["https:\/\/bassin-arcachon.com\/wp-content\/uploads\/2024\/05\/Design-sans-titre-2024-05-30T142353.627.png",700,355,false],"trp-custom-language-flag":["https:\/\/bassin-arcachon.com\/wp-content\/uploads\/2024\/05\/Design-sans-titre-2024-05-30T142353.627-18x9.png",18,9,true]},"uagb_author_info":{"display_name":"Marie Clauzel","author_link":"https:\/\/bassin-arcachon.com\/zh\/author\/mariesiba\/"},"uagb_comment_info":0,"uagb_excerpt":"Ne manquez pas les \u00e9v\u00e9nements incontournables de l&rsquo;\u00e9t\u00e9sur le Bassin : JUIN : Les 12 et 13 juin : Fetarade &#8211; Gujan-Mestras Un pour un week-end rempli de musique, de [&hellip;]","_links":{"self":[{"href":"https:\/\/bassin-arcachon.com\/zh\/wp-json\/wp\/v2\/posts\/58681","targetHints":{"allow":["GET"]}}],"collection":[{"href":"https:\/\/bassin-arcachon.com\/zh\/wp-json\/wp\/v2\/posts"}],"about":[{"href":"https:\/\/bassin-arcachon.com\/zh\/wp-json\/wp\/v2\/types\/post"}],"author":[{"embeddable":true,"href":"https:\/\/bassin-arcachon.com\/zh\/wp-json\/wp\/v2\/users\/25"}],"replies":[{"embeddable":true,"href":"https:\/\/bassin-arcachon.com\/zh\/wp-json\/wp\/v2\/comments?post=58681"}],"version-history":[{"count":91,"href":"https:\/\/bassin-arcachon.com\/zh\/wp-json\/wp\/v2\/posts\/58681\/revisions"}],"predecessor-version":[{"id":249302,"href":"https:\/\/bassin-arcachon.com\/zh\/wp-json\/wp\/v2\/posts\/58681\/revisions\/249302"}],"wp:featuredmedia":[{"embeddable":true,"href":"https:\/\/bassin-arcachon.com\/zh\/wp-json\/wp\/v2\/media\/58691"}],"wp:attachment":[{"href":"https:\/\/bassin-arcachon.com\/zh\/wp-json\/wp\/v2\/media?parent=58681"}],"wp:term":[{"taxonomy":"category","embeddable":true,"href":"https:\/\/bassin-arcachon.com\/zh\/wp-json\/wp\/v2\/categories?post=58681"},{"taxonomy":"post_tag","embeddable":true,"href":"https:\/\/bassin-arcachon.com\/zh\/wp-json\/wp\/v2\/tags?post=58681"}],"curies":[{"name":"\u53ef\u6e7f\u6027\u7c89\u5242","href":"https:\/\/api.w.org\/{rel}","templated":true}]}}